{"id":17183,"date":"2024-11-29T11:16:47","date_gmt":"2024-11-29T11:16:47","guid":{"rendered":"https:\/\/www.latribunedufaso.net\/?p=17183"},"modified":"2024-11-30T18:03:41","modified_gmt":"2024-11-30T18:03:41","slug":"burkina-vers-une-collecte-darchives-et-dartefacts-de-la-revolution-daout-1983","status":"publish","type":"post","link":"https:\/\/www.latribunedufaso.net\/?p=17183","title":{"rendered":"Pr\u00e9servation de l&rsquo;histoire : Lancement d&rsquo;une op\u00e9ration de collecte d\u2019archives et d\u2019artefacts de la r\u00e9volution d\u2019ao\u00fbt 1983 et du Pr\u00e9sident Thomas Sankara\u00a0"},"content":{"rendered":"<p><strong style=\"font-size: 1.0625rem;\"><span style=\"font-size: 1.0625rem;\">Le Burkina Faso envisage rassembler les archives et t\u00e9moignages de la r\u00e9volution d\u2019ao\u00fbt 1983 pour les pr\u00e9server et en faire un patrimoine commun accessible \u00e0 tous. C\u2019est ce qu\u2019a annonc\u00e9 le coordonnateur du projet de construction des infrastructures du m\u00e9morial Thomas Sankara, Etienne Lompo, en conf\u00e9rence de presse, ce 28 novembre 2024 \u00e0 Ouagadougou.<\/span><\/strong><\/p>\n<p><!--more--><\/p>\n<p>Le Projet de construction des infrastructures du m\u00e9morial, Isidore No\u00ebl Thomas Sankara (PCIM-INTS) en collaboration avec le Comit\u00e9 international du M\u00e9morial Thomas Sankara (CIMTS) a organis\u00e9 une conf\u00e9rence de presse dans l\u2019apr\u00e8s-midi du 28 novembre 2024. Objectif, annoncer des campagnes de collecte d\u2019archives et d\u2019art\u00e9facts li\u00e9s \u00e0 la r\u00e9volution d\u2019ao\u00fbt 1983.\u00a0<\/p>\n<p>Selon le coordonnateur du projet de construction des infrastructures du m\u00e9morial Thomas Sankara, Etienne Lompo, la premi\u00e8re campagne se d\u00e9roulera du 1er au 31 d\u00e9cembre 2024 \u00e0 l\u2019\u00e9chelle nationale et internationale. Au cours de cette campagne, il est attendu tous ceux qui ont \u00e0 leur possession des documents, des objets de t\u00e9moignages, des articles de presse, des rapports, des discours, des images et autres souvenirs qui font \u00e9cho \u00e0 l\u2019esprit de cette r\u00e9volution et qui sont imm\u00e9diatement disponibles.<\/p>\n<figure id=\"attachment_17185\" aria-describedby=\"caption-attachment-17185\" style=\"width: 1020px\" class=\"wp-caption aligncenter\"><a href=\"https:\/\/www.latribunedufaso.net\/wp-content\/uploads\/2024\/11\/IMG-20241129-WA0031.jpg\"><img loading=\"lazy\" decoding=\"async\" class=\"size-full wp-image-17185\" src=\"https:\/\/www.latribunedufaso.net\/wp-content\/uploads\/2024\/11\/IMG-20241129-WA0031.jpg\" alt=\"Le coordonnateur du projet de construction des infrastructures du m\u00e9morial Thomas Sankara, Etienne Lompo lors de la conf\u00e9rence de presse de lancement d'une campagne de collecte d'archives et d'artefacts du pr\u00e9sident Thomas Sankara, 28 novembre 2024\" width=\"1020\" height=\"768\" srcset=\"https:\/\/www.latribunedufaso.net\/wp-content\/uploads\/2024\/11\/IMG-20241129-WA0031.jpg 1020w, https:\/\/www.latribunedufaso.net\/wp-content\/uploads\/2024\/11\/IMG-20241129-WA0031-300x226.jpg 300w, https:\/\/www.latribunedufaso.net\/wp-content\/uploads\/2024\/11\/IMG-20241129-WA0031-768x578.jpg 768w\" sizes=\"auto, (max-width: 1020px) 100vw, 1020px\" \/><\/a><figcaption id=\"caption-attachment-17185\" class=\"wp-caption-text\">Le coordonnateur du projet de construction des infrastructures du m\u00e9morial Thomas Sankara, Etienne Lompo &#8211; Ph. A. Kiendrebeogo<\/figcaption><\/figure>\n<p>A l\u2019entendre, ces campagnes visent plusieurs objectifs dont la pr\u00e9servation de l&rsquo;histoire. <em><strong>\u00ab Nous voulons rassembler les archives et les art\u00e9facts pour alimenter les services d\u2019archives, les biblioth\u00e8ques et particuli\u00e8rement la maison des m\u00e9moires et la Biblioth\u00e8que num\u00e9rique qui font partie des infrastructures \u00e0 r\u00e9aliser dans le projet de construction du m\u00e9morial \u00bb,<\/strong><\/em> a-t-il indiqu\u00e9.<\/p>\n<figure id=\"attachment_17187\" aria-describedby=\"caption-attachment-17187\" style=\"width: 2560px\" class=\"wp-caption aligncenter\"><a href=\"https:\/\/www.latribunedufaso.net\/wp-content\/uploads\/2024\/11\/IMG-20241129-WA0030.jpg\"><img loading=\"lazy\" decoding=\"async\" class=\"size-full wp-image-17187\" src=\"https:\/\/www.latribunedufaso.net\/wp-content\/uploads\/2024\/11\/IMG-20241129-WA0030.jpg\" alt=\"Le Secr\u00e9taire g\u00e9n\u00e9ral du Comit\u00e9 international du m\u00e9morial Thomas Sankara (CIMTS), Luc Damiba lors de la conf\u00e9rence de presse de lancement d'une campagne de collecte d'archives et d'artefacts du pr\u00e9sident Thomas Sankara, 28 novembre 2024\" width=\"2560\" height=\"2388\" srcset=\"https:\/\/www.latribunedufaso.net\/wp-content\/uploads\/2024\/11\/IMG-20241129-WA0030.jpg 2560w, https:\/\/www.latribunedufaso.net\/wp-content\/uploads\/2024\/11\/IMG-20241129-WA0030-300x280.jpg 300w, https:\/\/www.latribunedufaso.net\/wp-content\/uploads\/2024\/11\/IMG-20241129-WA0030-1024x955.jpg 1024w, https:\/\/www.latribunedufaso.net\/wp-content\/uploads\/2024\/11\/IMG-20241129-WA0030-768x716.jpg 768w, https:\/\/www.latribunedufaso.net\/wp-content\/uploads\/2024\/11\/IMG-20241129-WA0030-1536x1433.jpg 1536w, https:\/\/www.latribunedufaso.net\/wp-content\/uploads\/2024\/11\/IMG-20241129-WA0030-2048x1910.jpg 2048w\" sizes=\"auto, (max-width: 2560px) 100vw, 2560px\" \/><\/a><figcaption id=\"caption-attachment-17187\" class=\"wp-caption-text\">La bague d\u2019alliance, la guitare et le pistolet du Capitaine Thomas Sankara sont parmi les objets recherch\u00e9s, a indiqu\u00e9 le Secr\u00e9taire g\u00e9n\u00e9ral du Comit\u00e9 international du m\u00e9morial Thomas Sankara ( CIMTS), Luc Damiba &#8211; Ph. A. Kiendrebeogo<\/figcaption><\/figure>\n<p>A travers la reconstitution de ces archives, il s\u2019agit aussi d\u2019\u00e9duquer les g\u00e9n\u00e9rations futures sur les luttes et sacrifices qui ont fa\u00e7onn\u00e9 le Burkina Faso. Par ailleurs, Il s\u2019agit de promouvoir le dialogue social. <em><strong>\u00ab La r\u00e9volution a \u00e9t\u00e9 une p\u00e9riode d\u2019innovation, mais aussi de conflits. En invitant chacun \u00e0 partager ses souvenirs et ses exp\u00e9riences, nous souhaitons favoriser un dialogue inclusif autour de notre coh\u00e9sion sociale \u00bb<\/strong><\/em>, a martel\u00e9 Etienne Lompo.<\/p>\n<blockquote>\n<p>Lire aussi &gt;&gt; <a href=\"https:\/\/www.latribunedufaso.net\/?p=16347\">Bobo-Dioulasso : Le carrefour de l\u2019a\u00e9roport rebaptis\u00e9 \u00ab carrefour Thomas Sankara \u00bb<\/a><\/p>\n<\/blockquote>\n<p><iframe loading=\"lazy\" width=\"560\" height=\"315\" src=\"https:\/\/www.youtube.com\/embed\/mSenLIoeKaE?si=Rz2SiwQCAIRDRluJ\" title=\"YouTube video player\" frameborder=\"0\" allow=\"accelerometer; autoplay; clipboard-write; encrypted-media; gyroscope; picture-in-picture; web-share\" referrerpolicy=\"strict-origin-when-cross-origin\" allowfullscreen><\/iframe><\/p>\n<p>La bague d\u2019alliance, la guitare et le pistolet du Capitaine Thomas Sankara sont parmi les objets recherch\u00e9s, a indiqu\u00e9 le Secr\u00e9taire g\u00e9n\u00e9ral du Comit\u00e9 international du m\u00e9morial Thomas Sankara (CIMTS), Luc Damiba<span style=\"font-size: 1.0625rem;\">.\u00a0<\/span><\/p>\n<p><strong>Rosana Astride KIENDREBEOGO\u00a0<\/strong><\/p>\n<p><strong>Latribunedufaso.<span style=\"font-size: 1.0625rem;\">net<\/span><\/strong><\/p>\n","protected":false},"excerpt":{"rendered":"<p>Le Burkina Faso envisage rassembler les archives et t\u00e9moignages de la r\u00e9volution d\u2019ao\u00fbt 1983 pour les pr\u00e9server et en faire un patrimoine commun accessible \u00e0 tous. C\u2019est ce qu\u2019a annonc\u00e9 le coordonnateur du projet de construction des infrastructures du m\u00e9morial Thomas Sankara, Etienne Lompo, en conf\u00e9rence de presse, ce 28 novembre 2024 \u00e0 Ouagadougou.<\/p>\n","protected":false},"author":5,"featured_media":17184,"comment_status":"open","ping_status":"open","sticky":false,"template":"","format":"standard","meta":{"footnotes":""},"categories":[13,1,8],"tags":[507,39,506],"class_list":["post-17183","post","type-post","status-publish","format-standard","has-post-thumbnail","hentry","category-une","category-actu","category-societe","tag-collecte-darchives-et-dartefacts-lies-a-la-revolution-daout-1983","tag-latribunedufaso-net","tag-memorial-thomas-sankara"],"yoast_head":"<!-- This site is optimized with the Yoast SEO plugin v27.4 - https:\/\/yoast.com\/product\/yoast-seo-wordpress\/ -->\n<title>Pr\u00e9servation de l&#039;histoire : Lancement d&#039;une op\u00e9ration de collecte d\u2019archives et d\u2019artefacts de la r\u00e9volution d\u2019ao\u00fbt 1983 et du Pr\u00e9sident Thomas Sankara\u00a0 - La Tribune du Faso<\/title>\n<meta name=\"robots\" content=\"index, follow, max-snippet:-1, max-image-preview:large, max-video-preview:-1\" \/>\n<link rel=\"canonical\" href=\"https:\/\/www.latribunedufaso.net\/?p=17183\" \/>\n<meta property=\"og:locale\" content=\"fr_FR\" \/>\n<meta property=\"og:type\" content=\"article\" \/>\n<meta property=\"og:title\" content=\"Pr\u00e9servation de l&#039;histoire : Lancement d&#039;une op\u00e9ration de collecte d\u2019archives et d\u2019artefacts de la r\u00e9volution d\u2019ao\u00fbt 1983 et du Pr\u00e9sident Thomas Sankara\u00a0 - La Tribune du Faso\" \/>\n<meta property=\"og:description\" content=\"Le Burkina Faso envisage rassembler les archives et t\u00e9moignages de la r\u00e9volution d\u2019ao\u00fbt 1983 pour les pr\u00e9server et en faire un patrimoine commun accessible \u00e0 tous. C\u2019est ce qu\u2019a annonc\u00e9 le coordonnateur du projet de construction des infrastructures du m\u00e9morial Thomas Sankara, Etienne Lompo, en conf\u00e9rence de presse, ce 28 novembre 2024 \u00e0 Ouagadougou.\" \/>\n<meta property=\"og:url\" content=\"https:\/\/www.latribunedufaso.net\/?p=17183\" \/>\n<meta property=\"og:site_name\" content=\"La Tribune du Faso\" \/>\n<meta property=\"article:publisher\" content=\"https:\/\/www.facebook.com\/LatribuneduFaso\/\" \/>\n<meta property=\"article:published_time\" content=\"2024-11-29T11:16:47+00:00\" \/>\n<meta property=\"article:modified_time\" content=\"2024-11-30T18:03:41+00:00\" \/>\n<meta property=\"og:image\" content=\"https:\/\/www.latribunedufaso.net\/wp-content\/uploads\/2024\/11\/IMG-20241129-WA0033.jpg\" \/>\n\t<meta property=\"og:image:width\" content=\"2560\" \/>\n\t<meta property=\"og:image:height\" content=\"1927\" \/>\n\t<meta property=\"og:image:type\" content=\"image\/jpeg\" \/>\n<meta name=\"author\" content=\"Issouf Tapsoba\" \/>\n<meta name=\"twitter:label1\" content=\"\u00c9crit par\" \/>\n\t<meta name=\"twitter:data1\" content=\"Issouf Tapsoba\" \/>\n\t<meta name=\"twitter:label2\" content=\"Dur\u00e9e de lecture estim\u00e9e\" \/>\n\t<meta name=\"twitter:data2\" content=\"2 minutes\" \/>\n<script type=\"application\/ld+json\" class=\"yoast-schema-graph\">{\"@context\":\"https:\\\/\\\/schema.org\",\"@graph\":[{\"@type\":\"Article\",\"@id\":\"https:\\\/\\\/www.latribunedufaso.net\\\/?p=17183#article\",\"isPartOf\":{\"@id\":\"https:\\\/\\\/www.latribunedufaso.net\\\/?p=17183\"},\"author\":{\"name\":\"Issouf Tapsoba\",\"@id\":\"https:\\\/\\\/www.latribunedufaso.net\\\/#\\\/schema\\\/person\\\/e54e64c5778a7e72cf80a318b7a622b0\"},\"headline\":\"Pr\u00e9servation de l&rsquo;histoire : Lancement d&rsquo;une op\u00e9ration de collecte d\u2019archives et d\u2019artefacts de la r\u00e9volution d\u2019ao\u00fbt 1983 et du Pr\u00e9sident Thomas Sankara\u00a0\",\"datePublished\":\"2024-11-29T11:16:47+00:00\",\"dateModified\":\"2024-11-30T18:03:41+00:00\",\"mainEntityOfPage\":{\"@id\":\"https:\\\/\\\/www.latribunedufaso.net\\\/?p=17183\"},\"wordCount\":507,\"commentCount\":0,\"publisher\":{\"@id\":\"https:\\\/\\\/www.latribunedufaso.net\\\/#organization\"},\"image\":{\"@id\":\"https:\\\/\\\/www.latribunedufaso.net\\\/?p=17183#primaryimage\"},\"thumbnailUrl\":\"https:\\\/\\\/www.latribunedufaso.net\\\/wp-content\\\/uploads\\\/2024\\\/11\\\/IMG-20241129-WA0033.jpg\",\"keywords\":[\"Collecte d\u2019archives et d\u2019art\u00e9facts li\u00e9s \u00e0 la r\u00e9volution d\u2019ao\u00fbt 1983\",\"latribunedufaso.net\",\"M\u00e9morial Thomas Sankara\"],\"articleSection\":[\"A la une\",\"Actualit\u00e9\",\"Soci\u00e9t\u00e9\"],\"inLanguage\":\"fr-FR\",\"potentialAction\":[{\"@type\":\"CommentAction\",\"name\":\"Comment\",\"target\":[\"https:\\\/\\\/www.latribunedufaso.net\\\/?p=17183#respond\"]}]},{\"@type\":\"WebPage\",\"@id\":\"https:\\\/\\\/www.latribunedufaso.net\\\/?p=17183\",\"url\":\"https:\\\/\\\/www.latribunedufaso.net\\\/?p=17183\",\"name\":\"Pr\u00e9servation de l'histoire : Lancement d'une op\u00e9ration de collecte d\u2019archives et d\u2019artefacts de la r\u00e9volution d\u2019ao\u00fbt 1983 et du Pr\u00e9sident Thomas Sankara\u00a0 - La Tribune du Faso\",\"isPartOf\":{\"@id\":\"https:\\\/\\\/www.latribunedufaso.net\\\/#website\"},\"primaryImageOfPage\":{\"@id\":\"https:\\\/\\\/www.latribunedufaso.net\\\/?p=17183#primaryimage\"},\"image\":{\"@id\":\"https:\\\/\\\/www.latribunedufaso.net\\\/?p=17183#primaryimage\"},\"thumbnailUrl\":\"https:\\\/\\\/www.latribunedufaso.net\\\/wp-content\\\/uploads\\\/2024\\\/11\\\/IMG-20241129-WA0033.jpg\",\"datePublished\":\"2024-11-29T11:16:47+00:00\",\"dateModified\":\"2024-11-30T18:03:41+00:00\",\"breadcrumb\":{\"@id\":\"https:\\\/\\\/www.latribunedufaso.net\\\/?p=17183#breadcrumb\"},\"inLanguage\":\"fr-FR\",\"potentialAction\":[{\"@type\":\"ReadAction\",\"target\":[\"https:\\\/\\\/www.latribunedufaso.net\\\/?p=17183\"]}]},{\"@type\":\"ImageObject\",\"inLanguage\":\"fr-FR\",\"@id\":\"https:\\\/\\\/www.latribunedufaso.net\\\/?p=17183#primaryimage\",\"url\":\"https:\\\/\\\/www.latribunedufaso.net\\\/wp-content\\\/uploads\\\/2024\\\/11\\\/IMG-20241129-WA0033.jpg\",\"contentUrl\":\"https:\\\/\\\/www.latribunedufaso.net\\\/wp-content\\\/uploads\\\/2024\\\/11\\\/IMG-20241129-WA0033.jpg\",\"width\":2560,\"height\":1927,\"caption\":\"La conf\u00e9rence de presse de lancement d'une campagne de collecte d'archives et d'artefacts du pr\u00e9sident Thomas Sankara, 28 novembre 2024\"},{\"@type\":\"BreadcrumbList\",\"@id\":\"https:\\\/\\\/www.latribunedufaso.net\\\/?p=17183#breadcrumb\",\"itemListElement\":[{\"@type\":\"ListItem\",\"position\":1,\"name\":\"Accueil\",\"item\":\"https:\\\/\\\/www.latribunedufaso.net\\\/\"},{\"@type\":\"ListItem\",\"position\":2,\"name\":\"Pr\u00e9servation de l&rsquo;histoire : Lancement d&rsquo;une op\u00e9ration de collecte d\u2019archives et d\u2019artefacts de la r\u00e9volution d\u2019ao\u00fbt 1983 et du Pr\u00e9sident Thomas Sankara\u00a0\"}]},{\"@type\":\"WebSite\",\"@id\":\"https:\\\/\\\/www.latribunedufaso.net\\\/#website\",\"url\":\"https:\\\/\\\/www.latribunedufaso.net\\\/\",\"name\":\"La Tribune du Faso\",\"description\":\"L&#039;information du monde rural en un clic\",\"publisher\":{\"@id\":\"https:\\\/\\\/www.latribunedufaso.net\\\/#organization\"},\"potentialAction\":[{\"@type\":\"SearchAction\",\"target\":{\"@type\":\"EntryPoint\",\"urlTemplate\":\"https:\\\/\\\/www.latribunedufaso.net\\\/?s={search_term_string}\"},\"query-input\":{\"@type\":\"PropertyValueSpecification\",\"valueRequired\":true,\"valueName\":\"search_term_string\"}}],\"inLanguage\":\"fr-FR\"},{\"@type\":\"Organization\",\"@id\":\"https:\\\/\\\/www.latribunedufaso.net\\\/#organization\",\"name\":\"La Tribune du Faso\",\"url\":\"https:\\\/\\\/www.latribunedufaso.net\\\/\",\"logo\":{\"@type\":\"ImageObject\",\"inLanguage\":\"fr-FR\",\"@id\":\"https:\\\/\\\/www.latribunedufaso.net\\\/#\\\/schema\\\/logo\\\/image\\\/\",\"url\":\"https:\\\/\\\/www.latribunedufaso.net\\\/wp-content\\\/uploads\\\/2020\\\/08\\\/Logo-Tribune-du-Faso-final-scaled.jpg\",\"contentUrl\":\"https:\\\/\\\/www.latribunedufaso.net\\\/wp-content\\\/uploads\\\/2020\\\/08\\\/Logo-Tribune-du-Faso-final-scaled.jpg\",\"width\":2560,\"height\":1856,\"caption\":\"La Tribune du Faso\"},\"image\":{\"@id\":\"https:\\\/\\\/www.latribunedufaso.net\\\/#\\\/schema\\\/logo\\\/image\\\/\"},\"sameAs\":[\"https:\\\/\\\/www.facebook.com\\\/LatribuneduFaso\\\/\"]},{\"@type\":\"Person\",\"@id\":\"https:\\\/\\\/www.latribunedufaso.net\\\/#\\\/schema\\\/person\\\/e54e64c5778a7e72cf80a318b7a622b0\",\"name\":\"Issouf Tapsoba\",\"image\":{\"@type\":\"ImageObject\",\"inLanguage\":\"fr-FR\",\"@id\":\"https:\\\/\\\/secure.gravatar.com\\\/avatar\\\/5e6c05150ce3230247d167f5b94d678eb05936197436d69b7921e3a95c9107ac?s=96&d=mm&r=g\",\"url\":\"https:\\\/\\\/secure.gravatar.com\\\/avatar\\\/5e6c05150ce3230247d167f5b94d678eb05936197436d69b7921e3a95c9107ac?s=96&d=mm&r=g\",\"contentUrl\":\"https:\\\/\\\/secure.gravatar.com\\\/avatar\\\/5e6c05150ce3230247d167f5b94d678eb05936197436d69b7921e3a95c9107ac?s=96&d=mm&r=g\",\"caption\":\"Issouf Tapsoba\"},\"url\":\"https:\\\/\\\/www.latribunedufaso.net\\\/?author=5\"}]}<\/script>\n<!-- \/ Yoast SEO plugin. -->","yoast_head_json":{"title":"Pr\u00e9servation de l'histoire : Lancement d'une op\u00e9ration de collecte d\u2019archives et d\u2019artefacts de la r\u00e9volution d\u2019ao\u00fbt 1983 et du Pr\u00e9sident Thomas Sankara\u00a0 - La Tribune du Faso","robots":{"index":"index","follow":"follow","max-snippet":"max-snippet:-1","max-image-preview":"max-image-preview:large","max-video-preview":"max-video-preview:-1"},"canonical":"https:\/\/www.latribunedufaso.net\/?p=17183","og_locale":"fr_FR","og_type":"article","og_title":"Pr\u00e9servation de l'histoire : Lancement d'une op\u00e9ration de collecte d\u2019archives et d\u2019artefacts de la r\u00e9volution d\u2019ao\u00fbt 1983 et du Pr\u00e9sident Thomas Sankara\u00a0 - La Tribune du Faso","og_description":"Le Burkina Faso envisage rassembler les archives et t\u00e9moignages de la r\u00e9volution d\u2019ao\u00fbt 1983 pour les pr\u00e9server et en faire un patrimoine commun accessible \u00e0 tous. C\u2019est ce qu\u2019a annonc\u00e9 le coordonnateur du projet de construction des infrastructures du m\u00e9morial Thomas Sankara, Etienne Lompo, en conf\u00e9rence de presse, ce 28 novembre 2024 \u00e0 Ouagadougou.","og_url":"https:\/\/www.latribunedufaso.net\/?p=17183","og_site_name":"La Tribune du Faso","article_publisher":"https:\/\/www.facebook.com\/LatribuneduFaso\/","article_published_time":"2024-11-29T11:16:47+00:00","article_modified_time":"2024-11-30T18:03:41+00:00","og_image":[{"width":2560,"height":1927,"url":"https:\/\/www.latribunedufaso.net\/wp-content\/uploads\/2024\/11\/IMG-20241129-WA0033.jpg","type":"image\/jpeg"}],"author":"Issouf Tapsoba","twitter_misc":{"\u00c9crit par":"Issouf Tapsoba","Dur\u00e9e de lecture estim\u00e9e":"2 minutes"},"schema":{"@context":"https:\/\/schema.org","@graph":[{"@type":"Article","@id":"https:\/\/www.latribunedufaso.net\/?p=17183#article","isPartOf":{"@id":"https:\/\/www.latribunedufaso.net\/?p=17183"},"author":{"name":"Issouf Tapsoba","@id":"https:\/\/www.latribunedufaso.net\/#\/schema\/person\/e54e64c5778a7e72cf80a318b7a622b0"},"headline":"Pr\u00e9servation de l&rsquo;histoire : Lancement d&rsquo;une op\u00e9ration de collecte d\u2019archives et d\u2019artefacts de la r\u00e9volution d\u2019ao\u00fbt 1983 et du Pr\u00e9sident Thomas Sankara\u00a0","datePublished":"2024-11-29T11:16:47+00:00","dateModified":"2024-11-30T18:03:41+00:00","mainEntityOfPage":{"@id":"https:\/\/www.latribunedufaso.net\/?p=17183"},"wordCount":507,"commentCount":0,"publisher":{"@id":"https:\/\/www.latribunedufaso.net\/#organization"},"image":{"@id":"https:\/\/www.latribunedufaso.net\/?p=17183#primaryimage"},"thumbnailUrl":"https:\/\/www.latribunedufaso.net\/wp-content\/uploads\/2024\/11\/IMG-20241129-WA0033.jpg","keywords":["Collecte d\u2019archives et d\u2019art\u00e9facts li\u00e9s \u00e0 la r\u00e9volution d\u2019ao\u00fbt 1983","latribunedufaso.net","M\u00e9morial Thomas Sankara"],"articleSection":["A la une","Actualit\u00e9","Soci\u00e9t\u00e9"],"inLanguage":"fr-FR","potentialAction":[{"@type":"CommentAction","name":"Comment","target":["https:\/\/www.latribunedufaso.net\/?p=17183#respond"]}]},{"@type":"WebPage","@id":"https:\/\/www.latribunedufaso.net\/?p=17183","url":"https:\/\/www.latribunedufaso.net\/?p=17183","name":"Pr\u00e9servation de l'histoire : Lancement d'une op\u00e9ration de collecte d\u2019archives et d\u2019artefacts de la r\u00e9volution d\u2019ao\u00fbt 1983 et du Pr\u00e9sident Thomas Sankara\u00a0 - La Tribune du Faso","isPartOf":{"@id":"https:\/\/www.latribunedufaso.net\/#website"},"primaryImageOfPage":{"@id":"https:\/\/www.latribunedufaso.net\/?p=17183#primaryimage"},"image":{"@id":"https:\/\/www.latribunedufaso.net\/?p=17183#primaryimage"},"thumbnailUrl":"https:\/\/www.latribunedufaso.net\/wp-content\/uploads\/2024\/11\/IMG-20241129-WA0033.jpg","datePublished":"2024-11-29T11:16:47+00:00","dateModified":"2024-11-30T18:03:41+00:00","breadcrumb":{"@id":"https:\/\/www.latribunedufaso.net\/?p=17183#breadcrumb"},"inLanguage":"fr-FR","potentialAction":[{"@type":"ReadAction","target":["https:\/\/www.latribunedufaso.net\/?p=17183"]}]},{"@type":"ImageObject","inLanguage":"fr-FR","@id":"https:\/\/www.latribunedufaso.net\/?p=17183#primaryimage","url":"https:\/\/www.latribunedufaso.net\/wp-content\/uploads\/2024\/11\/IMG-20241129-WA0033.jpg","contentUrl":"https:\/\/www.latribunedufaso.net\/wp-content\/uploads\/2024\/11\/IMG-20241129-WA0033.jpg","width":2560,"height":1927,"caption":"La conf\u00e9rence de presse de lancement d'une campagne de collecte d'archives et d'artefacts du pr\u00e9sident Thomas Sankara, 28 novembre 2024"},{"@type":"BreadcrumbList","@id":"https:\/\/www.latribunedufaso.net\/?p=17183#breadcrumb","itemListElement":[{"@type":"ListItem","position":1,"name":"Accueil","item":"https:\/\/www.latribunedufaso.net\/"},{"@type":"ListItem","position":2,"name":"Pr\u00e9servation de l&rsquo;histoire : Lancement d&rsquo;une op\u00e9ration de collecte d\u2019archives et d\u2019artefacts de la r\u00e9volution d\u2019ao\u00fbt 1983 et du Pr\u00e9sident Thomas Sankara\u00a0"}]},{"@type":"WebSite","@id":"https:\/\/www.latribunedufaso.net\/#website","url":"https:\/\/www.latribunedufaso.net\/","name":"La Tribune du Faso","description":"L&#039;information du monde rural en un clic","publisher":{"@id":"https:\/\/www.latribunedufaso.net\/#organization"},"potentialAction":[{"@type":"SearchAction","target":{"@type":"EntryPoint","urlTemplate":"https:\/\/www.latribunedufaso.net\/?s={search_term_string}"},"query-input":{"@type":"PropertyValueSpecification","valueRequired":true,"valueName":"search_term_string"}}],"inLanguage":"fr-FR"},{"@type":"Organization","@id":"https:\/\/www.latribunedufaso.net\/#organization","name":"La Tribune du Faso","url":"https:\/\/www.latribunedufaso.net\/","logo":{"@type":"ImageObject","inLanguage":"fr-FR","@id":"https:\/\/www.latribunedufaso.net\/#\/schema\/logo\/image\/","url":"https:\/\/www.latribunedufaso.net\/wp-content\/uploads\/2020\/08\/Logo-Tribune-du-Faso-final-scaled.jpg","contentUrl":"https:\/\/www.latribunedufaso.net\/wp-content\/uploads\/2020\/08\/Logo-Tribune-du-Faso-final-scaled.jpg","width":2560,"height":1856,"caption":"La Tribune du Faso"},"image":{"@id":"https:\/\/www.latribunedufaso.net\/#\/schema\/logo\/image\/"},"sameAs":["https:\/\/www.facebook.com\/LatribuneduFaso\/"]},{"@type":"Person","@id":"https:\/\/www.latribunedufaso.net\/#\/schema\/person\/e54e64c5778a7e72cf80a318b7a622b0","name":"Issouf Tapsoba","image":{"@type":"ImageObject","inLanguage":"fr-FR","@id":"https:\/\/secure.gravatar.com\/avatar\/5e6c05150ce3230247d167f5b94d678eb05936197436d69b7921e3a95c9107ac?s=96&d=mm&r=g","url":"https:\/\/secure.gravatar.com\/avatar\/5e6c05150ce3230247d167f5b94d678eb05936197436d69b7921e3a95c9107ac?s=96&d=mm&r=g","contentUrl":"https:\/\/secure.gravatar.com\/avatar\/5e6c05150ce3230247d167f5b94d678eb05936197436d69b7921e3a95c9107ac?s=96&d=mm&r=g","caption":"Issouf Tapsoba"},"url":"https:\/\/www.latribunedufaso.net\/?author=5"}]}},"_links":{"self":[{"href":"https:\/\/www.latribunedufaso.net\/index.php?rest_route=\/wp\/v2\/posts\/17183","targetHints":{"allow":["GET"]}}],"collection":[{"href":"https:\/\/www.latribunedufaso.net\/index.php?rest_route=\/wp\/v2\/posts"}],"about":[{"href":"https:\/\/www.latribunedufaso.net\/index.php?rest_route=\/wp\/v2\/types\/post"}],"author":[{"embeddable":true,"href":"https:\/\/www.latribunedufaso.net\/index.php?rest_route=\/wp\/v2\/users\/5"}],"replies":[{"embeddable":true,"href":"https:\/\/www.latribunedufaso.net\/index.php?rest_route=%2Fwp%2Fv2%2Fcomments&post=17183"}],"version-history":[{"count":5,"href":"https:\/\/www.latribunedufaso.net\/index.php?rest_route=\/wp\/v2\/posts\/17183\/revisions"}],"predecessor-version":[{"id":17251,"href":"https:\/\/www.latribunedufaso.net\/index.php?rest_route=\/wp\/v2\/posts\/17183\/revisions\/17251"}],"wp:featuredmedia":[{"embeddable":true,"href":"https:\/\/www.latribunedufaso.net\/index.php?rest_route=\/wp\/v2\/media\/17184"}],"wp:attachment":[{"href":"https:\/\/www.latribunedufaso.net\/index.php?rest_route=%2Fwp%2Fv2%2Fmedia&parent=17183"}],"wp:term":[{"taxonomy":"category","embeddable":true,"href":"https:\/\/www.latribunedufaso.net\/index.php?rest_route=%2Fwp%2Fv2%2Fcategories&post=17183"},{"taxonomy":"post_tag","embeddable":true,"href":"https:\/\/www.latribunedufaso.net\/index.php?rest_route=%2Fwp%2Fv2%2Ftags&post=17183"}],"curies":[{"name":"wp","href":"https:\/\/api.w.org\/{rel}","templated":true}]}}