{"id":17117,"date":"2024-11-25T16:04:46","date_gmt":"2024-11-25T16:04:46","guid":{"rendered":"https:\/\/www.latribunedufaso.net\/?p=17117"},"modified":"2024-11-25T16:04:46","modified_gmt":"2024-11-25T16:04:46","slug":"iamgold-essakane-sa-la-campagne-un-employe-un-casque-officiellement-lancee","status":"publish","type":"post","link":"https:\/\/www.latribunedufaso.net\/?p=17117","title":{"rendered":"IAMGOLD Essakane SA : La campagne \u00ab un employ\u00e9, un casque \u00bb officiellement lanc\u00e9e\u00a0"},"content":{"rendered":"<p><strong style=\"font-size: 1.0625rem;\"><span style=\"font-size: 1.0625rem;\">La c\u00e9r\u00e9monie de lancement de la campagne sur la promotion du port du casque <\/span><em style=\"font-size: 1.0625rem;\">\u00ab un employ\u00e9, un casque \u00bb<\/em><span style=\"font-size: 1.0625rem;\">, a eu lieu ce 25 novembre 2024 \u00e0 Ouagadougou. Organis\u00e9e par IAMGOLD Essakane SA, cette initiative vise \u00e0 sensibiliser et doter les travailleurs de la mine en casque de protection. La c\u00e9r\u00e9monie \u00e9tait plac\u00e9e <\/span><span style=\"font-size: 1.0625rem;\">sous la pr\u00e9sidence du ministre en charge des Mines, Yacouba Zabr\u00e9 Gouba, repr\u00e9sent\u00e9 par son Directeur de cabinet, Salif Boussim.<\/span><\/strong><\/p>\n<p><!--more--><\/p>\n<p><em><strong>\u00ab Un employ\u00e9, un casque \u00bb<\/strong><\/em>, tel est le th\u00e8me de la pr\u00e9sente c\u00e9r\u00e9monie qui vise \u00e0 soutenir l\u2019Etat Burkinab\u00e8 dans sa d\u00e9marche \u00e0 faire la promotion du port du casque et \u00e0 sensibiliser les participants sur les dangers li\u00e9s au non port du casque.<\/p>\n<p>Le Burkina Faso et sa capitale, Ouagadougou, ont la particularit\u00e9 d\u2019abriter le plus grand parc roulant de motocyclettes d\u2019Afrique, selon le Directeur g\u00e9n\u00e9ral de IAMGOLD Essakane SA, Tidiane Barry. A l&rsquo;\u00e9couter, <span style=\"font-size: 1.0625rem;\">74 % des usagers impliqu\u00e9s dans des accidents sont des conducteurs de deux-roues, majoritairement des jeunes.<\/span><\/p>\n<figure id=\"attachment_17121\" aria-describedby=\"caption-attachment-17121\" style=\"width: 1280px\" class=\"wp-caption aligncenter\"><a href=\"https:\/\/www.latribunedufaso.net\/wp-content\/uploads\/2024\/11\/IMG-20241125-WA0020.jpg\"><img loading=\"lazy\" decoding=\"async\" class=\"size-full wp-image-17121\" src=\"https:\/\/www.latribunedufaso.net\/wp-content\/uploads\/2024\/11\/IMG-20241125-WA0020.jpg\" alt=\"Le DG de Essakane, Tidiane Barry lors de la c\u00e9r\u00e9monie de lancement de la campagne sur la promotion du port du casque \u00ab un employ\u00e9, un casque \u00bb, organis\u00e9 par Essakane, 25 novembre 2024 \u00e0 Ouagadougou \" width=\"1280\" height=\"960\" srcset=\"https:\/\/www.latribunedufaso.net\/wp-content\/uploads\/2024\/11\/IMG-20241125-WA0020.jpg 1280w, https:\/\/www.latribunedufaso.net\/wp-content\/uploads\/2024\/11\/IMG-20241125-WA0020-300x225.jpg 300w, https:\/\/www.latribunedufaso.net\/wp-content\/uploads\/2024\/11\/IMG-20241125-WA0020-1024x768.jpg 1024w, https:\/\/www.latribunedufaso.net\/wp-content\/uploads\/2024\/11\/IMG-20241125-WA0020-768x576.jpg 768w\" sizes=\"auto, (max-width: 1280px) 100vw, 1280px\" \/><\/a><figcaption id=\"caption-attachment-17121\" class=\"wp-caption-text\">Le Directeur g\u00e9n\u00e9ral de IAMGOLD Essakane SA, Tidiane Barry (\u00e0 droite) remettant un casque \u00e0 un gagnant du jeu quiz sur la s\u00e9curit\u00e9 routi\u00e8re &#8211; Ph. I. Tougma<\/figcaption><\/figure>\n<p><span style=\"font-size: 1.0625rem;\">Cela engendre des d\u00e9fis en termes de s\u00e9curit\u00e9 routi\u00e8re, car le port du casque n\u2019est pas encore syst\u00e9matique pour une grande majorit\u00e9 d\u2019usagers \u00e0 deux-roues. En plus, 70 % des traumatismes recens\u00e9s sont des traumatismes cr\u00e2niens, a-t-il ajout\u00e9.<\/span><\/p>\n<p>Ainsi, pour amoindrir les effets sur la population en g\u00e9n\u00e9ral et sur les jeunes en particulier, l\u2019Etat a instaur\u00e9 le port du casque obligatoire pour tout usager de la motocyclette. En atteste la comm\u00e9moration, le 15 novembre dernier de la journ\u00e9e nationale de sensibilisation sur la s\u00e9curit\u00e9 routi\u00e8re sur le th\u00e8me <em><strong>\u00ab \u00c0 chacun son casque \u00bb.<\/strong><\/em><\/p>\n<figure id=\"attachment_17122\" aria-describedby=\"caption-attachment-17122\" style=\"width: 1280px\" class=\"wp-caption aligncenter\"><a href=\"https:\/\/www.latribunedufaso.net\/wp-content\/uploads\/2024\/11\/IMG-20241125-WA0021.jpg\"><img loading=\"lazy\" decoding=\"async\" class=\"size-full wp-image-17122\" src=\"https:\/\/www.latribunedufaso.net\/wp-content\/uploads\/2024\/11\/IMG-20241125-WA0021.jpg\" alt=\"c\u00e9r\u00e9monie de lancement de la campagne sur la promotion du port du casque \u00ab un employ\u00e9, un casque \u00bb, organis\u00e9 par Essakane, 25 novembre 2024 \u00e0 Ouagadougou\" width=\"1280\" height=\"960\" srcset=\"https:\/\/www.latribunedufaso.net\/wp-content\/uploads\/2024\/11\/IMG-20241125-WA0021.jpg 1280w, https:\/\/www.latribunedufaso.net\/wp-content\/uploads\/2024\/11\/IMG-20241125-WA0021-300x225.jpg 300w, https:\/\/www.latribunedufaso.net\/wp-content\/uploads\/2024\/11\/IMG-20241125-WA0021-1024x768.jpg 1024w, https:\/\/www.latribunedufaso.net\/wp-content\/uploads\/2024\/11\/IMG-20241125-WA0021-768x576.jpg 768w\" sizes=\"auto, (max-width: 1280px) 100vw, 1280px\" \/><\/a><figcaption id=\"caption-attachment-17122\" class=\"wp-caption-text\">Photo de famille des b\u00e9n\u00e9ficiaires de casque avec les officiels &#8211; Ph. I. Tougma<\/figcaption><\/figure>\n<p>IAMGOLD Essakane SA, accompagne cette initiative depuis quelques ann\u00e9es \u00e0 travers des campagnes de sensibilisation aussi bien \u00e0 l\u2019interne qu\u2019aupr\u00e8s de la population. Ce qui a value la tenue de la pr\u00e9sente c\u00e9r\u00e9monie.<\/p>\n<p>A \u00e9couter Tidiane Barry, au sein de l\u2019entreprise, la direction a accord\u00e9 une subvention \u00e0 travers l\u2019op\u00e9ration <em><strong>\u00ab un employ\u00e9, un casque \u00bb<\/strong><\/em>, afin de permettre \u00e0 chaque employ\u00e9 d\u2019acqu\u00e9rir un casque mais aussi de toujours, et correctement l\u2019utiliser lorsqu\u2019il est emmen\u00e9 \u00e0 se d\u00e9placer \u00e0 moto.<\/p>\n<p><em><strong>\u00ab Ainsi cette op\u00e9ration permettra de distribuer plus de 2400 casques aux travailleurs et \u00e0 la population. Ce qui permettra sans nul doute d\u2019accroitre le nombre d\u2019usagers de la route utilisateurs de casques au Burkina, et d\u2019induire des changements au sein de la population \u00bb,<\/strong><\/em> a-t-il soulign\u00e9.<\/p>\n<figure id=\"attachment_17119\" aria-describedby=\"caption-attachment-17119\" style=\"width: 1000px\" class=\"wp-caption aligncenter\"><a href=\"https:\/\/www.latribunedufaso.net\/wp-content\/uploads\/2024\/11\/IMG-20241125-WA0016.jpg\"><img loading=\"lazy\" decoding=\"async\" class=\"size-full wp-image-17119\" src=\"https:\/\/www.latribunedufaso.net\/wp-content\/uploads\/2024\/11\/IMG-20241125-WA0016.jpg\" alt=\"DIRCAB du minist\u00e8re en charge des Mines, Salif Boussim lors de la c\u00e9r\u00e9monie de lancement de la campagne sur la promotion du port du casque \u00ab un employ\u00e9, un casque \u00bb, organis\u00e9 par Essakane, 25 novembre 2024 \u00e0 Ouagadougou \" width=\"1000\" height=\"750\" srcset=\"https:\/\/www.latribunedufaso.net\/wp-content\/uploads\/2024\/11\/IMG-20241125-WA0016.jpg 1000w, https:\/\/www.latribunedufaso.net\/wp-content\/uploads\/2024\/11\/IMG-20241125-WA0016-300x225.jpg 300w, https:\/\/www.latribunedufaso.net\/wp-content\/uploads\/2024\/11\/IMG-20241125-WA0016-768x576.jpg 768w\" sizes=\"auto, (max-width: 1000px) 100vw, 1000px\" \/><\/a><figcaption id=\"caption-attachment-17119\" class=\"wp-caption-text\">Le Directeur de cabinet du minist\u00e8re en charge des Mines, Salif Boussim &#8211; Ph. I. Tougma<\/figcaption><\/figure>\n<p>La c\u00e9r\u00e9monie \u00e9tait plac\u00e9e sous la pr\u00e9sidence du ministre en charge des Mines, Yacouba Zabr\u00e9 Gouba, repr\u00e9sent\u00e9 par son Directeur de cabinet, Salif Boussim. Il a<span style=\"font-size: 1.0625rem;\">\u00a0salu\u00e9 cette initiative de la soci\u00e9t\u00e9 qui couvre aussi bien ses employ\u00e9s \u00e0 l\u2019interne \u00e0 travers l\u2019op\u00e9ration <em><strong>\u00ab un employ\u00e9, un casque \u00bb<\/strong><\/em>, que la population \u00e0 travers l\u2019organisation d\u2019activit\u00e9s de communication pour le changement de comportement corrobor\u00e9e par une distribution de casques de moto.\u00a0<\/span><\/p>\n<p>Il a, par ailleurs, invit\u00e9 tous les usagers de la circulation routi\u00e8re \u00e0 respecter le code de la route et surtout \u00e0 toujours utiliser et correctement porter le casque \u00e0 moto.<\/p>\n<blockquote>\n<p>Lire aussi &gt;&gt; <a href=\"https:\/\/www.latribunedufaso.net\/?p=17009\">Promotion de la s\u00e9curit\u00e9 routi\u00e8re : La campagne de sensibilisation au profit des \u00e9l\u00e8ves officiellement lanc\u00e9e\u00a0<\/a><\/p>\n<\/blockquote>\n<p>Ladite activit\u00e9 a \u00e9t\u00e9 marqu\u00e9e par la pr\u00e9sence des agents de l&rsquo;Office national de la s\u00e9curit\u00e9 routi\u00e8re (ONASER). Ils ont\u00a0 profit\u00e9 de l\u2019occasion pour sensibiliser les participants sur le port du casque en circulation routi\u00e8re.<\/p>\n<p>Des groupes de motards du pays ainsi que des membres de la soci\u00e9t\u00e9 civile ont \u00e9galement pass\u00e9 le m\u00eame message. Des dons de casques aux gagnants du jeu quizz, organis\u00e9 par la soci\u00e9t\u00e9 sur sa page Facebook, a mis un terme \u00e0 la c\u00e9r\u00e9monie.<\/p>\n<p><strong>In\u00e8s TOUGMA\u00a0<\/strong><\/p>\n<p><strong>Latribun<span style=\"font-size: 1.0625rem;\">edufaso.net<\/span><\/strong><\/p>\n","protected":false},"excerpt":{"rendered":"<p>La c\u00e9r\u00e9monie de lancement de la campagne sur la promotion du port du casque \u00ab un employ\u00e9, un casque \u00bb, a eu lieu ce 25 novembre 2024 \u00e0 Ouagadougou. Organis\u00e9e par IAMGOLD Essakane SA, cette initiative vise \u00e0 sensibiliser et doter les travailleurs de la mine en casque de protection. La c\u00e9r\u00e9monie \u00e9tait plac\u00e9e sous la pr\u00e9sidence du ministre en charge des Mines, Yacouba Zabr\u00e9 Gouba, repr\u00e9sent\u00e9 par son Directeur de cabinet, Salif Boussim.<\/p>\n","protected":false},"author":5,"featured_media":17118,"comment_status":"open","ping_status":"open","sticky":false,"template":"","format":"standard","meta":{"footnotes":""},"categories":[13,1,22],"tags":[166,39,161],"class_list":["post-17117","post","type-post","status-publish","format-standard","has-post-thumbnail","hentry","category-une","category-actu","category-securite-routiere","tag-essakane-sa","tag-latribunedufaso-net","tag-securite-routiere"],"yoast_head":"<!-- This site is optimized with the Yoast SEO plugin v27.4 - https:\/\/yoast.com\/product\/yoast-seo-wordpress\/ -->\n<title>IAMGOLD Essakane SA : La campagne \u00ab un employ\u00e9, un casque \u00bb officiellement lanc\u00e9e\u00a0 - La Tribune du Faso<\/title>\n<meta name=\"robots\" content=\"index, follow, max-snippet:-1, max-image-preview:large, max-video-preview:-1\" \/>\n<link rel=\"canonical\" href=\"https:\/\/www.latribunedufaso.net\/?p=17117\" \/>\n<meta property=\"og:locale\" content=\"fr_FR\" \/>\n<meta property=\"og:type\" content=\"article\" \/>\n<meta property=\"og:title\" content=\"IAMGOLD Essakane SA : La campagne \u00ab un employ\u00e9, un casque \u00bb officiellement lanc\u00e9e\u00a0 - La Tribune du Faso\" \/>\n<meta property=\"og:description\" content=\"La c\u00e9r\u00e9monie de lancement de la campagne sur la promotion du port du casque \u00ab un employ\u00e9, un casque \u00bb, a eu lieu ce 25 novembre 2024 \u00e0 Ouagadougou. Organis\u00e9e par IAMGOLD Essakane SA, cette initiative vise \u00e0 sensibiliser et doter les travailleurs de la mine en casque de protection. La c\u00e9r\u00e9monie \u00e9tait plac\u00e9e sous la pr\u00e9sidence du ministre en charge des Mines, Yacouba Zabr\u00e9 Gouba, repr\u00e9sent\u00e9 par son Directeur de cabinet, Salif Boussim.\" \/>\n<meta property=\"og:url\" content=\"https:\/\/www.latribunedufaso.net\/?p=17117\" \/>\n<meta property=\"og:site_name\" content=\"La Tribune du Faso\" \/>\n<meta property=\"article:publisher\" content=\"https:\/\/www.facebook.com\/LatribuneduFaso\/\" \/>\n<meta property=\"article:published_time\" content=\"2024-11-25T16:04:46+00:00\" \/>\n<meta property=\"og:image\" content=\"https:\/\/www.latribunedufaso.net\/wp-content\/uploads\/2024\/11\/IMG-20241125-WA0024.jpg\" \/>\n\t<meta property=\"og:image:width\" content=\"1280\" \/>\n\t<meta property=\"og:image:height\" content=\"960\" \/>\n\t<meta property=\"og:image:type\" content=\"image\/jpeg\" \/>\n<meta name=\"author\" content=\"Issouf Tapsoba\" \/>\n<meta name=\"twitter:label1\" content=\"\u00c9crit par\" \/>\n\t<meta name=\"twitter:data1\" content=\"Issouf Tapsoba\" \/>\n\t<meta name=\"twitter:label2\" content=\"Dur\u00e9e de lecture estim\u00e9e\" \/>\n\t<meta name=\"twitter:data2\" content=\"4 minutes\" \/>\n<script type=\"application\/ld+json\" class=\"yoast-schema-graph\">{\"@context\":\"https:\\\/\\\/schema.org\",\"@graph\":[{\"@type\":\"Article\",\"@id\":\"https:\\\/\\\/www.latribunedufaso.net\\\/?p=17117#article\",\"isPartOf\":{\"@id\":\"https:\\\/\\\/www.latribunedufaso.net\\\/?p=17117\"},\"author\":{\"name\":\"Issouf Tapsoba\",\"@id\":\"https:\\\/\\\/www.latribunedufaso.net\\\/#\\\/schema\\\/person\\\/e54e64c5778a7e72cf80a318b7a622b0\"},\"headline\":\"IAMGOLD Essakane SA : La campagne \u00ab un employ\u00e9, un casque \u00bb officiellement lanc\u00e9e\u00a0\",\"datePublished\":\"2024-11-25T16:04:46+00:00\",\"mainEntityOfPage\":{\"@id\":\"https:\\\/\\\/www.latribunedufaso.net\\\/?p=17117\"},\"wordCount\":735,\"commentCount\":0,\"publisher\":{\"@id\":\"https:\\\/\\\/www.latribunedufaso.net\\\/#organization\"},\"image\":{\"@id\":\"https:\\\/\\\/www.latribunedufaso.net\\\/?p=17117#primaryimage\"},\"thumbnailUrl\":\"https:\\\/\\\/www.latribunedufaso.net\\\/wp-content\\\/uploads\\\/2024\\\/11\\\/IMG-20241125-WA0024.jpg\",\"keywords\":[\"Essakane SA\",\"latribunedufaso.net\",\"S\u00e9curit\u00e9 routi\u00e8re\"],\"articleSection\":[\"A la une\",\"Actualit\u00e9\",\"S\u00e9curit\u00e9 routi\u00e8re\"],\"inLanguage\":\"fr-FR\",\"potentialAction\":[{\"@type\":\"CommentAction\",\"name\":\"Comment\",\"target\":[\"https:\\\/\\\/www.latribunedufaso.net\\\/?p=17117#respond\"]}]},{\"@type\":\"WebPage\",\"@id\":\"https:\\\/\\\/www.latribunedufaso.net\\\/?p=17117\",\"url\":\"https:\\\/\\\/www.latribunedufaso.net\\\/?p=17117\",\"name\":\"IAMGOLD Essakane SA : La campagne \u00ab un employ\u00e9, un casque \u00bb officiellement lanc\u00e9e\u00a0 - La Tribune du Faso\",\"isPartOf\":{\"@id\":\"https:\\\/\\\/www.latribunedufaso.net\\\/#website\"},\"primaryImageOfPage\":{\"@id\":\"https:\\\/\\\/www.latribunedufaso.net\\\/?p=17117#primaryimage\"},\"image\":{\"@id\":\"https:\\\/\\\/www.latribunedufaso.net\\\/?p=17117#primaryimage\"},\"thumbnailUrl\":\"https:\\\/\\\/www.latribunedufaso.net\\\/wp-content\\\/uploads\\\/2024\\\/11\\\/IMG-20241125-WA0024.jpg\",\"datePublished\":\"2024-11-25T16:04:46+00:00\",\"breadcrumb\":{\"@id\":\"https:\\\/\\\/www.latribunedufaso.net\\\/?p=17117#breadcrumb\"},\"inLanguage\":\"fr-FR\",\"potentialAction\":[{\"@type\":\"ReadAction\",\"target\":[\"https:\\\/\\\/www.latribunedufaso.net\\\/?p=17117\"]}]},{\"@type\":\"ImageObject\",\"inLanguage\":\"fr-FR\",\"@id\":\"https:\\\/\\\/www.latribunedufaso.net\\\/?p=17117#primaryimage\",\"url\":\"https:\\\/\\\/www.latribunedufaso.net\\\/wp-content\\\/uploads\\\/2024\\\/11\\\/IMG-20241125-WA0024.jpg\",\"contentUrl\":\"https:\\\/\\\/www.latribunedufaso.net\\\/wp-content\\\/uploads\\\/2024\\\/11\\\/IMG-20241125-WA0024.jpg\",\"width\":1280,\"height\":960,\"caption\":\"c\u00e9r\u00e9monie de lancement de la campagne sur la promotion du port du casque \u00ab un employ\u00e9, un casque \u00bb, organis\u00e9 par Essakane, 25 novembre 2024 \u00e0 Ouagadougou\"},{\"@type\":\"BreadcrumbList\",\"@id\":\"https:\\\/\\\/www.latribunedufaso.net\\\/?p=17117#breadcrumb\",\"itemListElement\":[{\"@type\":\"ListItem\",\"position\":1,\"name\":\"Accueil\",\"item\":\"https:\\\/\\\/www.latribunedufaso.net\\\/\"},{\"@type\":\"ListItem\",\"position\":2,\"name\":\"IAMGOLD Essakane SA : La campagne \u00ab un employ\u00e9, un casque \u00bb officiellement lanc\u00e9e\u00a0\"}]},{\"@type\":\"WebSite\",\"@id\":\"https:\\\/\\\/www.latribunedufaso.net\\\/#website\",\"url\":\"https:\\\/\\\/www.latribunedufaso.net\\\/\",\"name\":\"La Tribune du Faso\",\"description\":\"L&#039;information du monde rural en un clic\",\"publisher\":{\"@id\":\"https:\\\/\\\/www.latribunedufaso.net\\\/#organization\"},\"potentialAction\":[{\"@type\":\"SearchAction\",\"target\":{\"@type\":\"EntryPoint\",\"urlTemplate\":\"https:\\\/\\\/www.latribunedufaso.net\\\/?s={search_term_string}\"},\"query-input\":{\"@type\":\"PropertyValueSpecification\",\"valueRequired\":true,\"valueName\":\"search_term_string\"}}],\"inLanguage\":\"fr-FR\"},{\"@type\":\"Organization\",\"@id\":\"https:\\\/\\\/www.latribunedufaso.net\\\/#organization\",\"name\":\"La Tribune du Faso\",\"url\":\"https:\\\/\\\/www.latribunedufaso.net\\\/\",\"logo\":{\"@type\":\"ImageObject\",\"inLanguage\":\"fr-FR\",\"@id\":\"https:\\\/\\\/www.latribunedufaso.net\\\/#\\\/schema\\\/logo\\\/image\\\/\",\"url\":\"https:\\\/\\\/www.latribunedufaso.net\\\/wp-content\\\/uploads\\\/2020\\\/08\\\/Logo-Tribune-du-Faso-final-scaled.jpg\",\"contentUrl\":\"https:\\\/\\\/www.latribunedufaso.net\\\/wp-content\\\/uploads\\\/2020\\\/08\\\/Logo-Tribune-du-Faso-final-scaled.jpg\",\"width\":2560,\"height\":1856,\"caption\":\"La Tribune du Faso\"},\"image\":{\"@id\":\"https:\\\/\\\/www.latribunedufaso.net\\\/#\\\/schema\\\/logo\\\/image\\\/\"},\"sameAs\":[\"https:\\\/\\\/www.facebook.com\\\/LatribuneduFaso\\\/\"]},{\"@type\":\"Person\",\"@id\":\"https:\\\/\\\/www.latribunedufaso.net\\\/#\\\/schema\\\/person\\\/e54e64c5778a7e72cf80a318b7a622b0\",\"name\":\"Issouf Tapsoba\",\"image\":{\"@type\":\"ImageObject\",\"inLanguage\":\"fr-FR\",\"@id\":\"https:\\\/\\\/secure.gravatar.com\\\/avatar\\\/5e6c05150ce3230247d167f5b94d678eb05936197436d69b7921e3a95c9107ac?s=96&d=mm&r=g\",\"url\":\"https:\\\/\\\/secure.gravatar.com\\\/avatar\\\/5e6c05150ce3230247d167f5b94d678eb05936197436d69b7921e3a95c9107ac?s=96&d=mm&r=g\",\"contentUrl\":\"https:\\\/\\\/secure.gravatar.com\\\/avatar\\\/5e6c05150ce3230247d167f5b94d678eb05936197436d69b7921e3a95c9107ac?s=96&d=mm&r=g\",\"caption\":\"Issouf Tapsoba\"},\"url\":\"https:\\\/\\\/www.latribunedufaso.net\\\/?author=5\"}]}<\/script>\n<!-- \/ Yoast SEO plugin. -->","yoast_head_json":{"title":"IAMGOLD Essakane SA : La campagne \u00ab un employ\u00e9, un casque \u00bb officiellement lanc\u00e9e\u00a0 - La Tribune du Faso","robots":{"index":"index","follow":"follow","max-snippet":"max-snippet:-1","max-image-preview":"max-image-preview:large","max-video-preview":"max-video-preview:-1"},"canonical":"https:\/\/www.latribunedufaso.net\/?p=17117","og_locale":"fr_FR","og_type":"article","og_title":"IAMGOLD Essakane SA : La campagne \u00ab un employ\u00e9, un casque \u00bb officiellement lanc\u00e9e\u00a0 - La Tribune du Faso","og_description":"La c\u00e9r\u00e9monie de lancement de la campagne sur la promotion du port du casque \u00ab un employ\u00e9, un casque \u00bb, a eu lieu ce 25 novembre 2024 \u00e0 Ouagadougou. Organis\u00e9e par IAMGOLD Essakane SA, cette initiative vise \u00e0 sensibiliser et doter les travailleurs de la mine en casque de protection. La c\u00e9r\u00e9monie \u00e9tait plac\u00e9e sous la pr\u00e9sidence du ministre en charge des Mines, Yacouba Zabr\u00e9 Gouba, repr\u00e9sent\u00e9 par son Directeur de cabinet, Salif Boussim.","og_url":"https:\/\/www.latribunedufaso.net\/?p=17117","og_site_name":"La Tribune du Faso","article_publisher":"https:\/\/www.facebook.com\/LatribuneduFaso\/","article_published_time":"2024-11-25T16:04:46+00:00","og_image":[{"width":1280,"height":960,"url":"https:\/\/www.latribunedufaso.net\/wp-content\/uploads\/2024\/11\/IMG-20241125-WA0024.jpg","type":"image\/jpeg"}],"author":"Issouf Tapsoba","twitter_misc":{"\u00c9crit par":"Issouf Tapsoba","Dur\u00e9e de lecture estim\u00e9e":"4 minutes"},"schema":{"@context":"https:\/\/schema.org","@graph":[{"@type":"Article","@id":"https:\/\/www.latribunedufaso.net\/?p=17117#article","isPartOf":{"@id":"https:\/\/www.latribunedufaso.net\/?p=17117"},"author":{"name":"Issouf Tapsoba","@id":"https:\/\/www.latribunedufaso.net\/#\/schema\/person\/e54e64c5778a7e72cf80a318b7a622b0"},"headline":"IAMGOLD Essakane SA : La campagne \u00ab un employ\u00e9, un casque \u00bb officiellement lanc\u00e9e\u00a0","datePublished":"2024-11-25T16:04:46+00:00","mainEntityOfPage":{"@id":"https:\/\/www.latribunedufaso.net\/?p=17117"},"wordCount":735,"commentCount":0,"publisher":{"@id":"https:\/\/www.latribunedufaso.net\/#organization"},"image":{"@id":"https:\/\/www.latribunedufaso.net\/?p=17117#primaryimage"},"thumbnailUrl":"https:\/\/www.latribunedufaso.net\/wp-content\/uploads\/2024\/11\/IMG-20241125-WA0024.jpg","keywords":["Essakane SA","latribunedufaso.net","S\u00e9curit\u00e9 routi\u00e8re"],"articleSection":["A la une","Actualit\u00e9","S\u00e9curit\u00e9 routi\u00e8re"],"inLanguage":"fr-FR","potentialAction":[{"@type":"CommentAction","name":"Comment","target":["https:\/\/www.latribunedufaso.net\/?p=17117#respond"]}]},{"@type":"WebPage","@id":"https:\/\/www.latribunedufaso.net\/?p=17117","url":"https:\/\/www.latribunedufaso.net\/?p=17117","name":"IAMGOLD Essakane SA : La campagne \u00ab un employ\u00e9, un casque \u00bb officiellement lanc\u00e9e\u00a0 - La Tribune du Faso","isPartOf":{"@id":"https:\/\/www.latribunedufaso.net\/#website"},"primaryImageOfPage":{"@id":"https:\/\/www.latribunedufaso.net\/?p=17117#primaryimage"},"image":{"@id":"https:\/\/www.latribunedufaso.net\/?p=17117#primaryimage"},"thumbnailUrl":"https:\/\/www.latribunedufaso.net\/wp-content\/uploads\/2024\/11\/IMG-20241125-WA0024.jpg","datePublished":"2024-11-25T16:04:46+00:00","breadcrumb":{"@id":"https:\/\/www.latribunedufaso.net\/?p=17117#breadcrumb"},"inLanguage":"fr-FR","potentialAction":[{"@type":"ReadAction","target":["https:\/\/www.latribunedufaso.net\/?p=17117"]}]},{"@type":"ImageObject","inLanguage":"fr-FR","@id":"https:\/\/www.latribunedufaso.net\/?p=17117#primaryimage","url":"https:\/\/www.latribunedufaso.net\/wp-content\/uploads\/2024\/11\/IMG-20241125-WA0024.jpg","contentUrl":"https:\/\/www.latribunedufaso.net\/wp-content\/uploads\/2024\/11\/IMG-20241125-WA0024.jpg","width":1280,"height":960,"caption":"c\u00e9r\u00e9monie de lancement de la campagne sur la promotion du port du casque \u00ab un employ\u00e9, un casque \u00bb, organis\u00e9 par Essakane, 25 novembre 2024 \u00e0 Ouagadougou"},{"@type":"BreadcrumbList","@id":"https:\/\/www.latribunedufaso.net\/?p=17117#breadcrumb","itemListElement":[{"@type":"ListItem","position":1,"name":"Accueil","item":"https:\/\/www.latribunedufaso.net\/"},{"@type":"ListItem","position":2,"name":"IAMGOLD Essakane SA : La campagne \u00ab un employ\u00e9, un casque \u00bb officiellement lanc\u00e9e\u00a0"}]},{"@type":"WebSite","@id":"https:\/\/www.latribunedufaso.net\/#website","url":"https:\/\/www.latribunedufaso.net\/","name":"La Tribune du Faso","description":"L&#039;information du monde rural en un clic","publisher":{"@id":"https:\/\/www.latribunedufaso.net\/#organization"},"potentialAction":[{"@type":"SearchAction","target":{"@type":"EntryPoint","urlTemplate":"https:\/\/www.latribunedufaso.net\/?s={search_term_string}"},"query-input":{"@type":"PropertyValueSpecification","valueRequired":true,"valueName":"search_term_string"}}],"inLanguage":"fr-FR"},{"@type":"Organization","@id":"https:\/\/www.latribunedufaso.net\/#organization","name":"La Tribune du Faso","url":"https:\/\/www.latribunedufaso.net\/","logo":{"@type":"ImageObject","inLanguage":"fr-FR","@id":"https:\/\/www.latribunedufaso.net\/#\/schema\/logo\/image\/","url":"https:\/\/www.latribunedufaso.net\/wp-content\/uploads\/2020\/08\/Logo-Tribune-du-Faso-final-scaled.jpg","contentUrl":"https:\/\/www.latribunedufaso.net\/wp-content\/uploads\/2020\/08\/Logo-Tribune-du-Faso-final-scaled.jpg","width":2560,"height":1856,"caption":"La Tribune du Faso"},"image":{"@id":"https:\/\/www.latribunedufaso.net\/#\/schema\/logo\/image\/"},"sameAs":["https:\/\/www.facebook.com\/LatribuneduFaso\/"]},{"@type":"Person","@id":"https:\/\/www.latribunedufaso.net\/#\/schema\/person\/e54e64c5778a7e72cf80a318b7a622b0","name":"Issouf Tapsoba","image":{"@type":"ImageObject","inLanguage":"fr-FR","@id":"https:\/\/secure.gravatar.com\/avatar\/5e6c05150ce3230247d167f5b94d678eb05936197436d69b7921e3a95c9107ac?s=96&d=mm&r=g","url":"https:\/\/secure.gravatar.com\/avatar\/5e6c05150ce3230247d167f5b94d678eb05936197436d69b7921e3a95c9107ac?s=96&d=mm&r=g","contentUrl":"https:\/\/secure.gravatar.com\/avatar\/5e6c05150ce3230247d167f5b94d678eb05936197436d69b7921e3a95c9107ac?s=96&d=mm&r=g","caption":"Issouf Tapsoba"},"url":"https:\/\/www.latribunedufaso.net\/?author=5"}]}},"_links":{"self":[{"href":"https:\/\/www.latribunedufaso.net\/index.php?rest_route=\/wp\/v2\/posts\/17117","targetHints":{"allow":["GET"]}}],"collection":[{"href":"https:\/\/www.latribunedufaso.net\/index.php?rest_route=\/wp\/v2\/posts"}],"about":[{"href":"https:\/\/www.latribunedufaso.net\/index.php?rest_route=\/wp\/v2\/types\/post"}],"author":[{"embeddable":true,"href":"https:\/\/www.latribunedufaso.net\/index.php?rest_route=\/wp\/v2\/users\/5"}],"replies":[{"embeddable":true,"href":"https:\/\/www.latribunedufaso.net\/index.php?rest_route=%2Fwp%2Fv2%2Fcomments&post=17117"}],"version-history":[{"count":1,"href":"https:\/\/www.latribunedufaso.net\/index.php?rest_route=\/wp\/v2\/posts\/17117\/revisions"}],"predecessor-version":[{"id":17123,"href":"https:\/\/www.latribunedufaso.net\/index.php?rest_route=\/wp\/v2\/posts\/17117\/revisions\/17123"}],"wp:featuredmedia":[{"embeddable":true,"href":"https:\/\/www.latribunedufaso.net\/index.php?rest_route=\/wp\/v2\/media\/17118"}],"wp:attachment":[{"href":"https:\/\/www.latribunedufaso.net\/index.php?rest_route=%2Fwp%2Fv2%2Fmedia&parent=17117"}],"wp:term":[{"taxonomy":"category","embeddable":true,"href":"https:\/\/www.latribunedufaso.net\/index.php?rest_route=%2Fwp%2Fv2%2Fcategories&post=17117"},{"taxonomy":"post_tag","embeddable":true,"href":"https:\/\/www.latribunedufaso.net\/index.php?rest_route=%2Fwp%2Fv2%2Ftags&post=17117"}],"curies":[{"name":"wp","href":"https:\/\/api.w.org\/{rel}","templated":true}]}}