{"id":17073,"date":"2024-11-22T18:48:11","date_gmt":"2024-11-22T18:48:11","guid":{"rendered":"https:\/\/www.latribunedufaso.net\/?p=17073"},"modified":"2024-11-22T18:48:11","modified_gmt":"2024-11-22T18:48:11","slug":"religion-leglise-catholique-annonce-le-jubile-des-125-ans-devangelisation-au-burkina-faso","status":"publish","type":"post","link":"https:\/\/www.latribunedufaso.net\/?p=17073","title":{"rendered":"Religion : L&rsquo;Eglise catholique annonce le jubil\u00e9 des 125 ans d&rsquo;Evang\u00e9lisation au Burkina Faso"},"content":{"rendered":"<p><strong><span style=\"font-size: 1.0625rem;\"><em>\u00ab L&rsquo;Eglise Famille de Dieu au Burkina Faso : 125 ans d&rsquo;\u00e9vang\u00e9lisation, bilan des options pastorales et perspectives pour un nouveau d\u00e9part \u00bb<\/em>, c&rsquo;est sur ce th\u00e8me que se tient la c\u00e9l\u00e9bration du jubil\u00e9 des 125 ans d&rsquo;Evang\u00e9lisation au Burkina Faso. L&rsquo;annonce est faite par le Pr\u00e9sident de la Conf\u00e9rence \u00e9piscopale Burkina-Niger, Mgr Laurent <\/span><span style=\"font-size: 1.0625rem;\">Dabir\u00e9. <\/span><span style=\"font-size: 1.0625rem;\">C&rsquo;\u00e9tait au cours d&rsquo;une conf\u00e9rence de presse organis\u00e9e ce 22 novembre 2024 \u00e0 Ouagadougou. <\/span><\/strong><!--more--><\/p>\n<p><span style=\"font-size: 1.0625rem;\">Notons que les c\u00e9l\u00e9brations du jubil\u00e9 ont d\u00e9but\u00e9 depuis le 22 janvier 2023 dans tous les dioc\u00e8ses. Les diff\u00e9rents comit\u00e9s, chacun de son c\u00f4t\u00e9, sont \u00e0 pied d&rsquo;\u0153uvre pour mener ses activit\u00e9s programm\u00e9es, selon l&rsquo;Ev\u00eaque auxiliaire de Koudougou, Mgr Alexandre Bazi\u00e9.<\/span><\/p>\n<figure id=\"attachment_17074\" aria-describedby=\"caption-attachment-17074\" style=\"width: 2560px\" class=\"wp-caption aligncenter\"><a href=\"https:\/\/www.latribunedufaso.net\/wp-content\/uploads\/2024\/11\/IMG_20241122_111851_707-scaled.jpg\"><img loading=\"lazy\" decoding=\"async\" class=\"size-full wp-image-17074\" src=\"https:\/\/www.latribunedufaso.net\/wp-content\/uploads\/2024\/11\/IMG_20241122_111851_707-scaled.jpg\" alt=\"L'Ev\u00eaque auxiliaire de Koudougou, Mgr Alexandre Bazi\u00e9 lors de la conf\u00e9rence de presse du jubil\u00e9 des 125 ans d'Evang\u00e9lisation au Burkina, 22 novembre 2024\" width=\"2560\" height=\"1920\" srcset=\"https:\/\/www.latribunedufaso.net\/wp-content\/uploads\/2024\/11\/IMG_20241122_111851_707-scaled.jpg 2560w, https:\/\/www.latribunedufaso.net\/wp-content\/uploads\/2024\/11\/IMG_20241122_111851_707-300x225.jpg 300w, https:\/\/www.latribunedufaso.net\/wp-content\/uploads\/2024\/11\/IMG_20241122_111851_707-1024x768.jpg 1024w, https:\/\/www.latribunedufaso.net\/wp-content\/uploads\/2024\/11\/IMG_20241122_111851_707-768x576.jpg 768w, https:\/\/www.latribunedufaso.net\/wp-content\/uploads\/2024\/11\/IMG_20241122_111851_707-1536x1152.jpg 1536w, https:\/\/www.latribunedufaso.net\/wp-content\/uploads\/2024\/11\/IMG_20241122_111851_707-2048x1536.jpg 2048w\" sizes=\"auto, (max-width: 2560px) 100vw, 2560px\" \/><\/a><figcaption id=\"caption-attachment-17074\" class=\"wp-caption-text\">L&rsquo;Ev\u00eaque auxiliaire de Koudougou, Mgr Alexandre Bazi\u00e9 &#8211; Ph. I. Tapsoba<\/figcaption><\/figure>\n<p>Plusieurs activit\u00e9s ont donc d\u00e9j\u00e0 \u00e9t\u00e9 men\u00e9es. Il s&rsquo;agit, notamment, de l&rsquo;annonce officielle du jubil\u00e9 dans les \u00e9glises la nuit de No\u00ebl 2022 et de l&rsquo;ouverture et la c\u00e9l\u00e9bration de la premi\u00e8re ann\u00e9e jubilaire d\u00e9di\u00e9e au la\u00efcat.\u00a0<\/p>\n<p>Les c\u00e9l\u00e9brations se poursuivront jusqu&rsquo;en f\u00e9vrier 2025, date de la cl\u00f4ture. Les activit\u00e9s pr\u00e9vues sont notamment des conf\u00e9rences sur l&rsquo;\u00e9v\u00e9nement et des activit\u00e9s propres aux diff\u00e9rents comit\u00e9s du jubil\u00e9. En outre, les organisateurs pr\u00e9voient faire du th\u00e8me de l&rsquo;auto-prise en charge un th\u00e8me central et faire des c\u00e9l\u00e9brations d&rsquo;ouverture dioc\u00e9saines et des c\u00e9l\u00e9brations jubilaires provinciales.<\/p>\n<p>Une c\u00e9l\u00e9bration de cl\u00f4ture nationale viendra mettre fin aux activit\u00e9s. Elle sera marqu\u00e9e par un p\u00e8lerinage national qui aura lieu le 16 f\u00e9vrier 2025 \u00e0 Yagma.\u00a0<\/p>\n<figure id=\"attachment_17076\" aria-describedby=\"caption-attachment-17076\" style=\"width: 2560px\" class=\"wp-caption aligncenter\"><a href=\"https:\/\/www.latribunedufaso.net\/wp-content\/uploads\/2024\/11\/IMG_20241122_105336_137-scaled.jpg\"><img loading=\"lazy\" decoding=\"async\" class=\"size-full wp-image-17076\" src=\"https:\/\/www.latribunedufaso.net\/wp-content\/uploads\/2024\/11\/IMG_20241122_105336_137-scaled.jpg\" alt=\"Le Pr\u00e9sident de la Conf\u00e9rence \u00e9piscopale Burkina-Niger, Mgr Laurent Dabir\u00e9 lors de la conf\u00e9rence de presse du jubil\u00e9 des 125 ans d'Evang\u00e9lisation au Burkina, 22 novembre 2024\" width=\"2560\" height=\"1920\" srcset=\"https:\/\/www.latribunedufaso.net\/wp-content\/uploads\/2024\/11\/IMG_20241122_105336_137-scaled.jpg 2560w, https:\/\/www.latribunedufaso.net\/wp-content\/uploads\/2024\/11\/IMG_20241122_105336_137-300x225.jpg 300w, https:\/\/www.latribunedufaso.net\/wp-content\/uploads\/2024\/11\/IMG_20241122_105336_137-1024x768.jpg 1024w, https:\/\/www.latribunedufaso.net\/wp-content\/uploads\/2024\/11\/IMG_20241122_105336_137-768x576.jpg 768w, https:\/\/www.latribunedufaso.net\/wp-content\/uploads\/2024\/11\/IMG_20241122_105336_137-1536x1152.jpg 1536w, https:\/\/www.latribunedufaso.net\/wp-content\/uploads\/2024\/11\/IMG_20241122_105336_137-2048x1536.jpg 2048w\" sizes=\"auto, (max-width: 2560px) 100vw, 2560px\" \/><\/a><figcaption id=\"caption-attachment-17076\" class=\"wp-caption-text\">Le Pr\u00e9sident de la Conf\u00e9rence \u00e9piscopale Burkina-Niger, Mgr Laurent Dabir\u00e9 &#8211; Ph. I. Tapsoba<\/figcaption><\/figure>\n<p>Selon le Pr\u00e9sident de la Conf\u00e9rence \u00e9piscopale Burkina-Niger, Mgr Laurent Dabir\u00e9, cet \u00e9v\u00e9nement de foi se d\u00e9roule dans un contexte de crises s\u00e9curitaire et humanitaire. De ce fait, a-t-il ajout\u00e9, la c\u00e9l\u00e9bration de ce jubil\u00e9 se veut sobre.\u00a0<\/p>\n<blockquote>\n<p>Lire aussi &gt;&gt; <a href=\"https:\/\/www.latribunedufaso.net\/?p=14592\">\u00c9glise catholique : Msr Julien Kabor\u00e9 nomm\u00e9 Nonce Apostolique au Ghana\u00a0<\/a><\/p>\n<\/blockquote>\n<p>A l&rsquo;\u00e9couter, ils visent plusieurs objectifs \u00e0 travers le jubil\u00e9. Il s&rsquo;agit notamment d&rsquo;\u00e9valuer les options fondamentales de l&rsquo;Eglise Famille en relisant les actes du synode national de 2000 et les recommandations. A cela s&rsquo;ajoute la promotion du la\u00efcat en d\u00e9terminant l&rsquo;engagement et la place du la\u00efc l&rsquo;Eglise Famille.<\/p>\n<p>Les c\u00e9l\u00e9brations se tiennent aussi bien au Burkina Faso qu&rsquo;au Niger. Le budget total des activit\u00e9s s&rsquo;\u00e9l\u00e8ve \u00e0 151 473 200 FCFA. <em><strong>\u00ab Les voies et moyens pour son recouvrement sont, entre autres, les contributions des fid\u00e8les, les recettes de la vente du pagne du jubil\u00e9, les activit\u00e9s d&rsquo;auto-prise en charge, etc. \u00bb,<\/strong><\/em> a confi\u00e9 le vice-pr\u00e9sident de la Conf\u00e9rence \u00e9piscopale Burkina-Niger, Mgr Gabriel Sayaogo.\u00a0<\/p>\n<figure id=\"attachment_17077\" aria-describedby=\"caption-attachment-17077\" style=\"width: 2560px\" class=\"wp-caption aligncenter\"><a href=\"https:\/\/www.latribunedufaso.net\/wp-content\/uploads\/2024\/11\/IMG_20241122_104459_685-scaled.jpg\"><img loading=\"lazy\" decoding=\"async\" class=\"size-full wp-image-17077\" src=\"https:\/\/www.latribunedufaso.net\/wp-content\/uploads\/2024\/11\/IMG_20241122_104459_685-scaled.jpg\" alt=\"Le vice-pr\u00e9sident de la Conf\u00e9rence \u00e9piscopale Burkina-Niger, Mgr Gabriel Sayaogo lors de la conf\u00e9rence de presse du jubil\u00e9 des 125 ans d'Evang\u00e9lisation au Burkina, 22 novembre 2024\" width=\"2560\" height=\"1920\" srcset=\"https:\/\/www.latribunedufaso.net\/wp-content\/uploads\/2024\/11\/IMG_20241122_104459_685-scaled.jpg 2560w, https:\/\/www.latribunedufaso.net\/wp-content\/uploads\/2024\/11\/IMG_20241122_104459_685-300x225.jpg 300w, https:\/\/www.latribunedufaso.net\/wp-content\/uploads\/2024\/11\/IMG_20241122_104459_685-1024x768.jpg 1024w, https:\/\/www.latribunedufaso.net\/wp-content\/uploads\/2024\/11\/IMG_20241122_104459_685-768x576.jpg 768w, https:\/\/www.latribunedufaso.net\/wp-content\/uploads\/2024\/11\/IMG_20241122_104459_685-1536x1152.jpg 1536w, https:\/\/www.latribunedufaso.net\/wp-content\/uploads\/2024\/11\/IMG_20241122_104459_685-2048x1536.jpg 2048w\" sizes=\"auto, (max-width: 2560px) 100vw, 2560px\" \/><\/a><figcaption id=\"caption-attachment-17077\" class=\"wp-caption-text\">Le vice-pr\u00e9sident de la Conf\u00e9rence \u00e9piscopale Burkina-Niger, Mgr Gabriel Sayaogo &#8211; Ph. I. Tapsoba<\/figcaption><\/figure>\n<p>Notons que la conf\u00e9rence de presse a \u00e9t\u00e9 l&rsquo;occasion de d\u00e9voiler le logo et le pagne du jubil\u00e9. Le pagne est vendu au prix de 2 000 FCFA le pagne. Il est disponible aupr\u00e8s des paroisses, des dioc\u00e8ses et des revendeurs dans les march\u00e9s. Le logo et le pagne du jubil\u00e9 sont labellis\u00e9s et prot\u00e9g\u00e9s, a mis en garde, Mgr Gabriel Sayaogo, les pirates.<\/p>\n<figure id=\"attachment_17075\" aria-describedby=\"caption-attachment-17075\" style=\"width: 2560px\" class=\"wp-caption aligncenter\"><a href=\"https:\/\/www.latribunedufaso.net\/wp-content\/uploads\/2024\/11\/IMG_20241122_105545_871-scaled.jpg\"><img loading=\"lazy\" decoding=\"async\" class=\"size-full wp-image-17075\" src=\"https:\/\/www.latribunedufaso.net\/wp-content\/uploads\/2024\/11\/IMG_20241122_105545_871-scaled.jpg\" alt=\"Le logo et le pagne devoil\u00e9s lors de la conf\u00e9rence de presse du jubil\u00e9 des 125 ans d'Evang\u00e9lisation au Burkina, 22 novembre 2024\" width=\"2560\" height=\"1920\" srcset=\"https:\/\/www.latribunedufaso.net\/wp-content\/uploads\/2024\/11\/IMG_20241122_105545_871-scaled.jpg 2560w, https:\/\/www.latribunedufaso.net\/wp-content\/uploads\/2024\/11\/IMG_20241122_105545_871-300x225.jpg 300w, https:\/\/www.latribunedufaso.net\/wp-content\/uploads\/2024\/11\/IMG_20241122_105545_871-1024x768.jpg 1024w, https:\/\/www.latribunedufaso.net\/wp-content\/uploads\/2024\/11\/IMG_20241122_105545_871-768x576.jpg 768w, https:\/\/www.latribunedufaso.net\/wp-content\/uploads\/2024\/11\/IMG_20241122_105545_871-1536x1152.jpg 1536w, https:\/\/www.latribunedufaso.net\/wp-content\/uploads\/2024\/11\/IMG_20241122_105545_871-2048x1536.jpg 2048w\" sizes=\"auto, (max-width: 2560px) 100vw, 2560px\" \/><\/a><figcaption id=\"caption-attachment-17075\" class=\"wp-caption-text\">Le logo et le pagne du jubil\u00e9 sont labellis\u00e9s et prot\u00e9g\u00e9s &#8211; Ph. I. Tapsoba<\/figcaption><\/figure>\n<p>Pour lui, la modestie de ce budget s&rsquo;explique par la volont\u00e9 des \u00e9v\u00eaques de mettre l&rsquo;accent sur le volet spirituel. Ce jubil\u00e9 sera une occasion pour l&rsquo;Eglise Famille de Dieu au Burkina de faire une introspection sans complaisance de sa vie et de sa mission,<em><strong> \u00ab pour repartir sur de nouvelles bases avec son Seigneur \u00bb.<\/strong><\/em><\/p>\n<p><strong>Issouf TAPSOBA\u00a0<\/strong><\/p>\n<p><strong>Latribunefufaso.net<\/strong><\/p>\n","protected":false},"excerpt":{"rendered":"<p>\u00ab L&rsquo;Eglise Famille de Dieu au Burkina Faso : 125 ans d&rsquo;\u00e9vang\u00e9lisation, bilan des options pastorales et perspectives pour un nouveau d\u00e9part \u00bb, c&rsquo;est sur ce th\u00e8me que se tient la c\u00e9l\u00e9bration du jubil\u00e9 des 125 ans d&rsquo;Evang\u00e9lisation au Burkina Faso. L&rsquo;annonce est faite par le Pr\u00e9sident de la Conf\u00e9rence \u00e9piscopale Burkina-Niger, Mgr Laurent Dabir\u00e9. C&rsquo;\u00e9tait au cours d&rsquo;une conf\u00e9rence de presse organis\u00e9e ce 22 novembre 2024 \u00e0 Ouagadougou.<\/p>\n","protected":false},"author":5,"featured_media":17078,"comment_status":"open","ping_status":"open","sticky":false,"template":"","format":"standard","meta":{"footnotes":""},"categories":[13,1,8],"tags":[222,493,39],"class_list":["post-17073","post","type-post","status-publish","format-standard","has-post-thumbnail","hentry","category-une","category-actu","category-societe","tag-eglise-catholique","tag-jubile-des-125-ans-de-levangelisation-au-burkina","tag-latribunedufaso-net"],"yoast_head":"<!-- This site is optimized with the Yoast SEO plugin v27.4 - https:\/\/yoast.com\/product\/yoast-seo-wordpress\/ -->\n<title>Religion : L&#039;Eglise catholique annonce le jubil\u00e9 des 125 ans d&#039;Evang\u00e9lisation au Burkina Faso - La Tribune du Faso<\/title>\n<meta name=\"robots\" content=\"index, follow, max-snippet:-1, max-image-preview:large, max-video-preview:-1\" \/>\n<link rel=\"canonical\" href=\"https:\/\/www.latribunedufaso.net\/?p=17073\" \/>\n<meta property=\"og:locale\" content=\"fr_FR\" \/>\n<meta property=\"og:type\" content=\"article\" \/>\n<meta property=\"og:title\" content=\"Religion : L&#039;Eglise catholique annonce le jubil\u00e9 des 125 ans d&#039;Evang\u00e9lisation au Burkina Faso - La Tribune du Faso\" \/>\n<meta property=\"og:description\" content=\"\u00ab L&rsquo;Eglise Famille de Dieu au Burkina Faso : 125 ans d&rsquo;\u00e9vang\u00e9lisation, bilan des options pastorales et perspectives pour un nouveau d\u00e9part \u00bb, c&rsquo;est sur ce th\u00e8me que se tient la c\u00e9l\u00e9bration du jubil\u00e9 des 125 ans d&rsquo;Evang\u00e9lisation au Burkina Faso. L&rsquo;annonce est faite par le Pr\u00e9sident de la Conf\u00e9rence \u00e9piscopale Burkina-Niger, Mgr Laurent Dabir\u00e9. C&rsquo;\u00e9tait au cours d&rsquo;une conf\u00e9rence de presse organis\u00e9e ce 22 novembre 2024 \u00e0 Ouagadougou.\" \/>\n<meta property=\"og:url\" content=\"https:\/\/www.latribunedufaso.net\/?p=17073\" \/>\n<meta property=\"og:site_name\" content=\"La Tribune du Faso\" \/>\n<meta property=\"article:publisher\" content=\"https:\/\/www.facebook.com\/LatribuneduFaso\/\" \/>\n<meta property=\"article:published_time\" content=\"2024-11-22T18:48:11+00:00\" \/>\n<meta property=\"og:image\" content=\"https:\/\/www.latribunedufaso.net\/wp-content\/uploads\/2024\/11\/IMG_20241122_105130_524-scaled.jpg\" \/>\n\t<meta property=\"og:image:width\" content=\"2560\" \/>\n\t<meta property=\"og:image:height\" content=\"1920\" \/>\n\t<meta property=\"og:image:type\" content=\"image\/jpeg\" \/>\n<meta name=\"author\" content=\"Issouf Tapsoba\" \/>\n<meta name=\"twitter:label1\" content=\"\u00c9crit par\" \/>\n\t<meta name=\"twitter:data1\" content=\"Issouf Tapsoba\" \/>\n\t<meta name=\"twitter:label2\" content=\"Dur\u00e9e de lecture estim\u00e9e\" \/>\n\t<meta name=\"twitter:data2\" content=\"3 minutes\" \/>\n<script type=\"application\/ld+json\" class=\"yoast-schema-graph\">{\"@context\":\"https:\\\/\\\/schema.org\",\"@graph\":[{\"@type\":\"Article\",\"@id\":\"https:\\\/\\\/www.latribunedufaso.net\\\/?p=17073#article\",\"isPartOf\":{\"@id\":\"https:\\\/\\\/www.latribunedufaso.net\\\/?p=17073\"},\"author\":{\"name\":\"Issouf Tapsoba\",\"@id\":\"https:\\\/\\\/www.latribunedufaso.net\\\/#\\\/schema\\\/person\\\/e54e64c5778a7e72cf80a318b7a622b0\"},\"headline\":\"Religion : L&rsquo;Eglise catholique annonce le jubil\u00e9 des 125 ans d&rsquo;Evang\u00e9lisation au Burkina Faso\",\"datePublished\":\"2024-11-22T18:48:11+00:00\",\"mainEntityOfPage\":{\"@id\":\"https:\\\/\\\/www.latribunedufaso.net\\\/?p=17073\"},\"wordCount\":710,\"commentCount\":0,\"publisher\":{\"@id\":\"https:\\\/\\\/www.latribunedufaso.net\\\/#organization\"},\"image\":{\"@id\":\"https:\\\/\\\/www.latribunedufaso.net\\\/?p=17073#primaryimage\"},\"thumbnailUrl\":\"https:\\\/\\\/www.latribunedufaso.net\\\/wp-content\\\/uploads\\\/2024\\\/11\\\/IMG_20241122_105130_524-scaled.jpg\",\"keywords\":[\"Eglise catholique\",\"Jubil\u00e9 des 125 ans de l'Evang\u00e9lisation au Burkina\",\"latribunedufaso.net\"],\"articleSection\":[\"A la une\",\"Actualit\u00e9\",\"Soci\u00e9t\u00e9\"],\"inLanguage\":\"fr-FR\",\"potentialAction\":[{\"@type\":\"CommentAction\",\"name\":\"Comment\",\"target\":[\"https:\\\/\\\/www.latribunedufaso.net\\\/?p=17073#respond\"]}]},{\"@type\":\"WebPage\",\"@id\":\"https:\\\/\\\/www.latribunedufaso.net\\\/?p=17073\",\"url\":\"https:\\\/\\\/www.latribunedufaso.net\\\/?p=17073\",\"name\":\"Religion : L'Eglise catholique annonce le jubil\u00e9 des 125 ans d'Evang\u00e9lisation au Burkina Faso - La Tribune du Faso\",\"isPartOf\":{\"@id\":\"https:\\\/\\\/www.latribunedufaso.net\\\/#website\"},\"primaryImageOfPage\":{\"@id\":\"https:\\\/\\\/www.latribunedufaso.net\\\/?p=17073#primaryimage\"},\"image\":{\"@id\":\"https:\\\/\\\/www.latribunedufaso.net\\\/?p=17073#primaryimage\"},\"thumbnailUrl\":\"https:\\\/\\\/www.latribunedufaso.net\\\/wp-content\\\/uploads\\\/2024\\\/11\\\/IMG_20241122_105130_524-scaled.jpg\",\"datePublished\":\"2024-11-22T18:48:11+00:00\",\"breadcrumb\":{\"@id\":\"https:\\\/\\\/www.latribunedufaso.net\\\/?p=17073#breadcrumb\"},\"inLanguage\":\"fr-FR\",\"potentialAction\":[{\"@type\":\"ReadAction\",\"target\":[\"https:\\\/\\\/www.latribunedufaso.net\\\/?p=17073\"]}]},{\"@type\":\"ImageObject\",\"inLanguage\":\"fr-FR\",\"@id\":\"https:\\\/\\\/www.latribunedufaso.net\\\/?p=17073#primaryimage\",\"url\":\"https:\\\/\\\/www.latribunedufaso.net\\\/wp-content\\\/uploads\\\/2024\\\/11\\\/IMG_20241122_105130_524-scaled.jpg\",\"contentUrl\":\"https:\\\/\\\/www.latribunedufaso.net\\\/wp-content\\\/uploads\\\/2024\\\/11\\\/IMG_20241122_105130_524-scaled.jpg\",\"width\":2560,\"height\":1920,\"caption\":\"Conf\u00e9rence de presse du jubil\u00e9 des 125 ans d'Evang\u00e9lisation au Burkina, 22 novembre 2024\"},{\"@type\":\"BreadcrumbList\",\"@id\":\"https:\\\/\\\/www.latribunedufaso.net\\\/?p=17073#breadcrumb\",\"itemListElement\":[{\"@type\":\"ListItem\",\"position\":1,\"name\":\"Accueil\",\"item\":\"https:\\\/\\\/www.latribunedufaso.net\\\/\"},{\"@type\":\"ListItem\",\"position\":2,\"name\":\"Religion : L&rsquo;Eglise catholique annonce le jubil\u00e9 des 125 ans d&rsquo;Evang\u00e9lisation au Burkina Faso\"}]},{\"@type\":\"WebSite\",\"@id\":\"https:\\\/\\\/www.latribunedufaso.net\\\/#website\",\"url\":\"https:\\\/\\\/www.latribunedufaso.net\\\/\",\"name\":\"La Tribune du Faso\",\"description\":\"L&#039;information du monde rural en un clic\",\"publisher\":{\"@id\":\"https:\\\/\\\/www.latribunedufaso.net\\\/#organization\"},\"potentialAction\":[{\"@type\":\"SearchAction\",\"target\":{\"@type\":\"EntryPoint\",\"urlTemplate\":\"https:\\\/\\\/www.latribunedufaso.net\\\/?s={search_term_string}\"},\"query-input\":{\"@type\":\"PropertyValueSpecification\",\"valueRequired\":true,\"valueName\":\"search_term_string\"}}],\"inLanguage\":\"fr-FR\"},{\"@type\":\"Organization\",\"@id\":\"https:\\\/\\\/www.latribunedufaso.net\\\/#organization\",\"name\":\"La Tribune du Faso\",\"url\":\"https:\\\/\\\/www.latribunedufaso.net\\\/\",\"logo\":{\"@type\":\"ImageObject\",\"inLanguage\":\"fr-FR\",\"@id\":\"https:\\\/\\\/www.latribunedufaso.net\\\/#\\\/schema\\\/logo\\\/image\\\/\",\"url\":\"https:\\\/\\\/www.latribunedufaso.net\\\/wp-content\\\/uploads\\\/2020\\\/08\\\/Logo-Tribune-du-Faso-final-scaled.jpg\",\"contentUrl\":\"https:\\\/\\\/www.latribunedufaso.net\\\/wp-content\\\/uploads\\\/2020\\\/08\\\/Logo-Tribune-du-Faso-final-scaled.jpg\",\"width\":2560,\"height\":1856,\"caption\":\"La Tribune du Faso\"},\"image\":{\"@id\":\"https:\\\/\\\/www.latribunedufaso.net\\\/#\\\/schema\\\/logo\\\/image\\\/\"},\"sameAs\":[\"https:\\\/\\\/www.facebook.com\\\/LatribuneduFaso\\\/\"]},{\"@type\":\"Person\",\"@id\":\"https:\\\/\\\/www.latribunedufaso.net\\\/#\\\/schema\\\/person\\\/e54e64c5778a7e72cf80a318b7a622b0\",\"name\":\"Issouf Tapsoba\",\"image\":{\"@type\":\"ImageObject\",\"inLanguage\":\"fr-FR\",\"@id\":\"https:\\\/\\\/secure.gravatar.com\\\/avatar\\\/5e6c05150ce3230247d167f5b94d678eb05936197436d69b7921e3a95c9107ac?s=96&d=mm&r=g\",\"url\":\"https:\\\/\\\/secure.gravatar.com\\\/avatar\\\/5e6c05150ce3230247d167f5b94d678eb05936197436d69b7921e3a95c9107ac?s=96&d=mm&r=g\",\"contentUrl\":\"https:\\\/\\\/secure.gravatar.com\\\/avatar\\\/5e6c05150ce3230247d167f5b94d678eb05936197436d69b7921e3a95c9107ac?s=96&d=mm&r=g\",\"caption\":\"Issouf Tapsoba\"},\"url\":\"https:\\\/\\\/www.latribunedufaso.net\\\/?author=5\"}]}<\/script>\n<!-- \/ Yoast SEO plugin. -->","yoast_head_json":{"title":"Religion : L'Eglise catholique annonce le jubil\u00e9 des 125 ans d'Evang\u00e9lisation au Burkina Faso - La Tribune du Faso","robots":{"index":"index","follow":"follow","max-snippet":"max-snippet:-1","max-image-preview":"max-image-preview:large","max-video-preview":"max-video-preview:-1"},"canonical":"https:\/\/www.latribunedufaso.net\/?p=17073","og_locale":"fr_FR","og_type":"article","og_title":"Religion : L'Eglise catholique annonce le jubil\u00e9 des 125 ans d'Evang\u00e9lisation au Burkina Faso - La Tribune du Faso","og_description":"\u00ab L&rsquo;Eglise Famille de Dieu au Burkina Faso : 125 ans d&rsquo;\u00e9vang\u00e9lisation, bilan des options pastorales et perspectives pour un nouveau d\u00e9part \u00bb, c&rsquo;est sur ce th\u00e8me que se tient la c\u00e9l\u00e9bration du jubil\u00e9 des 125 ans d&rsquo;Evang\u00e9lisation au Burkina Faso. L&rsquo;annonce est faite par le Pr\u00e9sident de la Conf\u00e9rence \u00e9piscopale Burkina-Niger, Mgr Laurent Dabir\u00e9. C&rsquo;\u00e9tait au cours d&rsquo;une conf\u00e9rence de presse organis\u00e9e ce 22 novembre 2024 \u00e0 Ouagadougou.","og_url":"https:\/\/www.latribunedufaso.net\/?p=17073","og_site_name":"La Tribune du Faso","article_publisher":"https:\/\/www.facebook.com\/LatribuneduFaso\/","article_published_time":"2024-11-22T18:48:11+00:00","og_image":[{"width":2560,"height":1920,"url":"https:\/\/www.latribunedufaso.net\/wp-content\/uploads\/2024\/11\/IMG_20241122_105130_524-scaled.jpg","type":"image\/jpeg"}],"author":"Issouf Tapsoba","twitter_misc":{"\u00c9crit par":"Issouf Tapsoba","Dur\u00e9e de lecture estim\u00e9e":"3 minutes"},"schema":{"@context":"https:\/\/schema.org","@graph":[{"@type":"Article","@id":"https:\/\/www.latribunedufaso.net\/?p=17073#article","isPartOf":{"@id":"https:\/\/www.latribunedufaso.net\/?p=17073"},"author":{"name":"Issouf Tapsoba","@id":"https:\/\/www.latribunedufaso.net\/#\/schema\/person\/e54e64c5778a7e72cf80a318b7a622b0"},"headline":"Religion : L&rsquo;Eglise catholique annonce le jubil\u00e9 des 125 ans d&rsquo;Evang\u00e9lisation au Burkina Faso","datePublished":"2024-11-22T18:48:11+00:00","mainEntityOfPage":{"@id":"https:\/\/www.latribunedufaso.net\/?p=17073"},"wordCount":710,"commentCount":0,"publisher":{"@id":"https:\/\/www.latribunedufaso.net\/#organization"},"image":{"@id":"https:\/\/www.latribunedufaso.net\/?p=17073#primaryimage"},"thumbnailUrl":"https:\/\/www.latribunedufaso.net\/wp-content\/uploads\/2024\/11\/IMG_20241122_105130_524-scaled.jpg","keywords":["Eglise catholique","Jubil\u00e9 des 125 ans de l'Evang\u00e9lisation au Burkina","latribunedufaso.net"],"articleSection":["A la une","Actualit\u00e9","Soci\u00e9t\u00e9"],"inLanguage":"fr-FR","potentialAction":[{"@type":"CommentAction","name":"Comment","target":["https:\/\/www.latribunedufaso.net\/?p=17073#respond"]}]},{"@type":"WebPage","@id":"https:\/\/www.latribunedufaso.net\/?p=17073","url":"https:\/\/www.latribunedufaso.net\/?p=17073","name":"Religion : L'Eglise catholique annonce le jubil\u00e9 des 125 ans d'Evang\u00e9lisation au Burkina Faso - La Tribune du Faso","isPartOf":{"@id":"https:\/\/www.latribunedufaso.net\/#website"},"primaryImageOfPage":{"@id":"https:\/\/www.latribunedufaso.net\/?p=17073#primaryimage"},"image":{"@id":"https:\/\/www.latribunedufaso.net\/?p=17073#primaryimage"},"thumbnailUrl":"https:\/\/www.latribunedufaso.net\/wp-content\/uploads\/2024\/11\/IMG_20241122_105130_524-scaled.jpg","datePublished":"2024-11-22T18:48:11+00:00","breadcrumb":{"@id":"https:\/\/www.latribunedufaso.net\/?p=17073#breadcrumb"},"inLanguage":"fr-FR","potentialAction":[{"@type":"ReadAction","target":["https:\/\/www.latribunedufaso.net\/?p=17073"]}]},{"@type":"ImageObject","inLanguage":"fr-FR","@id":"https:\/\/www.latribunedufaso.net\/?p=17073#primaryimage","url":"https:\/\/www.latribunedufaso.net\/wp-content\/uploads\/2024\/11\/IMG_20241122_105130_524-scaled.jpg","contentUrl":"https:\/\/www.latribunedufaso.net\/wp-content\/uploads\/2024\/11\/IMG_20241122_105130_524-scaled.jpg","width":2560,"height":1920,"caption":"Conf\u00e9rence de presse du jubil\u00e9 des 125 ans d'Evang\u00e9lisation au Burkina, 22 novembre 2024"},{"@type":"BreadcrumbList","@id":"https:\/\/www.latribunedufaso.net\/?p=17073#breadcrumb","itemListElement":[{"@type":"ListItem","position":1,"name":"Accueil","item":"https:\/\/www.latribunedufaso.net\/"},{"@type":"ListItem","position":2,"name":"Religion : L&rsquo;Eglise catholique annonce le jubil\u00e9 des 125 ans d&rsquo;Evang\u00e9lisation au Burkina Faso"}]},{"@type":"WebSite","@id":"https:\/\/www.latribunedufaso.net\/#website","url":"https:\/\/www.latribunedufaso.net\/","name":"La Tribune du Faso","description":"L&#039;information du monde rural en un clic","publisher":{"@id":"https:\/\/www.latribunedufaso.net\/#organization"},"potentialAction":[{"@type":"SearchAction","target":{"@type":"EntryPoint","urlTemplate":"https:\/\/www.latribunedufaso.net\/?s={search_term_string}"},"query-input":{"@type":"PropertyValueSpecification","valueRequired":true,"valueName":"search_term_string"}}],"inLanguage":"fr-FR"},{"@type":"Organization","@id":"https:\/\/www.latribunedufaso.net\/#organization","name":"La Tribune du Faso","url":"https:\/\/www.latribunedufaso.net\/","logo":{"@type":"ImageObject","inLanguage":"fr-FR","@id":"https:\/\/www.latribunedufaso.net\/#\/schema\/logo\/image\/","url":"https:\/\/www.latribunedufaso.net\/wp-content\/uploads\/2020\/08\/Logo-Tribune-du-Faso-final-scaled.jpg","contentUrl":"https:\/\/www.latribunedufaso.net\/wp-content\/uploads\/2020\/08\/Logo-Tribune-du-Faso-final-scaled.jpg","width":2560,"height":1856,"caption":"La Tribune du Faso"},"image":{"@id":"https:\/\/www.latribunedufaso.net\/#\/schema\/logo\/image\/"},"sameAs":["https:\/\/www.facebook.com\/LatribuneduFaso\/"]},{"@type":"Person","@id":"https:\/\/www.latribunedufaso.net\/#\/schema\/person\/e54e64c5778a7e72cf80a318b7a622b0","name":"Issouf Tapsoba","image":{"@type":"ImageObject","inLanguage":"fr-FR","@id":"https:\/\/secure.gravatar.com\/avatar\/5e6c05150ce3230247d167f5b94d678eb05936197436d69b7921e3a95c9107ac?s=96&d=mm&r=g","url":"https:\/\/secure.gravatar.com\/avatar\/5e6c05150ce3230247d167f5b94d678eb05936197436d69b7921e3a95c9107ac?s=96&d=mm&r=g","contentUrl":"https:\/\/secure.gravatar.com\/avatar\/5e6c05150ce3230247d167f5b94d678eb05936197436d69b7921e3a95c9107ac?s=96&d=mm&r=g","caption":"Issouf Tapsoba"},"url":"https:\/\/www.latribunedufaso.net\/?author=5"}]}},"_links":{"self":[{"href":"https:\/\/www.latribunedufaso.net\/index.php?rest_route=\/wp\/v2\/posts\/17073","targetHints":{"allow":["GET"]}}],"collection":[{"href":"https:\/\/www.latribunedufaso.net\/index.php?rest_route=\/wp\/v2\/posts"}],"about":[{"href":"https:\/\/www.latribunedufaso.net\/index.php?rest_route=\/wp\/v2\/types\/post"}],"author":[{"embeddable":true,"href":"https:\/\/www.latribunedufaso.net\/index.php?rest_route=\/wp\/v2\/users\/5"}],"replies":[{"embeddable":true,"href":"https:\/\/www.latribunedufaso.net\/index.php?rest_route=%2Fwp%2Fv2%2Fcomments&post=17073"}],"version-history":[{"count":1,"href":"https:\/\/www.latribunedufaso.net\/index.php?rest_route=\/wp\/v2\/posts\/17073\/revisions"}],"predecessor-version":[{"id":17079,"href":"https:\/\/www.latribunedufaso.net\/index.php?rest_route=\/wp\/v2\/posts\/17073\/revisions\/17079"}],"wp:featuredmedia":[{"embeddable":true,"href":"https:\/\/www.latribunedufaso.net\/index.php?rest_route=\/wp\/v2\/media\/17078"}],"wp:attachment":[{"href":"https:\/\/www.latribunedufaso.net\/index.php?rest_route=%2Fwp%2Fv2%2Fmedia&parent=17073"}],"wp:term":[{"taxonomy":"category","embeddable":true,"href":"https:\/\/www.latribunedufaso.net\/index.php?rest_route=%2Fwp%2Fv2%2Fcategories&post=17073"},{"taxonomy":"post_tag","embeddable":true,"href":"https:\/\/www.latribunedufaso.net\/index.php?rest_route=%2Fwp%2Fv2%2Ftags&post=17073"}],"curies":[{"name":"wp","href":"https:\/\/api.w.org\/{rel}","templated":true}]}}