{"id":17035,"date":"2024-11-20T20:56:19","date_gmt":"2024-11-20T20:56:19","guid":{"rendered":"https:\/\/www.latribunedufaso.net\/?p=17035"},"modified":"2024-11-20T20:56:19","modified_gmt":"2024-11-20T20:56:19","slug":"burkina-les-membres-du-gouvernement-se-deplaceront-desormais-en-vehicules-electriques","status":"publish","type":"post","link":"https:\/\/www.latribunedufaso.net\/?p=17035","title":{"rendered":"Burkina : Les membres du gouvernement se d\u00e9placeront d\u00e9sormais en v\u00e9hicules \u00e9lectriques\u00a0"},"content":{"rendered":"<p><strong><span style=\"font-size: 1.0625rem;\">Ce 20 novembre 2024 \u00e0 Ouagadougou, le Directeur de Cabinet du Pr\u00e9sident du Faso, le Capitaine Martha C\u00e9leste Anderson Dekomwin M\u00e9dah a remis, au nom du Chef de l\u2019Etat, des v\u00e9hicules \u00e9lectriques au ministre de l\u2019Economie et des Finances, Aboubakar Nacanabo au profit des membres du gouvernement.<\/span><\/strong><!--more--><\/p>\n<p>D\u2019une valeur de plus d\u2019un milliard de FCFA, ces v\u00e9hicules \u00e9lectriques sont offerts au gouvernement burkinab\u00e8 par le Pr\u00e9sident Directeur G\u00e9n\u00e9ral de Yunhong International Group, Li Yubao, Conseiller sp\u00e9cial du Pr\u00e9sident du Faso. Selon son repr\u00e9sentant Wei Yang, ces v\u00e9hicules \u00e9lectriques ont une autonomie de 500 km.<em><strong> \u00ab Ce sont des v\u00e9hicules qui vont permettre de r\u00e9duire efficacement les \u00e9missions nocives de gaz, contribuer \u00e0 la protection de l\u2019environnement et r\u00e9duire le co\u00fbt du carburant et de la maintenance \u00bb,<\/strong><\/em> a indiqu\u00e9 M. Yang qui a pr\u00e9cis\u00e9 que ce don vise \u00e0 accompagner le Pr\u00e9sident du Faso dans sa volont\u00e9 de r\u00e9duire le train de vie de l\u2019Etat.<\/p>\n<figure id=\"attachment_17036\" aria-describedby=\"caption-attachment-17036\" style=\"width: 1080px\" class=\"wp-caption aligncenter\"><a href=\"https:\/\/www.latribunedufaso.net\/wp-content\/uploads\/2024\/11\/IMG-20241120-WA0075.jpg\"><img loading=\"lazy\" decoding=\"async\" class=\"size-full wp-image-17036\" src=\"https:\/\/www.latribunedufaso.net\/wp-content\/uploads\/2024\/11\/IMG-20241120-WA0075.jpg\" alt=\"Remise des v\u00e9hicules \u00e9lectriques au membre du gouvernement par le DIRCAB de la Pr\u00e9sidence du Faso, au nom du Chef de l'Etat, 20 novembre 2024\" width=\"1080\" height=\"705\" srcset=\"https:\/\/www.latribunedufaso.net\/wp-content\/uploads\/2024\/11\/IMG-20241120-WA0075.jpg 1080w, https:\/\/www.latribunedufaso.net\/wp-content\/uploads\/2024\/11\/IMG-20241120-WA0075-300x196.jpg 300w, https:\/\/www.latribunedufaso.net\/wp-content\/uploads\/2024\/11\/IMG-20241120-WA0075-1024x668.jpg 1024w, https:\/\/www.latribunedufaso.net\/wp-content\/uploads\/2024\/11\/IMG-20241120-WA0075-768x501.jpg 768w\" sizes=\"auto, (max-width: 1080px) 100vw, 1080px\" \/><\/a><figcaption id=\"caption-attachment-17036\" class=\"wp-caption-text\">Wei Yang, repr\u00e9sentant du donateur, le Pr\u00e9sident Directeur G\u00e9n\u00e9ral de Yunhong International Group, Li Yubao &#8211; Ph. PREFASO<\/figcaption><\/figure>\n<p>En effet, en mars dernier le Chef de l\u2019Etat, le Capitaine Ibrahim Traor\u00e9 annon\u00e7ait la dotation des diff\u00e9rents ministres de v\u00e9hicules \u00e9lectriques dans l\u2019optique de r\u00e9duire les charges de fonctionnement de l\u2019Etat. Pour le Directeur de Cabinet du Chef de l\u2019Etat, il \u00e9tait question d\u2019avoir des v\u00e9hicules \u00e9cologiques pour pr\u00e9server l\u2019environnement et garantir davantage la sant\u00e9 des populations, surtout dans les milieux urbains.<\/p>\n<p><em><strong>\u00ab C\u2019est dans ce sens, que monsieur Li Yubao a entendu le message du Pr\u00e9sident du Faso en faisant un don gracieux de 53 v\u00e9hicules \u00e9lectriques, dont une trentaine a \u00e9t\u00e9 r\u00e9ceptionn\u00e9e et le reste sera fait dans les jours \u00e0 venir. C\u2019est l\u2019occasion pour moi de saluer ce partenariat tr\u00e8s int\u00e9ressant et gagnant entre le secteur priv\u00e9 et l\u2019Etat \u00bb<\/strong><\/em>, s\u2019est r\u00e9joui le Capitaine Martha C\u00e9leste Anderson Dekomwin M\u00e9dah.<\/p>\n<p>Il a annonc\u00e9 que le Fonds Burkinab\u00e8 de D\u00e9veloppement Economique et Social a entrepris des travaux et est actuellement en partenariat avec une start-up qui va installer une unit\u00e9 industrielle d\u2019assemblage de v\u00e9hicules \u00e9lectriques enti\u00e8rement r\u00e9alis\u00e9s au Burkina Faso, et mont\u00e9s localement avec des burkinab\u00e8.<em><strong> \u00ab Cette unit\u00e9 industrielle pr\u00e9voit de mettre \u00e0 la disposition des burkinab\u00e8 ces premiers v\u00e9hicules enti\u00e8rement mont\u00e9s au Burkina Faso dans le premier trimestre de l\u2019ann\u00e9e 2025 \u00bb,<\/strong><\/em> a confi\u00e9 le Directeur de Cabinet du Pr\u00e9sident du Faso.<\/p>\n<figure id=\"attachment_17038\" aria-describedby=\"caption-attachment-17038\" style=\"width: 1080px\" class=\"wp-caption aligncenter\"><a href=\"https:\/\/www.latribunedufaso.net\/wp-content\/uploads\/2024\/11\/IMG-20241120-WA0073.jpg\"><img loading=\"lazy\" decoding=\"async\" class=\"size-full wp-image-17038\" src=\"https:\/\/www.latribunedufaso.net\/wp-content\/uploads\/2024\/11\/IMG-20241120-WA0073.jpg\" alt=\"Remise des v\u00e9hicules \u00e9lectriques au membre du gouvernement par le DIRCAB de la Pr\u00e9sidence du Faso, au nom du Chef de l'Etat, 20 novembre 2024\" width=\"1080\" height=\"703\" srcset=\"https:\/\/www.latribunedufaso.net\/wp-content\/uploads\/2024\/11\/IMG-20241120-WA0073.jpg 1080w, https:\/\/www.latribunedufaso.net\/wp-content\/uploads\/2024\/11\/IMG-20241120-WA0073-300x195.jpg 300w, https:\/\/www.latribunedufaso.net\/wp-content\/uploads\/2024\/11\/IMG-20241120-WA0073-1024x667.jpg 1024w, https:\/\/www.latribunedufaso.net\/wp-content\/uploads\/2024\/11\/IMG-20241120-WA0073-768x500.jpg 768w\" sizes=\"auto, (max-width: 1080px) 100vw, 1080px\" \/><\/a><figcaption id=\"caption-attachment-17038\" class=\"wp-caption-text\">Une trentaine de v\u00e9hicules \u00e9lectriques ont \u00e9t\u00e9 r\u00e9ceptionn\u00e9s &#8211; Ph. PREFASO<\/figcaption><\/figure>\n<p>Le ministre de l\u2019Economie et des Finances, Aboubakar Nacanabo, en recevant les cl\u00e9s, a rassur\u00e9 que les membres du gouvernement vont utiliser ces v\u00e9hicules, au regard de leur engagement pour la r\u00e9duction du train de vie de l\u2019Etat et la protection de l\u2019environnement.<\/p>\n<p><strong>Latribunedufaso.net<\/strong><\/p>\n<p><strong>Source : Direction de la Communication de la Pr\u00e9sidence du <span style=\"font-size: 1.0625rem;\">Faso<\/span><\/strong><\/p>\n","protected":false},"excerpt":{"rendered":"<p>Ce 20 novembre 2024 \u00e0 Ouagadougou, le Directeur de Cabinet du Pr\u00e9sident du Faso, le Capitaine Martha C\u00e9leste Anderson Dekomwin M\u00e9dah a remis, au nom du Chef de l\u2019Etat, des v\u00e9hicules \u00e9lectriques au ministre de l\u2019Economie et des Finances, Aboubakar Nacanabo au profit des membres du gouvernement.<\/p>\n","protected":false},"author":5,"featured_media":17037,"comment_status":"open","ping_status":"open","sticky":false,"template":"","format":"standard","meta":{"footnotes":""},"categories":[13,1,8],"tags":[39,484,483],"class_list":["post-17035","post","type-post","status-publish","format-standard","has-post-thumbnail","hentry","category-une","category-actu","category-societe","tag-latribunedufaso-net","tag-protection-de-lenvironnement","tag-remise-de-vehicule-electrique-au-gouvernement"],"yoast_head":"<!-- This site is optimized with the Yoast SEO plugin v27.5 - https:\/\/yoast.com\/product\/yoast-seo-wordpress\/ -->\n<title>Burkina : Les membres du gouvernement se d\u00e9placeront d\u00e9sormais en v\u00e9hicules \u00e9lectriques\u00a0 - La Tribune du Faso<\/title>\n<meta name=\"robots\" content=\"index, follow, max-snippet:-1, max-image-preview:large, max-video-preview:-1\" \/>\n<link rel=\"canonical\" href=\"https:\/\/www.latribunedufaso.net\/?p=17035\" \/>\n<meta property=\"og:locale\" content=\"fr_FR\" \/>\n<meta property=\"og:type\" content=\"article\" \/>\n<meta property=\"og:title\" content=\"Burkina : Les membres du gouvernement se d\u00e9placeront d\u00e9sormais en v\u00e9hicules \u00e9lectriques\u00a0 - La Tribune du Faso\" \/>\n<meta property=\"og:description\" content=\"Ce 20 novembre 2024 \u00e0 Ouagadougou, le Directeur de Cabinet du Pr\u00e9sident du Faso, le Capitaine Martha C\u00e9leste Anderson Dekomwin M\u00e9dah a remis, au nom du Chef de l\u2019Etat, des v\u00e9hicules \u00e9lectriques au ministre de l\u2019Economie et des Finances, Aboubakar Nacanabo au profit des membres du gouvernement.\" \/>\n<meta property=\"og:url\" content=\"https:\/\/www.latribunedufaso.net\/?p=17035\" \/>\n<meta property=\"og:site_name\" content=\"La Tribune du Faso\" \/>\n<meta property=\"article:publisher\" content=\"https:\/\/www.facebook.com\/LatribuneduFaso\/\" \/>\n<meta property=\"article:published_time\" content=\"2024-11-20T20:56:19+00:00\" \/>\n<meta property=\"og:image\" content=\"https:\/\/www.latribunedufaso.net\/wp-content\/uploads\/2024\/11\/IMG-20241120-WA0072.jpg\" \/>\n\t<meta property=\"og:image:width\" content=\"1080\" \/>\n\t<meta property=\"og:image:height\" content=\"720\" \/>\n\t<meta property=\"og:image:type\" content=\"image\/jpeg\" \/>\n<meta name=\"author\" content=\"Issouf Tapsoba\" \/>\n<meta name=\"twitter:label1\" content=\"\u00c9crit par\" \/>\n\t<meta name=\"twitter:data1\" content=\"Issouf Tapsoba\" \/>\n\t<meta name=\"twitter:label2\" content=\"Dur\u00e9e de lecture estim\u00e9e\" \/>\n\t<meta name=\"twitter:data2\" content=\"3 minutes\" \/>\n<script type=\"application\/ld+json\" class=\"yoast-schema-graph\">{\"@context\":\"https:\\\/\\\/schema.org\",\"@graph\":[{\"@type\":\"Article\",\"@id\":\"https:\\\/\\\/www.latribunedufaso.net\\\/?p=17035#article\",\"isPartOf\":{\"@id\":\"https:\\\/\\\/www.latribunedufaso.net\\\/?p=17035\"},\"author\":{\"name\":\"Issouf Tapsoba\",\"@id\":\"https:\\\/\\\/www.latribunedufaso.net\\\/#\\\/schema\\\/person\\\/e54e64c5778a7e72cf80a318b7a622b0\"},\"headline\":\"Burkina : Les membres du gouvernement se d\u00e9placeront d\u00e9sormais en v\u00e9hicules \u00e9lectriques\u00a0\",\"datePublished\":\"2024-11-20T20:56:19+00:00\",\"mainEntityOfPage\":{\"@id\":\"https:\\\/\\\/www.latribunedufaso.net\\\/?p=17035\"},\"wordCount\":546,\"commentCount\":0,\"publisher\":{\"@id\":\"https:\\\/\\\/www.latribunedufaso.net\\\/#organization\"},\"image\":{\"@id\":\"https:\\\/\\\/www.latribunedufaso.net\\\/?p=17035#primaryimage\"},\"thumbnailUrl\":\"https:\\\/\\\/www.latribunedufaso.net\\\/wp-content\\\/uploads\\\/2024\\\/11\\\/IMG-20241120-WA0072.jpg\",\"keywords\":[\"latribunedufaso.net\",\"Protection de l'environnement\",\"Remise de v\u00e9hicule \u00e9lectrique au gouvernement\"],\"articleSection\":[\"A la une\",\"Actualit\u00e9\",\"Soci\u00e9t\u00e9\"],\"inLanguage\":\"fr-FR\",\"potentialAction\":[{\"@type\":\"CommentAction\",\"name\":\"Comment\",\"target\":[\"https:\\\/\\\/www.latribunedufaso.net\\\/?p=17035#respond\"]}]},{\"@type\":\"WebPage\",\"@id\":\"https:\\\/\\\/www.latribunedufaso.net\\\/?p=17035\",\"url\":\"https:\\\/\\\/www.latribunedufaso.net\\\/?p=17035\",\"name\":\"Burkina : Les membres du gouvernement se d\u00e9placeront d\u00e9sormais en v\u00e9hicules \u00e9lectriques\u00a0 - La Tribune du Faso\",\"isPartOf\":{\"@id\":\"https:\\\/\\\/www.latribunedufaso.net\\\/#website\"},\"primaryImageOfPage\":{\"@id\":\"https:\\\/\\\/www.latribunedufaso.net\\\/?p=17035#primaryimage\"},\"image\":{\"@id\":\"https:\\\/\\\/www.latribunedufaso.net\\\/?p=17035#primaryimage\"},\"thumbnailUrl\":\"https:\\\/\\\/www.latribunedufaso.net\\\/wp-content\\\/uploads\\\/2024\\\/11\\\/IMG-20241120-WA0072.jpg\",\"datePublished\":\"2024-11-20T20:56:19+00:00\",\"breadcrumb\":{\"@id\":\"https:\\\/\\\/www.latribunedufaso.net\\\/?p=17035#breadcrumb\"},\"inLanguage\":\"fr-FR\",\"potentialAction\":[{\"@type\":\"ReadAction\",\"target\":[\"https:\\\/\\\/www.latribunedufaso.net\\\/?p=17035\"]}]},{\"@type\":\"ImageObject\",\"inLanguage\":\"fr-FR\",\"@id\":\"https:\\\/\\\/www.latribunedufaso.net\\\/?p=17035#primaryimage\",\"url\":\"https:\\\/\\\/www.latribunedufaso.net\\\/wp-content\\\/uploads\\\/2024\\\/11\\\/IMG-20241120-WA0072.jpg\",\"contentUrl\":\"https:\\\/\\\/www.latribunedufaso.net\\\/wp-content\\\/uploads\\\/2024\\\/11\\\/IMG-20241120-WA0072.jpg\",\"width\":1080,\"height\":720,\"caption\":\"Remise des v\u00e9hicules \u00e9lectriques au membre du gouvernement par le DIRCAB de la Pr\u00e9sidence du Faso, au nom du Chef de l'Etat, 20 novembre 2024\"},{\"@type\":\"BreadcrumbList\",\"@id\":\"https:\\\/\\\/www.latribunedufaso.net\\\/?p=17035#breadcrumb\",\"itemListElement\":[{\"@type\":\"ListItem\",\"position\":1,\"name\":\"Accueil\",\"item\":\"https:\\\/\\\/www.latribunedufaso.net\\\/\"},{\"@type\":\"ListItem\",\"position\":2,\"name\":\"Burkina : Les membres du gouvernement se d\u00e9placeront d\u00e9sormais en v\u00e9hicules \u00e9lectriques\u00a0\"}]},{\"@type\":\"WebSite\",\"@id\":\"https:\\\/\\\/www.latribunedufaso.net\\\/#website\",\"url\":\"https:\\\/\\\/www.latribunedufaso.net\\\/\",\"name\":\"La Tribune du Faso\",\"description\":\"L&#039;information du monde rural en un clic\",\"publisher\":{\"@id\":\"https:\\\/\\\/www.latribunedufaso.net\\\/#organization\"},\"potentialAction\":[{\"@type\":\"SearchAction\",\"target\":{\"@type\":\"EntryPoint\",\"urlTemplate\":\"https:\\\/\\\/www.latribunedufaso.net\\\/?s={search_term_string}\"},\"query-input\":{\"@type\":\"PropertyValueSpecification\",\"valueRequired\":true,\"valueName\":\"search_term_string\"}}],\"inLanguage\":\"fr-FR\"},{\"@type\":\"Organization\",\"@id\":\"https:\\\/\\\/www.latribunedufaso.net\\\/#organization\",\"name\":\"La Tribune du Faso\",\"url\":\"https:\\\/\\\/www.latribunedufaso.net\\\/\",\"logo\":{\"@type\":\"ImageObject\",\"inLanguage\":\"fr-FR\",\"@id\":\"https:\\\/\\\/www.latribunedufaso.net\\\/#\\\/schema\\\/logo\\\/image\\\/\",\"url\":\"https:\\\/\\\/www.latribunedufaso.net\\\/wp-content\\\/uploads\\\/2020\\\/08\\\/Logo-Tribune-du-Faso-final-scaled.jpg\",\"contentUrl\":\"https:\\\/\\\/www.latribunedufaso.net\\\/wp-content\\\/uploads\\\/2020\\\/08\\\/Logo-Tribune-du-Faso-final-scaled.jpg\",\"width\":2560,\"height\":1856,\"caption\":\"La Tribune du Faso\"},\"image\":{\"@id\":\"https:\\\/\\\/www.latribunedufaso.net\\\/#\\\/schema\\\/logo\\\/image\\\/\"},\"sameAs\":[\"https:\\\/\\\/www.facebook.com\\\/LatribuneduFaso\\\/\"]},{\"@type\":\"Person\",\"@id\":\"https:\\\/\\\/www.latribunedufaso.net\\\/#\\\/schema\\\/person\\\/e54e64c5778a7e72cf80a318b7a622b0\",\"name\":\"Issouf Tapsoba\",\"image\":{\"@type\":\"ImageObject\",\"inLanguage\":\"fr-FR\",\"@id\":\"https:\\\/\\\/secure.gravatar.com\\\/avatar\\\/5e6c05150ce3230247d167f5b94d678eb05936197436d69b7921e3a95c9107ac?s=96&d=mm&r=g\",\"url\":\"https:\\\/\\\/secure.gravatar.com\\\/avatar\\\/5e6c05150ce3230247d167f5b94d678eb05936197436d69b7921e3a95c9107ac?s=96&d=mm&r=g\",\"contentUrl\":\"https:\\\/\\\/secure.gravatar.com\\\/avatar\\\/5e6c05150ce3230247d167f5b94d678eb05936197436d69b7921e3a95c9107ac?s=96&d=mm&r=g\",\"caption\":\"Issouf Tapsoba\"},\"url\":\"https:\\\/\\\/www.latribunedufaso.net\\\/?author=5\"}]}<\/script>\n<!-- \/ Yoast SEO plugin. -->","yoast_head_json":{"title":"Burkina : Les membres du gouvernement se d\u00e9placeront d\u00e9sormais en v\u00e9hicules \u00e9lectriques\u00a0 - La Tribune du Faso","robots":{"index":"index","follow":"follow","max-snippet":"max-snippet:-1","max-image-preview":"max-image-preview:large","max-video-preview":"max-video-preview:-1"},"canonical":"https:\/\/www.latribunedufaso.net\/?p=17035","og_locale":"fr_FR","og_type":"article","og_title":"Burkina : Les membres du gouvernement se d\u00e9placeront d\u00e9sormais en v\u00e9hicules \u00e9lectriques\u00a0 - La Tribune du Faso","og_description":"Ce 20 novembre 2024 \u00e0 Ouagadougou, le Directeur de Cabinet du Pr\u00e9sident du Faso, le Capitaine Martha C\u00e9leste Anderson Dekomwin M\u00e9dah a remis, au nom du Chef de l\u2019Etat, des v\u00e9hicules \u00e9lectriques au ministre de l\u2019Economie et des Finances, Aboubakar Nacanabo au profit des membres du gouvernement.","og_url":"https:\/\/www.latribunedufaso.net\/?p=17035","og_site_name":"La Tribune du Faso","article_publisher":"https:\/\/www.facebook.com\/LatribuneduFaso\/","article_published_time":"2024-11-20T20:56:19+00:00","og_image":[{"width":1080,"height":720,"url":"https:\/\/www.latribunedufaso.net\/wp-content\/uploads\/2024\/11\/IMG-20241120-WA0072.jpg","type":"image\/jpeg"}],"author":"Issouf Tapsoba","twitter_misc":{"\u00c9crit par":"Issouf Tapsoba","Dur\u00e9e de lecture estim\u00e9e":"3 minutes"},"schema":{"@context":"https:\/\/schema.org","@graph":[{"@type":"Article","@id":"https:\/\/www.latribunedufaso.net\/?p=17035#article","isPartOf":{"@id":"https:\/\/www.latribunedufaso.net\/?p=17035"},"author":{"name":"Issouf Tapsoba","@id":"https:\/\/www.latribunedufaso.net\/#\/schema\/person\/e54e64c5778a7e72cf80a318b7a622b0"},"headline":"Burkina : Les membres du gouvernement se d\u00e9placeront d\u00e9sormais en v\u00e9hicules \u00e9lectriques\u00a0","datePublished":"2024-11-20T20:56:19+00:00","mainEntityOfPage":{"@id":"https:\/\/www.latribunedufaso.net\/?p=17035"},"wordCount":546,"commentCount":0,"publisher":{"@id":"https:\/\/www.latribunedufaso.net\/#organization"},"image":{"@id":"https:\/\/www.latribunedufaso.net\/?p=17035#primaryimage"},"thumbnailUrl":"https:\/\/www.latribunedufaso.net\/wp-content\/uploads\/2024\/11\/IMG-20241120-WA0072.jpg","keywords":["latribunedufaso.net","Protection de l'environnement","Remise de v\u00e9hicule \u00e9lectrique au gouvernement"],"articleSection":["A la une","Actualit\u00e9","Soci\u00e9t\u00e9"],"inLanguage":"fr-FR","potentialAction":[{"@type":"CommentAction","name":"Comment","target":["https:\/\/www.latribunedufaso.net\/?p=17035#respond"]}]},{"@type":"WebPage","@id":"https:\/\/www.latribunedufaso.net\/?p=17035","url":"https:\/\/www.latribunedufaso.net\/?p=17035","name":"Burkina : Les membres du gouvernement se d\u00e9placeront d\u00e9sormais en v\u00e9hicules \u00e9lectriques\u00a0 - La Tribune du Faso","isPartOf":{"@id":"https:\/\/www.latribunedufaso.net\/#website"},"primaryImageOfPage":{"@id":"https:\/\/www.latribunedufaso.net\/?p=17035#primaryimage"},"image":{"@id":"https:\/\/www.latribunedufaso.net\/?p=17035#primaryimage"},"thumbnailUrl":"https:\/\/www.latribunedufaso.net\/wp-content\/uploads\/2024\/11\/IMG-20241120-WA0072.jpg","datePublished":"2024-11-20T20:56:19+00:00","breadcrumb":{"@id":"https:\/\/www.latribunedufaso.net\/?p=17035#breadcrumb"},"inLanguage":"fr-FR","potentialAction":[{"@type":"ReadAction","target":["https:\/\/www.latribunedufaso.net\/?p=17035"]}]},{"@type":"ImageObject","inLanguage":"fr-FR","@id":"https:\/\/www.latribunedufaso.net\/?p=17035#primaryimage","url":"https:\/\/www.latribunedufaso.net\/wp-content\/uploads\/2024\/11\/IMG-20241120-WA0072.jpg","contentUrl":"https:\/\/www.latribunedufaso.net\/wp-content\/uploads\/2024\/11\/IMG-20241120-WA0072.jpg","width":1080,"height":720,"caption":"Remise des v\u00e9hicules \u00e9lectriques au membre du gouvernement par le DIRCAB de la Pr\u00e9sidence du Faso, au nom du Chef de l'Etat, 20 novembre 2024"},{"@type":"BreadcrumbList","@id":"https:\/\/www.latribunedufaso.net\/?p=17035#breadcrumb","itemListElement":[{"@type":"ListItem","position":1,"name":"Accueil","item":"https:\/\/www.latribunedufaso.net\/"},{"@type":"ListItem","position":2,"name":"Burkina : Les membres du gouvernement se d\u00e9placeront d\u00e9sormais en v\u00e9hicules \u00e9lectriques\u00a0"}]},{"@type":"WebSite","@id":"https:\/\/www.latribunedufaso.net\/#website","url":"https:\/\/www.latribunedufaso.net\/","name":"La Tribune du Faso","description":"L&#039;information du monde rural en un clic","publisher":{"@id":"https:\/\/www.latribunedufaso.net\/#organization"},"potentialAction":[{"@type":"SearchAction","target":{"@type":"EntryPoint","urlTemplate":"https:\/\/www.latribunedufaso.net\/?s={search_term_string}"},"query-input":{"@type":"PropertyValueSpecification","valueRequired":true,"valueName":"search_term_string"}}],"inLanguage":"fr-FR"},{"@type":"Organization","@id":"https:\/\/www.latribunedufaso.net\/#organization","name":"La Tribune du Faso","url":"https:\/\/www.latribunedufaso.net\/","logo":{"@type":"ImageObject","inLanguage":"fr-FR","@id":"https:\/\/www.latribunedufaso.net\/#\/schema\/logo\/image\/","url":"https:\/\/www.latribunedufaso.net\/wp-content\/uploads\/2020\/08\/Logo-Tribune-du-Faso-final-scaled.jpg","contentUrl":"https:\/\/www.latribunedufaso.net\/wp-content\/uploads\/2020\/08\/Logo-Tribune-du-Faso-final-scaled.jpg","width":2560,"height":1856,"caption":"La Tribune du Faso"},"image":{"@id":"https:\/\/www.latribunedufaso.net\/#\/schema\/logo\/image\/"},"sameAs":["https:\/\/www.facebook.com\/LatribuneduFaso\/"]},{"@type":"Person","@id":"https:\/\/www.latribunedufaso.net\/#\/schema\/person\/e54e64c5778a7e72cf80a318b7a622b0","name":"Issouf Tapsoba","image":{"@type":"ImageObject","inLanguage":"fr-FR","@id":"https:\/\/secure.gravatar.com\/avatar\/5e6c05150ce3230247d167f5b94d678eb05936197436d69b7921e3a95c9107ac?s=96&d=mm&r=g","url":"https:\/\/secure.gravatar.com\/avatar\/5e6c05150ce3230247d167f5b94d678eb05936197436d69b7921e3a95c9107ac?s=96&d=mm&r=g","contentUrl":"https:\/\/secure.gravatar.com\/avatar\/5e6c05150ce3230247d167f5b94d678eb05936197436d69b7921e3a95c9107ac?s=96&d=mm&r=g","caption":"Issouf Tapsoba"},"url":"https:\/\/www.latribunedufaso.net\/?author=5"}]}},"_links":{"self":[{"href":"https:\/\/www.latribunedufaso.net\/index.php?rest_route=\/wp\/v2\/posts\/17035","targetHints":{"allow":["GET"]}}],"collection":[{"href":"https:\/\/www.latribunedufaso.net\/index.php?rest_route=\/wp\/v2\/posts"}],"about":[{"href":"https:\/\/www.latribunedufaso.net\/index.php?rest_route=\/wp\/v2\/types\/post"}],"author":[{"embeddable":true,"href":"https:\/\/www.latribunedufaso.net\/index.php?rest_route=\/wp\/v2\/users\/5"}],"replies":[{"embeddable":true,"href":"https:\/\/www.latribunedufaso.net\/index.php?rest_route=%2Fwp%2Fv2%2Fcomments&post=17035"}],"version-history":[{"count":1,"href":"https:\/\/www.latribunedufaso.net\/index.php?rest_route=\/wp\/v2\/posts\/17035\/revisions"}],"predecessor-version":[{"id":17039,"href":"https:\/\/www.latribunedufaso.net\/index.php?rest_route=\/wp\/v2\/posts\/17035\/revisions\/17039"}],"wp:featuredmedia":[{"embeddable":true,"href":"https:\/\/www.latribunedufaso.net\/index.php?rest_route=\/wp\/v2\/media\/17037"}],"wp:attachment":[{"href":"https:\/\/www.latribunedufaso.net\/index.php?rest_route=%2Fwp%2Fv2%2Fmedia&parent=17035"}],"wp:term":[{"taxonomy":"category","embeddable":true,"href":"https:\/\/www.latribunedufaso.net\/index.php?rest_route=%2Fwp%2Fv2%2Fcategories&post=17035"},{"taxonomy":"post_tag","embeddable":true,"href":"https:\/\/www.latribunedufaso.net\/index.php?rest_route=%2Fwp%2Fv2%2Ftags&post=17035"}],"curies":[{"name":"wp","href":"https:\/\/api.w.org\/{rel}","templated":true}]}}