{"id":17009,"date":"2024-11-20T15:09:21","date_gmt":"2024-11-20T15:09:21","guid":{"rendered":"https:\/\/www.latribunedufaso.net\/?p=17009"},"modified":"2024-11-27T17:48:27","modified_gmt":"2024-11-27T17:48:27","slug":"promotion-de-la-securite-routiere-la-campagne-de-sensibilisation-au-profit-des-eleves-officiellement-lancee","status":"publish","type":"post","link":"https:\/\/www.latribunedufaso.net\/?p=17009","title":{"rendered":"Promotion de la s\u00e9curit\u00e9 routi\u00e8re : La campagne de sensibilisation au profit des \u00e9l\u00e8ves officiellement lanc\u00e9e\u00a0"},"content":{"rendered":"<p><strong style=\"font-size: 1.0625rem;\">L\u2019Office national de la s\u00e9curit\u00e9 routi\u00e8re (ONASER) a proc\u00e9d\u00e9 au lancement officiel de sa campagne de sensibilisation au profit des \u00e9l\u00e8ves des 13 r\u00e9gions du Burkina Faso, ce 20 novembre 2024 au lyc\u00e9e municipal V\u00e9n\u00e9gre, \u00e0 Ouagadougou. C\u2019est le Directeur des syst\u00e8mes d\u2019information de l\u2019ONASER, Aboubacar Fofana, repr\u00e9sentant le Directeur g\u00e9n\u00e9ral, R\u00e8gma Zongo, qui a pr\u00e9sid\u00e9 la c\u00e9r\u00e9monie de lancement.<\/strong><\/p>\n<p><!--more--><\/p>\n<p>Chaque ann\u00e9e, l\u2019Office national de la s\u00e9curit\u00e9 routi\u00e8re (ONASER) met en place un chronogramme de sensibilisation dans les diff\u00e9rents \u00e9tablissements des 13 r\u00e9gions du Burkina Faso. Pour cette ann\u00e9e, le top d\u00e9part de la campagne a \u00e9t\u00e9 donn\u00e9 au lyc\u00e9e municipal V\u00e9n\u00e9gr\u00e9 \u00e0 Ouagadougou, ce 20 novembre 2024. La c\u00e9r\u00e9monie de lancement a \u00e9t\u00e9 pr\u00e9sid\u00e9e par le Directeur des syst\u00e8mes d\u2019information de l\u2019ONASER, Aboubacar Fofana, repr\u00e9sentant le Directeur g\u00e9n\u00e9ral, R\u00e8gma Zongo.<\/p>\n<figure id=\"attachment_17012\" aria-describedby=\"caption-attachment-17012\" style=\"width: 2560px\" class=\"wp-caption aligncenter\"><a href=\"https:\/\/www.latribunedufaso.net\/wp-content\/uploads\/2024\/11\/IMG-20241120-WA0022.jpg\"><img loading=\"lazy\" decoding=\"async\" class=\"size-full wp-image-17012\" src=\"https:\/\/www.latribunedufaso.net\/wp-content\/uploads\/2024\/11\/IMG-20241120-WA0022.jpg\" alt=\"Le Directeur des  syst\u00e8mes d\u2019information  de l\u2019ONASER, Aboubacar Fofana, repr\u00e9sentant le Directeur g\u00e9n\u00e9ral, R\u00e8gma Zongo lors du lancement de la compagne de sensibilisation au profit des \u00e9l\u00e8ves, 20 novembre 2024\" width=\"2560\" height=\"1927\" srcset=\"https:\/\/www.latribunedufaso.net\/wp-content\/uploads\/2024\/11\/IMG-20241120-WA0022.jpg 2560w, https:\/\/www.latribunedufaso.net\/wp-content\/uploads\/2024\/11\/IMG-20241120-WA0022-300x226.jpg 300w, https:\/\/www.latribunedufaso.net\/wp-content\/uploads\/2024\/11\/IMG-20241120-WA0022-1024x771.jpg 1024w, https:\/\/www.latribunedufaso.net\/wp-content\/uploads\/2024\/11\/IMG-20241120-WA0022-768x578.jpg 768w, https:\/\/www.latribunedufaso.net\/wp-content\/uploads\/2024\/11\/IMG-20241120-WA0022-1536x1156.jpg 1536w, https:\/\/www.latribunedufaso.net\/wp-content\/uploads\/2024\/11\/IMG-20241120-WA0022-2048x1542.jpg 2048w\" sizes=\"auto, (max-width: 2560px) 100vw, 2560px\" \/><\/a><figcaption id=\"caption-attachment-17012\" class=\"wp-caption-text\">\u00ab Chaque fois qu\u2019une \u00e2me est arrach\u00e9e \u00e0 ses parents, c\u2019est une perte pour tout le Burkina Faso parce que c\u2019est un bras valide qui s\u2019en va \u00bb, le Directeur des syst\u00e8mes d\u2019information de l\u2019ONASER, Aboubacar Fofana, repr\u00e9sentant le Directeur g\u00e9n\u00e9ral, R\u00e8gma Zongo &#8211; Ph. A. Kiendrebeogo<\/figcaption><\/figure>\n<p>Cette campagne qui vient d\u2019\u00eatre lanc\u00e9es va se d\u00e9rouler durant toute l\u2019ann\u00e9e scolaire 2024-2025, selon Aboubacar Fofana. Et les diff\u00e9rentes th\u00e9matiques abord\u00e9es sont, entre autres, <strong>\u00ab Signalisation et s\u00e9curit\u00e9 routi\u00e8re \u00bb<\/strong>, <em><strong>\u00ab Le port du casque \u00bb, <\/strong><strong>\u00ab Le respect des limitations de vitesse<\/strong> <\/em>\u00bb et\u00a0 <em><strong>\u00ab les bons comportements en circulation \u00bb.\u00a0<\/strong><\/em><\/p>\n<blockquote>\n<p>Lire aussi &gt;&gt; <a href=\"https:\/\/www.latribunedufaso.net\/?p=16791\">Port du casque de protection en circulation : Bient\u00f4t obligatoire au Burkina ?<\/a><\/p>\n<\/blockquote>\n<p><em><strong>\u00ab Au niveau des centres de traumatologie des diff\u00e9rents centres hospitaliers, il a \u00e9t\u00e9 remarqu\u00e9 que la grande majorit\u00e9 des traumatis\u00e9s cr\u00e2niens sont des conducteurs \u00e0 deux roues. Nous prenons donc le temps d\u2019expliquer cela \u00e0 ces \u00e9l\u00e8ves qui sont les plus vuln\u00e9rables lorsqu\u2019ils empruntent la circulation \u00bb<\/strong><\/em>, a-t-il expliqu\u00e9 en ce qui concerne la raison de cette campagne de sensibilisation .<\/p>\n<figure id=\"attachment_17013\" aria-describedby=\"caption-attachment-17013\" style=\"width: 2560px\" class=\"wp-caption aligncenter\"><a href=\"https:\/\/www.latribunedufaso.net\/wp-content\/uploads\/2024\/11\/IMG-20241120-WA0014.jpg\"><img loading=\"lazy\" decoding=\"async\" class=\"size-full wp-image-17013\" src=\"https:\/\/www.latribunedufaso.net\/wp-content\/uploads\/2024\/11\/IMG-20241120-WA0014.jpg\" alt=\"Lancement de la compagne de sensibilisation sur la la s\u00e9curit\u00e9 au profit des \u00e9l\u00e8ves, 20 novembre 2024\" width=\"2560\" height=\"1927\" srcset=\"https:\/\/www.latribunedufaso.net\/wp-content\/uploads\/2024\/11\/IMG-20241120-WA0014.jpg 2560w, https:\/\/www.latribunedufaso.net\/wp-content\/uploads\/2024\/11\/IMG-20241120-WA0014-300x226.jpg 300w, https:\/\/www.latribunedufaso.net\/wp-content\/uploads\/2024\/11\/IMG-20241120-WA0014-1024x771.jpg 1024w, https:\/\/www.latribunedufaso.net\/wp-content\/uploads\/2024\/11\/IMG-20241120-WA0014-768x578.jpg 768w, https:\/\/www.latribunedufaso.net\/wp-content\/uploads\/2024\/11\/IMG-20241120-WA0014-1536x1156.jpg 1536w, https:\/\/www.latribunedufaso.net\/wp-content\/uploads\/2024\/11\/IMG-20241120-WA0014-2048x1542.jpg 2048w\" sizes=\"auto, (max-width: 2560px) 100vw, 2560px\" \/><\/a><figcaption id=\"caption-attachment-17013\" class=\"wp-caption-text\">Les \u00e9l\u00e8ves ont particip\u00e9 au lancement de la campagne de sensibilisation &#8211; Ph. A. Kiendrebeogo<\/figcaption><\/figure>\n<p>Les \u00e9l\u00e8ves <em><strong>\u00ab constituent l\u2019avenir de ce pays \u00bb,<\/strong><\/em> selon lui. <span style=\"font-size: 1.0625rem;\">A l\u2019issue de cette campagne, le but de l&rsquo;ONASER est qu&rsquo;ils soient <\/span><span style=\"font-size: 1.0625rem;\">des citoyens mod\u00e8les lorsqu\u2019ils empruntent la voie.<em><strong> \u00ab Chaque fois qu\u2019une \u00e2me est arrach\u00e9e \u00e0 ses parents, c\u2019est une perte pour tout le Burkina Faso parce que c\u2019est un bras valide qui s\u2019en va. Voil\u00e0 pourquoi notre attente vis-\u00e0-vis de ces \u00e9l\u00e8ves, c\u2019est un changement de comportement lorsqu\u2019ils empruntent les routes \u00bb<\/strong><\/em>, a indiqu\u00e9 le repr\u00e9sentant du Directeur g\u00e9n\u00e9ral.<\/span><\/p>\n<figure id=\"attachment_17010\" aria-describedby=\"caption-attachment-17010\" style=\"width: 1085px\" class=\"wp-caption aligncenter\"><a href=\"https:\/\/www.latribunedufaso.net\/wp-content\/uploads\/2024\/11\/IMG-20241120-WA0025.jpg\"><img loading=\"lazy\" decoding=\"async\" class=\"size-full wp-image-17010\" src=\"https:\/\/www.latribunedufaso.net\/wp-content\/uploads\/2024\/11\/IMG-20241120-WA0025.jpg\" alt=\"Daouda Zerbo, \u00e9l\u00e8ve au lyc\u00e9e municipal V\u00e9n\u00e9gr\u00e9 lors du lancement de la compagne de sensibilisation sur la la s\u00e9curit\u00e9 au profit des \u00e9l\u00e8ves, 20 novembre 2024\" width=\"1085\" height=\"1145\" srcset=\"https:\/\/www.latribunedufaso.net\/wp-content\/uploads\/2024\/11\/IMG-20241120-WA0025.jpg 1085w, https:\/\/www.latribunedufaso.net\/wp-content\/uploads\/2024\/11\/IMG-20241120-WA0025-284x300.jpg 284w, https:\/\/www.latribunedufaso.net\/wp-content\/uploads\/2024\/11\/IMG-20241120-WA0025-970x1024.jpg 970w, https:\/\/www.latribunedufaso.net\/wp-content\/uploads\/2024\/11\/IMG-20241120-WA0025-768x810.jpg 768w\" sizes=\"auto, (max-width: 1085px) 100vw, 1085px\" \/><\/a><figcaption id=\"caption-attachment-17010\" class=\"wp-caption-text\">Touch\u00e9 par la pr\u00e9sente s\u00e9ance de sensibilisation, Daouda Zerbo, \u00e9l\u00e8ve du lyc\u00e9e municipal V\u00e9n\u00e9gr\u00e9, promet de d\u00e9sormais porter son casque tous les jours &#8211; Ph. A. Kiendrebeogo<\/figcaption><\/figure>\n<p>Ces attentes ne sont pas tomb\u00e9es dans l\u2019oreille d\u2019un sourd, \u00e0 \u00e9couter les \u00e9l\u00e8ves du lyc\u00e9e municipal V\u00e9n\u00e9gr\u00e9. <em><strong>\u00ab Ils nous ont convaincu aujourd\u2019hui que c\u2019est tr\u00e8s important de porter son casque. D\u00e9sormais, je porterai mon casque chaque jour et j&rsquo;encouragerai mes camarades \u00e0 en faire pareil \u00bb,<\/strong><\/em> a laiss\u00e9 entendre Daouda Zerbo, un des \u00e9l\u00e8ves du lyc\u00e9e.<\/p>\n<figure id=\"attachment_17011\" aria-describedby=\"caption-attachment-17011\" style=\"width: 2560px\" class=\"wp-caption aligncenter\"><a href=\"https:\/\/www.latribunedufaso.net\/wp-content\/uploads\/2024\/11\/IMG-20241120-WA0024.jpg\"><img loading=\"lazy\" decoding=\"async\" class=\"size-full wp-image-17011\" src=\"https:\/\/www.latribunedufaso.net\/wp-content\/uploads\/2024\/11\/IMG-20241120-WA0024.jpg\" alt=\"Le procureur du lyc\u00e9e municipal V\u00e9n\u00e9gr\u00e9, Roger Charles Yabr\u00e9 lors du lancement de la compagne de sensibilisation sur la la s\u00e9curit\u00e9 au profit des \u00e9l\u00e8ves, 20 novembre 2024\" width=\"2560\" height=\"1927\" srcset=\"https:\/\/www.latribunedufaso.net\/wp-content\/uploads\/2024\/11\/IMG-20241120-WA0024.jpg 2560w, https:\/\/www.latribunedufaso.net\/wp-content\/uploads\/2024\/11\/IMG-20241120-WA0024-300x226.jpg 300w, https:\/\/www.latribunedufaso.net\/wp-content\/uploads\/2024\/11\/IMG-20241120-WA0024-1024x771.jpg 1024w, https:\/\/www.latribunedufaso.net\/wp-content\/uploads\/2024\/11\/IMG-20241120-WA0024-768x578.jpg 768w, https:\/\/www.latribunedufaso.net\/wp-content\/uploads\/2024\/11\/IMG-20241120-WA0024-1536x1156.jpg 1536w, https:\/\/www.latribunedufaso.net\/wp-content\/uploads\/2024\/11\/IMG-20241120-WA0024-2048x1542.jpg 2048w\" sizes=\"auto, (max-width: 2560px) 100vw, 2560px\" \/><\/a><figcaption id=\"caption-attachment-17011\" class=\"wp-caption-text\">Le Proviseur du lyc\u00e9e municipal V\u00e9n\u00e9gr\u00e9, Roger Charles Yabr\u00e9 se r\u00e9jouit du choix port\u00e9 sur son \u00e9tablissement pour le lancement de la campagne<\/figcaption><\/figure>\n<p>Tout en se r\u00e9jouissant que le choix soit port\u00e9 sur son \u00e9tablissement pour le lancement de cette campagne d\u2019\u00e9ducation routi\u00e8re, le proviseur du lyc\u00e9e municipal V\u00e9n\u00e9gr\u00e9, Roger Charles Yabr\u00e9 a \u00e9galement rassur\u00e9 de la poursuite de cette action que l\u2019ONASER a entam\u00e9e. <em><strong>\u00ab Pour cette ann\u00e9e 2024-2025, l\u2019\u00c9tat a introduit l\u2019enseignement de l\u2019\u00e9ducation civique \u00e0 l\u2019\u00e9cole. Et dans les curricula qui ont \u00e9t\u00e9 con\u00e7us, l\u2019\u00e9ducation routi\u00e8re a une place \u00e0 part enti\u00e8re. Donc la sensibilisation va poursuivre au quotidien dans les salles de classe \u00bb<\/strong><\/em>, a-t-il signifi\u00e9.<\/p>\n<p><iframe loading=\"lazy\" title=\"YouTube video player\" src=\"https:\/\/www.youtube.com\/embed\/fk0Qa3N_ZjE?si=lwC1Ywydw1sFSd5L\" width=\"560\" height=\"315\" frameborder=\"0\" allowfullscreen=\"allowfullscreen\"><\/iframe><\/p>\n<p>L\u2019ONASER, faut-il le rappeler, a \u00e9t\u00e9 cr\u00e9\u00e9 en 2008. Elle a pour mission, entre autres, la promotion de la s\u00e9curit\u00e9 routi\u00e8re et la contribution \u00e0 l\u2019am\u00e9lioration des conditions d\u2019exploitation du r\u00e9seau routier.<\/p>\n<p><strong>Rosana Astride KIENDREBEOGO\u00a0<\/strong><\/p>\n<p><strong>Latribunedufaso.net<\/strong><\/p>\n","protected":false},"excerpt":{"rendered":"<p>L\u2019Office national de la s\u00e9curit\u00e9 routi\u00e8re (ONASER) a proc\u00e9d\u00e9 au lancement officiel de sa campagne de sensibilisation au profit des \u00e9l\u00e8ves des 13 r\u00e9gions du Burkina Faso, ce 20 novembre 2024 au lyc\u00e9e municipal V\u00e9n\u00e9gre, \u00e0 Ouagadougou. C\u2019est le Directeur des syst\u00e8mes d\u2019information de l\u2019ONASER, Aboubacar Fofana, repr\u00e9sentant le Directeur g\u00e9n\u00e9ral, R\u00e8gma Zongo, qui a pr\u00e9sid\u00e9 la c\u00e9r\u00e9monie de lancement.<\/p>\n","protected":false},"author":5,"featured_media":17040,"comment_status":"open","ping_status":"open","sticky":false,"template":"","format":"standard","meta":{"footnotes":""},"categories":[13,1,22],"tags":[39,479,434,161],"class_list":["post-17009","post","type-post","status-publish","format-standard","has-post-thumbnail","hentry","category-une","category-actu","category-securite-routiere","tag-latribunedufaso-net","tag-lycee-municipal-venegre","tag-onaser","tag-securite-routiere"],"yoast_head":"<!-- This site is optimized with the Yoast SEO plugin v27.5 - https:\/\/yoast.com\/product\/yoast-seo-wordpress\/ -->\n<title>Promotion de la s\u00e9curit\u00e9 routi\u00e8re : La campagne de sensibilisation au profit des \u00e9l\u00e8ves officiellement lanc\u00e9e\u00a0 - La Tribune du Faso<\/title>\n<meta name=\"robots\" content=\"index, follow, max-snippet:-1, max-image-preview:large, max-video-preview:-1\" \/>\n<link rel=\"canonical\" href=\"https:\/\/www.latribunedufaso.net\/?p=17009\" \/>\n<meta property=\"og:locale\" content=\"fr_FR\" \/>\n<meta property=\"og:type\" content=\"article\" \/>\n<meta property=\"og:title\" content=\"Promotion de la s\u00e9curit\u00e9 routi\u00e8re : La campagne de sensibilisation au profit des \u00e9l\u00e8ves officiellement lanc\u00e9e\u00a0 - La Tribune du Faso\" \/>\n<meta property=\"og:description\" content=\"L\u2019Office national de la s\u00e9curit\u00e9 routi\u00e8re (ONASER) a proc\u00e9d\u00e9 au lancement officiel de sa campagne de sensibilisation au profit des \u00e9l\u00e8ves des 13 r\u00e9gions du Burkina Faso, ce 20 novembre 2024 au lyc\u00e9e municipal V\u00e9n\u00e9gre, \u00e0 Ouagadougou. C\u2019est le Directeur des syst\u00e8mes d\u2019information de l\u2019ONASER, Aboubacar Fofana, repr\u00e9sentant le Directeur g\u00e9n\u00e9ral, R\u00e8gma Zongo, qui a pr\u00e9sid\u00e9 la c\u00e9r\u00e9monie de lancement.\" \/>\n<meta property=\"og:url\" content=\"https:\/\/www.latribunedufaso.net\/?p=17009\" \/>\n<meta property=\"og:site_name\" content=\"La Tribune du Faso\" \/>\n<meta property=\"article:publisher\" content=\"https:\/\/www.facebook.com\/LatribuneduFaso\/\" \/>\n<meta property=\"article:published_time\" content=\"2024-11-20T15:09:21+00:00\" \/>\n<meta property=\"article:modified_time\" content=\"2024-11-27T17:48:27+00:00\" \/>\n<meta property=\"og:image\" content=\"https:\/\/www.latribunedufaso.net\/wp-content\/uploads\/2024\/11\/IMG-20241120-WA0079.jpg\" \/>\n\t<meta property=\"og:image:width\" content=\"720\" \/>\n\t<meta property=\"og:image:height\" content=\"480\" \/>\n\t<meta property=\"og:image:type\" content=\"image\/jpeg\" \/>\n<meta name=\"author\" content=\"Issouf Tapsoba\" \/>\n<meta name=\"twitter:label1\" content=\"\u00c9crit par\" \/>\n\t<meta name=\"twitter:data1\" content=\"Issouf Tapsoba\" \/>\n\t<meta name=\"twitter:label2\" content=\"Dur\u00e9e de lecture estim\u00e9e\" \/>\n\t<meta name=\"twitter:data2\" content=\"4 minutes\" \/>\n<script type=\"application\/ld+json\" class=\"yoast-schema-graph\">{\"@context\":\"https:\\\/\\\/schema.org\",\"@graph\":[{\"@type\":\"Article\",\"@id\":\"https:\\\/\\\/www.latribunedufaso.net\\\/?p=17009#article\",\"isPartOf\":{\"@id\":\"https:\\\/\\\/www.latribunedufaso.net\\\/?p=17009\"},\"author\":{\"name\":\"Issouf Tapsoba\",\"@id\":\"https:\\\/\\\/www.latribunedufaso.net\\\/#\\\/schema\\\/person\\\/e54e64c5778a7e72cf80a318b7a622b0\"},\"headline\":\"Promotion de la s\u00e9curit\u00e9 routi\u00e8re : La campagne de sensibilisation au profit des \u00e9l\u00e8ves officiellement lanc\u00e9e\u00a0\",\"datePublished\":\"2024-11-20T15:09:21+00:00\",\"dateModified\":\"2024-11-27T17:48:27+00:00\",\"mainEntityOfPage\":{\"@id\":\"https:\\\/\\\/www.latribunedufaso.net\\\/?p=17009\"},\"wordCount\":786,\"commentCount\":0,\"publisher\":{\"@id\":\"https:\\\/\\\/www.latribunedufaso.net\\\/#organization\"},\"image\":{\"@id\":\"https:\\\/\\\/www.latribunedufaso.net\\\/?p=17009#primaryimage\"},\"thumbnailUrl\":\"https:\\\/\\\/www.latribunedufaso.net\\\/wp-content\\\/uploads\\\/2024\\\/11\\\/IMG-20241120-WA0079.jpg\",\"keywords\":[\"latribunedufaso.net\",\"Lyc\u00e9e municipal V\u00e9n\u00e9gr\u00e9\",\"ONASER\",\"S\u00e9curit\u00e9 routi\u00e8re\"],\"articleSection\":[\"A la une\",\"Actualit\u00e9\",\"S\u00e9curit\u00e9 routi\u00e8re\"],\"inLanguage\":\"fr-FR\",\"potentialAction\":[{\"@type\":\"CommentAction\",\"name\":\"Comment\",\"target\":[\"https:\\\/\\\/www.latribunedufaso.net\\\/?p=17009#respond\"]}]},{\"@type\":\"WebPage\",\"@id\":\"https:\\\/\\\/www.latribunedufaso.net\\\/?p=17009\",\"url\":\"https:\\\/\\\/www.latribunedufaso.net\\\/?p=17009\",\"name\":\"Promotion de la s\u00e9curit\u00e9 routi\u00e8re : La campagne de sensibilisation au profit des \u00e9l\u00e8ves officiellement lanc\u00e9e\u00a0 - La Tribune du Faso\",\"isPartOf\":{\"@id\":\"https:\\\/\\\/www.latribunedufaso.net\\\/#website\"},\"primaryImageOfPage\":{\"@id\":\"https:\\\/\\\/www.latribunedufaso.net\\\/?p=17009#primaryimage\"},\"image\":{\"@id\":\"https:\\\/\\\/www.latribunedufaso.net\\\/?p=17009#primaryimage\"},\"thumbnailUrl\":\"https:\\\/\\\/www.latribunedufaso.net\\\/wp-content\\\/uploads\\\/2024\\\/11\\\/IMG-20241120-WA0079.jpg\",\"datePublished\":\"2024-11-20T15:09:21+00:00\",\"dateModified\":\"2024-11-27T17:48:27+00:00\",\"breadcrumb\":{\"@id\":\"https:\\\/\\\/www.latribunedufaso.net\\\/?p=17009#breadcrumb\"},\"inLanguage\":\"fr-FR\",\"potentialAction\":[{\"@type\":\"ReadAction\",\"target\":[\"https:\\\/\\\/www.latribunedufaso.net\\\/?p=17009\"]}]},{\"@type\":\"ImageObject\",\"inLanguage\":\"fr-FR\",\"@id\":\"https:\\\/\\\/www.latribunedufaso.net\\\/?p=17009#primaryimage\",\"url\":\"https:\\\/\\\/www.latribunedufaso.net\\\/wp-content\\\/uploads\\\/2024\\\/11\\\/IMG-20241120-WA0079.jpg\",\"contentUrl\":\"https:\\\/\\\/www.latribunedufaso.net\\\/wp-content\\\/uploads\\\/2024\\\/11\\\/IMG-20241120-WA0079.jpg\",\"width\":720,\"height\":480,\"caption\":\"Le pr\u00e9sidium lors du lancement lancement de la compagne de sensibilisation sur la la s\u00e9curit\u00e9 au profit des \u00e9l\u00e8ves, 20 novembre 2024\"},{\"@type\":\"BreadcrumbList\",\"@id\":\"https:\\\/\\\/www.latribunedufaso.net\\\/?p=17009#breadcrumb\",\"itemListElement\":[{\"@type\":\"ListItem\",\"position\":1,\"name\":\"Accueil\",\"item\":\"https:\\\/\\\/www.latribunedufaso.net\\\/\"},{\"@type\":\"ListItem\",\"position\":2,\"name\":\"Promotion de la s\u00e9curit\u00e9 routi\u00e8re : La campagne de sensibilisation au profit des \u00e9l\u00e8ves officiellement lanc\u00e9e\u00a0\"}]},{\"@type\":\"WebSite\",\"@id\":\"https:\\\/\\\/www.latribunedufaso.net\\\/#website\",\"url\":\"https:\\\/\\\/www.latribunedufaso.net\\\/\",\"name\":\"La Tribune du Faso\",\"description\":\"L&#039;information du monde rural en un clic\",\"publisher\":{\"@id\":\"https:\\\/\\\/www.latribunedufaso.net\\\/#organization\"},\"potentialAction\":[{\"@type\":\"SearchAction\",\"target\":{\"@type\":\"EntryPoint\",\"urlTemplate\":\"https:\\\/\\\/www.latribunedufaso.net\\\/?s={search_term_string}\"},\"query-input\":{\"@type\":\"PropertyValueSpecification\",\"valueRequired\":true,\"valueName\":\"search_term_string\"}}],\"inLanguage\":\"fr-FR\"},{\"@type\":\"Organization\",\"@id\":\"https:\\\/\\\/www.latribunedufaso.net\\\/#organization\",\"name\":\"La Tribune du Faso\",\"url\":\"https:\\\/\\\/www.latribunedufaso.net\\\/\",\"logo\":{\"@type\":\"ImageObject\",\"inLanguage\":\"fr-FR\",\"@id\":\"https:\\\/\\\/www.latribunedufaso.net\\\/#\\\/schema\\\/logo\\\/image\\\/\",\"url\":\"https:\\\/\\\/www.latribunedufaso.net\\\/wp-content\\\/uploads\\\/2020\\\/08\\\/Logo-Tribune-du-Faso-final-scaled.jpg\",\"contentUrl\":\"https:\\\/\\\/www.latribunedufaso.net\\\/wp-content\\\/uploads\\\/2020\\\/08\\\/Logo-Tribune-du-Faso-final-scaled.jpg\",\"width\":2560,\"height\":1856,\"caption\":\"La Tribune du Faso\"},\"image\":{\"@id\":\"https:\\\/\\\/www.latribunedufaso.net\\\/#\\\/schema\\\/logo\\\/image\\\/\"},\"sameAs\":[\"https:\\\/\\\/www.facebook.com\\\/LatribuneduFaso\\\/\"]},{\"@type\":\"Person\",\"@id\":\"https:\\\/\\\/www.latribunedufaso.net\\\/#\\\/schema\\\/person\\\/e54e64c5778a7e72cf80a318b7a622b0\",\"name\":\"Issouf Tapsoba\",\"image\":{\"@type\":\"ImageObject\",\"inLanguage\":\"fr-FR\",\"@id\":\"https:\\\/\\\/secure.gravatar.com\\\/avatar\\\/5e6c05150ce3230247d167f5b94d678eb05936197436d69b7921e3a95c9107ac?s=96&d=mm&r=g\",\"url\":\"https:\\\/\\\/secure.gravatar.com\\\/avatar\\\/5e6c05150ce3230247d167f5b94d678eb05936197436d69b7921e3a95c9107ac?s=96&d=mm&r=g\",\"contentUrl\":\"https:\\\/\\\/secure.gravatar.com\\\/avatar\\\/5e6c05150ce3230247d167f5b94d678eb05936197436d69b7921e3a95c9107ac?s=96&d=mm&r=g\",\"caption\":\"Issouf Tapsoba\"},\"url\":\"https:\\\/\\\/www.latribunedufaso.net\\\/?author=5\"}]}<\/script>\n<!-- \/ Yoast SEO plugin. -->","yoast_head_json":{"title":"Promotion de la s\u00e9curit\u00e9 routi\u00e8re : La campagne de sensibilisation au profit des \u00e9l\u00e8ves officiellement lanc\u00e9e\u00a0 - La Tribune du Faso","robots":{"index":"index","follow":"follow","max-snippet":"max-snippet:-1","max-image-preview":"max-image-preview:large","max-video-preview":"max-video-preview:-1"},"canonical":"https:\/\/www.latribunedufaso.net\/?p=17009","og_locale":"fr_FR","og_type":"article","og_title":"Promotion de la s\u00e9curit\u00e9 routi\u00e8re : La campagne de sensibilisation au profit des \u00e9l\u00e8ves officiellement lanc\u00e9e\u00a0 - La Tribune du Faso","og_description":"L\u2019Office national de la s\u00e9curit\u00e9 routi\u00e8re (ONASER) a proc\u00e9d\u00e9 au lancement officiel de sa campagne de sensibilisation au profit des \u00e9l\u00e8ves des 13 r\u00e9gions du Burkina Faso, ce 20 novembre 2024 au lyc\u00e9e municipal V\u00e9n\u00e9gre, \u00e0 Ouagadougou. C\u2019est le Directeur des syst\u00e8mes d\u2019information de l\u2019ONASER, Aboubacar Fofana, repr\u00e9sentant le Directeur g\u00e9n\u00e9ral, R\u00e8gma Zongo, qui a pr\u00e9sid\u00e9 la c\u00e9r\u00e9monie de lancement.","og_url":"https:\/\/www.latribunedufaso.net\/?p=17009","og_site_name":"La Tribune du Faso","article_publisher":"https:\/\/www.facebook.com\/LatribuneduFaso\/","article_published_time":"2024-11-20T15:09:21+00:00","article_modified_time":"2024-11-27T17:48:27+00:00","og_image":[{"width":720,"height":480,"url":"https:\/\/www.latribunedufaso.net\/wp-content\/uploads\/2024\/11\/IMG-20241120-WA0079.jpg","type":"image\/jpeg"}],"author":"Issouf Tapsoba","twitter_misc":{"\u00c9crit par":"Issouf Tapsoba","Dur\u00e9e de lecture estim\u00e9e":"4 minutes"},"schema":{"@context":"https:\/\/schema.org","@graph":[{"@type":"Article","@id":"https:\/\/www.latribunedufaso.net\/?p=17009#article","isPartOf":{"@id":"https:\/\/www.latribunedufaso.net\/?p=17009"},"author":{"name":"Issouf Tapsoba","@id":"https:\/\/www.latribunedufaso.net\/#\/schema\/person\/e54e64c5778a7e72cf80a318b7a622b0"},"headline":"Promotion de la s\u00e9curit\u00e9 routi\u00e8re : La campagne de sensibilisation au profit des \u00e9l\u00e8ves officiellement lanc\u00e9e\u00a0","datePublished":"2024-11-20T15:09:21+00:00","dateModified":"2024-11-27T17:48:27+00:00","mainEntityOfPage":{"@id":"https:\/\/www.latribunedufaso.net\/?p=17009"},"wordCount":786,"commentCount":0,"publisher":{"@id":"https:\/\/www.latribunedufaso.net\/#organization"},"image":{"@id":"https:\/\/www.latribunedufaso.net\/?p=17009#primaryimage"},"thumbnailUrl":"https:\/\/www.latribunedufaso.net\/wp-content\/uploads\/2024\/11\/IMG-20241120-WA0079.jpg","keywords":["latribunedufaso.net","Lyc\u00e9e municipal V\u00e9n\u00e9gr\u00e9","ONASER","S\u00e9curit\u00e9 routi\u00e8re"],"articleSection":["A la une","Actualit\u00e9","S\u00e9curit\u00e9 routi\u00e8re"],"inLanguage":"fr-FR","potentialAction":[{"@type":"CommentAction","name":"Comment","target":["https:\/\/www.latribunedufaso.net\/?p=17009#respond"]}]},{"@type":"WebPage","@id":"https:\/\/www.latribunedufaso.net\/?p=17009","url":"https:\/\/www.latribunedufaso.net\/?p=17009","name":"Promotion de la s\u00e9curit\u00e9 routi\u00e8re : La campagne de sensibilisation au profit des \u00e9l\u00e8ves officiellement lanc\u00e9e\u00a0 - La Tribune du Faso","isPartOf":{"@id":"https:\/\/www.latribunedufaso.net\/#website"},"primaryImageOfPage":{"@id":"https:\/\/www.latribunedufaso.net\/?p=17009#primaryimage"},"image":{"@id":"https:\/\/www.latribunedufaso.net\/?p=17009#primaryimage"},"thumbnailUrl":"https:\/\/www.latribunedufaso.net\/wp-content\/uploads\/2024\/11\/IMG-20241120-WA0079.jpg","datePublished":"2024-11-20T15:09:21+00:00","dateModified":"2024-11-27T17:48:27+00:00","breadcrumb":{"@id":"https:\/\/www.latribunedufaso.net\/?p=17009#breadcrumb"},"inLanguage":"fr-FR","potentialAction":[{"@type":"ReadAction","target":["https:\/\/www.latribunedufaso.net\/?p=17009"]}]},{"@type":"ImageObject","inLanguage":"fr-FR","@id":"https:\/\/www.latribunedufaso.net\/?p=17009#primaryimage","url":"https:\/\/www.latribunedufaso.net\/wp-content\/uploads\/2024\/11\/IMG-20241120-WA0079.jpg","contentUrl":"https:\/\/www.latribunedufaso.net\/wp-content\/uploads\/2024\/11\/IMG-20241120-WA0079.jpg","width":720,"height":480,"caption":"Le pr\u00e9sidium lors du lancement lancement de la compagne de sensibilisation sur la la s\u00e9curit\u00e9 au profit des \u00e9l\u00e8ves, 20 novembre 2024"},{"@type":"BreadcrumbList","@id":"https:\/\/www.latribunedufaso.net\/?p=17009#breadcrumb","itemListElement":[{"@type":"ListItem","position":1,"name":"Accueil","item":"https:\/\/www.latribunedufaso.net\/"},{"@type":"ListItem","position":2,"name":"Promotion de la s\u00e9curit\u00e9 routi\u00e8re : La campagne de sensibilisation au profit des \u00e9l\u00e8ves officiellement lanc\u00e9e\u00a0"}]},{"@type":"WebSite","@id":"https:\/\/www.latribunedufaso.net\/#website","url":"https:\/\/www.latribunedufaso.net\/","name":"La Tribune du Faso","description":"L&#039;information du monde rural en un clic","publisher":{"@id":"https:\/\/www.latribunedufaso.net\/#organization"},"potentialAction":[{"@type":"SearchAction","target":{"@type":"EntryPoint","urlTemplate":"https:\/\/www.latribunedufaso.net\/?s={search_term_string}"},"query-input":{"@type":"PropertyValueSpecification","valueRequired":true,"valueName":"search_term_string"}}],"inLanguage":"fr-FR"},{"@type":"Organization","@id":"https:\/\/www.latribunedufaso.net\/#organization","name":"La Tribune du Faso","url":"https:\/\/www.latribunedufaso.net\/","logo":{"@type":"ImageObject","inLanguage":"fr-FR","@id":"https:\/\/www.latribunedufaso.net\/#\/schema\/logo\/image\/","url":"https:\/\/www.latribunedufaso.net\/wp-content\/uploads\/2020\/08\/Logo-Tribune-du-Faso-final-scaled.jpg","contentUrl":"https:\/\/www.latribunedufaso.net\/wp-content\/uploads\/2020\/08\/Logo-Tribune-du-Faso-final-scaled.jpg","width":2560,"height":1856,"caption":"La Tribune du Faso"},"image":{"@id":"https:\/\/www.latribunedufaso.net\/#\/schema\/logo\/image\/"},"sameAs":["https:\/\/www.facebook.com\/LatribuneduFaso\/"]},{"@type":"Person","@id":"https:\/\/www.latribunedufaso.net\/#\/schema\/person\/e54e64c5778a7e72cf80a318b7a622b0","name":"Issouf Tapsoba","image":{"@type":"ImageObject","inLanguage":"fr-FR","@id":"https:\/\/secure.gravatar.com\/avatar\/5e6c05150ce3230247d167f5b94d678eb05936197436d69b7921e3a95c9107ac?s=96&d=mm&r=g","url":"https:\/\/secure.gravatar.com\/avatar\/5e6c05150ce3230247d167f5b94d678eb05936197436d69b7921e3a95c9107ac?s=96&d=mm&r=g","contentUrl":"https:\/\/secure.gravatar.com\/avatar\/5e6c05150ce3230247d167f5b94d678eb05936197436d69b7921e3a95c9107ac?s=96&d=mm&r=g","caption":"Issouf Tapsoba"},"url":"https:\/\/www.latribunedufaso.net\/?author=5"}]}},"_links":{"self":[{"href":"https:\/\/www.latribunedufaso.net\/index.php?rest_route=\/wp\/v2\/posts\/17009","targetHints":{"allow":["GET"]}}],"collection":[{"href":"https:\/\/www.latribunedufaso.net\/index.php?rest_route=\/wp\/v2\/posts"}],"about":[{"href":"https:\/\/www.latribunedufaso.net\/index.php?rest_route=\/wp\/v2\/types\/post"}],"author":[{"embeddable":true,"href":"https:\/\/www.latribunedufaso.net\/index.php?rest_route=\/wp\/v2\/users\/5"}],"replies":[{"embeddable":true,"href":"https:\/\/www.latribunedufaso.net\/index.php?rest_route=%2Fwp%2Fv2%2Fcomments&post=17009"}],"version-history":[{"count":3,"href":"https:\/\/www.latribunedufaso.net\/index.php?rest_route=\/wp\/v2\/posts\/17009\/revisions"}],"predecessor-version":[{"id":17169,"href":"https:\/\/www.latribunedufaso.net\/index.php?rest_route=\/wp\/v2\/posts\/17009\/revisions\/17169"}],"wp:featuredmedia":[{"embeddable":true,"href":"https:\/\/www.latribunedufaso.net\/index.php?rest_route=\/wp\/v2\/media\/17040"}],"wp:attachment":[{"href":"https:\/\/www.latribunedufaso.net\/index.php?rest_route=%2Fwp%2Fv2%2Fmedia&parent=17009"}],"wp:term":[{"taxonomy":"category","embeddable":true,"href":"https:\/\/www.latribunedufaso.net\/index.php?rest_route=%2Fwp%2Fv2%2Fcategories&post=17009"},{"taxonomy":"post_tag","embeddable":true,"href":"https:\/\/www.latribunedufaso.net\/index.php?rest_route=%2Fwp%2Fv2%2Ftags&post=17009"}],"curies":[{"name":"wp","href":"https:\/\/api.w.org\/{rel}","templated":true}]}}