{"id":16993,"date":"2024-11-19T16:25:11","date_gmt":"2024-11-19T16:25:11","guid":{"rendered":"https:\/\/www.latribunedufaso.net\/?p=16993"},"modified":"2024-11-20T14:05:38","modified_gmt":"2024-11-20T14:05:38","slug":"assurance-maladie-universelle-les-acteurs-de-leconomie-informelle-sinforment-sur-les-modalites","status":"publish","type":"post","link":"https:\/\/www.latribunedufaso.net\/?p=16993","title":{"rendered":"Assurance maladie universelle : Les acteurs de l&rsquo;\u00e9conomie informelle s&rsquo;informent sur les modalit\u00e9s"},"content":{"rendered":"<p><strong><span style=\"font-size: 1.0625rem;\">Ce 19 novembre 2024 \u00e0 Ouagadougou, la Caisse nationale d\u2019assurance maladie universelle (CNAMU) a organis\u00e9 une rencontre d&rsquo;information, de sensibilisation et d&rsquo;immatriculation au profit des acteurs de l&rsquo;\u00e9conomie informelle. Elle \u00e9tait plac\u00e9e sous la pr\u00e9sidence du ministre en charge du Travail et de la Protection sociale, Bassolma Bazi\u00e9.<\/span><\/strong><!--more--><\/p>\n<p>Cette rencontre vise \u00e0 apporter des informations aux acteurs de l&rsquo;\u00e9conomie informelle sur le R\u00e9gime d\u2019assurance maladie universelle (RAMU), selon le Directeur g\u00e9n\u00e9ral de la CNAMU, Souma\u00efla Gansor\u00e9. Il s&rsquo;agit notamment du panier de soins \u00e9ligibles, les taux de cotisation et les prestations non couvertes par le RAMU.\u00a0<\/p>\n<figure id=\"attachment_17002\" aria-describedby=\"caption-attachment-17002\" style=\"width: 2560px\" class=\"wp-caption aligncenter\"><a href=\"https:\/\/www.latribunedufaso.net\/wp-content\/uploads\/2024\/11\/IMG_20241119_093623_864-scaled.jpg\"><img loading=\"lazy\" decoding=\"async\" class=\"size-full wp-image-17002\" src=\"https:\/\/www.latribunedufaso.net\/wp-content\/uploads\/2024\/11\/IMG_20241119_093623_864-scaled.jpg\" alt=\"Le DG de la CNAMU, Souma\u00efla Gansor\u00e9 lors de la rencontre d'information, de sensibilisation et d'immatriculation au profit des acteurs de l'\u00e9conomie informelle au r\u00e9gime d'assurance maladie universelle (RAMU), 19 novembre 2024\" width=\"2560\" height=\"1920\" srcset=\"https:\/\/www.latribunedufaso.net\/wp-content\/uploads\/2024\/11\/IMG_20241119_093623_864-scaled.jpg 2560w, https:\/\/www.latribunedufaso.net\/wp-content\/uploads\/2024\/11\/IMG_20241119_093623_864-300x225.jpg 300w, https:\/\/www.latribunedufaso.net\/wp-content\/uploads\/2024\/11\/IMG_20241119_093623_864-1024x768.jpg 1024w, https:\/\/www.latribunedufaso.net\/wp-content\/uploads\/2024\/11\/IMG_20241119_093623_864-768x576.jpg 768w, https:\/\/www.latribunedufaso.net\/wp-content\/uploads\/2024\/11\/IMG_20241119_093623_864-1536x1152.jpg 1536w, https:\/\/www.latribunedufaso.net\/wp-content\/uploads\/2024\/11\/IMG_20241119_093623_864-2048x1536.jpg 2048w\" sizes=\"auto, (max-width: 2560px) 100vw, 2560px\" \/><\/a><figcaption id=\"caption-attachment-17002\" class=\"wp-caption-text\">Le Directeur g\u00e9n\u00e9ral de la CNAMU, Souma\u00efla Gansor\u00e9 &#8211; Ph. I. Tapsoba<\/figcaption><\/figure>\n<p>L&rsquo;immatriculation au RAMU donne droit \u00e0 plusieurs prestations de soins de sant\u00e9. Il s&rsquo;agit notamment des actes de m\u00e9decine g\u00e9n\u00e9rale et de sp\u00e9cialit\u00e9s m\u00e9dicales et chirurgicales, des soins relatifs au suivi de la grossesse, \u00e0 l&rsquo;accouchement et aux suites de couches. A cela s&rsquo;ajoute les actes de consultation en m\u00e9decine traditionnelle agr\u00e9\u00e9e.<\/p>\n<p>En ce qui concerne les prestations non \u00e9ligibles, il s&rsquo;agit, entre autres, la lunetterie et les activit\u00e9s relevant du programme \u00e9largi de vaccination. Il y a \u00e9galement les activit\u00e9s de promotion de la sant\u00e9, de d\u00e9pistage et de prise en charge sociale relevant du minist\u00e8re en charge de la Sant\u00e9.\u00a0<\/p>\n<blockquote>\n<p>Lire aussi &gt;&gt; <a href=\"https:\/\/www.latribunedufaso.net\/?p=16601\">Burkina\/Assurance maladie universelle : L\u2019 Etat prend en charge 70% des frais m\u00e9dicaux\u00a0<\/a><\/p>\n<\/blockquote>\n<p>Dans son discours, lu par Alexis Zongo, le Pr\u00e9sident du Conseil national de l&rsquo;\u00e9conomie informelle (CNEI), Salif Niki\u00e9ma, a salu\u00e9 l&rsquo;initiative. Il a appel\u00e9 l&rsquo;ensemble des acteurs de l&rsquo;\u00e9conomie informelle \u00e0 se faire immatriculer afin de garantir la sant\u00e9 de leur famille.\u00a0<\/p>\n<figure id=\"attachment_17000\" aria-describedby=\"caption-attachment-17000\" style=\"width: 2560px\" class=\"wp-caption aligncenter\"><a href=\"https:\/\/www.latribunedufaso.net\/wp-content\/uploads\/2024\/11\/IMG_20241119_092502_006-scaled.jpg\"><img loading=\"lazy\" decoding=\"async\" class=\"size-full wp-image-17000\" src=\"https:\/\/www.latribunedufaso.net\/wp-content\/uploads\/2024\/11\/IMG_20241119_092502_006-scaled.jpg\" alt=\"Le pr\u00e9sident du Conseil national de l'\u00e9conomie informelle, Salif Niki\u00e9ma lors de la rencontre d'information, de sensibilisation et d'immatriculation au profit des acteurs de l'\u00e9conomie informelle au r\u00e9gime d'assurance maladie universelle (RAMU), 19 novembre 2024\" width=\"2560\" height=\"1920\" srcset=\"https:\/\/www.latribunedufaso.net\/wp-content\/uploads\/2024\/11\/IMG_20241119_092502_006-scaled.jpg 2560w, https:\/\/www.latribunedufaso.net\/wp-content\/uploads\/2024\/11\/IMG_20241119_092502_006-300x225.jpg 300w, https:\/\/www.latribunedufaso.net\/wp-content\/uploads\/2024\/11\/IMG_20241119_092502_006-1024x768.jpg 1024w, https:\/\/www.latribunedufaso.net\/wp-content\/uploads\/2024\/11\/IMG_20241119_092502_006-768x576.jpg 768w, https:\/\/www.latribunedufaso.net\/wp-content\/uploads\/2024\/11\/IMG_20241119_092502_006-1536x1152.jpg 1536w, https:\/\/www.latribunedufaso.net\/wp-content\/uploads\/2024\/11\/IMG_20241119_092502_006-2048x1536.jpg 2048w\" sizes=\"auto, (max-width: 2560px) 100vw, 2560px\" \/><\/a><figcaption id=\"caption-attachment-17000\" class=\"wp-caption-text\">Le pr\u00e9sident du CNEI, Salif Niki\u00e9ma appelle les acteurs du secteur informel \u00e0 adh\u00e9rer &#8211; Ph. I. Tapsoba<\/figcaption><\/figure>\n<p>Alexis Zongo est le secr\u00e9taire charg\u00e9 de la transition de l&rsquo;informel vers le formel du CNEI. Selon lui, plus de 500 personnes se sont enr\u00f4l\u00e9es au cours de la pr\u00e9sente op\u00e9ration. <em><strong>\u00ab Notre objectif est d&rsquo;atteindre 1000. Nous continuons la mobilisation dans les march\u00e9s et Yaar \u00bb<\/strong><\/em>, a-t-il ajout\u00e9. <span style=\"font-size: 1.0625rem;\">En effet, une \u00e9quipe de la CNAMU \u00e9tait sur place pour l&rsquo;op\u00e9ration d&rsquo;enr\u00f4lement.\u00a0<\/span><\/p>\n<p>Les taux de cotisation sont fix\u00e9s en fonction de la cat\u00e9gorie socioprofessionnelle. Pour les agents publics et travailleurs et assimil\u00e9s du priv\u00e9, c\u2019est 5% r\u00e9partis \u00e0 parts \u00e9gales entre l\u2019employeur (2,5%) et le salari\u00e9 (2,5%). Les travailleurs ind\u00e9pendants du secteur formel (profession lib\u00e9rale) payent 15 000 FCFA et <strong>ceux du secteur informel, 4 000 FCFA<\/strong>.<\/p>\n<figure id=\"attachment_16995\" aria-describedby=\"caption-attachment-16995\" style=\"width: 2560px\" class=\"wp-caption aligncenter\"><a href=\"https:\/\/www.latribunedufaso.net\/wp-content\/uploads\/2024\/11\/IMG_20241119_105254_692-scaled.jpg\"><img loading=\"lazy\" decoding=\"async\" class=\"size-full wp-image-16995\" src=\"https:\/\/www.latribunedufaso.net\/wp-content\/uploads\/2024\/11\/IMG_20241119_105254_692-scaled.jpg\" alt=\"Le secr\u00e9taire charg\u00e9 de la transition du l'informel vers le formel du CNEI, Alexis Zongo, lors de la rencontre d'information, de sensibilisation et d'immatriculation au profit des acteurs de l'\u00e9conomie informelle au r\u00e9gime d'assurance maladie universelle (RAMU), 19 novembre 2024\" width=\"2560\" height=\"1920\" srcset=\"https:\/\/www.latribunedufaso.net\/wp-content\/uploads\/2024\/11\/IMG_20241119_105254_692-scaled.jpg 2560w, https:\/\/www.latribunedufaso.net\/wp-content\/uploads\/2024\/11\/IMG_20241119_105254_692-300x225.jpg 300w, https:\/\/www.latribunedufaso.net\/wp-content\/uploads\/2024\/11\/IMG_20241119_105254_692-1024x768.jpg 1024w, https:\/\/www.latribunedufaso.net\/wp-content\/uploads\/2024\/11\/IMG_20241119_105254_692-768x576.jpg 768w, https:\/\/www.latribunedufaso.net\/wp-content\/uploads\/2024\/11\/IMG_20241119_105254_692-1536x1152.jpg 1536w, https:\/\/www.latribunedufaso.net\/wp-content\/uploads\/2024\/11\/IMG_20241119_105254_692-2048x1536.jpg 2048w\" sizes=\"auto, (max-width: 2560px) 100vw, 2560px\" \/><\/a><figcaption id=\"caption-attachment-16995\" class=\"wp-caption-text\">Le secr\u00e9taire charg\u00e9 de la transition du l&rsquo;informel vers le formel du CNEI, Alexis Zongo &#8211; Ph. I. Tapsoba<\/figcaption><\/figure>\n<p>Le taux de cotisation des b\u00e9n\u00e9ficiaires de pension ou de rente est de 2% (\u00e0 la charge du b\u00e9n\u00e9ficiaire). Les personnes indigentes payent 4 000 FCFA (\u00e0 la charge de l&rsquo;Etat). Notons que toutes les cotisations se font par mois.\u00a0<\/p>\n<figure id=\"attachment_17001\" aria-describedby=\"caption-attachment-17001\" style=\"width: 2560px\" class=\"wp-caption aligncenter\"><a href=\"https:\/\/www.latribunedufaso.net\/wp-content\/uploads\/2024\/11\/IMG_20241119_092457_717-scaled.jpg\"><img loading=\"lazy\" decoding=\"async\" class=\"size-full wp-image-17001\" src=\"https:\/\/www.latribunedufaso.net\/wp-content\/uploads\/2024\/11\/IMG_20241119_092457_717-scaled.jpg\" alt=\"Ministre en charge de la Fonction publique lors de la rencontre d'information, de sensibilisation et d'immatriculation au profit des acteurs de l'\u00e9conomie informelle au r\u00e9gime d'assurance maladie universelle (RAMU), 19 novembre 2024\" width=\"2560\" height=\"1920\" srcset=\"https:\/\/www.latribunedufaso.net\/wp-content\/uploads\/2024\/11\/IMG_20241119_092457_717-scaled.jpg 2560w, https:\/\/www.latribunedufaso.net\/wp-content\/uploads\/2024\/11\/IMG_20241119_092457_717-300x225.jpg 300w, https:\/\/www.latribunedufaso.net\/wp-content\/uploads\/2024\/11\/IMG_20241119_092457_717-1024x768.jpg 1024w, https:\/\/www.latribunedufaso.net\/wp-content\/uploads\/2024\/11\/IMG_20241119_092457_717-768x576.jpg 768w, https:\/\/www.latribunedufaso.net\/wp-content\/uploads\/2024\/11\/IMG_20241119_092457_717-1536x1152.jpg 1536w, https:\/\/www.latribunedufaso.net\/wp-content\/uploads\/2024\/11\/IMG_20241119_092457_717-2048x1536.jpg 2048w\" sizes=\"auto, (max-width: 2560px) 100vw, 2560px\" \/><\/a><figcaption id=\"caption-attachment-17001\" class=\"wp-caption-text\">Le ministre en charge du Travail et de la Protection sociale, Bassolma Bazi\u00e9 &#8211; Ph. I. Tapsoba<\/figcaption><\/figure>\n<p>Le ministre en charge du Travail et de la Protection sociale, Bassolma Bazi\u00e9 a rassur\u00e9 les populations sur l&rsquo;utilisation des fonds qui seront collect\u00e9s. A l&rsquo;\u00e9couter, le gouvernement sera tr\u00e8s regardant sur la gestion de ces ressources. Aussi, a-t-il rassur\u00e9 les acteurs de l&rsquo;\u00e9conomie informelle de sa disponibilit\u00e9 \u00e0 les accompagner dans le cadre de la mise <span style=\"font-size: 1.0625rem;\">en place du RAMU.\u00a0<\/span><\/p>\n<p><strong>Issouf TAPSOBA\u00a0<\/strong><\/p>\n<p><strong>Latribunedufaso.net<\/strong><\/p>\n<figure id=\"attachment_16996\" aria-describedby=\"caption-attachment-16996\" style=\"width: 2560px\" class=\"wp-caption aligncenter\"><a href=\"https:\/\/www.latribunedufaso.net\/wp-content\/uploads\/2024\/11\/IMG_20241119_103935_771-scaled.jpg\"><img loading=\"lazy\" decoding=\"async\" class=\"size-full wp-image-16996\" src=\"https:\/\/www.latribunedufaso.net\/wp-content\/uploads\/2024\/11\/IMG_20241119_103935_771-scaled.jpg\" alt=\"L'\u00e9quipe d'immatriculation de la CNAMU lors de la rencontre d'information, de sensibilisation et d'immatriculation au profit des acteurs de l'\u00e9conomie informelle au r\u00e9gime d'assurance maladie universelle (RAMU), 19 novembre 2024\" width=\"2560\" height=\"1920\" srcset=\"https:\/\/www.latribunedufaso.net\/wp-content\/uploads\/2024\/11\/IMG_20241119_103935_771-scaled.jpg 2560w, https:\/\/www.latribunedufaso.net\/wp-content\/uploads\/2024\/11\/IMG_20241119_103935_771-300x225.jpg 300w, https:\/\/www.latribunedufaso.net\/wp-content\/uploads\/2024\/11\/IMG_20241119_103935_771-1024x768.jpg 1024w, https:\/\/www.latribunedufaso.net\/wp-content\/uploads\/2024\/11\/IMG_20241119_103935_771-768x576.jpg 768w, https:\/\/www.latribunedufaso.net\/wp-content\/uploads\/2024\/11\/IMG_20241119_103935_771-1536x1152.jpg 1536w, https:\/\/www.latribunedufaso.net\/wp-content\/uploads\/2024\/11\/IMG_20241119_103935_771-2048x1536.jpg 2048w\" sizes=\"auto, (max-width: 2560px) 100vw, 2560px\" \/><\/a><figcaption id=\"caption-attachment-16996\" class=\"wp-caption-text\">Plus de 500 acteurs de l&rsquo;\u00e9conomie informelle se sont enr\u00f4l\u00e9es au RAMU aupr\u00e8s de l&rsquo;\u00e9quipe d\u00e9ploy\u00e9e par la CNAMU sur place &#8211; Ph. I. Tapsoba<\/figcaption><\/figure>\n","protected":false},"excerpt":{"rendered":"<p>Ce 19 novembre 2024 \u00e0 Ouagadougou, la Caisse nationale d\u2019assurance maladie universelle (CNAMU) a organis\u00e9 une rencontre d&rsquo;information, de sensibilisation et d&rsquo;immatriculation au profit des acteurs de l&rsquo;\u00e9conomie informelle. Elle \u00e9tait plac\u00e9e sous la pr\u00e9sidence du ministre en charge du Travail et de la Protection sociale, Bassolma Bazi\u00e9.<\/p>\n","protected":false},"author":5,"featured_media":16999,"comment_status":"open","ping_status":"open","sticky":false,"template":"","format":"standard","meta":{"footnotes":""},"categories":[13,1,7],"tags":[475,473,39,474],"class_list":["post-16993","post","type-post","status-publish","format-standard","has-post-thumbnail","hentry","category-une","category-actu","category-sante","tag-cnamu","tag-conseil-national-de-leconomie-informelle","tag-latribunedufaso-net","tag-ramu"],"yoast_head":"<!-- This site is optimized with the Yoast SEO plugin v27.4 - https:\/\/yoast.com\/product\/yoast-seo-wordpress\/ -->\n<title>Assurance maladie universelle : Les acteurs de l&#039;\u00e9conomie informelle s&#039;informent sur les modalit\u00e9s - La Tribune du Faso<\/title>\n<meta name=\"robots\" content=\"index, follow, max-snippet:-1, max-image-preview:large, max-video-preview:-1\" \/>\n<link rel=\"canonical\" href=\"https:\/\/www.latribunedufaso.net\/?p=16993\" \/>\n<meta property=\"og:locale\" content=\"fr_FR\" \/>\n<meta property=\"og:type\" content=\"article\" \/>\n<meta property=\"og:title\" content=\"Assurance maladie universelle : Les acteurs de l&#039;\u00e9conomie informelle s&#039;informent sur les modalit\u00e9s - La Tribune du Faso\" \/>\n<meta property=\"og:description\" content=\"Ce 19 novembre 2024 \u00e0 Ouagadougou, la Caisse nationale d\u2019assurance maladie universelle (CNAMU) a organis\u00e9 une rencontre d&rsquo;information, de sensibilisation et d&rsquo;immatriculation au profit des acteurs de l&rsquo;\u00e9conomie informelle. Elle \u00e9tait plac\u00e9e sous la pr\u00e9sidence du ministre en charge du Travail et de la Protection sociale, Bassolma Bazi\u00e9.\" \/>\n<meta property=\"og:url\" content=\"https:\/\/www.latribunedufaso.net\/?p=16993\" \/>\n<meta property=\"og:site_name\" content=\"La Tribune du Faso\" \/>\n<meta property=\"article:publisher\" content=\"https:\/\/www.facebook.com\/LatribuneduFaso\/\" \/>\n<meta property=\"article:published_time\" content=\"2024-11-19T16:25:11+00:00\" \/>\n<meta property=\"article:modified_time\" content=\"2024-11-20T14:05:38+00:00\" \/>\n<meta property=\"og:image\" content=\"https:\/\/www.latribunedufaso.net\/wp-content\/uploads\/2024\/11\/IMG_20241119_092640_414-scaled.jpg\" \/>\n\t<meta property=\"og:image:width\" content=\"2560\" \/>\n\t<meta property=\"og:image:height\" content=\"1920\" \/>\n\t<meta property=\"og:image:type\" content=\"image\/jpeg\" \/>\n<meta name=\"author\" content=\"Issouf Tapsoba\" \/>\n<meta name=\"twitter:label1\" content=\"\u00c9crit par\" \/>\n\t<meta name=\"twitter:data1\" content=\"Issouf Tapsoba\" \/>\n\t<meta name=\"twitter:label2\" content=\"Dur\u00e9e de lecture estim\u00e9e\" \/>\n\t<meta name=\"twitter:data2\" content=\"3 minutes\" \/>\n<script type=\"application\/ld+json\" class=\"yoast-schema-graph\">{\"@context\":\"https:\\\/\\\/schema.org\",\"@graph\":[{\"@type\":\"Article\",\"@id\":\"https:\\\/\\\/www.latribunedufaso.net\\\/?p=16993#article\",\"isPartOf\":{\"@id\":\"https:\\\/\\\/www.latribunedufaso.net\\\/?p=16993\"},\"author\":{\"name\":\"Issouf Tapsoba\",\"@id\":\"https:\\\/\\\/www.latribunedufaso.net\\\/#\\\/schema\\\/person\\\/e54e64c5778a7e72cf80a318b7a622b0\"},\"headline\":\"Assurance maladie universelle : Les acteurs de l&rsquo;\u00e9conomie informelle s&rsquo;informent sur les modalit\u00e9s\",\"datePublished\":\"2024-11-19T16:25:11+00:00\",\"dateModified\":\"2024-11-20T14:05:38+00:00\",\"mainEntityOfPage\":{\"@id\":\"https:\\\/\\\/www.latribunedufaso.net\\\/?p=16993\"},\"wordCount\":674,\"commentCount\":0,\"publisher\":{\"@id\":\"https:\\\/\\\/www.latribunedufaso.net\\\/#organization\"},\"image\":{\"@id\":\"https:\\\/\\\/www.latribunedufaso.net\\\/?p=16993#primaryimage\"},\"thumbnailUrl\":\"https:\\\/\\\/www.latribunedufaso.net\\\/wp-content\\\/uploads\\\/2024\\\/11\\\/IMG_20241119_092640_414-scaled.jpg\",\"keywords\":[\"CNAMU\",\"Conseil national de l'\u00e9conomie informelle\",\"latribunedufaso.net\",\"RAMU\"],\"articleSection\":[\"A la une\",\"Actualit\u00e9\",\"Sant\u00e9\"],\"inLanguage\":\"fr-FR\",\"potentialAction\":[{\"@type\":\"CommentAction\",\"name\":\"Comment\",\"target\":[\"https:\\\/\\\/www.latribunedufaso.net\\\/?p=16993#respond\"]}]},{\"@type\":\"WebPage\",\"@id\":\"https:\\\/\\\/www.latribunedufaso.net\\\/?p=16993\",\"url\":\"https:\\\/\\\/www.latribunedufaso.net\\\/?p=16993\",\"name\":\"Assurance maladie universelle : Les acteurs de l'\u00e9conomie informelle s'informent sur les modalit\u00e9s - La Tribune du Faso\",\"isPartOf\":{\"@id\":\"https:\\\/\\\/www.latribunedufaso.net\\\/#website\"},\"primaryImageOfPage\":{\"@id\":\"https:\\\/\\\/www.latribunedufaso.net\\\/?p=16993#primaryimage\"},\"image\":{\"@id\":\"https:\\\/\\\/www.latribunedufaso.net\\\/?p=16993#primaryimage\"},\"thumbnailUrl\":\"https:\\\/\\\/www.latribunedufaso.net\\\/wp-content\\\/uploads\\\/2024\\\/11\\\/IMG_20241119_092640_414-scaled.jpg\",\"datePublished\":\"2024-11-19T16:25:11+00:00\",\"dateModified\":\"2024-11-20T14:05:38+00:00\",\"breadcrumb\":{\"@id\":\"https:\\\/\\\/www.latribunedufaso.net\\\/?p=16993#breadcrumb\"},\"inLanguage\":\"fr-FR\",\"potentialAction\":[{\"@type\":\"ReadAction\",\"target\":[\"https:\\\/\\\/www.latribunedufaso.net\\\/?p=16993\"]}]},{\"@type\":\"ImageObject\",\"inLanguage\":\"fr-FR\",\"@id\":\"https:\\\/\\\/www.latribunedufaso.net\\\/?p=16993#primaryimage\",\"url\":\"https:\\\/\\\/www.latribunedufaso.net\\\/wp-content\\\/uploads\\\/2024\\\/11\\\/IMG_20241119_092640_414-scaled.jpg\",\"contentUrl\":\"https:\\\/\\\/www.latribunedufaso.net\\\/wp-content\\\/uploads\\\/2024\\\/11\\\/IMG_20241119_092640_414-scaled.jpg\",\"width\":2560,\"height\":1920,\"caption\":\"Les participants \u00e0 la rencontre d'information, de sensibilisation et d'immatriculation au profit des acteurs de l'\u00e9conomie informelle au r\u00e9gime d'assurance maladie universelle (RAMU), 19 novembre 2024\"},{\"@type\":\"BreadcrumbList\",\"@id\":\"https:\\\/\\\/www.latribunedufaso.net\\\/?p=16993#breadcrumb\",\"itemListElement\":[{\"@type\":\"ListItem\",\"position\":1,\"name\":\"Accueil\",\"item\":\"https:\\\/\\\/www.latribunedufaso.net\\\/\"},{\"@type\":\"ListItem\",\"position\":2,\"name\":\"Assurance maladie universelle : Les acteurs de l&rsquo;\u00e9conomie informelle s&rsquo;informent sur les modalit\u00e9s\"}]},{\"@type\":\"WebSite\",\"@id\":\"https:\\\/\\\/www.latribunedufaso.net\\\/#website\",\"url\":\"https:\\\/\\\/www.latribunedufaso.net\\\/\",\"name\":\"La Tribune du Faso\",\"description\":\"L&#039;information du monde rural en un clic\",\"publisher\":{\"@id\":\"https:\\\/\\\/www.latribunedufaso.net\\\/#organization\"},\"potentialAction\":[{\"@type\":\"SearchAction\",\"target\":{\"@type\":\"EntryPoint\",\"urlTemplate\":\"https:\\\/\\\/www.latribunedufaso.net\\\/?s={search_term_string}\"},\"query-input\":{\"@type\":\"PropertyValueSpecification\",\"valueRequired\":true,\"valueName\":\"search_term_string\"}}],\"inLanguage\":\"fr-FR\"},{\"@type\":\"Organization\",\"@id\":\"https:\\\/\\\/www.latribunedufaso.net\\\/#organization\",\"name\":\"La Tribune du Faso\",\"url\":\"https:\\\/\\\/www.latribunedufaso.net\\\/\",\"logo\":{\"@type\":\"ImageObject\",\"inLanguage\":\"fr-FR\",\"@id\":\"https:\\\/\\\/www.latribunedufaso.net\\\/#\\\/schema\\\/logo\\\/image\\\/\",\"url\":\"https:\\\/\\\/www.latribunedufaso.net\\\/wp-content\\\/uploads\\\/2020\\\/08\\\/Logo-Tribune-du-Faso-final-scaled.jpg\",\"contentUrl\":\"https:\\\/\\\/www.latribunedufaso.net\\\/wp-content\\\/uploads\\\/2020\\\/08\\\/Logo-Tribune-du-Faso-final-scaled.jpg\",\"width\":2560,\"height\":1856,\"caption\":\"La Tribune du Faso\"},\"image\":{\"@id\":\"https:\\\/\\\/www.latribunedufaso.net\\\/#\\\/schema\\\/logo\\\/image\\\/\"},\"sameAs\":[\"https:\\\/\\\/www.facebook.com\\\/LatribuneduFaso\\\/\"]},{\"@type\":\"Person\",\"@id\":\"https:\\\/\\\/www.latribunedufaso.net\\\/#\\\/schema\\\/person\\\/e54e64c5778a7e72cf80a318b7a622b0\",\"name\":\"Issouf Tapsoba\",\"image\":{\"@type\":\"ImageObject\",\"inLanguage\":\"fr-FR\",\"@id\":\"https:\\\/\\\/secure.gravatar.com\\\/avatar\\\/5e6c05150ce3230247d167f5b94d678eb05936197436d69b7921e3a95c9107ac?s=96&d=mm&r=g\",\"url\":\"https:\\\/\\\/secure.gravatar.com\\\/avatar\\\/5e6c05150ce3230247d167f5b94d678eb05936197436d69b7921e3a95c9107ac?s=96&d=mm&r=g\",\"contentUrl\":\"https:\\\/\\\/secure.gravatar.com\\\/avatar\\\/5e6c05150ce3230247d167f5b94d678eb05936197436d69b7921e3a95c9107ac?s=96&d=mm&r=g\",\"caption\":\"Issouf Tapsoba\"},\"url\":\"https:\\\/\\\/www.latribunedufaso.net\\\/?author=5\"}]}<\/script>\n<!-- \/ Yoast SEO plugin. -->","yoast_head_json":{"title":"Assurance maladie universelle : Les acteurs de l'\u00e9conomie informelle s'informent sur les modalit\u00e9s - La Tribune du Faso","robots":{"index":"index","follow":"follow","max-snippet":"max-snippet:-1","max-image-preview":"max-image-preview:large","max-video-preview":"max-video-preview:-1"},"canonical":"https:\/\/www.latribunedufaso.net\/?p=16993","og_locale":"fr_FR","og_type":"article","og_title":"Assurance maladie universelle : Les acteurs de l'\u00e9conomie informelle s'informent sur les modalit\u00e9s - La Tribune du Faso","og_description":"Ce 19 novembre 2024 \u00e0 Ouagadougou, la Caisse nationale d\u2019assurance maladie universelle (CNAMU) a organis\u00e9 une rencontre d&rsquo;information, de sensibilisation et d&rsquo;immatriculation au profit des acteurs de l&rsquo;\u00e9conomie informelle. Elle \u00e9tait plac\u00e9e sous la pr\u00e9sidence du ministre en charge du Travail et de la Protection sociale, Bassolma Bazi\u00e9.","og_url":"https:\/\/www.latribunedufaso.net\/?p=16993","og_site_name":"La Tribune du Faso","article_publisher":"https:\/\/www.facebook.com\/LatribuneduFaso\/","article_published_time":"2024-11-19T16:25:11+00:00","article_modified_time":"2024-11-20T14:05:38+00:00","og_image":[{"width":2560,"height":1920,"url":"https:\/\/www.latribunedufaso.net\/wp-content\/uploads\/2024\/11\/IMG_20241119_092640_414-scaled.jpg","type":"image\/jpeg"}],"author":"Issouf Tapsoba","twitter_misc":{"\u00c9crit par":"Issouf Tapsoba","Dur\u00e9e de lecture estim\u00e9e":"3 minutes"},"schema":{"@context":"https:\/\/schema.org","@graph":[{"@type":"Article","@id":"https:\/\/www.latribunedufaso.net\/?p=16993#article","isPartOf":{"@id":"https:\/\/www.latribunedufaso.net\/?p=16993"},"author":{"name":"Issouf Tapsoba","@id":"https:\/\/www.latribunedufaso.net\/#\/schema\/person\/e54e64c5778a7e72cf80a318b7a622b0"},"headline":"Assurance maladie universelle : Les acteurs de l&rsquo;\u00e9conomie informelle s&rsquo;informent sur les modalit\u00e9s","datePublished":"2024-11-19T16:25:11+00:00","dateModified":"2024-11-20T14:05:38+00:00","mainEntityOfPage":{"@id":"https:\/\/www.latribunedufaso.net\/?p=16993"},"wordCount":674,"commentCount":0,"publisher":{"@id":"https:\/\/www.latribunedufaso.net\/#organization"},"image":{"@id":"https:\/\/www.latribunedufaso.net\/?p=16993#primaryimage"},"thumbnailUrl":"https:\/\/www.latribunedufaso.net\/wp-content\/uploads\/2024\/11\/IMG_20241119_092640_414-scaled.jpg","keywords":["CNAMU","Conseil national de l'\u00e9conomie informelle","latribunedufaso.net","RAMU"],"articleSection":["A la une","Actualit\u00e9","Sant\u00e9"],"inLanguage":"fr-FR","potentialAction":[{"@type":"CommentAction","name":"Comment","target":["https:\/\/www.latribunedufaso.net\/?p=16993#respond"]}]},{"@type":"WebPage","@id":"https:\/\/www.latribunedufaso.net\/?p=16993","url":"https:\/\/www.latribunedufaso.net\/?p=16993","name":"Assurance maladie universelle : Les acteurs de l'\u00e9conomie informelle s'informent sur les modalit\u00e9s - La Tribune du Faso","isPartOf":{"@id":"https:\/\/www.latribunedufaso.net\/#website"},"primaryImageOfPage":{"@id":"https:\/\/www.latribunedufaso.net\/?p=16993#primaryimage"},"image":{"@id":"https:\/\/www.latribunedufaso.net\/?p=16993#primaryimage"},"thumbnailUrl":"https:\/\/www.latribunedufaso.net\/wp-content\/uploads\/2024\/11\/IMG_20241119_092640_414-scaled.jpg","datePublished":"2024-11-19T16:25:11+00:00","dateModified":"2024-11-20T14:05:38+00:00","breadcrumb":{"@id":"https:\/\/www.latribunedufaso.net\/?p=16993#breadcrumb"},"inLanguage":"fr-FR","potentialAction":[{"@type":"ReadAction","target":["https:\/\/www.latribunedufaso.net\/?p=16993"]}]},{"@type":"ImageObject","inLanguage":"fr-FR","@id":"https:\/\/www.latribunedufaso.net\/?p=16993#primaryimage","url":"https:\/\/www.latribunedufaso.net\/wp-content\/uploads\/2024\/11\/IMG_20241119_092640_414-scaled.jpg","contentUrl":"https:\/\/www.latribunedufaso.net\/wp-content\/uploads\/2024\/11\/IMG_20241119_092640_414-scaled.jpg","width":2560,"height":1920,"caption":"Les participants \u00e0 la rencontre d'information, de sensibilisation et d'immatriculation au profit des acteurs de l'\u00e9conomie informelle au r\u00e9gime d'assurance maladie universelle (RAMU), 19 novembre 2024"},{"@type":"BreadcrumbList","@id":"https:\/\/www.latribunedufaso.net\/?p=16993#breadcrumb","itemListElement":[{"@type":"ListItem","position":1,"name":"Accueil","item":"https:\/\/www.latribunedufaso.net\/"},{"@type":"ListItem","position":2,"name":"Assurance maladie universelle : Les acteurs de l&rsquo;\u00e9conomie informelle s&rsquo;informent sur les modalit\u00e9s"}]},{"@type":"WebSite","@id":"https:\/\/www.latribunedufaso.net\/#website","url":"https:\/\/www.latribunedufaso.net\/","name":"La Tribune du Faso","description":"L&#039;information du monde rural en un clic","publisher":{"@id":"https:\/\/www.latribunedufaso.net\/#organization"},"potentialAction":[{"@type":"SearchAction","target":{"@type":"EntryPoint","urlTemplate":"https:\/\/www.latribunedufaso.net\/?s={search_term_string}"},"query-input":{"@type":"PropertyValueSpecification","valueRequired":true,"valueName":"search_term_string"}}],"inLanguage":"fr-FR"},{"@type":"Organization","@id":"https:\/\/www.latribunedufaso.net\/#organization","name":"La Tribune du Faso","url":"https:\/\/www.latribunedufaso.net\/","logo":{"@type":"ImageObject","inLanguage":"fr-FR","@id":"https:\/\/www.latribunedufaso.net\/#\/schema\/logo\/image\/","url":"https:\/\/www.latribunedufaso.net\/wp-content\/uploads\/2020\/08\/Logo-Tribune-du-Faso-final-scaled.jpg","contentUrl":"https:\/\/www.latribunedufaso.net\/wp-content\/uploads\/2020\/08\/Logo-Tribune-du-Faso-final-scaled.jpg","width":2560,"height":1856,"caption":"La Tribune du Faso"},"image":{"@id":"https:\/\/www.latribunedufaso.net\/#\/schema\/logo\/image\/"},"sameAs":["https:\/\/www.facebook.com\/LatribuneduFaso\/"]},{"@type":"Person","@id":"https:\/\/www.latribunedufaso.net\/#\/schema\/person\/e54e64c5778a7e72cf80a318b7a622b0","name":"Issouf Tapsoba","image":{"@type":"ImageObject","inLanguage":"fr-FR","@id":"https:\/\/secure.gravatar.com\/avatar\/5e6c05150ce3230247d167f5b94d678eb05936197436d69b7921e3a95c9107ac?s=96&d=mm&r=g","url":"https:\/\/secure.gravatar.com\/avatar\/5e6c05150ce3230247d167f5b94d678eb05936197436d69b7921e3a95c9107ac?s=96&d=mm&r=g","contentUrl":"https:\/\/secure.gravatar.com\/avatar\/5e6c05150ce3230247d167f5b94d678eb05936197436d69b7921e3a95c9107ac?s=96&d=mm&r=g","caption":"Issouf Tapsoba"},"url":"https:\/\/www.latribunedufaso.net\/?author=5"}]}},"_links":{"self":[{"href":"https:\/\/www.latribunedufaso.net\/index.php?rest_route=\/wp\/v2\/posts\/16993","targetHints":{"allow":["GET"]}}],"collection":[{"href":"https:\/\/www.latribunedufaso.net\/index.php?rest_route=\/wp\/v2\/posts"}],"about":[{"href":"https:\/\/www.latribunedufaso.net\/index.php?rest_route=\/wp\/v2\/types\/post"}],"author":[{"embeddable":true,"href":"https:\/\/www.latribunedufaso.net\/index.php?rest_route=\/wp\/v2\/users\/5"}],"replies":[{"embeddable":true,"href":"https:\/\/www.latribunedufaso.net\/index.php?rest_route=%2Fwp%2Fv2%2Fcomments&post=16993"}],"version-history":[{"count":3,"href":"https:\/\/www.latribunedufaso.net\/index.php?rest_route=\/wp\/v2\/posts\/16993\/revisions"}],"predecessor-version":[{"id":17005,"href":"https:\/\/www.latribunedufaso.net\/index.php?rest_route=\/wp\/v2\/posts\/16993\/revisions\/17005"}],"wp:featuredmedia":[{"embeddable":true,"href":"https:\/\/www.latribunedufaso.net\/index.php?rest_route=\/wp\/v2\/media\/16999"}],"wp:attachment":[{"href":"https:\/\/www.latribunedufaso.net\/index.php?rest_route=%2Fwp%2Fv2%2Fmedia&parent=16993"}],"wp:term":[{"taxonomy":"category","embeddable":true,"href":"https:\/\/www.latribunedufaso.net\/index.php?rest_route=%2Fwp%2Fv2%2Fcategories&post=16993"},{"taxonomy":"post_tag","embeddable":true,"href":"https:\/\/www.latribunedufaso.net\/index.php?rest_route=%2Fwp%2Fv2%2Ftags&post=16993"}],"curies":[{"name":"wp","href":"https:\/\/api.w.org\/{rel}","templated":true}]}}