{"id":16970,"date":"2024-11-18T12:09:01","date_gmt":"2024-11-18T12:09:01","guid":{"rendered":"https:\/\/www.latribunedufaso.net\/?p=16970"},"modified":"2024-11-19T09:05:24","modified_gmt":"2024-11-19T09:05:24","slug":"burkina-les-magistrats-et-les-greffiers-portent-officiellement-leur-nouvelle-robe-en-faso-dan-fani","status":"publish","type":"post","link":"https:\/\/www.latribunedufaso.net\/?p=16970","title":{"rendered":"Burkina : Les magistrats et les greffiers portent officiellement leur nouvelle robe en Faso Dan Fani"},"content":{"rendered":"<p><strong><span style=\"font-size: 1.0625rem;\">Les acteurs de la justice ont officiellement port\u00e9 leur nouvelle toge en Faso Dan Fani, ce 18 novembre 2024 \u00e0 Ouagadougou.\u00a0<\/span><\/strong><!--more--><\/p>\n<p>En conseil des ministres le 23 octobre 2024, le gouvernement a annonc\u00e9 le port d\u2019une nouvelle toge en Faso Dan Fani par les acteurs judiciaires. Cette annonce a \u00e9t\u00e9 concr\u00e9tis\u00e9e dans la matin\u00e9e de ce 18 novembre 2024 \u00e0 travers une c\u00e9r\u00e9monie de port officiel de ladite toge. C\u2019est le premier ministre, Me Appolinaire Ky\u00e9lem a pr\u00e9sid\u00e9 cette c\u00e9r\u00e9monie qui s\u2019est d\u00e9roul\u00e9e \u00e0 Ouagadougou.<\/p>\n<p>Ces nouveaux costumes d\u2019audience qui ont \u00e9t\u00e9 pr\u00e9sent\u00e9s concernent les magistrats et le personnel du corps des greffiers. Ils sont compos\u00e9s de 04 mod\u00e8les. Un pour les secr\u00e9taires de greffe et parquet, un mod\u00e8le pour les greffiers, un autre pour les greffiers en chef et un 4e mod\u00e8le pour les magistrats. Les grades des magistrats sont diff\u00e9renci\u00e9s par des bandes dor\u00e9es au niveau des manches du costume et au niveau de la toque (chapeau).<\/p>\n<figure id=\"attachment_16971\" aria-describedby=\"caption-attachment-16971\" style=\"width: 2560px\" class=\"wp-caption aligncenter\"><a href=\"https:\/\/www.latribunedufaso.net\/wp-content\/uploads\/2024\/11\/IMG-20241118-WA0092.jpg\"><img loading=\"lazy\" decoding=\"async\" class=\"size-full wp-image-16971\" src=\"https:\/\/www.latribunedufaso.net\/wp-content\/uploads\/2024\/11\/IMG-20241118-WA0092.jpg\" alt=\"Le ministre en charge de la Justice, Edasso Rodrigue Bayala lors de la c\u00e9r\u00e9monie officielle de port de la tenue en Faso Dan Fani des acteurs judiciaires, 18 novembre 2024 \u00e0 Ouaga\" width=\"2560\" height=\"1927\" srcset=\"https:\/\/www.latribunedufaso.net\/wp-content\/uploads\/2024\/11\/IMG-20241118-WA0092.jpg 2560w, https:\/\/www.latribunedufaso.net\/wp-content\/uploads\/2024\/11\/IMG-20241118-WA0092-300x226.jpg 300w, https:\/\/www.latribunedufaso.net\/wp-content\/uploads\/2024\/11\/IMG-20241118-WA0092-1024x771.jpg 1024w, https:\/\/www.latribunedufaso.net\/wp-content\/uploads\/2024\/11\/IMG-20241118-WA0092-768x578.jpg 768w, https:\/\/www.latribunedufaso.net\/wp-content\/uploads\/2024\/11\/IMG-20241118-WA0092-1536x1156.jpg 1536w, https:\/\/www.latribunedufaso.net\/wp-content\/uploads\/2024\/11\/IMG-20241118-WA0092-2048x1542.jpg 2048w\" sizes=\"auto, (max-width: 2560px) 100vw, 2560px\" \/><\/a><figcaption id=\"caption-attachment-16971\" class=\"wp-caption-text\">Le ministre en charge de la Justice, Rodrigue Bayala a appel\u00e9 les autres acteurs judiciaires (avocats, notaires , huissiers de justice) a emboit\u00e9 le pas &#8211; Ph. A. Kiendrebeogo<\/figcaption><\/figure>\n<p>Le <a href=\"https:\/\/www.latribunedufaso.net\/?p=1649\">port des costumes d\u2019audience en Faso Dan Fani<\/a> vise \u00e0 promouvoir l&rsquo;identit\u00e9 culturelle du Burkina Faso et \u00e0 redynamiser l\u2019\u00e9conomie nationale, a indiqu\u00e9 le premier ministre, dans son discours lu par le ministre en charge de la Justice, Rodrigue Bayala. <em><strong>\u00ab En effet, notre coton sera transform\u00e9 sur place cr\u00e9ant une plus-value, nos tisseuses auront davantage de la mati\u00e8re, nos couturi\u00e8res et couturiers pourront augmenter leurs chiffres d\u2019affaires participant ainsi \u00e0 la cr\u00e9ation de la richesse nationale sans laquelle il n\u2019y a pas d\u00e9veloppement possible \u00bb<\/strong><\/em>, peut-on l\u2019entendre.<\/p>\n<p>Ainsi, il a appel\u00e9 les autres acteurs tels les avocats, les notaires, les huissiers de justice, a emboit\u00e9 le pas <em><strong>\u00ab car c\u2019est ensemble que nous allons construire notre ch\u00e8re FASO \u00bb.<\/strong><\/em><\/p>\n<figure id=\"attachment_16972\" aria-describedby=\"caption-attachment-16972\" style=\"width: 2560px\" class=\"wp-caption aligncenter\"><a href=\"https:\/\/www.latribunedufaso.net\/wp-content\/uploads\/2024\/11\/IMG-20241118-WA0102.jpg\"><img loading=\"lazy\" decoding=\"async\" class=\"size-full wp-image-16972\" src=\"https:\/\/www.latribunedufaso.net\/wp-content\/uploads\/2024\/11\/IMG-20241118-WA0102.jpg\" alt=\"Photo de famille lors de la c\u00e9r\u00e9monie officielle de port de la tenue en Faso Dan Fani des acteurs judiciaires, 18 novembre 2024 \u00e0 Ouaga\" width=\"2560\" height=\"1927\" srcset=\"https:\/\/www.latribunedufaso.net\/wp-content\/uploads\/2024\/11\/IMG-20241118-WA0102.jpg 2560w, https:\/\/www.latribunedufaso.net\/wp-content\/uploads\/2024\/11\/IMG-20241118-WA0102-300x226.jpg 300w, https:\/\/www.latribunedufaso.net\/wp-content\/uploads\/2024\/11\/IMG-20241118-WA0102-1024x771.jpg 1024w, https:\/\/www.latribunedufaso.net\/wp-content\/uploads\/2024\/11\/IMG-20241118-WA0102-768x578.jpg 768w, https:\/\/www.latribunedufaso.net\/wp-content\/uploads\/2024\/11\/IMG-20241118-WA0102-1536x1156.jpg 1536w, https:\/\/www.latribunedufaso.net\/wp-content\/uploads\/2024\/11\/IMG-20241118-WA0102-2048x1542.jpg 2048w\" sizes=\"auto, (max-width: 2560px) 100vw, 2560px\" \/><\/a><figcaption id=\"caption-attachment-16972\" class=\"wp-caption-text\">Photos de famille des acteurs judiciaires et de quelques membres du gouvernement lors de la c\u00e9r\u00e9monie officielle de port de la toge en Faso Dan Fani des acteurs judiciaires &#8211; Ph. A. Kiendrebeogo<\/figcaption><\/figure>\n<p>La nouvelle toge endog\u00e8ne co\u00fbte 150 mille FCFA \u00e0 peu pr\u00e8s, selon le ministre Rodrigue Bayala. Elle revient ainsi 5 fois moins ch\u00e8re par rapport aux toges import\u00e9es.<em><strong> \u00ab Les toges import\u00e9es aujourd\u2019hui le plus bas niveau co\u00fbte 900 mille F CFA, sinon il y a des toges de 2 millions, de 3 millions import\u00e9es\u2026 \u00bb<\/strong><\/em>, a-t-il signifi\u00e9.<\/p>\n<p><strong>Rosana Astride KIENDREBEOGO\u00a0<\/strong><\/p>\n<p><strong>Latribunedufaso.net<\/strong><\/p>\n","protected":false},"excerpt":{"rendered":"<p>Les acteurs de la justice ont officiellement port\u00e9 leur nouvelle toge en Faso Dan Fani, ce 18 novembre 2024 \u00e0 Ouagadougou.\u00a0<\/p>\n","protected":false},"author":5,"featured_media":16973,"comment_status":"open","ping_status":"open","sticky":false,"template":"","format":"standard","meta":{"footnotes":""},"categories":[13,1,8],"tags":[208,39,470],"class_list":["post-16970","post","type-post","status-publish","format-standard","has-post-thumbnail","hentry","category-une","category-actu","category-societe","tag-justice","tag-latribunedufaso-net","tag-tenue-des-acteurs-judiciaires-en-faso-dan-fani"],"yoast_head":"<!-- This site is optimized with the Yoast SEO plugin v27.4 - https:\/\/yoast.com\/product\/yoast-seo-wordpress\/ -->\n<title>Burkina : Les magistrats et les greffiers portent officiellement leur nouvelle robe en Faso Dan Fani - La Tribune du Faso<\/title>\n<meta name=\"robots\" content=\"index, follow, max-snippet:-1, max-image-preview:large, max-video-preview:-1\" \/>\n<link rel=\"canonical\" href=\"https:\/\/www.latribunedufaso.net\/?p=16970\" \/>\n<meta property=\"og:locale\" content=\"fr_FR\" \/>\n<meta property=\"og:type\" content=\"article\" \/>\n<meta property=\"og:title\" content=\"Burkina : Les magistrats et les greffiers portent officiellement leur nouvelle robe en Faso Dan Fani - La Tribune du Faso\" \/>\n<meta property=\"og:description\" content=\"Les acteurs de la justice ont officiellement port\u00e9 leur nouvelle toge en Faso Dan Fani, ce 18 novembre 2024 \u00e0 Ouagadougou.\u00a0\" \/>\n<meta property=\"og:url\" content=\"https:\/\/www.latribunedufaso.net\/?p=16970\" \/>\n<meta property=\"og:site_name\" content=\"La Tribune du Faso\" \/>\n<meta property=\"article:publisher\" content=\"https:\/\/www.facebook.com\/LatribuneduFaso\/\" \/>\n<meta property=\"article:published_time\" content=\"2024-11-18T12:09:01+00:00\" \/>\n<meta property=\"article:modified_time\" content=\"2024-11-19T09:05:24+00:00\" \/>\n<meta property=\"og:image\" content=\"https:\/\/www.latribunedufaso.net\/wp-content\/uploads\/2024\/11\/IMG-20241118-WA0100.jpg\" \/>\n\t<meta property=\"og:image:width\" content=\"2560\" \/>\n\t<meta property=\"og:image:height\" content=\"1927\" \/>\n\t<meta property=\"og:image:type\" content=\"image\/jpeg\" \/>\n<meta name=\"author\" content=\"Issouf Tapsoba\" \/>\n<meta name=\"twitter:label1\" content=\"\u00c9crit par\" \/>\n\t<meta name=\"twitter:data1\" content=\"Issouf Tapsoba\" \/>\n\t<meta name=\"twitter:label2\" content=\"Dur\u00e9e de lecture estim\u00e9e\" \/>\n\t<meta name=\"twitter:data2\" content=\"2 minutes\" \/>\n<script type=\"application\/ld+json\" class=\"yoast-schema-graph\">{\"@context\":\"https:\\\/\\\/schema.org\",\"@graph\":[{\"@type\":\"Article\",\"@id\":\"https:\\\/\\\/www.latribunedufaso.net\\\/?p=16970#article\",\"isPartOf\":{\"@id\":\"https:\\\/\\\/www.latribunedufaso.net\\\/?p=16970\"},\"author\":{\"name\":\"Issouf Tapsoba\",\"@id\":\"https:\\\/\\\/www.latribunedufaso.net\\\/#\\\/schema\\\/person\\\/e54e64c5778a7e72cf80a318b7a622b0\"},\"headline\":\"Burkina : Les magistrats et les greffiers portent officiellement leur nouvelle robe en Faso Dan Fani\",\"datePublished\":\"2024-11-18T12:09:01+00:00\",\"dateModified\":\"2024-11-19T09:05:24+00:00\",\"mainEntityOfPage\":{\"@id\":\"https:\\\/\\\/www.latribunedufaso.net\\\/?p=16970\"},\"wordCount\":457,\"commentCount\":0,\"publisher\":{\"@id\":\"https:\\\/\\\/www.latribunedufaso.net\\\/#organization\"},\"image\":{\"@id\":\"https:\\\/\\\/www.latribunedufaso.net\\\/?p=16970#primaryimage\"},\"thumbnailUrl\":\"https:\\\/\\\/www.latribunedufaso.net\\\/wp-content\\\/uploads\\\/2024\\\/11\\\/IMG-20241118-WA0100.jpg\",\"keywords\":[\"justice\",\"latribunedufaso.net\",\"tenue des acteurs judiciaires en Faso Dan Fani\"],\"articleSection\":[\"A la une\",\"Actualit\u00e9\",\"Soci\u00e9t\u00e9\"],\"inLanguage\":\"fr-FR\",\"potentialAction\":[{\"@type\":\"CommentAction\",\"name\":\"Comment\",\"target\":[\"https:\\\/\\\/www.latribunedufaso.net\\\/?p=16970#respond\"]}]},{\"@type\":\"WebPage\",\"@id\":\"https:\\\/\\\/www.latribunedufaso.net\\\/?p=16970\",\"url\":\"https:\\\/\\\/www.latribunedufaso.net\\\/?p=16970\",\"name\":\"Burkina : Les magistrats et les greffiers portent officiellement leur nouvelle robe en Faso Dan Fani - La Tribune du Faso\",\"isPartOf\":{\"@id\":\"https:\\\/\\\/www.latribunedufaso.net\\\/#website\"},\"primaryImageOfPage\":{\"@id\":\"https:\\\/\\\/www.latribunedufaso.net\\\/?p=16970#primaryimage\"},\"image\":{\"@id\":\"https:\\\/\\\/www.latribunedufaso.net\\\/?p=16970#primaryimage\"},\"thumbnailUrl\":\"https:\\\/\\\/www.latribunedufaso.net\\\/wp-content\\\/uploads\\\/2024\\\/11\\\/IMG-20241118-WA0100.jpg\",\"datePublished\":\"2024-11-18T12:09:01+00:00\",\"dateModified\":\"2024-11-19T09:05:24+00:00\",\"breadcrumb\":{\"@id\":\"https:\\\/\\\/www.latribunedufaso.net\\\/?p=16970#breadcrumb\"},\"inLanguage\":\"fr-FR\",\"potentialAction\":[{\"@type\":\"ReadAction\",\"target\":[\"https:\\\/\\\/www.latribunedufaso.net\\\/?p=16970\"]}]},{\"@type\":\"ImageObject\",\"inLanguage\":\"fr-FR\",\"@id\":\"https:\\\/\\\/www.latribunedufaso.net\\\/?p=16970#primaryimage\",\"url\":\"https:\\\/\\\/www.latribunedufaso.net\\\/wp-content\\\/uploads\\\/2024\\\/11\\\/IMG-20241118-WA0100.jpg\",\"contentUrl\":\"https:\\\/\\\/www.latribunedufaso.net\\\/wp-content\\\/uploads\\\/2024\\\/11\\\/IMG-20241118-WA0100.jpg\",\"width\":2560,\"height\":1927,\"caption\":\"Le Premier ministre entrain de porter la toque (chapeau) de la nouvelle tenu en Faso Dan Fani des acteurs judiciaires au Pr\u00e9sident du TGI Ouaga 1, Basse Nombr\u00e9 lors de la c\u00e9r\u00e9monie officielle du port, 18 novembre 2024\"},{\"@type\":\"BreadcrumbList\",\"@id\":\"https:\\\/\\\/www.latribunedufaso.net\\\/?p=16970#breadcrumb\",\"itemListElement\":[{\"@type\":\"ListItem\",\"position\":1,\"name\":\"Accueil\",\"item\":\"https:\\\/\\\/www.latribunedufaso.net\\\/\"},{\"@type\":\"ListItem\",\"position\":2,\"name\":\"Burkina : Les magistrats et les greffiers portent officiellement leur nouvelle robe en Faso Dan Fani\"}]},{\"@type\":\"WebSite\",\"@id\":\"https:\\\/\\\/www.latribunedufaso.net\\\/#website\",\"url\":\"https:\\\/\\\/www.latribunedufaso.net\\\/\",\"name\":\"La Tribune du Faso\",\"description\":\"L&#039;information du monde rural en un clic\",\"publisher\":{\"@id\":\"https:\\\/\\\/www.latribunedufaso.net\\\/#organization\"},\"potentialAction\":[{\"@type\":\"SearchAction\",\"target\":{\"@type\":\"EntryPoint\",\"urlTemplate\":\"https:\\\/\\\/www.latribunedufaso.net\\\/?s={search_term_string}\"},\"query-input\":{\"@type\":\"PropertyValueSpecification\",\"valueRequired\":true,\"valueName\":\"search_term_string\"}}],\"inLanguage\":\"fr-FR\"},{\"@type\":\"Organization\",\"@id\":\"https:\\\/\\\/www.latribunedufaso.net\\\/#organization\",\"name\":\"La Tribune du Faso\",\"url\":\"https:\\\/\\\/www.latribunedufaso.net\\\/\",\"logo\":{\"@type\":\"ImageObject\",\"inLanguage\":\"fr-FR\",\"@id\":\"https:\\\/\\\/www.latribunedufaso.net\\\/#\\\/schema\\\/logo\\\/image\\\/\",\"url\":\"https:\\\/\\\/www.latribunedufaso.net\\\/wp-content\\\/uploads\\\/2020\\\/08\\\/Logo-Tribune-du-Faso-final-scaled.jpg\",\"contentUrl\":\"https:\\\/\\\/www.latribunedufaso.net\\\/wp-content\\\/uploads\\\/2020\\\/08\\\/Logo-Tribune-du-Faso-final-scaled.jpg\",\"width\":2560,\"height\":1856,\"caption\":\"La Tribune du Faso\"},\"image\":{\"@id\":\"https:\\\/\\\/www.latribunedufaso.net\\\/#\\\/schema\\\/logo\\\/image\\\/\"},\"sameAs\":[\"https:\\\/\\\/www.facebook.com\\\/LatribuneduFaso\\\/\"]},{\"@type\":\"Person\",\"@id\":\"https:\\\/\\\/www.latribunedufaso.net\\\/#\\\/schema\\\/person\\\/e54e64c5778a7e72cf80a318b7a622b0\",\"name\":\"Issouf Tapsoba\",\"image\":{\"@type\":\"ImageObject\",\"inLanguage\":\"fr-FR\",\"@id\":\"https:\\\/\\\/secure.gravatar.com\\\/avatar\\\/5e6c05150ce3230247d167f5b94d678eb05936197436d69b7921e3a95c9107ac?s=96&d=mm&r=g\",\"url\":\"https:\\\/\\\/secure.gravatar.com\\\/avatar\\\/5e6c05150ce3230247d167f5b94d678eb05936197436d69b7921e3a95c9107ac?s=96&d=mm&r=g\",\"contentUrl\":\"https:\\\/\\\/secure.gravatar.com\\\/avatar\\\/5e6c05150ce3230247d167f5b94d678eb05936197436d69b7921e3a95c9107ac?s=96&d=mm&r=g\",\"caption\":\"Issouf Tapsoba\"},\"url\":\"https:\\\/\\\/www.latribunedufaso.net\\\/?author=5\"}]}<\/script>\n<!-- \/ Yoast SEO plugin. -->","yoast_head_json":{"title":"Burkina : Les magistrats et les greffiers portent officiellement leur nouvelle robe en Faso Dan Fani - La Tribune du Faso","robots":{"index":"index","follow":"follow","max-snippet":"max-snippet:-1","max-image-preview":"max-image-preview:large","max-video-preview":"max-video-preview:-1"},"canonical":"https:\/\/www.latribunedufaso.net\/?p=16970","og_locale":"fr_FR","og_type":"article","og_title":"Burkina : Les magistrats et les greffiers portent officiellement leur nouvelle robe en Faso Dan Fani - La Tribune du Faso","og_description":"Les acteurs de la justice ont officiellement port\u00e9 leur nouvelle toge en Faso Dan Fani, ce 18 novembre 2024 \u00e0 Ouagadougou.\u00a0","og_url":"https:\/\/www.latribunedufaso.net\/?p=16970","og_site_name":"La Tribune du Faso","article_publisher":"https:\/\/www.facebook.com\/LatribuneduFaso\/","article_published_time":"2024-11-18T12:09:01+00:00","article_modified_time":"2024-11-19T09:05:24+00:00","og_image":[{"width":2560,"height":1927,"url":"https:\/\/www.latribunedufaso.net\/wp-content\/uploads\/2024\/11\/IMG-20241118-WA0100.jpg","type":"image\/jpeg"}],"author":"Issouf Tapsoba","twitter_misc":{"\u00c9crit par":"Issouf Tapsoba","Dur\u00e9e de lecture estim\u00e9e":"2 minutes"},"schema":{"@context":"https:\/\/schema.org","@graph":[{"@type":"Article","@id":"https:\/\/www.latribunedufaso.net\/?p=16970#article","isPartOf":{"@id":"https:\/\/www.latribunedufaso.net\/?p=16970"},"author":{"name":"Issouf Tapsoba","@id":"https:\/\/www.latribunedufaso.net\/#\/schema\/person\/e54e64c5778a7e72cf80a318b7a622b0"},"headline":"Burkina : Les magistrats et les greffiers portent officiellement leur nouvelle robe en Faso Dan Fani","datePublished":"2024-11-18T12:09:01+00:00","dateModified":"2024-11-19T09:05:24+00:00","mainEntityOfPage":{"@id":"https:\/\/www.latribunedufaso.net\/?p=16970"},"wordCount":457,"commentCount":0,"publisher":{"@id":"https:\/\/www.latribunedufaso.net\/#organization"},"image":{"@id":"https:\/\/www.latribunedufaso.net\/?p=16970#primaryimage"},"thumbnailUrl":"https:\/\/www.latribunedufaso.net\/wp-content\/uploads\/2024\/11\/IMG-20241118-WA0100.jpg","keywords":["justice","latribunedufaso.net","tenue des acteurs judiciaires en Faso Dan Fani"],"articleSection":["A la une","Actualit\u00e9","Soci\u00e9t\u00e9"],"inLanguage":"fr-FR","potentialAction":[{"@type":"CommentAction","name":"Comment","target":["https:\/\/www.latribunedufaso.net\/?p=16970#respond"]}]},{"@type":"WebPage","@id":"https:\/\/www.latribunedufaso.net\/?p=16970","url":"https:\/\/www.latribunedufaso.net\/?p=16970","name":"Burkina : Les magistrats et les greffiers portent officiellement leur nouvelle robe en Faso Dan Fani - La Tribune du Faso","isPartOf":{"@id":"https:\/\/www.latribunedufaso.net\/#website"},"primaryImageOfPage":{"@id":"https:\/\/www.latribunedufaso.net\/?p=16970#primaryimage"},"image":{"@id":"https:\/\/www.latribunedufaso.net\/?p=16970#primaryimage"},"thumbnailUrl":"https:\/\/www.latribunedufaso.net\/wp-content\/uploads\/2024\/11\/IMG-20241118-WA0100.jpg","datePublished":"2024-11-18T12:09:01+00:00","dateModified":"2024-11-19T09:05:24+00:00","breadcrumb":{"@id":"https:\/\/www.latribunedufaso.net\/?p=16970#breadcrumb"},"inLanguage":"fr-FR","potentialAction":[{"@type":"ReadAction","target":["https:\/\/www.latribunedufaso.net\/?p=16970"]}]},{"@type":"ImageObject","inLanguage":"fr-FR","@id":"https:\/\/www.latribunedufaso.net\/?p=16970#primaryimage","url":"https:\/\/www.latribunedufaso.net\/wp-content\/uploads\/2024\/11\/IMG-20241118-WA0100.jpg","contentUrl":"https:\/\/www.latribunedufaso.net\/wp-content\/uploads\/2024\/11\/IMG-20241118-WA0100.jpg","width":2560,"height":1927,"caption":"Le Premier ministre entrain de porter la toque (chapeau) de la nouvelle tenu en Faso Dan Fani des acteurs judiciaires au Pr\u00e9sident du TGI Ouaga 1, Basse Nombr\u00e9 lors de la c\u00e9r\u00e9monie officielle du port, 18 novembre 2024"},{"@type":"BreadcrumbList","@id":"https:\/\/www.latribunedufaso.net\/?p=16970#breadcrumb","itemListElement":[{"@type":"ListItem","position":1,"name":"Accueil","item":"https:\/\/www.latribunedufaso.net\/"},{"@type":"ListItem","position":2,"name":"Burkina : Les magistrats et les greffiers portent officiellement leur nouvelle robe en Faso Dan Fani"}]},{"@type":"WebSite","@id":"https:\/\/www.latribunedufaso.net\/#website","url":"https:\/\/www.latribunedufaso.net\/","name":"La Tribune du Faso","description":"L&#039;information du monde rural en un clic","publisher":{"@id":"https:\/\/www.latribunedufaso.net\/#organization"},"potentialAction":[{"@type":"SearchAction","target":{"@type":"EntryPoint","urlTemplate":"https:\/\/www.latribunedufaso.net\/?s={search_term_string}"},"query-input":{"@type":"PropertyValueSpecification","valueRequired":true,"valueName":"search_term_string"}}],"inLanguage":"fr-FR"},{"@type":"Organization","@id":"https:\/\/www.latribunedufaso.net\/#organization","name":"La Tribune du Faso","url":"https:\/\/www.latribunedufaso.net\/","logo":{"@type":"ImageObject","inLanguage":"fr-FR","@id":"https:\/\/www.latribunedufaso.net\/#\/schema\/logo\/image\/","url":"https:\/\/www.latribunedufaso.net\/wp-content\/uploads\/2020\/08\/Logo-Tribune-du-Faso-final-scaled.jpg","contentUrl":"https:\/\/www.latribunedufaso.net\/wp-content\/uploads\/2020\/08\/Logo-Tribune-du-Faso-final-scaled.jpg","width":2560,"height":1856,"caption":"La Tribune du Faso"},"image":{"@id":"https:\/\/www.latribunedufaso.net\/#\/schema\/logo\/image\/"},"sameAs":["https:\/\/www.facebook.com\/LatribuneduFaso\/"]},{"@type":"Person","@id":"https:\/\/www.latribunedufaso.net\/#\/schema\/person\/e54e64c5778a7e72cf80a318b7a622b0","name":"Issouf Tapsoba","image":{"@type":"ImageObject","inLanguage":"fr-FR","@id":"https:\/\/secure.gravatar.com\/avatar\/5e6c05150ce3230247d167f5b94d678eb05936197436d69b7921e3a95c9107ac?s=96&d=mm&r=g","url":"https:\/\/secure.gravatar.com\/avatar\/5e6c05150ce3230247d167f5b94d678eb05936197436d69b7921e3a95c9107ac?s=96&d=mm&r=g","contentUrl":"https:\/\/secure.gravatar.com\/avatar\/5e6c05150ce3230247d167f5b94d678eb05936197436d69b7921e3a95c9107ac?s=96&d=mm&r=g","caption":"Issouf Tapsoba"},"url":"https:\/\/www.latribunedufaso.net\/?author=5"}]}},"_links":{"self":[{"href":"https:\/\/www.latribunedufaso.net\/index.php?rest_route=\/wp\/v2\/posts\/16970","targetHints":{"allow":["GET"]}}],"collection":[{"href":"https:\/\/www.latribunedufaso.net\/index.php?rest_route=\/wp\/v2\/posts"}],"about":[{"href":"https:\/\/www.latribunedufaso.net\/index.php?rest_route=\/wp\/v2\/types\/post"}],"author":[{"embeddable":true,"href":"https:\/\/www.latribunedufaso.net\/index.php?rest_route=\/wp\/v2\/users\/5"}],"replies":[{"embeddable":true,"href":"https:\/\/www.latribunedufaso.net\/index.php?rest_route=%2Fwp%2Fv2%2Fcomments&post=16970"}],"version-history":[{"count":3,"href":"https:\/\/www.latribunedufaso.net\/index.php?rest_route=\/wp\/v2\/posts\/16970\/revisions"}],"predecessor-version":[{"id":16977,"href":"https:\/\/www.latribunedufaso.net\/index.php?rest_route=\/wp\/v2\/posts\/16970\/revisions\/16977"}],"wp:featuredmedia":[{"embeddable":true,"href":"https:\/\/www.latribunedufaso.net\/index.php?rest_route=\/wp\/v2\/media\/16973"}],"wp:attachment":[{"href":"https:\/\/www.latribunedufaso.net\/index.php?rest_route=%2Fwp%2Fv2%2Fmedia&parent=16970"}],"wp:term":[{"taxonomy":"category","embeddable":true,"href":"https:\/\/www.latribunedufaso.net\/index.php?rest_route=%2Fwp%2Fv2%2Fcategories&post=16970"},{"taxonomy":"post_tag","embeddable":true,"href":"https:\/\/www.latribunedufaso.net\/index.php?rest_route=%2Fwp%2Fv2%2Ftags&post=16970"}],"curies":[{"name":"wp","href":"https:\/\/api.w.org\/{rel}","templated":true}]}}