{"id":16878,"date":"2024-11-13T18:15:56","date_gmt":"2024-11-13T18:15:56","guid":{"rendered":"https:\/\/www.latribunedufaso.net\/?p=16878"},"modified":"2024-12-17T15:47:07","modified_gmt":"2024-12-17T15:47:07","slug":"conseil-des-ministres-lavant-projet-de-budget-de-letat-exercice-2025-adopte","status":"publish","type":"post","link":"https:\/\/www.latribunedufaso.net\/?p=16878","title":{"rendered":"Conseil des ministres : L&rsquo;avant-projet de budget de l\u2019Etat exercice 2025, adopt\u00e9"},"content":{"rendered":"<p><strong><span style=\"font-size: 1.0625rem;\">(Ouagadougou, 13 novembre 2024). Le Pr\u00e9sident du Faso, Chef de l\u2019Etat, le Capitaine Ibrahim TRAORE a pr\u00e9sid\u00e9, ce mercredi, l\u2019hebdomadaire Conseil des ministres. A ce rendez-vous de l\u2019ex\u00e9cutif, des dossiers inscrits \u00e0 l\u2019ordre du jour ont \u00e9t\u00e9 examin\u00e9s et adopt\u00e9s pour la bonne marche du pays, selon le ministre d\u2019Etat porte-parole du Gouvernement, Rimtalba Jean Emmanuel OUEDRAOGO.<\/span><\/strong><!--more--><\/p>\n<p>Au titre du minist\u00e8re de l\u2019Economie et des Finances, le Conseil a adopt\u00e9 l\u2019avant-projet de budget de l\u2019Etat exercice 2025. Ce budget est arr\u00eat\u00e9 en recettes \u00e0 3 129,8 milliards FCFA et en d\u00e9penses \u00e0 3 593 milliards FCFA, selon les explications du ministre Aboubakar NACANABO.\u00a0<\/p>\n<p>L\u2019innovation majeure dans le processus d\u2019\u00e9laboration et d\u2019adoption de l\u2019avant-projet de budget a \u00e9t\u00e9 l\u2019arbitrage r\u00e9alis\u00e9 par le Pr\u00e9sident du Faso qui a re\u00e7u chaque ministre et son \u00e9quipe dans le but de recentrer les pr\u00e9visions budg\u00e9taires sur les priorit\u00e9s du moment. Cet exercice, selon le ministre NACANABO visait \u00e0 r\u00e9duire les charges de fonctionnement au profit d\u2019investissements plus structurants dans des secteurs strat\u00e9giques tels que l\u2019\u00e9ducation, la sant\u00e9, l\u2019autosuffisance alimentaire, la protection sociale. <em><strong>\u00ab Cela a permis de r\u00e9duire le d\u00e9ficit qui \u00e9tait de 3,7 % \u00e0 3,2 % donc tr\u00e8s proche de la norme UEMOA qui est de 3 % \u00bb,<\/strong><\/em> a-t-il expliqu\u00e9.\u00a0<\/p>\n<figure id=\"attachment_16880\" aria-describedby=\"caption-attachment-16880\" style=\"width: 1179px\" class=\"wp-caption aligncenter\"><a href=\"https:\/\/www.latribunedufaso.net\/wp-content\/uploads\/2024\/11\/IMG-20241113-WA0058.jpg\"><img loading=\"lazy\" decoding=\"async\" class=\"size-full wp-image-16880\" src=\"https:\/\/www.latribunedufaso.net\/wp-content\/uploads\/2024\/11\/IMG-20241113-WA0058.jpg\" alt=\"Le ministre en charge de l'Economie, Aboubakar Nacanabo lors du point de presse du Conseil des ministres du 13 novembre 2024\" width=\"1179\" height=\"1600\" srcset=\"https:\/\/www.latribunedufaso.net\/wp-content\/uploads\/2024\/11\/IMG-20241113-WA0058.jpg 1179w, https:\/\/www.latribunedufaso.net\/wp-content\/uploads\/2024\/11\/IMG-20241113-WA0058-221x300.jpg 221w, https:\/\/www.latribunedufaso.net\/wp-content\/uploads\/2024\/11\/IMG-20241113-WA0058-755x1024.jpg 755w, https:\/\/www.latribunedufaso.net\/wp-content\/uploads\/2024\/11\/IMG-20241113-WA0058-768x1042.jpg 768w, https:\/\/www.latribunedufaso.net\/wp-content\/uploads\/2024\/11\/IMG-20241113-WA0058-1132x1536.jpg 1132w\" sizes=\"auto, (max-width: 1179px) 100vw, 1179px\" \/><\/a><figcaption id=\"caption-attachment-16880\" class=\"wp-caption-text\">Le ministre en charge de l&rsquo;Economie, Dr Aboubakar Nacanabo &#8211; Ph. PREFASO<\/figcaption><\/figure>\n<p>Le ministre de l\u2019Economie et des Finances s\u2019est r\u00e9joui du fait que tous ces efforts fournis aient permis de r\u00e9orienter certaines d\u00e9penses engag\u00e9es pour le fonctionnement vers les secteurs sociaux, notamment l\u2019Initiative pr\u00e9sidentielle pour l\u2019\u00e9ducation et celle pour la sant\u00e9, qui ont \u00e9t\u00e9 dot\u00e9es de moyens suffisants.\u00a0<\/p>\n<p>Ce projet de budget, selon le ministre NACANABO, apr\u00e8s son adoption par l\u2019Assembl\u00e9e l\u00e9gislative de Transition, va permettre d\u2019am\u00e9liorer, en 2025, tous les indicateurs en mati\u00e8re de gouvernance, d\u2019infrastructures et de secteurs sociaux. Le ministre de l\u2019Economie et des Finances a rappel\u00e9 les quatre piliers du Plan d\u2019action pour la stabilisation et le d\u00e9veloppement. Il s\u2019agit de lutter contre le terrorisme et restaurer l\u2019int\u00e9grit\u00e9 territoriale, de r\u00e9pondre \u00e0 la crise humanitaire, de refonder l\u2019Etat et am\u00e9liorer la gouvernance, et d\u2019\u0153uvrer \u00e0 la r\u00e9conciliation nationale et \u00e0 la coh\u00e9sion sociale.<\/p>\n<p><iframe loading=\"lazy\" width=\"560\" height=\"315\" src=\"https:\/\/www.youtube.com\/embed\/JGwfQ_4U1ug?si=zrg8hXlTAGrgS234\" title=\"YouTube video player\" frameborder=\"0\" allow=\"accelerometer; autoplay; clipboard-write; encrypted-media; gyroscope; picture-in-picture; web-share\" referrerpolicy=\"strict-origin-when-cross-origin\" allowfullscreen><\/iframe><\/p>\n<p>Toujours au titre du d\u00e9partement de l\u2019Economie et des Finances, le Conseil a adopt\u00e9 un rapport relatif aux sanctions financi\u00e8res cibl\u00e9es dans le cadre de la lutte contre le blanchiment de capitaux et le financement du terrorisme au Burkina Faso.<\/p>\n<p>Lire aussi &gt;&gt; <a href=\"https:\/\/www.latribunedufaso.net\/?p=11759\">2e \u00e9dition de l\u2019Assembl\u00e9e annuelle des services du Budget : Comment g\u00e9rer la masse salariale dans le cadre de la mise en \u0153uvre des r\u00e9formes budg\u00e9taires ?<\/a><\/p>\n<p>Le ministre Aboubakar NACANABO a rappel\u00e9 que beaucoup d\u2019efforts ont \u00e9t\u00e9 d\u00e9ploy\u00e9s pour sortir notre pays de la liste grise du Groupe d&rsquo;action financi\u00e8re (GAFI). <em><strong>\u00ab Le rapport qui a \u00e9t\u00e9 adopt\u00e9 va permettre de renforcer le dispositif juridique. Dans ce sens, on va identifier les sanctions \u00e0 appliquer en cas de manquement aux dispositions \u00bb<\/strong><\/em>, a indiqu\u00e9 le ministre charg\u00e9 des finances.\u00a0<\/p>\n<p><strong>Latribunedufaso.net<\/strong><\/p>\n<p><strong>Source : Direction de la Communication de la Pr\u00e9sidence du Faso<\/strong><\/p>\n","protected":false},"excerpt":{"rendered":"<p>(Ouagadougou, 13 novembre 2024). Le Pr\u00e9sident du Faso, Chef de l\u2019Etat, le Capitaine Ibrahim TRAORE a pr\u00e9sid\u00e9, ce mercredi, l\u2019hebdomadaire Conseil des ministres. A ce rendez-vous de l\u2019ex\u00e9cutif, des dossiers inscrits \u00e0 l\u2019ordre du jour ont \u00e9t\u00e9 examin\u00e9s et adopt\u00e9s pour la bonne marche du pays, selon le ministre d\u2019Etat porte-parole du Gouvernement, Rimtalba Jean Emmanuel OUEDRAOGO.<\/p>\n","protected":false},"author":5,"featured_media":16879,"comment_status":"open","ping_status":"open","sticky":false,"template":"","format":"standard","meta":{"footnotes":""},"categories":[13,1,21,10],"tags":[450,79,39],"class_list":["post-16878","post","type-post","status-publish","format-standard","has-post-thumbnail","hentry","category-une","category-actu","category-conseil-des-ministres","category-eco","tag-budget-de-letat","tag-conseil-des-ministres","tag-latribunedufaso-net"],"yoast_head":"<!-- This site is optimized with the Yoast SEO plugin v27.5 - https:\/\/yoast.com\/product\/yoast-seo-wordpress\/ -->\n<title>Conseil des ministres : L&#039;avant-projet de budget de l\u2019Etat exercice 2025, adopt\u00e9 - La Tribune du Faso<\/title>\n<meta name=\"robots\" content=\"index, follow, max-snippet:-1, max-image-preview:large, max-video-preview:-1\" \/>\n<link rel=\"canonical\" href=\"https:\/\/www.latribunedufaso.net\/?p=16878\" \/>\n<meta property=\"og:locale\" content=\"fr_FR\" \/>\n<meta property=\"og:type\" content=\"article\" \/>\n<meta property=\"og:title\" content=\"Conseil des ministres : L&#039;avant-projet de budget de l\u2019Etat exercice 2025, adopt\u00e9 - La Tribune du Faso\" \/>\n<meta property=\"og:description\" content=\"(Ouagadougou, 13 novembre 2024). Le Pr\u00e9sident du Faso, Chef de l\u2019Etat, le Capitaine Ibrahim TRAORE a pr\u00e9sid\u00e9, ce mercredi, l\u2019hebdomadaire Conseil des ministres. A ce rendez-vous de l\u2019ex\u00e9cutif, des dossiers inscrits \u00e0 l\u2019ordre du jour ont \u00e9t\u00e9 examin\u00e9s et adopt\u00e9s pour la bonne marche du pays, selon le ministre d\u2019Etat porte-parole du Gouvernement, Rimtalba Jean Emmanuel OUEDRAOGO.\" \/>\n<meta property=\"og:url\" content=\"https:\/\/www.latribunedufaso.net\/?p=16878\" \/>\n<meta property=\"og:site_name\" content=\"La Tribune du Faso\" \/>\n<meta property=\"article:publisher\" content=\"https:\/\/www.facebook.com\/LatribuneduFaso\/\" \/>\n<meta property=\"article:published_time\" content=\"2024-11-13T18:15:56+00:00\" \/>\n<meta property=\"article:modified_time\" content=\"2024-12-17T15:47:07+00:00\" \/>\n<meta property=\"og:image\" content=\"https:\/\/www.latribunedufaso.net\/wp-content\/uploads\/2024\/11\/IMG-20241113-WA0059.jpg\" \/>\n\t<meta property=\"og:image:width\" content=\"1280\" \/>\n\t<meta property=\"og:image:height\" content=\"872\" \/>\n\t<meta property=\"og:image:type\" content=\"image\/jpeg\" \/>\n<meta name=\"author\" content=\"Issouf Tapsoba\" \/>\n<meta name=\"twitter:label1\" content=\"\u00c9crit par\" \/>\n\t<meta name=\"twitter:data1\" content=\"Issouf Tapsoba\" \/>\n\t<meta name=\"twitter:label2\" content=\"Dur\u00e9e de lecture estim\u00e9e\" \/>\n\t<meta name=\"twitter:data2\" content=\"3 minutes\" \/>\n<script type=\"application\/ld+json\" class=\"yoast-schema-graph\">{\"@context\":\"https:\\\/\\\/schema.org\",\"@graph\":[{\"@type\":\"Article\",\"@id\":\"https:\\\/\\\/www.latribunedufaso.net\\\/?p=16878#article\",\"isPartOf\":{\"@id\":\"https:\\\/\\\/www.latribunedufaso.net\\\/?p=16878\"},\"author\":{\"name\":\"Issouf Tapsoba\",\"@id\":\"https:\\\/\\\/www.latribunedufaso.net\\\/#\\\/schema\\\/person\\\/e54e64c5778a7e72cf80a318b7a622b0\"},\"headline\":\"Conseil des ministres : L&rsquo;avant-projet de budget de l\u2019Etat exercice 2025, adopt\u00e9\",\"datePublished\":\"2024-11-13T18:15:56+00:00\",\"dateModified\":\"2024-12-17T15:47:07+00:00\",\"mainEntityOfPage\":{\"@id\":\"https:\\\/\\\/www.latribunedufaso.net\\\/?p=16878\"},\"wordCount\":573,\"commentCount\":0,\"publisher\":{\"@id\":\"https:\\\/\\\/www.latribunedufaso.net\\\/#organization\"},\"image\":{\"@id\":\"https:\\\/\\\/www.latribunedufaso.net\\\/?p=16878#primaryimage\"},\"thumbnailUrl\":\"https:\\\/\\\/www.latribunedufaso.net\\\/wp-content\\\/uploads\\\/2024\\\/11\\\/IMG-20241113-WA0059.jpg\",\"keywords\":[\"Budget de l'Etat\",\"conseil des ministres\",\"latribunedufaso.net\"],\"articleSection\":[\"A la une\",\"Actualit\u00e9\",\"Conseil des ministres\",\"Economie\"],\"inLanguage\":\"fr-FR\",\"potentialAction\":[{\"@type\":\"CommentAction\",\"name\":\"Comment\",\"target\":[\"https:\\\/\\\/www.latribunedufaso.net\\\/?p=16878#respond\"]}]},{\"@type\":\"WebPage\",\"@id\":\"https:\\\/\\\/www.latribunedufaso.net\\\/?p=16878\",\"url\":\"https:\\\/\\\/www.latribunedufaso.net\\\/?p=16878\",\"name\":\"Conseil des ministres : L'avant-projet de budget de l\u2019Etat exercice 2025, adopt\u00e9 - La Tribune du Faso\",\"isPartOf\":{\"@id\":\"https:\\\/\\\/www.latribunedufaso.net\\\/#website\"},\"primaryImageOfPage\":{\"@id\":\"https:\\\/\\\/www.latribunedufaso.net\\\/?p=16878#primaryimage\"},\"image\":{\"@id\":\"https:\\\/\\\/www.latribunedufaso.net\\\/?p=16878#primaryimage\"},\"thumbnailUrl\":\"https:\\\/\\\/www.latribunedufaso.net\\\/wp-content\\\/uploads\\\/2024\\\/11\\\/IMG-20241113-WA0059.jpg\",\"datePublished\":\"2024-11-13T18:15:56+00:00\",\"dateModified\":\"2024-12-17T15:47:07+00:00\",\"breadcrumb\":{\"@id\":\"https:\\\/\\\/www.latribunedufaso.net\\\/?p=16878#breadcrumb\"},\"inLanguage\":\"fr-FR\",\"potentialAction\":[{\"@type\":\"ReadAction\",\"target\":[\"https:\\\/\\\/www.latribunedufaso.net\\\/?p=16878\"]}]},{\"@type\":\"ImageObject\",\"inLanguage\":\"fr-FR\",\"@id\":\"https:\\\/\\\/www.latribunedufaso.net\\\/?p=16878#primaryimage\",\"url\":\"https:\\\/\\\/www.latribunedufaso.net\\\/wp-content\\\/uploads\\\/2024\\\/11\\\/IMG-20241113-WA0059.jpg\",\"contentUrl\":\"https:\\\/\\\/www.latribunedufaso.net\\\/wp-content\\\/uploads\\\/2024\\\/11\\\/IMG-20241113-WA0059.jpg\",\"width\":1280,\"height\":872,\"caption\":\"Conseil des ministres du 13 novembre 2024\"},{\"@type\":\"BreadcrumbList\",\"@id\":\"https:\\\/\\\/www.latribunedufaso.net\\\/?p=16878#breadcrumb\",\"itemListElement\":[{\"@type\":\"ListItem\",\"position\":1,\"name\":\"Accueil\",\"item\":\"https:\\\/\\\/www.latribunedufaso.net\\\/\"},{\"@type\":\"ListItem\",\"position\":2,\"name\":\"Conseil des ministres : L&rsquo;avant-projet de budget de l\u2019Etat exercice 2025, adopt\u00e9\"}]},{\"@type\":\"WebSite\",\"@id\":\"https:\\\/\\\/www.latribunedufaso.net\\\/#website\",\"url\":\"https:\\\/\\\/www.latribunedufaso.net\\\/\",\"name\":\"La Tribune du Faso\",\"description\":\"L&#039;information du monde rural en un clic\",\"publisher\":{\"@id\":\"https:\\\/\\\/www.latribunedufaso.net\\\/#organization\"},\"potentialAction\":[{\"@type\":\"SearchAction\",\"target\":{\"@type\":\"EntryPoint\",\"urlTemplate\":\"https:\\\/\\\/www.latribunedufaso.net\\\/?s={search_term_string}\"},\"query-input\":{\"@type\":\"PropertyValueSpecification\",\"valueRequired\":true,\"valueName\":\"search_term_string\"}}],\"inLanguage\":\"fr-FR\"},{\"@type\":\"Organization\",\"@id\":\"https:\\\/\\\/www.latribunedufaso.net\\\/#organization\",\"name\":\"La Tribune du Faso\",\"url\":\"https:\\\/\\\/www.latribunedufaso.net\\\/\",\"logo\":{\"@type\":\"ImageObject\",\"inLanguage\":\"fr-FR\",\"@id\":\"https:\\\/\\\/www.latribunedufaso.net\\\/#\\\/schema\\\/logo\\\/image\\\/\",\"url\":\"https:\\\/\\\/www.latribunedufaso.net\\\/wp-content\\\/uploads\\\/2020\\\/08\\\/Logo-Tribune-du-Faso-final-scaled.jpg\",\"contentUrl\":\"https:\\\/\\\/www.latribunedufaso.net\\\/wp-content\\\/uploads\\\/2020\\\/08\\\/Logo-Tribune-du-Faso-final-scaled.jpg\",\"width\":2560,\"height\":1856,\"caption\":\"La Tribune du Faso\"},\"image\":{\"@id\":\"https:\\\/\\\/www.latribunedufaso.net\\\/#\\\/schema\\\/logo\\\/image\\\/\"},\"sameAs\":[\"https:\\\/\\\/www.facebook.com\\\/LatribuneduFaso\\\/\"]},{\"@type\":\"Person\",\"@id\":\"https:\\\/\\\/www.latribunedufaso.net\\\/#\\\/schema\\\/person\\\/e54e64c5778a7e72cf80a318b7a622b0\",\"name\":\"Issouf Tapsoba\",\"image\":{\"@type\":\"ImageObject\",\"inLanguage\":\"fr-FR\",\"@id\":\"https:\\\/\\\/secure.gravatar.com\\\/avatar\\\/5e6c05150ce3230247d167f5b94d678eb05936197436d69b7921e3a95c9107ac?s=96&d=mm&r=g\",\"url\":\"https:\\\/\\\/secure.gravatar.com\\\/avatar\\\/5e6c05150ce3230247d167f5b94d678eb05936197436d69b7921e3a95c9107ac?s=96&d=mm&r=g\",\"contentUrl\":\"https:\\\/\\\/secure.gravatar.com\\\/avatar\\\/5e6c05150ce3230247d167f5b94d678eb05936197436d69b7921e3a95c9107ac?s=96&d=mm&r=g\",\"caption\":\"Issouf Tapsoba\"},\"url\":\"https:\\\/\\\/www.latribunedufaso.net\\\/?author=5\"}]}<\/script>\n<!-- \/ Yoast SEO plugin. -->","yoast_head_json":{"title":"Conseil des ministres : L'avant-projet de budget de l\u2019Etat exercice 2025, adopt\u00e9 - La Tribune du Faso","robots":{"index":"index","follow":"follow","max-snippet":"max-snippet:-1","max-image-preview":"max-image-preview:large","max-video-preview":"max-video-preview:-1"},"canonical":"https:\/\/www.latribunedufaso.net\/?p=16878","og_locale":"fr_FR","og_type":"article","og_title":"Conseil des ministres : L'avant-projet de budget de l\u2019Etat exercice 2025, adopt\u00e9 - La Tribune du Faso","og_description":"(Ouagadougou, 13 novembre 2024). Le Pr\u00e9sident du Faso, Chef de l\u2019Etat, le Capitaine Ibrahim TRAORE a pr\u00e9sid\u00e9, ce mercredi, l\u2019hebdomadaire Conseil des ministres. A ce rendez-vous de l\u2019ex\u00e9cutif, des dossiers inscrits \u00e0 l\u2019ordre du jour ont \u00e9t\u00e9 examin\u00e9s et adopt\u00e9s pour la bonne marche du pays, selon le ministre d\u2019Etat porte-parole du Gouvernement, Rimtalba Jean Emmanuel OUEDRAOGO.","og_url":"https:\/\/www.latribunedufaso.net\/?p=16878","og_site_name":"La Tribune du Faso","article_publisher":"https:\/\/www.facebook.com\/LatribuneduFaso\/","article_published_time":"2024-11-13T18:15:56+00:00","article_modified_time":"2024-12-17T15:47:07+00:00","og_image":[{"width":1280,"height":872,"url":"https:\/\/www.latribunedufaso.net\/wp-content\/uploads\/2024\/11\/IMG-20241113-WA0059.jpg","type":"image\/jpeg"}],"author":"Issouf Tapsoba","twitter_misc":{"\u00c9crit par":"Issouf Tapsoba","Dur\u00e9e de lecture estim\u00e9e":"3 minutes"},"schema":{"@context":"https:\/\/schema.org","@graph":[{"@type":"Article","@id":"https:\/\/www.latribunedufaso.net\/?p=16878#article","isPartOf":{"@id":"https:\/\/www.latribunedufaso.net\/?p=16878"},"author":{"name":"Issouf Tapsoba","@id":"https:\/\/www.latribunedufaso.net\/#\/schema\/person\/e54e64c5778a7e72cf80a318b7a622b0"},"headline":"Conseil des ministres : L&rsquo;avant-projet de budget de l\u2019Etat exercice 2025, adopt\u00e9","datePublished":"2024-11-13T18:15:56+00:00","dateModified":"2024-12-17T15:47:07+00:00","mainEntityOfPage":{"@id":"https:\/\/www.latribunedufaso.net\/?p=16878"},"wordCount":573,"commentCount":0,"publisher":{"@id":"https:\/\/www.latribunedufaso.net\/#organization"},"image":{"@id":"https:\/\/www.latribunedufaso.net\/?p=16878#primaryimage"},"thumbnailUrl":"https:\/\/www.latribunedufaso.net\/wp-content\/uploads\/2024\/11\/IMG-20241113-WA0059.jpg","keywords":["Budget de l'Etat","conseil des ministres","latribunedufaso.net"],"articleSection":["A la une","Actualit\u00e9","Conseil des ministres","Economie"],"inLanguage":"fr-FR","potentialAction":[{"@type":"CommentAction","name":"Comment","target":["https:\/\/www.latribunedufaso.net\/?p=16878#respond"]}]},{"@type":"WebPage","@id":"https:\/\/www.latribunedufaso.net\/?p=16878","url":"https:\/\/www.latribunedufaso.net\/?p=16878","name":"Conseil des ministres : L'avant-projet de budget de l\u2019Etat exercice 2025, adopt\u00e9 - La Tribune du Faso","isPartOf":{"@id":"https:\/\/www.latribunedufaso.net\/#website"},"primaryImageOfPage":{"@id":"https:\/\/www.latribunedufaso.net\/?p=16878#primaryimage"},"image":{"@id":"https:\/\/www.latribunedufaso.net\/?p=16878#primaryimage"},"thumbnailUrl":"https:\/\/www.latribunedufaso.net\/wp-content\/uploads\/2024\/11\/IMG-20241113-WA0059.jpg","datePublished":"2024-11-13T18:15:56+00:00","dateModified":"2024-12-17T15:47:07+00:00","breadcrumb":{"@id":"https:\/\/www.latribunedufaso.net\/?p=16878#breadcrumb"},"inLanguage":"fr-FR","potentialAction":[{"@type":"ReadAction","target":["https:\/\/www.latribunedufaso.net\/?p=16878"]}]},{"@type":"ImageObject","inLanguage":"fr-FR","@id":"https:\/\/www.latribunedufaso.net\/?p=16878#primaryimage","url":"https:\/\/www.latribunedufaso.net\/wp-content\/uploads\/2024\/11\/IMG-20241113-WA0059.jpg","contentUrl":"https:\/\/www.latribunedufaso.net\/wp-content\/uploads\/2024\/11\/IMG-20241113-WA0059.jpg","width":1280,"height":872,"caption":"Conseil des ministres du 13 novembre 2024"},{"@type":"BreadcrumbList","@id":"https:\/\/www.latribunedufaso.net\/?p=16878#breadcrumb","itemListElement":[{"@type":"ListItem","position":1,"name":"Accueil","item":"https:\/\/www.latribunedufaso.net\/"},{"@type":"ListItem","position":2,"name":"Conseil des ministres : L&rsquo;avant-projet de budget de l\u2019Etat exercice 2025, adopt\u00e9"}]},{"@type":"WebSite","@id":"https:\/\/www.latribunedufaso.net\/#website","url":"https:\/\/www.latribunedufaso.net\/","name":"La Tribune du Faso","description":"L&#039;information du monde rural en un clic","publisher":{"@id":"https:\/\/www.latribunedufaso.net\/#organization"},"potentialAction":[{"@type":"SearchAction","target":{"@type":"EntryPoint","urlTemplate":"https:\/\/www.latribunedufaso.net\/?s={search_term_string}"},"query-input":{"@type":"PropertyValueSpecification","valueRequired":true,"valueName":"search_term_string"}}],"inLanguage":"fr-FR"},{"@type":"Organization","@id":"https:\/\/www.latribunedufaso.net\/#organization","name":"La Tribune du Faso","url":"https:\/\/www.latribunedufaso.net\/","logo":{"@type":"ImageObject","inLanguage":"fr-FR","@id":"https:\/\/www.latribunedufaso.net\/#\/schema\/logo\/image\/","url":"https:\/\/www.latribunedufaso.net\/wp-content\/uploads\/2020\/08\/Logo-Tribune-du-Faso-final-scaled.jpg","contentUrl":"https:\/\/www.latribunedufaso.net\/wp-content\/uploads\/2020\/08\/Logo-Tribune-du-Faso-final-scaled.jpg","width":2560,"height":1856,"caption":"La Tribune du Faso"},"image":{"@id":"https:\/\/www.latribunedufaso.net\/#\/schema\/logo\/image\/"},"sameAs":["https:\/\/www.facebook.com\/LatribuneduFaso\/"]},{"@type":"Person","@id":"https:\/\/www.latribunedufaso.net\/#\/schema\/person\/e54e64c5778a7e72cf80a318b7a622b0","name":"Issouf Tapsoba","image":{"@type":"ImageObject","inLanguage":"fr-FR","@id":"https:\/\/secure.gravatar.com\/avatar\/5e6c05150ce3230247d167f5b94d678eb05936197436d69b7921e3a95c9107ac?s=96&d=mm&r=g","url":"https:\/\/secure.gravatar.com\/avatar\/5e6c05150ce3230247d167f5b94d678eb05936197436d69b7921e3a95c9107ac?s=96&d=mm&r=g","contentUrl":"https:\/\/secure.gravatar.com\/avatar\/5e6c05150ce3230247d167f5b94d678eb05936197436d69b7921e3a95c9107ac?s=96&d=mm&r=g","caption":"Issouf Tapsoba"},"url":"https:\/\/www.latribunedufaso.net\/?author=5"}]}},"_links":{"self":[{"href":"https:\/\/www.latribunedufaso.net\/index.php?rest_route=\/wp\/v2\/posts\/16878","targetHints":{"allow":["GET"]}}],"collection":[{"href":"https:\/\/www.latribunedufaso.net\/index.php?rest_route=\/wp\/v2\/posts"}],"about":[{"href":"https:\/\/www.latribunedufaso.net\/index.php?rest_route=\/wp\/v2\/types\/post"}],"author":[{"embeddable":true,"href":"https:\/\/www.latribunedufaso.net\/index.php?rest_route=\/wp\/v2\/users\/5"}],"replies":[{"embeddable":true,"href":"https:\/\/www.latribunedufaso.net\/index.php?rest_route=%2Fwp%2Fv2%2Fcomments&post=16878"}],"version-history":[{"count":3,"href":"https:\/\/www.latribunedufaso.net\/index.php?rest_route=\/wp\/v2\/posts\/16878\/revisions"}],"predecessor-version":[{"id":17623,"href":"https:\/\/www.latribunedufaso.net\/index.php?rest_route=\/wp\/v2\/posts\/16878\/revisions\/17623"}],"wp:featuredmedia":[{"embeddable":true,"href":"https:\/\/www.latribunedufaso.net\/index.php?rest_route=\/wp\/v2\/media\/16879"}],"wp:attachment":[{"href":"https:\/\/www.latribunedufaso.net\/index.php?rest_route=%2Fwp%2Fv2%2Fmedia&parent=16878"}],"wp:term":[{"taxonomy":"category","embeddable":true,"href":"https:\/\/www.latribunedufaso.net\/index.php?rest_route=%2Fwp%2Fv2%2Fcategories&post=16878"},{"taxonomy":"post_tag","embeddable":true,"href":"https:\/\/www.latribunedufaso.net\/index.php?rest_route=%2Fwp%2Fv2%2Ftags&post=16878"}],"curies":[{"name":"wp","href":"https:\/\/api.w.org\/{rel}","templated":true}]}}