{"id":16872,"date":"2024-11-13T17:37:23","date_gmt":"2024-11-13T17:37:23","guid":{"rendered":"https:\/\/www.latribunedufaso.net\/?p=16872"},"modified":"2024-11-13T17:37:23","modified_gmt":"2024-11-13T17:37:23","slug":"burkina-projet-de-construction-dune-centrale-nucleaire-le-groupe-conjoint-charge-du-developpement-de-linfrastructure-echange-avec-les-experts-russes-de-rosatom","status":"publish","type":"post","link":"https:\/\/www.latribunedufaso.net\/?p=16872","title":{"rendered":"Burkina\/Projet de construction d\u2019une centrale nucl\u00e9aire : Le groupe conjoint charg\u00e9 du d\u00e9veloppement de l\u2019infrastructure \u00e9change avec les experts russes de ROSATOM"},"content":{"rendered":"<p><strong><span style=\"font-size: 1.0625rem;\">Le groupe conjoint charg\u00e9 de l\u2019\u00e9valuation et le d\u00e9veloppement de l\u2019infrastructure nucl\u00e9aire au Burkina Faso a \u00e9chang\u00e9 avec les experts russes de ROSATOM, ce 13 novembre 2024 \u00e0 Ouagadougou. Les \u00e9changes se sont tenues par visioconf\u00e9rence.<\/span><\/strong><!--more--><\/p>\n<p>Dans le cadre du projet de construction de la centrale nucl\u00e9aire au Burkina Faso, le minist\u00e8re de l\u2019Energie, des Mines et des Carri\u00e8res (MEMC) a organis\u00e9 une rencontre de cadrage en ligne pour le volet formation, ce mercredi 13 novembre 2024.<\/p>\n<p>Cette rencontre a r\u00e9uni le groupe conjoint charg\u00e9 de l\u2019\u00e9valuation et le d\u00e9veloppement de la centrale nucl\u00e9aire au Burkina Faso et les experts russes de ROSATOM.<\/p>\n<figure id=\"attachment_16875\" aria-describedby=\"caption-attachment-16875\" style=\"width: 1020px\" class=\"wp-caption aligncenter\"><a href=\"https:\/\/www.latribunedufaso.net\/wp-content\/uploads\/2024\/11\/IMG-20241113-WA0049.jpg\"><img loading=\"lazy\" decoding=\"async\" class=\"size-full wp-image-16875\" src=\"https:\/\/www.latribunedufaso.net\/wp-content\/uploads\/2024\/11\/IMG-20241113-WA0049.jpg\" alt=\"Le DG de l'Energie, Dr Alidou Koutou l'or des \u00e9changes du groupe conjoint charg\u00e9 de l\u2019\u00e9valuation et le d\u00e9veloppement de l\u2019infrastructure nucl\u00e9aire au Burkina Faso avec les experts russes de ROSATOM, 13 novembre 2024\" width=\"1020\" height=\"768\" srcset=\"https:\/\/www.latribunedufaso.net\/wp-content\/uploads\/2024\/11\/IMG-20241113-WA0049.jpg 1020w, https:\/\/www.latribunedufaso.net\/wp-content\/uploads\/2024\/11\/IMG-20241113-WA0049-300x226.jpg 300w, https:\/\/www.latribunedufaso.net\/wp-content\/uploads\/2024\/11\/IMG-20241113-WA0049-768x578.jpg 768w\" sizes=\"auto, (max-width: 1020px) 100vw, 1020px\" \/><\/a><figcaption id=\"caption-attachment-16875\" class=\"wp-caption-text\">Le DG de l&rsquo;Energie, Dr Alidou Koutou a conduit les \u00e9changes &#8211; Ph. A. Kiendrebeogo<\/figcaption><\/figure>\n<p>Selon le Directeur g\u00e9n\u00e9ral de l\u2019\u00c9nergie, Dr Alidou Koutou, qui a conduit la r\u00e9union, elle consiste \u00e0 faire les travaux qui avaient \u00e9t\u00e9 pr\u00e9vus dans le cadre du m\u00e9morandum que <em><strong>\u00ab nous avons sign\u00e9 tout derni\u00e8rement en lien avec le volet de la formation \u00bb.<\/strong><\/em><\/p>\n<p>Au cours de la rencontre, a-t-il dit, il s\u2019est agit de voir comment \u00e9laborer le besoin en termes de ressources humaines pour le d\u00e9veloppement d\u2019une centrale et tout ce qui est approche m\u00e9thodologique, \u00e9valuation du d\u00e9but jusqu\u2019\u00e0 la fin <em><strong>\u00ab \u00e0 savoir de l&rsquo;\u00e9tude de faisabilit\u00e9, la construction jusqu\u2019au d\u00e9mant\u00e8lement de la centrale \u00bb.<\/strong><\/em><\/p>\n<p>\u00a0A l\u2019issue de ces travaux en ligne, le groupe conjoint aura pour t\u00e2che d\u2019\u00e9laborer tout ce qui est n\u00e9cessaire en termes de ressources humaines pour le d\u00e9veloppement de la centrale. <em><strong>\u00ab On va d\u2019abord \u00e9valuer nos comp\u00e9tences internes. Qu\u2019est-ce qui est disponible sur le plan national en termes de comp\u00e9tences, qu\u2019est-ce qu\u2019on aura besoin en termes d\u2019\u00e9cart pour faire le compl\u00e9ment et comment planifier la formation du besoin qu\u2019on aura d\u00e9gag\u00e9 de sorte \u00e0 avoir une coh\u00e9rence entre le d\u00e9veloppement du programme et les diff\u00e9rentes formations qui seront d\u00e9velopp\u00e9es ? Cela, dans le but d\u2019avoir toutes les comp\u00e9tences n\u00e9cessaires au moment opportun pour la bonne marche du programme \u00bb<\/strong><\/em>, a-t-il expliqu\u00e9.<\/p>\n<figure id=\"attachment_16874\" aria-describedby=\"caption-attachment-16874\" style=\"width: 2560px\" class=\"wp-caption aligncenter\"><a href=\"https:\/\/www.latribunedufaso.net\/wp-content\/uploads\/2024\/11\/IMG-20241113-WA0055.jpg\"><img loading=\"lazy\" decoding=\"async\" class=\"size-full wp-image-16874\" src=\"https:\/\/www.latribunedufaso.net\/wp-content\/uploads\/2024\/11\/IMG-20241113-WA0055.jpg\" alt=\"\u00c9change du groupe conjoint charg\u00e9 de l\u2019\u00e9valuation et le d\u00e9veloppement de l\u2019infrastructure nucl\u00e9aire au Burkina Faso avec les experts russes de ROSATOM, 13 novembre 2024\" width=\"2560\" height=\"1927\" srcset=\"https:\/\/www.latribunedufaso.net\/wp-content\/uploads\/2024\/11\/IMG-20241113-WA0055.jpg 2560w, https:\/\/www.latribunedufaso.net\/wp-content\/uploads\/2024\/11\/IMG-20241113-WA0055-300x226.jpg 300w, https:\/\/www.latribunedufaso.net\/wp-content\/uploads\/2024\/11\/IMG-20241113-WA0055-1024x771.jpg 1024w, https:\/\/www.latribunedufaso.net\/wp-content\/uploads\/2024\/11\/IMG-20241113-WA0055-768x578.jpg 768w, https:\/\/www.latribunedufaso.net\/wp-content\/uploads\/2024\/11\/IMG-20241113-WA0055-1536x1156.jpg 1536w, https:\/\/www.latribunedufaso.net\/wp-content\/uploads\/2024\/11\/IMG-20241113-WA0055-2048x1542.jpg 2048w\" sizes=\"auto, (max-width: 2560px) 100vw, 2560px\" \/><\/a><figcaption id=\"caption-attachment-16874\" class=\"wp-caption-text\">Le groupe conjoint charg\u00e9 de l\u2019\u00e9valuation et le d\u00e9veloppement de l\u2019infrastructure nucl\u00e9aire au Burkina Faso a \u00e9chang\u00e9 avec les experts de ROSATOM &#8211; Ph. A. Kiendrebeogo<\/figcaption><\/figure>\n<p>En rappel, c\u2019est en octobre 2023 que l\u2019accord de construction de la centrale nucl\u00e9aire \u00e0 \u00e9t\u00e9 sign\u00e9 entre le Burkina Faso et la Russie. Depuis lors, plusieurs rencontres ont \u00e9t\u00e9 t\u00e9nues dans le but de concr\u00e9tiser le projet .<\/p>\n<p><strong>Rosana Astride KIENDREBEOGO<\/strong><\/p>\n<p><strong>Latribunedufaso.net<\/strong><\/p>\n","protected":false},"excerpt":{"rendered":"<p>Le groupe conjoint charg\u00e9 de l\u2019\u00e9valuation et le d\u00e9veloppement de l\u2019infrastructure nucl\u00e9aire au Burkina Faso a \u00e9chang\u00e9 avec les experts russes de ROSATOM, ce 13 novembre 2024 \u00e0 Ouagadougou. Les \u00e9changes se sont tenues par visioconf\u00e9rence.<\/p>\n","protected":false},"author":5,"featured_media":16873,"comment_status":"open","ping_status":"open","sticky":false,"template":"","format":"standard","meta":{"footnotes":""},"categories":[13,1,20],"tags":[311,310,39],"class_list":["post-16872","post","type-post","status-publish","format-standard","has-post-thumbnail","hentry","category-une","category-actu","category-energie","tag-central-nucleaire","tag-energie-nucleaire","tag-latribunedufaso-net"],"yoast_head":"<!-- This site is optimized with the Yoast SEO plugin v27.4 - https:\/\/yoast.com\/product\/yoast-seo-wordpress\/ -->\n<title>Burkina\/Projet de construction d\u2019une centrale nucl\u00e9aire : Le groupe conjoint charg\u00e9 du d\u00e9veloppement de l\u2019infrastructure \u00e9change avec les experts russes de ROSATOM - La Tribune du Faso<\/title>\n<meta name=\"robots\" content=\"index, follow, max-snippet:-1, max-image-preview:large, max-video-preview:-1\" \/>\n<link rel=\"canonical\" href=\"https:\/\/www.latribunedufaso.net\/?p=16872\" \/>\n<meta property=\"og:locale\" content=\"fr_FR\" \/>\n<meta property=\"og:type\" content=\"article\" \/>\n<meta property=\"og:title\" content=\"Burkina\/Projet de construction d\u2019une centrale nucl\u00e9aire : Le groupe conjoint charg\u00e9 du d\u00e9veloppement de l\u2019infrastructure \u00e9change avec les experts russes de ROSATOM - La Tribune du Faso\" \/>\n<meta property=\"og:description\" content=\"Le groupe conjoint charg\u00e9 de l\u2019\u00e9valuation et le d\u00e9veloppement de l\u2019infrastructure nucl\u00e9aire au Burkina Faso a \u00e9chang\u00e9 avec les experts russes de ROSATOM, ce 13 novembre 2024 \u00e0 Ouagadougou. Les \u00e9changes se sont tenues par visioconf\u00e9rence.\" \/>\n<meta property=\"og:url\" content=\"https:\/\/www.latribunedufaso.net\/?p=16872\" \/>\n<meta property=\"og:site_name\" content=\"La Tribune du Faso\" \/>\n<meta property=\"article:publisher\" content=\"https:\/\/www.facebook.com\/LatribuneduFaso\/\" \/>\n<meta property=\"article:published_time\" content=\"2024-11-13T17:37:23+00:00\" \/>\n<meta property=\"og:image\" content=\"https:\/\/www.latribunedufaso.net\/wp-content\/uploads\/2024\/11\/IMG-20241113-WA0051.jpg\" \/>\n\t<meta property=\"og:image:width\" content=\"2560\" \/>\n\t<meta property=\"og:image:height\" content=\"1927\" \/>\n\t<meta property=\"og:image:type\" content=\"image\/jpeg\" \/>\n<meta name=\"author\" content=\"Issouf Tapsoba\" \/>\n<meta name=\"twitter:label1\" content=\"\u00c9crit par\" \/>\n\t<meta name=\"twitter:data1\" content=\"Issouf Tapsoba\" \/>\n\t<meta name=\"twitter:label2\" content=\"Dur\u00e9e de lecture estim\u00e9e\" \/>\n\t<meta name=\"twitter:data2\" content=\"2 minutes\" \/>\n<script type=\"application\/ld+json\" class=\"yoast-schema-graph\">{\"@context\":\"https:\\\/\\\/schema.org\",\"@graph\":[{\"@type\":\"Article\",\"@id\":\"https:\\\/\\\/www.latribunedufaso.net\\\/?p=16872#article\",\"isPartOf\":{\"@id\":\"https:\\\/\\\/www.latribunedufaso.net\\\/?p=16872\"},\"author\":{\"name\":\"Issouf Tapsoba\",\"@id\":\"https:\\\/\\\/www.latribunedufaso.net\\\/#\\\/schema\\\/person\\\/e54e64c5778a7e72cf80a318b7a622b0\"},\"headline\":\"Burkina\\\/Projet de construction d\u2019une centrale nucl\u00e9aire : Le groupe conjoint charg\u00e9 du d\u00e9veloppement de l\u2019infrastructure \u00e9change avec les experts russes de ROSATOM\",\"datePublished\":\"2024-11-13T17:37:23+00:00\",\"mainEntityOfPage\":{\"@id\":\"https:\\\/\\\/www.latribunedufaso.net\\\/?p=16872\"},\"wordCount\":482,\"commentCount\":0,\"publisher\":{\"@id\":\"https:\\\/\\\/www.latribunedufaso.net\\\/#organization\"},\"image\":{\"@id\":\"https:\\\/\\\/www.latribunedufaso.net\\\/?p=16872#primaryimage\"},\"thumbnailUrl\":\"https:\\\/\\\/www.latribunedufaso.net\\\/wp-content\\\/uploads\\\/2024\\\/11\\\/IMG-20241113-WA0051.jpg\",\"keywords\":[\"central nucl\u00e9aire\",\"\u00c9nergie nucl\u00e9aire\",\"latribunedufaso.net\"],\"articleSection\":[\"A la une\",\"Actualit\u00e9\",\"Energie\"],\"inLanguage\":\"fr-FR\",\"potentialAction\":[{\"@type\":\"CommentAction\",\"name\":\"Comment\",\"target\":[\"https:\\\/\\\/www.latribunedufaso.net\\\/?p=16872#respond\"]}]},{\"@type\":\"WebPage\",\"@id\":\"https:\\\/\\\/www.latribunedufaso.net\\\/?p=16872\",\"url\":\"https:\\\/\\\/www.latribunedufaso.net\\\/?p=16872\",\"name\":\"Burkina\\\/Projet de construction d\u2019une centrale nucl\u00e9aire : Le groupe conjoint charg\u00e9 du d\u00e9veloppement de l\u2019infrastructure \u00e9change avec les experts russes de ROSATOM - La Tribune du Faso\",\"isPartOf\":{\"@id\":\"https:\\\/\\\/www.latribunedufaso.net\\\/#website\"},\"primaryImageOfPage\":{\"@id\":\"https:\\\/\\\/www.latribunedufaso.net\\\/?p=16872#primaryimage\"},\"image\":{\"@id\":\"https:\\\/\\\/www.latribunedufaso.net\\\/?p=16872#primaryimage\"},\"thumbnailUrl\":\"https:\\\/\\\/www.latribunedufaso.net\\\/wp-content\\\/uploads\\\/2024\\\/11\\\/IMG-20241113-WA0051.jpg\",\"datePublished\":\"2024-11-13T17:37:23+00:00\",\"breadcrumb\":{\"@id\":\"https:\\\/\\\/www.latribunedufaso.net\\\/?p=16872#breadcrumb\"},\"inLanguage\":\"fr-FR\",\"potentialAction\":[{\"@type\":\"ReadAction\",\"target\":[\"https:\\\/\\\/www.latribunedufaso.net\\\/?p=16872\"]}]},{\"@type\":\"ImageObject\",\"inLanguage\":\"fr-FR\",\"@id\":\"https:\\\/\\\/www.latribunedufaso.net\\\/?p=16872#primaryimage\",\"url\":\"https:\\\/\\\/www.latribunedufaso.net\\\/wp-content\\\/uploads\\\/2024\\\/11\\\/IMG-20241113-WA0051.jpg\",\"contentUrl\":\"https:\\\/\\\/www.latribunedufaso.net\\\/wp-content\\\/uploads\\\/2024\\\/11\\\/IMG-20241113-WA0051.jpg\",\"width\":2560,\"height\":1927,\"caption\":\"\u00c9change du groupe conjoint charg\u00e9 de l\u2019\u00e9valuation et le d\u00e9veloppement de l\u2019infrastructure nucl\u00e9aire au Burkina Faso avec les experts russes de ROSATOM, 13 novembre 2024\"},{\"@type\":\"BreadcrumbList\",\"@id\":\"https:\\\/\\\/www.latribunedufaso.net\\\/?p=16872#breadcrumb\",\"itemListElement\":[{\"@type\":\"ListItem\",\"position\":1,\"name\":\"Accueil\",\"item\":\"https:\\\/\\\/www.latribunedufaso.net\\\/\"},{\"@type\":\"ListItem\",\"position\":2,\"name\":\"Burkina\\\/Projet de construction d\u2019une centrale nucl\u00e9aire : Le groupe conjoint charg\u00e9 du d\u00e9veloppement de l\u2019infrastructure \u00e9change avec les experts russes de ROSATOM\"}]},{\"@type\":\"WebSite\",\"@id\":\"https:\\\/\\\/www.latribunedufaso.net\\\/#website\",\"url\":\"https:\\\/\\\/www.latribunedufaso.net\\\/\",\"name\":\"La Tribune du Faso\",\"description\":\"L&#039;information du monde rural en un clic\",\"publisher\":{\"@id\":\"https:\\\/\\\/www.latribunedufaso.net\\\/#organization\"},\"potentialAction\":[{\"@type\":\"SearchAction\",\"target\":{\"@type\":\"EntryPoint\",\"urlTemplate\":\"https:\\\/\\\/www.latribunedufaso.net\\\/?s={search_term_string}\"},\"query-input\":{\"@type\":\"PropertyValueSpecification\",\"valueRequired\":true,\"valueName\":\"search_term_string\"}}],\"inLanguage\":\"fr-FR\"},{\"@type\":\"Organization\",\"@id\":\"https:\\\/\\\/www.latribunedufaso.net\\\/#organization\",\"name\":\"La Tribune du Faso\",\"url\":\"https:\\\/\\\/www.latribunedufaso.net\\\/\",\"logo\":{\"@type\":\"ImageObject\",\"inLanguage\":\"fr-FR\",\"@id\":\"https:\\\/\\\/www.latribunedufaso.net\\\/#\\\/schema\\\/logo\\\/image\\\/\",\"url\":\"https:\\\/\\\/www.latribunedufaso.net\\\/wp-content\\\/uploads\\\/2020\\\/08\\\/Logo-Tribune-du-Faso-final-scaled.jpg\",\"contentUrl\":\"https:\\\/\\\/www.latribunedufaso.net\\\/wp-content\\\/uploads\\\/2020\\\/08\\\/Logo-Tribune-du-Faso-final-scaled.jpg\",\"width\":2560,\"height\":1856,\"caption\":\"La Tribune du Faso\"},\"image\":{\"@id\":\"https:\\\/\\\/www.latribunedufaso.net\\\/#\\\/schema\\\/logo\\\/image\\\/\"},\"sameAs\":[\"https:\\\/\\\/www.facebook.com\\\/LatribuneduFaso\\\/\"]},{\"@type\":\"Person\",\"@id\":\"https:\\\/\\\/www.latribunedufaso.net\\\/#\\\/schema\\\/person\\\/e54e64c5778a7e72cf80a318b7a622b0\",\"name\":\"Issouf Tapsoba\",\"image\":{\"@type\":\"ImageObject\",\"inLanguage\":\"fr-FR\",\"@id\":\"https:\\\/\\\/secure.gravatar.com\\\/avatar\\\/5e6c05150ce3230247d167f5b94d678eb05936197436d69b7921e3a95c9107ac?s=96&d=mm&r=g\",\"url\":\"https:\\\/\\\/secure.gravatar.com\\\/avatar\\\/5e6c05150ce3230247d167f5b94d678eb05936197436d69b7921e3a95c9107ac?s=96&d=mm&r=g\",\"contentUrl\":\"https:\\\/\\\/secure.gravatar.com\\\/avatar\\\/5e6c05150ce3230247d167f5b94d678eb05936197436d69b7921e3a95c9107ac?s=96&d=mm&r=g\",\"caption\":\"Issouf Tapsoba\"},\"url\":\"https:\\\/\\\/www.latribunedufaso.net\\\/?author=5\"}]}<\/script>\n<!-- \/ Yoast SEO plugin. -->","yoast_head_json":{"title":"Burkina\/Projet de construction d\u2019une centrale nucl\u00e9aire : Le groupe conjoint charg\u00e9 du d\u00e9veloppement de l\u2019infrastructure \u00e9change avec les experts russes de ROSATOM - La Tribune du Faso","robots":{"index":"index","follow":"follow","max-snippet":"max-snippet:-1","max-image-preview":"max-image-preview:large","max-video-preview":"max-video-preview:-1"},"canonical":"https:\/\/www.latribunedufaso.net\/?p=16872","og_locale":"fr_FR","og_type":"article","og_title":"Burkina\/Projet de construction d\u2019une centrale nucl\u00e9aire : Le groupe conjoint charg\u00e9 du d\u00e9veloppement de l\u2019infrastructure \u00e9change avec les experts russes de ROSATOM - La Tribune du Faso","og_description":"Le groupe conjoint charg\u00e9 de l\u2019\u00e9valuation et le d\u00e9veloppement de l\u2019infrastructure nucl\u00e9aire au Burkina Faso a \u00e9chang\u00e9 avec les experts russes de ROSATOM, ce 13 novembre 2024 \u00e0 Ouagadougou. Les \u00e9changes se sont tenues par visioconf\u00e9rence.","og_url":"https:\/\/www.latribunedufaso.net\/?p=16872","og_site_name":"La Tribune du Faso","article_publisher":"https:\/\/www.facebook.com\/LatribuneduFaso\/","article_published_time":"2024-11-13T17:37:23+00:00","og_image":[{"width":2560,"height":1927,"url":"https:\/\/www.latribunedufaso.net\/wp-content\/uploads\/2024\/11\/IMG-20241113-WA0051.jpg","type":"image\/jpeg"}],"author":"Issouf Tapsoba","twitter_misc":{"\u00c9crit par":"Issouf Tapsoba","Dur\u00e9e de lecture estim\u00e9e":"2 minutes"},"schema":{"@context":"https:\/\/schema.org","@graph":[{"@type":"Article","@id":"https:\/\/www.latribunedufaso.net\/?p=16872#article","isPartOf":{"@id":"https:\/\/www.latribunedufaso.net\/?p=16872"},"author":{"name":"Issouf Tapsoba","@id":"https:\/\/www.latribunedufaso.net\/#\/schema\/person\/e54e64c5778a7e72cf80a318b7a622b0"},"headline":"Burkina\/Projet de construction d\u2019une centrale nucl\u00e9aire : Le groupe conjoint charg\u00e9 du d\u00e9veloppement de l\u2019infrastructure \u00e9change avec les experts russes de ROSATOM","datePublished":"2024-11-13T17:37:23+00:00","mainEntityOfPage":{"@id":"https:\/\/www.latribunedufaso.net\/?p=16872"},"wordCount":482,"commentCount":0,"publisher":{"@id":"https:\/\/www.latribunedufaso.net\/#organization"},"image":{"@id":"https:\/\/www.latribunedufaso.net\/?p=16872#primaryimage"},"thumbnailUrl":"https:\/\/www.latribunedufaso.net\/wp-content\/uploads\/2024\/11\/IMG-20241113-WA0051.jpg","keywords":["central nucl\u00e9aire","\u00c9nergie nucl\u00e9aire","latribunedufaso.net"],"articleSection":["A la une","Actualit\u00e9","Energie"],"inLanguage":"fr-FR","potentialAction":[{"@type":"CommentAction","name":"Comment","target":["https:\/\/www.latribunedufaso.net\/?p=16872#respond"]}]},{"@type":"WebPage","@id":"https:\/\/www.latribunedufaso.net\/?p=16872","url":"https:\/\/www.latribunedufaso.net\/?p=16872","name":"Burkina\/Projet de construction d\u2019une centrale nucl\u00e9aire : Le groupe conjoint charg\u00e9 du d\u00e9veloppement de l\u2019infrastructure \u00e9change avec les experts russes de ROSATOM - La Tribune du Faso","isPartOf":{"@id":"https:\/\/www.latribunedufaso.net\/#website"},"primaryImageOfPage":{"@id":"https:\/\/www.latribunedufaso.net\/?p=16872#primaryimage"},"image":{"@id":"https:\/\/www.latribunedufaso.net\/?p=16872#primaryimage"},"thumbnailUrl":"https:\/\/www.latribunedufaso.net\/wp-content\/uploads\/2024\/11\/IMG-20241113-WA0051.jpg","datePublished":"2024-11-13T17:37:23+00:00","breadcrumb":{"@id":"https:\/\/www.latribunedufaso.net\/?p=16872#breadcrumb"},"inLanguage":"fr-FR","potentialAction":[{"@type":"ReadAction","target":["https:\/\/www.latribunedufaso.net\/?p=16872"]}]},{"@type":"ImageObject","inLanguage":"fr-FR","@id":"https:\/\/www.latribunedufaso.net\/?p=16872#primaryimage","url":"https:\/\/www.latribunedufaso.net\/wp-content\/uploads\/2024\/11\/IMG-20241113-WA0051.jpg","contentUrl":"https:\/\/www.latribunedufaso.net\/wp-content\/uploads\/2024\/11\/IMG-20241113-WA0051.jpg","width":2560,"height":1927,"caption":"\u00c9change du groupe conjoint charg\u00e9 de l\u2019\u00e9valuation et le d\u00e9veloppement de l\u2019infrastructure nucl\u00e9aire au Burkina Faso avec les experts russes de ROSATOM, 13 novembre 2024"},{"@type":"BreadcrumbList","@id":"https:\/\/www.latribunedufaso.net\/?p=16872#breadcrumb","itemListElement":[{"@type":"ListItem","position":1,"name":"Accueil","item":"https:\/\/www.latribunedufaso.net\/"},{"@type":"ListItem","position":2,"name":"Burkina\/Projet de construction d\u2019une centrale nucl\u00e9aire : Le groupe conjoint charg\u00e9 du d\u00e9veloppement de l\u2019infrastructure \u00e9change avec les experts russes de ROSATOM"}]},{"@type":"WebSite","@id":"https:\/\/www.latribunedufaso.net\/#website","url":"https:\/\/www.latribunedufaso.net\/","name":"La Tribune du Faso","description":"L&#039;information du monde rural en un clic","publisher":{"@id":"https:\/\/www.latribunedufaso.net\/#organization"},"potentialAction":[{"@type":"SearchAction","target":{"@type":"EntryPoint","urlTemplate":"https:\/\/www.latribunedufaso.net\/?s={search_term_string}"},"query-input":{"@type":"PropertyValueSpecification","valueRequired":true,"valueName":"search_term_string"}}],"inLanguage":"fr-FR"},{"@type":"Organization","@id":"https:\/\/www.latribunedufaso.net\/#organization","name":"La Tribune du Faso","url":"https:\/\/www.latribunedufaso.net\/","logo":{"@type":"ImageObject","inLanguage":"fr-FR","@id":"https:\/\/www.latribunedufaso.net\/#\/schema\/logo\/image\/","url":"https:\/\/www.latribunedufaso.net\/wp-content\/uploads\/2020\/08\/Logo-Tribune-du-Faso-final-scaled.jpg","contentUrl":"https:\/\/www.latribunedufaso.net\/wp-content\/uploads\/2020\/08\/Logo-Tribune-du-Faso-final-scaled.jpg","width":2560,"height":1856,"caption":"La Tribune du Faso"},"image":{"@id":"https:\/\/www.latribunedufaso.net\/#\/schema\/logo\/image\/"},"sameAs":["https:\/\/www.facebook.com\/LatribuneduFaso\/"]},{"@type":"Person","@id":"https:\/\/www.latribunedufaso.net\/#\/schema\/person\/e54e64c5778a7e72cf80a318b7a622b0","name":"Issouf Tapsoba","image":{"@type":"ImageObject","inLanguage":"fr-FR","@id":"https:\/\/secure.gravatar.com\/avatar\/5e6c05150ce3230247d167f5b94d678eb05936197436d69b7921e3a95c9107ac?s=96&d=mm&r=g","url":"https:\/\/secure.gravatar.com\/avatar\/5e6c05150ce3230247d167f5b94d678eb05936197436d69b7921e3a95c9107ac?s=96&d=mm&r=g","contentUrl":"https:\/\/secure.gravatar.com\/avatar\/5e6c05150ce3230247d167f5b94d678eb05936197436d69b7921e3a95c9107ac?s=96&d=mm&r=g","caption":"Issouf Tapsoba"},"url":"https:\/\/www.latribunedufaso.net\/?author=5"}]}},"_links":{"self":[{"href":"https:\/\/www.latribunedufaso.net\/index.php?rest_route=\/wp\/v2\/posts\/16872","targetHints":{"allow":["GET"]}}],"collection":[{"href":"https:\/\/www.latribunedufaso.net\/index.php?rest_route=\/wp\/v2\/posts"}],"about":[{"href":"https:\/\/www.latribunedufaso.net\/index.php?rest_route=\/wp\/v2\/types\/post"}],"author":[{"embeddable":true,"href":"https:\/\/www.latribunedufaso.net\/index.php?rest_route=\/wp\/v2\/users\/5"}],"replies":[{"embeddable":true,"href":"https:\/\/www.latribunedufaso.net\/index.php?rest_route=%2Fwp%2Fv2%2Fcomments&post=16872"}],"version-history":[{"count":1,"href":"https:\/\/www.latribunedufaso.net\/index.php?rest_route=\/wp\/v2\/posts\/16872\/revisions"}],"predecessor-version":[{"id":16876,"href":"https:\/\/www.latribunedufaso.net\/index.php?rest_route=\/wp\/v2\/posts\/16872\/revisions\/16876"}],"wp:featuredmedia":[{"embeddable":true,"href":"https:\/\/www.latribunedufaso.net\/index.php?rest_route=\/wp\/v2\/media\/16873"}],"wp:attachment":[{"href":"https:\/\/www.latribunedufaso.net\/index.php?rest_route=%2Fwp%2Fv2%2Fmedia&parent=16872"}],"wp:term":[{"taxonomy":"category","embeddable":true,"href":"https:\/\/www.latribunedufaso.net\/index.php?rest_route=%2Fwp%2Fv2%2Fcategories&post=16872"},{"taxonomy":"post_tag","embeddable":true,"href":"https:\/\/www.latribunedufaso.net\/index.php?rest_route=%2Fwp%2Fv2%2Ftags&post=16872"}],"curies":[{"name":"wp","href":"https:\/\/api.w.org\/{rel}","templated":true}]}}