{"id":16824,"date":"2024-11-12T20:03:51","date_gmt":"2024-11-12T20:03:51","guid":{"rendered":"https:\/\/www.latribunedufaso.net\/?p=16824"},"modified":"2024-11-12T20:03:51","modified_gmt":"2024-11-12T20:03:51","slug":"point-des-retards-academiques-dans-les-universites-publiques-sur-159-filieres-en-retard-99-ont-ete-normalisees-au-30-septembre-2024","status":"publish","type":"post","link":"https:\/\/www.latribunedufaso.net\/?p=16824","title":{"rendered":"Point des retards acad\u00e9miques dans les universit\u00e9s publiques : Sur 159 fili\u00e8res en retard, 99 ont \u00e9t\u00e9 normalis\u00e9es au 30 septembre 2024"},"content":{"rendered":"<p><strong><span style=\"font-size: 1.0625rem;\">Le minist\u00e8re de l\u2019Enseignement Sup\u00e9rieur, de la Recherche et de l\u2019innovation (MESRI) a organis\u00e9, le 12 novembre 2024 \u00e0 Ouagadougou, une conf\u00e9rence de presse. Objectif, faire le point des retards acad\u00e9miques dans les universit\u00e9s publiques et les strat\u00e9gies mises en place pour le rattrapage de ces retards.<\/span><\/strong><!--more--><\/p>\n<p>Le point de presse \u00e9tait anim\u00e9 par le ministre en charge de l\u2019Enseignement Sup\u00e9rieur, Pr Adjima Thiombiano. Il \u00e9tait en compagnie des pr\u00e9sidents d\u2019universit\u00e9. Tenue le 12 novembre 2024, elle a permis de faire le point sur les retards dans les universit\u00e9s publiques et la strat\u00e9gie de rattrapage.<\/p>\n<p>L\u2019ensemble des Institutions d\u2019enseignement sup\u00e9rieur et de recherche (IESR) du Burkina Faso compte 321 fili\u00e8res. A la date du 1er octobre 2023, 159 fili\u00e8res (49,53%) \u00e9taient en retards et 162 (50,47%) \u00e9taient \u00e0 jour. A la date du 30 septembre 2024, 99 ont \u00e9t\u00e9 normalis\u00e9es. Ce qui porte le nombre des fili\u00e8res normalis\u00e9es \u00e0 261, soit 81,30%. Cependant, 60 fili\u00e8res (18,70%) accusent encore du retard.<\/p>\n<figure id=\"attachment_16825\" aria-describedby=\"caption-attachment-16825\" style=\"width: 2560px\" class=\"wp-caption aligncenter\"><a href=\"https:\/\/www.latribunedufaso.net\/wp-content\/uploads\/2024\/11\/IMG_20241112_162916_480-scaled.jpg\"><img loading=\"lazy\" decoding=\"async\" class=\"size-full wp-image-16825\" src=\"https:\/\/www.latribunedufaso.net\/wp-content\/uploads\/2024\/11\/IMG_20241112_162916_480-scaled.jpg\" alt=\"Conf\u00e9rence de presse sur le point des des retards acad\u00e9miques dans les universit\u00e9s publiques et les strat\u00e9gies mises en place pour le rattrapage de ces retards, 12 novembre 2024\" width=\"2560\" height=\"1920\" srcset=\"https:\/\/www.latribunedufaso.net\/wp-content\/uploads\/2024\/11\/IMG_20241112_162916_480-scaled.jpg 2560w, https:\/\/www.latribunedufaso.net\/wp-content\/uploads\/2024\/11\/IMG_20241112_162916_480-300x225.jpg 300w, https:\/\/www.latribunedufaso.net\/wp-content\/uploads\/2024\/11\/IMG_20241112_162916_480-1024x768.jpg 1024w, https:\/\/www.latribunedufaso.net\/wp-content\/uploads\/2024\/11\/IMG_20241112_162916_480-768x576.jpg 768w, https:\/\/www.latribunedufaso.net\/wp-content\/uploads\/2024\/11\/IMG_20241112_162916_480-1536x1152.jpg 1536w, https:\/\/www.latribunedufaso.net\/wp-content\/uploads\/2024\/11\/IMG_20241112_162916_480-2048x1536.jpg 2048w\" sizes=\"auto, (max-width: 2560px) 100vw, 2560px\" \/><\/a><figcaption id=\"caption-attachment-16825\" class=\"wp-caption-text\">Le ministre en charge de l&rsquo;Enseignement Sup\u00e9rieur, Pr Adjima Thiombiano (au milieu) &#8211; Ph. I. Tapsoba<\/figcaption><\/figure>\n<p>Selon le ministre Thiombiano, ces r\u00e9sultats sont le fruit du sacrifice de l\u2019ensemble des acteurs de l\u2019enseignement sup\u00e9rieur. Il leur a adress\u00e9 ses hommages. Conscient qu\u2019il reste encore beaucoup d\u2019effort \u00e0 fournir, il les a exhort\u00e9 \u00e0 continuer dans cette lanc\u00e9e pour la normalisation des ann\u00e9es acad\u00e9miques dans toutes les IESR au Burkina.<\/p>\n<p><strong>La strat\u00e9gie de r\u00e9sorption des retards <\/strong><\/p>\n<p>La strat\u00e9gie du minist\u00e8re a d\u2019abord consist\u00e9 \u00e0 faire l\u2019\u00e9tat des lieux de la situation en produisant des statistiques <em><strong>\u00ab fiables \u00bb.<\/strong><\/em> Apr\u00e8s cela, un dispositif rigoureux d\u2019\u00e9tablissement des emplois du temps a \u00e9t\u00e9 mis en place. Des \u00e9quipes de contr\u00f4le ont \u00e9t\u00e9 d\u00e9ploy\u00e9es sur le terrain pour superviser l\u2019ex\u00e9cution effective des activit\u00e9s acad\u00e9miques.<\/p>\n<p>Notons que cette op\u00e9ration a d\u00e9but\u00e9 depuis le 1er octobre 2023. Apr\u00e8s maintes concertations avec les acteurs, elle s\u2019est poursuivie pendant les 2 mois consacr\u00e9s aux vacances. Pr Adjima Thiombiano a salu\u00e9 l\u2019engagement patriotique des acteurs. A l\u2019\u00e9couter, <em><strong>\u00ab personne n\u2019a demand\u00e9 5 FCFA \u00bb<\/strong> <\/em>pour s\u2019engager dans ce projet.<\/p>\n<figure id=\"attachment_16826\" aria-describedby=\"caption-attachment-16826\" style=\"width: 960px\" class=\"wp-caption aligncenter\"><a href=\"https:\/\/www.latribunedufaso.net\/wp-content\/uploads\/2024\/11\/IMG-20241112-WA0033.jpg\"><img loading=\"lazy\" decoding=\"async\" class=\"size-full wp-image-16826\" src=\"https:\/\/www.latribunedufaso.net\/wp-content\/uploads\/2024\/11\/IMG-20241112-WA0033.jpg\" alt=\"Les pr\u00e9sidents d'universit\u00e9 pr\u00e9sents lors de la Conf\u00e9rence de presse sur le point des des retards acad\u00e9miques dans les universit\u00e9s publiques et les strat\u00e9gies mises en place pour le rattrapage de ces retards, 12 novembre 2024\" width=\"960\" height=\"540\" srcset=\"https:\/\/www.latribunedufaso.net\/wp-content\/uploads\/2024\/11\/IMG-20241112-WA0033.jpg 960w, https:\/\/www.latribunedufaso.net\/wp-content\/uploads\/2024\/11\/IMG-20241112-WA0033-300x169.jpg 300w, https:\/\/www.latribunedufaso.net\/wp-content\/uploads\/2024\/11\/IMG-20241112-WA0033-768x432.jpg 768w\" sizes=\"auto, (max-width: 960px) 100vw, 960px\" \/><\/a><figcaption id=\"caption-attachment-16826\" class=\"wp-caption-text\">Le ministre \u00e9tait en compagnie des pr\u00e9sidents d\u2019universit\u00e9 &#8211; Ph. I. Tapsoba<\/figcaption><\/figure>\n<p>Auparavant, a-t-il fait not\u00e9, certaines mesures d\u2019accompagnement ont \u00e9t\u00e9 r\u00e9unies pour faciliter le travail de r\u00e9sorption de retards. Il s\u2019agit, entre autres, de la r\u00e9habilitation d\u2019infrastrures p\u00e9dagogiques et d&rsquo;\u00e9quipements des laboratoires, l\u2019operationalisation de la plateforme Campus Faso ainsi que le r\u00e8glement en grande partie de la dette sociale.<\/p>\n<p>En d\u00e9pit de toutes ces dispositions, le probl\u00e8me d\u2019infrastructures dans les IESR se pose toujours. Le ministre a lanc\u00e9 un appel aux collectivit\u00e9s territoriales de les accompagner avec des salles pour permettre \u00e0 certaines nouvelles promotions qui sont confront\u00e9s \u00e0 ce probl\u00e8me, de suivre les cours.<\/p>\n<p><strong>Les perspectives du minist\u00e8re pour une resolution compl\u00e8te du probl\u00e8me <\/strong><\/p>\n<p>Le principal orateur du jour a invit\u00e9 les universit\u00e9s \u00e0 maintenir le cap pour parvenir \u00e0 une normalisation compl\u00e8te des ann\u00e9es acad\u00e9miques. Pour cela, le d\u00e9partement compte sur un certain nombre de mesures pour \u00e9viter que les nouvelles promotions se trouvent dans une stimulation de retard.<\/p>\n<blockquote>\n<p>Lire aussi &gt;&gt; <a href=\"https:\/\/www.latribunedufaso.net\/?p=8446\">Normalisation des ann\u00e9es acad\u00e9miques : La nouvelle plateforme int\u00e9gr\u00e9e de Campus Faso d\u00e9voil\u00e9e<\/a><\/p>\n<\/blockquote>\n<p>Il s\u2019agit, notamment, de la mise en place d\u2019un syst\u00e8me de gestion administrative et acad\u00e9mique plus innovant et efficace, la relecture des r\u00e9gimes des \u00e9tudes pour mieux contextualiser la formation ainsi que la mise en \u0153uvre d\u2019un vaste programme de formation doctorale (r\u00e9soudre le manque d\u2019enseignant).<\/p>\n<p>A cela s\u2019ajoute la mise en \u0153uvre de l\u2019Initiative pr\u00e9sidentielle pour une \u00e9ducation de qualit\u00e9 pour tous (IPEQ) qui vise \u00e0 doter les IESR des infrastructures de qualit\u00e9.<\/p>\n<p><strong>Issouf TAPSOBA <\/strong><\/p>\n<p><strong>Latribunedufaso.net<\/strong><\/p>\n","protected":false},"excerpt":{"rendered":"<p>Le minist\u00e8re de l\u2019Enseignement Sup\u00e9rieur, de la Recherche et de l\u2019innovation (MESRI) a organis\u00e9, le 12 novembre 2024 \u00e0 Ouagadougou, une conf\u00e9rence de presse. Objectif, faire le point des retards acad\u00e9miques dans les universit\u00e9s publiques et les strat\u00e9gies mises en place pour le rattrapage de ces retards.<\/p>\n","protected":false},"author":5,"featured_media":16825,"comment_status":"open","ping_status":"open","sticky":false,"template":"","format":"standard","meta":{"footnotes":""},"categories":[13,1,31],"tags":[54,39,440],"class_list":["post-16824","post","type-post","status-publish","format-standard","has-post-thumbnail","hentry","category-une","category-actu","category-education","tag-enseignement-superieur","tag-latribunedufaso-net","tag-resorption-des-retards-academiques"],"yoast_head":"<!-- This site is optimized with the Yoast SEO plugin v27.5 - https:\/\/yoast.com\/product\/yoast-seo-wordpress\/ -->\n<title>Point des retards acad\u00e9miques dans les universit\u00e9s publiques : Sur 159 fili\u00e8res en retard, 99 ont \u00e9t\u00e9 normalis\u00e9es au 30 septembre 2024 - La Tribune du Faso<\/title>\n<meta name=\"robots\" content=\"index, follow, max-snippet:-1, max-image-preview:large, max-video-preview:-1\" \/>\n<link rel=\"canonical\" href=\"https:\/\/www.latribunedufaso.net\/?p=16824\" \/>\n<meta property=\"og:locale\" content=\"fr_FR\" \/>\n<meta property=\"og:type\" content=\"article\" \/>\n<meta property=\"og:title\" content=\"Point des retards acad\u00e9miques dans les universit\u00e9s publiques : Sur 159 fili\u00e8res en retard, 99 ont \u00e9t\u00e9 normalis\u00e9es au 30 septembre 2024 - La Tribune du Faso\" \/>\n<meta property=\"og:description\" content=\"Le minist\u00e8re de l\u2019Enseignement Sup\u00e9rieur, de la Recherche et de l\u2019innovation (MESRI) a organis\u00e9, le 12 novembre 2024 \u00e0 Ouagadougou, une conf\u00e9rence de presse. Objectif, faire le point des retards acad\u00e9miques dans les universit\u00e9s publiques et les strat\u00e9gies mises en place pour le rattrapage de ces retards.\" \/>\n<meta property=\"og:url\" content=\"https:\/\/www.latribunedufaso.net\/?p=16824\" \/>\n<meta property=\"og:site_name\" content=\"La Tribune du Faso\" \/>\n<meta property=\"article:publisher\" content=\"https:\/\/www.facebook.com\/LatribuneduFaso\/\" \/>\n<meta property=\"article:published_time\" content=\"2024-11-12T20:03:51+00:00\" \/>\n<meta property=\"og:image\" content=\"https:\/\/www.latribunedufaso.net\/wp-content\/uploads\/2024\/11\/IMG_20241112_162916_480-scaled.jpg\" \/>\n\t<meta property=\"og:image:width\" content=\"2560\" \/>\n\t<meta property=\"og:image:height\" content=\"1920\" \/>\n\t<meta property=\"og:image:type\" content=\"image\/jpeg\" \/>\n<meta name=\"author\" content=\"Issouf Tapsoba\" \/>\n<meta name=\"twitter:label1\" content=\"\u00c9crit par\" \/>\n\t<meta name=\"twitter:data1\" content=\"Issouf Tapsoba\" \/>\n\t<meta name=\"twitter:label2\" content=\"Dur\u00e9e de lecture estim\u00e9e\" \/>\n\t<meta name=\"twitter:data2\" content=\"3 minutes\" \/>\n<script type=\"application\/ld+json\" class=\"yoast-schema-graph\">{\"@context\":\"https:\\\/\\\/schema.org\",\"@graph\":[{\"@type\":\"Article\",\"@id\":\"https:\\\/\\\/www.latribunedufaso.net\\\/?p=16824#article\",\"isPartOf\":{\"@id\":\"https:\\\/\\\/www.latribunedufaso.net\\\/?p=16824\"},\"author\":{\"name\":\"Issouf Tapsoba\",\"@id\":\"https:\\\/\\\/www.latribunedufaso.net\\\/#\\\/schema\\\/person\\\/e54e64c5778a7e72cf80a318b7a622b0\"},\"headline\":\"Point des retards acad\u00e9miques dans les universit\u00e9s publiques : Sur 159 fili\u00e8res en retard, 99 ont \u00e9t\u00e9 normalis\u00e9es au 30 septembre 2024\",\"datePublished\":\"2024-11-12T20:03:51+00:00\",\"mainEntityOfPage\":{\"@id\":\"https:\\\/\\\/www.latribunedufaso.net\\\/?p=16824\"},\"wordCount\":696,\"commentCount\":0,\"publisher\":{\"@id\":\"https:\\\/\\\/www.latribunedufaso.net\\\/#organization\"},\"image\":{\"@id\":\"https:\\\/\\\/www.latribunedufaso.net\\\/?p=16824#primaryimage\"},\"thumbnailUrl\":\"https:\\\/\\\/www.latribunedufaso.net\\\/wp-content\\\/uploads\\\/2024\\\/11\\\/IMG_20241112_162916_480-scaled.jpg\",\"keywords\":[\"Enseignement sup\u00e9rieur\",\"latribunedufaso.net\",\"R\u00e9sorption des retards acad\u00e9miques\"],\"articleSection\":[\"A la une\",\"Actualit\u00e9\",\"\u00c9ducation\"],\"inLanguage\":\"fr-FR\",\"potentialAction\":[{\"@type\":\"CommentAction\",\"name\":\"Comment\",\"target\":[\"https:\\\/\\\/www.latribunedufaso.net\\\/?p=16824#respond\"]}]},{\"@type\":\"WebPage\",\"@id\":\"https:\\\/\\\/www.latribunedufaso.net\\\/?p=16824\",\"url\":\"https:\\\/\\\/www.latribunedufaso.net\\\/?p=16824\",\"name\":\"Point des retards acad\u00e9miques dans les universit\u00e9s publiques : Sur 159 fili\u00e8res en retard, 99 ont \u00e9t\u00e9 normalis\u00e9es au 30 septembre 2024 - La Tribune du Faso\",\"isPartOf\":{\"@id\":\"https:\\\/\\\/www.latribunedufaso.net\\\/#website\"},\"primaryImageOfPage\":{\"@id\":\"https:\\\/\\\/www.latribunedufaso.net\\\/?p=16824#primaryimage\"},\"image\":{\"@id\":\"https:\\\/\\\/www.latribunedufaso.net\\\/?p=16824#primaryimage\"},\"thumbnailUrl\":\"https:\\\/\\\/www.latribunedufaso.net\\\/wp-content\\\/uploads\\\/2024\\\/11\\\/IMG_20241112_162916_480-scaled.jpg\",\"datePublished\":\"2024-11-12T20:03:51+00:00\",\"breadcrumb\":{\"@id\":\"https:\\\/\\\/www.latribunedufaso.net\\\/?p=16824#breadcrumb\"},\"inLanguage\":\"fr-FR\",\"potentialAction\":[{\"@type\":\"ReadAction\",\"target\":[\"https:\\\/\\\/www.latribunedufaso.net\\\/?p=16824\"]}]},{\"@type\":\"ImageObject\",\"inLanguage\":\"fr-FR\",\"@id\":\"https:\\\/\\\/www.latribunedufaso.net\\\/?p=16824#primaryimage\",\"url\":\"https:\\\/\\\/www.latribunedufaso.net\\\/wp-content\\\/uploads\\\/2024\\\/11\\\/IMG_20241112_162916_480-scaled.jpg\",\"contentUrl\":\"https:\\\/\\\/www.latribunedufaso.net\\\/wp-content\\\/uploads\\\/2024\\\/11\\\/IMG_20241112_162916_480-scaled.jpg\",\"width\":2560,\"height\":1920,\"caption\":\"Le ministre en charge de l'Enseignement Sup\u00e9rieur, Pr Adjima Thiombiano (au milieu) - Ph. I. Tapsoba\"},{\"@type\":\"BreadcrumbList\",\"@id\":\"https:\\\/\\\/www.latribunedufaso.net\\\/?p=16824#breadcrumb\",\"itemListElement\":[{\"@type\":\"ListItem\",\"position\":1,\"name\":\"Accueil\",\"item\":\"https:\\\/\\\/www.latribunedufaso.net\\\/\"},{\"@type\":\"ListItem\",\"position\":2,\"name\":\"Point des retards acad\u00e9miques dans les universit\u00e9s publiques : Sur 159 fili\u00e8res en retard, 99 ont \u00e9t\u00e9 normalis\u00e9es au 30 septembre 2024\"}]},{\"@type\":\"WebSite\",\"@id\":\"https:\\\/\\\/www.latribunedufaso.net\\\/#website\",\"url\":\"https:\\\/\\\/www.latribunedufaso.net\\\/\",\"name\":\"La Tribune du Faso\",\"description\":\"L&#039;information du monde rural en un clic\",\"publisher\":{\"@id\":\"https:\\\/\\\/www.latribunedufaso.net\\\/#organization\"},\"potentialAction\":[{\"@type\":\"SearchAction\",\"target\":{\"@type\":\"EntryPoint\",\"urlTemplate\":\"https:\\\/\\\/www.latribunedufaso.net\\\/?s={search_term_string}\"},\"query-input\":{\"@type\":\"PropertyValueSpecification\",\"valueRequired\":true,\"valueName\":\"search_term_string\"}}],\"inLanguage\":\"fr-FR\"},{\"@type\":\"Organization\",\"@id\":\"https:\\\/\\\/www.latribunedufaso.net\\\/#organization\",\"name\":\"La Tribune du Faso\",\"url\":\"https:\\\/\\\/www.latribunedufaso.net\\\/\",\"logo\":{\"@type\":\"ImageObject\",\"inLanguage\":\"fr-FR\",\"@id\":\"https:\\\/\\\/www.latribunedufaso.net\\\/#\\\/schema\\\/logo\\\/image\\\/\",\"url\":\"https:\\\/\\\/www.latribunedufaso.net\\\/wp-content\\\/uploads\\\/2020\\\/08\\\/Logo-Tribune-du-Faso-final-scaled.jpg\",\"contentUrl\":\"https:\\\/\\\/www.latribunedufaso.net\\\/wp-content\\\/uploads\\\/2020\\\/08\\\/Logo-Tribune-du-Faso-final-scaled.jpg\",\"width\":2560,\"height\":1856,\"caption\":\"La Tribune du Faso\"},\"image\":{\"@id\":\"https:\\\/\\\/www.latribunedufaso.net\\\/#\\\/schema\\\/logo\\\/image\\\/\"},\"sameAs\":[\"https:\\\/\\\/www.facebook.com\\\/LatribuneduFaso\\\/\"]},{\"@type\":\"Person\",\"@id\":\"https:\\\/\\\/www.latribunedufaso.net\\\/#\\\/schema\\\/person\\\/e54e64c5778a7e72cf80a318b7a622b0\",\"name\":\"Issouf Tapsoba\",\"image\":{\"@type\":\"ImageObject\",\"inLanguage\":\"fr-FR\",\"@id\":\"https:\\\/\\\/secure.gravatar.com\\\/avatar\\\/5e6c05150ce3230247d167f5b94d678eb05936197436d69b7921e3a95c9107ac?s=96&d=mm&r=g\",\"url\":\"https:\\\/\\\/secure.gravatar.com\\\/avatar\\\/5e6c05150ce3230247d167f5b94d678eb05936197436d69b7921e3a95c9107ac?s=96&d=mm&r=g\",\"contentUrl\":\"https:\\\/\\\/secure.gravatar.com\\\/avatar\\\/5e6c05150ce3230247d167f5b94d678eb05936197436d69b7921e3a95c9107ac?s=96&d=mm&r=g\",\"caption\":\"Issouf Tapsoba\"},\"url\":\"https:\\\/\\\/www.latribunedufaso.net\\\/?author=5\"}]}<\/script>\n<!-- \/ Yoast SEO plugin. -->","yoast_head_json":{"title":"Point des retards acad\u00e9miques dans les universit\u00e9s publiques : Sur 159 fili\u00e8res en retard, 99 ont \u00e9t\u00e9 normalis\u00e9es au 30 septembre 2024 - La Tribune du Faso","robots":{"index":"index","follow":"follow","max-snippet":"max-snippet:-1","max-image-preview":"max-image-preview:large","max-video-preview":"max-video-preview:-1"},"canonical":"https:\/\/www.latribunedufaso.net\/?p=16824","og_locale":"fr_FR","og_type":"article","og_title":"Point des retards acad\u00e9miques dans les universit\u00e9s publiques : Sur 159 fili\u00e8res en retard, 99 ont \u00e9t\u00e9 normalis\u00e9es au 30 septembre 2024 - La Tribune du Faso","og_description":"Le minist\u00e8re de l\u2019Enseignement Sup\u00e9rieur, de la Recherche et de l\u2019innovation (MESRI) a organis\u00e9, le 12 novembre 2024 \u00e0 Ouagadougou, une conf\u00e9rence de presse. Objectif, faire le point des retards acad\u00e9miques dans les universit\u00e9s publiques et les strat\u00e9gies mises en place pour le rattrapage de ces retards.","og_url":"https:\/\/www.latribunedufaso.net\/?p=16824","og_site_name":"La Tribune du Faso","article_publisher":"https:\/\/www.facebook.com\/LatribuneduFaso\/","article_published_time":"2024-11-12T20:03:51+00:00","og_image":[{"width":2560,"height":1920,"url":"https:\/\/www.latribunedufaso.net\/wp-content\/uploads\/2024\/11\/IMG_20241112_162916_480-scaled.jpg","type":"image\/jpeg"}],"author":"Issouf Tapsoba","twitter_misc":{"\u00c9crit par":"Issouf Tapsoba","Dur\u00e9e de lecture estim\u00e9e":"3 minutes"},"schema":{"@context":"https:\/\/schema.org","@graph":[{"@type":"Article","@id":"https:\/\/www.latribunedufaso.net\/?p=16824#article","isPartOf":{"@id":"https:\/\/www.latribunedufaso.net\/?p=16824"},"author":{"name":"Issouf Tapsoba","@id":"https:\/\/www.latribunedufaso.net\/#\/schema\/person\/e54e64c5778a7e72cf80a318b7a622b0"},"headline":"Point des retards acad\u00e9miques dans les universit\u00e9s publiques : Sur 159 fili\u00e8res en retard, 99 ont \u00e9t\u00e9 normalis\u00e9es au 30 septembre 2024","datePublished":"2024-11-12T20:03:51+00:00","mainEntityOfPage":{"@id":"https:\/\/www.latribunedufaso.net\/?p=16824"},"wordCount":696,"commentCount":0,"publisher":{"@id":"https:\/\/www.latribunedufaso.net\/#organization"},"image":{"@id":"https:\/\/www.latribunedufaso.net\/?p=16824#primaryimage"},"thumbnailUrl":"https:\/\/www.latribunedufaso.net\/wp-content\/uploads\/2024\/11\/IMG_20241112_162916_480-scaled.jpg","keywords":["Enseignement sup\u00e9rieur","latribunedufaso.net","R\u00e9sorption des retards acad\u00e9miques"],"articleSection":["A la une","Actualit\u00e9","\u00c9ducation"],"inLanguage":"fr-FR","potentialAction":[{"@type":"CommentAction","name":"Comment","target":["https:\/\/www.latribunedufaso.net\/?p=16824#respond"]}]},{"@type":"WebPage","@id":"https:\/\/www.latribunedufaso.net\/?p=16824","url":"https:\/\/www.latribunedufaso.net\/?p=16824","name":"Point des retards acad\u00e9miques dans les universit\u00e9s publiques : Sur 159 fili\u00e8res en retard, 99 ont \u00e9t\u00e9 normalis\u00e9es au 30 septembre 2024 - La Tribune du Faso","isPartOf":{"@id":"https:\/\/www.latribunedufaso.net\/#website"},"primaryImageOfPage":{"@id":"https:\/\/www.latribunedufaso.net\/?p=16824#primaryimage"},"image":{"@id":"https:\/\/www.latribunedufaso.net\/?p=16824#primaryimage"},"thumbnailUrl":"https:\/\/www.latribunedufaso.net\/wp-content\/uploads\/2024\/11\/IMG_20241112_162916_480-scaled.jpg","datePublished":"2024-11-12T20:03:51+00:00","breadcrumb":{"@id":"https:\/\/www.latribunedufaso.net\/?p=16824#breadcrumb"},"inLanguage":"fr-FR","potentialAction":[{"@type":"ReadAction","target":["https:\/\/www.latribunedufaso.net\/?p=16824"]}]},{"@type":"ImageObject","inLanguage":"fr-FR","@id":"https:\/\/www.latribunedufaso.net\/?p=16824#primaryimage","url":"https:\/\/www.latribunedufaso.net\/wp-content\/uploads\/2024\/11\/IMG_20241112_162916_480-scaled.jpg","contentUrl":"https:\/\/www.latribunedufaso.net\/wp-content\/uploads\/2024\/11\/IMG_20241112_162916_480-scaled.jpg","width":2560,"height":1920,"caption":"Le ministre en charge de l'Enseignement Sup\u00e9rieur, Pr Adjima Thiombiano (au milieu) - Ph. I. Tapsoba"},{"@type":"BreadcrumbList","@id":"https:\/\/www.latribunedufaso.net\/?p=16824#breadcrumb","itemListElement":[{"@type":"ListItem","position":1,"name":"Accueil","item":"https:\/\/www.latribunedufaso.net\/"},{"@type":"ListItem","position":2,"name":"Point des retards acad\u00e9miques dans les universit\u00e9s publiques : Sur 159 fili\u00e8res en retard, 99 ont \u00e9t\u00e9 normalis\u00e9es au 30 septembre 2024"}]},{"@type":"WebSite","@id":"https:\/\/www.latribunedufaso.net\/#website","url":"https:\/\/www.latribunedufaso.net\/","name":"La Tribune du Faso","description":"L&#039;information du monde rural en un clic","publisher":{"@id":"https:\/\/www.latribunedufaso.net\/#organization"},"potentialAction":[{"@type":"SearchAction","target":{"@type":"EntryPoint","urlTemplate":"https:\/\/www.latribunedufaso.net\/?s={search_term_string}"},"query-input":{"@type":"PropertyValueSpecification","valueRequired":true,"valueName":"search_term_string"}}],"inLanguage":"fr-FR"},{"@type":"Organization","@id":"https:\/\/www.latribunedufaso.net\/#organization","name":"La Tribune du Faso","url":"https:\/\/www.latribunedufaso.net\/","logo":{"@type":"ImageObject","inLanguage":"fr-FR","@id":"https:\/\/www.latribunedufaso.net\/#\/schema\/logo\/image\/","url":"https:\/\/www.latribunedufaso.net\/wp-content\/uploads\/2020\/08\/Logo-Tribune-du-Faso-final-scaled.jpg","contentUrl":"https:\/\/www.latribunedufaso.net\/wp-content\/uploads\/2020\/08\/Logo-Tribune-du-Faso-final-scaled.jpg","width":2560,"height":1856,"caption":"La Tribune du Faso"},"image":{"@id":"https:\/\/www.latribunedufaso.net\/#\/schema\/logo\/image\/"},"sameAs":["https:\/\/www.facebook.com\/LatribuneduFaso\/"]},{"@type":"Person","@id":"https:\/\/www.latribunedufaso.net\/#\/schema\/person\/e54e64c5778a7e72cf80a318b7a622b0","name":"Issouf Tapsoba","image":{"@type":"ImageObject","inLanguage":"fr-FR","@id":"https:\/\/secure.gravatar.com\/avatar\/5e6c05150ce3230247d167f5b94d678eb05936197436d69b7921e3a95c9107ac?s=96&d=mm&r=g","url":"https:\/\/secure.gravatar.com\/avatar\/5e6c05150ce3230247d167f5b94d678eb05936197436d69b7921e3a95c9107ac?s=96&d=mm&r=g","contentUrl":"https:\/\/secure.gravatar.com\/avatar\/5e6c05150ce3230247d167f5b94d678eb05936197436d69b7921e3a95c9107ac?s=96&d=mm&r=g","caption":"Issouf Tapsoba"},"url":"https:\/\/www.latribunedufaso.net\/?author=5"}]}},"_links":{"self":[{"href":"https:\/\/www.latribunedufaso.net\/index.php?rest_route=\/wp\/v2\/posts\/16824","targetHints":{"allow":["GET"]}}],"collection":[{"href":"https:\/\/www.latribunedufaso.net\/index.php?rest_route=\/wp\/v2\/posts"}],"about":[{"href":"https:\/\/www.latribunedufaso.net\/index.php?rest_route=\/wp\/v2\/types\/post"}],"author":[{"embeddable":true,"href":"https:\/\/www.latribunedufaso.net\/index.php?rest_route=\/wp\/v2\/users\/5"}],"replies":[{"embeddable":true,"href":"https:\/\/www.latribunedufaso.net\/index.php?rest_route=%2Fwp%2Fv2%2Fcomments&post=16824"}],"version-history":[{"count":1,"href":"https:\/\/www.latribunedufaso.net\/index.php?rest_route=\/wp\/v2\/posts\/16824\/revisions"}],"predecessor-version":[{"id":16827,"href":"https:\/\/www.latribunedufaso.net\/index.php?rest_route=\/wp\/v2\/posts\/16824\/revisions\/16827"}],"wp:featuredmedia":[{"embeddable":true,"href":"https:\/\/www.latribunedufaso.net\/index.php?rest_route=\/wp\/v2\/media\/16825"}],"wp:attachment":[{"href":"https:\/\/www.latribunedufaso.net\/index.php?rest_route=%2Fwp%2Fv2%2Fmedia&parent=16824"}],"wp:term":[{"taxonomy":"category","embeddable":true,"href":"https:\/\/www.latribunedufaso.net\/index.php?rest_route=%2Fwp%2Fv2%2Fcategories&post=16824"},{"taxonomy":"post_tag","embeddable":true,"href":"https:\/\/www.latribunedufaso.net\/index.php?rest_route=%2Fwp%2Fv2%2Ftags&post=16824"}],"curies":[{"name":"wp","href":"https:\/\/api.w.org\/{rel}","templated":true}]}}