{"id":16787,"date":"2024-11-08T18:41:26","date_gmt":"2024-11-08T18:41:26","guid":{"rendered":"https:\/\/www.latribunedufaso.net\/?p=16787"},"modified":"2024-11-09T01:07:24","modified_gmt":"2024-11-09T01:07:24","slug":"detournement-de-milliards-au-ministere-en-charge-de-laction-humanitaire-ce-quil-faut-savoir-sur-laffaire","status":"publish","type":"post","link":"https:\/\/www.latribunedufaso.net\/?p=16787","title":{"rendered":"D\u00e9tournement de milliards au minist\u00e8re en charge de l\u2019Action humanitaire : Ce qu\u2019il faut savoir sur l\u2019affaire\u00a0"},"content":{"rendered":"<p><strong><span style=\"font-size: 1.0625rem;\">Le procureur du Faso, pr\u00e8s du Tribunal de grande instance (TGI) Ouaga I, Blaise Bazi\u00e9 a anim\u00e9 une conf\u00e9rence de presse sur le d\u00e9tournement de milliards au minist\u00e8re en charge de l\u2019Action humanitaire, ce 08 octobre 2024 \u00e0 Ouagadougou.<\/span><\/strong><!--more--><\/p>\n<p>Ce d\u00e9tournement d&rsquo;argent avait \u00e9t\u00e9 annonc\u00e9 par le Pr\u00e9sident du Faso, Chef de l\u2019Etat, le Capitaine Ibrahim Traor\u00e9. C&rsquo;\u00e9tait le 04 novembre 2024, lors de son adresse \u00e0 ses compatriotes \u00e0 l\u2019occasion de la mont\u00e9e des couleurs.\u00a0<\/p>\n<p>Selon le procureur, Amidou Ti\u00e9gnan est le principal auteur de cette affaire de d\u00e9tournement. Il est gestionnaire de compte tr\u00e9sor au renforcement de la protection sociale (PRO-SO). C&rsquo;est la structure qui est charg\u00e9e de la prise en charge des Personnes d\u00e9plac\u00e9es internes (PDI).<\/p>\n<figure id=\"attachment_16789\" aria-describedby=\"caption-attachment-16789\" style=\"width: 2560px\" class=\"wp-caption aligncenter\"><a href=\"https:\/\/www.latribunedufaso.net\/wp-content\/uploads\/2024\/11\/IMG-20241109-WA0005.jpg\"><img loading=\"lazy\" decoding=\"async\" class=\"size-full wp-image-16789\" src=\"https:\/\/www.latribunedufaso.net\/wp-content\/uploads\/2024\/11\/IMG-20241109-WA0005.jpg\" alt=\"Conf\u00e9rence de presse du Procureur du Faso pr\u00e8s le TGI Ouaga 1, Blaise Bazi\u00e9 sur le d\u00e9tournement de deniers publics au minist\u00e8re en charge de l'Action humanitaire, 8 novembre 2024\" width=\"2560\" height=\"1927\" srcset=\"https:\/\/www.latribunedufaso.net\/wp-content\/uploads\/2024\/11\/IMG-20241109-WA0005.jpg 2560w, https:\/\/www.latribunedufaso.net\/wp-content\/uploads\/2024\/11\/IMG-20241109-WA0005-300x226.jpg 300w, https:\/\/www.latribunedufaso.net\/wp-content\/uploads\/2024\/11\/IMG-20241109-WA0005-1024x771.jpg 1024w, https:\/\/www.latribunedufaso.net\/wp-content\/uploads\/2024\/11\/IMG-20241109-WA0005-768x578.jpg 768w, https:\/\/www.latribunedufaso.net\/wp-content\/uploads\/2024\/11\/IMG-20241109-WA0005-1536x1156.jpg 1536w, https:\/\/www.latribunedufaso.net\/wp-content\/uploads\/2024\/11\/IMG-20241109-WA0005-2048x1542.jpg 2048w\" sizes=\"auto, (max-width: 2560px) 100vw, 2560px\" \/><\/a><figcaption id=\"caption-attachment-16789\" class=\"wp-caption-text\">Le procureur du Faso pr\u00e8s le TGI Ouaga 1, Blaise Bazi\u00e9 (au milieu) &#8211; Ph. A. Kiendrebeogo<\/figcaption><\/figure>\n<p><span style=\"font-size: 1.0625rem;\">Monsieur Ti\u00e9gnan usait de man\u0153uvre consistant \u00e0 l\u2019imitation et la reproduction de signatures de ses sup\u00e9rieurs hi\u00e9rarchiques pour \u00e9mettre des ch\u00e8ques-tr\u00e9sors \u00e0 son nom personnel ou \u00e0 celui d\u2019un complice qui recevait ensuite paiement aux fins de partage. <\/span><span style=\"font-size: 1.0625rem;\">A ce jour, au nombre de ses complices, on retient des noms comme Salifou Ou\u00e9draogo et Philippe Bayoulou<\/span><\/p>\n<p>A entendre le procureur du Faso, pr\u00e8s le TGI Ouaga I, l\u2019\u00e9valuation du pr\u00e9judice qui est toujours en cours fait ressortir un montant de plus de 3 milliards de FCFA .<\/p>\n<p>Subs\u00e9quemment \u00e0 l\u2019enqu\u00eate de patrimoine ouvert \u00e0 l\u2019encontre des auteurs, <em><strong>\u00ab d\u2019importants \u00bb<\/strong><\/em> meubles et immeubles ont \u00e9t\u00e9 saisis. <em><strong>\u00ab A titre d\u2019exemple on peut citer des voitures de luxe, des camions citernes, des cars de transport en commun, plusieurs parcelles situ\u00e9es \u00e0 Ouagadougou et \u00e0 Bobo Dioulasso, une ferme de plus de 8 hectares sis \u00e0 Samandeni\/Bama contenant des animaux d\u2019attraction et de grande valeur tels que des canards sauvages, des grues couronn\u00e9es, les paons, des autruches, des antilopes, des cobas, etc \u00bb<\/strong><\/em>, a pr\u00e9cis\u00e9 le procureur.<\/p>\n<figure id=\"attachment_16788\" aria-describedby=\"caption-attachment-16788\" style=\"width: 2560px\" class=\"wp-caption aligncenter\"><a href=\"https:\/\/www.latribunedufaso.net\/wp-content\/uploads\/2024\/11\/IMG-20241109-WA0007.jpg\"><img loading=\"lazy\" decoding=\"async\" class=\"size-full wp-image-16788\" src=\"https:\/\/www.latribunedufaso.net\/wp-content\/uploads\/2024\/11\/IMG-20241109-WA0007.jpg\" alt=\"Les journalistes lors de la Conf\u00e9rence de presse du Procureur du Faso pr\u00e8s le TGI Ouaga 1, Blaise Bazi\u00e9 sur le d\u00e9tournement de deniers publics au minist\u00e8re en charge de l'Action humanitaire, 8 novembre 2024\" width=\"2560\" height=\"1927\" srcset=\"https:\/\/www.latribunedufaso.net\/wp-content\/uploads\/2024\/11\/IMG-20241109-WA0007.jpg 2560w, https:\/\/www.latribunedufaso.net\/wp-content\/uploads\/2024\/11\/IMG-20241109-WA0007-300x226.jpg 300w, https:\/\/www.latribunedufaso.net\/wp-content\/uploads\/2024\/11\/IMG-20241109-WA0007-1024x771.jpg 1024w, https:\/\/www.latribunedufaso.net\/wp-content\/uploads\/2024\/11\/IMG-20241109-WA0007-768x578.jpg 768w, https:\/\/www.latribunedufaso.net\/wp-content\/uploads\/2024\/11\/IMG-20241109-WA0007-1536x1156.jpg 1536w, https:\/\/www.latribunedufaso.net\/wp-content\/uploads\/2024\/11\/IMG-20241109-WA0007-2048x1542.jpg 2048w\" sizes=\"auto, (max-width: 2560px) 100vw, 2560px\" \/><\/a><figcaption id=\"caption-attachment-16788\" class=\"wp-caption-text\">Les journalistes pr\u00e9sents \u00e0 la conf\u00e9rence de presse &#8211; Ph. A. Kiendrebeogo<\/figcaption><\/figure>\n<p>A cette \u00e9tape de l\u2019affaire, la valeur des num\u00e9raires saisis est de 166 millions 630 mille FCFA. Cet argent a \u00e9t\u00e9 d\u00e9pos\u00e9 sur le compte d\u2019attente de l\u2019Agence nationale de gestion et de recouvrement des avoirs saisis ou confisqu\u00e9s (ANAGRASC). Au-del\u00e0 des num\u00e9raires, il a \u00e9t\u00e9 saisis des biens meubles et immeubles estim\u00e9s \u00e0 pr\u00e8s de 2 milliards FCFA.\u00a0<\/p>\n<p>A ce jour, Amidou Ti\u00e9gnan, Salifou Ou\u00e9draogo et Philippe Bayoulou ont \u00e9t\u00e9 d\u00e9f\u00e9r\u00e9s au parquet et plac\u00e9s sous mandat de d\u00e9p\u00f4t. Ils sont poursuivis pour des faits de faux en \u00e9criture publique, d\u2019usage de faux en \u00e9criture publique, de d\u00e9tournement de deniers publics, d\u2019enrichissement illicite et de blanchiment de capitaux.\u00a0<\/p>\n<p>Selon le procureur du Faso, une vingtaine de dossiers relevant du p\u00f4le \u00e9conomique et financier seront jug\u00e9s d\u2019ici l\u00e0 fin de l\u2019ann\u00e9e 2024 au cours de 2 sessions de jugement. La premi\u00e8re se d\u00e9roulera du 15 au 30 novembre 2024. Amidou Ti\u00e9gnan et ses complices seront jug\u00e9s au cours de cette premi\u00e8re session.<\/p>\n<blockquote>\n<p>Lire aussi &gt;&gt; <a href=\"https:\/\/www.latribunedufaso.net\/?p=12074\">D\u00e9tournement d\u2019engrais subventionn\u00e9 : La police met la main sur 723 sacs d\u2019une valeur de plus de 21 millions de FCFA dans la r\u00e9gion de l\u2019Est<\/a><\/p>\n<\/blockquote>\n<p>Selon les dires du procureur, il faut noter que cette affaire de d\u00e9tournement a d\u00e9but\u00e9 depuis 2020. Et c\u2019est le 08 octobre 2024 que le commissariat de police de l\u2019arrondissement n\u00b04 de la ville de Ouagadougou a re\u00e7u une plainte du Directeur de la gestion des finances (DGEF) du minist\u00e8re en charge de l\u2019Action humanitaire contre Amidou Ti\u00e9gnan pour des faits de d\u00e9tournement de deniers publics, faux et usage de faux en \u00e9criture publique et blanchiment de capitaux.<\/p>\n<p>De formation, Amidou Ti\u00e9gnan est Conseiller d\u2019\u00e9ducation f\u00e9minine. Il avait \u00e9t\u00e9 nomm\u00e9 \u00e0 son poste actuel.<\/p>\n<p><strong>Rosana Astride KIENDREBEOGO\u00a0<\/strong><\/p>\n<p><strong>Latribunedufaso.<span style=\"font-size: 1.0625rem;\">net<\/span><\/strong><\/p>\n","protected":false},"excerpt":{"rendered":"<p>Le procureur du Faso, pr\u00e8s du Tribunal de grande instance (TGI) Ouaga I, Blaise Bazi\u00e9 a anim\u00e9 une conf\u00e9rence de presse sur le d\u00e9tournement de milliards au minist\u00e8re en charge de l\u2019Action humanitaire, ce 08 octobre 2024 \u00e0 Ouagadougou.<\/p>\n","protected":false},"author":5,"featured_media":16789,"comment_status":"open","ping_status":"open","sticky":false,"template":"","format":"standard","meta":{"footnotes":""},"categories":[13,1,8],"tags":[431,433,39,432],"class_list":["post-16787","post","type-post","status-publish","format-standard","has-post-thumbnail","hentry","category-une","category-actu","category-societe","tag-amadou-tiegnan","tag-detournement-de-deniers-publics","tag-latribunedufaso-net","tag-tgi-ouaga-1"],"yoast_head":"<!-- This site is optimized with the Yoast SEO plugin v27.4 - https:\/\/yoast.com\/product\/yoast-seo-wordpress\/ -->\n<title>D\u00e9tournement de milliards au minist\u00e8re en charge de l\u2019Action humanitaire : Ce qu\u2019il faut savoir sur l\u2019affaire\u00a0 - La Tribune du Faso<\/title>\n<meta name=\"robots\" content=\"index, follow, max-snippet:-1, max-image-preview:large, max-video-preview:-1\" \/>\n<link rel=\"canonical\" href=\"https:\/\/www.latribunedufaso.net\/?p=16787\" \/>\n<meta property=\"og:locale\" content=\"fr_FR\" \/>\n<meta property=\"og:type\" content=\"article\" \/>\n<meta property=\"og:title\" content=\"D\u00e9tournement de milliards au minist\u00e8re en charge de l\u2019Action humanitaire : Ce qu\u2019il faut savoir sur l\u2019affaire\u00a0 - La Tribune du Faso\" \/>\n<meta property=\"og:description\" content=\"Le procureur du Faso, pr\u00e8s du Tribunal de grande instance (TGI) Ouaga I, Blaise Bazi\u00e9 a anim\u00e9 une conf\u00e9rence de presse sur le d\u00e9tournement de milliards au minist\u00e8re en charge de l\u2019Action humanitaire, ce 08 octobre 2024 \u00e0 Ouagadougou.\" \/>\n<meta property=\"og:url\" content=\"https:\/\/www.latribunedufaso.net\/?p=16787\" \/>\n<meta property=\"og:site_name\" content=\"La Tribune du Faso\" \/>\n<meta property=\"article:publisher\" content=\"https:\/\/www.facebook.com\/LatribuneduFaso\/\" \/>\n<meta property=\"article:published_time\" content=\"2024-11-08T18:41:26+00:00\" \/>\n<meta property=\"article:modified_time\" content=\"2024-11-09T01:07:24+00:00\" \/>\n<meta property=\"og:image\" content=\"https:\/\/www.latribunedufaso.net\/wp-content\/uploads\/2024\/11\/IMG-20241109-WA0005.jpg\" \/>\n\t<meta property=\"og:image:width\" content=\"2560\" \/>\n\t<meta property=\"og:image:height\" content=\"1927\" \/>\n\t<meta property=\"og:image:type\" content=\"image\/jpeg\" \/>\n<meta name=\"author\" content=\"Issouf Tapsoba\" \/>\n<meta name=\"twitter:label1\" content=\"\u00c9crit par\" \/>\n\t<meta name=\"twitter:data1\" content=\"Issouf Tapsoba\" \/>\n\t<meta name=\"twitter:label2\" content=\"Dur\u00e9e de lecture estim\u00e9e\" \/>\n\t<meta name=\"twitter:data2\" content=\"3 minutes\" \/>\n<script type=\"application\/ld+json\" class=\"yoast-schema-graph\">{\"@context\":\"https:\\\/\\\/schema.org\",\"@graph\":[{\"@type\":\"Article\",\"@id\":\"https:\\\/\\\/www.latribunedufaso.net\\\/?p=16787#article\",\"isPartOf\":{\"@id\":\"https:\\\/\\\/www.latribunedufaso.net\\\/?p=16787\"},\"author\":{\"name\":\"Issouf Tapsoba\",\"@id\":\"https:\\\/\\\/www.latribunedufaso.net\\\/#\\\/schema\\\/person\\\/e54e64c5778a7e72cf80a318b7a622b0\"},\"headline\":\"D\u00e9tournement de milliards au minist\u00e8re en charge de l\u2019Action humanitaire : Ce qu\u2019il faut savoir sur l\u2019affaire\u00a0\",\"datePublished\":\"2024-11-08T18:41:26+00:00\",\"dateModified\":\"2024-11-09T01:07:24+00:00\",\"mainEntityOfPage\":{\"@id\":\"https:\\\/\\\/www.latribunedufaso.net\\\/?p=16787\"},\"wordCount\":701,\"commentCount\":0,\"publisher\":{\"@id\":\"https:\\\/\\\/www.latribunedufaso.net\\\/#organization\"},\"image\":{\"@id\":\"https:\\\/\\\/www.latribunedufaso.net\\\/?p=16787#primaryimage\"},\"thumbnailUrl\":\"https:\\\/\\\/www.latribunedufaso.net\\\/wp-content\\\/uploads\\\/2024\\\/11\\\/IMG-20241109-WA0005.jpg\",\"keywords\":[\"Amadou Ti\u00e9gnan\",\"D\u00e9tournement de deniers publics\",\"latribunedufaso.net\",\"TGI Ouaga 1\"],\"articleSection\":[\"A la une\",\"Actualit\u00e9\",\"Soci\u00e9t\u00e9\"],\"inLanguage\":\"fr-FR\",\"potentialAction\":[{\"@type\":\"CommentAction\",\"name\":\"Comment\",\"target\":[\"https:\\\/\\\/www.latribunedufaso.net\\\/?p=16787#respond\"]}]},{\"@type\":\"WebPage\",\"@id\":\"https:\\\/\\\/www.latribunedufaso.net\\\/?p=16787\",\"url\":\"https:\\\/\\\/www.latribunedufaso.net\\\/?p=16787\",\"name\":\"D\u00e9tournement de milliards au minist\u00e8re en charge de l\u2019Action humanitaire : Ce qu\u2019il faut savoir sur l\u2019affaire\u00a0 - La Tribune du Faso\",\"isPartOf\":{\"@id\":\"https:\\\/\\\/www.latribunedufaso.net\\\/#website\"},\"primaryImageOfPage\":{\"@id\":\"https:\\\/\\\/www.latribunedufaso.net\\\/?p=16787#primaryimage\"},\"image\":{\"@id\":\"https:\\\/\\\/www.latribunedufaso.net\\\/?p=16787#primaryimage\"},\"thumbnailUrl\":\"https:\\\/\\\/www.latribunedufaso.net\\\/wp-content\\\/uploads\\\/2024\\\/11\\\/IMG-20241109-WA0005.jpg\",\"datePublished\":\"2024-11-08T18:41:26+00:00\",\"dateModified\":\"2024-11-09T01:07:24+00:00\",\"breadcrumb\":{\"@id\":\"https:\\\/\\\/www.latribunedufaso.net\\\/?p=16787#breadcrumb\"},\"inLanguage\":\"fr-FR\",\"potentialAction\":[{\"@type\":\"ReadAction\",\"target\":[\"https:\\\/\\\/www.latribunedufaso.net\\\/?p=16787\"]}]},{\"@type\":\"ImageObject\",\"inLanguage\":\"fr-FR\",\"@id\":\"https:\\\/\\\/www.latribunedufaso.net\\\/?p=16787#primaryimage\",\"url\":\"https:\\\/\\\/www.latribunedufaso.net\\\/wp-content\\\/uploads\\\/2024\\\/11\\\/IMG-20241109-WA0005.jpg\",\"contentUrl\":\"https:\\\/\\\/www.latribunedufaso.net\\\/wp-content\\\/uploads\\\/2024\\\/11\\\/IMG-20241109-WA0005.jpg\",\"width\":2560,\"height\":1927,\"caption\":\"Le procureur du Faso pr\u00e8s le TGI Ouaga 1, Blaise Bazi\u00e9 (au milieu) - Ph. A. Kiendrebeogo\"},{\"@type\":\"BreadcrumbList\",\"@id\":\"https:\\\/\\\/www.latribunedufaso.net\\\/?p=16787#breadcrumb\",\"itemListElement\":[{\"@type\":\"ListItem\",\"position\":1,\"name\":\"Accueil\",\"item\":\"https:\\\/\\\/www.latribunedufaso.net\\\/\"},{\"@type\":\"ListItem\",\"position\":2,\"name\":\"D\u00e9tournement de milliards au minist\u00e8re en charge de l\u2019Action humanitaire : Ce qu\u2019il faut savoir sur l\u2019affaire\u00a0\"}]},{\"@type\":\"WebSite\",\"@id\":\"https:\\\/\\\/www.latribunedufaso.net\\\/#website\",\"url\":\"https:\\\/\\\/www.latribunedufaso.net\\\/\",\"name\":\"La Tribune du Faso\",\"description\":\"L&#039;information du monde rural en un clic\",\"publisher\":{\"@id\":\"https:\\\/\\\/www.latribunedufaso.net\\\/#organization\"},\"potentialAction\":[{\"@type\":\"SearchAction\",\"target\":{\"@type\":\"EntryPoint\",\"urlTemplate\":\"https:\\\/\\\/www.latribunedufaso.net\\\/?s={search_term_string}\"},\"query-input\":{\"@type\":\"PropertyValueSpecification\",\"valueRequired\":true,\"valueName\":\"search_term_string\"}}],\"inLanguage\":\"fr-FR\"},{\"@type\":\"Organization\",\"@id\":\"https:\\\/\\\/www.latribunedufaso.net\\\/#organization\",\"name\":\"La Tribune du Faso\",\"url\":\"https:\\\/\\\/www.latribunedufaso.net\\\/\",\"logo\":{\"@type\":\"ImageObject\",\"inLanguage\":\"fr-FR\",\"@id\":\"https:\\\/\\\/www.latribunedufaso.net\\\/#\\\/schema\\\/logo\\\/image\\\/\",\"url\":\"https:\\\/\\\/www.latribunedufaso.net\\\/wp-content\\\/uploads\\\/2020\\\/08\\\/Logo-Tribune-du-Faso-final-scaled.jpg\",\"contentUrl\":\"https:\\\/\\\/www.latribunedufaso.net\\\/wp-content\\\/uploads\\\/2020\\\/08\\\/Logo-Tribune-du-Faso-final-scaled.jpg\",\"width\":2560,\"height\":1856,\"caption\":\"La Tribune du Faso\"},\"image\":{\"@id\":\"https:\\\/\\\/www.latribunedufaso.net\\\/#\\\/schema\\\/logo\\\/image\\\/\"},\"sameAs\":[\"https:\\\/\\\/www.facebook.com\\\/LatribuneduFaso\\\/\"]},{\"@type\":\"Person\",\"@id\":\"https:\\\/\\\/www.latribunedufaso.net\\\/#\\\/schema\\\/person\\\/e54e64c5778a7e72cf80a318b7a622b0\",\"name\":\"Issouf Tapsoba\",\"image\":{\"@type\":\"ImageObject\",\"inLanguage\":\"fr-FR\",\"@id\":\"https:\\\/\\\/secure.gravatar.com\\\/avatar\\\/5e6c05150ce3230247d167f5b94d678eb05936197436d69b7921e3a95c9107ac?s=96&d=mm&r=g\",\"url\":\"https:\\\/\\\/secure.gravatar.com\\\/avatar\\\/5e6c05150ce3230247d167f5b94d678eb05936197436d69b7921e3a95c9107ac?s=96&d=mm&r=g\",\"contentUrl\":\"https:\\\/\\\/secure.gravatar.com\\\/avatar\\\/5e6c05150ce3230247d167f5b94d678eb05936197436d69b7921e3a95c9107ac?s=96&d=mm&r=g\",\"caption\":\"Issouf Tapsoba\"},\"url\":\"https:\\\/\\\/www.latribunedufaso.net\\\/?author=5\"}]}<\/script>\n<!-- \/ Yoast SEO plugin. -->","yoast_head_json":{"title":"D\u00e9tournement de milliards au minist\u00e8re en charge de l\u2019Action humanitaire : Ce qu\u2019il faut savoir sur l\u2019affaire\u00a0 - La Tribune du Faso","robots":{"index":"index","follow":"follow","max-snippet":"max-snippet:-1","max-image-preview":"max-image-preview:large","max-video-preview":"max-video-preview:-1"},"canonical":"https:\/\/www.latribunedufaso.net\/?p=16787","og_locale":"fr_FR","og_type":"article","og_title":"D\u00e9tournement de milliards au minist\u00e8re en charge de l\u2019Action humanitaire : Ce qu\u2019il faut savoir sur l\u2019affaire\u00a0 - La Tribune du Faso","og_description":"Le procureur du Faso, pr\u00e8s du Tribunal de grande instance (TGI) Ouaga I, Blaise Bazi\u00e9 a anim\u00e9 une conf\u00e9rence de presse sur le d\u00e9tournement de milliards au minist\u00e8re en charge de l\u2019Action humanitaire, ce 08 octobre 2024 \u00e0 Ouagadougou.","og_url":"https:\/\/www.latribunedufaso.net\/?p=16787","og_site_name":"La Tribune du Faso","article_publisher":"https:\/\/www.facebook.com\/LatribuneduFaso\/","article_published_time":"2024-11-08T18:41:26+00:00","article_modified_time":"2024-11-09T01:07:24+00:00","og_image":[{"width":2560,"height":1927,"url":"https:\/\/www.latribunedufaso.net\/wp-content\/uploads\/2024\/11\/IMG-20241109-WA0005.jpg","type":"image\/jpeg"}],"author":"Issouf Tapsoba","twitter_misc":{"\u00c9crit par":"Issouf Tapsoba","Dur\u00e9e de lecture estim\u00e9e":"3 minutes"},"schema":{"@context":"https:\/\/schema.org","@graph":[{"@type":"Article","@id":"https:\/\/www.latribunedufaso.net\/?p=16787#article","isPartOf":{"@id":"https:\/\/www.latribunedufaso.net\/?p=16787"},"author":{"name":"Issouf Tapsoba","@id":"https:\/\/www.latribunedufaso.net\/#\/schema\/person\/e54e64c5778a7e72cf80a318b7a622b0"},"headline":"D\u00e9tournement de milliards au minist\u00e8re en charge de l\u2019Action humanitaire : Ce qu\u2019il faut savoir sur l\u2019affaire\u00a0","datePublished":"2024-11-08T18:41:26+00:00","dateModified":"2024-11-09T01:07:24+00:00","mainEntityOfPage":{"@id":"https:\/\/www.latribunedufaso.net\/?p=16787"},"wordCount":701,"commentCount":0,"publisher":{"@id":"https:\/\/www.latribunedufaso.net\/#organization"},"image":{"@id":"https:\/\/www.latribunedufaso.net\/?p=16787#primaryimage"},"thumbnailUrl":"https:\/\/www.latribunedufaso.net\/wp-content\/uploads\/2024\/11\/IMG-20241109-WA0005.jpg","keywords":["Amadou Ti\u00e9gnan","D\u00e9tournement de deniers publics","latribunedufaso.net","TGI Ouaga 1"],"articleSection":["A la une","Actualit\u00e9","Soci\u00e9t\u00e9"],"inLanguage":"fr-FR","potentialAction":[{"@type":"CommentAction","name":"Comment","target":["https:\/\/www.latribunedufaso.net\/?p=16787#respond"]}]},{"@type":"WebPage","@id":"https:\/\/www.latribunedufaso.net\/?p=16787","url":"https:\/\/www.latribunedufaso.net\/?p=16787","name":"D\u00e9tournement de milliards au minist\u00e8re en charge de l\u2019Action humanitaire : Ce qu\u2019il faut savoir sur l\u2019affaire\u00a0 - La Tribune du Faso","isPartOf":{"@id":"https:\/\/www.latribunedufaso.net\/#website"},"primaryImageOfPage":{"@id":"https:\/\/www.latribunedufaso.net\/?p=16787#primaryimage"},"image":{"@id":"https:\/\/www.latribunedufaso.net\/?p=16787#primaryimage"},"thumbnailUrl":"https:\/\/www.latribunedufaso.net\/wp-content\/uploads\/2024\/11\/IMG-20241109-WA0005.jpg","datePublished":"2024-11-08T18:41:26+00:00","dateModified":"2024-11-09T01:07:24+00:00","breadcrumb":{"@id":"https:\/\/www.latribunedufaso.net\/?p=16787#breadcrumb"},"inLanguage":"fr-FR","potentialAction":[{"@type":"ReadAction","target":["https:\/\/www.latribunedufaso.net\/?p=16787"]}]},{"@type":"ImageObject","inLanguage":"fr-FR","@id":"https:\/\/www.latribunedufaso.net\/?p=16787#primaryimage","url":"https:\/\/www.latribunedufaso.net\/wp-content\/uploads\/2024\/11\/IMG-20241109-WA0005.jpg","contentUrl":"https:\/\/www.latribunedufaso.net\/wp-content\/uploads\/2024\/11\/IMG-20241109-WA0005.jpg","width":2560,"height":1927,"caption":"Le procureur du Faso pr\u00e8s le TGI Ouaga 1, Blaise Bazi\u00e9 (au milieu) - Ph. A. Kiendrebeogo"},{"@type":"BreadcrumbList","@id":"https:\/\/www.latribunedufaso.net\/?p=16787#breadcrumb","itemListElement":[{"@type":"ListItem","position":1,"name":"Accueil","item":"https:\/\/www.latribunedufaso.net\/"},{"@type":"ListItem","position":2,"name":"D\u00e9tournement de milliards au minist\u00e8re en charge de l\u2019Action humanitaire : Ce qu\u2019il faut savoir sur l\u2019affaire\u00a0"}]},{"@type":"WebSite","@id":"https:\/\/www.latribunedufaso.net\/#website","url":"https:\/\/www.latribunedufaso.net\/","name":"La Tribune du Faso","description":"L&#039;information du monde rural en un clic","publisher":{"@id":"https:\/\/www.latribunedufaso.net\/#organization"},"potentialAction":[{"@type":"SearchAction","target":{"@type":"EntryPoint","urlTemplate":"https:\/\/www.latribunedufaso.net\/?s={search_term_string}"},"query-input":{"@type":"PropertyValueSpecification","valueRequired":true,"valueName":"search_term_string"}}],"inLanguage":"fr-FR"},{"@type":"Organization","@id":"https:\/\/www.latribunedufaso.net\/#organization","name":"La Tribune du Faso","url":"https:\/\/www.latribunedufaso.net\/","logo":{"@type":"ImageObject","inLanguage":"fr-FR","@id":"https:\/\/www.latribunedufaso.net\/#\/schema\/logo\/image\/","url":"https:\/\/www.latribunedufaso.net\/wp-content\/uploads\/2020\/08\/Logo-Tribune-du-Faso-final-scaled.jpg","contentUrl":"https:\/\/www.latribunedufaso.net\/wp-content\/uploads\/2020\/08\/Logo-Tribune-du-Faso-final-scaled.jpg","width":2560,"height":1856,"caption":"La Tribune du Faso"},"image":{"@id":"https:\/\/www.latribunedufaso.net\/#\/schema\/logo\/image\/"},"sameAs":["https:\/\/www.facebook.com\/LatribuneduFaso\/"]},{"@type":"Person","@id":"https:\/\/www.latribunedufaso.net\/#\/schema\/person\/e54e64c5778a7e72cf80a318b7a622b0","name":"Issouf Tapsoba","image":{"@type":"ImageObject","inLanguage":"fr-FR","@id":"https:\/\/secure.gravatar.com\/avatar\/5e6c05150ce3230247d167f5b94d678eb05936197436d69b7921e3a95c9107ac?s=96&d=mm&r=g","url":"https:\/\/secure.gravatar.com\/avatar\/5e6c05150ce3230247d167f5b94d678eb05936197436d69b7921e3a95c9107ac?s=96&d=mm&r=g","contentUrl":"https:\/\/secure.gravatar.com\/avatar\/5e6c05150ce3230247d167f5b94d678eb05936197436d69b7921e3a95c9107ac?s=96&d=mm&r=g","caption":"Issouf Tapsoba"},"url":"https:\/\/www.latribunedufaso.net\/?author=5"}]}},"_links":{"self":[{"href":"https:\/\/www.latribunedufaso.net\/index.php?rest_route=\/wp\/v2\/posts\/16787","targetHints":{"allow":["GET"]}}],"collection":[{"href":"https:\/\/www.latribunedufaso.net\/index.php?rest_route=\/wp\/v2\/posts"}],"about":[{"href":"https:\/\/www.latribunedufaso.net\/index.php?rest_route=\/wp\/v2\/types\/post"}],"author":[{"embeddable":true,"href":"https:\/\/www.latribunedufaso.net\/index.php?rest_route=\/wp\/v2\/users\/5"}],"replies":[{"embeddable":true,"href":"https:\/\/www.latribunedufaso.net\/index.php?rest_route=%2Fwp%2Fv2%2Fcomments&post=16787"}],"version-history":[{"count":1,"href":"https:\/\/www.latribunedufaso.net\/index.php?rest_route=\/wp\/v2\/posts\/16787\/revisions"}],"predecessor-version":[{"id":16790,"href":"https:\/\/www.latribunedufaso.net\/index.php?rest_route=\/wp\/v2\/posts\/16787\/revisions\/16790"}],"wp:featuredmedia":[{"embeddable":true,"href":"https:\/\/www.latribunedufaso.net\/index.php?rest_route=\/wp\/v2\/media\/16789"}],"wp:attachment":[{"href":"https:\/\/www.latribunedufaso.net\/index.php?rest_route=%2Fwp%2Fv2%2Fmedia&parent=16787"}],"wp:term":[{"taxonomy":"category","embeddable":true,"href":"https:\/\/www.latribunedufaso.net\/index.php?rest_route=%2Fwp%2Fv2%2Fcategories&post=16787"},{"taxonomy":"post_tag","embeddable":true,"href":"https:\/\/www.latribunedufaso.net\/index.php?rest_route=%2Fwp%2Fv2%2Ftags&post=16787"}],"curies":[{"name":"wp","href":"https:\/\/api.w.org\/{rel}","templated":true}]}}