{"id":16765,"date":"2024-11-07T00:09:57","date_gmt":"2024-11-07T00:09:57","guid":{"rendered":"https:\/\/www.latribunedufaso.net\/?p=16765"},"modified":"2024-11-07T15:15:43","modified_gmt":"2024-11-07T15:15:43","slug":"ouagadougou-visite-de-lunion-europeenne-sur-le-chantier-du-canal-de-tanghin","status":"publish","type":"post","link":"https:\/\/www.latribunedufaso.net\/?p=16765","title":{"rendered":"Ouagadougou : Visite de l\u2019Union Europ\u00e9enne sur le chantier du canal de Tanghin"},"content":{"rendered":"<p><strong><span style=\"font-size: 1.0625rem;\">Ce 6 novembre 2024, une mission de l\u2019Union Europ\u00e9enne, men\u00e9e par le Pr\u00e9sident de la d\u00e9l\u00e9gation sp\u00e9ciale de Ouagadougou, Maurice Konat\u00e9, s\u2019est rendue sur le chantier du canal de Tanghin \u00e0 Ouagadougou. Objectif, s&rsquo;impr\u00e9gner de l&rsquo;\u00e9tat d&rsquo;avancement des travaux.<\/span><\/strong><!--more--><\/p>\n<p>La r\u00e9alisation de ces infrastructures se situe dans le cadre du Projet d\u2019assainissement et de drainage de Ouagadougou (PADO). Il est financ\u00e9 sous forme de don par la Banque Europ\u00e9enne d\u2019Investissement a hauteur de 15 millions d&rsquo;euros. L&rsquo;objectif de ce projet est de <span style=\"font-size: 1.0625rem;\">soutenir le d\u00e9veloppement urbain durable, la protection environnementale et divers \u00e9quipements socio-\u00e9conomiques de la ville.<\/span><\/p>\n<p>La r\u00e9alisation des travaux, confi\u00e9e \u00e0 l\u2019Agence municipale des grands travaux (AMGT), devrait s\u2019achever en 18 mois. Elle est actuellement termin\u00e9e \u00e0 66,2 %.<\/p>\n<figure id=\"attachment_16767\" aria-describedby=\"caption-attachment-16767\" style=\"width: 2560px\" class=\"wp-caption aligncenter\"><a href=\"https:\/\/www.latribunedufaso.net\/wp-content\/uploads\/2024\/11\/IMG-20241107-WA0040.jpg\"><img loading=\"lazy\" decoding=\"async\" class=\"size-full wp-image-16767\" src=\"https:\/\/www.latribunedufaso.net\/wp-content\/uploads\/2024\/11\/IMG-20241107-WA0040.jpg\" alt=\"Le Directeur des op\u00e9rations de l\u2019AMGT, Sosth\u00e8ne Djiguemd\u00e9 lors de la visite de la d\u00e9l\u00e9gation de l'UE avec le PDS de Ouaga sur le chantier du canal de Tanghin, 06 novembre 2024\" width=\"2560\" height=\"1920\" srcset=\"https:\/\/www.latribunedufaso.net\/wp-content\/uploads\/2024\/11\/IMG-20241107-WA0040.jpg 2560w, https:\/\/www.latribunedufaso.net\/wp-content\/uploads\/2024\/11\/IMG-20241107-WA0040-300x225.jpg 300w, https:\/\/www.latribunedufaso.net\/wp-content\/uploads\/2024\/11\/IMG-20241107-WA0040-1024x768.jpg 1024w, https:\/\/www.latribunedufaso.net\/wp-content\/uploads\/2024\/11\/IMG-20241107-WA0040-768x576.jpg 768w, https:\/\/www.latribunedufaso.net\/wp-content\/uploads\/2024\/11\/IMG-20241107-WA0040-1536x1152.jpg 1536w, https:\/\/www.latribunedufaso.net\/wp-content\/uploads\/2024\/11\/IMG-20241107-WA0040-2048x1536.jpg 2048w\" sizes=\"auto, (max-width: 2560px) 100vw, 2560px\" \/><\/a><figcaption id=\"caption-attachment-16767\" class=\"wp-caption-text\">Le Directeur des op\u00e9rations de l\u2019AMGT, Sosth\u00e8ne Djiguemd\u00e9 &#8211; Ph. N. Ouattara<\/figcaption><\/figure>\n<p>Le Directeur des op\u00e9rations de l\u2019AMGT, <span style=\"font-size: 1.0625rem;\">Sosth\u00e8ne Djiguemd\u00e9, a indiqu\u00e9 que les travaux, lanc\u00e9s il y a six mois, consistent en l\u2019am\u00e9nagement d\u2019un marigot existant, identifi\u00e9e comme zone prioritaire en raison des inondations r\u00e9currentes. Ce cours d\u2019eau sera transform\u00e9 en un canal de 5 km avec un bassin de r\u00e9tention de 154 000 m\u00b3 pour r\u00e9duire les risques d\u2019inondation, avec des sections de largeur variable, allant de 4 \u00e0 12 m\u00e8tres.\u00a0<\/span><\/p>\n<figure id=\"attachment_16769\" aria-describedby=\"caption-attachment-16769\" style=\"width: 2560px\" class=\"wp-caption aligncenter\"><a href=\"https:\/\/www.latribunedufaso.net\/wp-content\/uploads\/2024\/11\/IMG-20241107-WA0036.jpg\"><img loading=\"lazy\" decoding=\"async\" class=\"size-full wp-image-16769\" src=\"https:\/\/www.latribunedufaso.net\/wp-content\/uploads\/2024\/11\/IMG-20241107-WA0036.jpg\" alt=\"Le PDS de Ouaga, Maurice Konat\u00e9 lors de la visite de la d\u00e9l\u00e9gation de l'UE avec le PDS de Ouaga sur le chantier du canal de Tanghin, 06 novembre 2024\" width=\"2560\" height=\"1920\" srcset=\"https:\/\/www.latribunedufaso.net\/wp-content\/uploads\/2024\/11\/IMG-20241107-WA0036.jpg 2560w, https:\/\/www.latribunedufaso.net\/wp-content\/uploads\/2024\/11\/IMG-20241107-WA0036-300x225.jpg 300w, https:\/\/www.latribunedufaso.net\/wp-content\/uploads\/2024\/11\/IMG-20241107-WA0036-1024x768.jpg 1024w, https:\/\/www.latribunedufaso.net\/wp-content\/uploads\/2024\/11\/IMG-20241107-WA0036-768x576.jpg 768w, https:\/\/www.latribunedufaso.net\/wp-content\/uploads\/2024\/11\/IMG-20241107-WA0036-1536x1152.jpg 1536w, https:\/\/www.latribunedufaso.net\/wp-content\/uploads\/2024\/11\/IMG-20241107-WA0036-2048x1536.jpg 2048w\" sizes=\"auto, (max-width: 2560px) 100vw, 2560px\" \/><\/a><figcaption id=\"caption-attachment-16769\" class=\"wp-caption-text\">Le PDS de Ouagadougou, Maurice Konat\u00e9 &#8211; Ph. N. Ouattara<\/figcaption><\/figure>\n<p>Pour le pr\u00e9sident de la d\u00e9l\u00e9gation sp\u00e9ciale de Ouagadougou, Maurice Konat\u00e9, ce projet est une r\u00e9ponse concr\u00e8te aux d\u00e9fis d\u2019inondation qu\u2019a subi Ouagadougou.<\/p>\n<blockquote>\n<p>Lire aussi &gt;&gt; <a href=\"https:\/\/www.latribunedufaso.net\/?p=15278\">Assainissement : PRAVO offre des \u00e9quipements de 230 millions FCFA \u00e0 la commune de Ouagadougou<\/a><\/p>\n<\/blockquote>\n<p><em><strong>\u00ab Pendant les inondations, cette zone \u00e9tait la plus touch\u00e9e avec un grand nombre de sinistres. Ce drain va permettre d\u2019anticiper ces situations et de r\u00e9soudre des probl\u00e8mes d\u2019environnement, de sant\u00e9 et bien d\u2019autres \u00bb<\/strong><\/em>, a-t-il expliqu\u00e9 saluant l\u2019excellente collaboration entre le gouvernement burkinab\u00e8, l\u2019Union europ\u00e9enne et la commune de Ouagadougou.<\/p>\n<figure id=\"attachment_16768\" aria-describedby=\"caption-attachment-16768\" style=\"width: 2560px\" class=\"wp-caption aligncenter\"><a href=\"https:\/\/www.latribunedufaso.net\/wp-content\/uploads\/2024\/11\/IMG-20241107-WA0038.jpg\"><img loading=\"lazy\" decoding=\"async\" class=\"size-full wp-image-16768\" src=\"https:\/\/www.latribunedufaso.net\/wp-content\/uploads\/2024\/11\/IMG-20241107-WA0038.jpg\" alt=\"L'envoy\u00e9e sp\u00e9ciale de l\u2019Union Europ\u00e9enne pour le Sahel, Emmanuela Del Re lors de la visite de la d\u00e9l\u00e9gation de l'UE avec le PDS de Ouaga sur le chantier du canal de Tanghin, 06 novembre 2024\" width=\"2560\" height=\"1920\" srcset=\"https:\/\/www.latribunedufaso.net\/wp-content\/uploads\/2024\/11\/IMG-20241107-WA0038.jpg 2560w, https:\/\/www.latribunedufaso.net\/wp-content\/uploads\/2024\/11\/IMG-20241107-WA0038-300x225.jpg 300w, https:\/\/www.latribunedufaso.net\/wp-content\/uploads\/2024\/11\/IMG-20241107-WA0038-1024x768.jpg 1024w, https:\/\/www.latribunedufaso.net\/wp-content\/uploads\/2024\/11\/IMG-20241107-WA0038-768x576.jpg 768w, https:\/\/www.latribunedufaso.net\/wp-content\/uploads\/2024\/11\/IMG-20241107-WA0038-1536x1152.jpg 1536w, https:\/\/www.latribunedufaso.net\/wp-content\/uploads\/2024\/11\/IMG-20241107-WA0038-2048x1536.jpg 2048w\" sizes=\"auto, (max-width: 2560px) 100vw, 2560px\" \/><\/a><figcaption id=\"caption-attachment-16768\" class=\"wp-caption-text\">L&rsquo;envoy\u00e9e sp\u00e9ciale de l\u2019Union Europ\u00e9enne pour le Sahel, Emmanuela Del Re exprime sa satisfaction face \u00e0 l\u2019avancement du projet du canal de Tanghin \u00e0 Ouagadougou &#8211; Ph. N. Kiendrebeogo<\/figcaption><\/figure>\n<p>Pr\u00e9sente sur le site, l\u2019envoy\u00e9e sp\u00e9ciale de l\u2019Union Europ\u00e9enne pour le Sahel, Emmanuela Del Re, a exprim\u00e9 sa fiert\u00e9 devant ce qu\u2019elle d\u00e9crit comme un <em><strong>\u00ab projet extraordinaire, multidimensionnel \u00bb.<\/strong><\/em> Il profitera aux riverains et contribuera \u00e0 la pr\u00e9servation de la for\u00eat. <em><strong>\u00ab Ce projet, tr\u00e8s concret et durable, symbolise la volont\u00e9 de l\u2019Union Europ\u00e9enne d\u2019\u00eatre aux c\u00f4t\u00e9s de la population burkinab\u00e8 \u00bb,<\/strong><\/em> a-t-elle affirm\u00e9. Elle a \u00e9galement indiqu\u00e9 que l\u2019Union Europ\u00e9enne envisage une seconde phase, t\u00e9moignant ainsi de son engagement envers le d\u00e9veloppement de Ouagadougou.<\/p>\n<figure id=\"attachment_16770\" aria-describedby=\"caption-attachment-16770\" style=\"width: 1280px\" class=\"wp-caption aligncenter\"><a href=\"https:\/\/www.latribunedufaso.net\/wp-content\/uploads\/2024\/11\/IMG-20241107-WA0034.jpg\"><img loading=\"lazy\" decoding=\"async\" class=\"size-full wp-image-16770\" src=\"https:\/\/www.latribunedufaso.net\/wp-content\/uploads\/2024\/11\/IMG-20241107-WA0034.jpg\" alt=\"visite de la d\u00e9l\u00e9gation de l'UE avec le PDS de Ouaga sur le chantier du canal de Tanghin, 06 novembre 2024\" width=\"1280\" height=\"720\" srcset=\"https:\/\/www.latribunedufaso.net\/wp-content\/uploads\/2024\/11\/IMG-20241107-WA0034.jpg 1280w, https:\/\/www.latribunedufaso.net\/wp-content\/uploads\/2024\/11\/IMG-20241107-WA0034-300x169.jpg 300w, https:\/\/www.latribunedufaso.net\/wp-content\/uploads\/2024\/11\/IMG-20241107-WA0034-1024x576.jpg 1024w, https:\/\/www.latribunedufaso.net\/wp-content\/uploads\/2024\/11\/IMG-20241107-WA0034-768x432.jpg 768w\" sizes=\"auto, (max-width: 1280px) 100vw, 1280px\" \/><\/a><figcaption id=\"caption-attachment-16770\" class=\"wp-caption-text\">Vue d&rsquo;une partie du canal de Tanghin achev\u00e9 &#8211; Ph. N. Ouattara<\/figcaption><\/figure>\n<p>Malgr\u00e9 des contraintes, comme le d\u00e9placement des r\u00e9seaux des concessionnaires SONABEL, ONEA et MOOV, M. Djiguemde a soulign\u00e9 le soutien des riverains, facilitant l\u2019avancement du projet. Les travaux devraient \u00eatre livr\u00e9s avant la saison hivernale de juin 2025.<\/p>\n<p><strong>Nabintou OUATTARA\u00a0<\/strong><\/p>\n<p><strong><span style=\"font-size: 1.0625rem;\">Latribunedufa<\/span><span style=\"font-size: 1.0625rem;\">so.net\u00a0<\/span><\/strong><\/p>\n","protected":false},"excerpt":{"rendered":"<p>Ce 6 novembre 2024, une mission de l\u2019Union Europ\u00e9enne, men\u00e9e par le Pr\u00e9sident de la d\u00e9l\u00e9gation sp\u00e9ciale de Ouagadougou, Maurice Konat\u00e9, s\u2019est rendue sur le chantier du canal de Tanghin \u00e0 Ouagadougou. Objectif, s&rsquo;impr\u00e9gner de l&rsquo;\u00e9tat d&rsquo;avancement des travaux.<\/p>\n","protected":false},"author":5,"featured_media":16766,"comment_status":"open","ping_status":"open","sticky":false,"template":"","format":"standard","meta":{"footnotes":""},"categories":[13,1,23],"tags":[73,428,39,74,427],"class_list":["post-16765","post","type-post","status-publish","format-standard","has-post-thumbnail","hentry","category-une","category-actu","category-eau-et-assainissement","tag-assainissement","tag-canal-de-tanghin","tag-latribunedufaso-net","tag-ouagadougou","tag-union-europeenne"],"yoast_head":"<!-- This site is optimized with the Yoast SEO plugin v27.5 - https:\/\/yoast.com\/product\/yoast-seo-wordpress\/ -->\n<title>Ouagadougou : Visite de l\u2019Union Europ\u00e9enne sur le chantier du canal de Tanghin - La Tribune du Faso<\/title>\n<meta name=\"robots\" content=\"index, follow, max-snippet:-1, max-image-preview:large, max-video-preview:-1\" \/>\n<link rel=\"canonical\" href=\"https:\/\/www.latribunedufaso.net\/?p=16765\" \/>\n<meta property=\"og:locale\" content=\"fr_FR\" \/>\n<meta property=\"og:type\" content=\"article\" \/>\n<meta property=\"og:title\" content=\"Ouagadougou : Visite de l\u2019Union Europ\u00e9enne sur le chantier du canal de Tanghin - La Tribune du Faso\" \/>\n<meta property=\"og:description\" content=\"Ce 6 novembre 2024, une mission de l\u2019Union Europ\u00e9enne, men\u00e9e par le Pr\u00e9sident de la d\u00e9l\u00e9gation sp\u00e9ciale de Ouagadougou, Maurice Konat\u00e9, s\u2019est rendue sur le chantier du canal de Tanghin \u00e0 Ouagadougou. Objectif, s&rsquo;impr\u00e9gner de l&rsquo;\u00e9tat d&rsquo;avancement des travaux.\" \/>\n<meta property=\"og:url\" content=\"https:\/\/www.latribunedufaso.net\/?p=16765\" \/>\n<meta property=\"og:site_name\" content=\"La Tribune du Faso\" \/>\n<meta property=\"article:publisher\" content=\"https:\/\/www.facebook.com\/LatribuneduFaso\/\" \/>\n<meta property=\"article:published_time\" content=\"2024-11-07T00:09:57+00:00\" \/>\n<meta property=\"article:modified_time\" content=\"2024-11-07T15:15:43+00:00\" \/>\n<meta property=\"og:image\" content=\"https:\/\/www.latribunedufaso.net\/wp-content\/uploads\/2024\/11\/IMG-20241107-WA0041.jpg\" \/>\n\t<meta property=\"og:image:width\" content=\"1280\" \/>\n\t<meta property=\"og:image:height\" content=\"720\" \/>\n\t<meta property=\"og:image:type\" content=\"image\/jpeg\" \/>\n<meta name=\"author\" content=\"Issouf Tapsoba\" \/>\n<meta name=\"twitter:label1\" content=\"\u00c9crit par\" \/>\n\t<meta name=\"twitter:data1\" content=\"Issouf Tapsoba\" \/>\n\t<meta name=\"twitter:label2\" content=\"Dur\u00e9e de lecture estim\u00e9e\" \/>\n\t<meta name=\"twitter:data2\" content=\"3 minutes\" \/>\n<script type=\"application\/ld+json\" class=\"yoast-schema-graph\">{\"@context\":\"https:\\\/\\\/schema.org\",\"@graph\":[{\"@type\":\"Article\",\"@id\":\"https:\\\/\\\/www.latribunedufaso.net\\\/?p=16765#article\",\"isPartOf\":{\"@id\":\"https:\\\/\\\/www.latribunedufaso.net\\\/?p=16765\"},\"author\":{\"name\":\"Issouf Tapsoba\",\"@id\":\"https:\\\/\\\/www.latribunedufaso.net\\\/#\\\/schema\\\/person\\\/e54e64c5778a7e72cf80a318b7a622b0\"},\"headline\":\"Ouagadougou : Visite de l\u2019Union Europ\u00e9enne sur le chantier du canal de Tanghin\",\"datePublished\":\"2024-11-07T00:09:57+00:00\",\"dateModified\":\"2024-11-07T15:15:43+00:00\",\"mainEntityOfPage\":{\"@id\":\"https:\\\/\\\/www.latribunedufaso.net\\\/?p=16765\"},\"wordCount\":582,\"commentCount\":0,\"publisher\":{\"@id\":\"https:\\\/\\\/www.latribunedufaso.net\\\/#organization\"},\"image\":{\"@id\":\"https:\\\/\\\/www.latribunedufaso.net\\\/?p=16765#primaryimage\"},\"thumbnailUrl\":\"https:\\\/\\\/www.latribunedufaso.net\\\/wp-content\\\/uploads\\\/2024\\\/11\\\/IMG-20241107-WA0041.jpg\",\"keywords\":[\"Assainissement\",\"Canal de Tanghin\",\"latribunedufaso.net\",\"Ouagadougou\",\"Union europ\u00e9enne\"],\"articleSection\":[\"A la une\",\"Actualit\u00e9\",\"Eau et assainissement\"],\"inLanguage\":\"fr-FR\",\"potentialAction\":[{\"@type\":\"CommentAction\",\"name\":\"Comment\",\"target\":[\"https:\\\/\\\/www.latribunedufaso.net\\\/?p=16765#respond\"]}]},{\"@type\":\"WebPage\",\"@id\":\"https:\\\/\\\/www.latribunedufaso.net\\\/?p=16765\",\"url\":\"https:\\\/\\\/www.latribunedufaso.net\\\/?p=16765\",\"name\":\"Ouagadougou : Visite de l\u2019Union Europ\u00e9enne sur le chantier du canal de Tanghin - La Tribune du Faso\",\"isPartOf\":{\"@id\":\"https:\\\/\\\/www.latribunedufaso.net\\\/#website\"},\"primaryImageOfPage\":{\"@id\":\"https:\\\/\\\/www.latribunedufaso.net\\\/?p=16765#primaryimage\"},\"image\":{\"@id\":\"https:\\\/\\\/www.latribunedufaso.net\\\/?p=16765#primaryimage\"},\"thumbnailUrl\":\"https:\\\/\\\/www.latribunedufaso.net\\\/wp-content\\\/uploads\\\/2024\\\/11\\\/IMG-20241107-WA0041.jpg\",\"datePublished\":\"2024-11-07T00:09:57+00:00\",\"dateModified\":\"2024-11-07T15:15:43+00:00\",\"breadcrumb\":{\"@id\":\"https:\\\/\\\/www.latribunedufaso.net\\\/?p=16765#breadcrumb\"},\"inLanguage\":\"fr-FR\",\"potentialAction\":[{\"@type\":\"ReadAction\",\"target\":[\"https:\\\/\\\/www.latribunedufaso.net\\\/?p=16765\"]}]},{\"@type\":\"ImageObject\",\"inLanguage\":\"fr-FR\",\"@id\":\"https:\\\/\\\/www.latribunedufaso.net\\\/?p=16765#primaryimage\",\"url\":\"https:\\\/\\\/www.latribunedufaso.net\\\/wp-content\\\/uploads\\\/2024\\\/11\\\/IMG-20241107-WA0041.jpg\",\"contentUrl\":\"https:\\\/\\\/www.latribunedufaso.net\\\/wp-content\\\/uploads\\\/2024\\\/11\\\/IMG-20241107-WA0041.jpg\",\"width\":1280,\"height\":720,\"caption\":\"Visite de la d\u00e9l\u00e9gation de l'UE avec le PDS de Ouaga sur le chantier du canal de Tanghin, 06 novembre 2024\"},{\"@type\":\"BreadcrumbList\",\"@id\":\"https:\\\/\\\/www.latribunedufaso.net\\\/?p=16765#breadcrumb\",\"itemListElement\":[{\"@type\":\"ListItem\",\"position\":1,\"name\":\"Accueil\",\"item\":\"https:\\\/\\\/www.latribunedufaso.net\\\/\"},{\"@type\":\"ListItem\",\"position\":2,\"name\":\"Ouagadougou : Visite de l\u2019Union Europ\u00e9enne sur le chantier du canal de Tanghin\"}]},{\"@type\":\"WebSite\",\"@id\":\"https:\\\/\\\/www.latribunedufaso.net\\\/#website\",\"url\":\"https:\\\/\\\/www.latribunedufaso.net\\\/\",\"name\":\"La Tribune du Faso\",\"description\":\"L&#039;information du monde rural en un clic\",\"publisher\":{\"@id\":\"https:\\\/\\\/www.latribunedufaso.net\\\/#organization\"},\"potentialAction\":[{\"@type\":\"SearchAction\",\"target\":{\"@type\":\"EntryPoint\",\"urlTemplate\":\"https:\\\/\\\/www.latribunedufaso.net\\\/?s={search_term_string}\"},\"query-input\":{\"@type\":\"PropertyValueSpecification\",\"valueRequired\":true,\"valueName\":\"search_term_string\"}}],\"inLanguage\":\"fr-FR\"},{\"@type\":\"Organization\",\"@id\":\"https:\\\/\\\/www.latribunedufaso.net\\\/#organization\",\"name\":\"La Tribune du Faso\",\"url\":\"https:\\\/\\\/www.latribunedufaso.net\\\/\",\"logo\":{\"@type\":\"ImageObject\",\"inLanguage\":\"fr-FR\",\"@id\":\"https:\\\/\\\/www.latribunedufaso.net\\\/#\\\/schema\\\/logo\\\/image\\\/\",\"url\":\"https:\\\/\\\/www.latribunedufaso.net\\\/wp-content\\\/uploads\\\/2020\\\/08\\\/Logo-Tribune-du-Faso-final-scaled.jpg\",\"contentUrl\":\"https:\\\/\\\/www.latribunedufaso.net\\\/wp-content\\\/uploads\\\/2020\\\/08\\\/Logo-Tribune-du-Faso-final-scaled.jpg\",\"width\":2560,\"height\":1856,\"caption\":\"La Tribune du Faso\"},\"image\":{\"@id\":\"https:\\\/\\\/www.latribunedufaso.net\\\/#\\\/schema\\\/logo\\\/image\\\/\"},\"sameAs\":[\"https:\\\/\\\/www.facebook.com\\\/LatribuneduFaso\\\/\"]},{\"@type\":\"Person\",\"@id\":\"https:\\\/\\\/www.latribunedufaso.net\\\/#\\\/schema\\\/person\\\/e54e64c5778a7e72cf80a318b7a622b0\",\"name\":\"Issouf Tapsoba\",\"image\":{\"@type\":\"ImageObject\",\"inLanguage\":\"fr-FR\",\"@id\":\"https:\\\/\\\/secure.gravatar.com\\\/avatar\\\/5e6c05150ce3230247d167f5b94d678eb05936197436d69b7921e3a95c9107ac?s=96&d=mm&r=g\",\"url\":\"https:\\\/\\\/secure.gravatar.com\\\/avatar\\\/5e6c05150ce3230247d167f5b94d678eb05936197436d69b7921e3a95c9107ac?s=96&d=mm&r=g\",\"contentUrl\":\"https:\\\/\\\/secure.gravatar.com\\\/avatar\\\/5e6c05150ce3230247d167f5b94d678eb05936197436d69b7921e3a95c9107ac?s=96&d=mm&r=g\",\"caption\":\"Issouf Tapsoba\"},\"url\":\"https:\\\/\\\/www.latribunedufaso.net\\\/?author=5\"}]}<\/script>\n<!-- \/ Yoast SEO plugin. -->","yoast_head_json":{"title":"Ouagadougou : Visite de l\u2019Union Europ\u00e9enne sur le chantier du canal de Tanghin - La Tribune du Faso","robots":{"index":"index","follow":"follow","max-snippet":"max-snippet:-1","max-image-preview":"max-image-preview:large","max-video-preview":"max-video-preview:-1"},"canonical":"https:\/\/www.latribunedufaso.net\/?p=16765","og_locale":"fr_FR","og_type":"article","og_title":"Ouagadougou : Visite de l\u2019Union Europ\u00e9enne sur le chantier du canal de Tanghin - La Tribune du Faso","og_description":"Ce 6 novembre 2024, une mission de l\u2019Union Europ\u00e9enne, men\u00e9e par le Pr\u00e9sident de la d\u00e9l\u00e9gation sp\u00e9ciale de Ouagadougou, Maurice Konat\u00e9, s\u2019est rendue sur le chantier du canal de Tanghin \u00e0 Ouagadougou. Objectif, s&rsquo;impr\u00e9gner de l&rsquo;\u00e9tat d&rsquo;avancement des travaux.","og_url":"https:\/\/www.latribunedufaso.net\/?p=16765","og_site_name":"La Tribune du Faso","article_publisher":"https:\/\/www.facebook.com\/LatribuneduFaso\/","article_published_time":"2024-11-07T00:09:57+00:00","article_modified_time":"2024-11-07T15:15:43+00:00","og_image":[{"width":1280,"height":720,"url":"https:\/\/www.latribunedufaso.net\/wp-content\/uploads\/2024\/11\/IMG-20241107-WA0041.jpg","type":"image\/jpeg"}],"author":"Issouf Tapsoba","twitter_misc":{"\u00c9crit par":"Issouf Tapsoba","Dur\u00e9e de lecture estim\u00e9e":"3 minutes"},"schema":{"@context":"https:\/\/schema.org","@graph":[{"@type":"Article","@id":"https:\/\/www.latribunedufaso.net\/?p=16765#article","isPartOf":{"@id":"https:\/\/www.latribunedufaso.net\/?p=16765"},"author":{"name":"Issouf Tapsoba","@id":"https:\/\/www.latribunedufaso.net\/#\/schema\/person\/e54e64c5778a7e72cf80a318b7a622b0"},"headline":"Ouagadougou : Visite de l\u2019Union Europ\u00e9enne sur le chantier du canal de Tanghin","datePublished":"2024-11-07T00:09:57+00:00","dateModified":"2024-11-07T15:15:43+00:00","mainEntityOfPage":{"@id":"https:\/\/www.latribunedufaso.net\/?p=16765"},"wordCount":582,"commentCount":0,"publisher":{"@id":"https:\/\/www.latribunedufaso.net\/#organization"},"image":{"@id":"https:\/\/www.latribunedufaso.net\/?p=16765#primaryimage"},"thumbnailUrl":"https:\/\/www.latribunedufaso.net\/wp-content\/uploads\/2024\/11\/IMG-20241107-WA0041.jpg","keywords":["Assainissement","Canal de Tanghin","latribunedufaso.net","Ouagadougou","Union europ\u00e9enne"],"articleSection":["A la une","Actualit\u00e9","Eau et assainissement"],"inLanguage":"fr-FR","potentialAction":[{"@type":"CommentAction","name":"Comment","target":["https:\/\/www.latribunedufaso.net\/?p=16765#respond"]}]},{"@type":"WebPage","@id":"https:\/\/www.latribunedufaso.net\/?p=16765","url":"https:\/\/www.latribunedufaso.net\/?p=16765","name":"Ouagadougou : Visite de l\u2019Union Europ\u00e9enne sur le chantier du canal de Tanghin - La Tribune du Faso","isPartOf":{"@id":"https:\/\/www.latribunedufaso.net\/#website"},"primaryImageOfPage":{"@id":"https:\/\/www.latribunedufaso.net\/?p=16765#primaryimage"},"image":{"@id":"https:\/\/www.latribunedufaso.net\/?p=16765#primaryimage"},"thumbnailUrl":"https:\/\/www.latribunedufaso.net\/wp-content\/uploads\/2024\/11\/IMG-20241107-WA0041.jpg","datePublished":"2024-11-07T00:09:57+00:00","dateModified":"2024-11-07T15:15:43+00:00","breadcrumb":{"@id":"https:\/\/www.latribunedufaso.net\/?p=16765#breadcrumb"},"inLanguage":"fr-FR","potentialAction":[{"@type":"ReadAction","target":["https:\/\/www.latribunedufaso.net\/?p=16765"]}]},{"@type":"ImageObject","inLanguage":"fr-FR","@id":"https:\/\/www.latribunedufaso.net\/?p=16765#primaryimage","url":"https:\/\/www.latribunedufaso.net\/wp-content\/uploads\/2024\/11\/IMG-20241107-WA0041.jpg","contentUrl":"https:\/\/www.latribunedufaso.net\/wp-content\/uploads\/2024\/11\/IMG-20241107-WA0041.jpg","width":1280,"height":720,"caption":"Visite de la d\u00e9l\u00e9gation de l'UE avec le PDS de Ouaga sur le chantier du canal de Tanghin, 06 novembre 2024"},{"@type":"BreadcrumbList","@id":"https:\/\/www.latribunedufaso.net\/?p=16765#breadcrumb","itemListElement":[{"@type":"ListItem","position":1,"name":"Accueil","item":"https:\/\/www.latribunedufaso.net\/"},{"@type":"ListItem","position":2,"name":"Ouagadougou : Visite de l\u2019Union Europ\u00e9enne sur le chantier du canal de Tanghin"}]},{"@type":"WebSite","@id":"https:\/\/www.latribunedufaso.net\/#website","url":"https:\/\/www.latribunedufaso.net\/","name":"La Tribune du Faso","description":"L&#039;information du monde rural en un clic","publisher":{"@id":"https:\/\/www.latribunedufaso.net\/#organization"},"potentialAction":[{"@type":"SearchAction","target":{"@type":"EntryPoint","urlTemplate":"https:\/\/www.latribunedufaso.net\/?s={search_term_string}"},"query-input":{"@type":"PropertyValueSpecification","valueRequired":true,"valueName":"search_term_string"}}],"inLanguage":"fr-FR"},{"@type":"Organization","@id":"https:\/\/www.latribunedufaso.net\/#organization","name":"La Tribune du Faso","url":"https:\/\/www.latribunedufaso.net\/","logo":{"@type":"ImageObject","inLanguage":"fr-FR","@id":"https:\/\/www.latribunedufaso.net\/#\/schema\/logo\/image\/","url":"https:\/\/www.latribunedufaso.net\/wp-content\/uploads\/2020\/08\/Logo-Tribune-du-Faso-final-scaled.jpg","contentUrl":"https:\/\/www.latribunedufaso.net\/wp-content\/uploads\/2020\/08\/Logo-Tribune-du-Faso-final-scaled.jpg","width":2560,"height":1856,"caption":"La Tribune du Faso"},"image":{"@id":"https:\/\/www.latribunedufaso.net\/#\/schema\/logo\/image\/"},"sameAs":["https:\/\/www.facebook.com\/LatribuneduFaso\/"]},{"@type":"Person","@id":"https:\/\/www.latribunedufaso.net\/#\/schema\/person\/e54e64c5778a7e72cf80a318b7a622b0","name":"Issouf Tapsoba","image":{"@type":"ImageObject","inLanguage":"fr-FR","@id":"https:\/\/secure.gravatar.com\/avatar\/5e6c05150ce3230247d167f5b94d678eb05936197436d69b7921e3a95c9107ac?s=96&d=mm&r=g","url":"https:\/\/secure.gravatar.com\/avatar\/5e6c05150ce3230247d167f5b94d678eb05936197436d69b7921e3a95c9107ac?s=96&d=mm&r=g","contentUrl":"https:\/\/secure.gravatar.com\/avatar\/5e6c05150ce3230247d167f5b94d678eb05936197436d69b7921e3a95c9107ac?s=96&d=mm&r=g","caption":"Issouf Tapsoba"},"url":"https:\/\/www.latribunedufaso.net\/?author=5"}]}},"_links":{"self":[{"href":"https:\/\/www.latribunedufaso.net\/index.php?rest_route=\/wp\/v2\/posts\/16765","targetHints":{"allow":["GET"]}}],"collection":[{"href":"https:\/\/www.latribunedufaso.net\/index.php?rest_route=\/wp\/v2\/posts"}],"about":[{"href":"https:\/\/www.latribunedufaso.net\/index.php?rest_route=\/wp\/v2\/types\/post"}],"author":[{"embeddable":true,"href":"https:\/\/www.latribunedufaso.net\/index.php?rest_route=\/wp\/v2\/users\/5"}],"replies":[{"embeddable":true,"href":"https:\/\/www.latribunedufaso.net\/index.php?rest_route=%2Fwp%2Fv2%2Fcomments&post=16765"}],"version-history":[{"count":3,"href":"https:\/\/www.latribunedufaso.net\/index.php?rest_route=\/wp\/v2\/posts\/16765\/revisions"}],"predecessor-version":[{"id":16773,"href":"https:\/\/www.latribunedufaso.net\/index.php?rest_route=\/wp\/v2\/posts\/16765\/revisions\/16773"}],"wp:featuredmedia":[{"embeddable":true,"href":"https:\/\/www.latribunedufaso.net\/index.php?rest_route=\/wp\/v2\/media\/16766"}],"wp:attachment":[{"href":"https:\/\/www.latribunedufaso.net\/index.php?rest_route=%2Fwp%2Fv2%2Fmedia&parent=16765"}],"wp:term":[{"taxonomy":"category","embeddable":true,"href":"https:\/\/www.latribunedufaso.net\/index.php?rest_route=%2Fwp%2Fv2%2Fcategories&post=16765"},{"taxonomy":"post_tag","embeddable":true,"href":"https:\/\/www.latribunedufaso.net\/index.php?rest_route=%2Fwp%2Fv2%2Ftags&post=16765"}],"curies":[{"name":"wp","href":"https:\/\/api.w.org\/{rel}","templated":true}]}}