{"id":16730,"date":"2024-11-06T17:55:17","date_gmt":"2024-11-06T17:55:17","guid":{"rendered":"https:\/\/www.latribunedufaso.net\/?p=16730"},"modified":"2024-11-06T17:55:17","modified_gmt":"2024-11-06T17:55:17","slug":"promotion-du-tourisme-au-burkina-faso-le-gouvernement-cree-lagence-faso-tourisme","status":"publish","type":"post","link":"https:\/\/www.latribunedufaso.net\/?p=16730","title":{"rendered":"Promotion du tourisme au Burkina Faso : Le gouvernement cr\u00e9e l\u2019Agence \u00ab Faso tourisme \u00bb"},"content":{"rendered":"<p><strong><span style=\"font-size: 1.0625rem;\">(Ouagadougou, 6 novembre 2024). Le Pr\u00e9sident du Faso, Chef de l\u2019Etat, le Capitaine Ibrahim TRAORE a pr\u00e9sid\u00e9 ce mercredi, l\u2019hebdomadaire Conseil des ministres. Selon le ministre Porte-parole du Gouvernement, Rimtalba Jean Emmanuel OUEDRAOGO, plusieurs dossiers inscrits \u00e0 l\u2019ordre du jour ont \u00e9t\u00e9 examin\u00e9s et des d\u00e9cisions importantes prises pour la bonne marche de la Nation.<\/span><\/strong><!--more--><\/p>\n<p>Au titre du minist\u00e8re de l\u2019Economie et des Finances, le Conseil des ministres a adopt\u00e9 trois d\u00e9crets. Le premier d\u00e9cret est relatif \u00e0 la cr\u00e9ation de l\u2019Agence nationale de promotion du tourisme (Faso Tourisme). Il s\u2019agit d\u2019une agence qui vient remplacer l\u2019Office national du tourisme burkinab\u00e8 (ONTB), selon le Porte-parole du gouvernement et ministre charg\u00e9 de la Culture et du Tourisme.\u00a0<\/p>\n<p>Le nouveau d\u00e9cret pr\u00e9voit plusieurs innovations qui vont permettre \u00e0 la nouvelle agence de bien mener ses missions. Il s\u2019agit, entre autres, de la reconfiguration du conseil d\u2019administration pour prendre en compte les organisations professionnelles du tourisme, l\u2019\u00e9largissement des attributions de l\u2019agence pour une promotion plus accrue du tourisme interne, la cr\u00e9ation d\u2019un Conseil de la promotion du tourisme qui est un organe consultatif charg\u00e9 d\u2019\u00e9mettre des avis sur la strat\u00e9gie de promotion du tourisme externe et interne et le d\u00e9veloppement de l\u2019image de marque de la destination Burkina Faso.\u00a0<\/p>\n<figure id=\"attachment_16732\" aria-describedby=\"caption-attachment-16732\" style=\"width: 1080px\" class=\"wp-caption aligncenter\"><a href=\"https:\/\/www.latribunedufaso.net\/wp-content\/uploads\/2024\/11\/IMG-20241106-WA0040.jpg\"><img loading=\"lazy\" decoding=\"async\" class=\"size-full wp-image-16732\" src=\"https:\/\/www.latribunedufaso.net\/wp-content\/uploads\/2024\/11\/IMG-20241106-WA0040.jpg\" alt=\"Le ministre en charge de la Culture, Jean Emmanuel Ou\u00e9draogo lors du point de presse du Conseil des ministres du 06 novembre 2024\" width=\"1080\" height=\"908\" srcset=\"https:\/\/www.latribunedufaso.net\/wp-content\/uploads\/2024\/11\/IMG-20241106-WA0040.jpg 1080w, https:\/\/www.latribunedufaso.net\/wp-content\/uploads\/2024\/11\/IMG-20241106-WA0040-300x252.jpg 300w, https:\/\/www.latribunedufaso.net\/wp-content\/uploads\/2024\/11\/IMG-20241106-WA0040-1024x861.jpg 1024w, https:\/\/www.latribunedufaso.net\/wp-content\/uploads\/2024\/11\/IMG-20241106-WA0040-768x646.jpg 768w\" sizes=\"auto, (max-width: 1080px) 100vw, 1080px\" \/><\/a><figcaption id=\"caption-attachment-16732\" class=\"wp-caption-text\">Le ministre en charge de la Culture, Jean Emmanuel Ou\u00e9draogo &#8211; Ph. PREFASO<\/figcaption><\/figure>\n<p><em><strong>\u00ab La cr\u00e9ation de cette nouvelle agence proc\u00e8de de la volont\u00e9 du gouvernement de donner une nouvelle dynamique au secteur du tourisme burkinab\u00e8 \u00bb,<\/strong><\/em> a indiqu\u00e9 le ministre Rimtalba Jean Emmanuel OUEDRAOGO.<\/p>\n<p>Le deuxi\u00e8me d\u00e9cret porte sur la cr\u00e9ation de l\u2019Agence burkinab\u00e8 de la cin\u00e9matographie et de l\u2019audiovisuel qui \u00e9mane de la fusion de plusieurs structures. Il s\u2019agit de la direction g\u00e9n\u00e9rale de l\u2019Institut sup\u00e9rieur de l\u2019image et du son (ISIS), de la direction g\u00e9n\u00e9rale du FESPACO, du secr\u00e9tariat technique du Centre national de la cin\u00e9matographie et de l\u2019audiovisuel, de la direction de la cin\u00e9matographie et de l\u2019audiovisuel.<\/p>\n<p><em><strong>\u00ab Il s\u2019agit de fusionner toutes ces structures pour plus de coh\u00e9rence, plus d\u2019harmonie, plus de rationalit\u00e9 et surtout plus d\u2019efficacit\u00e9 \u00bb,<\/strong><\/em> a pr\u00e9cis\u00e9 le ministre charg\u00e9 de la Culture, Rimtalba Jean Emmanuel OUEDRAOGO.<\/p>\n<blockquote>\n<p>Lire aussi &gt;&gt; <a href=\"https:\/\/www.latribunedufaso.net\/?p=16322\">Tourisme\/Burkina : Le minist\u00e8re en charge du Tourisme \u00e9tabli des panonceaux d\u2019identification des \u00e9tablissements touristiques<\/a><\/p>\n<\/blockquote>\n<p>Cette agence a pour missions, entre autres, de soutenir le d\u00e9veloppement de la cha\u00eene des valeurs de l\u2019\u00e9conomie du cin\u00e9ma et de l\u2019audiovisuel au Burkina Faso, d\u2019assurer la r\u00e8glementation et le contr\u00f4le de la fili\u00e8re cin\u00e9matographique et de l\u2019audiovisuel, de tenir le registre public du cin\u00e9ma et de l\u2019audiovisuel, de contribuer \u00e0 la structuration des acteurs, de mettre en place une billetterie nationale du cin\u00e9ma et de l\u2019audiovisuel.\u00a0<\/p>\n<p>Pour le ministre charg\u00e9 de la Culture, cette agence permettra de r\u00e9soudre l\u2019\u00e9pineuse question du financement du cin\u00e9ma et de l\u2019audiovisuel. L\u2019adoption de ce d\u00e9cret est assortie de dispositions transitoires pour permettre la tenue de la prochaine \u00e9dition du FESPACO en f\u00e9vrier prochain et aux autres structures de continuer de fonctionner avant l\u2019op\u00e9rationnalisation de la nouvelle agence.<\/p>\n<p>Le troisi\u00e8me d\u00e9cret porte adoption des statuts particuliers de l\u2019Agence nationale de promotion du tourisme (Faso Tourisme) et de l\u2019Agence burkinab\u00e8 de la cin\u00e9matographie et de l\u2019audiovisuel en vue de permettre l\u2019op\u00e9rationnalisation de ces deux structures.\u00a0<\/p>\n<p><strong>Latribunedufaso.net<\/strong><\/p>\n<p><strong>Source : Direction de la communication de la Pr\u00e9sidence du Faso<\/strong><\/p>\n","protected":false},"excerpt":{"rendered":"<p>(Ouagadougou, 6 novembre 2024). Le Pr\u00e9sident du Faso, Chef de l\u2019Etat, le Capitaine Ibrahim TRAORE a pr\u00e9sid\u00e9 ce mercredi, l\u2019hebdomadaire Conseil des ministres. Selon le ministre Porte-parole du Gouvernement, Rimtalba Jean Emmanuel OUEDRAOGO, plusieurs dossiers inscrits \u00e0 l\u2019ordre du jour ont \u00e9t\u00e9 examin\u00e9s et des d\u00e9cisions importantes prises pour la bonne marche de la Nation.<\/p>\n","protected":false},"author":5,"featured_media":16731,"comment_status":"open","ping_status":"open","sticky":false,"template":"","format":"standard","meta":{"footnotes":""},"categories":[13,1,30],"tags":[79,39,129],"class_list":["post-16730","post","type-post","status-publish","format-standard","has-post-thumbnail","hentry","category-une","category-actu","category-art-et-culture","tag-conseil-des-ministres","tag-latribunedufaso-net","tag-tourisme"],"yoast_head":"<!-- This site is optimized with the Yoast SEO plugin v27.4 - https:\/\/yoast.com\/product\/yoast-seo-wordpress\/ -->\n<title>Promotion du tourisme au Burkina Faso : Le gouvernement cr\u00e9e l\u2019Agence \u00ab Faso tourisme \u00bb - La Tribune du Faso<\/title>\n<meta name=\"robots\" content=\"index, follow, max-snippet:-1, max-image-preview:large, max-video-preview:-1\" \/>\n<link rel=\"canonical\" href=\"https:\/\/www.latribunedufaso.net\/?p=16730\" \/>\n<meta property=\"og:locale\" content=\"fr_FR\" \/>\n<meta property=\"og:type\" content=\"article\" \/>\n<meta property=\"og:title\" content=\"Promotion du tourisme au Burkina Faso : Le gouvernement cr\u00e9e l\u2019Agence \u00ab Faso tourisme \u00bb - La Tribune du Faso\" \/>\n<meta property=\"og:description\" content=\"(Ouagadougou, 6 novembre 2024). Le Pr\u00e9sident du Faso, Chef de l\u2019Etat, le Capitaine Ibrahim TRAORE a pr\u00e9sid\u00e9 ce mercredi, l\u2019hebdomadaire Conseil des ministres. Selon le ministre Porte-parole du Gouvernement, Rimtalba Jean Emmanuel OUEDRAOGO, plusieurs dossiers inscrits \u00e0 l\u2019ordre du jour ont \u00e9t\u00e9 examin\u00e9s et des d\u00e9cisions importantes prises pour la bonne marche de la Nation.\" \/>\n<meta property=\"og:url\" content=\"https:\/\/www.latribunedufaso.net\/?p=16730\" \/>\n<meta property=\"og:site_name\" content=\"La Tribune du Faso\" \/>\n<meta property=\"article:publisher\" content=\"https:\/\/www.facebook.com\/LatribuneduFaso\/\" \/>\n<meta property=\"article:published_time\" content=\"2024-11-06T17:55:17+00:00\" \/>\n<meta property=\"og:image\" content=\"https:\/\/www.latribunedufaso.net\/wp-content\/uploads\/2024\/11\/IMG-20241106-WA0041.jpg\" \/>\n\t<meta property=\"og:image:width\" content=\"1080\" \/>\n\t<meta property=\"og:image:height\" content=\"697\" \/>\n\t<meta property=\"og:image:type\" content=\"image\/jpeg\" \/>\n<meta name=\"author\" content=\"Issouf Tapsoba\" \/>\n<meta name=\"twitter:label1\" content=\"\u00c9crit par\" \/>\n\t<meta name=\"twitter:data1\" content=\"Issouf Tapsoba\" \/>\n\t<meta name=\"twitter:label2\" content=\"Dur\u00e9e de lecture estim\u00e9e\" \/>\n\t<meta name=\"twitter:data2\" content=\"3 minutes\" \/>\n<script type=\"application\/ld+json\" class=\"yoast-schema-graph\">{\"@context\":\"https:\\\/\\\/schema.org\",\"@graph\":[{\"@type\":\"Article\",\"@id\":\"https:\\\/\\\/www.latribunedufaso.net\\\/?p=16730#article\",\"isPartOf\":{\"@id\":\"https:\\\/\\\/www.latribunedufaso.net\\\/?p=16730\"},\"author\":{\"name\":\"Issouf Tapsoba\",\"@id\":\"https:\\\/\\\/www.latribunedufaso.net\\\/#\\\/schema\\\/person\\\/e54e64c5778a7e72cf80a318b7a622b0\"},\"headline\":\"Promotion du tourisme au Burkina Faso : Le gouvernement cr\u00e9e l\u2019Agence \u00ab Faso tourisme \u00bb\",\"datePublished\":\"2024-11-06T17:55:17+00:00\",\"mainEntityOfPage\":{\"@id\":\"https:\\\/\\\/www.latribunedufaso.net\\\/?p=16730\"},\"wordCount\":644,\"commentCount\":0,\"publisher\":{\"@id\":\"https:\\\/\\\/www.latribunedufaso.net\\\/#organization\"},\"image\":{\"@id\":\"https:\\\/\\\/www.latribunedufaso.net\\\/?p=16730#primaryimage\"},\"thumbnailUrl\":\"https:\\\/\\\/www.latribunedufaso.net\\\/wp-content\\\/uploads\\\/2024\\\/11\\\/IMG-20241106-WA0041.jpg\",\"keywords\":[\"conseil des ministres\",\"latribunedufaso.net\",\"tourisme\"],\"articleSection\":[\"A la une\",\"Actualit\u00e9\",\"Art et Culture\"],\"inLanguage\":\"fr-FR\",\"potentialAction\":[{\"@type\":\"CommentAction\",\"name\":\"Comment\",\"target\":[\"https:\\\/\\\/www.latribunedufaso.net\\\/?p=16730#respond\"]}]},{\"@type\":\"WebPage\",\"@id\":\"https:\\\/\\\/www.latribunedufaso.net\\\/?p=16730\",\"url\":\"https:\\\/\\\/www.latribunedufaso.net\\\/?p=16730\",\"name\":\"Promotion du tourisme au Burkina Faso : Le gouvernement cr\u00e9e l\u2019Agence \u00ab Faso tourisme \u00bb - La Tribune du Faso\",\"isPartOf\":{\"@id\":\"https:\\\/\\\/www.latribunedufaso.net\\\/#website\"},\"primaryImageOfPage\":{\"@id\":\"https:\\\/\\\/www.latribunedufaso.net\\\/?p=16730#primaryimage\"},\"image\":{\"@id\":\"https:\\\/\\\/www.latribunedufaso.net\\\/?p=16730#primaryimage\"},\"thumbnailUrl\":\"https:\\\/\\\/www.latribunedufaso.net\\\/wp-content\\\/uploads\\\/2024\\\/11\\\/IMG-20241106-WA0041.jpg\",\"datePublished\":\"2024-11-06T17:55:17+00:00\",\"breadcrumb\":{\"@id\":\"https:\\\/\\\/www.latribunedufaso.net\\\/?p=16730#breadcrumb\"},\"inLanguage\":\"fr-FR\",\"potentialAction\":[{\"@type\":\"ReadAction\",\"target\":[\"https:\\\/\\\/www.latribunedufaso.net\\\/?p=16730\"]}]},{\"@type\":\"ImageObject\",\"inLanguage\":\"fr-FR\",\"@id\":\"https:\\\/\\\/www.latribunedufaso.net\\\/?p=16730#primaryimage\",\"url\":\"https:\\\/\\\/www.latribunedufaso.net\\\/wp-content\\\/uploads\\\/2024\\\/11\\\/IMG-20241106-WA0041.jpg\",\"contentUrl\":\"https:\\\/\\\/www.latribunedufaso.net\\\/wp-content\\\/uploads\\\/2024\\\/11\\\/IMG-20241106-WA0041.jpg\",\"width\":1080,\"height\":697,\"caption\":\"Conseil des ministres du 06 novembre 2024\"},{\"@type\":\"BreadcrumbList\",\"@id\":\"https:\\\/\\\/www.latribunedufaso.net\\\/?p=16730#breadcrumb\",\"itemListElement\":[{\"@type\":\"ListItem\",\"position\":1,\"name\":\"Accueil\",\"item\":\"https:\\\/\\\/www.latribunedufaso.net\\\/\"},{\"@type\":\"ListItem\",\"position\":2,\"name\":\"Promotion du tourisme au Burkina Faso : Le gouvernement cr\u00e9e l\u2019Agence \u00ab Faso tourisme \u00bb\"}]},{\"@type\":\"WebSite\",\"@id\":\"https:\\\/\\\/www.latribunedufaso.net\\\/#website\",\"url\":\"https:\\\/\\\/www.latribunedufaso.net\\\/\",\"name\":\"La Tribune du Faso\",\"description\":\"L&#039;information du monde rural en un clic\",\"publisher\":{\"@id\":\"https:\\\/\\\/www.latribunedufaso.net\\\/#organization\"},\"potentialAction\":[{\"@type\":\"SearchAction\",\"target\":{\"@type\":\"EntryPoint\",\"urlTemplate\":\"https:\\\/\\\/www.latribunedufaso.net\\\/?s={search_term_string}\"},\"query-input\":{\"@type\":\"PropertyValueSpecification\",\"valueRequired\":true,\"valueName\":\"search_term_string\"}}],\"inLanguage\":\"fr-FR\"},{\"@type\":\"Organization\",\"@id\":\"https:\\\/\\\/www.latribunedufaso.net\\\/#organization\",\"name\":\"La Tribune du Faso\",\"url\":\"https:\\\/\\\/www.latribunedufaso.net\\\/\",\"logo\":{\"@type\":\"ImageObject\",\"inLanguage\":\"fr-FR\",\"@id\":\"https:\\\/\\\/www.latribunedufaso.net\\\/#\\\/schema\\\/logo\\\/image\\\/\",\"url\":\"https:\\\/\\\/www.latribunedufaso.net\\\/wp-content\\\/uploads\\\/2020\\\/08\\\/Logo-Tribune-du-Faso-final-scaled.jpg\",\"contentUrl\":\"https:\\\/\\\/www.latribunedufaso.net\\\/wp-content\\\/uploads\\\/2020\\\/08\\\/Logo-Tribune-du-Faso-final-scaled.jpg\",\"width\":2560,\"height\":1856,\"caption\":\"La Tribune du Faso\"},\"image\":{\"@id\":\"https:\\\/\\\/www.latribunedufaso.net\\\/#\\\/schema\\\/logo\\\/image\\\/\"},\"sameAs\":[\"https:\\\/\\\/www.facebook.com\\\/LatribuneduFaso\\\/\"]},{\"@type\":\"Person\",\"@id\":\"https:\\\/\\\/www.latribunedufaso.net\\\/#\\\/schema\\\/person\\\/e54e64c5778a7e72cf80a318b7a622b0\",\"name\":\"Issouf Tapsoba\",\"image\":{\"@type\":\"ImageObject\",\"inLanguage\":\"fr-FR\",\"@id\":\"https:\\\/\\\/secure.gravatar.com\\\/avatar\\\/5e6c05150ce3230247d167f5b94d678eb05936197436d69b7921e3a95c9107ac?s=96&d=mm&r=g\",\"url\":\"https:\\\/\\\/secure.gravatar.com\\\/avatar\\\/5e6c05150ce3230247d167f5b94d678eb05936197436d69b7921e3a95c9107ac?s=96&d=mm&r=g\",\"contentUrl\":\"https:\\\/\\\/secure.gravatar.com\\\/avatar\\\/5e6c05150ce3230247d167f5b94d678eb05936197436d69b7921e3a95c9107ac?s=96&d=mm&r=g\",\"caption\":\"Issouf Tapsoba\"},\"url\":\"https:\\\/\\\/www.latribunedufaso.net\\\/?author=5\"}]}<\/script>\n<!-- \/ Yoast SEO plugin. -->","yoast_head_json":{"title":"Promotion du tourisme au Burkina Faso : Le gouvernement cr\u00e9e l\u2019Agence \u00ab Faso tourisme \u00bb - La Tribune du Faso","robots":{"index":"index","follow":"follow","max-snippet":"max-snippet:-1","max-image-preview":"max-image-preview:large","max-video-preview":"max-video-preview:-1"},"canonical":"https:\/\/www.latribunedufaso.net\/?p=16730","og_locale":"fr_FR","og_type":"article","og_title":"Promotion du tourisme au Burkina Faso : Le gouvernement cr\u00e9e l\u2019Agence \u00ab Faso tourisme \u00bb - La Tribune du Faso","og_description":"(Ouagadougou, 6 novembre 2024). Le Pr\u00e9sident du Faso, Chef de l\u2019Etat, le Capitaine Ibrahim TRAORE a pr\u00e9sid\u00e9 ce mercredi, l\u2019hebdomadaire Conseil des ministres. Selon le ministre Porte-parole du Gouvernement, Rimtalba Jean Emmanuel OUEDRAOGO, plusieurs dossiers inscrits \u00e0 l\u2019ordre du jour ont \u00e9t\u00e9 examin\u00e9s et des d\u00e9cisions importantes prises pour la bonne marche de la Nation.","og_url":"https:\/\/www.latribunedufaso.net\/?p=16730","og_site_name":"La Tribune du Faso","article_publisher":"https:\/\/www.facebook.com\/LatribuneduFaso\/","article_published_time":"2024-11-06T17:55:17+00:00","og_image":[{"width":1080,"height":697,"url":"https:\/\/www.latribunedufaso.net\/wp-content\/uploads\/2024\/11\/IMG-20241106-WA0041.jpg","type":"image\/jpeg"}],"author":"Issouf Tapsoba","twitter_misc":{"\u00c9crit par":"Issouf Tapsoba","Dur\u00e9e de lecture estim\u00e9e":"3 minutes"},"schema":{"@context":"https:\/\/schema.org","@graph":[{"@type":"Article","@id":"https:\/\/www.latribunedufaso.net\/?p=16730#article","isPartOf":{"@id":"https:\/\/www.latribunedufaso.net\/?p=16730"},"author":{"name":"Issouf Tapsoba","@id":"https:\/\/www.latribunedufaso.net\/#\/schema\/person\/e54e64c5778a7e72cf80a318b7a622b0"},"headline":"Promotion du tourisme au Burkina Faso : Le gouvernement cr\u00e9e l\u2019Agence \u00ab Faso tourisme \u00bb","datePublished":"2024-11-06T17:55:17+00:00","mainEntityOfPage":{"@id":"https:\/\/www.latribunedufaso.net\/?p=16730"},"wordCount":644,"commentCount":0,"publisher":{"@id":"https:\/\/www.latribunedufaso.net\/#organization"},"image":{"@id":"https:\/\/www.latribunedufaso.net\/?p=16730#primaryimage"},"thumbnailUrl":"https:\/\/www.latribunedufaso.net\/wp-content\/uploads\/2024\/11\/IMG-20241106-WA0041.jpg","keywords":["conseil des ministres","latribunedufaso.net","tourisme"],"articleSection":["A la une","Actualit\u00e9","Art et Culture"],"inLanguage":"fr-FR","potentialAction":[{"@type":"CommentAction","name":"Comment","target":["https:\/\/www.latribunedufaso.net\/?p=16730#respond"]}]},{"@type":"WebPage","@id":"https:\/\/www.latribunedufaso.net\/?p=16730","url":"https:\/\/www.latribunedufaso.net\/?p=16730","name":"Promotion du tourisme au Burkina Faso : Le gouvernement cr\u00e9e l\u2019Agence \u00ab Faso tourisme \u00bb - La Tribune du Faso","isPartOf":{"@id":"https:\/\/www.latribunedufaso.net\/#website"},"primaryImageOfPage":{"@id":"https:\/\/www.latribunedufaso.net\/?p=16730#primaryimage"},"image":{"@id":"https:\/\/www.latribunedufaso.net\/?p=16730#primaryimage"},"thumbnailUrl":"https:\/\/www.latribunedufaso.net\/wp-content\/uploads\/2024\/11\/IMG-20241106-WA0041.jpg","datePublished":"2024-11-06T17:55:17+00:00","breadcrumb":{"@id":"https:\/\/www.latribunedufaso.net\/?p=16730#breadcrumb"},"inLanguage":"fr-FR","potentialAction":[{"@type":"ReadAction","target":["https:\/\/www.latribunedufaso.net\/?p=16730"]}]},{"@type":"ImageObject","inLanguage":"fr-FR","@id":"https:\/\/www.latribunedufaso.net\/?p=16730#primaryimage","url":"https:\/\/www.latribunedufaso.net\/wp-content\/uploads\/2024\/11\/IMG-20241106-WA0041.jpg","contentUrl":"https:\/\/www.latribunedufaso.net\/wp-content\/uploads\/2024\/11\/IMG-20241106-WA0041.jpg","width":1080,"height":697,"caption":"Conseil des ministres du 06 novembre 2024"},{"@type":"BreadcrumbList","@id":"https:\/\/www.latribunedufaso.net\/?p=16730#breadcrumb","itemListElement":[{"@type":"ListItem","position":1,"name":"Accueil","item":"https:\/\/www.latribunedufaso.net\/"},{"@type":"ListItem","position":2,"name":"Promotion du tourisme au Burkina Faso : Le gouvernement cr\u00e9e l\u2019Agence \u00ab Faso tourisme \u00bb"}]},{"@type":"WebSite","@id":"https:\/\/www.latribunedufaso.net\/#website","url":"https:\/\/www.latribunedufaso.net\/","name":"La Tribune du Faso","description":"L&#039;information du monde rural en un clic","publisher":{"@id":"https:\/\/www.latribunedufaso.net\/#organization"},"potentialAction":[{"@type":"SearchAction","target":{"@type":"EntryPoint","urlTemplate":"https:\/\/www.latribunedufaso.net\/?s={search_term_string}"},"query-input":{"@type":"PropertyValueSpecification","valueRequired":true,"valueName":"search_term_string"}}],"inLanguage":"fr-FR"},{"@type":"Organization","@id":"https:\/\/www.latribunedufaso.net\/#organization","name":"La Tribune du Faso","url":"https:\/\/www.latribunedufaso.net\/","logo":{"@type":"ImageObject","inLanguage":"fr-FR","@id":"https:\/\/www.latribunedufaso.net\/#\/schema\/logo\/image\/","url":"https:\/\/www.latribunedufaso.net\/wp-content\/uploads\/2020\/08\/Logo-Tribune-du-Faso-final-scaled.jpg","contentUrl":"https:\/\/www.latribunedufaso.net\/wp-content\/uploads\/2020\/08\/Logo-Tribune-du-Faso-final-scaled.jpg","width":2560,"height":1856,"caption":"La Tribune du Faso"},"image":{"@id":"https:\/\/www.latribunedufaso.net\/#\/schema\/logo\/image\/"},"sameAs":["https:\/\/www.facebook.com\/LatribuneduFaso\/"]},{"@type":"Person","@id":"https:\/\/www.latribunedufaso.net\/#\/schema\/person\/e54e64c5778a7e72cf80a318b7a622b0","name":"Issouf Tapsoba","image":{"@type":"ImageObject","inLanguage":"fr-FR","@id":"https:\/\/secure.gravatar.com\/avatar\/5e6c05150ce3230247d167f5b94d678eb05936197436d69b7921e3a95c9107ac?s=96&d=mm&r=g","url":"https:\/\/secure.gravatar.com\/avatar\/5e6c05150ce3230247d167f5b94d678eb05936197436d69b7921e3a95c9107ac?s=96&d=mm&r=g","contentUrl":"https:\/\/secure.gravatar.com\/avatar\/5e6c05150ce3230247d167f5b94d678eb05936197436d69b7921e3a95c9107ac?s=96&d=mm&r=g","caption":"Issouf Tapsoba"},"url":"https:\/\/www.latribunedufaso.net\/?author=5"}]}},"_links":{"self":[{"href":"https:\/\/www.latribunedufaso.net\/index.php?rest_route=\/wp\/v2\/posts\/16730","targetHints":{"allow":["GET"]}}],"collection":[{"href":"https:\/\/www.latribunedufaso.net\/index.php?rest_route=\/wp\/v2\/posts"}],"about":[{"href":"https:\/\/www.latribunedufaso.net\/index.php?rest_route=\/wp\/v2\/types\/post"}],"author":[{"embeddable":true,"href":"https:\/\/www.latribunedufaso.net\/index.php?rest_route=\/wp\/v2\/users\/5"}],"replies":[{"embeddable":true,"href":"https:\/\/www.latribunedufaso.net\/index.php?rest_route=%2Fwp%2Fv2%2Fcomments&post=16730"}],"version-history":[{"count":1,"href":"https:\/\/www.latribunedufaso.net\/index.php?rest_route=\/wp\/v2\/posts\/16730\/revisions"}],"predecessor-version":[{"id":16733,"href":"https:\/\/www.latribunedufaso.net\/index.php?rest_route=\/wp\/v2\/posts\/16730\/revisions\/16733"}],"wp:featuredmedia":[{"embeddable":true,"href":"https:\/\/www.latribunedufaso.net\/index.php?rest_route=\/wp\/v2\/media\/16731"}],"wp:attachment":[{"href":"https:\/\/www.latribunedufaso.net\/index.php?rest_route=%2Fwp%2Fv2%2Fmedia&parent=16730"}],"wp:term":[{"taxonomy":"category","embeddable":true,"href":"https:\/\/www.latribunedufaso.net\/index.php?rest_route=%2Fwp%2Fv2%2Fcategories&post=16730"},{"taxonomy":"post_tag","embeddable":true,"href":"https:\/\/www.latribunedufaso.net\/index.php?rest_route=%2Fwp%2Fv2%2Ftags&post=16730"}],"curies":[{"name":"wp","href":"https:\/\/api.w.org\/{rel}","templated":true}]}}