{"id":16726,"date":"2024-11-06T13:23:06","date_gmt":"2024-11-06T13:23:06","guid":{"rendered":"https:\/\/www.latribunedufaso.net\/?p=16726"},"modified":"2024-11-06T13:23:06","modified_gmt":"2024-11-06T13:23:06","slug":"bonne-conduite-des-projets-dans-le-domaine-de-lenergie-solaire-le-burkina-faso-recoit-un-trophee-a-la-7eme-session-de-lisa","status":"publish","type":"post","link":"https:\/\/www.latribunedufaso.net\/?p=16726","title":{"rendered":"Bonne conduite des projets dans le domaine de l&rsquo;\u00e9nergie solaire : Le Burkina Faso re\u00e7oit un troph\u00e9e \u00e0 la 7\u00e8me session de l\u2019ISA"},"content":{"rendered":"<p><strong><span style=\"font-size: 1.0625rem;\">Le m\u00e9rite du Burkina Faso a \u00e9t\u00e9 reconnu \u00e0 la 7e session de l\u2019Assembl\u00e9e de l\u2019Alliance solaire internationale (ISA), organis\u00e9e \u00e0 New Dheli en Inde du 3 au 6 novembre 2024. <\/span><span style=\"font-size: 1.0625rem;\">C&rsquo;est le Secr\u00e9taire g\u00e9n\u00e9ral du minist\u00e8re de l\u2019Energie, des Mines et des Carri\u00e8res, Doulaye Sanou et le Directeur g\u00e9n\u00e9ral de l\u2019Energie, Dr Alidou Koutou qui ont repr\u00e9sent\u00e9 le pays \u00e0 cet \u00e9v\u00e8nement. Ils ont obtenu un troph\u00e9e de reconnaissance le lundi 4 novembre 2024.\u00a0<\/span><\/strong><!--more--><\/p>\n<p><span style=\"font-size: 1.0625rem;\">Ce troph\u00e9e reconnait le m\u00e9rite du pays des Hommes int\u00e8gres dans la bonne conduite des projets de d\u00e9monstration d\u2019\u00e9lectrification par photovolta\u00efque avec stockage de deux centres de sant\u00e9 dans la r\u00e9gion du Centre-Nord.<\/span><\/p>\n<p>En effet, dans le cadre du partenariat avec ISA, le Burkina Faso a b\u00e9n\u00e9fici\u00e9 d\u2019un financement pour la r\u00e9alisation d\u2019un projet pilote d\u2019\u00e9lectrification de deux centres de sant\u00e9 en zones rurales. <span style=\"font-size: 1.0625rem;\">Ces deux centres de sant\u00e9 ont b\u00e9n\u00e9fici\u00e9 de ces syst\u00e8mes solaires photovolta\u00efques avec stockage, garantissant ainsi la continuit\u00e9 de l\u2019\u00e9lectricit\u00e9 24\/24.<\/span><\/p>\n<figure id=\"attachment_16727\" aria-describedby=\"caption-attachment-16727\" style=\"width: 720px\" class=\"wp-caption aligncenter\"><a href=\"https:\/\/www.latribunedufaso.net\/wp-content\/uploads\/2024\/11\/FB_IMG_1730898950935.jpg\"><img loading=\"lazy\" decoding=\"async\" class=\"size-full wp-image-16727\" src=\"https:\/\/www.latribunedufaso.net\/wp-content\/uploads\/2024\/11\/FB_IMG_1730898950935.jpg\" alt=\"Le troph\u00e9e du Burkina Faso re\u00e7u lors de la c\u00e9r\u00e9monie de distinction de l\u2019Alliance solaire internationale (ISA), New Dheli en Inde du 3 au 6 novembre 2024\" width=\"720\" height=\"960\" srcset=\"https:\/\/www.latribunedufaso.net\/wp-content\/uploads\/2024\/11\/FB_IMG_1730898950935.jpg 720w, https:\/\/www.latribunedufaso.net\/wp-content\/uploads\/2024\/11\/FB_IMG_1730898950935-225x300.jpg 225w\" sizes=\"auto, (max-width: 720px) 100vw, 720px\" \/><\/a><figcaption id=\"caption-attachment-16727\" class=\"wp-caption-text\">La distinction re\u00e7ue par le Burkina Faso &#8211; Ph. DCRP MEMC<\/figcaption><\/figure>\n<p>Selon Doulaye Sanou, l\u2019installation de ces syst\u00e8mes solaires a contribu\u00e9 \u00e0 am\u00e9liorer les conditions de travail du personnel soignant et des b\u00e9n\u00e9ficiaires. <span style=\"font-size: 1.0625rem;\">C\u2019est en consid\u00e9ration des performances atteintes, parmi tant de pays, que ISA a d\u00e9cid\u00e9 de traduire sa reconnaissance au Burkina Faso par la remise de ce troph\u00e9e.<\/span><\/p>\n<blockquote>\n<p>Lire aussi &gt;&gt; <a href=\"https:\/\/www.latribunedufaso.net\/?p=12844\">Fili\u00e8re \u00e9nergie : La fondation FINESAHB pr\u00e9sente un projet de construction d\u2019une centrale solaire au Premier ministre<\/a><\/p>\n<\/blockquote>\n<p>ISA, faut-il le rappeler, est une initiative lanc\u00e9e lors de la COP 21, aux fins d\u2019un effort in\u00e9dit en faveur de l\u2019\u00e9nergie solaire. Elle a pour objectif de produire les r\u00e8gles du jeu, normes et standards de l\u2019\u00e9nergie solaire, afin d\u2019obtenir un d\u00e9ploiement rapide et massif dans les pays riches en rayonnement solaire mais o\u00f9 les risques sont encore per\u00e7us comme \u00e9lev\u00e9s.\u00a0<\/p>\n<p><strong><span style=\"font-size: 1.0625rem;\">Latribunedufaso.net<\/span><\/strong><\/p>\n<p><strong>Source : DCRP\/MEMC<\/strong><\/p>\n","protected":false},"excerpt":{"rendered":"<p>Le m\u00e9rite du Burkina Faso a \u00e9t\u00e9 reconnu \u00e0 la 7e session de l\u2019Assembl\u00e9e de l\u2019Alliance solaire internationale (ISA), organis\u00e9e \u00e0 New Dheli en Inde du 3 au 6 novembre 2024. C&rsquo;est le Secr\u00e9taire g\u00e9n\u00e9ral du minist\u00e8re de l\u2019Energie, des Mines et des Carri\u00e8res, Doulaye Sanou et le Directeur g\u00e9n\u00e9ral de l\u2019Energie, Dr Alidou Koutou qui ont repr\u00e9sent\u00e9 le pays \u00e0 cet \u00e9v\u00e8nement. Ils ont obtenu un troph\u00e9e de reconnaissance le lundi 4 novembre 2024.\u00a0<\/p>\n","protected":false},"author":5,"featured_media":16728,"comment_status":"open","ping_status":"open","sticky":false,"template":"","format":"standard","meta":{"footnotes":""},"categories":[13,1,20],"tags":[422,421,39],"class_list":["post-16726","post","type-post","status-publish","format-standard","has-post-thumbnail","hentry","category-une","category-actu","category-energie","tag-assemblee-de-lalliance-solaire-internationale-isa","tag-energie-solaire","tag-latribunedufaso-net"],"yoast_head":"<!-- This site is optimized with the Yoast SEO plugin v27.5 - https:\/\/yoast.com\/product\/yoast-seo-wordpress\/ -->\n<title>Bonne conduite des projets dans le domaine de l&#039;\u00e9nergie solaire : Le Burkina Faso re\u00e7oit un troph\u00e9e \u00e0 la 7\u00e8me session de l\u2019ISA - La Tribune du Faso<\/title>\n<meta name=\"robots\" content=\"index, follow, max-snippet:-1, max-image-preview:large, max-video-preview:-1\" \/>\n<link rel=\"canonical\" href=\"https:\/\/www.latribunedufaso.net\/?p=16726\" \/>\n<meta property=\"og:locale\" content=\"fr_FR\" \/>\n<meta property=\"og:type\" content=\"article\" \/>\n<meta property=\"og:title\" content=\"Bonne conduite des projets dans le domaine de l&#039;\u00e9nergie solaire : Le Burkina Faso re\u00e7oit un troph\u00e9e \u00e0 la 7\u00e8me session de l\u2019ISA - La Tribune du Faso\" \/>\n<meta property=\"og:description\" content=\"Le m\u00e9rite du Burkina Faso a \u00e9t\u00e9 reconnu \u00e0 la 7e session de l\u2019Assembl\u00e9e de l\u2019Alliance solaire internationale (ISA), organis\u00e9e \u00e0 New Dheli en Inde du 3 au 6 novembre 2024. C&rsquo;est le Secr\u00e9taire g\u00e9n\u00e9ral du minist\u00e8re de l\u2019Energie, des Mines et des Carri\u00e8res, Doulaye Sanou et le Directeur g\u00e9n\u00e9ral de l\u2019Energie, Dr Alidou Koutou qui ont repr\u00e9sent\u00e9 le pays \u00e0 cet \u00e9v\u00e8nement. Ils ont obtenu un troph\u00e9e de reconnaissance le lundi 4 novembre 2024.\u00a0\" \/>\n<meta property=\"og:url\" content=\"https:\/\/www.latribunedufaso.net\/?p=16726\" \/>\n<meta property=\"og:site_name\" content=\"La Tribune du Faso\" \/>\n<meta property=\"article:publisher\" content=\"https:\/\/www.facebook.com\/LatribuneduFaso\/\" \/>\n<meta property=\"article:published_time\" content=\"2024-11-06T13:23:06+00:00\" \/>\n<meta property=\"og:image\" content=\"https:\/\/www.latribunedufaso.net\/wp-content\/uploads\/2024\/11\/FB_IMG_1730898902790.jpg\" \/>\n\t<meta property=\"og:image:width\" content=\"720\" \/>\n\t<meta property=\"og:image:height\" content=\"540\" \/>\n\t<meta property=\"og:image:type\" content=\"image\/jpeg\" \/>\n<meta name=\"author\" content=\"Issouf Tapsoba\" \/>\n<meta name=\"twitter:label1\" content=\"\u00c9crit par\" \/>\n\t<meta name=\"twitter:data1\" content=\"Issouf Tapsoba\" \/>\n\t<meta name=\"twitter:label2\" content=\"Dur\u00e9e de lecture estim\u00e9e\" \/>\n\t<meta name=\"twitter:data2\" content=\"2 minutes\" \/>\n<script type=\"application\/ld+json\" class=\"yoast-schema-graph\">{\"@context\":\"https:\\\/\\\/schema.org\",\"@graph\":[{\"@type\":\"Article\",\"@id\":\"https:\\\/\\\/www.latribunedufaso.net\\\/?p=16726#article\",\"isPartOf\":{\"@id\":\"https:\\\/\\\/www.latribunedufaso.net\\\/?p=16726\"},\"author\":{\"name\":\"Issouf Tapsoba\",\"@id\":\"https:\\\/\\\/www.latribunedufaso.net\\\/#\\\/schema\\\/person\\\/e54e64c5778a7e72cf80a318b7a622b0\"},\"headline\":\"Bonne conduite des projets dans le domaine de l&rsquo;\u00e9nergie solaire : Le Burkina Faso re\u00e7oit un troph\u00e9e \u00e0 la 7\u00e8me session de l\u2019ISA\",\"datePublished\":\"2024-11-06T13:23:06+00:00\",\"mainEntityOfPage\":{\"@id\":\"https:\\\/\\\/www.latribunedufaso.net\\\/?p=16726\"},\"wordCount\":387,\"commentCount\":0,\"publisher\":{\"@id\":\"https:\\\/\\\/www.latribunedufaso.net\\\/#organization\"},\"image\":{\"@id\":\"https:\\\/\\\/www.latribunedufaso.net\\\/?p=16726#primaryimage\"},\"thumbnailUrl\":\"https:\\\/\\\/www.latribunedufaso.net\\\/wp-content\\\/uploads\\\/2024\\\/11\\\/FB_IMG_1730898902790.jpg\",\"keywords\":[\"Assembl\u00e9e de l\u2019Alliance solaire internationale (ISA)\",\"\u00c9nergie solaire\",\"latribunedufaso.net\"],\"articleSection\":[\"A la une\",\"Actualit\u00e9\",\"Energie\"],\"inLanguage\":\"fr-FR\",\"potentialAction\":[{\"@type\":\"CommentAction\",\"name\":\"Comment\",\"target\":[\"https:\\\/\\\/www.latribunedufaso.net\\\/?p=16726#respond\"]}]},{\"@type\":\"WebPage\",\"@id\":\"https:\\\/\\\/www.latribunedufaso.net\\\/?p=16726\",\"url\":\"https:\\\/\\\/www.latribunedufaso.net\\\/?p=16726\",\"name\":\"Bonne conduite des projets dans le domaine de l'\u00e9nergie solaire : Le Burkina Faso re\u00e7oit un troph\u00e9e \u00e0 la 7\u00e8me session de l\u2019ISA - La Tribune du Faso\",\"isPartOf\":{\"@id\":\"https:\\\/\\\/www.latribunedufaso.net\\\/#website\"},\"primaryImageOfPage\":{\"@id\":\"https:\\\/\\\/www.latribunedufaso.net\\\/?p=16726#primaryimage\"},\"image\":{\"@id\":\"https:\\\/\\\/www.latribunedufaso.net\\\/?p=16726#primaryimage\"},\"thumbnailUrl\":\"https:\\\/\\\/www.latribunedufaso.net\\\/wp-content\\\/uploads\\\/2024\\\/11\\\/FB_IMG_1730898902790.jpg\",\"datePublished\":\"2024-11-06T13:23:06+00:00\",\"breadcrumb\":{\"@id\":\"https:\\\/\\\/www.latribunedufaso.net\\\/?p=16726#breadcrumb\"},\"inLanguage\":\"fr-FR\",\"potentialAction\":[{\"@type\":\"ReadAction\",\"target\":[\"https:\\\/\\\/www.latribunedufaso.net\\\/?p=16726\"]}]},{\"@type\":\"ImageObject\",\"inLanguage\":\"fr-FR\",\"@id\":\"https:\\\/\\\/www.latribunedufaso.net\\\/?p=16726#primaryimage\",\"url\":\"https:\\\/\\\/www.latribunedufaso.net\\\/wp-content\\\/uploads\\\/2024\\\/11\\\/FB_IMG_1730898902790.jpg\",\"contentUrl\":\"https:\\\/\\\/www.latribunedufaso.net\\\/wp-content\\\/uploads\\\/2024\\\/11\\\/FB_IMG_1730898902790.jpg\",\"width\":720,\"height\":540,\"caption\":\"Le DG de l'\u00e9nergie, Dr Alidou Koutou et le SG du minist\u00e8re en charge des Mines, Doulaye Sanou lors de la c\u00e9r\u00e9monie de distinction de l\u2019Alliance solaire internationale (ISA), New Dheli en Inde du 3 au 6 novembre 2024\"},{\"@type\":\"BreadcrumbList\",\"@id\":\"https:\\\/\\\/www.latribunedufaso.net\\\/?p=16726#breadcrumb\",\"itemListElement\":[{\"@type\":\"ListItem\",\"position\":1,\"name\":\"Accueil\",\"item\":\"https:\\\/\\\/www.latribunedufaso.net\\\/\"},{\"@type\":\"ListItem\",\"position\":2,\"name\":\"Bonne conduite des projets dans le domaine de l&rsquo;\u00e9nergie solaire : Le Burkina Faso re\u00e7oit un troph\u00e9e \u00e0 la 7\u00e8me session de l\u2019ISA\"}]},{\"@type\":\"WebSite\",\"@id\":\"https:\\\/\\\/www.latribunedufaso.net\\\/#website\",\"url\":\"https:\\\/\\\/www.latribunedufaso.net\\\/\",\"name\":\"La Tribune du Faso\",\"description\":\"L&#039;information du monde rural en un clic\",\"publisher\":{\"@id\":\"https:\\\/\\\/www.latribunedufaso.net\\\/#organization\"},\"potentialAction\":[{\"@type\":\"SearchAction\",\"target\":{\"@type\":\"EntryPoint\",\"urlTemplate\":\"https:\\\/\\\/www.latribunedufaso.net\\\/?s={search_term_string}\"},\"query-input\":{\"@type\":\"PropertyValueSpecification\",\"valueRequired\":true,\"valueName\":\"search_term_string\"}}],\"inLanguage\":\"fr-FR\"},{\"@type\":\"Organization\",\"@id\":\"https:\\\/\\\/www.latribunedufaso.net\\\/#organization\",\"name\":\"La Tribune du Faso\",\"url\":\"https:\\\/\\\/www.latribunedufaso.net\\\/\",\"logo\":{\"@type\":\"ImageObject\",\"inLanguage\":\"fr-FR\",\"@id\":\"https:\\\/\\\/www.latribunedufaso.net\\\/#\\\/schema\\\/logo\\\/image\\\/\",\"url\":\"https:\\\/\\\/www.latribunedufaso.net\\\/wp-content\\\/uploads\\\/2020\\\/08\\\/Logo-Tribune-du-Faso-final-scaled.jpg\",\"contentUrl\":\"https:\\\/\\\/www.latribunedufaso.net\\\/wp-content\\\/uploads\\\/2020\\\/08\\\/Logo-Tribune-du-Faso-final-scaled.jpg\",\"width\":2560,\"height\":1856,\"caption\":\"La Tribune du Faso\"},\"image\":{\"@id\":\"https:\\\/\\\/www.latribunedufaso.net\\\/#\\\/schema\\\/logo\\\/image\\\/\"},\"sameAs\":[\"https:\\\/\\\/www.facebook.com\\\/LatribuneduFaso\\\/\"]},{\"@type\":\"Person\",\"@id\":\"https:\\\/\\\/www.latribunedufaso.net\\\/#\\\/schema\\\/person\\\/e54e64c5778a7e72cf80a318b7a622b0\",\"name\":\"Issouf Tapsoba\",\"image\":{\"@type\":\"ImageObject\",\"inLanguage\":\"fr-FR\",\"@id\":\"https:\\\/\\\/secure.gravatar.com\\\/avatar\\\/5e6c05150ce3230247d167f5b94d678eb05936197436d69b7921e3a95c9107ac?s=96&d=mm&r=g\",\"url\":\"https:\\\/\\\/secure.gravatar.com\\\/avatar\\\/5e6c05150ce3230247d167f5b94d678eb05936197436d69b7921e3a95c9107ac?s=96&d=mm&r=g\",\"contentUrl\":\"https:\\\/\\\/secure.gravatar.com\\\/avatar\\\/5e6c05150ce3230247d167f5b94d678eb05936197436d69b7921e3a95c9107ac?s=96&d=mm&r=g\",\"caption\":\"Issouf Tapsoba\"},\"url\":\"https:\\\/\\\/www.latribunedufaso.net\\\/?author=5\"}]}<\/script>\n<!-- \/ Yoast SEO plugin. -->","yoast_head_json":{"title":"Bonne conduite des projets dans le domaine de l'\u00e9nergie solaire : Le Burkina Faso re\u00e7oit un troph\u00e9e \u00e0 la 7\u00e8me session de l\u2019ISA - La Tribune du Faso","robots":{"index":"index","follow":"follow","max-snippet":"max-snippet:-1","max-image-preview":"max-image-preview:large","max-video-preview":"max-video-preview:-1"},"canonical":"https:\/\/www.latribunedufaso.net\/?p=16726","og_locale":"fr_FR","og_type":"article","og_title":"Bonne conduite des projets dans le domaine de l'\u00e9nergie solaire : Le Burkina Faso re\u00e7oit un troph\u00e9e \u00e0 la 7\u00e8me session de l\u2019ISA - La Tribune du Faso","og_description":"Le m\u00e9rite du Burkina Faso a \u00e9t\u00e9 reconnu \u00e0 la 7e session de l\u2019Assembl\u00e9e de l\u2019Alliance solaire internationale (ISA), organis\u00e9e \u00e0 New Dheli en Inde du 3 au 6 novembre 2024. C&rsquo;est le Secr\u00e9taire g\u00e9n\u00e9ral du minist\u00e8re de l\u2019Energie, des Mines et des Carri\u00e8res, Doulaye Sanou et le Directeur g\u00e9n\u00e9ral de l\u2019Energie, Dr Alidou Koutou qui ont repr\u00e9sent\u00e9 le pays \u00e0 cet \u00e9v\u00e8nement. Ils ont obtenu un troph\u00e9e de reconnaissance le lundi 4 novembre 2024.\u00a0","og_url":"https:\/\/www.latribunedufaso.net\/?p=16726","og_site_name":"La Tribune du Faso","article_publisher":"https:\/\/www.facebook.com\/LatribuneduFaso\/","article_published_time":"2024-11-06T13:23:06+00:00","og_image":[{"width":720,"height":540,"url":"https:\/\/www.latribunedufaso.net\/wp-content\/uploads\/2024\/11\/FB_IMG_1730898902790.jpg","type":"image\/jpeg"}],"author":"Issouf Tapsoba","twitter_misc":{"\u00c9crit par":"Issouf Tapsoba","Dur\u00e9e de lecture estim\u00e9e":"2 minutes"},"schema":{"@context":"https:\/\/schema.org","@graph":[{"@type":"Article","@id":"https:\/\/www.latribunedufaso.net\/?p=16726#article","isPartOf":{"@id":"https:\/\/www.latribunedufaso.net\/?p=16726"},"author":{"name":"Issouf Tapsoba","@id":"https:\/\/www.latribunedufaso.net\/#\/schema\/person\/e54e64c5778a7e72cf80a318b7a622b0"},"headline":"Bonne conduite des projets dans le domaine de l&rsquo;\u00e9nergie solaire : Le Burkina Faso re\u00e7oit un troph\u00e9e \u00e0 la 7\u00e8me session de l\u2019ISA","datePublished":"2024-11-06T13:23:06+00:00","mainEntityOfPage":{"@id":"https:\/\/www.latribunedufaso.net\/?p=16726"},"wordCount":387,"commentCount":0,"publisher":{"@id":"https:\/\/www.latribunedufaso.net\/#organization"},"image":{"@id":"https:\/\/www.latribunedufaso.net\/?p=16726#primaryimage"},"thumbnailUrl":"https:\/\/www.latribunedufaso.net\/wp-content\/uploads\/2024\/11\/FB_IMG_1730898902790.jpg","keywords":["Assembl\u00e9e de l\u2019Alliance solaire internationale (ISA)","\u00c9nergie solaire","latribunedufaso.net"],"articleSection":["A la une","Actualit\u00e9","Energie"],"inLanguage":"fr-FR","potentialAction":[{"@type":"CommentAction","name":"Comment","target":["https:\/\/www.latribunedufaso.net\/?p=16726#respond"]}]},{"@type":"WebPage","@id":"https:\/\/www.latribunedufaso.net\/?p=16726","url":"https:\/\/www.latribunedufaso.net\/?p=16726","name":"Bonne conduite des projets dans le domaine de l'\u00e9nergie solaire : Le Burkina Faso re\u00e7oit un troph\u00e9e \u00e0 la 7\u00e8me session de l\u2019ISA - La Tribune du Faso","isPartOf":{"@id":"https:\/\/www.latribunedufaso.net\/#website"},"primaryImageOfPage":{"@id":"https:\/\/www.latribunedufaso.net\/?p=16726#primaryimage"},"image":{"@id":"https:\/\/www.latribunedufaso.net\/?p=16726#primaryimage"},"thumbnailUrl":"https:\/\/www.latribunedufaso.net\/wp-content\/uploads\/2024\/11\/FB_IMG_1730898902790.jpg","datePublished":"2024-11-06T13:23:06+00:00","breadcrumb":{"@id":"https:\/\/www.latribunedufaso.net\/?p=16726#breadcrumb"},"inLanguage":"fr-FR","potentialAction":[{"@type":"ReadAction","target":["https:\/\/www.latribunedufaso.net\/?p=16726"]}]},{"@type":"ImageObject","inLanguage":"fr-FR","@id":"https:\/\/www.latribunedufaso.net\/?p=16726#primaryimage","url":"https:\/\/www.latribunedufaso.net\/wp-content\/uploads\/2024\/11\/FB_IMG_1730898902790.jpg","contentUrl":"https:\/\/www.latribunedufaso.net\/wp-content\/uploads\/2024\/11\/FB_IMG_1730898902790.jpg","width":720,"height":540,"caption":"Le DG de l'\u00e9nergie, Dr Alidou Koutou et le SG du minist\u00e8re en charge des Mines, Doulaye Sanou lors de la c\u00e9r\u00e9monie de distinction de l\u2019Alliance solaire internationale (ISA), New Dheli en Inde du 3 au 6 novembre 2024"},{"@type":"BreadcrumbList","@id":"https:\/\/www.latribunedufaso.net\/?p=16726#breadcrumb","itemListElement":[{"@type":"ListItem","position":1,"name":"Accueil","item":"https:\/\/www.latribunedufaso.net\/"},{"@type":"ListItem","position":2,"name":"Bonne conduite des projets dans le domaine de l&rsquo;\u00e9nergie solaire : Le Burkina Faso re\u00e7oit un troph\u00e9e \u00e0 la 7\u00e8me session de l\u2019ISA"}]},{"@type":"WebSite","@id":"https:\/\/www.latribunedufaso.net\/#website","url":"https:\/\/www.latribunedufaso.net\/","name":"La Tribune du Faso","description":"L&#039;information du monde rural en un clic","publisher":{"@id":"https:\/\/www.latribunedufaso.net\/#organization"},"potentialAction":[{"@type":"SearchAction","target":{"@type":"EntryPoint","urlTemplate":"https:\/\/www.latribunedufaso.net\/?s={search_term_string}"},"query-input":{"@type":"PropertyValueSpecification","valueRequired":true,"valueName":"search_term_string"}}],"inLanguage":"fr-FR"},{"@type":"Organization","@id":"https:\/\/www.latribunedufaso.net\/#organization","name":"La Tribune du Faso","url":"https:\/\/www.latribunedufaso.net\/","logo":{"@type":"ImageObject","inLanguage":"fr-FR","@id":"https:\/\/www.latribunedufaso.net\/#\/schema\/logo\/image\/","url":"https:\/\/www.latribunedufaso.net\/wp-content\/uploads\/2020\/08\/Logo-Tribune-du-Faso-final-scaled.jpg","contentUrl":"https:\/\/www.latribunedufaso.net\/wp-content\/uploads\/2020\/08\/Logo-Tribune-du-Faso-final-scaled.jpg","width":2560,"height":1856,"caption":"La Tribune du Faso"},"image":{"@id":"https:\/\/www.latribunedufaso.net\/#\/schema\/logo\/image\/"},"sameAs":["https:\/\/www.facebook.com\/LatribuneduFaso\/"]},{"@type":"Person","@id":"https:\/\/www.latribunedufaso.net\/#\/schema\/person\/e54e64c5778a7e72cf80a318b7a622b0","name":"Issouf Tapsoba","image":{"@type":"ImageObject","inLanguage":"fr-FR","@id":"https:\/\/secure.gravatar.com\/avatar\/5e6c05150ce3230247d167f5b94d678eb05936197436d69b7921e3a95c9107ac?s=96&d=mm&r=g","url":"https:\/\/secure.gravatar.com\/avatar\/5e6c05150ce3230247d167f5b94d678eb05936197436d69b7921e3a95c9107ac?s=96&d=mm&r=g","contentUrl":"https:\/\/secure.gravatar.com\/avatar\/5e6c05150ce3230247d167f5b94d678eb05936197436d69b7921e3a95c9107ac?s=96&d=mm&r=g","caption":"Issouf Tapsoba"},"url":"https:\/\/www.latribunedufaso.net\/?author=5"}]}},"_links":{"self":[{"href":"https:\/\/www.latribunedufaso.net\/index.php?rest_route=\/wp\/v2\/posts\/16726","targetHints":{"allow":["GET"]}}],"collection":[{"href":"https:\/\/www.latribunedufaso.net\/index.php?rest_route=\/wp\/v2\/posts"}],"about":[{"href":"https:\/\/www.latribunedufaso.net\/index.php?rest_route=\/wp\/v2\/types\/post"}],"author":[{"embeddable":true,"href":"https:\/\/www.latribunedufaso.net\/index.php?rest_route=\/wp\/v2\/users\/5"}],"replies":[{"embeddable":true,"href":"https:\/\/www.latribunedufaso.net\/index.php?rest_route=%2Fwp%2Fv2%2Fcomments&post=16726"}],"version-history":[{"count":1,"href":"https:\/\/www.latribunedufaso.net\/index.php?rest_route=\/wp\/v2\/posts\/16726\/revisions"}],"predecessor-version":[{"id":16729,"href":"https:\/\/www.latribunedufaso.net\/index.php?rest_route=\/wp\/v2\/posts\/16726\/revisions\/16729"}],"wp:featuredmedia":[{"embeddable":true,"href":"https:\/\/www.latribunedufaso.net\/index.php?rest_route=\/wp\/v2\/media\/16728"}],"wp:attachment":[{"href":"https:\/\/www.latribunedufaso.net\/index.php?rest_route=%2Fwp%2Fv2%2Fmedia&parent=16726"}],"wp:term":[{"taxonomy":"category","embeddable":true,"href":"https:\/\/www.latribunedufaso.net\/index.php?rest_route=%2Fwp%2Fv2%2Fcategories&post=16726"},{"taxonomy":"post_tag","embeddable":true,"href":"https:\/\/www.latribunedufaso.net\/index.php?rest_route=%2Fwp%2Fv2%2Ftags&post=16726"}],"curies":[{"name":"wp","href":"https:\/\/api.w.org\/{rel}","templated":true}]}}