{"id":16642,"date":"2024-11-01T11:06:33","date_gmt":"2024-11-01T11:06:33","guid":{"rendered":"https:\/\/www.latribunedufaso.net\/?p=16642"},"modified":"2024-11-01T11:06:33","modified_gmt":"2024-11-01T11:06:33","slug":"commemoration-de-la-journee-nationale-des-martyrs-la-nation-salue-la-memoire-des-heros-tombes","status":"publish","type":"post","link":"https:\/\/www.latribunedufaso.net\/?p=16642","title":{"rendered":"Comm\u00e9moration de la Journ\u00e9e nationale des Martyrs : La Nation salue la m\u00e9moire des H\u00e9ros tomb\u00e9s\u00a0"},"content":{"rendered":"<p><strong><span style=\"font-size: 1.0625rem;\">Ce 31 octobre 2024 \u00e0 Ouagadougou, le Pr\u00e9sident de l\u2019Assembl\u00e9e l\u00e9gislative de Transition, le Dr Ousmane BOUGOUMA, a pr\u00e9sid\u00e9 la comm\u00e9moration de la Journ\u00e9e nationale des Martyrs, en pr\u00e9sence du Ministre de la S\u00e9curit\u00e9, le Commissaire divisionnaire de Police Mahamadou SANA, des membres du Gouvernement ainsi que d&rsquo;\u00e9minentes personnalit\u00e9s et des proches des victimes.<\/span><\/strong><!--more--><\/p>\n<figure id=\"attachment_16643\" aria-describedby=\"caption-attachment-16643\" style=\"width: 1024px\" class=\"wp-caption aligncenter\"><a href=\"https:\/\/www.latribunedufaso.net\/wp-content\/uploads\/2024\/11\/IMG-20241101-WA0009.jpg\"><img loading=\"lazy\" decoding=\"async\" class=\"size-full wp-image-16643\" src=\"https:\/\/www.latribunedufaso.net\/wp-content\/uploads\/2024\/11\/IMG-20241101-WA0009.jpg\" alt=\"la comm\u00e9moration de la journ\u00e9e nationale des Martyrs, 31 octobre 2024\" width=\"1024\" height=\"683\" srcset=\"https:\/\/www.latribunedufaso.net\/wp-content\/uploads\/2024\/11\/IMG-20241101-WA0009.jpg 1024w, https:\/\/www.latribunedufaso.net\/wp-content\/uploads\/2024\/11\/IMG-20241101-WA0009-300x200.jpg 300w, https:\/\/www.latribunedufaso.net\/wp-content\/uploads\/2024\/11\/IMG-20241101-WA0009-768x512.jpg 768w, https:\/\/www.latribunedufaso.net\/wp-content\/uploads\/2024\/11\/IMG-20241101-WA0009-840x560.jpg 840w, https:\/\/www.latribunedufaso.net\/wp-content\/uploads\/2024\/11\/IMG-20241101-WA0009-120x80.jpg 120w, https:\/\/www.latribunedufaso.net\/wp-content\/uploads\/2024\/11\/IMG-20241101-WA0009-360x240.jpg 360w, https:\/\/www.latribunedufaso.net\/wp-content\/uploads\/2024\/11\/IMG-20241101-WA0009-600x400.jpg 600w\" sizes=\"auto, (max-width: 1024px) 100vw, 1024px\" \/><\/a><figcaption id=\"caption-attachment-16643\" class=\"wp-caption-text\">La c\u00e9r\u00e9monie d&rsquo;hommage a \u00e9t\u00e9 marqu\u00e9e par une minute de silence &#8211; Ph. MSCU<\/figcaption><\/figure>\n<p>Cette c\u00e9r\u00e9monie d\u2019hommage national a \u00e9t\u00e9 marqu\u00e9e par une minute de silence, observ\u00e9e \u00e0 10 h 00 mn, suivie du d\u00e9p\u00f4t d\u2019une gerbe de fleurs au pied du Monument des H\u00e9ros nationaux en la m\u00e9moire des personnes tomb\u00e9es pendant l\u2019insurrection populaire des 30 et 31 octobre 2014 et lors de la r\u00e9sistance au putsch manqu\u00e9 de septembre 2015.<\/p>\n<blockquote>\n<p>Lire aussi &gt;&gt; <a href=\"https:\/\/www.latribunedufaso.net\/?p=10092\">Journ\u00e9e nationale des martyrs : Le Chef de l\u2019Etat rend hommage aux h\u00e9ros tomb\u00e9s pour la Nation<\/a><\/p>\n<\/blockquote>\n<p>Dix (10) ans apr\u00e8s cette journ\u00e9e m\u00e9morable, la Nation burkinab\u00e8 salue la m\u00e9moire de ses dignes filles et fils qui ont consenti le sacrifice supr\u00eame pour d\u00e9fendre la Constitution et la Patrie.\u00a0<\/p>\n<p><strong><span style=\"font-size: 1.0625rem;\">Latribunedufaso.net<\/span><\/strong><\/p>\n<p><strong>Source : MSCU<\/strong><\/p>\n","protected":false},"excerpt":{"rendered":"<p>Ce 31 octobre 2024 \u00e0 Ouagadougou, le Pr\u00e9sident de l\u2019Assembl\u00e9e l\u00e9gislative de Transition, le Dr Ousmane BOUGOUMA, a pr\u00e9sid\u00e9 la comm\u00e9moration de la Journ\u00e9e nationale des Martyrs, en pr\u00e9sence du Ministre de la S\u00e9curit\u00e9, le Commissaire divisionnaire de Police Mahamadou SANA, des membres du Gouvernement ainsi que d&rsquo;\u00e9minentes personnalit\u00e9s et des proches des victimes.<\/p>\n","protected":false},"author":5,"featured_media":16645,"comment_status":"open","ping_status":"open","sticky":false,"template":"","format":"standard","meta":{"footnotes":""},"categories":[13,1,8],"tags":[397,39],"class_list":["post-16642","post","type-post","status-publish","format-standard","has-post-thumbnail","hentry","category-une","category-actu","category-societe","tag-commemoration-journee-nationale-des-martyrs","tag-latribunedufaso-net"],"yoast_head":"<!-- This site is optimized with the Yoast SEO plugin v27.4 - https:\/\/yoast.com\/product\/yoast-seo-wordpress\/ -->\n<title>Comm\u00e9moration de la Journ\u00e9e nationale des Martyrs : La Nation salue la m\u00e9moire des H\u00e9ros tomb\u00e9s\u00a0 - La Tribune du Faso<\/title>\n<meta name=\"robots\" content=\"index, follow, max-snippet:-1, max-image-preview:large, max-video-preview:-1\" \/>\n<link rel=\"canonical\" href=\"https:\/\/www.latribunedufaso.net\/?p=16642\" \/>\n<meta property=\"og:locale\" content=\"fr_FR\" \/>\n<meta property=\"og:type\" content=\"article\" \/>\n<meta property=\"og:title\" content=\"Comm\u00e9moration de la Journ\u00e9e nationale des Martyrs : La Nation salue la m\u00e9moire des H\u00e9ros tomb\u00e9s\u00a0 - La Tribune du Faso\" \/>\n<meta property=\"og:description\" content=\"Ce 31 octobre 2024 \u00e0 Ouagadougou, le Pr\u00e9sident de l\u2019Assembl\u00e9e l\u00e9gislative de Transition, le Dr Ousmane BOUGOUMA, a pr\u00e9sid\u00e9 la comm\u00e9moration de la Journ\u00e9e nationale des Martyrs, en pr\u00e9sence du Ministre de la S\u00e9curit\u00e9, le Commissaire divisionnaire de Police Mahamadou SANA, des membres du Gouvernement ainsi que d&rsquo;\u00e9minentes personnalit\u00e9s et des proches des victimes.\" \/>\n<meta property=\"og:url\" content=\"https:\/\/www.latribunedufaso.net\/?p=16642\" \/>\n<meta property=\"og:site_name\" content=\"La Tribune du Faso\" \/>\n<meta property=\"article:publisher\" content=\"https:\/\/www.facebook.com\/LatribuneduFaso\/\" \/>\n<meta property=\"article:published_time\" content=\"2024-11-01T11:06:33+00:00\" \/>\n<meta property=\"og:image\" content=\"https:\/\/www.latribunedufaso.net\/wp-content\/uploads\/2024\/11\/IMG-20241101-WA0007.jpg\" \/>\n\t<meta property=\"og:image:width\" content=\"1024\" \/>\n\t<meta property=\"og:image:height\" content=\"741\" \/>\n\t<meta property=\"og:image:type\" content=\"image\/jpeg\" \/>\n<meta name=\"author\" content=\"Issouf Tapsoba\" \/>\n<meta name=\"twitter:label1\" content=\"\u00c9crit par\" \/>\n\t<meta name=\"twitter:data1\" content=\"Issouf Tapsoba\" \/>\n\t<meta name=\"twitter:label2\" content=\"Dur\u00e9e de lecture estim\u00e9e\" \/>\n\t<meta name=\"twitter:data2\" content=\"1 minute\" \/>\n<script type=\"application\/ld+json\" class=\"yoast-schema-graph\">{\"@context\":\"https:\\\/\\\/schema.org\",\"@graph\":[{\"@type\":\"Article\",\"@id\":\"https:\\\/\\\/www.latribunedufaso.net\\\/?p=16642#article\",\"isPartOf\":{\"@id\":\"https:\\\/\\\/www.latribunedufaso.net\\\/?p=16642\"},\"author\":{\"name\":\"Issouf Tapsoba\",\"@id\":\"https:\\\/\\\/www.latribunedufaso.net\\\/#\\\/schema\\\/person\\\/e54e64c5778a7e72cf80a318b7a622b0\"},\"headline\":\"Comm\u00e9moration de la Journ\u00e9e nationale des Martyrs : La Nation salue la m\u00e9moire des H\u00e9ros tomb\u00e9s\u00a0\",\"datePublished\":\"2024-11-01T11:06:33+00:00\",\"mainEntityOfPage\":{\"@id\":\"https:\\\/\\\/www.latribunedufaso.net\\\/?p=16642\"},\"wordCount\":236,\"commentCount\":0,\"publisher\":{\"@id\":\"https:\\\/\\\/www.latribunedufaso.net\\\/#organization\"},\"image\":{\"@id\":\"https:\\\/\\\/www.latribunedufaso.net\\\/?p=16642#primaryimage\"},\"thumbnailUrl\":\"https:\\\/\\\/www.latribunedufaso.net\\\/wp-content\\\/uploads\\\/2024\\\/11\\\/IMG-20241101-WA0007.jpg\",\"keywords\":[\"Comm\u00e9moration journ\u00e9e nationale des Martyrs\",\"latribunedufaso.net\"],\"articleSection\":[\"A la une\",\"Actualit\u00e9\",\"Soci\u00e9t\u00e9\"],\"inLanguage\":\"fr-FR\",\"potentialAction\":[{\"@type\":\"CommentAction\",\"name\":\"Comment\",\"target\":[\"https:\\\/\\\/www.latribunedufaso.net\\\/?p=16642#respond\"]}]},{\"@type\":\"WebPage\",\"@id\":\"https:\\\/\\\/www.latribunedufaso.net\\\/?p=16642\",\"url\":\"https:\\\/\\\/www.latribunedufaso.net\\\/?p=16642\",\"name\":\"Comm\u00e9moration de la Journ\u00e9e nationale des Martyrs : La Nation salue la m\u00e9moire des H\u00e9ros tomb\u00e9s\u00a0 - La Tribune du Faso\",\"isPartOf\":{\"@id\":\"https:\\\/\\\/www.latribunedufaso.net\\\/#website\"},\"primaryImageOfPage\":{\"@id\":\"https:\\\/\\\/www.latribunedufaso.net\\\/?p=16642#primaryimage\"},\"image\":{\"@id\":\"https:\\\/\\\/www.latribunedufaso.net\\\/?p=16642#primaryimage\"},\"thumbnailUrl\":\"https:\\\/\\\/www.latribunedufaso.net\\\/wp-content\\\/uploads\\\/2024\\\/11\\\/IMG-20241101-WA0007.jpg\",\"datePublished\":\"2024-11-01T11:06:33+00:00\",\"breadcrumb\":{\"@id\":\"https:\\\/\\\/www.latribunedufaso.net\\\/?p=16642#breadcrumb\"},\"inLanguage\":\"fr-FR\",\"potentialAction\":[{\"@type\":\"ReadAction\",\"target\":[\"https:\\\/\\\/www.latribunedufaso.net\\\/?p=16642\"]}]},{\"@type\":\"ImageObject\",\"inLanguage\":\"fr-FR\",\"@id\":\"https:\\\/\\\/www.latribunedufaso.net\\\/?p=16642#primaryimage\",\"url\":\"https:\\\/\\\/www.latribunedufaso.net\\\/wp-content\\\/uploads\\\/2024\\\/11\\\/IMG-20241101-WA0007.jpg\",\"contentUrl\":\"https:\\\/\\\/www.latribunedufaso.net\\\/wp-content\\\/uploads\\\/2024\\\/11\\\/IMG-20241101-WA0007.jpg\",\"width\":1024,\"height\":741,\"caption\":\"Pr\u00e9sident de l'ALT d\u00e9posant une gerbe de fleurs lors de la comm\u00e9moration de la journ\u00e9e nationale des Martyrs, 31 octobre 2024\"},{\"@type\":\"BreadcrumbList\",\"@id\":\"https:\\\/\\\/www.latribunedufaso.net\\\/?p=16642#breadcrumb\",\"itemListElement\":[{\"@type\":\"ListItem\",\"position\":1,\"name\":\"Accueil\",\"item\":\"https:\\\/\\\/www.latribunedufaso.net\\\/\"},{\"@type\":\"ListItem\",\"position\":2,\"name\":\"Comm\u00e9moration de la Journ\u00e9e nationale des Martyrs : La Nation salue la m\u00e9moire des H\u00e9ros tomb\u00e9s\u00a0\"}]},{\"@type\":\"WebSite\",\"@id\":\"https:\\\/\\\/www.latribunedufaso.net\\\/#website\",\"url\":\"https:\\\/\\\/www.latribunedufaso.net\\\/\",\"name\":\"La Tribune du Faso\",\"description\":\"L&#039;information du monde rural en un clic\",\"publisher\":{\"@id\":\"https:\\\/\\\/www.latribunedufaso.net\\\/#organization\"},\"potentialAction\":[{\"@type\":\"SearchAction\",\"target\":{\"@type\":\"EntryPoint\",\"urlTemplate\":\"https:\\\/\\\/www.latribunedufaso.net\\\/?s={search_term_string}\"},\"query-input\":{\"@type\":\"PropertyValueSpecification\",\"valueRequired\":true,\"valueName\":\"search_term_string\"}}],\"inLanguage\":\"fr-FR\"},{\"@type\":\"Organization\",\"@id\":\"https:\\\/\\\/www.latribunedufaso.net\\\/#organization\",\"name\":\"La Tribune du Faso\",\"url\":\"https:\\\/\\\/www.latribunedufaso.net\\\/\",\"logo\":{\"@type\":\"ImageObject\",\"inLanguage\":\"fr-FR\",\"@id\":\"https:\\\/\\\/www.latribunedufaso.net\\\/#\\\/schema\\\/logo\\\/image\\\/\",\"url\":\"https:\\\/\\\/www.latribunedufaso.net\\\/wp-content\\\/uploads\\\/2020\\\/08\\\/Logo-Tribune-du-Faso-final-scaled.jpg\",\"contentUrl\":\"https:\\\/\\\/www.latribunedufaso.net\\\/wp-content\\\/uploads\\\/2020\\\/08\\\/Logo-Tribune-du-Faso-final-scaled.jpg\",\"width\":2560,\"height\":1856,\"caption\":\"La Tribune du Faso\"},\"image\":{\"@id\":\"https:\\\/\\\/www.latribunedufaso.net\\\/#\\\/schema\\\/logo\\\/image\\\/\"},\"sameAs\":[\"https:\\\/\\\/www.facebook.com\\\/LatribuneduFaso\\\/\"]},{\"@type\":\"Person\",\"@id\":\"https:\\\/\\\/www.latribunedufaso.net\\\/#\\\/schema\\\/person\\\/e54e64c5778a7e72cf80a318b7a622b0\",\"name\":\"Issouf Tapsoba\",\"image\":{\"@type\":\"ImageObject\",\"inLanguage\":\"fr-FR\",\"@id\":\"https:\\\/\\\/secure.gravatar.com\\\/avatar\\\/5e6c05150ce3230247d167f5b94d678eb05936197436d69b7921e3a95c9107ac?s=96&d=mm&r=g\",\"url\":\"https:\\\/\\\/secure.gravatar.com\\\/avatar\\\/5e6c05150ce3230247d167f5b94d678eb05936197436d69b7921e3a95c9107ac?s=96&d=mm&r=g\",\"contentUrl\":\"https:\\\/\\\/secure.gravatar.com\\\/avatar\\\/5e6c05150ce3230247d167f5b94d678eb05936197436d69b7921e3a95c9107ac?s=96&d=mm&r=g\",\"caption\":\"Issouf Tapsoba\"},\"url\":\"https:\\\/\\\/www.latribunedufaso.net\\\/?author=5\"}]}<\/script>\n<!-- \/ Yoast SEO plugin. -->","yoast_head_json":{"title":"Comm\u00e9moration de la Journ\u00e9e nationale des Martyrs : La Nation salue la m\u00e9moire des H\u00e9ros tomb\u00e9s\u00a0 - La Tribune du Faso","robots":{"index":"index","follow":"follow","max-snippet":"max-snippet:-1","max-image-preview":"max-image-preview:large","max-video-preview":"max-video-preview:-1"},"canonical":"https:\/\/www.latribunedufaso.net\/?p=16642","og_locale":"fr_FR","og_type":"article","og_title":"Comm\u00e9moration de la Journ\u00e9e nationale des Martyrs : La Nation salue la m\u00e9moire des H\u00e9ros tomb\u00e9s\u00a0 - La Tribune du Faso","og_description":"Ce 31 octobre 2024 \u00e0 Ouagadougou, le Pr\u00e9sident de l\u2019Assembl\u00e9e l\u00e9gislative de Transition, le Dr Ousmane BOUGOUMA, a pr\u00e9sid\u00e9 la comm\u00e9moration de la Journ\u00e9e nationale des Martyrs, en pr\u00e9sence du Ministre de la S\u00e9curit\u00e9, le Commissaire divisionnaire de Police Mahamadou SANA, des membres du Gouvernement ainsi que d&rsquo;\u00e9minentes personnalit\u00e9s et des proches des victimes.","og_url":"https:\/\/www.latribunedufaso.net\/?p=16642","og_site_name":"La Tribune du Faso","article_publisher":"https:\/\/www.facebook.com\/LatribuneduFaso\/","article_published_time":"2024-11-01T11:06:33+00:00","og_image":[{"width":1024,"height":741,"url":"https:\/\/www.latribunedufaso.net\/wp-content\/uploads\/2024\/11\/IMG-20241101-WA0007.jpg","type":"image\/jpeg"}],"author":"Issouf Tapsoba","twitter_misc":{"\u00c9crit par":"Issouf Tapsoba","Dur\u00e9e de lecture estim\u00e9e":"1 minute"},"schema":{"@context":"https:\/\/schema.org","@graph":[{"@type":"Article","@id":"https:\/\/www.latribunedufaso.net\/?p=16642#article","isPartOf":{"@id":"https:\/\/www.latribunedufaso.net\/?p=16642"},"author":{"name":"Issouf Tapsoba","@id":"https:\/\/www.latribunedufaso.net\/#\/schema\/person\/e54e64c5778a7e72cf80a318b7a622b0"},"headline":"Comm\u00e9moration de la Journ\u00e9e nationale des Martyrs : La Nation salue la m\u00e9moire des H\u00e9ros tomb\u00e9s\u00a0","datePublished":"2024-11-01T11:06:33+00:00","mainEntityOfPage":{"@id":"https:\/\/www.latribunedufaso.net\/?p=16642"},"wordCount":236,"commentCount":0,"publisher":{"@id":"https:\/\/www.latribunedufaso.net\/#organization"},"image":{"@id":"https:\/\/www.latribunedufaso.net\/?p=16642#primaryimage"},"thumbnailUrl":"https:\/\/www.latribunedufaso.net\/wp-content\/uploads\/2024\/11\/IMG-20241101-WA0007.jpg","keywords":["Comm\u00e9moration journ\u00e9e nationale des Martyrs","latribunedufaso.net"],"articleSection":["A la une","Actualit\u00e9","Soci\u00e9t\u00e9"],"inLanguage":"fr-FR","potentialAction":[{"@type":"CommentAction","name":"Comment","target":["https:\/\/www.latribunedufaso.net\/?p=16642#respond"]}]},{"@type":"WebPage","@id":"https:\/\/www.latribunedufaso.net\/?p=16642","url":"https:\/\/www.latribunedufaso.net\/?p=16642","name":"Comm\u00e9moration de la Journ\u00e9e nationale des Martyrs : La Nation salue la m\u00e9moire des H\u00e9ros tomb\u00e9s\u00a0 - La Tribune du Faso","isPartOf":{"@id":"https:\/\/www.latribunedufaso.net\/#website"},"primaryImageOfPage":{"@id":"https:\/\/www.latribunedufaso.net\/?p=16642#primaryimage"},"image":{"@id":"https:\/\/www.latribunedufaso.net\/?p=16642#primaryimage"},"thumbnailUrl":"https:\/\/www.latribunedufaso.net\/wp-content\/uploads\/2024\/11\/IMG-20241101-WA0007.jpg","datePublished":"2024-11-01T11:06:33+00:00","breadcrumb":{"@id":"https:\/\/www.latribunedufaso.net\/?p=16642#breadcrumb"},"inLanguage":"fr-FR","potentialAction":[{"@type":"ReadAction","target":["https:\/\/www.latribunedufaso.net\/?p=16642"]}]},{"@type":"ImageObject","inLanguage":"fr-FR","@id":"https:\/\/www.latribunedufaso.net\/?p=16642#primaryimage","url":"https:\/\/www.latribunedufaso.net\/wp-content\/uploads\/2024\/11\/IMG-20241101-WA0007.jpg","contentUrl":"https:\/\/www.latribunedufaso.net\/wp-content\/uploads\/2024\/11\/IMG-20241101-WA0007.jpg","width":1024,"height":741,"caption":"Pr\u00e9sident de l'ALT d\u00e9posant une gerbe de fleurs lors de la comm\u00e9moration de la journ\u00e9e nationale des Martyrs, 31 octobre 2024"},{"@type":"BreadcrumbList","@id":"https:\/\/www.latribunedufaso.net\/?p=16642#breadcrumb","itemListElement":[{"@type":"ListItem","position":1,"name":"Accueil","item":"https:\/\/www.latribunedufaso.net\/"},{"@type":"ListItem","position":2,"name":"Comm\u00e9moration de la Journ\u00e9e nationale des Martyrs : La Nation salue la m\u00e9moire des H\u00e9ros tomb\u00e9s\u00a0"}]},{"@type":"WebSite","@id":"https:\/\/www.latribunedufaso.net\/#website","url":"https:\/\/www.latribunedufaso.net\/","name":"La Tribune du Faso","description":"L&#039;information du monde rural en un clic","publisher":{"@id":"https:\/\/www.latribunedufaso.net\/#organization"},"potentialAction":[{"@type":"SearchAction","target":{"@type":"EntryPoint","urlTemplate":"https:\/\/www.latribunedufaso.net\/?s={search_term_string}"},"query-input":{"@type":"PropertyValueSpecification","valueRequired":true,"valueName":"search_term_string"}}],"inLanguage":"fr-FR"},{"@type":"Organization","@id":"https:\/\/www.latribunedufaso.net\/#organization","name":"La Tribune du Faso","url":"https:\/\/www.latribunedufaso.net\/","logo":{"@type":"ImageObject","inLanguage":"fr-FR","@id":"https:\/\/www.latribunedufaso.net\/#\/schema\/logo\/image\/","url":"https:\/\/www.latribunedufaso.net\/wp-content\/uploads\/2020\/08\/Logo-Tribune-du-Faso-final-scaled.jpg","contentUrl":"https:\/\/www.latribunedufaso.net\/wp-content\/uploads\/2020\/08\/Logo-Tribune-du-Faso-final-scaled.jpg","width":2560,"height":1856,"caption":"La Tribune du Faso"},"image":{"@id":"https:\/\/www.latribunedufaso.net\/#\/schema\/logo\/image\/"},"sameAs":["https:\/\/www.facebook.com\/LatribuneduFaso\/"]},{"@type":"Person","@id":"https:\/\/www.latribunedufaso.net\/#\/schema\/person\/e54e64c5778a7e72cf80a318b7a622b0","name":"Issouf Tapsoba","image":{"@type":"ImageObject","inLanguage":"fr-FR","@id":"https:\/\/secure.gravatar.com\/avatar\/5e6c05150ce3230247d167f5b94d678eb05936197436d69b7921e3a95c9107ac?s=96&d=mm&r=g","url":"https:\/\/secure.gravatar.com\/avatar\/5e6c05150ce3230247d167f5b94d678eb05936197436d69b7921e3a95c9107ac?s=96&d=mm&r=g","contentUrl":"https:\/\/secure.gravatar.com\/avatar\/5e6c05150ce3230247d167f5b94d678eb05936197436d69b7921e3a95c9107ac?s=96&d=mm&r=g","caption":"Issouf Tapsoba"},"url":"https:\/\/www.latribunedufaso.net\/?author=5"}]}},"_links":{"self":[{"href":"https:\/\/www.latribunedufaso.net\/index.php?rest_route=\/wp\/v2\/posts\/16642","targetHints":{"allow":["GET"]}}],"collection":[{"href":"https:\/\/www.latribunedufaso.net\/index.php?rest_route=\/wp\/v2\/posts"}],"about":[{"href":"https:\/\/www.latribunedufaso.net\/index.php?rest_route=\/wp\/v2\/types\/post"}],"author":[{"embeddable":true,"href":"https:\/\/www.latribunedufaso.net\/index.php?rest_route=\/wp\/v2\/users\/5"}],"replies":[{"embeddable":true,"href":"https:\/\/www.latribunedufaso.net\/index.php?rest_route=%2Fwp%2Fv2%2Fcomments&post=16642"}],"version-history":[{"count":1,"href":"https:\/\/www.latribunedufaso.net\/index.php?rest_route=\/wp\/v2\/posts\/16642\/revisions"}],"predecessor-version":[{"id":16646,"href":"https:\/\/www.latribunedufaso.net\/index.php?rest_route=\/wp\/v2\/posts\/16642\/revisions\/16646"}],"wp:featuredmedia":[{"embeddable":true,"href":"https:\/\/www.latribunedufaso.net\/index.php?rest_route=\/wp\/v2\/media\/16645"}],"wp:attachment":[{"href":"https:\/\/www.latribunedufaso.net\/index.php?rest_route=%2Fwp%2Fv2%2Fmedia&parent=16642"}],"wp:term":[{"taxonomy":"category","embeddable":true,"href":"https:\/\/www.latribunedufaso.net\/index.php?rest_route=%2Fwp%2Fv2%2Fcategories&post=16642"},{"taxonomy":"post_tag","embeddable":true,"href":"https:\/\/www.latribunedufaso.net\/index.php?rest_route=%2Fwp%2Fv2%2Ftags&post=16642"}],"curies":[{"name":"wp","href":"https:\/\/api.w.org\/{rel}","templated":true}]}}