{"id":1661,"date":"2020-10-27T09:01:32","date_gmt":"2020-10-27T09:01:32","guid":{"rendered":"https:\/\/www.latribunedufaso.net\/?p=1661"},"modified":"2020-10-27T09:01:32","modified_gmt":"2020-10-27T09:01:32","slug":"ecole-nationale-des-douanes-la-promotion-resilience-prete-a-faire-valoir-ses-competences","status":"publish","type":"post","link":"https:\/\/www.latribunedufaso.net\/?p=1661","title":{"rendered":"Ecole nationale des Douanes\u00a0: La promotion \u00ab\u00a0R\u00e9silience\u00a0\u00bb pr\u00eate \u00e0 faire valoir ses comp\u00e9tences"},"content":{"rendered":"<p><strong>La 26<sup>e<\/sup> promotion des \u00e9l\u00e8ves douaniers baptis\u00e9e \u00ab\u00a0R\u00e9silience\u00a0\u00bb, a officiellement effectu\u00e9 sa sortie, ce lundi 26 octobre 2020, au cours d\u2019une c\u00e9r\u00e9monie organis\u00e9e \u00e0 l\u2019Ecole nationale des Douanes(END). C\u2019\u00e9tait en pr\u00e9sence du ministre de l\u2019Economie, des finances et du d\u00e9veloppement, Lassan\u00e9 Kabor\u00e9, patron de ladite c\u00e9r\u00e9monie.<\/strong><!--more--><\/p>\n<p><a href=\"https:\/\/latribunedufaso.net\/wp-content\/uploads\/2020\/10\/IMG-20201026-WA0003.jpg\"><img loading=\"lazy\" decoding=\"async\" class=\" wp-image-1663 aligncenter\" src=\"https:\/\/latribunedufaso.net\/wp-content\/uploads\/2020\/10\/IMG-20201026-WA0003-300x225.jpg\" alt=\"\" width=\"480\" height=\"360\" srcset=\"https:\/\/www.latribunedufaso.net\/wp-content\/uploads\/2020\/10\/IMG-20201026-WA0003-300x225.jpg 300w, https:\/\/www.latribunedufaso.net\/wp-content\/uploads\/2020\/10\/IMG-20201026-WA0003-1024x768.jpg 1024w, https:\/\/www.latribunedufaso.net\/wp-content\/uploads\/2020\/10\/IMG-20201026-WA0003-768x576.jpg 768w, https:\/\/www.latribunedufaso.net\/wp-content\/uploads\/2020\/10\/IMG-20201026-WA0003.jpg 1040w\" sizes=\"auto, (max-width: 480px) 100vw, 480px\" \/><\/a><\/p>\n<p>Compos\u00e9e de 90 \u00e9l\u00e8ves contr\u00f4leurs et inspecteurs, notamment de 40 Burkinab\u00e8, de 33 Centrafricains, de 15 Congolais, d\u2019un Tchadien et d\u2019un Bissau-Guin\u00e9en, la 26<sup>e<\/sup> promotion des \u00e9l\u00e8ves douaniers a \u00e9t\u00e9 baptis\u00e9e \u00ab R\u00e9silience \u00bb par le ministre de l\u2019Economie, des finances et du d\u00e9veloppement, Lassan\u00e9 Kabor\u00e9, patron de la c\u00e9r\u00e9monie.<\/p>\n<p>A en croire le propos du Directeur g\u00e9n\u00e9ral de l\u2019Ecole nationale des Douanes(END), Casimir Sawadogo, le taux de succ\u00e8s \u00e0 la suite des \u00e9valuations est de 100% pour toutes les promotions\u00a0; ce qui donc permet \u00e0 certains d\u2019entre eux de repartir avec le dipl\u00f4me de contr\u00f4leur des douanes et pour d\u2019autres, les inspecteurs, le dipl\u00f4me d\u2019\u00e9tudes sup\u00e9rieures des douanes. \u00ab\u00a0C\u2019est avec une enti\u00e8re et l\u00e9gitime satisfaction que j\u2019adresse \u00e0 tous les \u00e9l\u00e8ves mes chaleureuses f\u00e9licitations pour les r\u00e9sultats obtenus\u00a0\u00bb, a-t-il poursuivi pour un peu plus loin rassurer de leur aptitude, leur qualit\u00e9 et de leur comp\u00e9tence \u00e0 bien rendre le travail qui leur sera confi\u00e9. \u00ab\u00a0Ces agents des Douanes, bien form\u00e9s, contribueront sans nul doute au renforcement des capacit\u00e9s des administrations douani\u00e8res pour une meilleure mobilisation des ressources publiques\u2026professionnellement aptes \u00e0 accomplir avec brio toute t\u00e2che qui sera confi\u00e9e par l\u2019administration douani\u00e8re\u00a0\u00bb, a-t-il ajout\u00e9.<\/p>\n<p>Lassan\u00e9 Kabor\u00e9, ministre de l\u2019Economie, des finances et du d\u00e9veloppement dit avant tout ressentir de la fiert\u00e9. Aussi est-il revenu sur le sens que rev\u00eat le nom de bapt\u00eame de la 26<sup>e<\/sup> promotion. \u00ab\u00a0Ce qu\u2019il faut retenir, c\u2019est surtout le sens que j\u2019ai voulu donn\u00e9 \u00e0 cette c\u00e9r\u00e9monie en donnant le nom de bapt\u00eame \u2018\u2019R\u00e9silience\u2019\u2019. Le minist\u00e8re des finances a fait r\u00e9ellement de la r\u00e9silience dans cette p\u00e9riode difficile dans le contexte sanitaire comme s\u00e9curitaire. Quand vous regardez les diff\u00e9rents indicateurs en termes de mobilisations des ressources, nous avons pu jouer notre partition\u00a0; c\u2019est cela l\u2019invite que je vais faire en disant qu\u2019en sortant, ils doivent se mettre dans la t\u00eate que nous sommes dans une p\u00e9riode difficile et qu\u2019ils doivent \u00eatre des agents qui doivent venir renforcer cette r\u00e9silience, travailler dans la rigueur, l\u2019humilit\u00e9 et l\u2019int\u00e9grit\u00e9\u00a0\u00bb, a fait savoir le patron de la c\u00e9r\u00e9monie. Il a de m\u00eame appel\u00e9 les sortants \u00e0 se d\u00e9partir d\u2019un enrichissement rapide.<\/p>\n<p><a href=\"https:\/\/latribunedufaso.net\/wp-content\/uploads\/2020\/10\/IMG-20201026-WA0002.jpg\"><img loading=\"lazy\" decoding=\"async\" class=\" wp-image-1664 aligncenter\" src=\"https:\/\/latribunedufaso.net\/wp-content\/uploads\/2020\/10\/IMG-20201026-WA0002-300x225.jpg\" alt=\"\" width=\"480\" height=\"360\" srcset=\"https:\/\/www.latribunedufaso.net\/wp-content\/uploads\/2020\/10\/IMG-20201026-WA0002-300x225.jpg 300w, https:\/\/www.latribunedufaso.net\/wp-content\/uploads\/2020\/10\/IMG-20201026-WA0002-1024x768.jpg 1024w, https:\/\/www.latribunedufaso.net\/wp-content\/uploads\/2020\/10\/IMG-20201026-WA0002-768x576.jpg 768w, https:\/\/www.latribunedufaso.net\/wp-content\/uploads\/2020\/10\/IMG-20201026-WA0002.jpg 1040w\" sizes=\"auto, (max-width: 480px) 100vw, 480px\" \/><\/a><\/p>\n<p>Le parrain de la promotion \u00ab\u00a0R\u00e9silience\u00a0\u00bb, Michel Zemba, ancien directeur g\u00e9n\u00e9ral adjoint des douanes a invit\u00e9 ses filleuls \u00e0 prendre conscience de la situation s\u00e9curitaire dont est victime le Burkina Faso, mais aussi des autres maux qui frappent le pays. \u00ab\u00a0Vous devrez prendre conscience que le Burkina Faso vit depuis 2015, des \u00e9v\u00e9nements douloureux de son histoire. A ce mal pernicieux, s\u2019ajoute d\u2019autres maux\u2026face \u00e0 tous ces probl\u00e8mes, une fois sur le terrain, il va falloir redoubler de vigilance, d\u2019endurance psychologique et physique\u2026\u00a0\u00bb, a-t-il fait comprendre. Il n\u2019a naturellement pas manqu\u00e9 de leur prodiguer des conseils en tant que parrain. \u00ab\u00a0Vous venez de gravir des grades sup\u00e9rieurs. Vous devez par cons\u00e9quent adopter de nouveaux comportements parce que vous devenez plus responsables. Un certain nombre de valeurs, de vertus cardinales doivent habiter en vous\u2026la discipline, l\u2019int\u00e9grit\u00e9 et la rigueur\u00a0\u00bb, a conseill\u00e9 Michel Zemba.<\/p>\n<p>Georges Tougouri, d\u00e9l\u00e9gu\u00e9 g\u00e9n\u00e9ral des \u00e9l\u00e8ves, soutien que lui et ses promotionnaires, sont pr\u00eats \u00e0 accomplir avec professionnalisme et d\u00e9vouement, les missions qui leur seront assign\u00e9es. \u00ab\u00a0Pour nous Burkinab\u00e8, nous sommes d\u2019ores et d\u00e9j\u00e0 conscients des d\u00e9fis qui nous attendent sur le terrain\u2026le principal d\u00e9fi qui nous attend est la mobilisation optimale des recettes fiscales\u00a0\u00bb, a-t-il pr\u00e9cis\u00e9. La promotion s\u2019est par ailleurs justifi\u00e9e pour le choix port\u00e9 sur la personne de Michel Zemba comme parrain. \u00ab\u00a0La promotion sortante vous a choisi pour plusieurs raisons. Au plan professionnel, vous avez incarn\u00e9 des valeurs de probit\u00e9, de conscience professionnelle et d\u2019int\u00e9grit\u00e9 tout au long de votre carri\u00e8re. Au plan humain, votre simplicit\u00e9, votre discipline et votre temp\u00e9rament calme ont \u00e9t\u00e9 des atouts pour mener \u00e0 bien les missions \u00e0 vous confi\u00e9es\u00a0\u00bb, a cit\u00e9 le d\u00e9l\u00e9gu\u00e9.<\/p>\n<p>La remise des \u00e9paulettes et la signature du livre d\u2019or ont mis un terme \u00e0 la c\u00e9r\u00e9monie de sortie de promotion.<\/p>\n<p>En rappel, la 26e promotion des \u00e9l\u00e8ves douaniers baptis\u00e9e \u00ab R\u00e9silience \u00bb se compose de 40 Burkinab\u00e8 dont dix inspecteurs et trente contr\u00f4leurs des douanes\u00a0; de 33 Centrafricains dont sept inspecteurs et 26 contr\u00f4leurs des douanes\u00a0; de quinze(15) Congolais dont quatre inspecteurs et onze contr\u00f4leurs des douanes\u00a0; d\u2019un contr\u00f4leur Tchadien et d\u2019un contr\u00f4leur Bissau-Guin\u00e9en.<\/p>\n<p><strong>Tambi Serge Pac\u00f4me Zongo<\/strong><\/p>\n<p><strong>Latribunedufaso.net<\/strong><\/p>\n","protected":false},"excerpt":{"rendered":"<p>La 26e promotion des \u00e9l\u00e8ves douaniers baptis\u00e9e \u00ab\u00a0R\u00e9silience\u00a0\u00bb, a officiellement effectu\u00e9 sa sortie, ce lundi 26 octobre 2020, au cours d\u2019une c\u00e9r\u00e9monie organis\u00e9e \u00e0 l\u2019Ecole nationale des Douanes(END). C\u2019\u00e9tait en pr\u00e9sence du ministre de l\u2019Economie, des finances et du d\u00e9veloppement, Lassan\u00e9 Kabor\u00e9, patron de ladite c\u00e9r\u00e9monie.<\/p>\n","protected":false},"author":2,"featured_media":1662,"comment_status":"open","ping_status":"open","sticky":false,"template":"","format":"standard","meta":{"footnotes":""},"categories":[13,1,10],"tags":[],"class_list":["post-1661","post","type-post","status-publish","format-standard","has-post-thumbnail","hentry","category-une","category-actu","category-eco"],"yoast_head":"<!-- This site is optimized with the Yoast SEO plugin v27.4 - https:\/\/yoast.com\/product\/yoast-seo-wordpress\/ -->\n<title>Ecole nationale des Douanes\u00a0: La promotion \u00ab\u00a0R\u00e9silience\u00a0\u00bb pr\u00eate \u00e0 faire valoir ses comp\u00e9tences - La Tribune du Faso<\/title>\n<meta name=\"robots\" content=\"index, follow, max-snippet:-1, max-image-preview:large, max-video-preview:-1\" \/>\n<link rel=\"canonical\" href=\"https:\/\/www.latribunedufaso.net\/?p=1661\" \/>\n<meta property=\"og:locale\" content=\"fr_FR\" \/>\n<meta property=\"og:type\" content=\"article\" \/>\n<meta property=\"og:title\" content=\"Ecole nationale des Douanes\u00a0: La promotion \u00ab\u00a0R\u00e9silience\u00a0\u00bb pr\u00eate \u00e0 faire valoir ses comp\u00e9tences - La Tribune du Faso\" \/>\n<meta property=\"og:description\" content=\"La 26e promotion des \u00e9l\u00e8ves douaniers baptis\u00e9e \u00ab\u00a0R\u00e9silience\u00a0\u00bb, a officiellement effectu\u00e9 sa sortie, ce lundi 26 octobre 2020, au cours d\u2019une c\u00e9r\u00e9monie organis\u00e9e \u00e0 l\u2019Ecole nationale des Douanes(END). C\u2019\u00e9tait en pr\u00e9sence du ministre de l\u2019Economie, des finances et du d\u00e9veloppement, Lassan\u00e9 Kabor\u00e9, patron de ladite c\u00e9r\u00e9monie.\" \/>\n<meta property=\"og:url\" content=\"https:\/\/www.latribunedufaso.net\/?p=1661\" \/>\n<meta property=\"og:site_name\" content=\"La Tribune du Faso\" \/>\n<meta property=\"article:publisher\" content=\"https:\/\/www.facebook.com\/LatribuneduFaso\/\" \/>\n<meta property=\"article:published_time\" content=\"2020-10-27T09:01:32+00:00\" \/>\n<meta property=\"og:image\" content=\"https:\/\/latribunedufaso.net\/wp-content\/uploads\/2020\/10\/IMG-20201026-WA0001.jpg\" \/>\n\t<meta property=\"og:image:width\" content=\"1040\" \/>\n\t<meta property=\"og:image:height\" content=\"780\" \/>\n\t<meta property=\"og:image:type\" content=\"image\/jpeg\" \/>\n<meta name=\"author\" content=\"Administrateur\" \/>\n<meta name=\"twitter:label1\" content=\"\u00c9crit par\" \/>\n\t<meta name=\"twitter:data1\" content=\"Administrateur\" \/>\n\t<meta name=\"twitter:label2\" content=\"Dur\u00e9e de lecture estim\u00e9e\" \/>\n\t<meta name=\"twitter:data2\" content=\"4 minutes\" \/>\n<script type=\"application\/ld+json\" class=\"yoast-schema-graph\">{\"@context\":\"https:\\\/\\\/schema.org\",\"@graph\":[{\"@type\":\"Article\",\"@id\":\"https:\\\/\\\/www.latribunedufaso.net\\\/?p=1661#article\",\"isPartOf\":{\"@id\":\"https:\\\/\\\/www.latribunedufaso.net\\\/?p=1661\"},\"author\":{\"name\":\"Administrateur\",\"@id\":\"https:\\\/\\\/www.latribunedufaso.net\\\/#\\\/schema\\\/person\\\/a380782d0605bb8aae27c40ea93b35b1\"},\"headline\":\"Ecole nationale des Douanes\u00a0: La promotion \u00ab\u00a0R\u00e9silience\u00a0\u00bb pr\u00eate \u00e0 faire valoir ses comp\u00e9tences\",\"datePublished\":\"2020-10-27T09:01:32+00:00\",\"mainEntityOfPage\":{\"@id\":\"https:\\\/\\\/www.latribunedufaso.net\\\/?p=1661\"},\"wordCount\":882,\"commentCount\":0,\"publisher\":{\"@id\":\"https:\\\/\\\/www.latribunedufaso.net\\\/#organization\"},\"image\":{\"@id\":\"https:\\\/\\\/www.latribunedufaso.net\\\/?p=1661#primaryimage\"},\"thumbnailUrl\":\"https:\\\/\\\/www.latribunedufaso.net\\\/wp-content\\\/uploads\\\/2020\\\/10\\\/IMG-20201026-WA0001.jpg\",\"articleSection\":[\"A la une\",\"Actualit\u00e9\",\"Economie\"],\"inLanguage\":\"fr-FR\",\"potentialAction\":[{\"@type\":\"CommentAction\",\"name\":\"Comment\",\"target\":[\"https:\\\/\\\/www.latribunedufaso.net\\\/?p=1661#respond\"]}]},{\"@type\":\"WebPage\",\"@id\":\"https:\\\/\\\/www.latribunedufaso.net\\\/?p=1661\",\"url\":\"https:\\\/\\\/www.latribunedufaso.net\\\/?p=1661\",\"name\":\"Ecole nationale des Douanes\u00a0: La promotion \u00ab\u00a0R\u00e9silience\u00a0\u00bb pr\u00eate \u00e0 faire valoir ses comp\u00e9tences - La Tribune du Faso\",\"isPartOf\":{\"@id\":\"https:\\\/\\\/www.latribunedufaso.net\\\/#website\"},\"primaryImageOfPage\":{\"@id\":\"https:\\\/\\\/www.latribunedufaso.net\\\/?p=1661#primaryimage\"},\"image\":{\"@id\":\"https:\\\/\\\/www.latribunedufaso.net\\\/?p=1661#primaryimage\"},\"thumbnailUrl\":\"https:\\\/\\\/www.latribunedufaso.net\\\/wp-content\\\/uploads\\\/2020\\\/10\\\/IMG-20201026-WA0001.jpg\",\"datePublished\":\"2020-10-27T09:01:32+00:00\",\"breadcrumb\":{\"@id\":\"https:\\\/\\\/www.latribunedufaso.net\\\/?p=1661#breadcrumb\"},\"inLanguage\":\"fr-FR\",\"potentialAction\":[{\"@type\":\"ReadAction\",\"target\":[\"https:\\\/\\\/www.latribunedufaso.net\\\/?p=1661\"]}]},{\"@type\":\"ImageObject\",\"inLanguage\":\"fr-FR\",\"@id\":\"https:\\\/\\\/www.latribunedufaso.net\\\/?p=1661#primaryimage\",\"url\":\"https:\\\/\\\/www.latribunedufaso.net\\\/wp-content\\\/uploads\\\/2020\\\/10\\\/IMG-20201026-WA0001.jpg\",\"contentUrl\":\"https:\\\/\\\/www.latribunedufaso.net\\\/wp-content\\\/uploads\\\/2020\\\/10\\\/IMG-20201026-WA0001.jpg\",\"width\":1040,\"height\":780},{\"@type\":\"BreadcrumbList\",\"@id\":\"https:\\\/\\\/www.latribunedufaso.net\\\/?p=1661#breadcrumb\",\"itemListElement\":[{\"@type\":\"ListItem\",\"position\":1,\"name\":\"Accueil\",\"item\":\"https:\\\/\\\/www.latribunedufaso.net\\\/\"},{\"@type\":\"ListItem\",\"position\":2,\"name\":\"Ecole nationale des Douanes\u00a0: La promotion \u00ab\u00a0R\u00e9silience\u00a0\u00bb pr\u00eate \u00e0 faire valoir ses comp\u00e9tences\"}]},{\"@type\":\"WebSite\",\"@id\":\"https:\\\/\\\/www.latribunedufaso.net\\\/#website\",\"url\":\"https:\\\/\\\/www.latribunedufaso.net\\\/\",\"name\":\"La Tribune du Faso\",\"description\":\"L&#039;information du monde rural en un clic\",\"publisher\":{\"@id\":\"https:\\\/\\\/www.latribunedufaso.net\\\/#organization\"},\"potentialAction\":[{\"@type\":\"SearchAction\",\"target\":{\"@type\":\"EntryPoint\",\"urlTemplate\":\"https:\\\/\\\/www.latribunedufaso.net\\\/?s={search_term_string}\"},\"query-input\":{\"@type\":\"PropertyValueSpecification\",\"valueRequired\":true,\"valueName\":\"search_term_string\"}}],\"inLanguage\":\"fr-FR\"},{\"@type\":\"Organization\",\"@id\":\"https:\\\/\\\/www.latribunedufaso.net\\\/#organization\",\"name\":\"La Tribune du Faso\",\"url\":\"https:\\\/\\\/www.latribunedufaso.net\\\/\",\"logo\":{\"@type\":\"ImageObject\",\"inLanguage\":\"fr-FR\",\"@id\":\"https:\\\/\\\/www.latribunedufaso.net\\\/#\\\/schema\\\/logo\\\/image\\\/\",\"url\":\"https:\\\/\\\/www.latribunedufaso.net\\\/wp-content\\\/uploads\\\/2020\\\/08\\\/Logo-Tribune-du-Faso-final-scaled.jpg\",\"contentUrl\":\"https:\\\/\\\/www.latribunedufaso.net\\\/wp-content\\\/uploads\\\/2020\\\/08\\\/Logo-Tribune-du-Faso-final-scaled.jpg\",\"width\":2560,\"height\":1856,\"caption\":\"La Tribune du Faso\"},\"image\":{\"@id\":\"https:\\\/\\\/www.latribunedufaso.net\\\/#\\\/schema\\\/logo\\\/image\\\/\"},\"sameAs\":[\"https:\\\/\\\/www.facebook.com\\\/LatribuneduFaso\\\/\"]},{\"@type\":\"Person\",\"@id\":\"https:\\\/\\\/www.latribunedufaso.net\\\/#\\\/schema\\\/person\\\/a380782d0605bb8aae27c40ea93b35b1\",\"name\":\"Administrateur\",\"image\":{\"@type\":\"ImageObject\",\"inLanguage\":\"fr-FR\",\"@id\":\"https:\\\/\\\/secure.gravatar.com\\\/avatar\\\/e20266f97d741f0e80ba1f60283074a9b3317fd7bfb727e0d95b51dafbf854a1?s=96&d=mm&r=g\",\"url\":\"https:\\\/\\\/secure.gravatar.com\\\/avatar\\\/e20266f97d741f0e80ba1f60283074a9b3317fd7bfb727e0d95b51dafbf854a1?s=96&d=mm&r=g\",\"contentUrl\":\"https:\\\/\\\/secure.gravatar.com\\\/avatar\\\/e20266f97d741f0e80ba1f60283074a9b3317fd7bfb727e0d95b51dafbf854a1?s=96&d=mm&r=g\",\"caption\":\"Administrateur\"},\"url\":\"https:\\\/\\\/www.latribunedufaso.net\\\/?author=2\"}]}<\/script>\n<!-- \/ Yoast SEO plugin. -->","yoast_head_json":{"title":"Ecole nationale des Douanes\u00a0: La promotion \u00ab\u00a0R\u00e9silience\u00a0\u00bb pr\u00eate \u00e0 faire valoir ses comp\u00e9tences - La Tribune du Faso","robots":{"index":"index","follow":"follow","max-snippet":"max-snippet:-1","max-image-preview":"max-image-preview:large","max-video-preview":"max-video-preview:-1"},"canonical":"https:\/\/www.latribunedufaso.net\/?p=1661","og_locale":"fr_FR","og_type":"article","og_title":"Ecole nationale des Douanes\u00a0: La promotion \u00ab\u00a0R\u00e9silience\u00a0\u00bb pr\u00eate \u00e0 faire valoir ses comp\u00e9tences - La Tribune du Faso","og_description":"La 26e promotion des \u00e9l\u00e8ves douaniers baptis\u00e9e \u00ab\u00a0R\u00e9silience\u00a0\u00bb, a officiellement effectu\u00e9 sa sortie, ce lundi 26 octobre 2020, au cours d\u2019une c\u00e9r\u00e9monie organis\u00e9e \u00e0 l\u2019Ecole nationale des Douanes(END). C\u2019\u00e9tait en pr\u00e9sence du ministre de l\u2019Economie, des finances et du d\u00e9veloppement, Lassan\u00e9 Kabor\u00e9, patron de ladite c\u00e9r\u00e9monie.","og_url":"https:\/\/www.latribunedufaso.net\/?p=1661","og_site_name":"La Tribune du Faso","article_publisher":"https:\/\/www.facebook.com\/LatribuneduFaso\/","article_published_time":"2020-10-27T09:01:32+00:00","og_image":[{"width":1040,"height":780,"url":"https:\/\/latribunedufaso.net\/wp-content\/uploads\/2020\/10\/IMG-20201026-WA0001.jpg","type":"image\/jpeg"}],"author":"Administrateur","twitter_misc":{"\u00c9crit par":"Administrateur","Dur\u00e9e de lecture estim\u00e9e":"4 minutes"},"schema":{"@context":"https:\/\/schema.org","@graph":[{"@type":"Article","@id":"https:\/\/www.latribunedufaso.net\/?p=1661#article","isPartOf":{"@id":"https:\/\/www.latribunedufaso.net\/?p=1661"},"author":{"name":"Administrateur","@id":"https:\/\/www.latribunedufaso.net\/#\/schema\/person\/a380782d0605bb8aae27c40ea93b35b1"},"headline":"Ecole nationale des Douanes\u00a0: La promotion \u00ab\u00a0R\u00e9silience\u00a0\u00bb pr\u00eate \u00e0 faire valoir ses comp\u00e9tences","datePublished":"2020-10-27T09:01:32+00:00","mainEntityOfPage":{"@id":"https:\/\/www.latribunedufaso.net\/?p=1661"},"wordCount":882,"commentCount":0,"publisher":{"@id":"https:\/\/www.latribunedufaso.net\/#organization"},"image":{"@id":"https:\/\/www.latribunedufaso.net\/?p=1661#primaryimage"},"thumbnailUrl":"https:\/\/www.latribunedufaso.net\/wp-content\/uploads\/2020\/10\/IMG-20201026-WA0001.jpg","articleSection":["A la une","Actualit\u00e9","Economie"],"inLanguage":"fr-FR","potentialAction":[{"@type":"CommentAction","name":"Comment","target":["https:\/\/www.latribunedufaso.net\/?p=1661#respond"]}]},{"@type":"WebPage","@id":"https:\/\/www.latribunedufaso.net\/?p=1661","url":"https:\/\/www.latribunedufaso.net\/?p=1661","name":"Ecole nationale des Douanes\u00a0: La promotion \u00ab\u00a0R\u00e9silience\u00a0\u00bb pr\u00eate \u00e0 faire valoir ses comp\u00e9tences - La Tribune du Faso","isPartOf":{"@id":"https:\/\/www.latribunedufaso.net\/#website"},"primaryImageOfPage":{"@id":"https:\/\/www.latribunedufaso.net\/?p=1661#primaryimage"},"image":{"@id":"https:\/\/www.latribunedufaso.net\/?p=1661#primaryimage"},"thumbnailUrl":"https:\/\/www.latribunedufaso.net\/wp-content\/uploads\/2020\/10\/IMG-20201026-WA0001.jpg","datePublished":"2020-10-27T09:01:32+00:00","breadcrumb":{"@id":"https:\/\/www.latribunedufaso.net\/?p=1661#breadcrumb"},"inLanguage":"fr-FR","potentialAction":[{"@type":"ReadAction","target":["https:\/\/www.latribunedufaso.net\/?p=1661"]}]},{"@type":"ImageObject","inLanguage":"fr-FR","@id":"https:\/\/www.latribunedufaso.net\/?p=1661#primaryimage","url":"https:\/\/www.latribunedufaso.net\/wp-content\/uploads\/2020\/10\/IMG-20201026-WA0001.jpg","contentUrl":"https:\/\/www.latribunedufaso.net\/wp-content\/uploads\/2020\/10\/IMG-20201026-WA0001.jpg","width":1040,"height":780},{"@type":"BreadcrumbList","@id":"https:\/\/www.latribunedufaso.net\/?p=1661#breadcrumb","itemListElement":[{"@type":"ListItem","position":1,"name":"Accueil","item":"https:\/\/www.latribunedufaso.net\/"},{"@type":"ListItem","position":2,"name":"Ecole nationale des Douanes\u00a0: La promotion \u00ab\u00a0R\u00e9silience\u00a0\u00bb pr\u00eate \u00e0 faire valoir ses comp\u00e9tences"}]},{"@type":"WebSite","@id":"https:\/\/www.latribunedufaso.net\/#website","url":"https:\/\/www.latribunedufaso.net\/","name":"La Tribune du Faso","description":"L&#039;information du monde rural en un clic","publisher":{"@id":"https:\/\/www.latribunedufaso.net\/#organization"},"potentialAction":[{"@type":"SearchAction","target":{"@type":"EntryPoint","urlTemplate":"https:\/\/www.latribunedufaso.net\/?s={search_term_string}"},"query-input":{"@type":"PropertyValueSpecification","valueRequired":true,"valueName":"search_term_string"}}],"inLanguage":"fr-FR"},{"@type":"Organization","@id":"https:\/\/www.latribunedufaso.net\/#organization","name":"La Tribune du Faso","url":"https:\/\/www.latribunedufaso.net\/","logo":{"@type":"ImageObject","inLanguage":"fr-FR","@id":"https:\/\/www.latribunedufaso.net\/#\/schema\/logo\/image\/","url":"https:\/\/www.latribunedufaso.net\/wp-content\/uploads\/2020\/08\/Logo-Tribune-du-Faso-final-scaled.jpg","contentUrl":"https:\/\/www.latribunedufaso.net\/wp-content\/uploads\/2020\/08\/Logo-Tribune-du-Faso-final-scaled.jpg","width":2560,"height":1856,"caption":"La Tribune du Faso"},"image":{"@id":"https:\/\/www.latribunedufaso.net\/#\/schema\/logo\/image\/"},"sameAs":["https:\/\/www.facebook.com\/LatribuneduFaso\/"]},{"@type":"Person","@id":"https:\/\/www.latribunedufaso.net\/#\/schema\/person\/a380782d0605bb8aae27c40ea93b35b1","name":"Administrateur","image":{"@type":"ImageObject","inLanguage":"fr-FR","@id":"https:\/\/secure.gravatar.com\/avatar\/e20266f97d741f0e80ba1f60283074a9b3317fd7bfb727e0d95b51dafbf854a1?s=96&d=mm&r=g","url":"https:\/\/secure.gravatar.com\/avatar\/e20266f97d741f0e80ba1f60283074a9b3317fd7bfb727e0d95b51dafbf854a1?s=96&d=mm&r=g","contentUrl":"https:\/\/secure.gravatar.com\/avatar\/e20266f97d741f0e80ba1f60283074a9b3317fd7bfb727e0d95b51dafbf854a1?s=96&d=mm&r=g","caption":"Administrateur"},"url":"https:\/\/www.latribunedufaso.net\/?author=2"}]}},"_links":{"self":[{"href":"https:\/\/www.latribunedufaso.net\/index.php?rest_route=\/wp\/v2\/posts\/1661","targetHints":{"allow":["GET"]}}],"collection":[{"href":"https:\/\/www.latribunedufaso.net\/index.php?rest_route=\/wp\/v2\/posts"}],"about":[{"href":"https:\/\/www.latribunedufaso.net\/index.php?rest_route=\/wp\/v2\/types\/post"}],"author":[{"embeddable":true,"href":"https:\/\/www.latribunedufaso.net\/index.php?rest_route=\/wp\/v2\/users\/2"}],"replies":[{"embeddable":true,"href":"https:\/\/www.latribunedufaso.net\/index.php?rest_route=%2Fwp%2Fv2%2Fcomments&post=1661"}],"version-history":[{"count":1,"href":"https:\/\/www.latribunedufaso.net\/index.php?rest_route=\/wp\/v2\/posts\/1661\/revisions"}],"predecessor-version":[{"id":1665,"href":"https:\/\/www.latribunedufaso.net\/index.php?rest_route=\/wp\/v2\/posts\/1661\/revisions\/1665"}],"wp:featuredmedia":[{"embeddable":true,"href":"https:\/\/www.latribunedufaso.net\/index.php?rest_route=\/wp\/v2\/media\/1662"}],"wp:attachment":[{"href":"https:\/\/www.latribunedufaso.net\/index.php?rest_route=%2Fwp%2Fv2%2Fmedia&parent=1661"}],"wp:term":[{"taxonomy":"category","embeddable":true,"href":"https:\/\/www.latribunedufaso.net\/index.php?rest_route=%2Fwp%2Fv2%2Fcategories&post=1661"},{"taxonomy":"post_tag","embeddable":true,"href":"https:\/\/www.latribunedufaso.net\/index.php?rest_route=%2Fwp%2Fv2%2Ftags&post=1661"}],"curies":[{"name":"wp","href":"https:\/\/api.w.org\/{rel}","templated":true}]}}