{"id":16587,"date":"2024-10-29T19:03:39","date_gmt":"2024-10-29T19:03:39","guid":{"rendered":"https:\/\/www.latribunedufaso.net\/?p=16587"},"modified":"2024-10-29T19:03:39","modified_gmt":"2024-10-29T19:03:39","slug":"protection-des-enfants-et-formation-des-jeunes-les-acteurs-du-projet-fej-pefj-echangent-sur-la-mise-en-oeuvre-des-activites","status":"publish","type":"post","link":"https:\/\/www.latribunedufaso.net\/?p=16587","title":{"rendered":"Protection des enfants et formation des jeunes : Les acteurs du projet FEJ-PEFJ \u00e9changent sur la mise en \u0153uvre des activit\u00e9s"},"content":{"rendered":"<p><strong style=\"font-size: 1.0625rem;\">Du 29 au 30 octobre 2024 \u00e0 Ouagadougou, l\u2019Unit\u00e9 de coordination du projet Fonds Enfants et Jeunes\/Protection des Enfants et Formation des Jeunes (FEJ-PEFJ) tient un atelier de planification op\u00e9rationnelle de ses activit\u00e9s. Le top d\u00e9part des travaux est donn\u00e9, ce 29 octobre, par le Directeur du cabinet (DIRCAB) du ministre en charge de l\u2019Action humanitaire, Soum\u00e8la Sako.<\/strong><\/p>\n<p><!--more--><\/p>\n<p>Ce projet est le fruit de la coop\u00e9ration bilat\u00e9rale Germano-Burkinab\u00e8. Il intervient dans le financement de projets structurants entrant dans le cadre de la protection des enfants et des jeunes socialement d\u00e9favoris\u00e9s et vuln\u00e9rables. A cela s\u2019ajoutent la protection des femmes contre les violences bas\u00e9es sur le genres ainsi que la formation et l\u2019autonomisation des jeunes.<\/p>\n<blockquote>\n<p>Lire aussi &gt;&gt; <a href=\"https:\/\/www.latribunedufaso.net\/?p=11596\">Action humanitaire : Les acteurs \u00e9valuent l\u2019impact des programmes d\u2019inclusion productive et de cash transfert<\/a>\u00a0<\/p>\n<\/blockquote>\n<p>Le projet interviendra dans 4 r\u00e9gion. Il s\u2019agit des r\u00e9gions du Plateau-Central, du Sud-Ouest, les provinces du Boulgou et du Kouritenga dans la r\u00e9gion du Centre-Est et la province du Gourma dans la r\u00e9gion de l\u2019Est.<\/p>\n<figure id=\"attachment_16589\" aria-describedby=\"caption-attachment-16589\" style=\"width: 2560px\" class=\"wp-caption aligncenter\"><a href=\"https:\/\/www.latribunedufaso.net\/wp-content\/uploads\/2024\/10\/IMG_20241029_093355_523-scaled.jpg\"><img loading=\"lazy\" decoding=\"async\" class=\"size-full wp-image-16589\" src=\"https:\/\/www.latribunedufaso.net\/wp-content\/uploads\/2024\/10\/IMG_20241029_093355_523-scaled.jpg\" alt=\"Le DIRCAB du minist\u00e8re en charge de l'Action humanitaire lors de l'Le Chef de la coop\u00e9ration \u00e0 l'ambassade d'Allemagne au Burkina lors de l'Atelier de lancement et planification op\u00e9rationnelle du projet FEJ-PEFJ, 29 octobre 2024\" width=\"2560\" height=\"1920\" srcset=\"https:\/\/www.latribunedufaso.net\/wp-content\/uploads\/2024\/10\/IMG_20241029_093355_523-scaled.jpg 2560w, https:\/\/www.latribunedufaso.net\/wp-content\/uploads\/2024\/10\/IMG_20241029_093355_523-300x225.jpg 300w, https:\/\/www.latribunedufaso.net\/wp-content\/uploads\/2024\/10\/IMG_20241029_093355_523-1024x768.jpg 1024w, https:\/\/www.latribunedufaso.net\/wp-content\/uploads\/2024\/10\/IMG_20241029_093355_523-768x576.jpg 768w, https:\/\/www.latribunedufaso.net\/wp-content\/uploads\/2024\/10\/IMG_20241029_093355_523-1536x1152.jpg 1536w, https:\/\/www.latribunedufaso.net\/wp-content\/uploads\/2024\/10\/IMG_20241029_093355_523-2048x1536.jpg 2048w\" sizes=\"auto, (max-width: 2560px) 100vw, 2560px\" \/><\/a><figcaption id=\"caption-attachment-16589\" class=\"wp-caption-text\">Le DIRCAB du minist\u00e8re en charge de l&rsquo;Action humanitaire, Soum\u00e8la Sako, repr\u00e9sentant la ministre &#8211; Ph. I. Tapsoba<\/figcaption><\/figure>\n<p>Le pr\u00e9sent atelier est plac\u00e9e sous la pr\u00e9sidence de la ministre en charge de l\u2019Action humanitaire, repr\u00e9sent\u00e9e par son DIRCAB, Soum\u00e8la Sako. Il a relev\u00e9 l\u2019importance de la rencontre qui doit permettre \u00e0 toutes les parties prenantes d\u2019\u00e9changer et de d\u00e9gager une orientation strat\u00e9gique des activit\u00e9s du projet.<\/p>\n<p>La dur\u00e9e d\u2019execution du projet est de 48 mois (1er juin 2024 au 31 mai 2028). Son co\u00fbt global de r\u00e9alisation est estim\u00e9 \u00e0 6 231 591 172 FCFA. La contribution allemande s\u2019\u00e9l\u00e8ve \u00e0 5 903 612 672 FCFA. La contrepartie de l&rsquo;Etat burkinab\u00e8 est de 262 382 800 FCFA. Les collectivit\u00e9s b\u00e9n\u00e9ficiaires devront contribuer a hauteur de 65 595 700 FCFA.<\/p>\n<figure id=\"attachment_16588\" aria-describedby=\"caption-attachment-16588\" style=\"width: 2560px\" class=\"wp-caption aligncenter\"><a href=\"https:\/\/www.latribunedufaso.net\/wp-content\/uploads\/2024\/10\/IMG_20241029_095416_792-scaled.jpg\"><img loading=\"lazy\" decoding=\"async\" class=\"size-full wp-image-16588\" src=\"https:\/\/www.latribunedufaso.net\/wp-content\/uploads\/2024\/10\/IMG_20241029_095416_792-scaled.jpg\" alt=\"Le coordinateur du projet lors de l'Le DIRCAB du minist\u00e8re en charge de l'Action humanitaire lors de l'Le Chef de la coop\u00e9ration \u00e0 l'ambassade d'Allemagne au Burkina lors de l'Atelier de lancement et planification op\u00e9rationnelle du projet FEJ-PEFJ, 29 octobre 2024\" width=\"2560\" height=\"1920\" srcset=\"https:\/\/www.latribunedufaso.net\/wp-content\/uploads\/2024\/10\/IMG_20241029_095416_792-scaled.jpg 2560w, https:\/\/www.latribunedufaso.net\/wp-content\/uploads\/2024\/10\/IMG_20241029_095416_792-300x225.jpg 300w, https:\/\/www.latribunedufaso.net\/wp-content\/uploads\/2024\/10\/IMG_20241029_095416_792-1024x768.jpg 1024w, https:\/\/www.latribunedufaso.net\/wp-content\/uploads\/2024\/10\/IMG_20241029_095416_792-768x576.jpg 768w, https:\/\/www.latribunedufaso.net\/wp-content\/uploads\/2024\/10\/IMG_20241029_095416_792-1536x1152.jpg 1536w, https:\/\/www.latribunedufaso.net\/wp-content\/uploads\/2024\/10\/IMG_20241029_095416_792-2048x1536.jpg 2048w\" sizes=\"auto, (max-width: 2560px) 100vw, 2560px\" \/><\/a><figcaption id=\"caption-attachment-16588\" class=\"wp-caption-text\">Le Coordinateur du projet FEJ-PEFJ, Hamidou Seone &#8211; Ph. I. Tapsoba<\/figcaption><\/figure>\n<p>Le projet FEJ-PEFJ devra permettre de r\u00e9aliser plusieurs actions au profit des groupes cibles que sont les enfants et jeunes vuln\u00e9rables dans les zones d&rsquo;intervention, selon son coordinateur Hamidou Seone. Il s\u2019agit, entre autres, de la construction et l\u2019\u00e9quipement d\u2019infrastructures sociales, des centres de formation professionnelle et l\u2019octroi de bourses scolaires et de formation professionnelle aux orphelins et autres enfants vuln\u00e9rables. A cela s\u2019ajoute l\u2019octroi de subvention aux femmes, y compris celles d\u00e9plac\u00e9es internes pour les Activit\u00e9s g\u00e9n\u00e9ratrices de revenus (AGR).<\/p>\n<figure id=\"attachment_16590\" aria-describedby=\"caption-attachment-16590\" style=\"width: 2560px\" class=\"wp-caption aligncenter\"><a href=\"https:\/\/www.latribunedufaso.net\/wp-content\/uploads\/2024\/10\/IMG_20241029_091256_375-scaled.jpg\"><img loading=\"lazy\" decoding=\"async\" class=\"size-full wp-image-16590\" src=\"https:\/\/www.latribunedufaso.net\/wp-content\/uploads\/2024\/10\/IMG_20241029_091256_375-scaled.jpg\" alt=\"Le Chef de la coop\u00e9ration \u00e0 l'ambassade d'Allemagne au Burkina lors de l'Atelier de lancement et planification op\u00e9rationnelle du projet FEJ-PEFJ, 29 octobre 2024\" width=\"2560\" height=\"1920\" srcset=\"https:\/\/www.latribunedufaso.net\/wp-content\/uploads\/2024\/10\/IMG_20241029_091256_375-scaled.jpg 2560w, https:\/\/www.latribunedufaso.net\/wp-content\/uploads\/2024\/10\/IMG_20241029_091256_375-300x225.jpg 300w, https:\/\/www.latribunedufaso.net\/wp-content\/uploads\/2024\/10\/IMG_20241029_091256_375-1024x768.jpg 1024w, https:\/\/www.latribunedufaso.net\/wp-content\/uploads\/2024\/10\/IMG_20241029_091256_375-768x576.jpg 768w, https:\/\/www.latribunedufaso.net\/wp-content\/uploads\/2024\/10\/IMG_20241029_091256_375-1536x1152.jpg 1536w, https:\/\/www.latribunedufaso.net\/wp-content\/uploads\/2024\/10\/IMG_20241029_091256_375-2048x1536.jpg 2048w\" sizes=\"auto, (max-width: 2560px) 100vw, 2560px\" \/><\/a><figcaption id=\"caption-attachment-16590\" class=\"wp-caption-text\">Le Chef de la Coop\u00e9ration de l\u2019ambassade de la R\u00e9publique F\u00e9d\u00e9rale d\u2019Allemagne au Burkina, Jan Meise &#8211; Ph. I. Tapsoba<\/figcaption><\/figure>\n<p>Les valeurs de ce projet sont partag\u00e9es par le peuple allemand, selon le Chef de la Coop\u00e9ration de l\u2019ambassade de la R\u00e9publique F\u00e9d\u00e9rale d\u2019Allemagne au Burkina, Jan Meise, repr\u00e9sentant l\u2019ambassadeur \u00e0 la c\u00e9r\u00e9monie. <em><strong>\u00ab Ce projet est le reflet des valeurs de solidarit\u00e9, de respect des droits humains et d\u2019engagement que partagent l\u2019Allemagne et le Burkina Faso, surtout en ces temps difficiles \u00bb,<\/strong><\/em> a-t-il indiqu\u00e9.<\/p>\n<p><strong>Issouf TAPSOBA <\/strong><\/p>\n<p><strong>Latribunedufaso.net<\/strong><\/p>\n<figure id=\"attachment_16592\" aria-describedby=\"caption-attachment-16592\" style=\"width: 2560px\" class=\"wp-caption aligncenter\"><a href=\"https:\/\/www.latribunedufaso.net\/wp-content\/uploads\/2024\/10\/IMG_20241029_093109_248-scaled.jpg\"><img loading=\"lazy\" decoding=\"async\" class=\"size-full wp-image-16592\" src=\"https:\/\/www.latribunedufaso.net\/wp-content\/uploads\/2024\/10\/IMG_20241029_093109_248-scaled.jpg\" alt=\"Atelier de lancement et planification op\u00e9rationnelle du projet FEJ-PEFJ, 29 octobre 2024\" width=\"2560\" height=\"1920\" srcset=\"https:\/\/www.latribunedufaso.net\/wp-content\/uploads\/2024\/10\/IMG_20241029_093109_248-scaled.jpg 2560w, https:\/\/www.latribunedufaso.net\/wp-content\/uploads\/2024\/10\/IMG_20241029_093109_248-300x225.jpg 300w, https:\/\/www.latribunedufaso.net\/wp-content\/uploads\/2024\/10\/IMG_20241029_093109_248-1024x768.jpg 1024w, https:\/\/www.latribunedufaso.net\/wp-content\/uploads\/2024\/10\/IMG_20241029_093109_248-768x576.jpg 768w, https:\/\/www.latribunedufaso.net\/wp-content\/uploads\/2024\/10\/IMG_20241029_093109_248-1536x1152.jpg 1536w, https:\/\/www.latribunedufaso.net\/wp-content\/uploads\/2024\/10\/IMG_20241029_093109_248-2048x1536.jpg 2048w\" sizes=\"auto, (max-width: 2560px) 100vw, 2560px\" \/><\/a><figcaption id=\"caption-attachment-16592\" class=\"wp-caption-text\">Pendant deux jours, les acteurs prendront connaissance des activit\u00e9s du projet, \u00e9changeront sur leur pertinence et d\u00e9gageront une orientation strat\u00e9gique &#8211; Ph. I. Tapsoba<\/figcaption><\/figure>\n","protected":false},"excerpt":{"rendered":"<p>Du 29 au 30 octobre 2024 \u00e0 Ouagadougou, l\u2019Unit\u00e9 de coordination du projet Fonds Enfants et Jeunes\/Protection des Enfants et Formation des Jeunes (FEJ-PEFJ) tient un atelier de planification op\u00e9rationnelle de ses activit\u00e9s. Le top d\u00e9part des travaux est donn\u00e9, ce 29 octobre, par le Directeur du cabinet (DIRCAB) du ministre en charge de l\u2019Action humanitaire, Soum\u00e8la Sako.<\/p>\n","protected":false},"author":5,"featured_media":16591,"comment_status":"open","ping_status":"open","sticky":false,"template":"","format":"standard","meta":{"footnotes":""},"categories":[13,1,8],"tags":[380,39,379,381],"class_list":["post-16587","post","type-post","status-publish","format-standard","has-post-thumbnail","hentry","category-une","category-actu","category-societe","tag-cooperation-germano-burkinabe","tag-latribunedufaso-net","tag-projet-fej-pefj","tag-protection-des-enfants-et-jeunes-vulnerables"],"yoast_head":"<!-- This site is optimized with the Yoast SEO plugin v27.5 - https:\/\/yoast.com\/product\/yoast-seo-wordpress\/ -->\n<title>Protection des enfants et formation des jeunes : Les acteurs du projet FEJ-PEFJ \u00e9changent sur la mise en \u0153uvre des activit\u00e9s - La Tribune du Faso<\/title>\n<meta name=\"robots\" content=\"index, follow, max-snippet:-1, max-image-preview:large, max-video-preview:-1\" \/>\n<link rel=\"canonical\" href=\"https:\/\/www.latribunedufaso.net\/?p=16587\" \/>\n<meta property=\"og:locale\" content=\"fr_FR\" \/>\n<meta property=\"og:type\" content=\"article\" \/>\n<meta property=\"og:title\" content=\"Protection des enfants et formation des jeunes : Les acteurs du projet FEJ-PEFJ \u00e9changent sur la mise en \u0153uvre des activit\u00e9s - La Tribune du Faso\" \/>\n<meta property=\"og:description\" content=\"Du 29 au 30 octobre 2024 \u00e0 Ouagadougou, l\u2019Unit\u00e9 de coordination du projet Fonds Enfants et Jeunes\/Protection des Enfants et Formation des Jeunes (FEJ-PEFJ) tient un atelier de planification op\u00e9rationnelle de ses activit\u00e9s. Le top d\u00e9part des travaux est donn\u00e9, ce 29 octobre, par le Directeur du cabinet (DIRCAB) du ministre en charge de l\u2019Action humanitaire, Soum\u00e8la Sako.\" \/>\n<meta property=\"og:url\" content=\"https:\/\/www.latribunedufaso.net\/?p=16587\" \/>\n<meta property=\"og:site_name\" content=\"La Tribune du Faso\" \/>\n<meta property=\"article:publisher\" content=\"https:\/\/www.facebook.com\/LatribuneduFaso\/\" \/>\n<meta property=\"article:published_time\" content=\"2024-10-29T19:03:39+00:00\" \/>\n<meta property=\"og:image\" content=\"https:\/\/www.latribunedufaso.net\/wp-content\/uploads\/2024\/10\/IMG_20241029_091436_167-scaled.jpg\" \/>\n\t<meta property=\"og:image:width\" content=\"2560\" \/>\n\t<meta property=\"og:image:height\" content=\"1920\" \/>\n\t<meta property=\"og:image:type\" content=\"image\/jpeg\" \/>\n<meta name=\"author\" content=\"Issouf Tapsoba\" \/>\n<meta name=\"twitter:label1\" content=\"\u00c9crit par\" \/>\n\t<meta name=\"twitter:data1\" content=\"Issouf Tapsoba\" \/>\n\t<meta name=\"twitter:label2\" content=\"Dur\u00e9e de lecture estim\u00e9e\" \/>\n\t<meta name=\"twitter:data2\" content=\"3 minutes\" \/>\n<script type=\"application\/ld+json\" class=\"yoast-schema-graph\">{\"@context\":\"https:\\\/\\\/schema.org\",\"@graph\":[{\"@type\":\"Article\",\"@id\":\"https:\\\/\\\/www.latribunedufaso.net\\\/?p=16587#article\",\"isPartOf\":{\"@id\":\"https:\\\/\\\/www.latribunedufaso.net\\\/?p=16587\"},\"author\":{\"name\":\"Issouf Tapsoba\",\"@id\":\"https:\\\/\\\/www.latribunedufaso.net\\\/#\\\/schema\\\/person\\\/e54e64c5778a7e72cf80a318b7a622b0\"},\"headline\":\"Protection des enfants et formation des jeunes : Les acteurs du projet FEJ-PEFJ \u00e9changent sur la mise en \u0153uvre des activit\u00e9s\",\"datePublished\":\"2024-10-29T19:03:39+00:00\",\"mainEntityOfPage\":{\"@id\":\"https:\\\/\\\/www.latribunedufaso.net\\\/?p=16587\"},\"wordCount\":606,\"commentCount\":0,\"publisher\":{\"@id\":\"https:\\\/\\\/www.latribunedufaso.net\\\/#organization\"},\"image\":{\"@id\":\"https:\\\/\\\/www.latribunedufaso.net\\\/?p=16587#primaryimage\"},\"thumbnailUrl\":\"https:\\\/\\\/www.latribunedufaso.net\\\/wp-content\\\/uploads\\\/2024\\\/10\\\/IMG_20241029_091436_167-scaled.jpg\",\"keywords\":[\"Coop\u00e9ration Germano-burkinab\u00e8\",\"latribunedufaso.net\",\"Projet FEJ-PEFJ\",\"Protection des enfants et jeunes vuln\u00e9rables\"],\"articleSection\":[\"A la une\",\"Actualit\u00e9\",\"Soci\u00e9t\u00e9\"],\"inLanguage\":\"fr-FR\",\"potentialAction\":[{\"@type\":\"CommentAction\",\"name\":\"Comment\",\"target\":[\"https:\\\/\\\/www.latribunedufaso.net\\\/?p=16587#respond\"]}]},{\"@type\":\"WebPage\",\"@id\":\"https:\\\/\\\/www.latribunedufaso.net\\\/?p=16587\",\"url\":\"https:\\\/\\\/www.latribunedufaso.net\\\/?p=16587\",\"name\":\"Protection des enfants et formation des jeunes : Les acteurs du projet FEJ-PEFJ \u00e9changent sur la mise en \u0153uvre des activit\u00e9s - La Tribune du Faso\",\"isPartOf\":{\"@id\":\"https:\\\/\\\/www.latribunedufaso.net\\\/#website\"},\"primaryImageOfPage\":{\"@id\":\"https:\\\/\\\/www.latribunedufaso.net\\\/?p=16587#primaryimage\"},\"image\":{\"@id\":\"https:\\\/\\\/www.latribunedufaso.net\\\/?p=16587#primaryimage\"},\"thumbnailUrl\":\"https:\\\/\\\/www.latribunedufaso.net\\\/wp-content\\\/uploads\\\/2024\\\/10\\\/IMG_20241029_091436_167-scaled.jpg\",\"datePublished\":\"2024-10-29T19:03:39+00:00\",\"breadcrumb\":{\"@id\":\"https:\\\/\\\/www.latribunedufaso.net\\\/?p=16587#breadcrumb\"},\"inLanguage\":\"fr-FR\",\"potentialAction\":[{\"@type\":\"ReadAction\",\"target\":[\"https:\\\/\\\/www.latribunedufaso.net\\\/?p=16587\"]}]},{\"@type\":\"ImageObject\",\"inLanguage\":\"fr-FR\",\"@id\":\"https:\\\/\\\/www.latribunedufaso.net\\\/?p=16587#primaryimage\",\"url\":\"https:\\\/\\\/www.latribunedufaso.net\\\/wp-content\\\/uploads\\\/2024\\\/10\\\/IMG_20241029_091436_167-scaled.jpg\",\"contentUrl\":\"https:\\\/\\\/www.latribunedufaso.net\\\/wp-content\\\/uploads\\\/2024\\\/10\\\/IMG_20241029_091436_167-scaled.jpg\",\"width\":2560,\"height\":1920,\"caption\":\"Atelier de lancement et planification op\u00e9rationnelle du projet FEJ-PEFJ, 29 octobre 2024\"},{\"@type\":\"BreadcrumbList\",\"@id\":\"https:\\\/\\\/www.latribunedufaso.net\\\/?p=16587#breadcrumb\",\"itemListElement\":[{\"@type\":\"ListItem\",\"position\":1,\"name\":\"Accueil\",\"item\":\"https:\\\/\\\/www.latribunedufaso.net\\\/\"},{\"@type\":\"ListItem\",\"position\":2,\"name\":\"Protection des enfants et formation des jeunes : Les acteurs du projet FEJ-PEFJ \u00e9changent sur la mise en \u0153uvre des activit\u00e9s\"}]},{\"@type\":\"WebSite\",\"@id\":\"https:\\\/\\\/www.latribunedufaso.net\\\/#website\",\"url\":\"https:\\\/\\\/www.latribunedufaso.net\\\/\",\"name\":\"La Tribune du Faso\",\"description\":\"L&#039;information du monde rural en un clic\",\"publisher\":{\"@id\":\"https:\\\/\\\/www.latribunedufaso.net\\\/#organization\"},\"potentialAction\":[{\"@type\":\"SearchAction\",\"target\":{\"@type\":\"EntryPoint\",\"urlTemplate\":\"https:\\\/\\\/www.latribunedufaso.net\\\/?s={search_term_string}\"},\"query-input\":{\"@type\":\"PropertyValueSpecification\",\"valueRequired\":true,\"valueName\":\"search_term_string\"}}],\"inLanguage\":\"fr-FR\"},{\"@type\":\"Organization\",\"@id\":\"https:\\\/\\\/www.latribunedufaso.net\\\/#organization\",\"name\":\"La Tribune du Faso\",\"url\":\"https:\\\/\\\/www.latribunedufaso.net\\\/\",\"logo\":{\"@type\":\"ImageObject\",\"inLanguage\":\"fr-FR\",\"@id\":\"https:\\\/\\\/www.latribunedufaso.net\\\/#\\\/schema\\\/logo\\\/image\\\/\",\"url\":\"https:\\\/\\\/www.latribunedufaso.net\\\/wp-content\\\/uploads\\\/2020\\\/08\\\/Logo-Tribune-du-Faso-final-scaled.jpg\",\"contentUrl\":\"https:\\\/\\\/www.latribunedufaso.net\\\/wp-content\\\/uploads\\\/2020\\\/08\\\/Logo-Tribune-du-Faso-final-scaled.jpg\",\"width\":2560,\"height\":1856,\"caption\":\"La Tribune du Faso\"},\"image\":{\"@id\":\"https:\\\/\\\/www.latribunedufaso.net\\\/#\\\/schema\\\/logo\\\/image\\\/\"},\"sameAs\":[\"https:\\\/\\\/www.facebook.com\\\/LatribuneduFaso\\\/\"]},{\"@type\":\"Person\",\"@id\":\"https:\\\/\\\/www.latribunedufaso.net\\\/#\\\/schema\\\/person\\\/e54e64c5778a7e72cf80a318b7a622b0\",\"name\":\"Issouf Tapsoba\",\"image\":{\"@type\":\"ImageObject\",\"inLanguage\":\"fr-FR\",\"@id\":\"https:\\\/\\\/secure.gravatar.com\\\/avatar\\\/5e6c05150ce3230247d167f5b94d678eb05936197436d69b7921e3a95c9107ac?s=96&d=mm&r=g\",\"url\":\"https:\\\/\\\/secure.gravatar.com\\\/avatar\\\/5e6c05150ce3230247d167f5b94d678eb05936197436d69b7921e3a95c9107ac?s=96&d=mm&r=g\",\"contentUrl\":\"https:\\\/\\\/secure.gravatar.com\\\/avatar\\\/5e6c05150ce3230247d167f5b94d678eb05936197436d69b7921e3a95c9107ac?s=96&d=mm&r=g\",\"caption\":\"Issouf Tapsoba\"},\"url\":\"https:\\\/\\\/www.latribunedufaso.net\\\/?author=5\"}]}<\/script>\n<!-- \/ Yoast SEO plugin. -->","yoast_head_json":{"title":"Protection des enfants et formation des jeunes : Les acteurs du projet FEJ-PEFJ \u00e9changent sur la mise en \u0153uvre des activit\u00e9s - La Tribune du Faso","robots":{"index":"index","follow":"follow","max-snippet":"max-snippet:-1","max-image-preview":"max-image-preview:large","max-video-preview":"max-video-preview:-1"},"canonical":"https:\/\/www.latribunedufaso.net\/?p=16587","og_locale":"fr_FR","og_type":"article","og_title":"Protection des enfants et formation des jeunes : Les acteurs du projet FEJ-PEFJ \u00e9changent sur la mise en \u0153uvre des activit\u00e9s - La Tribune du Faso","og_description":"Du 29 au 30 octobre 2024 \u00e0 Ouagadougou, l\u2019Unit\u00e9 de coordination du projet Fonds Enfants et Jeunes\/Protection des Enfants et Formation des Jeunes (FEJ-PEFJ) tient un atelier de planification op\u00e9rationnelle de ses activit\u00e9s. Le top d\u00e9part des travaux est donn\u00e9, ce 29 octobre, par le Directeur du cabinet (DIRCAB) du ministre en charge de l\u2019Action humanitaire, Soum\u00e8la Sako.","og_url":"https:\/\/www.latribunedufaso.net\/?p=16587","og_site_name":"La Tribune du Faso","article_publisher":"https:\/\/www.facebook.com\/LatribuneduFaso\/","article_published_time":"2024-10-29T19:03:39+00:00","og_image":[{"width":2560,"height":1920,"url":"https:\/\/www.latribunedufaso.net\/wp-content\/uploads\/2024\/10\/IMG_20241029_091436_167-scaled.jpg","type":"image\/jpeg"}],"author":"Issouf Tapsoba","twitter_misc":{"\u00c9crit par":"Issouf Tapsoba","Dur\u00e9e de lecture estim\u00e9e":"3 minutes"},"schema":{"@context":"https:\/\/schema.org","@graph":[{"@type":"Article","@id":"https:\/\/www.latribunedufaso.net\/?p=16587#article","isPartOf":{"@id":"https:\/\/www.latribunedufaso.net\/?p=16587"},"author":{"name":"Issouf Tapsoba","@id":"https:\/\/www.latribunedufaso.net\/#\/schema\/person\/e54e64c5778a7e72cf80a318b7a622b0"},"headline":"Protection des enfants et formation des jeunes : Les acteurs du projet FEJ-PEFJ \u00e9changent sur la mise en \u0153uvre des activit\u00e9s","datePublished":"2024-10-29T19:03:39+00:00","mainEntityOfPage":{"@id":"https:\/\/www.latribunedufaso.net\/?p=16587"},"wordCount":606,"commentCount":0,"publisher":{"@id":"https:\/\/www.latribunedufaso.net\/#organization"},"image":{"@id":"https:\/\/www.latribunedufaso.net\/?p=16587#primaryimage"},"thumbnailUrl":"https:\/\/www.latribunedufaso.net\/wp-content\/uploads\/2024\/10\/IMG_20241029_091436_167-scaled.jpg","keywords":["Coop\u00e9ration Germano-burkinab\u00e8","latribunedufaso.net","Projet FEJ-PEFJ","Protection des enfants et jeunes vuln\u00e9rables"],"articleSection":["A la une","Actualit\u00e9","Soci\u00e9t\u00e9"],"inLanguage":"fr-FR","potentialAction":[{"@type":"CommentAction","name":"Comment","target":["https:\/\/www.latribunedufaso.net\/?p=16587#respond"]}]},{"@type":"WebPage","@id":"https:\/\/www.latribunedufaso.net\/?p=16587","url":"https:\/\/www.latribunedufaso.net\/?p=16587","name":"Protection des enfants et formation des jeunes : Les acteurs du projet FEJ-PEFJ \u00e9changent sur la mise en \u0153uvre des activit\u00e9s - La Tribune du Faso","isPartOf":{"@id":"https:\/\/www.latribunedufaso.net\/#website"},"primaryImageOfPage":{"@id":"https:\/\/www.latribunedufaso.net\/?p=16587#primaryimage"},"image":{"@id":"https:\/\/www.latribunedufaso.net\/?p=16587#primaryimage"},"thumbnailUrl":"https:\/\/www.latribunedufaso.net\/wp-content\/uploads\/2024\/10\/IMG_20241029_091436_167-scaled.jpg","datePublished":"2024-10-29T19:03:39+00:00","breadcrumb":{"@id":"https:\/\/www.latribunedufaso.net\/?p=16587#breadcrumb"},"inLanguage":"fr-FR","potentialAction":[{"@type":"ReadAction","target":["https:\/\/www.latribunedufaso.net\/?p=16587"]}]},{"@type":"ImageObject","inLanguage":"fr-FR","@id":"https:\/\/www.latribunedufaso.net\/?p=16587#primaryimage","url":"https:\/\/www.latribunedufaso.net\/wp-content\/uploads\/2024\/10\/IMG_20241029_091436_167-scaled.jpg","contentUrl":"https:\/\/www.latribunedufaso.net\/wp-content\/uploads\/2024\/10\/IMG_20241029_091436_167-scaled.jpg","width":2560,"height":1920,"caption":"Atelier de lancement et planification op\u00e9rationnelle du projet FEJ-PEFJ, 29 octobre 2024"},{"@type":"BreadcrumbList","@id":"https:\/\/www.latribunedufaso.net\/?p=16587#breadcrumb","itemListElement":[{"@type":"ListItem","position":1,"name":"Accueil","item":"https:\/\/www.latribunedufaso.net\/"},{"@type":"ListItem","position":2,"name":"Protection des enfants et formation des jeunes : Les acteurs du projet FEJ-PEFJ \u00e9changent sur la mise en \u0153uvre des activit\u00e9s"}]},{"@type":"WebSite","@id":"https:\/\/www.latribunedufaso.net\/#website","url":"https:\/\/www.latribunedufaso.net\/","name":"La Tribune du Faso","description":"L&#039;information du monde rural en un clic","publisher":{"@id":"https:\/\/www.latribunedufaso.net\/#organization"},"potentialAction":[{"@type":"SearchAction","target":{"@type":"EntryPoint","urlTemplate":"https:\/\/www.latribunedufaso.net\/?s={search_term_string}"},"query-input":{"@type":"PropertyValueSpecification","valueRequired":true,"valueName":"search_term_string"}}],"inLanguage":"fr-FR"},{"@type":"Organization","@id":"https:\/\/www.latribunedufaso.net\/#organization","name":"La Tribune du Faso","url":"https:\/\/www.latribunedufaso.net\/","logo":{"@type":"ImageObject","inLanguage":"fr-FR","@id":"https:\/\/www.latribunedufaso.net\/#\/schema\/logo\/image\/","url":"https:\/\/www.latribunedufaso.net\/wp-content\/uploads\/2020\/08\/Logo-Tribune-du-Faso-final-scaled.jpg","contentUrl":"https:\/\/www.latribunedufaso.net\/wp-content\/uploads\/2020\/08\/Logo-Tribune-du-Faso-final-scaled.jpg","width":2560,"height":1856,"caption":"La Tribune du Faso"},"image":{"@id":"https:\/\/www.latribunedufaso.net\/#\/schema\/logo\/image\/"},"sameAs":["https:\/\/www.facebook.com\/LatribuneduFaso\/"]},{"@type":"Person","@id":"https:\/\/www.latribunedufaso.net\/#\/schema\/person\/e54e64c5778a7e72cf80a318b7a622b0","name":"Issouf Tapsoba","image":{"@type":"ImageObject","inLanguage":"fr-FR","@id":"https:\/\/secure.gravatar.com\/avatar\/5e6c05150ce3230247d167f5b94d678eb05936197436d69b7921e3a95c9107ac?s=96&d=mm&r=g","url":"https:\/\/secure.gravatar.com\/avatar\/5e6c05150ce3230247d167f5b94d678eb05936197436d69b7921e3a95c9107ac?s=96&d=mm&r=g","contentUrl":"https:\/\/secure.gravatar.com\/avatar\/5e6c05150ce3230247d167f5b94d678eb05936197436d69b7921e3a95c9107ac?s=96&d=mm&r=g","caption":"Issouf Tapsoba"},"url":"https:\/\/www.latribunedufaso.net\/?author=5"}]}},"_links":{"self":[{"href":"https:\/\/www.latribunedufaso.net\/index.php?rest_route=\/wp\/v2\/posts\/16587","targetHints":{"allow":["GET"]}}],"collection":[{"href":"https:\/\/www.latribunedufaso.net\/index.php?rest_route=\/wp\/v2\/posts"}],"about":[{"href":"https:\/\/www.latribunedufaso.net\/index.php?rest_route=\/wp\/v2\/types\/post"}],"author":[{"embeddable":true,"href":"https:\/\/www.latribunedufaso.net\/index.php?rest_route=\/wp\/v2\/users\/5"}],"replies":[{"embeddable":true,"href":"https:\/\/www.latribunedufaso.net\/index.php?rest_route=%2Fwp%2Fv2%2Fcomments&post=16587"}],"version-history":[{"count":1,"href":"https:\/\/www.latribunedufaso.net\/index.php?rest_route=\/wp\/v2\/posts\/16587\/revisions"}],"predecessor-version":[{"id":16593,"href":"https:\/\/www.latribunedufaso.net\/index.php?rest_route=\/wp\/v2\/posts\/16587\/revisions\/16593"}],"wp:featuredmedia":[{"embeddable":true,"href":"https:\/\/www.latribunedufaso.net\/index.php?rest_route=\/wp\/v2\/media\/16591"}],"wp:attachment":[{"href":"https:\/\/www.latribunedufaso.net\/index.php?rest_route=%2Fwp%2Fv2%2Fmedia&parent=16587"}],"wp:term":[{"taxonomy":"category","embeddable":true,"href":"https:\/\/www.latribunedufaso.net\/index.php?rest_route=%2Fwp%2Fv2%2Fcategories&post=16587"},{"taxonomy":"post_tag","embeddable":true,"href":"https:\/\/www.latribunedufaso.net\/index.php?rest_route=%2Fwp%2Fv2%2Ftags&post=16587"}],"curies":[{"name":"wp","href":"https:\/\/api.w.org\/{rel}","templated":true}]}}