{"id":16444,"date":"2024-10-21T20:53:21","date_gmt":"2024-10-21T20:53:21","guid":{"rendered":"https:\/\/www.latribunedufaso.net\/?p=16444"},"modified":"2024-10-21T20:55:00","modified_gmt":"2024-10-21T20:55:00","slug":"deviation-du-pont-nare-un-soulagement-pour-les-usagers-de-la-rn3","status":"publish","type":"post","link":"https:\/\/www.latribunedufaso.net\/?p=16444","title":{"rendered":"D\u00e9viation du pont Nar\u00e9 : Un soulagement pour les usagers de la RN3"},"content":{"rendered":"<p><strong style=\"font-size: 1.0625rem;\">La voie de d\u00e9viation du pont Nar\u00e9 sur la RN3, financ\u00e9e \u00e0 hauteur de 646 millions FCFA par IAMGOLD Essakane SA, a \u00e9t\u00e9 officiellement remise au minist\u00e8re des Infrastructures. C&rsquo;\u00e9tait a l&rsquo;occasion d&rsquo;une c\u00e9r\u00e9monie organis\u00e9e <span style=\"font-size: 1.0625rem;\">ce 21 octobre 2024 \u00e0 Ouagadougou. Ce projet vise \u00e0 am\u00e9liorer la circulation sur l\u2019axe reliant Kaya \u00e0 Dori.<\/span><\/strong><\/p>\n<p><!--more--><\/p>\n<p>La c\u00e9r\u00e9monie s\u2019est tenue en pr\u00e9sence du ministre des Infrastructures, Luc Adama Sorgho, et du directeur g\u00e9n\u00e9ral de IAMGOLD Essakane SA, Tidiane Barry. <span style=\"font-size: 1.0625rem;\">Dans son allocution, le ministre a exprim\u00e9 sa satisfaction quant \u00e0 la qualit\u00e9 de l\u2019ouvrage, mettant en avant l\u2019importance de cette initiative. <em><strong>\u00ab Nous sommes satisfaits de la qualit\u00e9 de l\u2019ouvrage. Il va permettre de r\u00e9aliser un v\u00e9ritable ouvrage. Contrairement \u00e0 d\u2019autres d\u00e9viations, celle-ci a \u00e9t\u00e9 bitum\u00e9e, en raison de l&rsquo;ins\u00e9curit\u00e9 de la zone \u00bb,<\/strong><\/em> a-t-il d\u00e9clar\u00e9.<\/span><\/p>\n<figure id=\"attachment_16447\" aria-describedby=\"caption-attachment-16447\" style=\"width: 2560px\" class=\"wp-caption aligncenter\"><a href=\"https:\/\/www.latribunedufaso.net\/wp-content\/uploads\/2024\/10\/IMG-20241021-WA0071.jpg\"><img loading=\"lazy\" decoding=\"async\" class=\"size-full wp-image-16447\" src=\"https:\/\/www.latribunedufaso.net\/wp-content\/uploads\/2024\/10\/IMG-20241021-WA0071.jpg\" alt=\"Photo du Ministre Luc Adama SORGHO s'exprimant lors de la c\u00e9r\u00e9monie officielle de remise de la voie de d\u00e9viation du pont Nar\u00e9, entour\u00e9 de repr\u00e9sentants d'IAMGOLD et d'autres autorit\u00e9s, 21 octobre 2024\" width=\"2560\" height=\"1920\" srcset=\"https:\/\/www.latribunedufaso.net\/wp-content\/uploads\/2024\/10\/IMG-20241021-WA0071.jpg 2560w, https:\/\/www.latribunedufaso.net\/wp-content\/uploads\/2024\/10\/IMG-20241021-WA0071-300x225.jpg 300w, https:\/\/www.latribunedufaso.net\/wp-content\/uploads\/2024\/10\/IMG-20241021-WA0071-1024x768.jpg 1024w, https:\/\/www.latribunedufaso.net\/wp-content\/uploads\/2024\/10\/IMG-20241021-WA0071-768x576.jpg 768w, https:\/\/www.latribunedufaso.net\/wp-content\/uploads\/2024\/10\/IMG-20241021-WA0071-1536x1152.jpg 1536w, https:\/\/www.latribunedufaso.net\/wp-content\/uploads\/2024\/10\/IMG-20241021-WA0071-2048x1536.jpg 2048w\" sizes=\"auto, (max-width: 2560px) 100vw, 2560px\" \/><\/a><figcaption id=\"caption-attachment-16447\" class=\"wp-caption-text\">Le Directeur g\u00e9n\u00e9ral de Essakane, Tidiane Barry (\u00e0 droite) et le ministre des Infrastructures, Adama Luc Sorgho (au micro) &#8211; Ph. N. Ouattara<\/figcaption><\/figure>\n<p>Luc Adama SORGHO a \u00e9galement fait cas des d\u00e9fis rencontr\u00e9s durant la r\u00e9alisation. Il a soulign\u00e9 le r\u00f4le crucial des forces de d\u00e9fense et de s\u00e9curit\u00e9. Il a par ailleurs souhait\u00e9 que d\u2019autres entreprises embo\u00eetent le pas de IAMGOLD Essakane SA pour aider l\u2019Etat \u00e0 r\u00e9aliser plus d\u2019ouvrages pour le bonheur des populations. <em><strong>\u00ab Nous disons merci \u00e0 IAMGOLD ESSAKANE SA et f\u00e9licitons l&rsquo;AMP qui a connu des sabotages \u00e0 un moment donn\u00e9. C&rsquo;est du patriotisme parce qu\u2019il y a peu d&rsquo;entreprise qui peuvent tenir face \u00e0 cette situation \u00bb,<\/strong><\/em> s&rsquo;est r\u00e9joui le ministre des Infrastructures Adama Luc Sorgho.\u00a0<\/p>\n<blockquote>\n<p>Lire aussi &gt;&gt; <a href=\"https:\/\/www.latribunedufaso.net\/?p=16213\">Responsabilit\u00e9 soci\u00e9tale : Essakane offre un nouveau terrain de basket ball \u00e0 l\u2019universit\u00e9 Joseph Ki-Zerbo<\/a><\/p>\n<\/blockquote>\n<p>Le directeur g\u00e9n\u00e9ral de IAMGOLD Essakane SA, <span style=\"font-size: 1.0625rem;\">Tidiane Barry a, pour sa part, salu\u00e9 l\u2019excellence de ses relations avec l\u2019\u00c9tat du Burkina Faso. Il a \u00e9galement r\u00e9affirm\u00e9 leur engagement \u00e0 soutenir les actions de bien-\u00eatre des populations de la r\u00e9gion du Sahel.\u00a0<\/span><\/p>\n<figure id=\"attachment_16450\" aria-describedby=\"caption-attachment-16450\" style=\"width: 780px\" class=\"wp-caption aligncenter\"><a href=\"https:\/\/www.latribunedufaso.net\/wp-content\/uploads\/2024\/10\/IMG-20241021-WA0056_1.jpg\"><img loading=\"lazy\" decoding=\"async\" class=\"size-full wp-image-16450\" src=\"https:\/\/www.latribunedufaso.net\/wp-content\/uploads\/2024\/10\/IMG-20241021-WA0056_1.jpg\" alt=\"\" width=\"780\" height=\"585\" srcset=\"https:\/\/www.latribunedufaso.net\/wp-content\/uploads\/2024\/10\/IMG-20241021-WA0056_1.jpg 780w, https:\/\/www.latribunedufaso.net\/wp-content\/uploads\/2024\/10\/IMG-20241021-WA0056_1-300x225.jpg 300w, https:\/\/www.latribunedufaso.net\/wp-content\/uploads\/2024\/10\/IMG-20241021-WA0056_1-768x576.jpg 768w\" sizes=\"auto, (max-width: 780px) 100vw, 780px\" \/><\/a><figcaption id=\"caption-attachment-16450\" class=\"wp-caption-text\">La nouvelle voie de d\u00e9viation du pont Nar\u00e9, r\u00e9cemment achev\u00e9e &#8211; Ph. DR<\/figcaption><\/figure>\n<p>R\u00e9alis\u00e9s par l\u2019entreprise African Mining Partner (AMP), les travaux de cette voie de d\u00e9viation ont \u00e9t\u00e9 achev\u00e9s dans les d\u00e9lais impartis de six mois. Ce nouvel axe de circulation, faut-il le souligner, est longue de 1,5 Km et repr\u00e9sente ainsi un v\u00e9ritable soulagement pour les usagers de la RN3.<\/p>\n<p><strong>Nabintou OUATTARA\u00a0<\/strong><\/p>\n<p><strong><span style=\"font-size: 1.0625rem;\">Latribunedufas<\/span><span style=\"font-size: 1.0625rem;\">o.net<\/span><\/strong><\/p>\n<figure id=\"attachment_16445\" aria-describedby=\"caption-attachment-16445\" style=\"width: 2560px\" class=\"wp-caption aligncenter\"><a href=\"https:\/\/www.latribunedufaso.net\/wp-content\/uploads\/2024\/10\/IMG-20241021-WA0075.jpg\"><img loading=\"lazy\" decoding=\"async\" class=\"size-full wp-image-16445\" src=\"https:\/\/www.latribunedufaso.net\/wp-content\/uploads\/2024\/10\/IMG-20241021-WA0075.jpg\" alt=\"C\u00e9r\u00e9monie de remise de la d\u00e9viation du pont de Nar\u00e9 r\u00e9alis\u00e9e par Essakane SA, 21 octobre 2024\" width=\"2560\" height=\"1920\" srcset=\"https:\/\/www.latribunedufaso.net\/wp-content\/uploads\/2024\/10\/IMG-20241021-WA0075.jpg 2560w, https:\/\/www.latribunedufaso.net\/wp-content\/uploads\/2024\/10\/IMG-20241021-WA0075-300x225.jpg 300w, https:\/\/www.latribunedufaso.net\/wp-content\/uploads\/2024\/10\/IMG-20241021-WA0075-1024x768.jpg 1024w, https:\/\/www.latribunedufaso.net\/wp-content\/uploads\/2024\/10\/IMG-20241021-WA0075-768x576.jpg 768w, https:\/\/www.latribunedufaso.net\/wp-content\/uploads\/2024\/10\/IMG-20241021-WA0075-1536x1152.jpg 1536w, https:\/\/www.latribunedufaso.net\/wp-content\/uploads\/2024\/10\/IMG-20241021-WA0075-2048x1536.jpg 2048w\" sizes=\"auto, (max-width: 2560px) 100vw, 2560px\" \/><\/a><figcaption id=\"caption-attachment-16445\" class=\"wp-caption-text\">L&rsquo;\u00e9quipe de IAMGOLD Essakane SA et du minist\u00e8re des Infrastructures lors de la c\u00e9r\u00e9monie de remise &#8211; Ph. N. Ouattara<\/figcaption><\/figure>\n","protected":false},"excerpt":{"rendered":"<p>La voie de d\u00e9viation du pont Nar\u00e9 sur la RN3, financ\u00e9e \u00e0 hauteur de 646 millions FCFA par IAMGOLD Essakane SA, a \u00e9t\u00e9 officiellement remise au minist\u00e8re des Infrastructures. C&rsquo;\u00e9tait a l&rsquo;occasion d&rsquo;une c\u00e9r\u00e9monie organis\u00e9e ce 21 octobre 2024 \u00e0 Ouagadougou. Ce projet vise \u00e0 am\u00e9liorer la circulation sur l\u2019axe reliant Kaya \u00e0 Dori.<\/p>\n","protected":false},"author":5,"featured_media":16449,"comment_status":"open","ping_status":"open","sticky":false,"template":"","format":"standard","meta":{"footnotes":""},"categories":[13,1,19],"tags":[350,166,39],"class_list":["post-16444","post","type-post","status-publish","format-standard","has-post-thumbnail","hentry","category-une","category-actu","category-mines-et-carrieres","tag-deviation-du-pont-de-nare","tag-essakane-sa","tag-latribunedufaso-net"],"yoast_head":"<!-- This site is optimized with the Yoast SEO plugin v27.5 - https:\/\/yoast.com\/product\/yoast-seo-wordpress\/ -->\n<title>D\u00e9viation du pont Nar\u00e9 : Un soulagement pour les usagers de la RN3 - La Tribune du Faso<\/title>\n<meta name=\"robots\" content=\"index, follow, max-snippet:-1, max-image-preview:large, max-video-preview:-1\" \/>\n<link rel=\"canonical\" href=\"https:\/\/www.latribunedufaso.net\/?p=16444\" \/>\n<meta property=\"og:locale\" content=\"fr_FR\" \/>\n<meta property=\"og:type\" content=\"article\" \/>\n<meta property=\"og:title\" content=\"D\u00e9viation du pont Nar\u00e9 : Un soulagement pour les usagers de la RN3 - La Tribune du Faso\" \/>\n<meta property=\"og:description\" content=\"La voie de d\u00e9viation du pont Nar\u00e9 sur la RN3, financ\u00e9e \u00e0 hauteur de 646 millions FCFA par IAMGOLD Essakane SA, a \u00e9t\u00e9 officiellement remise au minist\u00e8re des Infrastructures. C&rsquo;\u00e9tait a l&rsquo;occasion d&rsquo;une c\u00e9r\u00e9monie organis\u00e9e ce 21 octobre 2024 \u00e0 Ouagadougou. Ce projet vise \u00e0 am\u00e9liorer la circulation sur l\u2019axe reliant Kaya \u00e0 Dori.\" \/>\n<meta property=\"og:url\" content=\"https:\/\/www.latribunedufaso.net\/?p=16444\" \/>\n<meta property=\"og:site_name\" content=\"La Tribune du Faso\" \/>\n<meta property=\"article:publisher\" content=\"https:\/\/www.facebook.com\/LatribuneduFaso\/\" \/>\n<meta property=\"article:published_time\" content=\"2024-10-21T20:53:21+00:00\" \/>\n<meta property=\"article:modified_time\" content=\"2024-10-21T20:55:00+00:00\" \/>\n<meta property=\"og:image\" content=\"https:\/\/www.latribunedufaso.net\/wp-content\/uploads\/2024\/10\/IMG-20241021-WA0055.jpg\" \/>\n\t<meta property=\"og:image:width\" content=\"1040\" \/>\n\t<meta property=\"og:image:height\" content=\"780\" \/>\n\t<meta property=\"og:image:type\" content=\"image\/jpeg\" \/>\n<meta name=\"author\" content=\"Issouf Tapsoba\" \/>\n<meta name=\"twitter:label1\" content=\"\u00c9crit par\" \/>\n\t<meta name=\"twitter:data1\" content=\"Issouf Tapsoba\" \/>\n\t<meta name=\"twitter:label2\" content=\"Dur\u00e9e de lecture estim\u00e9e\" \/>\n\t<meta name=\"twitter:data2\" content=\"2 minutes\" \/>\n<script type=\"application\/ld+json\" class=\"yoast-schema-graph\">{\"@context\":\"https:\\\/\\\/schema.org\",\"@graph\":[{\"@type\":\"Article\",\"@id\":\"https:\\\/\\\/www.latribunedufaso.net\\\/?p=16444#article\",\"isPartOf\":{\"@id\":\"https:\\\/\\\/www.latribunedufaso.net\\\/?p=16444\"},\"author\":{\"name\":\"Issouf Tapsoba\",\"@id\":\"https:\\\/\\\/www.latribunedufaso.net\\\/#\\\/schema\\\/person\\\/e54e64c5778a7e72cf80a318b7a622b0\"},\"headline\":\"D\u00e9viation du pont Nar\u00e9 : Un soulagement pour les usagers de la RN3\",\"datePublished\":\"2024-10-21T20:53:21+00:00\",\"dateModified\":\"2024-10-21T20:55:00+00:00\",\"mainEntityOfPage\":{\"@id\":\"https:\\\/\\\/www.latribunedufaso.net\\\/?p=16444\"},\"wordCount\":488,\"commentCount\":0,\"publisher\":{\"@id\":\"https:\\\/\\\/www.latribunedufaso.net\\\/#organization\"},\"image\":{\"@id\":\"https:\\\/\\\/www.latribunedufaso.net\\\/?p=16444#primaryimage\"},\"thumbnailUrl\":\"https:\\\/\\\/www.latribunedufaso.net\\\/wp-content\\\/uploads\\\/2024\\\/10\\\/IMG-20241021-WA0055.jpg\",\"keywords\":[\"D\u00e9viation du pont de Nar\u00e9\",\"Essakane SA\",\"latribunedufaso.net\"],\"articleSection\":[\"A la une\",\"Actualit\u00e9\",\"Mines et Carri\u00e8res\"],\"inLanguage\":\"fr-FR\",\"potentialAction\":[{\"@type\":\"CommentAction\",\"name\":\"Comment\",\"target\":[\"https:\\\/\\\/www.latribunedufaso.net\\\/?p=16444#respond\"]}]},{\"@type\":\"WebPage\",\"@id\":\"https:\\\/\\\/www.latribunedufaso.net\\\/?p=16444\",\"url\":\"https:\\\/\\\/www.latribunedufaso.net\\\/?p=16444\",\"name\":\"D\u00e9viation du pont Nar\u00e9 : Un soulagement pour les usagers de la RN3 - La Tribune du Faso\",\"isPartOf\":{\"@id\":\"https:\\\/\\\/www.latribunedufaso.net\\\/#website\"},\"primaryImageOfPage\":{\"@id\":\"https:\\\/\\\/www.latribunedufaso.net\\\/?p=16444#primaryimage\"},\"image\":{\"@id\":\"https:\\\/\\\/www.latribunedufaso.net\\\/?p=16444#primaryimage\"},\"thumbnailUrl\":\"https:\\\/\\\/www.latribunedufaso.net\\\/wp-content\\\/uploads\\\/2024\\\/10\\\/IMG-20241021-WA0055.jpg\",\"datePublished\":\"2024-10-21T20:53:21+00:00\",\"dateModified\":\"2024-10-21T20:55:00+00:00\",\"breadcrumb\":{\"@id\":\"https:\\\/\\\/www.latribunedufaso.net\\\/?p=16444#breadcrumb\"},\"inLanguage\":\"fr-FR\",\"potentialAction\":[{\"@type\":\"ReadAction\",\"target\":[\"https:\\\/\\\/www.latribunedufaso.net\\\/?p=16444\"]}]},{\"@type\":\"ImageObject\",\"inLanguage\":\"fr-FR\",\"@id\":\"https:\\\/\\\/www.latribunedufaso.net\\\/?p=16444#primaryimage\",\"url\":\"https:\\\/\\\/www.latribunedufaso.net\\\/wp-content\\\/uploads\\\/2024\\\/10\\\/IMG-20241021-WA0055.jpg\",\"contentUrl\":\"https:\\\/\\\/www.latribunedufaso.net\\\/wp-content\\\/uploads\\\/2024\\\/10\\\/IMG-20241021-WA0055.jpg\",\"width\":1040,\"height\":780,\"caption\":\"Les \u00e9quipes d\u2019African Mining Partner entrain de finaliser la voie de d\u00e9viation du pont Nar\u00e9, un projet crucial pour am\u00e9liorer la circulation sur la RN3 - Ph. DR\"},{\"@type\":\"BreadcrumbList\",\"@id\":\"https:\\\/\\\/www.latribunedufaso.net\\\/?p=16444#breadcrumb\",\"itemListElement\":[{\"@type\":\"ListItem\",\"position\":1,\"name\":\"Accueil\",\"item\":\"https:\\\/\\\/www.latribunedufaso.net\\\/\"},{\"@type\":\"ListItem\",\"position\":2,\"name\":\"D\u00e9viation du pont Nar\u00e9 : Un soulagement pour les usagers de la RN3\"}]},{\"@type\":\"WebSite\",\"@id\":\"https:\\\/\\\/www.latribunedufaso.net\\\/#website\",\"url\":\"https:\\\/\\\/www.latribunedufaso.net\\\/\",\"name\":\"La Tribune du Faso\",\"description\":\"L&#039;information du monde rural en un clic\",\"publisher\":{\"@id\":\"https:\\\/\\\/www.latribunedufaso.net\\\/#organization\"},\"potentialAction\":[{\"@type\":\"SearchAction\",\"target\":{\"@type\":\"EntryPoint\",\"urlTemplate\":\"https:\\\/\\\/www.latribunedufaso.net\\\/?s={search_term_string}\"},\"query-input\":{\"@type\":\"PropertyValueSpecification\",\"valueRequired\":true,\"valueName\":\"search_term_string\"}}],\"inLanguage\":\"fr-FR\"},{\"@type\":\"Organization\",\"@id\":\"https:\\\/\\\/www.latribunedufaso.net\\\/#organization\",\"name\":\"La Tribune du Faso\",\"url\":\"https:\\\/\\\/www.latribunedufaso.net\\\/\",\"logo\":{\"@type\":\"ImageObject\",\"inLanguage\":\"fr-FR\",\"@id\":\"https:\\\/\\\/www.latribunedufaso.net\\\/#\\\/schema\\\/logo\\\/image\\\/\",\"url\":\"https:\\\/\\\/www.latribunedufaso.net\\\/wp-content\\\/uploads\\\/2020\\\/08\\\/Logo-Tribune-du-Faso-final-scaled.jpg\",\"contentUrl\":\"https:\\\/\\\/www.latribunedufaso.net\\\/wp-content\\\/uploads\\\/2020\\\/08\\\/Logo-Tribune-du-Faso-final-scaled.jpg\",\"width\":2560,\"height\":1856,\"caption\":\"La Tribune du Faso\"},\"image\":{\"@id\":\"https:\\\/\\\/www.latribunedufaso.net\\\/#\\\/schema\\\/logo\\\/image\\\/\"},\"sameAs\":[\"https:\\\/\\\/www.facebook.com\\\/LatribuneduFaso\\\/\"]},{\"@type\":\"Person\",\"@id\":\"https:\\\/\\\/www.latribunedufaso.net\\\/#\\\/schema\\\/person\\\/e54e64c5778a7e72cf80a318b7a622b0\",\"name\":\"Issouf Tapsoba\",\"image\":{\"@type\":\"ImageObject\",\"inLanguage\":\"fr-FR\",\"@id\":\"https:\\\/\\\/secure.gravatar.com\\\/avatar\\\/5e6c05150ce3230247d167f5b94d678eb05936197436d69b7921e3a95c9107ac?s=96&d=mm&r=g\",\"url\":\"https:\\\/\\\/secure.gravatar.com\\\/avatar\\\/5e6c05150ce3230247d167f5b94d678eb05936197436d69b7921e3a95c9107ac?s=96&d=mm&r=g\",\"contentUrl\":\"https:\\\/\\\/secure.gravatar.com\\\/avatar\\\/5e6c05150ce3230247d167f5b94d678eb05936197436d69b7921e3a95c9107ac?s=96&d=mm&r=g\",\"caption\":\"Issouf Tapsoba\"},\"url\":\"https:\\\/\\\/www.latribunedufaso.net\\\/?author=5\"}]}<\/script>\n<!-- \/ Yoast SEO plugin. -->","yoast_head_json":{"title":"D\u00e9viation du pont Nar\u00e9 : Un soulagement pour les usagers de la RN3 - La Tribune du Faso","robots":{"index":"index","follow":"follow","max-snippet":"max-snippet:-1","max-image-preview":"max-image-preview:large","max-video-preview":"max-video-preview:-1"},"canonical":"https:\/\/www.latribunedufaso.net\/?p=16444","og_locale":"fr_FR","og_type":"article","og_title":"D\u00e9viation du pont Nar\u00e9 : Un soulagement pour les usagers de la RN3 - La Tribune du Faso","og_description":"La voie de d\u00e9viation du pont Nar\u00e9 sur la RN3, financ\u00e9e \u00e0 hauteur de 646 millions FCFA par IAMGOLD Essakane SA, a \u00e9t\u00e9 officiellement remise au minist\u00e8re des Infrastructures. C&rsquo;\u00e9tait a l&rsquo;occasion d&rsquo;une c\u00e9r\u00e9monie organis\u00e9e ce 21 octobre 2024 \u00e0 Ouagadougou. Ce projet vise \u00e0 am\u00e9liorer la circulation sur l\u2019axe reliant Kaya \u00e0 Dori.","og_url":"https:\/\/www.latribunedufaso.net\/?p=16444","og_site_name":"La Tribune du Faso","article_publisher":"https:\/\/www.facebook.com\/LatribuneduFaso\/","article_published_time":"2024-10-21T20:53:21+00:00","article_modified_time":"2024-10-21T20:55:00+00:00","og_image":[{"width":1040,"height":780,"url":"https:\/\/www.latribunedufaso.net\/wp-content\/uploads\/2024\/10\/IMG-20241021-WA0055.jpg","type":"image\/jpeg"}],"author":"Issouf Tapsoba","twitter_misc":{"\u00c9crit par":"Issouf Tapsoba","Dur\u00e9e de lecture estim\u00e9e":"2 minutes"},"schema":{"@context":"https:\/\/schema.org","@graph":[{"@type":"Article","@id":"https:\/\/www.latribunedufaso.net\/?p=16444#article","isPartOf":{"@id":"https:\/\/www.latribunedufaso.net\/?p=16444"},"author":{"name":"Issouf Tapsoba","@id":"https:\/\/www.latribunedufaso.net\/#\/schema\/person\/e54e64c5778a7e72cf80a318b7a622b0"},"headline":"D\u00e9viation du pont Nar\u00e9 : Un soulagement pour les usagers de la RN3","datePublished":"2024-10-21T20:53:21+00:00","dateModified":"2024-10-21T20:55:00+00:00","mainEntityOfPage":{"@id":"https:\/\/www.latribunedufaso.net\/?p=16444"},"wordCount":488,"commentCount":0,"publisher":{"@id":"https:\/\/www.latribunedufaso.net\/#organization"},"image":{"@id":"https:\/\/www.latribunedufaso.net\/?p=16444#primaryimage"},"thumbnailUrl":"https:\/\/www.latribunedufaso.net\/wp-content\/uploads\/2024\/10\/IMG-20241021-WA0055.jpg","keywords":["D\u00e9viation du pont de Nar\u00e9","Essakane SA","latribunedufaso.net"],"articleSection":["A la une","Actualit\u00e9","Mines et Carri\u00e8res"],"inLanguage":"fr-FR","potentialAction":[{"@type":"CommentAction","name":"Comment","target":["https:\/\/www.latribunedufaso.net\/?p=16444#respond"]}]},{"@type":"WebPage","@id":"https:\/\/www.latribunedufaso.net\/?p=16444","url":"https:\/\/www.latribunedufaso.net\/?p=16444","name":"D\u00e9viation du pont Nar\u00e9 : Un soulagement pour les usagers de la RN3 - La Tribune du Faso","isPartOf":{"@id":"https:\/\/www.latribunedufaso.net\/#website"},"primaryImageOfPage":{"@id":"https:\/\/www.latribunedufaso.net\/?p=16444#primaryimage"},"image":{"@id":"https:\/\/www.latribunedufaso.net\/?p=16444#primaryimage"},"thumbnailUrl":"https:\/\/www.latribunedufaso.net\/wp-content\/uploads\/2024\/10\/IMG-20241021-WA0055.jpg","datePublished":"2024-10-21T20:53:21+00:00","dateModified":"2024-10-21T20:55:00+00:00","breadcrumb":{"@id":"https:\/\/www.latribunedufaso.net\/?p=16444#breadcrumb"},"inLanguage":"fr-FR","potentialAction":[{"@type":"ReadAction","target":["https:\/\/www.latribunedufaso.net\/?p=16444"]}]},{"@type":"ImageObject","inLanguage":"fr-FR","@id":"https:\/\/www.latribunedufaso.net\/?p=16444#primaryimage","url":"https:\/\/www.latribunedufaso.net\/wp-content\/uploads\/2024\/10\/IMG-20241021-WA0055.jpg","contentUrl":"https:\/\/www.latribunedufaso.net\/wp-content\/uploads\/2024\/10\/IMG-20241021-WA0055.jpg","width":1040,"height":780,"caption":"Les \u00e9quipes d\u2019African Mining Partner entrain de finaliser la voie de d\u00e9viation du pont Nar\u00e9, un projet crucial pour am\u00e9liorer la circulation sur la RN3 - Ph. DR"},{"@type":"BreadcrumbList","@id":"https:\/\/www.latribunedufaso.net\/?p=16444#breadcrumb","itemListElement":[{"@type":"ListItem","position":1,"name":"Accueil","item":"https:\/\/www.latribunedufaso.net\/"},{"@type":"ListItem","position":2,"name":"D\u00e9viation du pont Nar\u00e9 : Un soulagement pour les usagers de la RN3"}]},{"@type":"WebSite","@id":"https:\/\/www.latribunedufaso.net\/#website","url":"https:\/\/www.latribunedufaso.net\/","name":"La Tribune du Faso","description":"L&#039;information du monde rural en un clic","publisher":{"@id":"https:\/\/www.latribunedufaso.net\/#organization"},"potentialAction":[{"@type":"SearchAction","target":{"@type":"EntryPoint","urlTemplate":"https:\/\/www.latribunedufaso.net\/?s={search_term_string}"},"query-input":{"@type":"PropertyValueSpecification","valueRequired":true,"valueName":"search_term_string"}}],"inLanguage":"fr-FR"},{"@type":"Organization","@id":"https:\/\/www.latribunedufaso.net\/#organization","name":"La Tribune du Faso","url":"https:\/\/www.latribunedufaso.net\/","logo":{"@type":"ImageObject","inLanguage":"fr-FR","@id":"https:\/\/www.latribunedufaso.net\/#\/schema\/logo\/image\/","url":"https:\/\/www.latribunedufaso.net\/wp-content\/uploads\/2020\/08\/Logo-Tribune-du-Faso-final-scaled.jpg","contentUrl":"https:\/\/www.latribunedufaso.net\/wp-content\/uploads\/2020\/08\/Logo-Tribune-du-Faso-final-scaled.jpg","width":2560,"height":1856,"caption":"La Tribune du Faso"},"image":{"@id":"https:\/\/www.latribunedufaso.net\/#\/schema\/logo\/image\/"},"sameAs":["https:\/\/www.facebook.com\/LatribuneduFaso\/"]},{"@type":"Person","@id":"https:\/\/www.latribunedufaso.net\/#\/schema\/person\/e54e64c5778a7e72cf80a318b7a622b0","name":"Issouf Tapsoba","image":{"@type":"ImageObject","inLanguage":"fr-FR","@id":"https:\/\/secure.gravatar.com\/avatar\/5e6c05150ce3230247d167f5b94d678eb05936197436d69b7921e3a95c9107ac?s=96&d=mm&r=g","url":"https:\/\/secure.gravatar.com\/avatar\/5e6c05150ce3230247d167f5b94d678eb05936197436d69b7921e3a95c9107ac?s=96&d=mm&r=g","contentUrl":"https:\/\/secure.gravatar.com\/avatar\/5e6c05150ce3230247d167f5b94d678eb05936197436d69b7921e3a95c9107ac?s=96&d=mm&r=g","caption":"Issouf Tapsoba"},"url":"https:\/\/www.latribunedufaso.net\/?author=5"}]}},"_links":{"self":[{"href":"https:\/\/www.latribunedufaso.net\/index.php?rest_route=\/wp\/v2\/posts\/16444","targetHints":{"allow":["GET"]}}],"collection":[{"href":"https:\/\/www.latribunedufaso.net\/index.php?rest_route=\/wp\/v2\/posts"}],"about":[{"href":"https:\/\/www.latribunedufaso.net\/index.php?rest_route=\/wp\/v2\/types\/post"}],"author":[{"embeddable":true,"href":"https:\/\/www.latribunedufaso.net\/index.php?rest_route=\/wp\/v2\/users\/5"}],"replies":[{"embeddable":true,"href":"https:\/\/www.latribunedufaso.net\/index.php?rest_route=%2Fwp%2Fv2%2Fcomments&post=16444"}],"version-history":[{"count":1,"href":"https:\/\/www.latribunedufaso.net\/index.php?rest_route=\/wp\/v2\/posts\/16444\/revisions"}],"predecessor-version":[{"id":16451,"href":"https:\/\/www.latribunedufaso.net\/index.php?rest_route=\/wp\/v2\/posts\/16444\/revisions\/16451"}],"wp:featuredmedia":[{"embeddable":true,"href":"https:\/\/www.latribunedufaso.net\/index.php?rest_route=\/wp\/v2\/media\/16449"}],"wp:attachment":[{"href":"https:\/\/www.latribunedufaso.net\/index.php?rest_route=%2Fwp%2Fv2%2Fmedia&parent=16444"}],"wp:term":[{"taxonomy":"category","embeddable":true,"href":"https:\/\/www.latribunedufaso.net\/index.php?rest_route=%2Fwp%2Fv2%2Fcategories&post=16444"},{"taxonomy":"post_tag","embeddable":true,"href":"https:\/\/www.latribunedufaso.net\/index.php?rest_route=%2Fwp%2Fv2%2Ftags&post=16444"}],"curies":[{"name":"wp","href":"https:\/\/api.w.org\/{rel}","templated":true}]}}