{"id":16418,"date":"2024-10-19T13:03:11","date_gmt":"2024-10-19T13:03:11","guid":{"rendered":"https:\/\/www.latribunedufaso.net\/?p=16418"},"modified":"2024-10-20T13:33:47","modified_gmt":"2024-10-20T13:33:47","slug":"gestion-des-urgences-sanitaires-le-ministere-de-la-sante-renforce-les-capacites-des-acteurs","status":"publish","type":"post","link":"https:\/\/www.latribunedufaso.net\/?p=16418","title":{"rendered":"Gestion des urgences sanitaires : Le minist\u00e8re de la Sant\u00e9 renforce les capacit\u00e9s des acteurs\u00a0"},"content":{"rendered":"<p><strong style=\"font-size: 1.0625rem;\">Le minist\u00e8re de la Sant\u00e9, par l\u2019interm\u00e9diaire du Centre des op\u00e9rations de r\u00e9ponse aux urgences sanitaires (CORUS), lance du 14 au 23 octobre 2024 \u00e0 Bobo-Dioulasso, la troisi\u00e8me et derni\u00e8re session de formation pour une \u00e9quipe de 100 experts \u00ab SURGE \u00bb. Cette initiative vise \u00e0 renforcer la capacit\u00e9 du Burkina Faso \u00e0 g\u00e9rer les urgences sanitaires en formant des sp\u00e9cialistes aptes \u00e0 intervenir rapidement en cas de crise.<\/strong><\/p>\n<p><!--more--><\/p>\n<p>Pr\u00e9sid\u00e9e par le Directeur technique du CORUS, <span style=\"font-size: 1.0625rem;\">Dr Watton Rodrigue Diao, la session vise \u00e0 renforcer la capacit\u00e9 op\u00e9rationnelle du Burkina Faso \u00e0 r\u00e9pondre aux urgences sanitaires \u00e0 travers la formation de 100 experts recrut\u00e9s par le d\u00e9partement en charge de la Sant\u00e9.<\/span><\/p>\n<figure id=\"attachment_16423\" aria-describedby=\"caption-attachment-16423\" style=\"width: 720px\" class=\"wp-caption aligncenter\"><a href=\"https:\/\/www.latribunedufaso.net\/wp-content\/uploads\/2024\/10\/FB_IMG_1729429870096.jpg\"><img loading=\"lazy\" decoding=\"async\" class=\"size-full wp-image-16423\" src=\"https:\/\/www.latribunedufaso.net\/wp-content\/uploads\/2024\/10\/FB_IMG_1729429870096.jpg\" alt=\"Le minist\u00e8re de la sant\u00e9 form\u00e9 les acteurs de gestion des urgences sanitaire, 14 au 23 octobre \u00e0 Bobo\" width=\"720\" height=\"341\" srcset=\"https:\/\/www.latribunedufaso.net\/wp-content\/uploads\/2024\/10\/FB_IMG_1729429870096.jpg 720w, https:\/\/www.latribunedufaso.net\/wp-content\/uploads\/2024\/10\/FB_IMG_1729429870096-300x142.jpg 300w\" sizes=\"auto, (max-width: 720px) 100vw, 720px\" \/><\/a><figcaption id=\"caption-attachment-16423\" class=\"wp-caption-text\">Le Directeur technique du CORUS, Dr Watton Rodrigue Diao (au milieu) et Dr Sonia Ou\u00e9draogo, charg\u00e9e des urgences sanitaires \u00e0 l\u2019OMS bureau du Burkina Faso (\u00e0 droite) &#8211; Ph. MS<\/figcaption><\/figure>\n<p>Cette derni\u00e8re \u00e9tape de formation est consacr\u00e9e exclusivement au module 3 des \u00e9quipes d\u2019intervention rapides (EIR) et a mobilis\u00e9 des experts nationaux et internationaux identifi\u00e9s par l\u2019OMS pour l\u2019animation du module.<\/p>\n<p>Les th\u00e8mes retenus pour \u00eatre d\u00e9velopp\u00e9s sont, entre autres, les \u00e9quipes d\u2019intervention rapides, leurs r\u00f4les et composition, la pr\u00e9paration pr\u00e9alable au d\u00e9ploiement, la s\u00e9curit\u00e9 sanitaire, la surveillance durant les situations d\u2019urgence, la recherche des cas, la gestion des donn\u00e9es, les premiers secours psychologiques.<\/p>\n<figure id=\"attachment_16420\" aria-describedby=\"caption-attachment-16420\" style=\"width: 720px\" class=\"wp-caption aligncenter\"><a href=\"https:\/\/www.latribunedufaso.net\/wp-content\/uploads\/2024\/10\/FB_IMG_1729429822590.jpg\"><img loading=\"lazy\" decoding=\"async\" class=\"size-full wp-image-16420\" src=\"https:\/\/www.latribunedufaso.net\/wp-content\/uploads\/2024\/10\/FB_IMG_1729429822590.jpg\" alt=\"Le minist\u00e8re de la sant\u00e9 form\u00e9 les acteurs de gestion des urgences sanitaire, 14 au 23 octobre \u00e0 Bobo\" width=\"720\" height=\"340\" srcset=\"https:\/\/www.latribunedufaso.net\/wp-content\/uploads\/2024\/10\/FB_IMG_1729429822590.jpg 720w, https:\/\/www.latribunedufaso.net\/wp-content\/uploads\/2024\/10\/FB_IMG_1729429822590-300x142.jpg 300w\" sizes=\"auto, (max-width: 720px) 100vw, 720px\" \/><\/a><figcaption id=\"caption-attachment-16420\" class=\"wp-caption-text\">Cette formation sera marqu\u00e9e par des simulations &#8211; Ph. MS<\/figcaption><\/figure>\n<p>Les th\u00e8mes comme la communication sur les risques et l\u2019engagement communautaire, le laboratoire, la pr\u00e9vention et le contr\u00f4le des infections ainsi que des exercices de simulations seront \u00e9galement d\u00e9velopp\u00e9s.<\/p>\n<blockquote>\n<p>Lire aussi &gt;&gt; <a href=\"https:\/\/www.latribunedufaso.net\/?p=13967\">Sant\u00e9 : Inauguration de nouvelles plateformes pour renforcer la surveillance sanitaire du laboratoire central de r\u00e9f\u00e9rence\u00a0<\/a><\/p>\n<\/blockquote>\n<p>Selon, Dr Sonia Ou\u00e9draogo, charg\u00e9e des urgences sanitaires \u00e0 l\u2019OMS bureau du Burkina Faso, cette formation va permettre de mettre \u00e0 la disposition du minist\u00e8re de la Sant\u00e9, des experts <em><strong>\u00ab SURGE \u00bb<\/strong><\/em> qui seront pr\u00eats \u00e0 r\u00e9pondre \u00e0 une situation d\u2019urgence dans les 24 \u00e0 48 heures.<\/p>\n<figure id=\"attachment_16419\" aria-describedby=\"caption-attachment-16419\" style=\"width: 720px\" class=\"wp-caption aligncenter\"><a href=\"https:\/\/www.latribunedufaso.net\/wp-content\/uploads\/2024\/10\/FB_IMG_1729429813761.jpg\"><img loading=\"lazy\" decoding=\"async\" class=\"size-full wp-image-16419\" src=\"https:\/\/www.latribunedufaso.net\/wp-content\/uploads\/2024\/10\/FB_IMG_1729429813761.jpg\" alt=\"Le minist\u00e8re de la sant\u00e9 form\u00e9 les acteurs de gestion des urgences sanitaire, 14 au 23 octobre \u00e0 Bobo\" width=\"720\" height=\"341\" srcset=\"https:\/\/www.latribunedufaso.net\/wp-content\/uploads\/2024\/10\/FB_IMG_1729429813761.jpg 720w, https:\/\/www.latribunedufaso.net\/wp-content\/uploads\/2024\/10\/FB_IMG_1729429813761-300x142.jpg 300w\" sizes=\"auto, (max-width: 720px) 100vw, 720px\" \/><\/a><figcaption id=\"caption-attachment-16419\" class=\"wp-caption-text\">100 experts seront form\u00e9s en r\u00e9ponse aux urgences sanitaire &#8211; Ph. MS<\/figcaption><\/figure>\n<p>En rappel, dans le cadre de la gestion des urgences de sant\u00e9 publique, le minist\u00e8re de la Sant\u00e9 a recrut\u00e9 100 experts SURGE, une \u00e9quipe multidisciplinaire et multisectorielle dans le cadre de l\u2019approche <em><strong>\u00ab Une seule sant\u00e9 \u00bb<\/strong><\/em> en vue de r\u00e9pondre efficacement \u00e0 toute \u00e9ventuelle urgence de sant\u00e9 publique. Cette session b\u00e9n\u00e9ficie de l\u2019appui technique et financier de l\u2019OMS.<\/p>\n<p><strong><span style=\"font-size: 1.0625rem;\">Latribunedufa<\/span><span style=\"font-size: 1.0625rem;\">so.net\u00a0<\/span><\/strong><\/p>\n<p><strong>Source : DCRP-MS<\/strong><\/p>\n","protected":false},"excerpt":{"rendered":"<p>Le minist\u00e8re de la Sant\u00e9, par l\u2019interm\u00e9diaire du Centre des op\u00e9rations de r\u00e9ponse aux urgences sanitaires (CORUS), lance du 14 au 23 octobre 2024 \u00e0 Bobo-Dioulasso, la troisi\u00e8me et derni\u00e8re session de formation pour une \u00e9quipe de 100 experts \u00ab SURGE \u00bb. Cette initiative vise \u00e0 renforcer la capacit\u00e9 du Burkina Faso \u00e0 g\u00e9rer les urgences sanitaires en formant des sp\u00e9cialistes aptes \u00e0 intervenir rapidement en cas de crise.<\/p>\n","protected":false},"author":5,"featured_media":16421,"comment_status":"open","ping_status":"open","sticky":false,"template":"","format":"standard","meta":{"footnotes":""},"categories":[13,1,7],"tags":[342,39],"class_list":["post-16418","post","type-post","status-publish","format-standard","has-post-thumbnail","hentry","category-une","category-actu","category-sante","tag-gestion-des-urgences-sanitaire","tag-latribunedufaso-net"],"yoast_head":"<!-- This site is optimized with the Yoast SEO plugin v27.4 - https:\/\/yoast.com\/product\/yoast-seo-wordpress\/ -->\n<title>Gestion des urgences sanitaires : Le minist\u00e8re de la Sant\u00e9 renforce les capacit\u00e9s des acteurs\u00a0 - La Tribune du Faso<\/title>\n<meta name=\"robots\" content=\"index, follow, max-snippet:-1, max-image-preview:large, max-video-preview:-1\" \/>\n<link rel=\"canonical\" href=\"https:\/\/www.latribunedufaso.net\/?p=16418\" \/>\n<meta property=\"og:locale\" content=\"fr_FR\" \/>\n<meta property=\"og:type\" content=\"article\" \/>\n<meta property=\"og:title\" content=\"Gestion des urgences sanitaires : Le minist\u00e8re de la Sant\u00e9 renforce les capacit\u00e9s des acteurs\u00a0 - La Tribune du Faso\" \/>\n<meta property=\"og:description\" content=\"Le minist\u00e8re de la Sant\u00e9, par l\u2019interm\u00e9diaire du Centre des op\u00e9rations de r\u00e9ponse aux urgences sanitaires (CORUS), lance du 14 au 23 octobre 2024 \u00e0 Bobo-Dioulasso, la troisi\u00e8me et derni\u00e8re session de formation pour une \u00e9quipe de 100 experts \u00ab SURGE \u00bb. Cette initiative vise \u00e0 renforcer la capacit\u00e9 du Burkina Faso \u00e0 g\u00e9rer les urgences sanitaires en formant des sp\u00e9cialistes aptes \u00e0 intervenir rapidement en cas de crise.\" \/>\n<meta property=\"og:url\" content=\"https:\/\/www.latribunedufaso.net\/?p=16418\" \/>\n<meta property=\"og:site_name\" content=\"La Tribune du Faso\" \/>\n<meta property=\"article:publisher\" content=\"https:\/\/www.facebook.com\/LatribuneduFaso\/\" \/>\n<meta property=\"article:published_time\" content=\"2024-10-19T13:03:11+00:00\" \/>\n<meta property=\"article:modified_time\" content=\"2024-10-20T13:33:47+00:00\" \/>\n<meta property=\"og:image\" content=\"https:\/\/www.latribunedufaso.net\/wp-content\/uploads\/2024\/10\/FB_IMG_1729429836177.jpg\" \/>\n\t<meta property=\"og:image:width\" content=\"720\" \/>\n\t<meta property=\"og:image:height\" content=\"341\" \/>\n\t<meta property=\"og:image:type\" content=\"image\/jpeg\" \/>\n<meta name=\"author\" content=\"Issouf Tapsoba\" \/>\n<meta name=\"twitter:label1\" content=\"\u00c9crit par\" \/>\n\t<meta name=\"twitter:data1\" content=\"Issouf Tapsoba\" \/>\n\t<meta name=\"twitter:label2\" content=\"Dur\u00e9e de lecture estim\u00e9e\" \/>\n\t<meta name=\"twitter:data2\" content=\"2 minutes\" \/>\n<script type=\"application\/ld+json\" class=\"yoast-schema-graph\">{\"@context\":\"https:\\\/\\\/schema.org\",\"@graph\":[{\"@type\":\"Article\",\"@id\":\"https:\\\/\\\/www.latribunedufaso.net\\\/?p=16418#article\",\"isPartOf\":{\"@id\":\"https:\\\/\\\/www.latribunedufaso.net\\\/?p=16418\"},\"author\":{\"name\":\"Issouf Tapsoba\",\"@id\":\"https:\\\/\\\/www.latribunedufaso.net\\\/#\\\/schema\\\/person\\\/e54e64c5778a7e72cf80a318b7a622b0\"},\"headline\":\"Gestion des urgences sanitaires : Le minist\u00e8re de la Sant\u00e9 renforce les capacit\u00e9s des acteurs\u00a0\",\"datePublished\":\"2024-10-19T13:03:11+00:00\",\"dateModified\":\"2024-10-20T13:33:47+00:00\",\"mainEntityOfPage\":{\"@id\":\"https:\\\/\\\/www.latribunedufaso.net\\\/?p=16418\"},\"wordCount\":465,\"commentCount\":0,\"publisher\":{\"@id\":\"https:\\\/\\\/www.latribunedufaso.net\\\/#organization\"},\"image\":{\"@id\":\"https:\\\/\\\/www.latribunedufaso.net\\\/?p=16418#primaryimage\"},\"thumbnailUrl\":\"https:\\\/\\\/www.latribunedufaso.net\\\/wp-content\\\/uploads\\\/2024\\\/10\\\/FB_IMG_1729429836177.jpg\",\"keywords\":[\"Gestion des urgences sanitaire\",\"latribunedufaso.net\"],\"articleSection\":[\"A la une\",\"Actualit\u00e9\",\"Sant\u00e9\"],\"inLanguage\":\"fr-FR\",\"potentialAction\":[{\"@type\":\"CommentAction\",\"name\":\"Comment\",\"target\":[\"https:\\\/\\\/www.latribunedufaso.net\\\/?p=16418#respond\"]}]},{\"@type\":\"WebPage\",\"@id\":\"https:\\\/\\\/www.latribunedufaso.net\\\/?p=16418\",\"url\":\"https:\\\/\\\/www.latribunedufaso.net\\\/?p=16418\",\"name\":\"Gestion des urgences sanitaires : Le minist\u00e8re de la Sant\u00e9 renforce les capacit\u00e9s des acteurs\u00a0 - La Tribune du Faso\",\"isPartOf\":{\"@id\":\"https:\\\/\\\/www.latribunedufaso.net\\\/#website\"},\"primaryImageOfPage\":{\"@id\":\"https:\\\/\\\/www.latribunedufaso.net\\\/?p=16418#primaryimage\"},\"image\":{\"@id\":\"https:\\\/\\\/www.latribunedufaso.net\\\/?p=16418#primaryimage\"},\"thumbnailUrl\":\"https:\\\/\\\/www.latribunedufaso.net\\\/wp-content\\\/uploads\\\/2024\\\/10\\\/FB_IMG_1729429836177.jpg\",\"datePublished\":\"2024-10-19T13:03:11+00:00\",\"dateModified\":\"2024-10-20T13:33:47+00:00\",\"breadcrumb\":{\"@id\":\"https:\\\/\\\/www.latribunedufaso.net\\\/?p=16418#breadcrumb\"},\"inLanguage\":\"fr-FR\",\"potentialAction\":[{\"@type\":\"ReadAction\",\"target\":[\"https:\\\/\\\/www.latribunedufaso.net\\\/?p=16418\"]}]},{\"@type\":\"ImageObject\",\"inLanguage\":\"fr-FR\",\"@id\":\"https:\\\/\\\/www.latribunedufaso.net\\\/?p=16418#primaryimage\",\"url\":\"https:\\\/\\\/www.latribunedufaso.net\\\/wp-content\\\/uploads\\\/2024\\\/10\\\/FB_IMG_1729429836177.jpg\",\"contentUrl\":\"https:\\\/\\\/www.latribunedufaso.net\\\/wp-content\\\/uploads\\\/2024\\\/10\\\/FB_IMG_1729429836177.jpg\",\"width\":720,\"height\":341,\"caption\":\"Le minist\u00e8re de la sant\u00e9 form\u00e9 les acteurs de gestion des urgences sanitaire, 14 au 23 octobre \u00e0 Bobo\"},{\"@type\":\"BreadcrumbList\",\"@id\":\"https:\\\/\\\/www.latribunedufaso.net\\\/?p=16418#breadcrumb\",\"itemListElement\":[{\"@type\":\"ListItem\",\"position\":1,\"name\":\"Accueil\",\"item\":\"https:\\\/\\\/www.latribunedufaso.net\\\/\"},{\"@type\":\"ListItem\",\"position\":2,\"name\":\"Gestion des urgences sanitaires : Le minist\u00e8re de la Sant\u00e9 renforce les capacit\u00e9s des acteurs\u00a0\"}]},{\"@type\":\"WebSite\",\"@id\":\"https:\\\/\\\/www.latribunedufaso.net\\\/#website\",\"url\":\"https:\\\/\\\/www.latribunedufaso.net\\\/\",\"name\":\"La Tribune du Faso\",\"description\":\"L&#039;information du monde rural en un clic\",\"publisher\":{\"@id\":\"https:\\\/\\\/www.latribunedufaso.net\\\/#organization\"},\"potentialAction\":[{\"@type\":\"SearchAction\",\"target\":{\"@type\":\"EntryPoint\",\"urlTemplate\":\"https:\\\/\\\/www.latribunedufaso.net\\\/?s={search_term_string}\"},\"query-input\":{\"@type\":\"PropertyValueSpecification\",\"valueRequired\":true,\"valueName\":\"search_term_string\"}}],\"inLanguage\":\"fr-FR\"},{\"@type\":\"Organization\",\"@id\":\"https:\\\/\\\/www.latribunedufaso.net\\\/#organization\",\"name\":\"La Tribune du Faso\",\"url\":\"https:\\\/\\\/www.latribunedufaso.net\\\/\",\"logo\":{\"@type\":\"ImageObject\",\"inLanguage\":\"fr-FR\",\"@id\":\"https:\\\/\\\/www.latribunedufaso.net\\\/#\\\/schema\\\/logo\\\/image\\\/\",\"url\":\"https:\\\/\\\/www.latribunedufaso.net\\\/wp-content\\\/uploads\\\/2020\\\/08\\\/Logo-Tribune-du-Faso-final-scaled.jpg\",\"contentUrl\":\"https:\\\/\\\/www.latribunedufaso.net\\\/wp-content\\\/uploads\\\/2020\\\/08\\\/Logo-Tribune-du-Faso-final-scaled.jpg\",\"width\":2560,\"height\":1856,\"caption\":\"La Tribune du Faso\"},\"image\":{\"@id\":\"https:\\\/\\\/www.latribunedufaso.net\\\/#\\\/schema\\\/logo\\\/image\\\/\"},\"sameAs\":[\"https:\\\/\\\/www.facebook.com\\\/LatribuneduFaso\\\/\"]},{\"@type\":\"Person\",\"@id\":\"https:\\\/\\\/www.latribunedufaso.net\\\/#\\\/schema\\\/person\\\/e54e64c5778a7e72cf80a318b7a622b0\",\"name\":\"Issouf Tapsoba\",\"image\":{\"@type\":\"ImageObject\",\"inLanguage\":\"fr-FR\",\"@id\":\"https:\\\/\\\/secure.gravatar.com\\\/avatar\\\/5e6c05150ce3230247d167f5b94d678eb05936197436d69b7921e3a95c9107ac?s=96&d=mm&r=g\",\"url\":\"https:\\\/\\\/secure.gravatar.com\\\/avatar\\\/5e6c05150ce3230247d167f5b94d678eb05936197436d69b7921e3a95c9107ac?s=96&d=mm&r=g\",\"contentUrl\":\"https:\\\/\\\/secure.gravatar.com\\\/avatar\\\/5e6c05150ce3230247d167f5b94d678eb05936197436d69b7921e3a95c9107ac?s=96&d=mm&r=g\",\"caption\":\"Issouf Tapsoba\"},\"url\":\"https:\\\/\\\/www.latribunedufaso.net\\\/?author=5\"}]}<\/script>\n<!-- \/ Yoast SEO plugin. -->","yoast_head_json":{"title":"Gestion des urgences sanitaires : Le minist\u00e8re de la Sant\u00e9 renforce les capacit\u00e9s des acteurs\u00a0 - La Tribune du Faso","robots":{"index":"index","follow":"follow","max-snippet":"max-snippet:-1","max-image-preview":"max-image-preview:large","max-video-preview":"max-video-preview:-1"},"canonical":"https:\/\/www.latribunedufaso.net\/?p=16418","og_locale":"fr_FR","og_type":"article","og_title":"Gestion des urgences sanitaires : Le minist\u00e8re de la Sant\u00e9 renforce les capacit\u00e9s des acteurs\u00a0 - La Tribune du Faso","og_description":"Le minist\u00e8re de la Sant\u00e9, par l\u2019interm\u00e9diaire du Centre des op\u00e9rations de r\u00e9ponse aux urgences sanitaires (CORUS), lance du 14 au 23 octobre 2024 \u00e0 Bobo-Dioulasso, la troisi\u00e8me et derni\u00e8re session de formation pour une \u00e9quipe de 100 experts \u00ab SURGE \u00bb. Cette initiative vise \u00e0 renforcer la capacit\u00e9 du Burkina Faso \u00e0 g\u00e9rer les urgences sanitaires en formant des sp\u00e9cialistes aptes \u00e0 intervenir rapidement en cas de crise.","og_url":"https:\/\/www.latribunedufaso.net\/?p=16418","og_site_name":"La Tribune du Faso","article_publisher":"https:\/\/www.facebook.com\/LatribuneduFaso\/","article_published_time":"2024-10-19T13:03:11+00:00","article_modified_time":"2024-10-20T13:33:47+00:00","og_image":[{"width":720,"height":341,"url":"https:\/\/www.latribunedufaso.net\/wp-content\/uploads\/2024\/10\/FB_IMG_1729429836177.jpg","type":"image\/jpeg"}],"author":"Issouf Tapsoba","twitter_misc":{"\u00c9crit par":"Issouf Tapsoba","Dur\u00e9e de lecture estim\u00e9e":"2 minutes"},"schema":{"@context":"https:\/\/schema.org","@graph":[{"@type":"Article","@id":"https:\/\/www.latribunedufaso.net\/?p=16418#article","isPartOf":{"@id":"https:\/\/www.latribunedufaso.net\/?p=16418"},"author":{"name":"Issouf Tapsoba","@id":"https:\/\/www.latribunedufaso.net\/#\/schema\/person\/e54e64c5778a7e72cf80a318b7a622b0"},"headline":"Gestion des urgences sanitaires : Le minist\u00e8re de la Sant\u00e9 renforce les capacit\u00e9s des acteurs\u00a0","datePublished":"2024-10-19T13:03:11+00:00","dateModified":"2024-10-20T13:33:47+00:00","mainEntityOfPage":{"@id":"https:\/\/www.latribunedufaso.net\/?p=16418"},"wordCount":465,"commentCount":0,"publisher":{"@id":"https:\/\/www.latribunedufaso.net\/#organization"},"image":{"@id":"https:\/\/www.latribunedufaso.net\/?p=16418#primaryimage"},"thumbnailUrl":"https:\/\/www.latribunedufaso.net\/wp-content\/uploads\/2024\/10\/FB_IMG_1729429836177.jpg","keywords":["Gestion des urgences sanitaire","latribunedufaso.net"],"articleSection":["A la une","Actualit\u00e9","Sant\u00e9"],"inLanguage":"fr-FR","potentialAction":[{"@type":"CommentAction","name":"Comment","target":["https:\/\/www.latribunedufaso.net\/?p=16418#respond"]}]},{"@type":"WebPage","@id":"https:\/\/www.latribunedufaso.net\/?p=16418","url":"https:\/\/www.latribunedufaso.net\/?p=16418","name":"Gestion des urgences sanitaires : Le minist\u00e8re de la Sant\u00e9 renforce les capacit\u00e9s des acteurs\u00a0 - La Tribune du Faso","isPartOf":{"@id":"https:\/\/www.latribunedufaso.net\/#website"},"primaryImageOfPage":{"@id":"https:\/\/www.latribunedufaso.net\/?p=16418#primaryimage"},"image":{"@id":"https:\/\/www.latribunedufaso.net\/?p=16418#primaryimage"},"thumbnailUrl":"https:\/\/www.latribunedufaso.net\/wp-content\/uploads\/2024\/10\/FB_IMG_1729429836177.jpg","datePublished":"2024-10-19T13:03:11+00:00","dateModified":"2024-10-20T13:33:47+00:00","breadcrumb":{"@id":"https:\/\/www.latribunedufaso.net\/?p=16418#breadcrumb"},"inLanguage":"fr-FR","potentialAction":[{"@type":"ReadAction","target":["https:\/\/www.latribunedufaso.net\/?p=16418"]}]},{"@type":"ImageObject","inLanguage":"fr-FR","@id":"https:\/\/www.latribunedufaso.net\/?p=16418#primaryimage","url":"https:\/\/www.latribunedufaso.net\/wp-content\/uploads\/2024\/10\/FB_IMG_1729429836177.jpg","contentUrl":"https:\/\/www.latribunedufaso.net\/wp-content\/uploads\/2024\/10\/FB_IMG_1729429836177.jpg","width":720,"height":341,"caption":"Le minist\u00e8re de la sant\u00e9 form\u00e9 les acteurs de gestion des urgences sanitaire, 14 au 23 octobre \u00e0 Bobo"},{"@type":"BreadcrumbList","@id":"https:\/\/www.latribunedufaso.net\/?p=16418#breadcrumb","itemListElement":[{"@type":"ListItem","position":1,"name":"Accueil","item":"https:\/\/www.latribunedufaso.net\/"},{"@type":"ListItem","position":2,"name":"Gestion des urgences sanitaires : Le minist\u00e8re de la Sant\u00e9 renforce les capacit\u00e9s des acteurs\u00a0"}]},{"@type":"WebSite","@id":"https:\/\/www.latribunedufaso.net\/#website","url":"https:\/\/www.latribunedufaso.net\/","name":"La Tribune du Faso","description":"L&#039;information du monde rural en un clic","publisher":{"@id":"https:\/\/www.latribunedufaso.net\/#organization"},"potentialAction":[{"@type":"SearchAction","target":{"@type":"EntryPoint","urlTemplate":"https:\/\/www.latribunedufaso.net\/?s={search_term_string}"},"query-input":{"@type":"PropertyValueSpecification","valueRequired":true,"valueName":"search_term_string"}}],"inLanguage":"fr-FR"},{"@type":"Organization","@id":"https:\/\/www.latribunedufaso.net\/#organization","name":"La Tribune du Faso","url":"https:\/\/www.latribunedufaso.net\/","logo":{"@type":"ImageObject","inLanguage":"fr-FR","@id":"https:\/\/www.latribunedufaso.net\/#\/schema\/logo\/image\/","url":"https:\/\/www.latribunedufaso.net\/wp-content\/uploads\/2020\/08\/Logo-Tribune-du-Faso-final-scaled.jpg","contentUrl":"https:\/\/www.latribunedufaso.net\/wp-content\/uploads\/2020\/08\/Logo-Tribune-du-Faso-final-scaled.jpg","width":2560,"height":1856,"caption":"La Tribune du Faso"},"image":{"@id":"https:\/\/www.latribunedufaso.net\/#\/schema\/logo\/image\/"},"sameAs":["https:\/\/www.facebook.com\/LatribuneduFaso\/"]},{"@type":"Person","@id":"https:\/\/www.latribunedufaso.net\/#\/schema\/person\/e54e64c5778a7e72cf80a318b7a622b0","name":"Issouf Tapsoba","image":{"@type":"ImageObject","inLanguage":"fr-FR","@id":"https:\/\/secure.gravatar.com\/avatar\/5e6c05150ce3230247d167f5b94d678eb05936197436d69b7921e3a95c9107ac?s=96&d=mm&r=g","url":"https:\/\/secure.gravatar.com\/avatar\/5e6c05150ce3230247d167f5b94d678eb05936197436d69b7921e3a95c9107ac?s=96&d=mm&r=g","contentUrl":"https:\/\/secure.gravatar.com\/avatar\/5e6c05150ce3230247d167f5b94d678eb05936197436d69b7921e3a95c9107ac?s=96&d=mm&r=g","caption":"Issouf Tapsoba"},"url":"https:\/\/www.latribunedufaso.net\/?author=5"}]}},"_links":{"self":[{"href":"https:\/\/www.latribunedufaso.net\/index.php?rest_route=\/wp\/v2\/posts\/16418","targetHints":{"allow":["GET"]}}],"collection":[{"href":"https:\/\/www.latribunedufaso.net\/index.php?rest_route=\/wp\/v2\/posts"}],"about":[{"href":"https:\/\/www.latribunedufaso.net\/index.php?rest_route=\/wp\/v2\/types\/post"}],"author":[{"embeddable":true,"href":"https:\/\/www.latribunedufaso.net\/index.php?rest_route=\/wp\/v2\/users\/5"}],"replies":[{"embeddable":true,"href":"https:\/\/www.latribunedufaso.net\/index.php?rest_route=%2Fwp%2Fv2%2Fcomments&post=16418"}],"version-history":[{"count":1,"href":"https:\/\/www.latribunedufaso.net\/index.php?rest_route=\/wp\/v2\/posts\/16418\/revisions"}],"predecessor-version":[{"id":16424,"href":"https:\/\/www.latribunedufaso.net\/index.php?rest_route=\/wp\/v2\/posts\/16418\/revisions\/16424"}],"wp:featuredmedia":[{"embeddable":true,"href":"https:\/\/www.latribunedufaso.net\/index.php?rest_route=\/wp\/v2\/media\/16421"}],"wp:attachment":[{"href":"https:\/\/www.latribunedufaso.net\/index.php?rest_route=%2Fwp%2Fv2%2Fmedia&parent=16418"}],"wp:term":[{"taxonomy":"category","embeddable":true,"href":"https:\/\/www.latribunedufaso.net\/index.php?rest_route=%2Fwp%2Fv2%2Fcategories&post=16418"},{"taxonomy":"post_tag","embeddable":true,"href":"https:\/\/www.latribunedufaso.net\/index.php?rest_route=%2Fwp%2Fv2%2Ftags&post=16418"}],"curies":[{"name":"wp","href":"https:\/\/api.w.org\/{rel}","templated":true}]}}