{"id":16372,"date":"2024-10-17T15:13:52","date_gmt":"2024-10-17T15:13:52","guid":{"rendered":"https:\/\/www.latribunedufaso.net\/?p=16372"},"modified":"2024-10-18T10:44:51","modified_gmt":"2024-10-18T10:44:51","slug":"17eme-edition-du-siao-les-acteurs-font-le-bilan-des-preparatifs","status":"publish","type":"post","link":"https:\/\/www.latribunedufaso.net\/?p=16372","title":{"rendered":"17\u00e8me \u00e9dition du SIAO : Les acteurs font le bilan des pr\u00e9paratifs\u00a0"},"content":{"rendered":"<p><strong style=\"font-size: 1.0625rem;\">A l\u2019occasion du Salon international de l\u2019artisanat de Ouagadougou (SIAO), pr\u00e9vu se tenir du 25 au 03 novembre 2024, une conf\u00e9rence de presse faisant le bilan de l\u2019\u00e9tat de l\u2019organisation s\u2019est tenue ce 17 octobre 2024. Elle a \u00e9t\u00e9 pr\u00e9sent\u00e9 par le Secr\u00e9taire g\u00e9n\u00e9ral du minist\u00e8re en charge de l\u2019Artisanat, Oumarou Barro, repr\u00e9sentant le ministre dudit minist\u00e8re, Serge Poda.<\/strong><\/p>\n<p><!--more--><\/p>\n<p>La communication du jour a port\u00e9e sur l\u2019\u00e9tat des pr\u00e9paratifs de l&rsquo;\u00e9v\u00e9nement afin de rassurer l\u2019ensemble des parties prenantes que sont les artisans, les professionnels du secteur, les partenaires et sponsors, le grand public ainsi que les m\u00e9dias pour la mobilisation du public cible de ce salon.<\/p>\n<figure id=\"attachment_16375\" aria-describedby=\"caption-attachment-16375\" style=\"width: 2560px\" class=\"wp-caption aligncenter\"><a href=\"https:\/\/www.latribunedufaso.net\/wp-content\/uploads\/2024\/10\/IMG-20241017-WA0029.jpg\"><img loading=\"lazy\" decoding=\"async\" class=\"size-full wp-image-16375\" src=\"https:\/\/www.latribunedufaso.net\/wp-content\/uploads\/2024\/10\/IMG-20241017-WA0029.jpg\" alt=\"Le SG du MICA, Oumarou Barro lors de la conf\u00e9rence de presse sur les pr\u00e9paratifs de la 17e \u00e9dition SIAO, 17 octobre 2024\" width=\"2560\" height=\"1440\" srcset=\"https:\/\/www.latribunedufaso.net\/wp-content\/uploads\/2024\/10\/IMG-20241017-WA0029.jpg 2560w, https:\/\/www.latribunedufaso.net\/wp-content\/uploads\/2024\/10\/IMG-20241017-WA0029-300x169.jpg 300w, https:\/\/www.latribunedufaso.net\/wp-content\/uploads\/2024\/10\/IMG-20241017-WA0029-1024x576.jpg 1024w, https:\/\/www.latribunedufaso.net\/wp-content\/uploads\/2024\/10\/IMG-20241017-WA0029-768x432.jpg 768w, https:\/\/www.latribunedufaso.net\/wp-content\/uploads\/2024\/10\/IMG-20241017-WA0029-1536x864.jpg 1536w, https:\/\/www.latribunedufaso.net\/wp-content\/uploads\/2024\/10\/IMG-20241017-WA0029-2048x1152.jpg 2048w\" sizes=\"auto, (max-width: 2560px) 100vw, 2560px\" \/><\/a><figcaption id=\"caption-attachment-16375\" class=\"wp-caption-text\">Le Secr\u00e9taire g\u00e9n\u00e9ral du minist\u00e8re en charge de l&rsquo;Artisanat, Oumarou Barro &#8211; Ph. DR<\/figcaption><\/figure>\n<p>En effet, les objectifs vis\u00e9s par l\u2019\u00e9dition 2024 du SIAO sont, notamment, d\u2019am\u00e9nager au moins 700 stands au profit des exposants et partenaires, d\u2019enregistrer la participation de 4 000 exposants et de 50 acheteurs et visiteurs professionnels au moins venant des 05 continents et d&rsquo;enregistrer la participation de 30 pays.<\/p>\n<p>Du bilan \u00e9tabli a ce jour, il est enregistr\u00e9 l\u2019inscription de plus d\u2019une trentaine d\u2019acheteurs et visiteurs professionnels en provenance de 17 pays dont l\u2019Afrique du Sud, l\u2019Allemagne, l\u2019Angleterre, le Cameroun, le Canada, l\u2019Eswatini, les Etats Unis d\u2019Am\u00e9rique, la Guadeloupe, le Japon, le Kenya, la Lybie, le Maroc, les Pays-Bas, la Pologne, la Tanzanie, la Zambie et le Zimbabwe.\u00a0<\/p>\n<blockquote>\n<p>Lire aussi &gt;&gt; <a href=\"https:\/\/www.latribunedufaso.net\/?p=15663\">SIAO 2024 : Rendez-vous du 25 octobre au 3 novembre pour c\u00e9l\u00e9brer l\u2019artisanat africain<\/a>\u00a0<\/p>\n<\/blockquote>\n<p>Quant aux exposants, c\u2019est plus de 2 000 exposants r\u00e9partis dans les pavillons climatis\u00e9s et ventil\u00e9s. Plus de 80% des stands ont d\u00e9j\u00e0 \u00e9t\u00e9 r\u00e9serv\u00e9s sur les 700 stands vis\u00e9s en objectif.\u00a0<\/p>\n<p>En ce qui concerne le volet s\u00e9curitaire, le SG Oumarou Barro rassure que <em><strong>\u00ab toutes les dispositions sont prises par les Forces de d\u00e9fense et de s\u00e9curit\u00e9 pour la tenue du Salon en toute qui\u00e9tude \u00bb.\u00a0<\/strong><\/em><\/p>\n<figure id=\"attachment_16373\" aria-describedby=\"caption-attachment-16373\" style=\"width: 2560px\" class=\"wp-caption aligncenter\"><a href=\"https:\/\/www.latribunedufaso.net\/wp-content\/uploads\/2024\/10\/IMG-20241017-WA0028.jpg\"><img loading=\"lazy\" decoding=\"async\" class=\"size-full wp-image-16373\" src=\"https:\/\/www.latribunedufaso.net\/wp-content\/uploads\/2024\/10\/IMG-20241017-WA0028.jpg\" alt=\"Les journalistes lors de la conf\u00e9rence de presse sur les pr\u00e9paratifs de la 17e \u00e9dition du SIAO, 17 octobre 2024\" width=\"2560\" height=\"1440\" srcset=\"https:\/\/www.latribunedufaso.net\/wp-content\/uploads\/2024\/10\/IMG-20241017-WA0028.jpg 2560w, https:\/\/www.latribunedufaso.net\/wp-content\/uploads\/2024\/10\/IMG-20241017-WA0028-300x169.jpg 300w, https:\/\/www.latribunedufaso.net\/wp-content\/uploads\/2024\/10\/IMG-20241017-WA0028-1024x576.jpg 1024w, https:\/\/www.latribunedufaso.net\/wp-content\/uploads\/2024\/10\/IMG-20241017-WA0028-768x432.jpg 768w, https:\/\/www.latribunedufaso.net\/wp-content\/uploads\/2024\/10\/IMG-20241017-WA0028-1536x864.jpg 1536w, https:\/\/www.latribunedufaso.net\/wp-content\/uploads\/2024\/10\/IMG-20241017-WA0028-2048x1152.jpg 2048w\" sizes=\"auto, (max-width: 2560px) 100vw, 2560px\" \/><\/a><figcaption id=\"caption-attachment-16373\" class=\"wp-caption-text\">Les journalistes ont pos\u00e9 des questions sur les pr\u00e9paratifs de l&rsquo;\u00e9v\u00e9nement &#8211; Ph. DR<\/figcaption><\/figure>\n<p>Les innovations majeures pour cette 17\u00e8me \u00e9dition sont, entres autres, l\u2019op\u00e9rationnalisation du e-SIAO, la cr\u00e9ation d\u2019un espace d\u00e9nomm\u00e9 <em><strong>\u00ab Village de l\u2019AES \u00bb <\/strong><\/em>et l\u2019animation des espaces de jeux pour enfants d\u00e9nomm\u00e9s <em><strong>\u00ab SIAO KIDS \u00bb<\/strong><\/em>. En plus de cela, un cross populaire et des excursions touristiques sont au programme.<\/p>\n<p>En rappel, la 17\u00e8me \u00e9dition du SIAO se tiendra du 25 octobre au 03 novembre 2024 sous le th\u00e8me <em><strong>\u00ab Artisanat africain, entrepreneuriat des jeunes et autonomisation \u00bb<\/strong><\/em>.\u00a0<\/p>\n<p><strong>Ines TOUGMA\u00a0<\/strong><\/p>\n<p><strong>Latribu<span style=\"font-size: 1.0625rem;\">nedufaso.net\u00a0<\/span><\/strong><\/p>\n","protected":false},"excerpt":{"rendered":"<p>A l\u2019occasion du Salon international de l\u2019artisanat de Ouagadougou (SIAO), pr\u00e9vu se tenir du 25 au 03 novembre 2024, une conf\u00e9rence de presse faisant le bilan de l\u2019\u00e9tat de l\u2019organisation s\u2019est tenue ce 17 octobre 2024. Elle a \u00e9t\u00e9 pr\u00e9sent\u00e9 par le Secr\u00e9taire g\u00e9n\u00e9ral du minist\u00e8re en charge de l\u2019Artisanat, Oumarou Barro, repr\u00e9sentant le ministre dudit minist\u00e8re, Serge Poda.<\/p>\n","protected":false},"author":5,"featured_media":16374,"comment_status":"open","ping_status":"open","sticky":false,"template":"","format":"standard","meta":{"footnotes":""},"categories":[13,1,30],"tags":[130,39,80],"class_list":["post-16372","post","type-post","status-publish","format-standard","has-post-thumbnail","hentry","category-une","category-actu","category-art-et-culture","tag-artisanat","tag-latribunedufaso-net","tag-siao"],"yoast_head":"<!-- This site is optimized with the Yoast SEO plugin v27.4 - https:\/\/yoast.com\/product\/yoast-seo-wordpress\/ -->\n<title>17\u00e8me \u00e9dition du SIAO : Les acteurs font le bilan des pr\u00e9paratifs\u00a0 - La Tribune du Faso<\/title>\n<meta name=\"robots\" content=\"index, follow, max-snippet:-1, max-image-preview:large, max-video-preview:-1\" \/>\n<link rel=\"canonical\" href=\"https:\/\/www.latribunedufaso.net\/?p=16372\" \/>\n<meta property=\"og:locale\" content=\"fr_FR\" \/>\n<meta property=\"og:type\" content=\"article\" \/>\n<meta property=\"og:title\" content=\"17\u00e8me \u00e9dition du SIAO : Les acteurs font le bilan des pr\u00e9paratifs\u00a0 - La Tribune du Faso\" \/>\n<meta property=\"og:description\" content=\"A l\u2019occasion du Salon international de l\u2019artisanat de Ouagadougou (SIAO), pr\u00e9vu se tenir du 25 au 03 novembre 2024, une conf\u00e9rence de presse faisant le bilan de l\u2019\u00e9tat de l\u2019organisation s\u2019est tenue ce 17 octobre 2024. Elle a \u00e9t\u00e9 pr\u00e9sent\u00e9 par le Secr\u00e9taire g\u00e9n\u00e9ral du minist\u00e8re en charge de l\u2019Artisanat, Oumarou Barro, repr\u00e9sentant le ministre dudit minist\u00e8re, Serge Poda.\" \/>\n<meta property=\"og:url\" content=\"https:\/\/www.latribunedufaso.net\/?p=16372\" \/>\n<meta property=\"og:site_name\" content=\"La Tribune du Faso\" \/>\n<meta property=\"article:publisher\" content=\"https:\/\/www.facebook.com\/LatribuneduFaso\/\" \/>\n<meta property=\"article:published_time\" content=\"2024-10-17T15:13:52+00:00\" \/>\n<meta property=\"article:modified_time\" content=\"2024-10-18T10:44:51+00:00\" \/>\n<meta property=\"og:image\" content=\"https:\/\/www.latribunedufaso.net\/wp-content\/uploads\/2024\/10\/IMG-20241017-WA0031.jpg\" \/>\n\t<meta property=\"og:image:width\" content=\"2560\" \/>\n\t<meta property=\"og:image:height\" content=\"1440\" \/>\n\t<meta property=\"og:image:type\" content=\"image\/jpeg\" \/>\n<meta name=\"author\" content=\"Issouf Tapsoba\" \/>\n<meta name=\"twitter:label1\" content=\"\u00c9crit par\" \/>\n\t<meta name=\"twitter:data1\" content=\"Issouf Tapsoba\" \/>\n\t<meta name=\"twitter:label2\" content=\"Dur\u00e9e de lecture estim\u00e9e\" \/>\n\t<meta name=\"twitter:data2\" content=\"2 minutes\" \/>\n<script type=\"application\/ld+json\" class=\"yoast-schema-graph\">{\"@context\":\"https:\\\/\\\/schema.org\",\"@graph\":[{\"@type\":\"Article\",\"@id\":\"https:\\\/\\\/www.latribunedufaso.net\\\/?p=16372#article\",\"isPartOf\":{\"@id\":\"https:\\\/\\\/www.latribunedufaso.net\\\/?p=16372\"},\"author\":{\"name\":\"Issouf Tapsoba\",\"@id\":\"https:\\\/\\\/www.latribunedufaso.net\\\/#\\\/schema\\\/person\\\/e54e64c5778a7e72cf80a318b7a622b0\"},\"headline\":\"17\u00e8me \u00e9dition du SIAO : Les acteurs font le bilan des pr\u00e9paratifs\u00a0\",\"datePublished\":\"2024-10-17T15:13:52+00:00\",\"dateModified\":\"2024-10-18T10:44:51+00:00\",\"mainEntityOfPage\":{\"@id\":\"https:\\\/\\\/www.latribunedufaso.net\\\/?p=16372\"},\"wordCount\":475,\"commentCount\":0,\"publisher\":{\"@id\":\"https:\\\/\\\/www.latribunedufaso.net\\\/#organization\"},\"image\":{\"@id\":\"https:\\\/\\\/www.latribunedufaso.net\\\/?p=16372#primaryimage\"},\"thumbnailUrl\":\"https:\\\/\\\/www.latribunedufaso.net\\\/wp-content\\\/uploads\\\/2024\\\/10\\\/IMG-20241017-WA0031.jpg\",\"keywords\":[\"artisanat\",\"latribunedufaso.net\",\"SIAO\"],\"articleSection\":[\"A la une\",\"Actualit\u00e9\",\"Art et Culture\"],\"inLanguage\":\"fr-FR\",\"potentialAction\":[{\"@type\":\"CommentAction\",\"name\":\"Comment\",\"target\":[\"https:\\\/\\\/www.latribunedufaso.net\\\/?p=16372#respond\"]}]},{\"@type\":\"WebPage\",\"@id\":\"https:\\\/\\\/www.latribunedufaso.net\\\/?p=16372\",\"url\":\"https:\\\/\\\/www.latribunedufaso.net\\\/?p=16372\",\"name\":\"17\u00e8me \u00e9dition du SIAO : Les acteurs font le bilan des pr\u00e9paratifs\u00a0 - La Tribune du Faso\",\"isPartOf\":{\"@id\":\"https:\\\/\\\/www.latribunedufaso.net\\\/#website\"},\"primaryImageOfPage\":{\"@id\":\"https:\\\/\\\/www.latribunedufaso.net\\\/?p=16372#primaryimage\"},\"image\":{\"@id\":\"https:\\\/\\\/www.latribunedufaso.net\\\/?p=16372#primaryimage\"},\"thumbnailUrl\":\"https:\\\/\\\/www.latribunedufaso.net\\\/wp-content\\\/uploads\\\/2024\\\/10\\\/IMG-20241017-WA0031.jpg\",\"datePublished\":\"2024-10-17T15:13:52+00:00\",\"dateModified\":\"2024-10-18T10:44:51+00:00\",\"breadcrumb\":{\"@id\":\"https:\\\/\\\/www.latribunedufaso.net\\\/?p=16372#breadcrumb\"},\"inLanguage\":\"fr-FR\",\"potentialAction\":[{\"@type\":\"ReadAction\",\"target\":[\"https:\\\/\\\/www.latribunedufaso.net\\\/?p=16372\"]}]},{\"@type\":\"ImageObject\",\"inLanguage\":\"fr-FR\",\"@id\":\"https:\\\/\\\/www.latribunedufaso.net\\\/?p=16372#primaryimage\",\"url\":\"https:\\\/\\\/www.latribunedufaso.net\\\/wp-content\\\/uploads\\\/2024\\\/10\\\/IMG-20241017-WA0031.jpg\",\"contentUrl\":\"https:\\\/\\\/www.latribunedufaso.net\\\/wp-content\\\/uploads\\\/2024\\\/10\\\/IMG-20241017-WA0031.jpg\",\"width\":2560,\"height\":1440,\"caption\":\"Presidium de la conf\u00e9rence de presse sur les pr\u00e9paratifs de la 17e \u00e9dition du SIAO, 17 octobre 2024\"},{\"@type\":\"BreadcrumbList\",\"@id\":\"https:\\\/\\\/www.latribunedufaso.net\\\/?p=16372#breadcrumb\",\"itemListElement\":[{\"@type\":\"ListItem\",\"position\":1,\"name\":\"Accueil\",\"item\":\"https:\\\/\\\/www.latribunedufaso.net\\\/\"},{\"@type\":\"ListItem\",\"position\":2,\"name\":\"17\u00e8me \u00e9dition du SIAO : Les acteurs font le bilan des pr\u00e9paratifs\u00a0\"}]},{\"@type\":\"WebSite\",\"@id\":\"https:\\\/\\\/www.latribunedufaso.net\\\/#website\",\"url\":\"https:\\\/\\\/www.latribunedufaso.net\\\/\",\"name\":\"La Tribune du Faso\",\"description\":\"L&#039;information du monde rural en un clic\",\"publisher\":{\"@id\":\"https:\\\/\\\/www.latribunedufaso.net\\\/#organization\"},\"potentialAction\":[{\"@type\":\"SearchAction\",\"target\":{\"@type\":\"EntryPoint\",\"urlTemplate\":\"https:\\\/\\\/www.latribunedufaso.net\\\/?s={search_term_string}\"},\"query-input\":{\"@type\":\"PropertyValueSpecification\",\"valueRequired\":true,\"valueName\":\"search_term_string\"}}],\"inLanguage\":\"fr-FR\"},{\"@type\":\"Organization\",\"@id\":\"https:\\\/\\\/www.latribunedufaso.net\\\/#organization\",\"name\":\"La Tribune du Faso\",\"url\":\"https:\\\/\\\/www.latribunedufaso.net\\\/\",\"logo\":{\"@type\":\"ImageObject\",\"inLanguage\":\"fr-FR\",\"@id\":\"https:\\\/\\\/www.latribunedufaso.net\\\/#\\\/schema\\\/logo\\\/image\\\/\",\"url\":\"https:\\\/\\\/www.latribunedufaso.net\\\/wp-content\\\/uploads\\\/2020\\\/08\\\/Logo-Tribune-du-Faso-final-scaled.jpg\",\"contentUrl\":\"https:\\\/\\\/www.latribunedufaso.net\\\/wp-content\\\/uploads\\\/2020\\\/08\\\/Logo-Tribune-du-Faso-final-scaled.jpg\",\"width\":2560,\"height\":1856,\"caption\":\"La Tribune du Faso\"},\"image\":{\"@id\":\"https:\\\/\\\/www.latribunedufaso.net\\\/#\\\/schema\\\/logo\\\/image\\\/\"},\"sameAs\":[\"https:\\\/\\\/www.facebook.com\\\/LatribuneduFaso\\\/\"]},{\"@type\":\"Person\",\"@id\":\"https:\\\/\\\/www.latribunedufaso.net\\\/#\\\/schema\\\/person\\\/e54e64c5778a7e72cf80a318b7a622b0\",\"name\":\"Issouf Tapsoba\",\"image\":{\"@type\":\"ImageObject\",\"inLanguage\":\"fr-FR\",\"@id\":\"https:\\\/\\\/secure.gravatar.com\\\/avatar\\\/5e6c05150ce3230247d167f5b94d678eb05936197436d69b7921e3a95c9107ac?s=96&d=mm&r=g\",\"url\":\"https:\\\/\\\/secure.gravatar.com\\\/avatar\\\/5e6c05150ce3230247d167f5b94d678eb05936197436d69b7921e3a95c9107ac?s=96&d=mm&r=g\",\"contentUrl\":\"https:\\\/\\\/secure.gravatar.com\\\/avatar\\\/5e6c05150ce3230247d167f5b94d678eb05936197436d69b7921e3a95c9107ac?s=96&d=mm&r=g\",\"caption\":\"Issouf Tapsoba\"},\"url\":\"https:\\\/\\\/www.latribunedufaso.net\\\/?author=5\"}]}<\/script>\n<!-- \/ Yoast SEO plugin. -->","yoast_head_json":{"title":"17\u00e8me \u00e9dition du SIAO : Les acteurs font le bilan des pr\u00e9paratifs\u00a0 - La Tribune du Faso","robots":{"index":"index","follow":"follow","max-snippet":"max-snippet:-1","max-image-preview":"max-image-preview:large","max-video-preview":"max-video-preview:-1"},"canonical":"https:\/\/www.latribunedufaso.net\/?p=16372","og_locale":"fr_FR","og_type":"article","og_title":"17\u00e8me \u00e9dition du SIAO : Les acteurs font le bilan des pr\u00e9paratifs\u00a0 - La Tribune du Faso","og_description":"A l\u2019occasion du Salon international de l\u2019artisanat de Ouagadougou (SIAO), pr\u00e9vu se tenir du 25 au 03 novembre 2024, une conf\u00e9rence de presse faisant le bilan de l\u2019\u00e9tat de l\u2019organisation s\u2019est tenue ce 17 octobre 2024. Elle a \u00e9t\u00e9 pr\u00e9sent\u00e9 par le Secr\u00e9taire g\u00e9n\u00e9ral du minist\u00e8re en charge de l\u2019Artisanat, Oumarou Barro, repr\u00e9sentant le ministre dudit minist\u00e8re, Serge Poda.","og_url":"https:\/\/www.latribunedufaso.net\/?p=16372","og_site_name":"La Tribune du Faso","article_publisher":"https:\/\/www.facebook.com\/LatribuneduFaso\/","article_published_time":"2024-10-17T15:13:52+00:00","article_modified_time":"2024-10-18T10:44:51+00:00","og_image":[{"width":2560,"height":1440,"url":"https:\/\/www.latribunedufaso.net\/wp-content\/uploads\/2024\/10\/IMG-20241017-WA0031.jpg","type":"image\/jpeg"}],"author":"Issouf Tapsoba","twitter_misc":{"\u00c9crit par":"Issouf Tapsoba","Dur\u00e9e de lecture estim\u00e9e":"2 minutes"},"schema":{"@context":"https:\/\/schema.org","@graph":[{"@type":"Article","@id":"https:\/\/www.latribunedufaso.net\/?p=16372#article","isPartOf":{"@id":"https:\/\/www.latribunedufaso.net\/?p=16372"},"author":{"name":"Issouf Tapsoba","@id":"https:\/\/www.latribunedufaso.net\/#\/schema\/person\/e54e64c5778a7e72cf80a318b7a622b0"},"headline":"17\u00e8me \u00e9dition du SIAO : Les acteurs font le bilan des pr\u00e9paratifs\u00a0","datePublished":"2024-10-17T15:13:52+00:00","dateModified":"2024-10-18T10:44:51+00:00","mainEntityOfPage":{"@id":"https:\/\/www.latribunedufaso.net\/?p=16372"},"wordCount":475,"commentCount":0,"publisher":{"@id":"https:\/\/www.latribunedufaso.net\/#organization"},"image":{"@id":"https:\/\/www.latribunedufaso.net\/?p=16372#primaryimage"},"thumbnailUrl":"https:\/\/www.latribunedufaso.net\/wp-content\/uploads\/2024\/10\/IMG-20241017-WA0031.jpg","keywords":["artisanat","latribunedufaso.net","SIAO"],"articleSection":["A la une","Actualit\u00e9","Art et Culture"],"inLanguage":"fr-FR","potentialAction":[{"@type":"CommentAction","name":"Comment","target":["https:\/\/www.latribunedufaso.net\/?p=16372#respond"]}]},{"@type":"WebPage","@id":"https:\/\/www.latribunedufaso.net\/?p=16372","url":"https:\/\/www.latribunedufaso.net\/?p=16372","name":"17\u00e8me \u00e9dition du SIAO : Les acteurs font le bilan des pr\u00e9paratifs\u00a0 - La Tribune du Faso","isPartOf":{"@id":"https:\/\/www.latribunedufaso.net\/#website"},"primaryImageOfPage":{"@id":"https:\/\/www.latribunedufaso.net\/?p=16372#primaryimage"},"image":{"@id":"https:\/\/www.latribunedufaso.net\/?p=16372#primaryimage"},"thumbnailUrl":"https:\/\/www.latribunedufaso.net\/wp-content\/uploads\/2024\/10\/IMG-20241017-WA0031.jpg","datePublished":"2024-10-17T15:13:52+00:00","dateModified":"2024-10-18T10:44:51+00:00","breadcrumb":{"@id":"https:\/\/www.latribunedufaso.net\/?p=16372#breadcrumb"},"inLanguage":"fr-FR","potentialAction":[{"@type":"ReadAction","target":["https:\/\/www.latribunedufaso.net\/?p=16372"]}]},{"@type":"ImageObject","inLanguage":"fr-FR","@id":"https:\/\/www.latribunedufaso.net\/?p=16372#primaryimage","url":"https:\/\/www.latribunedufaso.net\/wp-content\/uploads\/2024\/10\/IMG-20241017-WA0031.jpg","contentUrl":"https:\/\/www.latribunedufaso.net\/wp-content\/uploads\/2024\/10\/IMG-20241017-WA0031.jpg","width":2560,"height":1440,"caption":"Presidium de la conf\u00e9rence de presse sur les pr\u00e9paratifs de la 17e \u00e9dition du SIAO, 17 octobre 2024"},{"@type":"BreadcrumbList","@id":"https:\/\/www.latribunedufaso.net\/?p=16372#breadcrumb","itemListElement":[{"@type":"ListItem","position":1,"name":"Accueil","item":"https:\/\/www.latribunedufaso.net\/"},{"@type":"ListItem","position":2,"name":"17\u00e8me \u00e9dition du SIAO : Les acteurs font le bilan des pr\u00e9paratifs\u00a0"}]},{"@type":"WebSite","@id":"https:\/\/www.latribunedufaso.net\/#website","url":"https:\/\/www.latribunedufaso.net\/","name":"La Tribune du Faso","description":"L&#039;information du monde rural en un clic","publisher":{"@id":"https:\/\/www.latribunedufaso.net\/#organization"},"potentialAction":[{"@type":"SearchAction","target":{"@type":"EntryPoint","urlTemplate":"https:\/\/www.latribunedufaso.net\/?s={search_term_string}"},"query-input":{"@type":"PropertyValueSpecification","valueRequired":true,"valueName":"search_term_string"}}],"inLanguage":"fr-FR"},{"@type":"Organization","@id":"https:\/\/www.latribunedufaso.net\/#organization","name":"La Tribune du Faso","url":"https:\/\/www.latribunedufaso.net\/","logo":{"@type":"ImageObject","inLanguage":"fr-FR","@id":"https:\/\/www.latribunedufaso.net\/#\/schema\/logo\/image\/","url":"https:\/\/www.latribunedufaso.net\/wp-content\/uploads\/2020\/08\/Logo-Tribune-du-Faso-final-scaled.jpg","contentUrl":"https:\/\/www.latribunedufaso.net\/wp-content\/uploads\/2020\/08\/Logo-Tribune-du-Faso-final-scaled.jpg","width":2560,"height":1856,"caption":"La Tribune du Faso"},"image":{"@id":"https:\/\/www.latribunedufaso.net\/#\/schema\/logo\/image\/"},"sameAs":["https:\/\/www.facebook.com\/LatribuneduFaso\/"]},{"@type":"Person","@id":"https:\/\/www.latribunedufaso.net\/#\/schema\/person\/e54e64c5778a7e72cf80a318b7a622b0","name":"Issouf Tapsoba","image":{"@type":"ImageObject","inLanguage":"fr-FR","@id":"https:\/\/secure.gravatar.com\/avatar\/5e6c05150ce3230247d167f5b94d678eb05936197436d69b7921e3a95c9107ac?s=96&d=mm&r=g","url":"https:\/\/secure.gravatar.com\/avatar\/5e6c05150ce3230247d167f5b94d678eb05936197436d69b7921e3a95c9107ac?s=96&d=mm&r=g","contentUrl":"https:\/\/secure.gravatar.com\/avatar\/5e6c05150ce3230247d167f5b94d678eb05936197436d69b7921e3a95c9107ac?s=96&d=mm&r=g","caption":"Issouf Tapsoba"},"url":"https:\/\/www.latribunedufaso.net\/?author=5"}]}},"_links":{"self":[{"href":"https:\/\/www.latribunedufaso.net\/index.php?rest_route=\/wp\/v2\/posts\/16372","targetHints":{"allow":["GET"]}}],"collection":[{"href":"https:\/\/www.latribunedufaso.net\/index.php?rest_route=\/wp\/v2\/posts"}],"about":[{"href":"https:\/\/www.latribunedufaso.net\/index.php?rest_route=\/wp\/v2\/types\/post"}],"author":[{"embeddable":true,"href":"https:\/\/www.latribunedufaso.net\/index.php?rest_route=\/wp\/v2\/users\/5"}],"replies":[{"embeddable":true,"href":"https:\/\/www.latribunedufaso.net\/index.php?rest_route=%2Fwp%2Fv2%2Fcomments&post=16372"}],"version-history":[{"count":1,"href":"https:\/\/www.latribunedufaso.net\/index.php?rest_route=\/wp\/v2\/posts\/16372\/revisions"}],"predecessor-version":[{"id":16376,"href":"https:\/\/www.latribunedufaso.net\/index.php?rest_route=\/wp\/v2\/posts\/16372\/revisions\/16376"}],"wp:featuredmedia":[{"embeddable":true,"href":"https:\/\/www.latribunedufaso.net\/index.php?rest_route=\/wp\/v2\/media\/16374"}],"wp:attachment":[{"href":"https:\/\/www.latribunedufaso.net\/index.php?rest_route=%2Fwp%2Fv2%2Fmedia&parent=16372"}],"wp:term":[{"taxonomy":"category","embeddable":true,"href":"https:\/\/www.latribunedufaso.net\/index.php?rest_route=%2Fwp%2Fv2%2Fcategories&post=16372"},{"taxonomy":"post_tag","embeddable":true,"href":"https:\/\/www.latribunedufaso.net\/index.php?rest_route=%2Fwp%2Fv2%2Ftags&post=16372"}],"curies":[{"name":"wp","href":"https:\/\/api.w.org\/{rel}","templated":true}]}}