{"id":16330,"date":"2024-10-16T12:00:35","date_gmt":"2024-10-16T12:00:35","guid":{"rendered":"https:\/\/www.latribunedufaso.net\/?p=16330"},"modified":"2024-10-16T12:00:35","modified_gmt":"2024-10-16T12:00:35","slug":"justice-mn-ecope-de-21-ans-de-prison-pour-complicite-de-terrorisme","status":"publish","type":"post","link":"https:\/\/www.latribunedufaso.net\/?p=16330","title":{"rendered":"Justice : MN \u00e9cope de 21 ans de prison\u00a0 pour complicit\u00e9 de terrorisme\u00a0"},"content":{"rendered":"<p><strong style=\"font-size: 1.0625rem;\">Le mardi 24 septembre 2024, le tribunal a rendu son verdict dans l\u2019affaire de MN, n\u00e9 en 1978, accus\u00e9 d\u2019association de malfaiteurs en lien avec des activit\u00e9s terroristes dans les localit\u00e9s de Roglo et Windigui.<\/strong><\/p>\n<p><!--more--><\/p>\n<p>MN a \u00e9t\u00e9 interpell\u00e9 le 28 novembre 2019 \u00e0 la gare de Goughin par la gendarmerie, suite \u00e0 une d\u00e9nonciation. Selon ses d\u00e9clarations, il s\u2019\u00e9tait r\u00e9fugi\u00e9 \u00e0 Ouagadougou apr\u00e8s avoir fui son village. Il affirme que les Koglweogo voulaient le tuer en raison d\u2019un litige foncier. Il a sollicit\u00e9 l\u2019aide de son proche, ST, pour l\u2019h\u00e9berger. Ce dernier l\u2019a d\u00e9nonc\u00e9 aux autorit\u00e9s.<\/p>\n<p>Les charges retenues contre MN reposent sur l\u2019article 362-1 du code p\u00e9nal, qui qualifie les actes de terrorisme. Il est reproch\u00e9 \u00e0 l\u2019accus\u00e9 d\u2019\u00eatre un relais pour les groupes arm\u00e9s terroristes, en les aidant \u00e0 cacher des armes et en entretenant des liens avec plusieurs individus impliqu\u00e9s dans des activit\u00e9s terroristes dans la province du Lorum. Le procureur a pr\u00e9cis\u00e9 que les accusations sont suffisamment \u00e9tay\u00e9es par des preuves d\u00e9montrant sa participation \u00e0 des pr\u00e9paratifs visant \u00e0 commettre des crimes.<\/p>\n<blockquote>\n<p>Lire aussi &gt;&gt; <a href=\"https:\/\/www.latribunedufaso.net\/?p=16328\">Terrorisme : WD \u00e9cope de 7 ans de prison pour financement du terrorisme<\/a><\/p>\n<\/blockquote>\n<p>En effet, tout le village le soup\u00e7onnait d\u2019avoir des fr\u00e9quentations douteuses. <em><strong>\u00ab Au fur et \u00e0 mesure que l\u2019enqu\u00eate avan\u00e7ait, nous avons remarqu\u00e9 qu\u2019il y\u2019avait un certain nombre de contacts qui \u00e9taient enregistr\u00e9s et avec qui, il a communiqu\u00e9, mais MN nie tout . Ces gens \u00e9taient soit des complices, des combattants ou des gens qui financent les terroristes \u00bb<\/strong><\/em>, explique le procureur. Il s\u2019agit pr\u00e9cis\u00e9ment de 4 personnes \u00e0 savoir DI, AS, BB et IS.<\/p>\n<p>Ainsi, selon les analyses t\u00e9l\u00e9phoniques, les num\u00e9ros de ces individus figuraient dans le t\u00e9l\u00e9phone de MN, mais ce dernier a ni\u00e9 toute relation avec eux. Lors de l\u2019audience, il a \u00e9galement r\u00e9fut\u00e9 avoir utilis\u00e9 son t\u00e9l\u00e9phone pour communiquer avec ces personnes, et a refus\u00e9 d\u2019expliquer qui aurait pu le faire \u00e0 sa place.\u00a0<\/p>\n<blockquote>\n<p>Lire aussi &gt;&gt; <a href=\"https:\/\/www.latribunedufaso.net\/?p=16164\">Lutte contre le terrorisme : Suspect\u00e9 de financement de terrorisme, SD se retrouve \u00e0 la barre<\/a><\/p>\n<\/blockquote>\n<p>MN a maintenu sa version des faits, affirmant qu\u2019il avait fui pour des raisons personnelles li\u00e9es \u00e0 un litige foncier et \u00e0 une affaire de femme. Toutefois, le tribunal a jug\u00e9 que ces raisons ne justifiaient pas son comportement, notamment, sa fuite et son refus de coop\u00e9rer avec les autorit\u00e9s.<\/p>\n<p>Au terme du proc\u00e8s, le tribunal a d\u00e9clar\u00e9 MN coupable des faits d\u2019association de malfaiteurs en lien avec des activit\u00e9s terroristes. Il a \u00e9t\u00e9 condamn\u00e9 \u00e0 21 ans de prison, dont 15 ans ferme avec une p\u00e9riode de s\u00fbret\u00e9 de 10 ans, ainsi qu\u2019\u00e0 une amende de 1 million de francs CFA, assortie de sursis.<\/p>\n<p><strong>Nabintou OUATTARA\u00a0<\/strong><\/p>\n<p><strong><span style=\"font-size: 1.0625rem;\">Latribuneduf<\/span><span style=\"font-size: 1.0625rem;\">aso.net\u00a0<\/span><\/strong><\/p>\n","protected":false},"excerpt":{"rendered":"<p>Le mardi 24 septembre 2024, le tribunal a rendu son verdict dans l\u2019affaire de MN, n\u00e9 en 1978, accus\u00e9 d\u2019association de malfaiteurs en lien avec des activit\u00e9s terroristes dans les localit\u00e9s de Roglo et Windigui.<\/p>\n","protected":false},"author":5,"featured_media":12992,"comment_status":"open","ping_status":"open","sticky":false,"template":"","format":"standard","meta":{"footnotes":""},"categories":[13,1,8],"tags":[39,309,121],"class_list":["post-16330","post","type-post","status-publish","format-standard","has-post-thumbnail","hentry","category-une","category-actu","category-societe","tag-latribunedufaso-net","tag-proces-terroristes","tag-terrorisme"],"yoast_head":"<!-- This site is optimized with the Yoast SEO plugin v27.4 - https:\/\/yoast.com\/product\/yoast-seo-wordpress\/ -->\n<title>Justice : MN \u00e9cope de 21 ans de prison\u00a0 pour complicit\u00e9 de terrorisme\u00a0 - La Tribune du Faso<\/title>\n<meta name=\"robots\" content=\"index, follow, max-snippet:-1, max-image-preview:large, max-video-preview:-1\" \/>\n<link rel=\"canonical\" href=\"https:\/\/www.latribunedufaso.net\/?p=16330\" \/>\n<meta property=\"og:locale\" content=\"fr_FR\" \/>\n<meta property=\"og:type\" content=\"article\" \/>\n<meta property=\"og:title\" content=\"Justice : MN \u00e9cope de 21 ans de prison\u00a0 pour complicit\u00e9 de terrorisme\u00a0 - La Tribune du Faso\" \/>\n<meta property=\"og:description\" content=\"Le mardi 24 septembre 2024, le tribunal a rendu son verdict dans l\u2019affaire de MN, n\u00e9 en 1978, accus\u00e9 d\u2019association de malfaiteurs en lien avec des activit\u00e9s terroristes dans les localit\u00e9s de Roglo et Windigui.\" \/>\n<meta property=\"og:url\" content=\"https:\/\/www.latribunedufaso.net\/?p=16330\" \/>\n<meta property=\"og:site_name\" content=\"La Tribune du Faso\" \/>\n<meta property=\"article:publisher\" content=\"https:\/\/www.facebook.com\/LatribuneduFaso\/\" \/>\n<meta property=\"article:published_time\" content=\"2024-10-16T12:00:35+00:00\" \/>\n<meta property=\"og:image\" content=\"https:\/\/www.latribunedufaso.net\/wp-content\/uploads\/2024\/04\/justice.jpg\" \/>\n\t<meta property=\"og:image:width\" content=\"1023\" \/>\n\t<meta property=\"og:image:height\" content=\"583\" \/>\n\t<meta property=\"og:image:type\" content=\"image\/jpeg\" \/>\n<meta name=\"author\" content=\"Issouf Tapsoba\" \/>\n<meta name=\"twitter:label1\" content=\"\u00c9crit par\" \/>\n\t<meta name=\"twitter:data1\" content=\"Issouf Tapsoba\" \/>\n\t<meta name=\"twitter:label2\" content=\"Dur\u00e9e de lecture estim\u00e9e\" \/>\n\t<meta name=\"twitter:data2\" content=\"2 minutes\" \/>\n<script type=\"application\/ld+json\" class=\"yoast-schema-graph\">{\"@context\":\"https:\\\/\\\/schema.org\",\"@graph\":[{\"@type\":\"Article\",\"@id\":\"https:\\\/\\\/www.latribunedufaso.net\\\/?p=16330#article\",\"isPartOf\":{\"@id\":\"https:\\\/\\\/www.latribunedufaso.net\\\/?p=16330\"},\"author\":{\"name\":\"Issouf Tapsoba\",\"@id\":\"https:\\\/\\\/www.latribunedufaso.net\\\/#\\\/schema\\\/person\\\/e54e64c5778a7e72cf80a318b7a622b0\"},\"headline\":\"Justice : MN \u00e9cope de 21 ans de prison\u00a0 pour complicit\u00e9 de terrorisme\u00a0\",\"datePublished\":\"2024-10-16T12:00:35+00:00\",\"mainEntityOfPage\":{\"@id\":\"https:\\\/\\\/www.latribunedufaso.net\\\/?p=16330\"},\"wordCount\":493,\"commentCount\":0,\"publisher\":{\"@id\":\"https:\\\/\\\/www.latribunedufaso.net\\\/#organization\"},\"image\":{\"@id\":\"https:\\\/\\\/www.latribunedufaso.net\\\/?p=16330#primaryimage\"},\"thumbnailUrl\":\"https:\\\/\\\/www.latribunedufaso.net\\\/wp-content\\\/uploads\\\/2024\\\/04\\\/justice.jpg\",\"keywords\":[\"latribunedufaso.net\",\"proc\u00e8s terroristes\",\"terrorisme\"],\"articleSection\":[\"A la une\",\"Actualit\u00e9\",\"Soci\u00e9t\u00e9\"],\"inLanguage\":\"fr-FR\",\"potentialAction\":[{\"@type\":\"CommentAction\",\"name\":\"Comment\",\"target\":[\"https:\\\/\\\/www.latribunedufaso.net\\\/?p=16330#respond\"]}]},{\"@type\":\"WebPage\",\"@id\":\"https:\\\/\\\/www.latribunedufaso.net\\\/?p=16330\",\"url\":\"https:\\\/\\\/www.latribunedufaso.net\\\/?p=16330\",\"name\":\"Justice : MN \u00e9cope de 21 ans de prison\u00a0 pour complicit\u00e9 de terrorisme\u00a0 - La Tribune du Faso\",\"isPartOf\":{\"@id\":\"https:\\\/\\\/www.latribunedufaso.net\\\/#website\"},\"primaryImageOfPage\":{\"@id\":\"https:\\\/\\\/www.latribunedufaso.net\\\/?p=16330#primaryimage\"},\"image\":{\"@id\":\"https:\\\/\\\/www.latribunedufaso.net\\\/?p=16330#primaryimage\"},\"thumbnailUrl\":\"https:\\\/\\\/www.latribunedufaso.net\\\/wp-content\\\/uploads\\\/2024\\\/04\\\/justice.jpg\",\"datePublished\":\"2024-10-16T12:00:35+00:00\",\"breadcrumb\":{\"@id\":\"https:\\\/\\\/www.latribunedufaso.net\\\/?p=16330#breadcrumb\"},\"inLanguage\":\"fr-FR\",\"potentialAction\":[{\"@type\":\"ReadAction\",\"target\":[\"https:\\\/\\\/www.latribunedufaso.net\\\/?p=16330\"]}]},{\"@type\":\"ImageObject\",\"inLanguage\":\"fr-FR\",\"@id\":\"https:\\\/\\\/www.latribunedufaso.net\\\/?p=16330#primaryimage\",\"url\":\"https:\\\/\\\/www.latribunedufaso.net\\\/wp-content\\\/uploads\\\/2024\\\/04\\\/justice.jpg\",\"contentUrl\":\"https:\\\/\\\/www.latribunedufaso.net\\\/wp-content\\\/uploads\\\/2024\\\/04\\\/justice.jpg\",\"width\":1023,\"height\":583},{\"@type\":\"BreadcrumbList\",\"@id\":\"https:\\\/\\\/www.latribunedufaso.net\\\/?p=16330#breadcrumb\",\"itemListElement\":[{\"@type\":\"ListItem\",\"position\":1,\"name\":\"Accueil\",\"item\":\"https:\\\/\\\/www.latribunedufaso.net\\\/\"},{\"@type\":\"ListItem\",\"position\":2,\"name\":\"Justice : MN \u00e9cope de 21 ans de prison\u00a0 pour complicit\u00e9 de terrorisme\u00a0\"}]},{\"@type\":\"WebSite\",\"@id\":\"https:\\\/\\\/www.latribunedufaso.net\\\/#website\",\"url\":\"https:\\\/\\\/www.latribunedufaso.net\\\/\",\"name\":\"La Tribune du Faso\",\"description\":\"L&#039;information du monde rural en un clic\",\"publisher\":{\"@id\":\"https:\\\/\\\/www.latribunedufaso.net\\\/#organization\"},\"potentialAction\":[{\"@type\":\"SearchAction\",\"target\":{\"@type\":\"EntryPoint\",\"urlTemplate\":\"https:\\\/\\\/www.latribunedufaso.net\\\/?s={search_term_string}\"},\"query-input\":{\"@type\":\"PropertyValueSpecification\",\"valueRequired\":true,\"valueName\":\"search_term_string\"}}],\"inLanguage\":\"fr-FR\"},{\"@type\":\"Organization\",\"@id\":\"https:\\\/\\\/www.latribunedufaso.net\\\/#organization\",\"name\":\"La Tribune du Faso\",\"url\":\"https:\\\/\\\/www.latribunedufaso.net\\\/\",\"logo\":{\"@type\":\"ImageObject\",\"inLanguage\":\"fr-FR\",\"@id\":\"https:\\\/\\\/www.latribunedufaso.net\\\/#\\\/schema\\\/logo\\\/image\\\/\",\"url\":\"https:\\\/\\\/www.latribunedufaso.net\\\/wp-content\\\/uploads\\\/2020\\\/08\\\/Logo-Tribune-du-Faso-final-scaled.jpg\",\"contentUrl\":\"https:\\\/\\\/www.latribunedufaso.net\\\/wp-content\\\/uploads\\\/2020\\\/08\\\/Logo-Tribune-du-Faso-final-scaled.jpg\",\"width\":2560,\"height\":1856,\"caption\":\"La Tribune du Faso\"},\"image\":{\"@id\":\"https:\\\/\\\/www.latribunedufaso.net\\\/#\\\/schema\\\/logo\\\/image\\\/\"},\"sameAs\":[\"https:\\\/\\\/www.facebook.com\\\/LatribuneduFaso\\\/\"]},{\"@type\":\"Person\",\"@id\":\"https:\\\/\\\/www.latribunedufaso.net\\\/#\\\/schema\\\/person\\\/e54e64c5778a7e72cf80a318b7a622b0\",\"name\":\"Issouf Tapsoba\",\"image\":{\"@type\":\"ImageObject\",\"inLanguage\":\"fr-FR\",\"@id\":\"https:\\\/\\\/secure.gravatar.com\\\/avatar\\\/5e6c05150ce3230247d167f5b94d678eb05936197436d69b7921e3a95c9107ac?s=96&d=mm&r=g\",\"url\":\"https:\\\/\\\/secure.gravatar.com\\\/avatar\\\/5e6c05150ce3230247d167f5b94d678eb05936197436d69b7921e3a95c9107ac?s=96&d=mm&r=g\",\"contentUrl\":\"https:\\\/\\\/secure.gravatar.com\\\/avatar\\\/5e6c05150ce3230247d167f5b94d678eb05936197436d69b7921e3a95c9107ac?s=96&d=mm&r=g\",\"caption\":\"Issouf Tapsoba\"},\"url\":\"https:\\\/\\\/www.latribunedufaso.net\\\/?author=5\"}]}<\/script>\n<!-- \/ Yoast SEO plugin. -->","yoast_head_json":{"title":"Justice : MN \u00e9cope de 21 ans de prison\u00a0 pour complicit\u00e9 de terrorisme\u00a0 - La Tribune du Faso","robots":{"index":"index","follow":"follow","max-snippet":"max-snippet:-1","max-image-preview":"max-image-preview:large","max-video-preview":"max-video-preview:-1"},"canonical":"https:\/\/www.latribunedufaso.net\/?p=16330","og_locale":"fr_FR","og_type":"article","og_title":"Justice : MN \u00e9cope de 21 ans de prison\u00a0 pour complicit\u00e9 de terrorisme\u00a0 - La Tribune du Faso","og_description":"Le mardi 24 septembre 2024, le tribunal a rendu son verdict dans l\u2019affaire de MN, n\u00e9 en 1978, accus\u00e9 d\u2019association de malfaiteurs en lien avec des activit\u00e9s terroristes dans les localit\u00e9s de Roglo et Windigui.","og_url":"https:\/\/www.latribunedufaso.net\/?p=16330","og_site_name":"La Tribune du Faso","article_publisher":"https:\/\/www.facebook.com\/LatribuneduFaso\/","article_published_time":"2024-10-16T12:00:35+00:00","og_image":[{"width":1023,"height":583,"url":"https:\/\/www.latribunedufaso.net\/wp-content\/uploads\/2024\/04\/justice.jpg","type":"image\/jpeg"}],"author":"Issouf Tapsoba","twitter_misc":{"\u00c9crit par":"Issouf Tapsoba","Dur\u00e9e de lecture estim\u00e9e":"2 minutes"},"schema":{"@context":"https:\/\/schema.org","@graph":[{"@type":"Article","@id":"https:\/\/www.latribunedufaso.net\/?p=16330#article","isPartOf":{"@id":"https:\/\/www.latribunedufaso.net\/?p=16330"},"author":{"name":"Issouf Tapsoba","@id":"https:\/\/www.latribunedufaso.net\/#\/schema\/person\/e54e64c5778a7e72cf80a318b7a622b0"},"headline":"Justice : MN \u00e9cope de 21 ans de prison\u00a0 pour complicit\u00e9 de terrorisme\u00a0","datePublished":"2024-10-16T12:00:35+00:00","mainEntityOfPage":{"@id":"https:\/\/www.latribunedufaso.net\/?p=16330"},"wordCount":493,"commentCount":0,"publisher":{"@id":"https:\/\/www.latribunedufaso.net\/#organization"},"image":{"@id":"https:\/\/www.latribunedufaso.net\/?p=16330#primaryimage"},"thumbnailUrl":"https:\/\/www.latribunedufaso.net\/wp-content\/uploads\/2024\/04\/justice.jpg","keywords":["latribunedufaso.net","proc\u00e8s terroristes","terrorisme"],"articleSection":["A la une","Actualit\u00e9","Soci\u00e9t\u00e9"],"inLanguage":"fr-FR","potentialAction":[{"@type":"CommentAction","name":"Comment","target":["https:\/\/www.latribunedufaso.net\/?p=16330#respond"]}]},{"@type":"WebPage","@id":"https:\/\/www.latribunedufaso.net\/?p=16330","url":"https:\/\/www.latribunedufaso.net\/?p=16330","name":"Justice : MN \u00e9cope de 21 ans de prison\u00a0 pour complicit\u00e9 de terrorisme\u00a0 - La Tribune du Faso","isPartOf":{"@id":"https:\/\/www.latribunedufaso.net\/#website"},"primaryImageOfPage":{"@id":"https:\/\/www.latribunedufaso.net\/?p=16330#primaryimage"},"image":{"@id":"https:\/\/www.latribunedufaso.net\/?p=16330#primaryimage"},"thumbnailUrl":"https:\/\/www.latribunedufaso.net\/wp-content\/uploads\/2024\/04\/justice.jpg","datePublished":"2024-10-16T12:00:35+00:00","breadcrumb":{"@id":"https:\/\/www.latribunedufaso.net\/?p=16330#breadcrumb"},"inLanguage":"fr-FR","potentialAction":[{"@type":"ReadAction","target":["https:\/\/www.latribunedufaso.net\/?p=16330"]}]},{"@type":"ImageObject","inLanguage":"fr-FR","@id":"https:\/\/www.latribunedufaso.net\/?p=16330#primaryimage","url":"https:\/\/www.latribunedufaso.net\/wp-content\/uploads\/2024\/04\/justice.jpg","contentUrl":"https:\/\/www.latribunedufaso.net\/wp-content\/uploads\/2024\/04\/justice.jpg","width":1023,"height":583},{"@type":"BreadcrumbList","@id":"https:\/\/www.latribunedufaso.net\/?p=16330#breadcrumb","itemListElement":[{"@type":"ListItem","position":1,"name":"Accueil","item":"https:\/\/www.latribunedufaso.net\/"},{"@type":"ListItem","position":2,"name":"Justice : MN \u00e9cope de 21 ans de prison\u00a0 pour complicit\u00e9 de terrorisme\u00a0"}]},{"@type":"WebSite","@id":"https:\/\/www.latribunedufaso.net\/#website","url":"https:\/\/www.latribunedufaso.net\/","name":"La Tribune du Faso","description":"L&#039;information du monde rural en un clic","publisher":{"@id":"https:\/\/www.latribunedufaso.net\/#organization"},"potentialAction":[{"@type":"SearchAction","target":{"@type":"EntryPoint","urlTemplate":"https:\/\/www.latribunedufaso.net\/?s={search_term_string}"},"query-input":{"@type":"PropertyValueSpecification","valueRequired":true,"valueName":"search_term_string"}}],"inLanguage":"fr-FR"},{"@type":"Organization","@id":"https:\/\/www.latribunedufaso.net\/#organization","name":"La Tribune du Faso","url":"https:\/\/www.latribunedufaso.net\/","logo":{"@type":"ImageObject","inLanguage":"fr-FR","@id":"https:\/\/www.latribunedufaso.net\/#\/schema\/logo\/image\/","url":"https:\/\/www.latribunedufaso.net\/wp-content\/uploads\/2020\/08\/Logo-Tribune-du-Faso-final-scaled.jpg","contentUrl":"https:\/\/www.latribunedufaso.net\/wp-content\/uploads\/2020\/08\/Logo-Tribune-du-Faso-final-scaled.jpg","width":2560,"height":1856,"caption":"La Tribune du Faso"},"image":{"@id":"https:\/\/www.latribunedufaso.net\/#\/schema\/logo\/image\/"},"sameAs":["https:\/\/www.facebook.com\/LatribuneduFaso\/"]},{"@type":"Person","@id":"https:\/\/www.latribunedufaso.net\/#\/schema\/person\/e54e64c5778a7e72cf80a318b7a622b0","name":"Issouf Tapsoba","image":{"@type":"ImageObject","inLanguage":"fr-FR","@id":"https:\/\/secure.gravatar.com\/avatar\/5e6c05150ce3230247d167f5b94d678eb05936197436d69b7921e3a95c9107ac?s=96&d=mm&r=g","url":"https:\/\/secure.gravatar.com\/avatar\/5e6c05150ce3230247d167f5b94d678eb05936197436d69b7921e3a95c9107ac?s=96&d=mm&r=g","contentUrl":"https:\/\/secure.gravatar.com\/avatar\/5e6c05150ce3230247d167f5b94d678eb05936197436d69b7921e3a95c9107ac?s=96&d=mm&r=g","caption":"Issouf Tapsoba"},"url":"https:\/\/www.latribunedufaso.net\/?author=5"}]}},"_links":{"self":[{"href":"https:\/\/www.latribunedufaso.net\/index.php?rest_route=\/wp\/v2\/posts\/16330","targetHints":{"allow":["GET"]}}],"collection":[{"href":"https:\/\/www.latribunedufaso.net\/index.php?rest_route=\/wp\/v2\/posts"}],"about":[{"href":"https:\/\/www.latribunedufaso.net\/index.php?rest_route=\/wp\/v2\/types\/post"}],"author":[{"embeddable":true,"href":"https:\/\/www.latribunedufaso.net\/index.php?rest_route=\/wp\/v2\/users\/5"}],"replies":[{"embeddable":true,"href":"https:\/\/www.latribunedufaso.net\/index.php?rest_route=%2Fwp%2Fv2%2Fcomments&post=16330"}],"version-history":[{"count":1,"href":"https:\/\/www.latribunedufaso.net\/index.php?rest_route=\/wp\/v2\/posts\/16330\/revisions"}],"predecessor-version":[{"id":16333,"href":"https:\/\/www.latribunedufaso.net\/index.php?rest_route=\/wp\/v2\/posts\/16330\/revisions\/16333"}],"wp:featuredmedia":[{"embeddable":true,"href":"https:\/\/www.latribunedufaso.net\/index.php?rest_route=\/wp\/v2\/media\/12992"}],"wp:attachment":[{"href":"https:\/\/www.latribunedufaso.net\/index.php?rest_route=%2Fwp%2Fv2%2Fmedia&parent=16330"}],"wp:term":[{"taxonomy":"category","embeddable":true,"href":"https:\/\/www.latribunedufaso.net\/index.php?rest_route=%2Fwp%2Fv2%2Fcategories&post=16330"},{"taxonomy":"post_tag","embeddable":true,"href":"https:\/\/www.latribunedufaso.net\/index.php?rest_route=%2Fwp%2Fv2%2Ftags&post=16330"}],"curies":[{"name":"wp","href":"https:\/\/api.w.org\/{rel}","templated":true}]}}