{"id":16266,"date":"2024-10-13T11:58:30","date_gmt":"2024-10-13T11:58:30","guid":{"rendered":"https:\/\/www.latribunedufaso.net\/?p=16266"},"modified":"2024-10-16T11:47:07","modified_gmt":"2024-10-16T11:47:07","slug":"do-un-berger-acquitte-des-accusations-de-complicite-de-terrorisme","status":"publish","type":"post","link":"https:\/\/www.latribunedufaso.net\/?p=16266","title":{"rendered":"DO, un berger, acquitt\u00e9 des accusations de complicit\u00e9 de terrorisme"},"content":{"rendered":"<p><strong style=\"font-size: 1.0625rem;\">Le 20 septembre 2024, DO, un berger de 27 ans et p\u00e8re de deux enfants, <\/strong><strong style=\"font-size: 1.0625rem;\">a \u00e9t\u00e9 jug\u00e9 par la Chambre correctionnelle sp\u00e9cialis\u00e9e dans la r\u00e9pression des actes de terrorisme. Il \u00e9tait poursuivi pour complicit\u00e9 de terrorisme. Dans son d\u00e9lib\u00e9r\u00e9, il a \u00e9t\u00e9 acquitt\u00e9 par le tribunal au b\u00e9n\u00e9fice du doute.<\/strong><\/p>\n<p><!--more--><\/p>\n<p>Interpell\u00e9 en mai 2021, DO est accus\u00e9 d\u2019avoir transmis des informations sensibles sur la position des forces de l\u2019ordre \u00e0 un groupe terroriste op\u00e9rant dans la r\u00e9gion de Koup\u00e9la. Le chef de ce groupe, DH, aurait contact\u00e9 DO \u00e0 plusieurs reprises par t\u00e9l\u00e9phone, lui demandant de fournir des vivres et de partager des renseignements sur les mouvements des forces de d\u00e9fense.<\/p>\n<p>Selon l\u2019enqu\u00eate, DO a effectu\u00e9 trois appels t\u00e9l\u00e9phoniques avec le chef terroriste, au cours desquels il aurait transmis des informations sur les survols d\u2019avions et la pr\u00e9sence des forces de l\u2019ordre. Lors de l\u2019instruction, il a \u00e9t\u00e9 r\u00e9v\u00e9l\u00e9 que le terroriste avait confi\u00e9 \u00e0 DO son projet de voler un v\u00e9hicule, ce qui a conduit \u00e0 son arrestation.<\/p>\n<blockquote>\n<p>Lire aussi &gt;&gt; <a href=\"https:\/\/www.latribunedufaso.net\/?p=16261\">un r\u00e9seau terroriste de 4 individus condamn\u00e9s \u00e0 21 ans de prison pour association de malfaiteurs \u00e0 des fins terroristes<\/a><\/p>\n<\/blockquote>\n<p>Bien que DO ait ni\u00e9 les faits, affirmant qu\u2019il n\u2019avait jamais reconnu le chef terroriste ni collabor\u00e9 avec lui, ses d\u00e9clarations ont \u00e9t\u00e9 jug\u00e9es contradictoires par le tribunal. En effet, lors de l\u2019enqu\u00eate pr\u00e9liminaire, il avait affirm\u00e9 que son fr\u00e8re avait cass\u00e9 sa carte SIM pour d\u00e9truire les preuves. Pourtant, en audience, il a d\u00e9clar\u00e9 avoir jet\u00e9 lui-m\u00eame le t\u00e9l\u00e9phone et la carte SIM dans les toilettes par peur.<\/p>\n<p>De ses dires, un soir, il a re\u00e7u un appel t\u00e9l\u00e9phonique d\u2019un num\u00e9ro inconnu, qu\u2019il a d\u2019abord ignor\u00e9. Lors d\u2019un second appel, l\u2019interlocuteur s\u2019est pr\u00e9sent\u00e9 comme \u00e9tant HD et a r\u00e9v\u00e9l\u00e9 qu\u2019il \u00e9tait un terroriste bas\u00e9 dans une for\u00eat pr\u00e8s de chez lui. Malgr\u00e9 les tentatives de ce dernier de le convaincre de collaborer, l\u2019homme a fermement refus\u00e9, s\u2019opposant \u00e0 toute association familiale qu\u2019il pr\u00e9tendait.\u00a0<\/p>\n<p><em><strong>\u00ab Je lui ai demand\u00e9 qui lui a donn\u00e9 mon num\u00e9ro ? Il a dit de ne pas chercher \u00e0 savoir \u00e7a. Il m&rsquo;a parl\u00e9 de la police et des Eaux et for\u00eats et je lui ai dis de ne pas me parler de \u00e7a. Il m\u2019a propos\u00e9 de travailler avec eux j\u2019ai refus\u00e9 et il m\u2019a dit que nous sommes de la m\u00eame famille je lui dit non je ne suis pas de sa famille. Qu&rsquo;ils sont en brousse et la faim et la soif veut les tuer. J\u2019ai dis \u00e7a ne me regarde pas et jai raccroch\u00e9 mon t\u00e9l\u00e9phone \u00bb,<\/strong> <\/em>a d\u00e9clar\u00e9 DO \u00e0 la barre expliquant avoir mis sa puce et le t\u00e9l\u00e9phone dans les toilettes par peur.<\/p>\n<p>Selon le procureur, ses parents ont affirm\u00e9 ne pas savoir o\u00f9 se trouvait son t\u00e9l\u00e9phone, tandis que son fr\u00e8re a confirm\u00e9 que la carte SIM avait \u00e9t\u00e9 d\u00e9truite. Cependant, pour le procureur, ces \u00e9l\u00e9ments sont suffisants pour prouver que DO avait bien facilit\u00e9 et particip\u00e9 \u00e0 des actes de terrorisme.<\/p>\n<p>Le procureur, invoquant l\u2019article 362-1 du Code p\u00e9nal, a estim\u00e9 que l\u2019accus\u00e9 avait non seulement aid\u00e9, mais aussi facilit\u00e9 les activit\u00e9s terroristes dans la r\u00e9gion. Il a donc requis une peine de 21 ans de prison, dont 15 ans ferme, avec une p\u00e9riode de s\u00fbret\u00e9 de 10 ans, ainsi qu\u2019une amende de 2 millions de francs CFA.<\/p>\n<p><strong>La d\u00e9fense plaide l\u2019intention<\/strong><\/p>\n<p>Sans sa plaidoirie, l\u2019avocat de DO a insist\u00e9 sur le fait que son client avait refus\u00e9 de collaborer avec le groupe terroriste. Il a notamment rappel\u00e9 que DO avait refus\u00e9 de travailler avec les terroristes lors de leurs \u00e9changes t\u00e9l\u00e9phoniques. <em><strong>\u00ab Mon client a refus\u00e9 leur proposition et n\u2019a fait que r\u00e9pondre par peur. Il a d\u2019ailleurs jet\u00e9 son t\u00e9l\u00e9phone apr\u00e8s cet appel \u00bb, <\/strong><\/em>a-t-il soulign\u00e9.<\/p>\n<blockquote>\n<p>Lire aussi &gt;&gt; <a href=\"https:\/\/www.latribunedufaso.net\/?p=16258\">Accus\u00e9 de complicit\u00e9 avec des terroristes : AD acquitt\u00e9 au b\u00e9n\u00e9fice du doute<\/a><\/p>\n<\/blockquote>\n<p>L\u2019avocat a \u00e9galement argu\u00e9 que les informations que DO avait partag\u00e9es avec les terroristes, comme le survol des avions militaires, \u00e9taient peut-\u00eatre destin\u00e9es \u00e0 les dissuader de venir dans la zone, et non \u00e0 les aider. Il a donc demand\u00e9 au tribunal de reconsid\u00e9rer l\u2019intention derri\u00e8re les actes de son client.<\/p>\n<p>En d\u00e9finitive, le tribunal, dans le d\u00e9lib\u00e9r\u00e9 a renvoy\u00e9 DO des fins de la poursuite au b\u00e9n\u00e9fice du doute, mis les d\u00e9pens \u00e0 la charge du tr\u00e9sor public et \u00e0 donn\u00e9 15 jours pour relever appel s&rsquo;il n est pas content.<\/p>\n<p><strong>Nabintou OUATTARA\u00a0<\/strong><\/p>\n<p><strong><span style=\"font-size: 1.0625rem;\">Latribunedufaso.<\/span><span style=\"font-size: 1.0625rem;\">net\u00a0<\/span><\/strong><\/p>\n","protected":false},"excerpt":{"rendered":"<p>Le 20 septembre 2024, DO, un berger de 27 ans et p\u00e8re de deux enfants, a \u00e9t\u00e9 jug\u00e9 par la Chambre correctionnelle sp\u00e9cialis\u00e9e dans la r\u00e9pression des actes de terrorisme. Il \u00e9tait poursuivi pour complicit\u00e9 de terrorisme. Dans son d\u00e9lib\u00e9r\u00e9, il a \u00e9t\u00e9 acquitt\u00e9 par le tribunal au b\u00e9n\u00e9fice du doute.<\/p>\n","protected":false},"author":5,"featured_media":16294,"comment_status":"open","ping_status":"open","sticky":false,"template":"","format":"standard","meta":{"footnotes":""},"categories":[13,1,8],"tags":[39,138],"class_list":["post-16266","post","type-post","status-publish","format-standard","has-post-thumbnail","hentry","category-une","category-actu","category-societe","tag-latribunedufaso-net","tag-lutte-contre-le-terrorisme"],"yoast_head":"<!-- This site is optimized with the Yoast SEO plugin v27.5 - https:\/\/yoast.com\/product\/yoast-seo-wordpress\/ -->\n<title>DO, un berger, acquitt\u00e9 des accusations de complicit\u00e9 de terrorisme - La Tribune du Faso<\/title>\n<meta name=\"robots\" content=\"index, follow, max-snippet:-1, max-image-preview:large, max-video-preview:-1\" \/>\n<link rel=\"canonical\" href=\"https:\/\/www.latribunedufaso.net\/?p=16266\" \/>\n<meta property=\"og:locale\" content=\"fr_FR\" \/>\n<meta property=\"og:type\" content=\"article\" \/>\n<meta property=\"og:title\" content=\"DO, un berger, acquitt\u00e9 des accusations de complicit\u00e9 de terrorisme - La Tribune du Faso\" \/>\n<meta property=\"og:description\" content=\"Le 20 septembre 2024, DO, un berger de 27 ans et p\u00e8re de deux enfants, a \u00e9t\u00e9 jug\u00e9 par la Chambre correctionnelle sp\u00e9cialis\u00e9e dans la r\u00e9pression des actes de terrorisme. Il \u00e9tait poursuivi pour complicit\u00e9 de terrorisme. Dans son d\u00e9lib\u00e9r\u00e9, il a \u00e9t\u00e9 acquitt\u00e9 par le tribunal au b\u00e9n\u00e9fice du doute.\" \/>\n<meta property=\"og:url\" content=\"https:\/\/www.latribunedufaso.net\/?p=16266\" \/>\n<meta property=\"og:site_name\" content=\"La Tribune du Faso\" \/>\n<meta property=\"article:publisher\" content=\"https:\/\/www.facebook.com\/LatribuneduFaso\/\" \/>\n<meta property=\"article:published_time\" content=\"2024-10-13T11:58:30+00:00\" \/>\n<meta property=\"article:modified_time\" content=\"2024-10-16T11:47:07+00:00\" \/>\n<meta property=\"og:image\" content=\"https:\/\/www.latribunedufaso.net\/wp-content\/uploads\/2024\/10\/images-6.jpeg\" \/>\n\t<meta property=\"og:image:width\" content=\"287\" \/>\n\t<meta property=\"og:image:height\" content=\"176\" \/>\n\t<meta property=\"og:image:type\" content=\"image\/jpeg\" \/>\n<meta name=\"author\" content=\"Issouf Tapsoba\" \/>\n<meta name=\"twitter:label1\" content=\"\u00c9crit par\" \/>\n\t<meta name=\"twitter:data1\" content=\"Issouf Tapsoba\" \/>\n\t<meta name=\"twitter:label2\" content=\"Dur\u00e9e de lecture estim\u00e9e\" \/>\n\t<meta name=\"twitter:data2\" content=\"4 minutes\" \/>\n<script type=\"application\/ld+json\" class=\"yoast-schema-graph\">{\"@context\":\"https:\\\/\\\/schema.org\",\"@graph\":[{\"@type\":\"Article\",\"@id\":\"https:\\\/\\\/www.latribunedufaso.net\\\/?p=16266#article\",\"isPartOf\":{\"@id\":\"https:\\\/\\\/www.latribunedufaso.net\\\/?p=16266\"},\"author\":{\"name\":\"Issouf Tapsoba\",\"@id\":\"https:\\\/\\\/www.latribunedufaso.net\\\/#\\\/schema\\\/person\\\/e54e64c5778a7e72cf80a318b7a622b0\"},\"headline\":\"DO, un berger, acquitt\u00e9 des accusations de complicit\u00e9 de terrorisme\",\"datePublished\":\"2024-10-13T11:58:30+00:00\",\"dateModified\":\"2024-10-16T11:47:07+00:00\",\"mainEntityOfPage\":{\"@id\":\"https:\\\/\\\/www.latribunedufaso.net\\\/?p=16266\"},\"wordCount\":835,\"commentCount\":0,\"publisher\":{\"@id\":\"https:\\\/\\\/www.latribunedufaso.net\\\/#organization\"},\"image\":{\"@id\":\"https:\\\/\\\/www.latribunedufaso.net\\\/?p=16266#primaryimage\"},\"thumbnailUrl\":\"https:\\\/\\\/www.latribunedufaso.net\\\/wp-content\\\/uploads\\\/2024\\\/10\\\/images-6.jpeg\",\"keywords\":[\"latribunedufaso.net\",\"lutte contre le terrorisme\"],\"articleSection\":[\"A la une\",\"Actualit\u00e9\",\"Soci\u00e9t\u00e9\"],\"inLanguage\":\"fr-FR\",\"potentialAction\":[{\"@type\":\"CommentAction\",\"name\":\"Comment\",\"target\":[\"https:\\\/\\\/www.latribunedufaso.net\\\/?p=16266#respond\"]}]},{\"@type\":\"WebPage\",\"@id\":\"https:\\\/\\\/www.latribunedufaso.net\\\/?p=16266\",\"url\":\"https:\\\/\\\/www.latribunedufaso.net\\\/?p=16266\",\"name\":\"DO, un berger, acquitt\u00e9 des accusations de complicit\u00e9 de terrorisme - La Tribune du Faso\",\"isPartOf\":{\"@id\":\"https:\\\/\\\/www.latribunedufaso.net\\\/#website\"},\"primaryImageOfPage\":{\"@id\":\"https:\\\/\\\/www.latribunedufaso.net\\\/?p=16266#primaryimage\"},\"image\":{\"@id\":\"https:\\\/\\\/www.latribunedufaso.net\\\/?p=16266#primaryimage\"},\"thumbnailUrl\":\"https:\\\/\\\/www.latribunedufaso.net\\\/wp-content\\\/uploads\\\/2024\\\/10\\\/images-6.jpeg\",\"datePublished\":\"2024-10-13T11:58:30+00:00\",\"dateModified\":\"2024-10-16T11:47:07+00:00\",\"breadcrumb\":{\"@id\":\"https:\\\/\\\/www.latribunedufaso.net\\\/?p=16266#breadcrumb\"},\"inLanguage\":\"fr-FR\",\"potentialAction\":[{\"@type\":\"ReadAction\",\"target\":[\"https:\\\/\\\/www.latribunedufaso.net\\\/?p=16266\"]}]},{\"@type\":\"ImageObject\",\"inLanguage\":\"fr-FR\",\"@id\":\"https:\\\/\\\/www.latribunedufaso.net\\\/?p=16266#primaryimage\",\"url\":\"https:\\\/\\\/www.latribunedufaso.net\\\/wp-content\\\/uploads\\\/2024\\\/10\\\/images-6.jpeg\",\"contentUrl\":\"https:\\\/\\\/www.latribunedufaso.net\\\/wp-content\\\/uploads\\\/2024\\\/10\\\/images-6.jpeg\",\"width\":287,\"height\":176,\"caption\":\"Photo illustration barre de tribunal\"},{\"@type\":\"BreadcrumbList\",\"@id\":\"https:\\\/\\\/www.latribunedufaso.net\\\/?p=16266#breadcrumb\",\"itemListElement\":[{\"@type\":\"ListItem\",\"position\":1,\"name\":\"Accueil\",\"item\":\"https:\\\/\\\/www.latribunedufaso.net\\\/\"},{\"@type\":\"ListItem\",\"position\":2,\"name\":\"DO, un berger, acquitt\u00e9 des accusations de complicit\u00e9 de terrorisme\"}]},{\"@type\":\"WebSite\",\"@id\":\"https:\\\/\\\/www.latribunedufaso.net\\\/#website\",\"url\":\"https:\\\/\\\/www.latribunedufaso.net\\\/\",\"name\":\"La Tribune du Faso\",\"description\":\"L&#039;information du monde rural en un clic\",\"publisher\":{\"@id\":\"https:\\\/\\\/www.latribunedufaso.net\\\/#organization\"},\"potentialAction\":[{\"@type\":\"SearchAction\",\"target\":{\"@type\":\"EntryPoint\",\"urlTemplate\":\"https:\\\/\\\/www.latribunedufaso.net\\\/?s={search_term_string}\"},\"query-input\":{\"@type\":\"PropertyValueSpecification\",\"valueRequired\":true,\"valueName\":\"search_term_string\"}}],\"inLanguage\":\"fr-FR\"},{\"@type\":\"Organization\",\"@id\":\"https:\\\/\\\/www.latribunedufaso.net\\\/#organization\",\"name\":\"La Tribune du Faso\",\"url\":\"https:\\\/\\\/www.latribunedufaso.net\\\/\",\"logo\":{\"@type\":\"ImageObject\",\"inLanguage\":\"fr-FR\",\"@id\":\"https:\\\/\\\/www.latribunedufaso.net\\\/#\\\/schema\\\/logo\\\/image\\\/\",\"url\":\"https:\\\/\\\/www.latribunedufaso.net\\\/wp-content\\\/uploads\\\/2020\\\/08\\\/Logo-Tribune-du-Faso-final-scaled.jpg\",\"contentUrl\":\"https:\\\/\\\/www.latribunedufaso.net\\\/wp-content\\\/uploads\\\/2020\\\/08\\\/Logo-Tribune-du-Faso-final-scaled.jpg\",\"width\":2560,\"height\":1856,\"caption\":\"La Tribune du Faso\"},\"image\":{\"@id\":\"https:\\\/\\\/www.latribunedufaso.net\\\/#\\\/schema\\\/logo\\\/image\\\/\"},\"sameAs\":[\"https:\\\/\\\/www.facebook.com\\\/LatribuneduFaso\\\/\"]},{\"@type\":\"Person\",\"@id\":\"https:\\\/\\\/www.latribunedufaso.net\\\/#\\\/schema\\\/person\\\/e54e64c5778a7e72cf80a318b7a622b0\",\"name\":\"Issouf Tapsoba\",\"image\":{\"@type\":\"ImageObject\",\"inLanguage\":\"fr-FR\",\"@id\":\"https:\\\/\\\/secure.gravatar.com\\\/avatar\\\/5e6c05150ce3230247d167f5b94d678eb05936197436d69b7921e3a95c9107ac?s=96&d=mm&r=g\",\"url\":\"https:\\\/\\\/secure.gravatar.com\\\/avatar\\\/5e6c05150ce3230247d167f5b94d678eb05936197436d69b7921e3a95c9107ac?s=96&d=mm&r=g\",\"contentUrl\":\"https:\\\/\\\/secure.gravatar.com\\\/avatar\\\/5e6c05150ce3230247d167f5b94d678eb05936197436d69b7921e3a95c9107ac?s=96&d=mm&r=g\",\"caption\":\"Issouf Tapsoba\"},\"url\":\"https:\\\/\\\/www.latribunedufaso.net\\\/?author=5\"}]}<\/script>\n<!-- \/ Yoast SEO plugin. -->","yoast_head_json":{"title":"DO, un berger, acquitt\u00e9 des accusations de complicit\u00e9 de terrorisme - La Tribune du Faso","robots":{"index":"index","follow":"follow","max-snippet":"max-snippet:-1","max-image-preview":"max-image-preview:large","max-video-preview":"max-video-preview:-1"},"canonical":"https:\/\/www.latribunedufaso.net\/?p=16266","og_locale":"fr_FR","og_type":"article","og_title":"DO, un berger, acquitt\u00e9 des accusations de complicit\u00e9 de terrorisme - La Tribune du Faso","og_description":"Le 20 septembre 2024, DO, un berger de 27 ans et p\u00e8re de deux enfants, a \u00e9t\u00e9 jug\u00e9 par la Chambre correctionnelle sp\u00e9cialis\u00e9e dans la r\u00e9pression des actes de terrorisme. Il \u00e9tait poursuivi pour complicit\u00e9 de terrorisme. Dans son d\u00e9lib\u00e9r\u00e9, il a \u00e9t\u00e9 acquitt\u00e9 par le tribunal au b\u00e9n\u00e9fice du doute.","og_url":"https:\/\/www.latribunedufaso.net\/?p=16266","og_site_name":"La Tribune du Faso","article_publisher":"https:\/\/www.facebook.com\/LatribuneduFaso\/","article_published_time":"2024-10-13T11:58:30+00:00","article_modified_time":"2024-10-16T11:47:07+00:00","og_image":[{"width":287,"height":176,"url":"https:\/\/www.latribunedufaso.net\/wp-content\/uploads\/2024\/10\/images-6.jpeg","type":"image\/jpeg"}],"author":"Issouf Tapsoba","twitter_misc":{"\u00c9crit par":"Issouf Tapsoba","Dur\u00e9e de lecture estim\u00e9e":"4 minutes"},"schema":{"@context":"https:\/\/schema.org","@graph":[{"@type":"Article","@id":"https:\/\/www.latribunedufaso.net\/?p=16266#article","isPartOf":{"@id":"https:\/\/www.latribunedufaso.net\/?p=16266"},"author":{"name":"Issouf Tapsoba","@id":"https:\/\/www.latribunedufaso.net\/#\/schema\/person\/e54e64c5778a7e72cf80a318b7a622b0"},"headline":"DO, un berger, acquitt\u00e9 des accusations de complicit\u00e9 de terrorisme","datePublished":"2024-10-13T11:58:30+00:00","dateModified":"2024-10-16T11:47:07+00:00","mainEntityOfPage":{"@id":"https:\/\/www.latribunedufaso.net\/?p=16266"},"wordCount":835,"commentCount":0,"publisher":{"@id":"https:\/\/www.latribunedufaso.net\/#organization"},"image":{"@id":"https:\/\/www.latribunedufaso.net\/?p=16266#primaryimage"},"thumbnailUrl":"https:\/\/www.latribunedufaso.net\/wp-content\/uploads\/2024\/10\/images-6.jpeg","keywords":["latribunedufaso.net","lutte contre le terrorisme"],"articleSection":["A la une","Actualit\u00e9","Soci\u00e9t\u00e9"],"inLanguage":"fr-FR","potentialAction":[{"@type":"CommentAction","name":"Comment","target":["https:\/\/www.latribunedufaso.net\/?p=16266#respond"]}]},{"@type":"WebPage","@id":"https:\/\/www.latribunedufaso.net\/?p=16266","url":"https:\/\/www.latribunedufaso.net\/?p=16266","name":"DO, un berger, acquitt\u00e9 des accusations de complicit\u00e9 de terrorisme - La Tribune du Faso","isPartOf":{"@id":"https:\/\/www.latribunedufaso.net\/#website"},"primaryImageOfPage":{"@id":"https:\/\/www.latribunedufaso.net\/?p=16266#primaryimage"},"image":{"@id":"https:\/\/www.latribunedufaso.net\/?p=16266#primaryimage"},"thumbnailUrl":"https:\/\/www.latribunedufaso.net\/wp-content\/uploads\/2024\/10\/images-6.jpeg","datePublished":"2024-10-13T11:58:30+00:00","dateModified":"2024-10-16T11:47:07+00:00","breadcrumb":{"@id":"https:\/\/www.latribunedufaso.net\/?p=16266#breadcrumb"},"inLanguage":"fr-FR","potentialAction":[{"@type":"ReadAction","target":["https:\/\/www.latribunedufaso.net\/?p=16266"]}]},{"@type":"ImageObject","inLanguage":"fr-FR","@id":"https:\/\/www.latribunedufaso.net\/?p=16266#primaryimage","url":"https:\/\/www.latribunedufaso.net\/wp-content\/uploads\/2024\/10\/images-6.jpeg","contentUrl":"https:\/\/www.latribunedufaso.net\/wp-content\/uploads\/2024\/10\/images-6.jpeg","width":287,"height":176,"caption":"Photo illustration barre de tribunal"},{"@type":"BreadcrumbList","@id":"https:\/\/www.latribunedufaso.net\/?p=16266#breadcrumb","itemListElement":[{"@type":"ListItem","position":1,"name":"Accueil","item":"https:\/\/www.latribunedufaso.net\/"},{"@type":"ListItem","position":2,"name":"DO, un berger, acquitt\u00e9 des accusations de complicit\u00e9 de terrorisme"}]},{"@type":"WebSite","@id":"https:\/\/www.latribunedufaso.net\/#website","url":"https:\/\/www.latribunedufaso.net\/","name":"La Tribune du Faso","description":"L&#039;information du monde rural en un clic","publisher":{"@id":"https:\/\/www.latribunedufaso.net\/#organization"},"potentialAction":[{"@type":"SearchAction","target":{"@type":"EntryPoint","urlTemplate":"https:\/\/www.latribunedufaso.net\/?s={search_term_string}"},"query-input":{"@type":"PropertyValueSpecification","valueRequired":true,"valueName":"search_term_string"}}],"inLanguage":"fr-FR"},{"@type":"Organization","@id":"https:\/\/www.latribunedufaso.net\/#organization","name":"La Tribune du Faso","url":"https:\/\/www.latribunedufaso.net\/","logo":{"@type":"ImageObject","inLanguage":"fr-FR","@id":"https:\/\/www.latribunedufaso.net\/#\/schema\/logo\/image\/","url":"https:\/\/www.latribunedufaso.net\/wp-content\/uploads\/2020\/08\/Logo-Tribune-du-Faso-final-scaled.jpg","contentUrl":"https:\/\/www.latribunedufaso.net\/wp-content\/uploads\/2020\/08\/Logo-Tribune-du-Faso-final-scaled.jpg","width":2560,"height":1856,"caption":"La Tribune du Faso"},"image":{"@id":"https:\/\/www.latribunedufaso.net\/#\/schema\/logo\/image\/"},"sameAs":["https:\/\/www.facebook.com\/LatribuneduFaso\/"]},{"@type":"Person","@id":"https:\/\/www.latribunedufaso.net\/#\/schema\/person\/e54e64c5778a7e72cf80a318b7a622b0","name":"Issouf Tapsoba","image":{"@type":"ImageObject","inLanguage":"fr-FR","@id":"https:\/\/secure.gravatar.com\/avatar\/5e6c05150ce3230247d167f5b94d678eb05936197436d69b7921e3a95c9107ac?s=96&d=mm&r=g","url":"https:\/\/secure.gravatar.com\/avatar\/5e6c05150ce3230247d167f5b94d678eb05936197436d69b7921e3a95c9107ac?s=96&d=mm&r=g","contentUrl":"https:\/\/secure.gravatar.com\/avatar\/5e6c05150ce3230247d167f5b94d678eb05936197436d69b7921e3a95c9107ac?s=96&d=mm&r=g","caption":"Issouf Tapsoba"},"url":"https:\/\/www.latribunedufaso.net\/?author=5"}]}},"_links":{"self":[{"href":"https:\/\/www.latribunedufaso.net\/index.php?rest_route=\/wp\/v2\/posts\/16266","targetHints":{"allow":["GET"]}}],"collection":[{"href":"https:\/\/www.latribunedufaso.net\/index.php?rest_route=\/wp\/v2\/posts"}],"about":[{"href":"https:\/\/www.latribunedufaso.net\/index.php?rest_route=\/wp\/v2\/types\/post"}],"author":[{"embeddable":true,"href":"https:\/\/www.latribunedufaso.net\/index.php?rest_route=\/wp\/v2\/users\/5"}],"replies":[{"embeddable":true,"href":"https:\/\/www.latribunedufaso.net\/index.php?rest_route=%2Fwp%2Fv2%2Fcomments&post=16266"}],"version-history":[{"count":3,"href":"https:\/\/www.latribunedufaso.net\/index.php?rest_route=\/wp\/v2\/posts\/16266\/revisions"}],"predecessor-version":[{"id":16332,"href":"https:\/\/www.latribunedufaso.net\/index.php?rest_route=\/wp\/v2\/posts\/16266\/revisions\/16332"}],"wp:featuredmedia":[{"embeddable":true,"href":"https:\/\/www.latribunedufaso.net\/index.php?rest_route=\/wp\/v2\/media\/16294"}],"wp:attachment":[{"href":"https:\/\/www.latribunedufaso.net\/index.php?rest_route=%2Fwp%2Fv2%2Fmedia&parent=16266"}],"wp:term":[{"taxonomy":"category","embeddable":true,"href":"https:\/\/www.latribunedufaso.net\/index.php?rest_route=%2Fwp%2Fv2%2Fcategories&post=16266"},{"taxonomy":"post_tag","embeddable":true,"href":"https:\/\/www.latribunedufaso.net\/index.php?rest_route=%2Fwp%2Fv2%2Ftags&post=16266"}],"curies":[{"name":"wp","href":"https:\/\/api.w.org\/{rel}","templated":true}]}}