{"id":16258,"date":"2024-10-11T01:10:29","date_gmt":"2024-10-11T01:10:29","guid":{"rendered":"https:\/\/www.latribunedufaso.net\/?p=16258"},"modified":"2024-10-11T01:17:43","modified_gmt":"2024-10-11T01:17:43","slug":"accuse-de-complicite-avec-des-terroristes-ad-acquitte-au-benefice-du-doute","status":"publish","type":"post","link":"https:\/\/www.latribunedufaso.net\/?p=16258","title":{"rendered":"Accus\u00e9 de complicit\u00e9 avec des terroristes : AD acquitt\u00e9 au b\u00e9n\u00e9fice du doute"},"content":{"rendered":"<p><strong style=\"font-size: 1.0625rem;\">Le 18 septembre 2024 \u00e0 Ouagadougou, AD, un berger de Kongoussi, a \u00e9t\u00e9 acquitt\u00e9 par la chambre correctionnelle sp\u00e9cialis\u00e9e dans la r\u00e9pression des actes de terrorisme. Accus\u00e9 d\u2019association de malfaiteurs \u00e0 des fins terroristes et de complicit\u00e9 d\u2019assassinat, le tribunal a jug\u00e9 que des doutes subsistaient quant \u00e0 son implication dans les attaques terroristes du 25 janvier 2020 dans son village. Cette d\u00e9cision a ainsi mis fin \u00e0 la proc\u00e9dure judiciaire.<\/strong><\/p>\n<p><!--more--><\/p>\n<p>Les accusations port\u00e9es contre AD \u00e9taient graves. Selon le minist\u00e8re public, plusieurs t\u00e9moins affirmaient l\u2019avoir vu aux c\u00f4t\u00e9s des terroristes le jour de l\u2019attaque. Trois de ses connaissances, ayant grandi avec lui, ont assur\u00e9 qu\u2019il faisait partie du groupe arm\u00e9. D\u2019autres t\u00e9moins, y compris des proches des victimes, ont \u00e9galement d\u00e9sign\u00e9 AD comme un membre actif des assaillants.<\/p>\n<p>Cependant, son employeur de l\u2019\u00e9poque, un Volontaire pour la d\u00e9fense de la patrie (VDP), a t\u00e9moign\u00e9 en sa faveur, affirme que son employ\u00e9 n\u2019\u00e9tait pas impliqu\u00e9. AD a, pour sa part, maintenu tout au long du proc\u00e8s qu\u2019il travaillait ce jour-l\u00e0 et qu\u2019il ne connaissait aucun terroriste. Malgr\u00e9 tout, les t\u00e9moignages et les contradictions dans ses d\u00e9clarations ont rendu sa d\u00e9fense difficile.<\/p>\n<p><strong>Un proc\u00e8s marqu\u00e9 par des t\u00e9moignages contradictoires<\/strong><\/p>\n<p>L\u2019affaire s\u2019est compliqu\u00e9e en raison de nombreux t\u00e9moignages contradictoires. Certains villageois ont affirm\u00e9 avoir reconnu AD parmi les assaillants le 25 janvier 2020, tandis que d\u2019autres non.\u00a0<\/p>\n<blockquote>\n<p>Lire aussi &gt;&gt; <a href=\"https:\/\/www.latribunedufaso.net\/?p=16164\">Lutte contre le terrorisme : Suspect\u00e9 de financement de terrorisme, SD se retrouve \u00e0 la barre<\/a><\/p>\n<\/blockquote>\n<p>Le procureur a fond\u00e9 son accusation sur le t\u00e9moignage d\u2019une victime d\u00e9c\u00e9d\u00e9e apr\u00e8s avoir \u00e9t\u00e9 bless\u00e9e lors de l\u2019attaque. Selon lui, cette personne avait formellement reconnu AD comme l\u2019un des assaillants avant de succomber \u00e0 ses blessures. De plus, le procureur a ajout\u00e9 que selon les t\u00e9moignages, AD faisait partie des individus for\u00e7ant les habitants \u00e0 assister aux pr\u00eaches des terroristes.<\/p>\n<p>Malgr\u00e9 la demande du procureur de condamner AD \u00e0 la prison \u00e0 perp\u00e9tuit\u00e9 pour complicit\u00e9 d\u2019assassinat, le tribunal a conclu que les preuves \u00e9taient insuffisantes pour \u00e9tablir sa culpabilit\u00e9 avec certitude. Le manque de preuves mat\u00e9rielles et les t\u00e9moignages contradictoires ont cr\u00e9\u00e9 un doute sur son implication.\u00a0<\/p>\n<p>Le tribunal a donc prononc\u00e9 l\u2019acquittement d\u2019AD au b\u00e9n\u00e9fice du doute et mis les d\u00e9pens \u00e0 la charge du Tr\u00e9sor public.\u00a0<\/p>\n<p><em><strong>\u00ab Certains t\u00e9moins disent l\u2019avoir vu, d\u2019autres non. Ces incertitudes ne permettent pas d\u2019\u00e9tablir clairement sa culpabilit\u00e9 \u00bb,<\/strong><\/em> a d\u00e9clar\u00e9 le juge lors du verdict.<\/p>\n<p><strong>Nabintou OUATTARA\u00a0\u00a0<\/strong><\/p>\n<p><strong>\u00a0<span style=\"font-size: 1.0625rem;\">Latr<\/span><span style=\"font-size: 1.0625rem;\">ibunedufaso.net<\/span><\/strong><\/p>\n","protected":false},"excerpt":{"rendered":"<p>Le 18 septembre 2024 \u00e0 Ouagadougou, AD, un berger de Kongoussi, a \u00e9t\u00e9 acquitt\u00e9 par la chambre correctionnelle sp\u00e9cialis\u00e9e dans la r\u00e9pression des actes de terrorisme. Accus\u00e9 d\u2019association de malfaiteurs \u00e0 des fins terroristes et de complicit\u00e9 d\u2019assassinat, le tribunal a jug\u00e9 que des doutes subsistaient quant \u00e0 son implication dans les attaques terroristes du 25 janvier 2020 dans son village. Cette d\u00e9cision a ainsi mis fin \u00e0 la proc\u00e9dure judiciaire.<\/p>\n","protected":false},"author":5,"featured_media":12992,"comment_status":"open","ping_status":"open","sticky":false,"template":"","format":"standard","meta":{"footnotes":""},"categories":[13,1,8],"tags":[208,39,121],"class_list":["post-16258","post","type-post","status-publish","format-standard","has-post-thumbnail","hentry","category-une","category-actu","category-societe","tag-justice","tag-latribunedufaso-net","tag-terrorisme"],"yoast_head":"<!-- This site is optimized with the Yoast SEO plugin v27.5 - https:\/\/yoast.com\/product\/yoast-seo-wordpress\/ -->\n<title>Accus\u00e9 de complicit\u00e9 avec des terroristes : AD acquitt\u00e9 au b\u00e9n\u00e9fice du doute - La Tribune du Faso<\/title>\n<meta name=\"robots\" content=\"index, follow, max-snippet:-1, max-image-preview:large, max-video-preview:-1\" \/>\n<link rel=\"canonical\" href=\"https:\/\/www.latribunedufaso.net\/?p=16258\" \/>\n<meta property=\"og:locale\" content=\"fr_FR\" \/>\n<meta property=\"og:type\" content=\"article\" \/>\n<meta property=\"og:title\" content=\"Accus\u00e9 de complicit\u00e9 avec des terroristes : AD acquitt\u00e9 au b\u00e9n\u00e9fice du doute - La Tribune du Faso\" \/>\n<meta property=\"og:description\" content=\"Le 18 septembre 2024 \u00e0 Ouagadougou, AD, un berger de Kongoussi, a \u00e9t\u00e9 acquitt\u00e9 par la chambre correctionnelle sp\u00e9cialis\u00e9e dans la r\u00e9pression des actes de terrorisme. Accus\u00e9 d\u2019association de malfaiteurs \u00e0 des fins terroristes et de complicit\u00e9 d\u2019assassinat, le tribunal a jug\u00e9 que des doutes subsistaient quant \u00e0 son implication dans les attaques terroristes du 25 janvier 2020 dans son village. Cette d\u00e9cision a ainsi mis fin \u00e0 la proc\u00e9dure judiciaire.\" \/>\n<meta property=\"og:url\" content=\"https:\/\/www.latribunedufaso.net\/?p=16258\" \/>\n<meta property=\"og:site_name\" content=\"La Tribune du Faso\" \/>\n<meta property=\"article:publisher\" content=\"https:\/\/www.facebook.com\/LatribuneduFaso\/\" \/>\n<meta property=\"article:published_time\" content=\"2024-10-11T01:10:29+00:00\" \/>\n<meta property=\"article:modified_time\" content=\"2024-10-11T01:17:43+00:00\" \/>\n<meta property=\"og:image\" content=\"https:\/\/www.latribunedufaso.net\/wp-content\/uploads\/2024\/04\/justice.jpg\" \/>\n\t<meta property=\"og:image:width\" content=\"1023\" \/>\n\t<meta property=\"og:image:height\" content=\"583\" \/>\n\t<meta property=\"og:image:type\" content=\"image\/jpeg\" \/>\n<meta name=\"author\" content=\"Issouf Tapsoba\" \/>\n<meta name=\"twitter:label1\" content=\"\u00c9crit par\" \/>\n\t<meta name=\"twitter:data1\" content=\"Issouf Tapsoba\" \/>\n\t<meta name=\"twitter:label2\" content=\"Dur\u00e9e de lecture estim\u00e9e\" \/>\n\t<meta name=\"twitter:data2\" content=\"2 minutes\" \/>\n<script type=\"application\/ld+json\" class=\"yoast-schema-graph\">{\"@context\":\"https:\\\/\\\/schema.org\",\"@graph\":[{\"@type\":\"Article\",\"@id\":\"https:\\\/\\\/www.latribunedufaso.net\\\/?p=16258#article\",\"isPartOf\":{\"@id\":\"https:\\\/\\\/www.latribunedufaso.net\\\/?p=16258\"},\"author\":{\"name\":\"Issouf Tapsoba\",\"@id\":\"https:\\\/\\\/www.latribunedufaso.net\\\/#\\\/schema\\\/person\\\/e54e64c5778a7e72cf80a318b7a622b0\"},\"headline\":\"Accus\u00e9 de complicit\u00e9 avec des terroristes : AD acquitt\u00e9 au b\u00e9n\u00e9fice du doute\",\"datePublished\":\"2024-10-11T01:10:29+00:00\",\"dateModified\":\"2024-10-11T01:17:43+00:00\",\"mainEntityOfPage\":{\"@id\":\"https:\\\/\\\/www.latribunedufaso.net\\\/?p=16258\"},\"wordCount\":461,\"commentCount\":0,\"publisher\":{\"@id\":\"https:\\\/\\\/www.latribunedufaso.net\\\/#organization\"},\"image\":{\"@id\":\"https:\\\/\\\/www.latribunedufaso.net\\\/?p=16258#primaryimage\"},\"thumbnailUrl\":\"https:\\\/\\\/www.latribunedufaso.net\\\/wp-content\\\/uploads\\\/2024\\\/04\\\/justice.jpg\",\"keywords\":[\"justice\",\"latribunedufaso.net\",\"terrorisme\"],\"articleSection\":[\"A la une\",\"Actualit\u00e9\",\"Soci\u00e9t\u00e9\"],\"inLanguage\":\"fr-FR\",\"potentialAction\":[{\"@type\":\"CommentAction\",\"name\":\"Comment\",\"target\":[\"https:\\\/\\\/www.latribunedufaso.net\\\/?p=16258#respond\"]}]},{\"@type\":\"WebPage\",\"@id\":\"https:\\\/\\\/www.latribunedufaso.net\\\/?p=16258\",\"url\":\"https:\\\/\\\/www.latribunedufaso.net\\\/?p=16258\",\"name\":\"Accus\u00e9 de complicit\u00e9 avec des terroristes : AD acquitt\u00e9 au b\u00e9n\u00e9fice du doute - La Tribune du Faso\",\"isPartOf\":{\"@id\":\"https:\\\/\\\/www.latribunedufaso.net\\\/#website\"},\"primaryImageOfPage\":{\"@id\":\"https:\\\/\\\/www.latribunedufaso.net\\\/?p=16258#primaryimage\"},\"image\":{\"@id\":\"https:\\\/\\\/www.latribunedufaso.net\\\/?p=16258#primaryimage\"},\"thumbnailUrl\":\"https:\\\/\\\/www.latribunedufaso.net\\\/wp-content\\\/uploads\\\/2024\\\/04\\\/justice.jpg\",\"datePublished\":\"2024-10-11T01:10:29+00:00\",\"dateModified\":\"2024-10-11T01:17:43+00:00\",\"breadcrumb\":{\"@id\":\"https:\\\/\\\/www.latribunedufaso.net\\\/?p=16258#breadcrumb\"},\"inLanguage\":\"fr-FR\",\"potentialAction\":[{\"@type\":\"ReadAction\",\"target\":[\"https:\\\/\\\/www.latribunedufaso.net\\\/?p=16258\"]}]},{\"@type\":\"ImageObject\",\"inLanguage\":\"fr-FR\",\"@id\":\"https:\\\/\\\/www.latribunedufaso.net\\\/?p=16258#primaryimage\",\"url\":\"https:\\\/\\\/www.latribunedufaso.net\\\/wp-content\\\/uploads\\\/2024\\\/04\\\/justice.jpg\",\"contentUrl\":\"https:\\\/\\\/www.latribunedufaso.net\\\/wp-content\\\/uploads\\\/2024\\\/04\\\/justice.jpg\",\"width\":1023,\"height\":583},{\"@type\":\"BreadcrumbList\",\"@id\":\"https:\\\/\\\/www.latribunedufaso.net\\\/?p=16258#breadcrumb\",\"itemListElement\":[{\"@type\":\"ListItem\",\"position\":1,\"name\":\"Accueil\",\"item\":\"https:\\\/\\\/www.latribunedufaso.net\\\/\"},{\"@type\":\"ListItem\",\"position\":2,\"name\":\"Accus\u00e9 de complicit\u00e9 avec des terroristes : AD acquitt\u00e9 au b\u00e9n\u00e9fice du doute\"}]},{\"@type\":\"WebSite\",\"@id\":\"https:\\\/\\\/www.latribunedufaso.net\\\/#website\",\"url\":\"https:\\\/\\\/www.latribunedufaso.net\\\/\",\"name\":\"La Tribune du Faso\",\"description\":\"L&#039;information du monde rural en un clic\",\"publisher\":{\"@id\":\"https:\\\/\\\/www.latribunedufaso.net\\\/#organization\"},\"potentialAction\":[{\"@type\":\"SearchAction\",\"target\":{\"@type\":\"EntryPoint\",\"urlTemplate\":\"https:\\\/\\\/www.latribunedufaso.net\\\/?s={search_term_string}\"},\"query-input\":{\"@type\":\"PropertyValueSpecification\",\"valueRequired\":true,\"valueName\":\"search_term_string\"}}],\"inLanguage\":\"fr-FR\"},{\"@type\":\"Organization\",\"@id\":\"https:\\\/\\\/www.latribunedufaso.net\\\/#organization\",\"name\":\"La Tribune du Faso\",\"url\":\"https:\\\/\\\/www.latribunedufaso.net\\\/\",\"logo\":{\"@type\":\"ImageObject\",\"inLanguage\":\"fr-FR\",\"@id\":\"https:\\\/\\\/www.latribunedufaso.net\\\/#\\\/schema\\\/logo\\\/image\\\/\",\"url\":\"https:\\\/\\\/www.latribunedufaso.net\\\/wp-content\\\/uploads\\\/2020\\\/08\\\/Logo-Tribune-du-Faso-final-scaled.jpg\",\"contentUrl\":\"https:\\\/\\\/www.latribunedufaso.net\\\/wp-content\\\/uploads\\\/2020\\\/08\\\/Logo-Tribune-du-Faso-final-scaled.jpg\",\"width\":2560,\"height\":1856,\"caption\":\"La Tribune du Faso\"},\"image\":{\"@id\":\"https:\\\/\\\/www.latribunedufaso.net\\\/#\\\/schema\\\/logo\\\/image\\\/\"},\"sameAs\":[\"https:\\\/\\\/www.facebook.com\\\/LatribuneduFaso\\\/\"]},{\"@type\":\"Person\",\"@id\":\"https:\\\/\\\/www.latribunedufaso.net\\\/#\\\/schema\\\/person\\\/e54e64c5778a7e72cf80a318b7a622b0\",\"name\":\"Issouf Tapsoba\",\"image\":{\"@type\":\"ImageObject\",\"inLanguage\":\"fr-FR\",\"@id\":\"https:\\\/\\\/secure.gravatar.com\\\/avatar\\\/5e6c05150ce3230247d167f5b94d678eb05936197436d69b7921e3a95c9107ac?s=96&d=mm&r=g\",\"url\":\"https:\\\/\\\/secure.gravatar.com\\\/avatar\\\/5e6c05150ce3230247d167f5b94d678eb05936197436d69b7921e3a95c9107ac?s=96&d=mm&r=g\",\"contentUrl\":\"https:\\\/\\\/secure.gravatar.com\\\/avatar\\\/5e6c05150ce3230247d167f5b94d678eb05936197436d69b7921e3a95c9107ac?s=96&d=mm&r=g\",\"caption\":\"Issouf Tapsoba\"},\"url\":\"https:\\\/\\\/www.latribunedufaso.net\\\/?author=5\"}]}<\/script>\n<!-- \/ Yoast SEO plugin. -->","yoast_head_json":{"title":"Accus\u00e9 de complicit\u00e9 avec des terroristes : AD acquitt\u00e9 au b\u00e9n\u00e9fice du doute - La Tribune du Faso","robots":{"index":"index","follow":"follow","max-snippet":"max-snippet:-1","max-image-preview":"max-image-preview:large","max-video-preview":"max-video-preview:-1"},"canonical":"https:\/\/www.latribunedufaso.net\/?p=16258","og_locale":"fr_FR","og_type":"article","og_title":"Accus\u00e9 de complicit\u00e9 avec des terroristes : AD acquitt\u00e9 au b\u00e9n\u00e9fice du doute - La Tribune du Faso","og_description":"Le 18 septembre 2024 \u00e0 Ouagadougou, AD, un berger de Kongoussi, a \u00e9t\u00e9 acquitt\u00e9 par la chambre correctionnelle sp\u00e9cialis\u00e9e dans la r\u00e9pression des actes de terrorisme. Accus\u00e9 d\u2019association de malfaiteurs \u00e0 des fins terroristes et de complicit\u00e9 d\u2019assassinat, le tribunal a jug\u00e9 que des doutes subsistaient quant \u00e0 son implication dans les attaques terroristes du 25 janvier 2020 dans son village. Cette d\u00e9cision a ainsi mis fin \u00e0 la proc\u00e9dure judiciaire.","og_url":"https:\/\/www.latribunedufaso.net\/?p=16258","og_site_name":"La Tribune du Faso","article_publisher":"https:\/\/www.facebook.com\/LatribuneduFaso\/","article_published_time":"2024-10-11T01:10:29+00:00","article_modified_time":"2024-10-11T01:17:43+00:00","og_image":[{"width":1023,"height":583,"url":"https:\/\/www.latribunedufaso.net\/wp-content\/uploads\/2024\/04\/justice.jpg","type":"image\/jpeg"}],"author":"Issouf Tapsoba","twitter_misc":{"\u00c9crit par":"Issouf Tapsoba","Dur\u00e9e de lecture estim\u00e9e":"2 minutes"},"schema":{"@context":"https:\/\/schema.org","@graph":[{"@type":"Article","@id":"https:\/\/www.latribunedufaso.net\/?p=16258#article","isPartOf":{"@id":"https:\/\/www.latribunedufaso.net\/?p=16258"},"author":{"name":"Issouf Tapsoba","@id":"https:\/\/www.latribunedufaso.net\/#\/schema\/person\/e54e64c5778a7e72cf80a318b7a622b0"},"headline":"Accus\u00e9 de complicit\u00e9 avec des terroristes : AD acquitt\u00e9 au b\u00e9n\u00e9fice du doute","datePublished":"2024-10-11T01:10:29+00:00","dateModified":"2024-10-11T01:17:43+00:00","mainEntityOfPage":{"@id":"https:\/\/www.latribunedufaso.net\/?p=16258"},"wordCount":461,"commentCount":0,"publisher":{"@id":"https:\/\/www.latribunedufaso.net\/#organization"},"image":{"@id":"https:\/\/www.latribunedufaso.net\/?p=16258#primaryimage"},"thumbnailUrl":"https:\/\/www.latribunedufaso.net\/wp-content\/uploads\/2024\/04\/justice.jpg","keywords":["justice","latribunedufaso.net","terrorisme"],"articleSection":["A la une","Actualit\u00e9","Soci\u00e9t\u00e9"],"inLanguage":"fr-FR","potentialAction":[{"@type":"CommentAction","name":"Comment","target":["https:\/\/www.latribunedufaso.net\/?p=16258#respond"]}]},{"@type":"WebPage","@id":"https:\/\/www.latribunedufaso.net\/?p=16258","url":"https:\/\/www.latribunedufaso.net\/?p=16258","name":"Accus\u00e9 de complicit\u00e9 avec des terroristes : AD acquitt\u00e9 au b\u00e9n\u00e9fice du doute - La Tribune du Faso","isPartOf":{"@id":"https:\/\/www.latribunedufaso.net\/#website"},"primaryImageOfPage":{"@id":"https:\/\/www.latribunedufaso.net\/?p=16258#primaryimage"},"image":{"@id":"https:\/\/www.latribunedufaso.net\/?p=16258#primaryimage"},"thumbnailUrl":"https:\/\/www.latribunedufaso.net\/wp-content\/uploads\/2024\/04\/justice.jpg","datePublished":"2024-10-11T01:10:29+00:00","dateModified":"2024-10-11T01:17:43+00:00","breadcrumb":{"@id":"https:\/\/www.latribunedufaso.net\/?p=16258#breadcrumb"},"inLanguage":"fr-FR","potentialAction":[{"@type":"ReadAction","target":["https:\/\/www.latribunedufaso.net\/?p=16258"]}]},{"@type":"ImageObject","inLanguage":"fr-FR","@id":"https:\/\/www.latribunedufaso.net\/?p=16258#primaryimage","url":"https:\/\/www.latribunedufaso.net\/wp-content\/uploads\/2024\/04\/justice.jpg","contentUrl":"https:\/\/www.latribunedufaso.net\/wp-content\/uploads\/2024\/04\/justice.jpg","width":1023,"height":583},{"@type":"BreadcrumbList","@id":"https:\/\/www.latribunedufaso.net\/?p=16258#breadcrumb","itemListElement":[{"@type":"ListItem","position":1,"name":"Accueil","item":"https:\/\/www.latribunedufaso.net\/"},{"@type":"ListItem","position":2,"name":"Accus\u00e9 de complicit\u00e9 avec des terroristes : AD acquitt\u00e9 au b\u00e9n\u00e9fice du doute"}]},{"@type":"WebSite","@id":"https:\/\/www.latribunedufaso.net\/#website","url":"https:\/\/www.latribunedufaso.net\/","name":"La Tribune du Faso","description":"L&#039;information du monde rural en un clic","publisher":{"@id":"https:\/\/www.latribunedufaso.net\/#organization"},"potentialAction":[{"@type":"SearchAction","target":{"@type":"EntryPoint","urlTemplate":"https:\/\/www.latribunedufaso.net\/?s={search_term_string}"},"query-input":{"@type":"PropertyValueSpecification","valueRequired":true,"valueName":"search_term_string"}}],"inLanguage":"fr-FR"},{"@type":"Organization","@id":"https:\/\/www.latribunedufaso.net\/#organization","name":"La Tribune du Faso","url":"https:\/\/www.latribunedufaso.net\/","logo":{"@type":"ImageObject","inLanguage":"fr-FR","@id":"https:\/\/www.latribunedufaso.net\/#\/schema\/logo\/image\/","url":"https:\/\/www.latribunedufaso.net\/wp-content\/uploads\/2020\/08\/Logo-Tribune-du-Faso-final-scaled.jpg","contentUrl":"https:\/\/www.latribunedufaso.net\/wp-content\/uploads\/2020\/08\/Logo-Tribune-du-Faso-final-scaled.jpg","width":2560,"height":1856,"caption":"La Tribune du Faso"},"image":{"@id":"https:\/\/www.latribunedufaso.net\/#\/schema\/logo\/image\/"},"sameAs":["https:\/\/www.facebook.com\/LatribuneduFaso\/"]},{"@type":"Person","@id":"https:\/\/www.latribunedufaso.net\/#\/schema\/person\/e54e64c5778a7e72cf80a318b7a622b0","name":"Issouf Tapsoba","image":{"@type":"ImageObject","inLanguage":"fr-FR","@id":"https:\/\/secure.gravatar.com\/avatar\/5e6c05150ce3230247d167f5b94d678eb05936197436d69b7921e3a95c9107ac?s=96&d=mm&r=g","url":"https:\/\/secure.gravatar.com\/avatar\/5e6c05150ce3230247d167f5b94d678eb05936197436d69b7921e3a95c9107ac?s=96&d=mm&r=g","contentUrl":"https:\/\/secure.gravatar.com\/avatar\/5e6c05150ce3230247d167f5b94d678eb05936197436d69b7921e3a95c9107ac?s=96&d=mm&r=g","caption":"Issouf Tapsoba"},"url":"https:\/\/www.latribunedufaso.net\/?author=5"}]}},"_links":{"self":[{"href":"https:\/\/www.latribunedufaso.net\/index.php?rest_route=\/wp\/v2\/posts\/16258","targetHints":{"allow":["GET"]}}],"collection":[{"href":"https:\/\/www.latribunedufaso.net\/index.php?rest_route=\/wp\/v2\/posts"}],"about":[{"href":"https:\/\/www.latribunedufaso.net\/index.php?rest_route=\/wp\/v2\/types\/post"}],"author":[{"embeddable":true,"href":"https:\/\/www.latribunedufaso.net\/index.php?rest_route=\/wp\/v2\/users\/5"}],"replies":[{"embeddable":true,"href":"https:\/\/www.latribunedufaso.net\/index.php?rest_route=%2Fwp%2Fv2%2Fcomments&post=16258"}],"version-history":[{"count":4,"href":"https:\/\/www.latribunedufaso.net\/index.php?rest_route=\/wp\/v2\/posts\/16258\/revisions"}],"predecessor-version":[{"id":16263,"href":"https:\/\/www.latribunedufaso.net\/index.php?rest_route=\/wp\/v2\/posts\/16258\/revisions\/16263"}],"wp:featuredmedia":[{"embeddable":true,"href":"https:\/\/www.latribunedufaso.net\/index.php?rest_route=\/wp\/v2\/media\/12992"}],"wp:attachment":[{"href":"https:\/\/www.latribunedufaso.net\/index.php?rest_route=%2Fwp%2Fv2%2Fmedia&parent=16258"}],"wp:term":[{"taxonomy":"category","embeddable":true,"href":"https:\/\/www.latribunedufaso.net\/index.php?rest_route=%2Fwp%2Fv2%2Fcategories&post=16258"},{"taxonomy":"post_tag","embeddable":true,"href":"https:\/\/www.latribunedufaso.net\/index.php?rest_route=%2Fwp%2Fv2%2Ftags&post=16258"}],"curies":[{"name":"wp","href":"https:\/\/api.w.org\/{rel}","templated":true}]}}