{"id":16251,"date":"2024-10-11T09:44:09","date_gmt":"2024-10-11T09:44:09","guid":{"rendered":"https:\/\/www.latribunedufaso.net\/?p=16251"},"modified":"2024-10-10T22:40:13","modified_gmt":"2024-10-10T22:40:13","slug":"journees-nationales-dengagement-patriotique-une-conference-sur-le-civisme-economique-et-fiscal-au-profit-des-commercants-de-ouagadougou","status":"publish","type":"post","link":"https:\/\/www.latribunedufaso.net\/?p=16251","title":{"rendered":"Journ\u00e9es nationales d\u2019engagement patriotique : Une conf\u00e9rence sur le civisme \u00e9conomique et fiscal au profit des commer\u00e7ants de Ouagadougou"},"content":{"rendered":"<p><strong><span style=\"font-size: 1.0625rem;\">Le minist\u00e8re en charge de la Justice et des Droits Humains a organis\u00e9 ce 10 octobre 2024, une conf\u00e9rence sur le civisme \u00e9conomique et fiscal au profit des commer\u00e7ants des march\u00e9s et yaars de la ville de Ouagadougou.\u00a0<\/span><\/strong><br \/><!--more--><\/p>\n<p>Dans le cadre de la 2e phase des <a href=\"https:\/\/www.latribunedufaso.net\/?p=16132\">Journ\u00e9es nationales d\u2019engagement patriotique et de participation citoyenne<\/a> (JEPPC), le minist\u00e8re de la Justice et des Droits Humains, charg\u00e9 des Relations avec les Institutions, Garde des Sceaux (MJDHRI) a organis\u00e9 ce 10 octobre 2024, une conf\u00e9rence sur le civisme \u00e9conomique et fiscal au profit des commer\u00e7ants des march\u00e9s et yaars de la ville de Ouagadougou.\u00a0<\/p>\n<figure id=\"attachment_16254\" aria-describedby=\"caption-attachment-16254\" style=\"width: 911px\" class=\"wp-caption aligncenter\"><a href=\"https:\/\/www.latribunedufaso.net\/wp-content\/uploads\/2024\/10\/IMG-20241010-WA0043.jpg\"><img loading=\"lazy\" decoding=\"async\" class=\"size-full wp-image-16254\" src=\"https:\/\/www.latribunedufaso.net\/wp-content\/uploads\/2024\/10\/IMG-20241010-WA0043.jpg\" alt=\"conf\u00e9rence sur le civisme \u00e9conomique et fiscal au profit des commer\u00e7ants des march\u00e9s et yaars de la ville de Ouagadougou, 10 octobre 2024\" width=\"911\" height=\"1080\" srcset=\"https:\/\/www.latribunedufaso.net\/wp-content\/uploads\/2024\/10\/IMG-20241010-WA0043.jpg 911w, https:\/\/www.latribunedufaso.net\/wp-content\/uploads\/2024\/10\/IMG-20241010-WA0043-253x300.jpg 253w, https:\/\/www.latribunedufaso.net\/wp-content\/uploads\/2024\/10\/IMG-20241010-WA0043-864x1024.jpg 864w, https:\/\/www.latribunedufaso.net\/wp-content\/uploads\/2024\/10\/IMG-20241010-WA0043-768x910.jpg 768w\" sizes=\"auto, (max-width: 911px) 100vw, 911px\" \/><\/a><figcaption id=\"caption-attachment-16254\" class=\"wp-caption-text\">La charg\u00e9e de mission au MJDHRI, Val\u00e9rie Bonkoungou\/Saouadogo, repr\u00e9sentant le ministre en charge de la Justice &#8211; Ph. A. Kiendrebeogo<\/figcaption><\/figure>\n<p>L\u2019ouverture des travaux a \u00e9t\u00e9 pr\u00e9sid\u00e9e par la charg\u00e9e de mission au MJDHRI, Val\u00e9rie Bonkoungou\/Saouadogo, repr\u00e9sentant le ministre Rodrigues Bayala. <span style=\"font-size: 1.0625rem;\">Cette conf\u00e9rence, selon elle, vise \u00e0 renforcer les connaissances des commer\u00e7ants de la r\u00e9gion du Centre sur les notions du civisme \u00e9conomique et fiscal et \u00e0 les inciter au respect des r\u00e8gles r\u00e9gissant les activit\u00e9s \u00e9conomiques. La conf\u00e9rence vise aussi \u00e0 les encourager \u00e0 une participation citoyenne et patriotique \u00e0 l\u2019essor de l\u2019\u00e9conomie nationale, \u00e0 travers le paiement syst\u00e9matique de leurs imp\u00f4ts et taxes.\u00a0<\/span><\/p>\n<p><em><strong>\u00ab L\u2019int\u00e9r\u00eat de cette activit\u00e9 r\u00e9side dans le fait que des acteurs \u00e9conomiques bien outill\u00e9s et un secteur priv\u00e9 dynamique, comp\u00e9titif et cr\u00e9ateur d\u2019emplois et de richesses favorise, \u00e0 n\u2019en point douter, la croissance et l\u2019\u00e9mergence \u00e9conomique du pays. Cela permet, par voie de cons\u00e9quence, d\u2019asseoir les bases d\u2019une nation forte et souveraine \u00bb,<\/strong><\/em> a-t-elle insist\u00e9. <span style=\"font-size: 1.0625rem;\">L\u2019id\u00e9al aurait voulu, poursuit-elle, qu\u2019on puisse r\u00e9unir tous les acteurs de l\u2019\u00e9conomie, mais<\/span><em style=\"font-size: 1.0625rem;\"><strong> \u00ab on va aller \u00e9tape par \u00e9tape \u00bb.<\/strong><\/em><\/p>\n<figure id=\"attachment_16256\" aria-describedby=\"caption-attachment-16256\" style=\"width: 1080px\" class=\"wp-caption aligncenter\"><a href=\"https:\/\/www.latribunedufaso.net\/wp-content\/uploads\/2024\/10\/IMG-20241010-WA0041.jpg\"><img loading=\"lazy\" decoding=\"async\" class=\"size-full wp-image-16256\" src=\"https:\/\/www.latribunedufaso.net\/wp-content\/uploads\/2024\/10\/IMG-20241010-WA0041.jpg\" alt=\"conf\u00e9rence sur le civisme \u00e9conomique et fiscal au profit des commer\u00e7ants des march\u00e9s et yaars de la ville de Ouagadougou, 10 octobre 2024\" width=\"1080\" height=\"896\" srcset=\"https:\/\/www.latribunedufaso.net\/wp-content\/uploads\/2024\/10\/IMG-20241010-WA0041.jpg 1080w, https:\/\/www.latribunedufaso.net\/wp-content\/uploads\/2024\/10\/IMG-20241010-WA0041-300x249.jpg 300w, https:\/\/www.latribunedufaso.net\/wp-content\/uploads\/2024\/10\/IMG-20241010-WA0041-1024x850.jpg 1024w, https:\/\/www.latribunedufaso.net\/wp-content\/uploads\/2024\/10\/IMG-20241010-WA0041-768x637.jpg 768w\" sizes=\"auto, (max-width: 1080px) 100vw, 1080px\" \/><\/a><figcaption id=\"caption-attachment-16256\" class=\"wp-caption-text\">\u00ab Cette conf\u00e9rence est tr\u00e8s importante pour nous , dans la mesure o\u00f9 cela rentre dans le cadre de la sensibilisation \u00bb, El Adj Inoussa Kabor\u00e9, pr\u00e9sident des commer\u00e7ants de Rood-Woko &#8211; Ph. A. Kiendrebeogo<\/figcaption><\/figure>\n<p>Les commer\u00e7ants ont manifest\u00e9 leur satisfaction quant \u00e0 l\u2019organisation de la conf\u00e9rence. <em><strong>\u00ab Cette conf\u00e9rence est tr\u00e8s importante pour nous, dans la mesure o\u00f9 cela entre dans le cadre de la sensibilisation \u00bb,<\/strong><\/em> a signifi\u00e9 le pr\u00e9sident des commer\u00e7ants de Rood-Woko, El Adj Inoussa Kabor\u00e9.\u00a0<\/p>\n<blockquote>\n<p>Lire aussi &gt;&gt; <a href=\"https:\/\/www.latribunedufaso.net\/?p=7316\">Civisme fiscal : Le personnel de la Primature montre l\u2019exemple\u00a0\u00a0<\/a><\/p>\n<\/blockquote>\n<p>Pour lui, ces types de rencontres emm\u00e8nent chacun \u00e0 comprendre qu\u2019il doit mettre sa main dans la p\u00e2te pour que le Burkina soit v\u00e9ritablement un Burkina, un Burkina de d\u00e9veloppement.<em><strong> \u00ab C\u2019est la raison pour laquelle nous avons mobilis\u00e9 massivement \u00bb,<\/strong><\/em> a-t-il soulign\u00e9.<\/p>\n<figure id=\"attachment_16255\" aria-describedby=\"caption-attachment-16255\" style=\"width: 1080px\" class=\"wp-caption aligncenter\"><a href=\"https:\/\/www.latribunedufaso.net\/wp-content\/uploads\/2024\/10\/IMG-20241010-WA0042.jpg\"><img loading=\"lazy\" decoding=\"async\" class=\"size-full wp-image-16255\" src=\"https:\/\/www.latribunedufaso.net\/wp-content\/uploads\/2024\/10\/IMG-20241010-WA0042.jpg\" alt=\"El Adj Malgr\u00e9 Naaba Ilboudo en interview \u00e0 la fin de la conf\u00e9rence sur le civisme \u00e9conomique et fiscal au profit des commer\u00e7ants des march\u00e9s et yaars de la ville de Ouagadougou, 10 octobre 2024\" width=\"1080\" height=\"1056\" srcset=\"https:\/\/www.latribunedufaso.net\/wp-content\/uploads\/2024\/10\/IMG-20241010-WA0042.jpg 1080w, https:\/\/www.latribunedufaso.net\/wp-content\/uploads\/2024\/10\/IMG-20241010-WA0042-300x293.jpg 300w, https:\/\/www.latribunedufaso.net\/wp-content\/uploads\/2024\/10\/IMG-20241010-WA0042-1024x1001.jpg 1024w, https:\/\/www.latribunedufaso.net\/wp-content\/uploads\/2024\/10\/IMG-20241010-WA0042-768x751.jpg 768w\" sizes=\"auto, (max-width: 1080px) 100vw, 1080px\" \/><\/a><figcaption id=\"caption-attachment-16255\" class=\"wp-caption-text\">\u00ab Nous sommes conscients que c\u2019est gr\u00e2ce aux taxes que les h\u00f4pitaux publics et fonctionnaires sont financ\u00e9s . L\u2019\u00c9tat finance la construction des \u00e9coles et g\u00e8re les charges du pays gr\u00e2ce aux imp\u00f4ts. Tout cela en faveur de notre bien-\u00eatre\u2026 \u00bb, El Adj Malgr\u00e9 Naaba Ilboudo, pr\u00e9sident de l\u2019union nationale des associations des commer\u00e7ants des march\u00e9s et yaars du Burkina &#8211; Ph. A. Kiendrebeogo<\/figcaption><\/figure>\n<p><em><strong>\u00ab Nous sommes conscients que c\u2019est gr\u00e2ce aux taxes que les h\u00f4pitaux publics et fonctionnaires sont financ\u00e9s. L\u2019\u00c9tat finance la construction des \u00e9coles et g\u00e8re les charges du pays gr\u00e2ce aux imp\u00f4ts. Tout cela en faveur de notre bien-\u00eatre \u00bb,<\/strong><\/em> a soutenu le pr\u00e9sident de l\u2019Union nationale des associations des commer\u00e7ants des march\u00e9s et yaars du Burkina, El Adj Malgr\u00e9 Naaba Ilboudo. <span style=\"font-size: 1.0625rem;\">Ainsi, conclu t-il, nous sommes contents de participer \u00e0 cette conf\u00e9rence qui porte sur le civisme fiscal.\u00a0<\/span><\/p>\n<p><strong>Rosana Astride KIENDREBEOGO\u00a0<\/strong><\/p>\n<p><strong>Latribunedufaso<span style=\"font-size: 1.0625rem;\">.net<\/span><\/strong><\/p>\n","protected":false},"excerpt":{"rendered":"<p>Le minist\u00e8re en charge de la Justice et des Droits Humains a organis\u00e9 ce 10 octobre 2024, une conf\u00e9rence sur le civisme \u00e9conomique et fiscal au profit des commer\u00e7ants des march\u00e9s et yaars de la ville de Ouagadougou.\u00a0<\/p>\n","protected":false},"author":5,"featured_media":16252,"comment_status":"open","ping_status":"open","sticky":false,"template":"","format":"standard","meta":{"footnotes":""},"categories":[13,1,8],"tags":[308,39],"class_list":["post-16251","post","type-post","status-publish","format-standard","has-post-thumbnail","hentry","category-une","category-actu","category-societe","tag-civisme-economique-et-fiscal","tag-latribunedufaso-net"],"yoast_head":"<!-- This site is optimized with the Yoast SEO plugin v27.5 - https:\/\/yoast.com\/product\/yoast-seo-wordpress\/ -->\n<title>Journ\u00e9es nationales d\u2019engagement patriotique : Une conf\u00e9rence sur le civisme \u00e9conomique et fiscal au profit des commer\u00e7ants de Ouagadougou - La Tribune du Faso<\/title>\n<meta name=\"robots\" content=\"index, follow, max-snippet:-1, max-image-preview:large, max-video-preview:-1\" \/>\n<link rel=\"canonical\" href=\"https:\/\/www.latribunedufaso.net\/?p=16251\" \/>\n<meta property=\"og:locale\" content=\"fr_FR\" \/>\n<meta property=\"og:type\" content=\"article\" \/>\n<meta property=\"og:title\" content=\"Journ\u00e9es nationales d\u2019engagement patriotique : Une conf\u00e9rence sur le civisme \u00e9conomique et fiscal au profit des commer\u00e7ants de Ouagadougou - La Tribune du Faso\" \/>\n<meta property=\"og:description\" content=\"Le minist\u00e8re en charge de la Justice et des Droits Humains a organis\u00e9 ce 10 octobre 2024, une conf\u00e9rence sur le civisme \u00e9conomique et fiscal au profit des commer\u00e7ants des march\u00e9s et yaars de la ville de Ouagadougou.\u00a0\" \/>\n<meta property=\"og:url\" content=\"https:\/\/www.latribunedufaso.net\/?p=16251\" \/>\n<meta property=\"og:site_name\" content=\"La Tribune du Faso\" \/>\n<meta property=\"article:publisher\" content=\"https:\/\/www.facebook.com\/LatribuneduFaso\/\" \/>\n<meta property=\"article:published_time\" content=\"2024-10-11T09:44:09+00:00\" \/>\n<meta property=\"og:image\" content=\"https:\/\/www.latribunedufaso.net\/wp-content\/uploads\/2024\/10\/IMG-20241010-WA0049.jpg\" \/>\n\t<meta property=\"og:image:width\" content=\"2560\" \/>\n\t<meta property=\"og:image:height\" content=\"1927\" \/>\n\t<meta property=\"og:image:type\" content=\"image\/jpeg\" \/>\n<meta name=\"author\" content=\"Issouf Tapsoba\" \/>\n<meta name=\"twitter:label1\" content=\"\u00c9crit par\" \/>\n\t<meta name=\"twitter:data1\" content=\"Issouf Tapsoba\" \/>\n\t<meta name=\"twitter:label2\" content=\"Dur\u00e9e de lecture estim\u00e9e\" \/>\n\t<meta name=\"twitter:data2\" content=\"3 minutes\" \/>\n<script type=\"application\/ld+json\" class=\"yoast-schema-graph\">{\"@context\":\"https:\\\/\\\/schema.org\",\"@graph\":[{\"@type\":\"Article\",\"@id\":\"https:\\\/\\\/www.latribunedufaso.net\\\/?p=16251#article\",\"isPartOf\":{\"@id\":\"https:\\\/\\\/www.latribunedufaso.net\\\/?p=16251\"},\"author\":{\"name\":\"Issouf Tapsoba\",\"@id\":\"https:\\\/\\\/www.latribunedufaso.net\\\/#\\\/schema\\\/person\\\/e54e64c5778a7e72cf80a318b7a622b0\"},\"headline\":\"Journ\u00e9es nationales d\u2019engagement patriotique : Une conf\u00e9rence sur le civisme \u00e9conomique et fiscal au profit des commer\u00e7ants de Ouagadougou\",\"datePublished\":\"2024-10-11T09:44:09+00:00\",\"mainEntityOfPage\":{\"@id\":\"https:\\\/\\\/www.latribunedufaso.net\\\/?p=16251\"},\"wordCount\":674,\"commentCount\":0,\"publisher\":{\"@id\":\"https:\\\/\\\/www.latribunedufaso.net\\\/#organization\"},\"image\":{\"@id\":\"https:\\\/\\\/www.latribunedufaso.net\\\/?p=16251#primaryimage\"},\"thumbnailUrl\":\"https:\\\/\\\/www.latribunedufaso.net\\\/wp-content\\\/uploads\\\/2024\\\/10\\\/IMG-20241010-WA0049.jpg\",\"keywords\":[\"civisme \u00e9conomique et fiscal\",\"latribunedufaso.net\"],\"articleSection\":[\"A la une\",\"Actualit\u00e9\",\"Soci\u00e9t\u00e9\"],\"inLanguage\":\"fr-FR\",\"potentialAction\":[{\"@type\":\"CommentAction\",\"name\":\"Comment\",\"target\":[\"https:\\\/\\\/www.latribunedufaso.net\\\/?p=16251#respond\"]}]},{\"@type\":\"WebPage\",\"@id\":\"https:\\\/\\\/www.latribunedufaso.net\\\/?p=16251\",\"url\":\"https:\\\/\\\/www.latribunedufaso.net\\\/?p=16251\",\"name\":\"Journ\u00e9es nationales d\u2019engagement patriotique : Une conf\u00e9rence sur le civisme \u00e9conomique et fiscal au profit des commer\u00e7ants de Ouagadougou - La Tribune du Faso\",\"isPartOf\":{\"@id\":\"https:\\\/\\\/www.latribunedufaso.net\\\/#website\"},\"primaryImageOfPage\":{\"@id\":\"https:\\\/\\\/www.latribunedufaso.net\\\/?p=16251#primaryimage\"},\"image\":{\"@id\":\"https:\\\/\\\/www.latribunedufaso.net\\\/?p=16251#primaryimage\"},\"thumbnailUrl\":\"https:\\\/\\\/www.latribunedufaso.net\\\/wp-content\\\/uploads\\\/2024\\\/10\\\/IMG-20241010-WA0049.jpg\",\"datePublished\":\"2024-10-11T09:44:09+00:00\",\"breadcrumb\":{\"@id\":\"https:\\\/\\\/www.latribunedufaso.net\\\/?p=16251#breadcrumb\"},\"inLanguage\":\"fr-FR\",\"potentialAction\":[{\"@type\":\"ReadAction\",\"target\":[\"https:\\\/\\\/www.latribunedufaso.net\\\/?p=16251\"]}]},{\"@type\":\"ImageObject\",\"inLanguage\":\"fr-FR\",\"@id\":\"https:\\\/\\\/www.latribunedufaso.net\\\/?p=16251#primaryimage\",\"url\":\"https:\\\/\\\/www.latribunedufaso.net\\\/wp-content\\\/uploads\\\/2024\\\/10\\\/IMG-20241010-WA0049.jpg\",\"contentUrl\":\"https:\\\/\\\/www.latribunedufaso.net\\\/wp-content\\\/uploads\\\/2024\\\/10\\\/IMG-20241010-WA0049.jpg\",\"width\":2560,\"height\":1927,\"caption\":\"conf\u00e9rence sur le civisme \u00e9conomique et fiscal au profit des commer\u00e7ants des march\u00e9s et yaars de la ville de Ouagadougou, 10 octobre 2024\"},{\"@type\":\"BreadcrumbList\",\"@id\":\"https:\\\/\\\/www.latribunedufaso.net\\\/?p=16251#breadcrumb\",\"itemListElement\":[{\"@type\":\"ListItem\",\"position\":1,\"name\":\"Accueil\",\"item\":\"https:\\\/\\\/www.latribunedufaso.net\\\/\"},{\"@type\":\"ListItem\",\"position\":2,\"name\":\"Journ\u00e9es nationales d\u2019engagement patriotique : Une conf\u00e9rence sur le civisme \u00e9conomique et fiscal au profit des commer\u00e7ants de Ouagadougou\"}]},{\"@type\":\"WebSite\",\"@id\":\"https:\\\/\\\/www.latribunedufaso.net\\\/#website\",\"url\":\"https:\\\/\\\/www.latribunedufaso.net\\\/\",\"name\":\"La Tribune du Faso\",\"description\":\"L&#039;information du monde rural en un clic\",\"publisher\":{\"@id\":\"https:\\\/\\\/www.latribunedufaso.net\\\/#organization\"},\"potentialAction\":[{\"@type\":\"SearchAction\",\"target\":{\"@type\":\"EntryPoint\",\"urlTemplate\":\"https:\\\/\\\/www.latribunedufaso.net\\\/?s={search_term_string}\"},\"query-input\":{\"@type\":\"PropertyValueSpecification\",\"valueRequired\":true,\"valueName\":\"search_term_string\"}}],\"inLanguage\":\"fr-FR\"},{\"@type\":\"Organization\",\"@id\":\"https:\\\/\\\/www.latribunedufaso.net\\\/#organization\",\"name\":\"La Tribune du Faso\",\"url\":\"https:\\\/\\\/www.latribunedufaso.net\\\/\",\"logo\":{\"@type\":\"ImageObject\",\"inLanguage\":\"fr-FR\",\"@id\":\"https:\\\/\\\/www.latribunedufaso.net\\\/#\\\/schema\\\/logo\\\/image\\\/\",\"url\":\"https:\\\/\\\/www.latribunedufaso.net\\\/wp-content\\\/uploads\\\/2020\\\/08\\\/Logo-Tribune-du-Faso-final-scaled.jpg\",\"contentUrl\":\"https:\\\/\\\/www.latribunedufaso.net\\\/wp-content\\\/uploads\\\/2020\\\/08\\\/Logo-Tribune-du-Faso-final-scaled.jpg\",\"width\":2560,\"height\":1856,\"caption\":\"La Tribune du Faso\"},\"image\":{\"@id\":\"https:\\\/\\\/www.latribunedufaso.net\\\/#\\\/schema\\\/logo\\\/image\\\/\"},\"sameAs\":[\"https:\\\/\\\/www.facebook.com\\\/LatribuneduFaso\\\/\"]},{\"@type\":\"Person\",\"@id\":\"https:\\\/\\\/www.latribunedufaso.net\\\/#\\\/schema\\\/person\\\/e54e64c5778a7e72cf80a318b7a622b0\",\"name\":\"Issouf Tapsoba\",\"image\":{\"@type\":\"ImageObject\",\"inLanguage\":\"fr-FR\",\"@id\":\"https:\\\/\\\/secure.gravatar.com\\\/avatar\\\/5e6c05150ce3230247d167f5b94d678eb05936197436d69b7921e3a95c9107ac?s=96&d=mm&r=g\",\"url\":\"https:\\\/\\\/secure.gravatar.com\\\/avatar\\\/5e6c05150ce3230247d167f5b94d678eb05936197436d69b7921e3a95c9107ac?s=96&d=mm&r=g\",\"contentUrl\":\"https:\\\/\\\/secure.gravatar.com\\\/avatar\\\/5e6c05150ce3230247d167f5b94d678eb05936197436d69b7921e3a95c9107ac?s=96&d=mm&r=g\",\"caption\":\"Issouf Tapsoba\"},\"url\":\"https:\\\/\\\/www.latribunedufaso.net\\\/?author=5\"}]}<\/script>\n<!-- \/ Yoast SEO plugin. -->","yoast_head_json":{"title":"Journ\u00e9es nationales d\u2019engagement patriotique : Une conf\u00e9rence sur le civisme \u00e9conomique et fiscal au profit des commer\u00e7ants de Ouagadougou - La Tribune du Faso","robots":{"index":"index","follow":"follow","max-snippet":"max-snippet:-1","max-image-preview":"max-image-preview:large","max-video-preview":"max-video-preview:-1"},"canonical":"https:\/\/www.latribunedufaso.net\/?p=16251","og_locale":"fr_FR","og_type":"article","og_title":"Journ\u00e9es nationales d\u2019engagement patriotique : Une conf\u00e9rence sur le civisme \u00e9conomique et fiscal au profit des commer\u00e7ants de Ouagadougou - La Tribune du Faso","og_description":"Le minist\u00e8re en charge de la Justice et des Droits Humains a organis\u00e9 ce 10 octobre 2024, une conf\u00e9rence sur le civisme \u00e9conomique et fiscal au profit des commer\u00e7ants des march\u00e9s et yaars de la ville de Ouagadougou.\u00a0","og_url":"https:\/\/www.latribunedufaso.net\/?p=16251","og_site_name":"La Tribune du Faso","article_publisher":"https:\/\/www.facebook.com\/LatribuneduFaso\/","article_published_time":"2024-10-11T09:44:09+00:00","og_image":[{"width":2560,"height":1927,"url":"https:\/\/www.latribunedufaso.net\/wp-content\/uploads\/2024\/10\/IMG-20241010-WA0049.jpg","type":"image\/jpeg"}],"author":"Issouf Tapsoba","twitter_misc":{"\u00c9crit par":"Issouf Tapsoba","Dur\u00e9e de lecture estim\u00e9e":"3 minutes"},"schema":{"@context":"https:\/\/schema.org","@graph":[{"@type":"Article","@id":"https:\/\/www.latribunedufaso.net\/?p=16251#article","isPartOf":{"@id":"https:\/\/www.latribunedufaso.net\/?p=16251"},"author":{"name":"Issouf Tapsoba","@id":"https:\/\/www.latribunedufaso.net\/#\/schema\/person\/e54e64c5778a7e72cf80a318b7a622b0"},"headline":"Journ\u00e9es nationales d\u2019engagement patriotique : Une conf\u00e9rence sur le civisme \u00e9conomique et fiscal au profit des commer\u00e7ants de Ouagadougou","datePublished":"2024-10-11T09:44:09+00:00","mainEntityOfPage":{"@id":"https:\/\/www.latribunedufaso.net\/?p=16251"},"wordCount":674,"commentCount":0,"publisher":{"@id":"https:\/\/www.latribunedufaso.net\/#organization"},"image":{"@id":"https:\/\/www.latribunedufaso.net\/?p=16251#primaryimage"},"thumbnailUrl":"https:\/\/www.latribunedufaso.net\/wp-content\/uploads\/2024\/10\/IMG-20241010-WA0049.jpg","keywords":["civisme \u00e9conomique et fiscal","latribunedufaso.net"],"articleSection":["A la une","Actualit\u00e9","Soci\u00e9t\u00e9"],"inLanguage":"fr-FR","potentialAction":[{"@type":"CommentAction","name":"Comment","target":["https:\/\/www.latribunedufaso.net\/?p=16251#respond"]}]},{"@type":"WebPage","@id":"https:\/\/www.latribunedufaso.net\/?p=16251","url":"https:\/\/www.latribunedufaso.net\/?p=16251","name":"Journ\u00e9es nationales d\u2019engagement patriotique : Une conf\u00e9rence sur le civisme \u00e9conomique et fiscal au profit des commer\u00e7ants de Ouagadougou - La Tribune du Faso","isPartOf":{"@id":"https:\/\/www.latribunedufaso.net\/#website"},"primaryImageOfPage":{"@id":"https:\/\/www.latribunedufaso.net\/?p=16251#primaryimage"},"image":{"@id":"https:\/\/www.latribunedufaso.net\/?p=16251#primaryimage"},"thumbnailUrl":"https:\/\/www.latribunedufaso.net\/wp-content\/uploads\/2024\/10\/IMG-20241010-WA0049.jpg","datePublished":"2024-10-11T09:44:09+00:00","breadcrumb":{"@id":"https:\/\/www.latribunedufaso.net\/?p=16251#breadcrumb"},"inLanguage":"fr-FR","potentialAction":[{"@type":"ReadAction","target":["https:\/\/www.latribunedufaso.net\/?p=16251"]}]},{"@type":"ImageObject","inLanguage":"fr-FR","@id":"https:\/\/www.latribunedufaso.net\/?p=16251#primaryimage","url":"https:\/\/www.latribunedufaso.net\/wp-content\/uploads\/2024\/10\/IMG-20241010-WA0049.jpg","contentUrl":"https:\/\/www.latribunedufaso.net\/wp-content\/uploads\/2024\/10\/IMG-20241010-WA0049.jpg","width":2560,"height":1927,"caption":"conf\u00e9rence sur le civisme \u00e9conomique et fiscal au profit des commer\u00e7ants des march\u00e9s et yaars de la ville de Ouagadougou, 10 octobre 2024"},{"@type":"BreadcrumbList","@id":"https:\/\/www.latribunedufaso.net\/?p=16251#breadcrumb","itemListElement":[{"@type":"ListItem","position":1,"name":"Accueil","item":"https:\/\/www.latribunedufaso.net\/"},{"@type":"ListItem","position":2,"name":"Journ\u00e9es nationales d\u2019engagement patriotique : Une conf\u00e9rence sur le civisme \u00e9conomique et fiscal au profit des commer\u00e7ants de Ouagadougou"}]},{"@type":"WebSite","@id":"https:\/\/www.latribunedufaso.net\/#website","url":"https:\/\/www.latribunedufaso.net\/","name":"La Tribune du Faso","description":"L&#039;information du monde rural en un clic","publisher":{"@id":"https:\/\/www.latribunedufaso.net\/#organization"},"potentialAction":[{"@type":"SearchAction","target":{"@type":"EntryPoint","urlTemplate":"https:\/\/www.latribunedufaso.net\/?s={search_term_string}"},"query-input":{"@type":"PropertyValueSpecification","valueRequired":true,"valueName":"search_term_string"}}],"inLanguage":"fr-FR"},{"@type":"Organization","@id":"https:\/\/www.latribunedufaso.net\/#organization","name":"La Tribune du Faso","url":"https:\/\/www.latribunedufaso.net\/","logo":{"@type":"ImageObject","inLanguage":"fr-FR","@id":"https:\/\/www.latribunedufaso.net\/#\/schema\/logo\/image\/","url":"https:\/\/www.latribunedufaso.net\/wp-content\/uploads\/2020\/08\/Logo-Tribune-du-Faso-final-scaled.jpg","contentUrl":"https:\/\/www.latribunedufaso.net\/wp-content\/uploads\/2020\/08\/Logo-Tribune-du-Faso-final-scaled.jpg","width":2560,"height":1856,"caption":"La Tribune du Faso"},"image":{"@id":"https:\/\/www.latribunedufaso.net\/#\/schema\/logo\/image\/"},"sameAs":["https:\/\/www.facebook.com\/LatribuneduFaso\/"]},{"@type":"Person","@id":"https:\/\/www.latribunedufaso.net\/#\/schema\/person\/e54e64c5778a7e72cf80a318b7a622b0","name":"Issouf Tapsoba","image":{"@type":"ImageObject","inLanguage":"fr-FR","@id":"https:\/\/secure.gravatar.com\/avatar\/5e6c05150ce3230247d167f5b94d678eb05936197436d69b7921e3a95c9107ac?s=96&d=mm&r=g","url":"https:\/\/secure.gravatar.com\/avatar\/5e6c05150ce3230247d167f5b94d678eb05936197436d69b7921e3a95c9107ac?s=96&d=mm&r=g","contentUrl":"https:\/\/secure.gravatar.com\/avatar\/5e6c05150ce3230247d167f5b94d678eb05936197436d69b7921e3a95c9107ac?s=96&d=mm&r=g","caption":"Issouf Tapsoba"},"url":"https:\/\/www.latribunedufaso.net\/?author=5"}]}},"_links":{"self":[{"href":"https:\/\/www.latribunedufaso.net\/index.php?rest_route=\/wp\/v2\/posts\/16251","targetHints":{"allow":["GET"]}}],"collection":[{"href":"https:\/\/www.latribunedufaso.net\/index.php?rest_route=\/wp\/v2\/posts"}],"about":[{"href":"https:\/\/www.latribunedufaso.net\/index.php?rest_route=\/wp\/v2\/types\/post"}],"author":[{"embeddable":true,"href":"https:\/\/www.latribunedufaso.net\/index.php?rest_route=\/wp\/v2\/users\/5"}],"replies":[{"embeddable":true,"href":"https:\/\/www.latribunedufaso.net\/index.php?rest_route=%2Fwp%2Fv2%2Fcomments&post=16251"}],"version-history":[{"count":1,"href":"https:\/\/www.latribunedufaso.net\/index.php?rest_route=\/wp\/v2\/posts\/16251\/revisions"}],"predecessor-version":[{"id":16257,"href":"https:\/\/www.latribunedufaso.net\/index.php?rest_route=\/wp\/v2\/posts\/16251\/revisions\/16257"}],"wp:featuredmedia":[{"embeddable":true,"href":"https:\/\/www.latribunedufaso.net\/index.php?rest_route=\/wp\/v2\/media\/16252"}],"wp:attachment":[{"href":"https:\/\/www.latribunedufaso.net\/index.php?rest_route=%2Fwp%2Fv2%2Fmedia&parent=16251"}],"wp:term":[{"taxonomy":"category","embeddable":true,"href":"https:\/\/www.latribunedufaso.net\/index.php?rest_route=%2Fwp%2Fv2%2Fcategories&post=16251"},{"taxonomy":"post_tag","embeddable":true,"href":"https:\/\/www.latribunedufaso.net\/index.php?rest_route=%2Fwp%2Fv2%2Ftags&post=16251"}],"curies":[{"name":"wp","href":"https:\/\/api.w.org\/{rel}","templated":true}]}}