{"id":16243,"date":"2024-10-10T19:18:49","date_gmt":"2024-10-10T19:18:49","guid":{"rendered":"https:\/\/www.latribunedufaso.net\/?p=16243"},"modified":"2024-10-10T19:18:49","modified_gmt":"2024-10-10T19:18:49","slug":"culture-et-tourisme-signature-de-convention-de-partenariat-entre-le-musee-national-du-burkina-faso-et-celui-du-nicaragua","status":"publish","type":"post","link":"https:\/\/www.latribunedufaso.net\/?p=16243","title":{"rendered":"Culture et Tourisme : Signature de convention de partenariat entre le mus\u00e9e national du Burkina Faso et celui du Nicaragua"},"content":{"rendered":"<p><strong><span style=\"font-size: 1.0625rem;\">Ce 10 octobre 2024 \u00e0 Ouagadougou, le Directeur g\u00e9n\u00e9ral du mus\u00e9e national, Sabari Christian Dao, a proc\u00e9d\u00e9 \u00e0 la signature officielle d\u2019une convention de partenariat avec le mus\u00e9e national du Nicaragua, repr\u00e9sent\u00e9 par Luis Manuel Andini Paiz, ambassadeur du Nicaragua au Burkina Faso.\u00a0<\/span><\/strong><br \/><!--more--><\/p>\n<p>Cette signature s\u2019inscrit dans le cadre de l\u2019ouverture du mus\u00e9e national burkinab\u00e8 vers l\u2019international et du renforcement des collaborations culturelles. Elle marque le d\u00e9but d\u2019une coop\u00e9ration entre les deux institutions, visant \u00e0 promouvoir les \u00e9changes culturels, la valorisation des patrimoines respectifs, ainsi que le d\u00e9veloppement de projets mus\u00e9aux conjoints.<\/p>\n<figure id=\"attachment_16244\" aria-describedby=\"caption-attachment-16244\" style=\"width: 1040px\" class=\"wp-caption aligncenter\"><a href=\"https:\/\/www.latribunedufaso.net\/wp-content\/uploads\/2024\/10\/IMG-20241010-WA0033.jpg\"><img loading=\"lazy\" decoding=\"async\" class=\"size-full wp-image-16244\" src=\"https:\/\/www.latribunedufaso.net\/wp-content\/uploads\/2024\/10\/IMG-20241010-WA0033.jpg\" alt=\"Signature de convention entre le mus\u00e9e national du Burkina et celui du Nicaragua, 10 octobre 2024\" width=\"1040\" height=\"780\" srcset=\"https:\/\/www.latribunedufaso.net\/wp-content\/uploads\/2024\/10\/IMG-20241010-WA0033.jpg 1040w, https:\/\/www.latribunedufaso.net\/wp-content\/uploads\/2024\/10\/IMG-20241010-WA0033-300x225.jpg 300w, https:\/\/www.latribunedufaso.net\/wp-content\/uploads\/2024\/10\/IMG-20241010-WA0033-1024x768.jpg 1024w, https:\/\/www.latribunedufaso.net\/wp-content\/uploads\/2024\/10\/IMG-20241010-WA0033-768x576.jpg 768w\" sizes=\"auto, (max-width: 1040px) 100vw, 1040px\" \/><\/a><figcaption id=\"caption-attachment-16244\" class=\"wp-caption-text\">La photo de famille des membres des deux parties &#8211; Ph. I. Tougma<\/figcaption><\/figure>\n<p><em><strong>\u00ab La signature de protocole entre les deux pays est un signe d\u2019une amiti\u00e9 forte entre ces deux peuples. Le Nicaragua m\u00e8ne la r\u00e9volution depuis le temps de Thomas Sankara. Et, quand vous faites le tour au Nicaragua vous voyez leur niveau de d\u00e9veloppement et je pense que c\u2019est le signe que nous sommes aussi sur la bonne marche \u00e0 travers ce que nous vivons comme r\u00e9volution aujourd\u2019hui \u00bb,<\/strong><\/em> a expliqu\u00e9 le DG du mus\u00e9e national, Sabari Christian Dao.\u00a0<\/p>\n<blockquote>\n<p>Lire aussi &gt;&gt; <a href=\"https:\/\/www.latribunedufaso.net\/?p=15222\">Mus\u00e9e national du Burkina Faso : Une exposition-vente de masques du 8 ao\u00fbt au 15 septembre 2024<\/a><\/p>\n<\/blockquote>\n<p>A l\u2019\u00e9couter, cette convention va au-del\u00e0 du mus\u00e9e pour aller \u00e0 la rencontre des diff\u00e9rents peuples. Elle permettra \u00e9galement de d\u00e9couvrir le niveau de d\u00e9veloppement des mus\u00e9es selon les normes internationales pour adapter le mus\u00e9e burkinab\u00e8 \u00e0 ce qui se fait dans le monde entier.<\/p>\n<p>Selon l\u2019ambassadeur du Nicaragua au Burkina Faso, Luis Manuel Andini Paiz, le Nicaragua a une partie de la culture africaine et poss\u00e8de \u00e9galement des racines culturelles et artistiques africaine. Des africains y vivent.<em><strong> \u00ab Cette signature prouve que nous venons \u00e0 nos racines parce que tous les peuples du monde sont du continent africain \u00bb, <\/strong><\/em>a-t-il signifi\u00e9.\u00a0<\/p>\n<p><strong>Ines TOUGMA\u00a0<\/strong><\/p>\n<p><strong>Latribunedu<span style=\"font-size: 1.0625rem;\">faso.net\u00a0<\/span><\/strong><\/p>\n","protected":false},"excerpt":{"rendered":"<p>Ce 10 octobre 2024 \u00e0 Ouagadougou, le Directeur g\u00e9n\u00e9ral du mus\u00e9e national, Sabari Christian Dao, a proc\u00e9d\u00e9 \u00e0 la signature officielle d\u2019une convention de partenariat avec le mus\u00e9e national du Nicaragua, repr\u00e9sent\u00e9 par Luis Manuel Andini Paiz, ambassadeur du Nicaragua au Burkina Faso.\u00a0<\/p>\n","protected":false},"author":5,"featured_media":16245,"comment_status":"open","ping_status":"open","sticky":false,"template":"","format":"standard","meta":{"footnotes":""},"categories":[13,1,30],"tags":[39,304,305],"class_list":["post-16243","post","type-post","status-publish","format-standard","has-post-thumbnail","hentry","category-une","category-actu","category-art-et-culture","tag-latribunedufaso-net","tag-musee-national-du-burkina","tag-nicaragua"],"yoast_head":"<!-- This site is optimized with the Yoast SEO plugin v27.4 - https:\/\/yoast.com\/product\/yoast-seo-wordpress\/ -->\n<title>Culture et Tourisme : Signature de convention de partenariat entre le mus\u00e9e national du Burkina Faso et celui du Nicaragua - La Tribune du Faso<\/title>\n<meta name=\"robots\" content=\"index, follow, max-snippet:-1, max-image-preview:large, max-video-preview:-1\" \/>\n<link rel=\"canonical\" href=\"https:\/\/www.latribunedufaso.net\/?p=16243\" \/>\n<meta property=\"og:locale\" content=\"fr_FR\" \/>\n<meta property=\"og:type\" content=\"article\" \/>\n<meta property=\"og:title\" content=\"Culture et Tourisme : Signature de convention de partenariat entre le mus\u00e9e national du Burkina Faso et celui du Nicaragua - La Tribune du Faso\" \/>\n<meta property=\"og:description\" content=\"Ce 10 octobre 2024 \u00e0 Ouagadougou, le Directeur g\u00e9n\u00e9ral du mus\u00e9e national, Sabari Christian Dao, a proc\u00e9d\u00e9 \u00e0 la signature officielle d\u2019une convention de partenariat avec le mus\u00e9e national du Nicaragua, repr\u00e9sent\u00e9 par Luis Manuel Andini Paiz, ambassadeur du Nicaragua au Burkina Faso.\u00a0\" \/>\n<meta property=\"og:url\" content=\"https:\/\/www.latribunedufaso.net\/?p=16243\" \/>\n<meta property=\"og:site_name\" content=\"La Tribune du Faso\" \/>\n<meta property=\"article:publisher\" content=\"https:\/\/www.facebook.com\/LatribuneduFaso\/\" \/>\n<meta property=\"article:published_time\" content=\"2024-10-10T19:18:49+00:00\" \/>\n<meta property=\"og:image\" content=\"https:\/\/www.latribunedufaso.net\/wp-content\/uploads\/2024\/10\/IMG-20241010-WA0031.jpg\" \/>\n\t<meta property=\"og:image:width\" content=\"1040\" \/>\n\t<meta property=\"og:image:height\" content=\"780\" \/>\n\t<meta property=\"og:image:type\" content=\"image\/jpeg\" \/>\n<meta name=\"author\" content=\"Issouf Tapsoba\" \/>\n<meta name=\"twitter:label1\" content=\"\u00c9crit par\" \/>\n\t<meta name=\"twitter:data1\" content=\"Issouf Tapsoba\" \/>\n\t<meta name=\"twitter:label2\" content=\"Dur\u00e9e de lecture estim\u00e9e\" \/>\n\t<meta name=\"twitter:data2\" content=\"2 minutes\" \/>\n<script type=\"application\/ld+json\" class=\"yoast-schema-graph\">{\"@context\":\"https:\\\/\\\/schema.org\",\"@graph\":[{\"@type\":\"Article\",\"@id\":\"https:\\\/\\\/www.latribunedufaso.net\\\/?p=16243#article\",\"isPartOf\":{\"@id\":\"https:\\\/\\\/www.latribunedufaso.net\\\/?p=16243\"},\"author\":{\"name\":\"Issouf Tapsoba\",\"@id\":\"https:\\\/\\\/www.latribunedufaso.net\\\/#\\\/schema\\\/person\\\/e54e64c5778a7e72cf80a318b7a622b0\"},\"headline\":\"Culture et Tourisme : Signature de convention de partenariat entre le mus\u00e9e national du Burkina Faso et celui du Nicaragua\",\"datePublished\":\"2024-10-10T19:18:49+00:00\",\"mainEntityOfPage\":{\"@id\":\"https:\\\/\\\/www.latribunedufaso.net\\\/?p=16243\"},\"wordCount\":356,\"commentCount\":0,\"publisher\":{\"@id\":\"https:\\\/\\\/www.latribunedufaso.net\\\/#organization\"},\"image\":{\"@id\":\"https:\\\/\\\/www.latribunedufaso.net\\\/?p=16243#primaryimage\"},\"thumbnailUrl\":\"https:\\\/\\\/www.latribunedufaso.net\\\/wp-content\\\/uploads\\\/2024\\\/10\\\/IMG-20241010-WA0031.jpg\",\"keywords\":[\"latribunedufaso.net\",\"Mus\u00e9e national du Burkina\",\"Nicaragua\"],\"articleSection\":[\"A la une\",\"Actualit\u00e9\",\"Art et Culture\"],\"inLanguage\":\"fr-FR\",\"potentialAction\":[{\"@type\":\"CommentAction\",\"name\":\"Comment\",\"target\":[\"https:\\\/\\\/www.latribunedufaso.net\\\/?p=16243#respond\"]}]},{\"@type\":\"WebPage\",\"@id\":\"https:\\\/\\\/www.latribunedufaso.net\\\/?p=16243\",\"url\":\"https:\\\/\\\/www.latribunedufaso.net\\\/?p=16243\",\"name\":\"Culture et Tourisme : Signature de convention de partenariat entre le mus\u00e9e national du Burkina Faso et celui du Nicaragua - La Tribune du Faso\",\"isPartOf\":{\"@id\":\"https:\\\/\\\/www.latribunedufaso.net\\\/#website\"},\"primaryImageOfPage\":{\"@id\":\"https:\\\/\\\/www.latribunedufaso.net\\\/?p=16243#primaryimage\"},\"image\":{\"@id\":\"https:\\\/\\\/www.latribunedufaso.net\\\/?p=16243#primaryimage\"},\"thumbnailUrl\":\"https:\\\/\\\/www.latribunedufaso.net\\\/wp-content\\\/uploads\\\/2024\\\/10\\\/IMG-20241010-WA0031.jpg\",\"datePublished\":\"2024-10-10T19:18:49+00:00\",\"breadcrumb\":{\"@id\":\"https:\\\/\\\/www.latribunedufaso.net\\\/?p=16243#breadcrumb\"},\"inLanguage\":\"fr-FR\",\"potentialAction\":[{\"@type\":\"ReadAction\",\"target\":[\"https:\\\/\\\/www.latribunedufaso.net\\\/?p=16243\"]}]},{\"@type\":\"ImageObject\",\"inLanguage\":\"fr-FR\",\"@id\":\"https:\\\/\\\/www.latribunedufaso.net\\\/?p=16243#primaryimage\",\"url\":\"https:\\\/\\\/www.latribunedufaso.net\\\/wp-content\\\/uploads\\\/2024\\\/10\\\/IMG-20241010-WA0031.jpg\",\"contentUrl\":\"https:\\\/\\\/www.latribunedufaso.net\\\/wp-content\\\/uploads\\\/2024\\\/10\\\/IMG-20241010-WA0031.jpg\",\"width\":1040,\"height\":780,\"caption\":\"Signature de convention entre le mus\u00e9e national du Burkina et celui du Nicaragua, 10 octobre 2024\"},{\"@type\":\"BreadcrumbList\",\"@id\":\"https:\\\/\\\/www.latribunedufaso.net\\\/?p=16243#breadcrumb\",\"itemListElement\":[{\"@type\":\"ListItem\",\"position\":1,\"name\":\"Accueil\",\"item\":\"https:\\\/\\\/www.latribunedufaso.net\\\/\"},{\"@type\":\"ListItem\",\"position\":2,\"name\":\"Culture et Tourisme : Signature de convention de partenariat entre le mus\u00e9e national du Burkina Faso et celui du Nicaragua\"}]},{\"@type\":\"WebSite\",\"@id\":\"https:\\\/\\\/www.latribunedufaso.net\\\/#website\",\"url\":\"https:\\\/\\\/www.latribunedufaso.net\\\/\",\"name\":\"La Tribune du Faso\",\"description\":\"L&#039;information du monde rural en un clic\",\"publisher\":{\"@id\":\"https:\\\/\\\/www.latribunedufaso.net\\\/#organization\"},\"potentialAction\":[{\"@type\":\"SearchAction\",\"target\":{\"@type\":\"EntryPoint\",\"urlTemplate\":\"https:\\\/\\\/www.latribunedufaso.net\\\/?s={search_term_string}\"},\"query-input\":{\"@type\":\"PropertyValueSpecification\",\"valueRequired\":true,\"valueName\":\"search_term_string\"}}],\"inLanguage\":\"fr-FR\"},{\"@type\":\"Organization\",\"@id\":\"https:\\\/\\\/www.latribunedufaso.net\\\/#organization\",\"name\":\"La Tribune du Faso\",\"url\":\"https:\\\/\\\/www.latribunedufaso.net\\\/\",\"logo\":{\"@type\":\"ImageObject\",\"inLanguage\":\"fr-FR\",\"@id\":\"https:\\\/\\\/www.latribunedufaso.net\\\/#\\\/schema\\\/logo\\\/image\\\/\",\"url\":\"https:\\\/\\\/www.latribunedufaso.net\\\/wp-content\\\/uploads\\\/2020\\\/08\\\/Logo-Tribune-du-Faso-final-scaled.jpg\",\"contentUrl\":\"https:\\\/\\\/www.latribunedufaso.net\\\/wp-content\\\/uploads\\\/2020\\\/08\\\/Logo-Tribune-du-Faso-final-scaled.jpg\",\"width\":2560,\"height\":1856,\"caption\":\"La Tribune du Faso\"},\"image\":{\"@id\":\"https:\\\/\\\/www.latribunedufaso.net\\\/#\\\/schema\\\/logo\\\/image\\\/\"},\"sameAs\":[\"https:\\\/\\\/www.facebook.com\\\/LatribuneduFaso\\\/\"]},{\"@type\":\"Person\",\"@id\":\"https:\\\/\\\/www.latribunedufaso.net\\\/#\\\/schema\\\/person\\\/e54e64c5778a7e72cf80a318b7a622b0\",\"name\":\"Issouf Tapsoba\",\"image\":{\"@type\":\"ImageObject\",\"inLanguage\":\"fr-FR\",\"@id\":\"https:\\\/\\\/secure.gravatar.com\\\/avatar\\\/5e6c05150ce3230247d167f5b94d678eb05936197436d69b7921e3a95c9107ac?s=96&d=mm&r=g\",\"url\":\"https:\\\/\\\/secure.gravatar.com\\\/avatar\\\/5e6c05150ce3230247d167f5b94d678eb05936197436d69b7921e3a95c9107ac?s=96&d=mm&r=g\",\"contentUrl\":\"https:\\\/\\\/secure.gravatar.com\\\/avatar\\\/5e6c05150ce3230247d167f5b94d678eb05936197436d69b7921e3a95c9107ac?s=96&d=mm&r=g\",\"caption\":\"Issouf Tapsoba\"},\"url\":\"https:\\\/\\\/www.latribunedufaso.net\\\/?author=5\"}]}<\/script>\n<!-- \/ Yoast SEO plugin. -->","yoast_head_json":{"title":"Culture et Tourisme : Signature de convention de partenariat entre le mus\u00e9e national du Burkina Faso et celui du Nicaragua - La Tribune du Faso","robots":{"index":"index","follow":"follow","max-snippet":"max-snippet:-1","max-image-preview":"max-image-preview:large","max-video-preview":"max-video-preview:-1"},"canonical":"https:\/\/www.latribunedufaso.net\/?p=16243","og_locale":"fr_FR","og_type":"article","og_title":"Culture et Tourisme : Signature de convention de partenariat entre le mus\u00e9e national du Burkina Faso et celui du Nicaragua - La Tribune du Faso","og_description":"Ce 10 octobre 2024 \u00e0 Ouagadougou, le Directeur g\u00e9n\u00e9ral du mus\u00e9e national, Sabari Christian Dao, a proc\u00e9d\u00e9 \u00e0 la signature officielle d\u2019une convention de partenariat avec le mus\u00e9e national du Nicaragua, repr\u00e9sent\u00e9 par Luis Manuel Andini Paiz, ambassadeur du Nicaragua au Burkina Faso.\u00a0","og_url":"https:\/\/www.latribunedufaso.net\/?p=16243","og_site_name":"La Tribune du Faso","article_publisher":"https:\/\/www.facebook.com\/LatribuneduFaso\/","article_published_time":"2024-10-10T19:18:49+00:00","og_image":[{"width":1040,"height":780,"url":"https:\/\/www.latribunedufaso.net\/wp-content\/uploads\/2024\/10\/IMG-20241010-WA0031.jpg","type":"image\/jpeg"}],"author":"Issouf Tapsoba","twitter_misc":{"\u00c9crit par":"Issouf Tapsoba","Dur\u00e9e de lecture estim\u00e9e":"2 minutes"},"schema":{"@context":"https:\/\/schema.org","@graph":[{"@type":"Article","@id":"https:\/\/www.latribunedufaso.net\/?p=16243#article","isPartOf":{"@id":"https:\/\/www.latribunedufaso.net\/?p=16243"},"author":{"name":"Issouf Tapsoba","@id":"https:\/\/www.latribunedufaso.net\/#\/schema\/person\/e54e64c5778a7e72cf80a318b7a622b0"},"headline":"Culture et Tourisme : Signature de convention de partenariat entre le mus\u00e9e national du Burkina Faso et celui du Nicaragua","datePublished":"2024-10-10T19:18:49+00:00","mainEntityOfPage":{"@id":"https:\/\/www.latribunedufaso.net\/?p=16243"},"wordCount":356,"commentCount":0,"publisher":{"@id":"https:\/\/www.latribunedufaso.net\/#organization"},"image":{"@id":"https:\/\/www.latribunedufaso.net\/?p=16243#primaryimage"},"thumbnailUrl":"https:\/\/www.latribunedufaso.net\/wp-content\/uploads\/2024\/10\/IMG-20241010-WA0031.jpg","keywords":["latribunedufaso.net","Mus\u00e9e national du Burkina","Nicaragua"],"articleSection":["A la une","Actualit\u00e9","Art et Culture"],"inLanguage":"fr-FR","potentialAction":[{"@type":"CommentAction","name":"Comment","target":["https:\/\/www.latribunedufaso.net\/?p=16243#respond"]}]},{"@type":"WebPage","@id":"https:\/\/www.latribunedufaso.net\/?p=16243","url":"https:\/\/www.latribunedufaso.net\/?p=16243","name":"Culture et Tourisme : Signature de convention de partenariat entre le mus\u00e9e national du Burkina Faso et celui du Nicaragua - La Tribune du Faso","isPartOf":{"@id":"https:\/\/www.latribunedufaso.net\/#website"},"primaryImageOfPage":{"@id":"https:\/\/www.latribunedufaso.net\/?p=16243#primaryimage"},"image":{"@id":"https:\/\/www.latribunedufaso.net\/?p=16243#primaryimage"},"thumbnailUrl":"https:\/\/www.latribunedufaso.net\/wp-content\/uploads\/2024\/10\/IMG-20241010-WA0031.jpg","datePublished":"2024-10-10T19:18:49+00:00","breadcrumb":{"@id":"https:\/\/www.latribunedufaso.net\/?p=16243#breadcrumb"},"inLanguage":"fr-FR","potentialAction":[{"@type":"ReadAction","target":["https:\/\/www.latribunedufaso.net\/?p=16243"]}]},{"@type":"ImageObject","inLanguage":"fr-FR","@id":"https:\/\/www.latribunedufaso.net\/?p=16243#primaryimage","url":"https:\/\/www.latribunedufaso.net\/wp-content\/uploads\/2024\/10\/IMG-20241010-WA0031.jpg","contentUrl":"https:\/\/www.latribunedufaso.net\/wp-content\/uploads\/2024\/10\/IMG-20241010-WA0031.jpg","width":1040,"height":780,"caption":"Signature de convention entre le mus\u00e9e national du Burkina et celui du Nicaragua, 10 octobre 2024"},{"@type":"BreadcrumbList","@id":"https:\/\/www.latribunedufaso.net\/?p=16243#breadcrumb","itemListElement":[{"@type":"ListItem","position":1,"name":"Accueil","item":"https:\/\/www.latribunedufaso.net\/"},{"@type":"ListItem","position":2,"name":"Culture et Tourisme : Signature de convention de partenariat entre le mus\u00e9e national du Burkina Faso et celui du Nicaragua"}]},{"@type":"WebSite","@id":"https:\/\/www.latribunedufaso.net\/#website","url":"https:\/\/www.latribunedufaso.net\/","name":"La Tribune du Faso","description":"L&#039;information du monde rural en un clic","publisher":{"@id":"https:\/\/www.latribunedufaso.net\/#organization"},"potentialAction":[{"@type":"SearchAction","target":{"@type":"EntryPoint","urlTemplate":"https:\/\/www.latribunedufaso.net\/?s={search_term_string}"},"query-input":{"@type":"PropertyValueSpecification","valueRequired":true,"valueName":"search_term_string"}}],"inLanguage":"fr-FR"},{"@type":"Organization","@id":"https:\/\/www.latribunedufaso.net\/#organization","name":"La Tribune du Faso","url":"https:\/\/www.latribunedufaso.net\/","logo":{"@type":"ImageObject","inLanguage":"fr-FR","@id":"https:\/\/www.latribunedufaso.net\/#\/schema\/logo\/image\/","url":"https:\/\/www.latribunedufaso.net\/wp-content\/uploads\/2020\/08\/Logo-Tribune-du-Faso-final-scaled.jpg","contentUrl":"https:\/\/www.latribunedufaso.net\/wp-content\/uploads\/2020\/08\/Logo-Tribune-du-Faso-final-scaled.jpg","width":2560,"height":1856,"caption":"La Tribune du Faso"},"image":{"@id":"https:\/\/www.latribunedufaso.net\/#\/schema\/logo\/image\/"},"sameAs":["https:\/\/www.facebook.com\/LatribuneduFaso\/"]},{"@type":"Person","@id":"https:\/\/www.latribunedufaso.net\/#\/schema\/person\/e54e64c5778a7e72cf80a318b7a622b0","name":"Issouf Tapsoba","image":{"@type":"ImageObject","inLanguage":"fr-FR","@id":"https:\/\/secure.gravatar.com\/avatar\/5e6c05150ce3230247d167f5b94d678eb05936197436d69b7921e3a95c9107ac?s=96&d=mm&r=g","url":"https:\/\/secure.gravatar.com\/avatar\/5e6c05150ce3230247d167f5b94d678eb05936197436d69b7921e3a95c9107ac?s=96&d=mm&r=g","contentUrl":"https:\/\/secure.gravatar.com\/avatar\/5e6c05150ce3230247d167f5b94d678eb05936197436d69b7921e3a95c9107ac?s=96&d=mm&r=g","caption":"Issouf Tapsoba"},"url":"https:\/\/www.latribunedufaso.net\/?author=5"}]}},"_links":{"self":[{"href":"https:\/\/www.latribunedufaso.net\/index.php?rest_route=\/wp\/v2\/posts\/16243","targetHints":{"allow":["GET"]}}],"collection":[{"href":"https:\/\/www.latribunedufaso.net\/index.php?rest_route=\/wp\/v2\/posts"}],"about":[{"href":"https:\/\/www.latribunedufaso.net\/index.php?rest_route=\/wp\/v2\/types\/post"}],"author":[{"embeddable":true,"href":"https:\/\/www.latribunedufaso.net\/index.php?rest_route=\/wp\/v2\/users\/5"}],"replies":[{"embeddable":true,"href":"https:\/\/www.latribunedufaso.net\/index.php?rest_route=%2Fwp%2Fv2%2Fcomments&post=16243"}],"version-history":[{"count":1,"href":"https:\/\/www.latribunedufaso.net\/index.php?rest_route=\/wp\/v2\/posts\/16243\/revisions"}],"predecessor-version":[{"id":16246,"href":"https:\/\/www.latribunedufaso.net\/index.php?rest_route=\/wp\/v2\/posts\/16243\/revisions\/16246"}],"wp:featuredmedia":[{"embeddable":true,"href":"https:\/\/www.latribunedufaso.net\/index.php?rest_route=\/wp\/v2\/media\/16245"}],"wp:attachment":[{"href":"https:\/\/www.latribunedufaso.net\/index.php?rest_route=%2Fwp%2Fv2%2Fmedia&parent=16243"}],"wp:term":[{"taxonomy":"category","embeddable":true,"href":"https:\/\/www.latribunedufaso.net\/index.php?rest_route=%2Fwp%2Fv2%2Fcategories&post=16243"},{"taxonomy":"post_tag","embeddable":true,"href":"https:\/\/www.latribunedufaso.net\/index.php?rest_route=%2Fwp%2Fv2%2Ftags&post=16243"}],"curies":[{"name":"wp","href":"https:\/\/api.w.org\/{rel}","templated":true}]}}