{"id":16223,"date":"2024-10-09T17:32:32","date_gmt":"2024-10-09T17:32:32","guid":{"rendered":"https:\/\/www.latribunedufaso.net\/?p=16223"},"modified":"2024-10-09T17:32:32","modified_gmt":"2024-10-09T17:32:32","slug":"union-des-ressortissants-de-la-boucle-du-mouhoun-lassociation-lance-officiellement-ses-activites","status":"publish","type":"post","link":"https:\/\/www.latribunedufaso.net\/?p=16223","title":{"rendered":"Union des ressortissants de la boucle du Mouhoun : L&rsquo;association lance officiellement ses activit\u00e9s"},"content":{"rendered":"<p><strong style=\"font-size: 1.0625rem;\">L\u2019Union des ressortissants de la Boucle du Mouhoun pour le d\u00e9veloppement int\u00e9gr\u00e9 (URDI\/BM) a officiellement lanc\u00e9 ses activit\u00e9s. Marqu\u00e9e par des dons, la c\u00e9r\u00e9monie de lancement s&rsquo;est tenue le 05 octobre 2024 \u00e0 Dedougou.\u00a0<\/strong><\/p>\n<p><!--more--><\/p>\n<p>L&rsquo;URDI\/BMH, est une association de droit burkinab\u00e8 qui r\u00e9unit les filles, fils et sympathisants de la r\u00e9gion de la Boucle du Mouhoun, conscients de la n\u00e9cessit\u00e9 de s\u2019unir pour penser la coh\u00e9sion sociale, la paix et le d\u00e9veloppement du Burkina Faso et de la r\u00e9gion de boucle du Mouhoun.<\/p>\n<p>Cette c\u00e9r\u00e9monie de lancement des activit\u00e9s \u00ab marque donc le d\u00e9but de l\u2019engagement de l\u2019union autour de ses objectifs et sonne comme une invite \u00e0 tous ceux qui s\u2019inscrivent dans la m\u00eame vision de rejoindre l\u2019association \u00bb, a indiqu\u00e9 le pr\u00e9sident de l&rsquo;URDI\/BMH, Issa Traor\u00e9.<\/p>\n<figure id=\"attachment_16224\" aria-describedby=\"caption-attachment-16224\" style=\"width: 1152px\" class=\"wp-caption aligncenter\"><a href=\"https:\/\/www.latribunedufaso.net\/wp-content\/uploads\/2024\/10\/IMG-20241008-WA0003.jpg\"><img loading=\"lazy\" decoding=\"async\" class=\"size-full wp-image-16224\" src=\"https:\/\/www.latribunedufaso.net\/wp-content\/uploads\/2024\/10\/IMG-20241008-WA0003.jpg\" alt=\"Lancement des activit\u00e9s de l'Union des ressortissants de la boucle du Mouhoun, 5 octobre 2024\" width=\"1152\" height=\"864\" srcset=\"https:\/\/www.latribunedufaso.net\/wp-content\/uploads\/2024\/10\/IMG-20241008-WA0003.jpg 1152w, https:\/\/www.latribunedufaso.net\/wp-content\/uploads\/2024\/10\/IMG-20241008-WA0003-300x225.jpg 300w, https:\/\/www.latribunedufaso.net\/wp-content\/uploads\/2024\/10\/IMG-20241008-WA0003-1024x768.jpg 1024w, https:\/\/www.latribunedufaso.net\/wp-content\/uploads\/2024\/10\/IMG-20241008-WA0003-768x576.jpg 768w\" sizes=\"auto, (max-width: 1152px) 100vw, 1152px\" \/><\/a><figcaption id=\"caption-attachment-16224\" class=\"wp-caption-text\">L&rsquo;Union a fait le don de 1 million FCFA au titre du Fonds de soutien patriotique &#8211; Ph. DR<\/figcaption><\/figure>\n<p>Notons que la c\u00e9r\u00e9monie a \u00e9t\u00e9 marqu\u00e9e par un don de kits scolaires, de couvertures, de pull-overs et de produits pharmaceutiques d\u2019une valeur de plus de 8 000 000 de FCFA aux enfants des FDS et VDP tomb\u00e9s sur le champ d\u2019honneur et ceux des d\u00e9plac\u00e9s internes. A cela s&rsquo;ajoute le don de 1 million FCFA au titre du <a href=\"https:\/\/www.latribunedufaso.net\/?p=16009\">Fonds de soutien patriotique<\/a>.<\/p>\n<p>A \u00e9couter Issa Traor\u00e9, ce don s\u2019inscrit dans la droite ligne avec leurs objectifs de bien-\u00eatre social et du renforcement de la r\u00e9silience populaire dans un contexte marqu\u00e9 par l\u2019ins\u00e9curit\u00e9. <em><strong>\u00ab Elle marque ainsi une \u00e9tape importante de notre engagement envers les personnes d\u00e9plac\u00e9es internes, ainsi que les veuves et orphelins des Forces de D\u00e9fense et de S\u00e9curit\u00e9 (FDS) et des Volontaires de la D\u00e9fense Patriotique (VDP) tomb\u00e9s sur le champ d\u2019honneur \u00bb, <\/strong><\/em>a-t-il ajout\u00e9.\u00a0<\/p>\n<figure id=\"attachment_16226\" aria-describedby=\"caption-attachment-16226\" style=\"width: 661px\" class=\"wp-caption aligncenter\"><a href=\"https:\/\/www.latribunedufaso.net\/wp-content\/uploads\/2024\/10\/Screenshot_20241009-172639_1.jpg\"><img loading=\"lazy\" decoding=\"async\" class=\"size-full wp-image-16226\" src=\"https:\/\/www.latribunedufaso.net\/wp-content\/uploads\/2024\/10\/Screenshot_20241009-172639_1.jpg\" alt=\"Lancement des activit\u00e9s de l'Union des ressortissants de la boucle du Mouhoun, 5 octobre 2024\" width=\"661\" height=\"494\" srcset=\"https:\/\/www.latribunedufaso.net\/wp-content\/uploads\/2024\/10\/Screenshot_20241009-172639_1.jpg 661w, https:\/\/www.latribunedufaso.net\/wp-content\/uploads\/2024\/10\/Screenshot_20241009-172639_1-300x224.jpg 300w\" sizes=\"auto, (max-width: 661px) 100vw, 661px\" \/><\/a><figcaption id=\"caption-attachment-16226\" class=\"wp-caption-text\">Le pr\u00e9sident de l&rsquo;URDI\/BMH, Issa Traor\u00e9 &#8211; Ph. DR<\/figcaption><\/figure>\n<p>A l\u2019endroit des b\u00e9n\u00e9ficiaires, M. Traor\u00e9 leur a exhort\u00e9 de faire un bon usage des dons re\u00e7us. Aussi, leur a-t-il souhait\u00e9 beaucoup de courage et de d\u00e9termination. Il a \u00e9galement souhait\u00e9 qu\u2019ils incarnent les valeurs de patriotisme de sacrifice pour le pays.\u00a0<\/p>\n<p><strong>Latribunedu<span style=\"font-size: 1.0625rem;\">faso.net<\/span><\/strong><\/p>\n","protected":false},"excerpt":{"rendered":"<p>L\u2019Union des ressortissants de la Boucle du Mouhoun pour le d\u00e9veloppement int\u00e9gr\u00e9 (URDI\/BM) a officiellement lanc\u00e9 ses activit\u00e9s. Marqu\u00e9e par des dons, la c\u00e9r\u00e9monie de lancement s&rsquo;est tenue le 05 octobre 2024 \u00e0 Dedougou.\u00a0<\/p>\n","protected":false},"author":5,"featured_media":16225,"comment_status":"open","ping_status":"open","sticky":false,"template":"","format":"standard","meta":{"footnotes":""},"categories":[13,1,8],"tags":[39,300],"class_list":["post-16223","post","type-post","status-publish","format-standard","has-post-thumbnail","hentry","category-une","category-actu","category-societe","tag-latribunedufaso-net","tag-urdi-bm"],"yoast_head":"<!-- This site is optimized with the Yoast SEO plugin v27.5 - https:\/\/yoast.com\/product\/yoast-seo-wordpress\/ -->\n<title>Union des ressortissants de la boucle du Mouhoun : L&#039;association lance officiellement ses activit\u00e9s - La Tribune du Faso<\/title>\n<meta name=\"robots\" content=\"index, follow, max-snippet:-1, max-image-preview:large, max-video-preview:-1\" \/>\n<link rel=\"canonical\" href=\"https:\/\/www.latribunedufaso.net\/?p=16223\" \/>\n<meta property=\"og:locale\" content=\"fr_FR\" \/>\n<meta property=\"og:type\" content=\"article\" \/>\n<meta property=\"og:title\" content=\"Union des ressortissants de la boucle du Mouhoun : L&#039;association lance officiellement ses activit\u00e9s - La Tribune du Faso\" \/>\n<meta property=\"og:description\" content=\"L\u2019Union des ressortissants de la Boucle du Mouhoun pour le d\u00e9veloppement int\u00e9gr\u00e9 (URDI\/BM) a officiellement lanc\u00e9 ses activit\u00e9s. Marqu\u00e9e par des dons, la c\u00e9r\u00e9monie de lancement s&rsquo;est tenue le 05 octobre 2024 \u00e0 Dedougou.\u00a0\" \/>\n<meta property=\"og:url\" content=\"https:\/\/www.latribunedufaso.net\/?p=16223\" \/>\n<meta property=\"og:site_name\" content=\"La Tribune du Faso\" \/>\n<meta property=\"article:publisher\" content=\"https:\/\/www.facebook.com\/LatribuneduFaso\/\" \/>\n<meta property=\"article:published_time\" content=\"2024-10-09T17:32:32+00:00\" \/>\n<meta property=\"og:image\" content=\"https:\/\/www.latribunedufaso.net\/wp-content\/uploads\/2024\/10\/IMG-20241008-WA0002.jpg\" \/>\n\t<meta property=\"og:image:width\" content=\"1152\" \/>\n\t<meta property=\"og:image:height\" content=\"864\" \/>\n\t<meta property=\"og:image:type\" content=\"image\/jpeg\" \/>\n<meta name=\"author\" content=\"Issouf Tapsoba\" \/>\n<meta name=\"twitter:label1\" content=\"\u00c9crit par\" \/>\n\t<meta name=\"twitter:data1\" content=\"Issouf Tapsoba\" \/>\n\t<meta name=\"twitter:label2\" content=\"Dur\u00e9e de lecture estim\u00e9e\" \/>\n\t<meta name=\"twitter:data2\" content=\"2 minutes\" \/>\n<script type=\"application\/ld+json\" class=\"yoast-schema-graph\">{\"@context\":\"https:\\\/\\\/schema.org\",\"@graph\":[{\"@type\":\"Article\",\"@id\":\"https:\\\/\\\/www.latribunedufaso.net\\\/?p=16223#article\",\"isPartOf\":{\"@id\":\"https:\\\/\\\/www.latribunedufaso.net\\\/?p=16223\"},\"author\":{\"name\":\"Issouf Tapsoba\",\"@id\":\"https:\\\/\\\/www.latribunedufaso.net\\\/#\\\/schema\\\/person\\\/e54e64c5778a7e72cf80a318b7a622b0\"},\"headline\":\"Union des ressortissants de la boucle du Mouhoun : L&rsquo;association lance officiellement ses activit\u00e9s\",\"datePublished\":\"2024-10-09T17:32:32+00:00\",\"mainEntityOfPage\":{\"@id\":\"https:\\\/\\\/www.latribunedufaso.net\\\/?p=16223\"},\"wordCount\":415,\"commentCount\":0,\"publisher\":{\"@id\":\"https:\\\/\\\/www.latribunedufaso.net\\\/#organization\"},\"image\":{\"@id\":\"https:\\\/\\\/www.latribunedufaso.net\\\/?p=16223#primaryimage\"},\"thumbnailUrl\":\"https:\\\/\\\/www.latribunedufaso.net\\\/wp-content\\\/uploads\\\/2024\\\/10\\\/IMG-20241008-WA0002.jpg\",\"keywords\":[\"latribunedufaso.net\",\"URDI\\\/BM\"],\"articleSection\":[\"A la une\",\"Actualit\u00e9\",\"Soci\u00e9t\u00e9\"],\"inLanguage\":\"fr-FR\",\"potentialAction\":[{\"@type\":\"CommentAction\",\"name\":\"Comment\",\"target\":[\"https:\\\/\\\/www.latribunedufaso.net\\\/?p=16223#respond\"]}]},{\"@type\":\"WebPage\",\"@id\":\"https:\\\/\\\/www.latribunedufaso.net\\\/?p=16223\",\"url\":\"https:\\\/\\\/www.latribunedufaso.net\\\/?p=16223\",\"name\":\"Union des ressortissants de la boucle du Mouhoun : L'association lance officiellement ses activit\u00e9s - La Tribune du Faso\",\"isPartOf\":{\"@id\":\"https:\\\/\\\/www.latribunedufaso.net\\\/#website\"},\"primaryImageOfPage\":{\"@id\":\"https:\\\/\\\/www.latribunedufaso.net\\\/?p=16223#primaryimage\"},\"image\":{\"@id\":\"https:\\\/\\\/www.latribunedufaso.net\\\/?p=16223#primaryimage\"},\"thumbnailUrl\":\"https:\\\/\\\/www.latribunedufaso.net\\\/wp-content\\\/uploads\\\/2024\\\/10\\\/IMG-20241008-WA0002.jpg\",\"datePublished\":\"2024-10-09T17:32:32+00:00\",\"breadcrumb\":{\"@id\":\"https:\\\/\\\/www.latribunedufaso.net\\\/?p=16223#breadcrumb\"},\"inLanguage\":\"fr-FR\",\"potentialAction\":[{\"@type\":\"ReadAction\",\"target\":[\"https:\\\/\\\/www.latribunedufaso.net\\\/?p=16223\"]}]},{\"@type\":\"ImageObject\",\"inLanguage\":\"fr-FR\",\"@id\":\"https:\\\/\\\/www.latribunedufaso.net\\\/?p=16223#primaryimage\",\"url\":\"https:\\\/\\\/www.latribunedufaso.net\\\/wp-content\\\/uploads\\\/2024\\\/10\\\/IMG-20241008-WA0002.jpg\",\"contentUrl\":\"https:\\\/\\\/www.latribunedufaso.net\\\/wp-content\\\/uploads\\\/2024\\\/10\\\/IMG-20241008-WA0002.jpg\",\"width\":1152,\"height\":864,\"caption\":\"Lancement des activit\u00e9s de l'Union des ressortissants de la boucle du Mouhoun, 5 octobre 2024\"},{\"@type\":\"BreadcrumbList\",\"@id\":\"https:\\\/\\\/www.latribunedufaso.net\\\/?p=16223#breadcrumb\",\"itemListElement\":[{\"@type\":\"ListItem\",\"position\":1,\"name\":\"Accueil\",\"item\":\"https:\\\/\\\/www.latribunedufaso.net\\\/\"},{\"@type\":\"ListItem\",\"position\":2,\"name\":\"Union des ressortissants de la boucle du Mouhoun : L&rsquo;association lance officiellement ses activit\u00e9s\"}]},{\"@type\":\"WebSite\",\"@id\":\"https:\\\/\\\/www.latribunedufaso.net\\\/#website\",\"url\":\"https:\\\/\\\/www.latribunedufaso.net\\\/\",\"name\":\"La Tribune du Faso\",\"description\":\"L&#039;information du monde rural en un clic\",\"publisher\":{\"@id\":\"https:\\\/\\\/www.latribunedufaso.net\\\/#organization\"},\"potentialAction\":[{\"@type\":\"SearchAction\",\"target\":{\"@type\":\"EntryPoint\",\"urlTemplate\":\"https:\\\/\\\/www.latribunedufaso.net\\\/?s={search_term_string}\"},\"query-input\":{\"@type\":\"PropertyValueSpecification\",\"valueRequired\":true,\"valueName\":\"search_term_string\"}}],\"inLanguage\":\"fr-FR\"},{\"@type\":\"Organization\",\"@id\":\"https:\\\/\\\/www.latribunedufaso.net\\\/#organization\",\"name\":\"La Tribune du Faso\",\"url\":\"https:\\\/\\\/www.latribunedufaso.net\\\/\",\"logo\":{\"@type\":\"ImageObject\",\"inLanguage\":\"fr-FR\",\"@id\":\"https:\\\/\\\/www.latribunedufaso.net\\\/#\\\/schema\\\/logo\\\/image\\\/\",\"url\":\"https:\\\/\\\/www.latribunedufaso.net\\\/wp-content\\\/uploads\\\/2020\\\/08\\\/Logo-Tribune-du-Faso-final-scaled.jpg\",\"contentUrl\":\"https:\\\/\\\/www.latribunedufaso.net\\\/wp-content\\\/uploads\\\/2020\\\/08\\\/Logo-Tribune-du-Faso-final-scaled.jpg\",\"width\":2560,\"height\":1856,\"caption\":\"La Tribune du Faso\"},\"image\":{\"@id\":\"https:\\\/\\\/www.latribunedufaso.net\\\/#\\\/schema\\\/logo\\\/image\\\/\"},\"sameAs\":[\"https:\\\/\\\/www.facebook.com\\\/LatribuneduFaso\\\/\"]},{\"@type\":\"Person\",\"@id\":\"https:\\\/\\\/www.latribunedufaso.net\\\/#\\\/schema\\\/person\\\/e54e64c5778a7e72cf80a318b7a622b0\",\"name\":\"Issouf Tapsoba\",\"image\":{\"@type\":\"ImageObject\",\"inLanguage\":\"fr-FR\",\"@id\":\"https:\\\/\\\/secure.gravatar.com\\\/avatar\\\/5e6c05150ce3230247d167f5b94d678eb05936197436d69b7921e3a95c9107ac?s=96&d=mm&r=g\",\"url\":\"https:\\\/\\\/secure.gravatar.com\\\/avatar\\\/5e6c05150ce3230247d167f5b94d678eb05936197436d69b7921e3a95c9107ac?s=96&d=mm&r=g\",\"contentUrl\":\"https:\\\/\\\/secure.gravatar.com\\\/avatar\\\/5e6c05150ce3230247d167f5b94d678eb05936197436d69b7921e3a95c9107ac?s=96&d=mm&r=g\",\"caption\":\"Issouf Tapsoba\"},\"url\":\"https:\\\/\\\/www.latribunedufaso.net\\\/?author=5\"}]}<\/script>\n<!-- \/ Yoast SEO plugin. -->","yoast_head_json":{"title":"Union des ressortissants de la boucle du Mouhoun : L'association lance officiellement ses activit\u00e9s - La Tribune du Faso","robots":{"index":"index","follow":"follow","max-snippet":"max-snippet:-1","max-image-preview":"max-image-preview:large","max-video-preview":"max-video-preview:-1"},"canonical":"https:\/\/www.latribunedufaso.net\/?p=16223","og_locale":"fr_FR","og_type":"article","og_title":"Union des ressortissants de la boucle du Mouhoun : L'association lance officiellement ses activit\u00e9s - La Tribune du Faso","og_description":"L\u2019Union des ressortissants de la Boucle du Mouhoun pour le d\u00e9veloppement int\u00e9gr\u00e9 (URDI\/BM) a officiellement lanc\u00e9 ses activit\u00e9s. Marqu\u00e9e par des dons, la c\u00e9r\u00e9monie de lancement s&rsquo;est tenue le 05 octobre 2024 \u00e0 Dedougou.\u00a0","og_url":"https:\/\/www.latribunedufaso.net\/?p=16223","og_site_name":"La Tribune du Faso","article_publisher":"https:\/\/www.facebook.com\/LatribuneduFaso\/","article_published_time":"2024-10-09T17:32:32+00:00","og_image":[{"width":1152,"height":864,"url":"https:\/\/www.latribunedufaso.net\/wp-content\/uploads\/2024\/10\/IMG-20241008-WA0002.jpg","type":"image\/jpeg"}],"author":"Issouf Tapsoba","twitter_misc":{"\u00c9crit par":"Issouf Tapsoba","Dur\u00e9e de lecture estim\u00e9e":"2 minutes"},"schema":{"@context":"https:\/\/schema.org","@graph":[{"@type":"Article","@id":"https:\/\/www.latribunedufaso.net\/?p=16223#article","isPartOf":{"@id":"https:\/\/www.latribunedufaso.net\/?p=16223"},"author":{"name":"Issouf Tapsoba","@id":"https:\/\/www.latribunedufaso.net\/#\/schema\/person\/e54e64c5778a7e72cf80a318b7a622b0"},"headline":"Union des ressortissants de la boucle du Mouhoun : L&rsquo;association lance officiellement ses activit\u00e9s","datePublished":"2024-10-09T17:32:32+00:00","mainEntityOfPage":{"@id":"https:\/\/www.latribunedufaso.net\/?p=16223"},"wordCount":415,"commentCount":0,"publisher":{"@id":"https:\/\/www.latribunedufaso.net\/#organization"},"image":{"@id":"https:\/\/www.latribunedufaso.net\/?p=16223#primaryimage"},"thumbnailUrl":"https:\/\/www.latribunedufaso.net\/wp-content\/uploads\/2024\/10\/IMG-20241008-WA0002.jpg","keywords":["latribunedufaso.net","URDI\/BM"],"articleSection":["A la une","Actualit\u00e9","Soci\u00e9t\u00e9"],"inLanguage":"fr-FR","potentialAction":[{"@type":"CommentAction","name":"Comment","target":["https:\/\/www.latribunedufaso.net\/?p=16223#respond"]}]},{"@type":"WebPage","@id":"https:\/\/www.latribunedufaso.net\/?p=16223","url":"https:\/\/www.latribunedufaso.net\/?p=16223","name":"Union des ressortissants de la boucle du Mouhoun : L'association lance officiellement ses activit\u00e9s - La Tribune du Faso","isPartOf":{"@id":"https:\/\/www.latribunedufaso.net\/#website"},"primaryImageOfPage":{"@id":"https:\/\/www.latribunedufaso.net\/?p=16223#primaryimage"},"image":{"@id":"https:\/\/www.latribunedufaso.net\/?p=16223#primaryimage"},"thumbnailUrl":"https:\/\/www.latribunedufaso.net\/wp-content\/uploads\/2024\/10\/IMG-20241008-WA0002.jpg","datePublished":"2024-10-09T17:32:32+00:00","breadcrumb":{"@id":"https:\/\/www.latribunedufaso.net\/?p=16223#breadcrumb"},"inLanguage":"fr-FR","potentialAction":[{"@type":"ReadAction","target":["https:\/\/www.latribunedufaso.net\/?p=16223"]}]},{"@type":"ImageObject","inLanguage":"fr-FR","@id":"https:\/\/www.latribunedufaso.net\/?p=16223#primaryimage","url":"https:\/\/www.latribunedufaso.net\/wp-content\/uploads\/2024\/10\/IMG-20241008-WA0002.jpg","contentUrl":"https:\/\/www.latribunedufaso.net\/wp-content\/uploads\/2024\/10\/IMG-20241008-WA0002.jpg","width":1152,"height":864,"caption":"Lancement des activit\u00e9s de l'Union des ressortissants de la boucle du Mouhoun, 5 octobre 2024"},{"@type":"BreadcrumbList","@id":"https:\/\/www.latribunedufaso.net\/?p=16223#breadcrumb","itemListElement":[{"@type":"ListItem","position":1,"name":"Accueil","item":"https:\/\/www.latribunedufaso.net\/"},{"@type":"ListItem","position":2,"name":"Union des ressortissants de la boucle du Mouhoun : L&rsquo;association lance officiellement ses activit\u00e9s"}]},{"@type":"WebSite","@id":"https:\/\/www.latribunedufaso.net\/#website","url":"https:\/\/www.latribunedufaso.net\/","name":"La Tribune du Faso","description":"L&#039;information du monde rural en un clic","publisher":{"@id":"https:\/\/www.latribunedufaso.net\/#organization"},"potentialAction":[{"@type":"SearchAction","target":{"@type":"EntryPoint","urlTemplate":"https:\/\/www.latribunedufaso.net\/?s={search_term_string}"},"query-input":{"@type":"PropertyValueSpecification","valueRequired":true,"valueName":"search_term_string"}}],"inLanguage":"fr-FR"},{"@type":"Organization","@id":"https:\/\/www.latribunedufaso.net\/#organization","name":"La Tribune du Faso","url":"https:\/\/www.latribunedufaso.net\/","logo":{"@type":"ImageObject","inLanguage":"fr-FR","@id":"https:\/\/www.latribunedufaso.net\/#\/schema\/logo\/image\/","url":"https:\/\/www.latribunedufaso.net\/wp-content\/uploads\/2020\/08\/Logo-Tribune-du-Faso-final-scaled.jpg","contentUrl":"https:\/\/www.latribunedufaso.net\/wp-content\/uploads\/2020\/08\/Logo-Tribune-du-Faso-final-scaled.jpg","width":2560,"height":1856,"caption":"La Tribune du Faso"},"image":{"@id":"https:\/\/www.latribunedufaso.net\/#\/schema\/logo\/image\/"},"sameAs":["https:\/\/www.facebook.com\/LatribuneduFaso\/"]},{"@type":"Person","@id":"https:\/\/www.latribunedufaso.net\/#\/schema\/person\/e54e64c5778a7e72cf80a318b7a622b0","name":"Issouf Tapsoba","image":{"@type":"ImageObject","inLanguage":"fr-FR","@id":"https:\/\/secure.gravatar.com\/avatar\/5e6c05150ce3230247d167f5b94d678eb05936197436d69b7921e3a95c9107ac?s=96&d=mm&r=g","url":"https:\/\/secure.gravatar.com\/avatar\/5e6c05150ce3230247d167f5b94d678eb05936197436d69b7921e3a95c9107ac?s=96&d=mm&r=g","contentUrl":"https:\/\/secure.gravatar.com\/avatar\/5e6c05150ce3230247d167f5b94d678eb05936197436d69b7921e3a95c9107ac?s=96&d=mm&r=g","caption":"Issouf Tapsoba"},"url":"https:\/\/www.latribunedufaso.net\/?author=5"}]}},"_links":{"self":[{"href":"https:\/\/www.latribunedufaso.net\/index.php?rest_route=\/wp\/v2\/posts\/16223","targetHints":{"allow":["GET"]}}],"collection":[{"href":"https:\/\/www.latribunedufaso.net\/index.php?rest_route=\/wp\/v2\/posts"}],"about":[{"href":"https:\/\/www.latribunedufaso.net\/index.php?rest_route=\/wp\/v2\/types\/post"}],"author":[{"embeddable":true,"href":"https:\/\/www.latribunedufaso.net\/index.php?rest_route=\/wp\/v2\/users\/5"}],"replies":[{"embeddable":true,"href":"https:\/\/www.latribunedufaso.net\/index.php?rest_route=%2Fwp%2Fv2%2Fcomments&post=16223"}],"version-history":[{"count":1,"href":"https:\/\/www.latribunedufaso.net\/index.php?rest_route=\/wp\/v2\/posts\/16223\/revisions"}],"predecessor-version":[{"id":16227,"href":"https:\/\/www.latribunedufaso.net\/index.php?rest_route=\/wp\/v2\/posts\/16223\/revisions\/16227"}],"wp:featuredmedia":[{"embeddable":true,"href":"https:\/\/www.latribunedufaso.net\/index.php?rest_route=\/wp\/v2\/media\/16225"}],"wp:attachment":[{"href":"https:\/\/www.latribunedufaso.net\/index.php?rest_route=%2Fwp%2Fv2%2Fmedia&parent=16223"}],"wp:term":[{"taxonomy":"category","embeddable":true,"href":"https:\/\/www.latribunedufaso.net\/index.php?rest_route=%2Fwp%2Fv2%2Fcategories&post=16223"},{"taxonomy":"post_tag","embeddable":true,"href":"https:\/\/www.latribunedufaso.net\/index.php?rest_route=%2Fwp%2Fv2%2Ftags&post=16223"}],"curies":[{"name":"wp","href":"https:\/\/api.w.org\/{rel}","templated":true}]}}