{"id":16220,"date":"2024-10-09T16:50:01","date_gmt":"2024-10-09T16:50:01","guid":{"rendered":"https:\/\/www.latribunedufaso.net\/?p=16220"},"modified":"2024-10-10T15:33:33","modified_gmt":"2024-10-10T15:33:33","slug":"promotion-du-droit-des-femmes-la-represente-pays-de-awla-recu-par-le-ministre-en-charge-de-la-justice","status":"publish","type":"post","link":"https:\/\/www.latribunedufaso.net\/?p=16220","title":{"rendered":"Promotion du droit des femmes : La repr\u00e9sente pays de AWLA re\u00e7ue par le ministre en charge de la Justice\u00a0"},"content":{"rendered":"<p><strong style=\"font-size: 1.0625rem;\">Le ministre en charge de la Justice, Me Edasso Rodrigue Bayala a re\u00e7u en audience, ce mardi 8 octobre 2024 \u00e0 Ouagadougou, Fatimata Ouilma Sinar\u00e9, Repr\u00e9sentante pays de l\u2019Association african Women lawyers (AWLA).<\/strong><\/p>\n<p><!--more--><\/p>\n<p>Fatimata Sinar\u00e9 dit \u00eatre venue pr\u00e9senter l\u2019association et les activit\u00e9s \u00e0 venir, notamment une conf\u00e9rence internationale pr\u00e9vue du 18 au 22 novembre 2024. Cet \u00e9v\u00e9nement, selon elle, rassemblera des acteurs de divers horizons. Elle a sollicit\u00e9 le soutien du minist\u00e8re pour son organisation.<\/p>\n<blockquote>\n<p>Lire aussi &gt;&gt; <a href=\"https:\/\/www.latribunedufaso.net\/?p=12089\">Journ\u00e9e internationale des droits de la femme : le Chef de l\u2019Etat rend hommage aux femmes de la Brigade verte<\/a><\/p>\n<\/blockquote>\n<p>Me Edasso Rodrigue Bayala a salu\u00e9 cette initiative et a souhait\u00e9 plein succ\u00e8s \u00e0 son interlocutrice dans l\u2019organisation de la conf\u00e9rence.<\/p>\n<p>En rappel, l\u2019AWLA est une organisation non gouvernementale fond\u00e9e en 1997 \u00e0 Nairobi, et pr\u00e9sente dans une cinquantaine de pays. En 2024, le Burkina Faso a \u00e9t\u00e9 choisi pour accueillir la conf\u00e9rence annuelle de l\u2019AWLA.<\/p>\n<p><strong><span style=\"font-size: 1.0625rem;\">Latribuneduf<\/span><span style=\"font-size: 1.0625rem;\">aso.net\u00a0<\/span><\/strong><\/p>\n<p><strong>Source : DCRP\/MJDHRI\u00a0<\/strong><\/p>\n","protected":false},"excerpt":{"rendered":"<p>Le ministre en charge de la Justice, Me Edasso Rodrigue Bayala a re\u00e7u en audience, ce mardi 8 octobre 2024 \u00e0 Ouagadougou, Fatimata Ouilma Sinar\u00e9, Repr\u00e9sentante pays de l\u2019Association african Women lawyers (AWLA).<\/p>\n","protected":false},"author":5,"featured_media":16221,"comment_status":"open","ping_status":"open","sticky":false,"template":"","format":"standard","meta":{"footnotes":""},"categories":[13,1,8],"tags":[299,39,298],"class_list":["post-16220","post","type-post","status-publish","format-standard","has-post-thumbnail","hentry","category-une","category-actu","category-societe","tag-awla","tag-latribunedufaso-net","tag-promotion-du-droit-de-la-femme"],"yoast_head":"<!-- This site is optimized with the Yoast SEO plugin v27.4 - https:\/\/yoast.com\/product\/yoast-seo-wordpress\/ -->\n<title>Promotion du droit des femmes : La repr\u00e9sente pays de AWLA re\u00e7ue par le ministre en charge de la Justice\u00a0 - La Tribune du Faso<\/title>\n<meta name=\"robots\" content=\"index, follow, max-snippet:-1, max-image-preview:large, max-video-preview:-1\" \/>\n<link rel=\"canonical\" href=\"https:\/\/www.latribunedufaso.net\/?p=16220\" \/>\n<meta property=\"og:locale\" content=\"fr_FR\" \/>\n<meta property=\"og:type\" content=\"article\" \/>\n<meta property=\"og:title\" content=\"Promotion du droit des femmes : La repr\u00e9sente pays de AWLA re\u00e7ue par le ministre en charge de la Justice\u00a0 - La Tribune du Faso\" \/>\n<meta property=\"og:description\" content=\"Le ministre en charge de la Justice, Me Edasso Rodrigue Bayala a re\u00e7u en audience, ce mardi 8 octobre 2024 \u00e0 Ouagadougou, Fatimata Ouilma Sinar\u00e9, Repr\u00e9sentante pays de l\u2019Association african Women lawyers (AWLA).\" \/>\n<meta property=\"og:url\" content=\"https:\/\/www.latribunedufaso.net\/?p=16220\" \/>\n<meta property=\"og:site_name\" content=\"La Tribune du Faso\" \/>\n<meta property=\"article:publisher\" content=\"https:\/\/www.facebook.com\/LatribuneduFaso\/\" \/>\n<meta property=\"article:published_time\" content=\"2024-10-09T16:50:01+00:00\" \/>\n<meta property=\"article:modified_time\" content=\"2024-10-10T15:33:33+00:00\" \/>\n<meta property=\"og:image\" content=\"https:\/\/www.latribunedufaso.net\/wp-content\/uploads\/2024\/10\/FB_IMG_1728492077176_1.jpg\" \/>\n\t<meta property=\"og:image:width\" content=\"720\" \/>\n\t<meta property=\"og:image:height\" content=\"544\" \/>\n\t<meta property=\"og:image:type\" content=\"image\/jpeg\" \/>\n<meta name=\"author\" content=\"Issouf Tapsoba\" \/>\n<meta name=\"twitter:label1\" content=\"\u00c9crit par\" \/>\n\t<meta name=\"twitter:data1\" content=\"Issouf Tapsoba\" \/>\n\t<meta name=\"twitter:label2\" content=\"Dur\u00e9e de lecture estim\u00e9e\" \/>\n\t<meta name=\"twitter:data2\" content=\"1 minute\" \/>\n<script type=\"application\/ld+json\" class=\"yoast-schema-graph\">{\"@context\":\"https:\\\/\\\/schema.org\",\"@graph\":[{\"@type\":\"Article\",\"@id\":\"https:\\\/\\\/www.latribunedufaso.net\\\/?p=16220#article\",\"isPartOf\":{\"@id\":\"https:\\\/\\\/www.latribunedufaso.net\\\/?p=16220\"},\"author\":{\"name\":\"Issouf Tapsoba\",\"@id\":\"https:\\\/\\\/www.latribunedufaso.net\\\/#\\\/schema\\\/person\\\/e54e64c5778a7e72cf80a318b7a622b0\"},\"headline\":\"Promotion du droit des femmes : La repr\u00e9sente pays de AWLA re\u00e7ue par le ministre en charge de la Justice\u00a0\",\"datePublished\":\"2024-10-09T16:50:01+00:00\",\"dateModified\":\"2024-10-10T15:33:33+00:00\",\"mainEntityOfPage\":{\"@id\":\"https:\\\/\\\/www.latribunedufaso.net\\\/?p=16220\"},\"wordCount\":191,\"commentCount\":0,\"publisher\":{\"@id\":\"https:\\\/\\\/www.latribunedufaso.net\\\/#organization\"},\"image\":{\"@id\":\"https:\\\/\\\/www.latribunedufaso.net\\\/?p=16220#primaryimage\"},\"thumbnailUrl\":\"https:\\\/\\\/www.latribunedufaso.net\\\/wp-content\\\/uploads\\\/2024\\\/10\\\/FB_IMG_1728492077176_1.jpg\",\"keywords\":[\"AWLA\",\"latribunedufaso.net\",\"Promotion du droit de la femme\"],\"articleSection\":[\"A la une\",\"Actualit\u00e9\",\"Soci\u00e9t\u00e9\"],\"inLanguage\":\"fr-FR\",\"potentialAction\":[{\"@type\":\"CommentAction\",\"name\":\"Comment\",\"target\":[\"https:\\\/\\\/www.latribunedufaso.net\\\/?p=16220#respond\"]}]},{\"@type\":\"WebPage\",\"@id\":\"https:\\\/\\\/www.latribunedufaso.net\\\/?p=16220\",\"url\":\"https:\\\/\\\/www.latribunedufaso.net\\\/?p=16220\",\"name\":\"Promotion du droit des femmes : La repr\u00e9sente pays de AWLA re\u00e7ue par le ministre en charge de la Justice\u00a0 - La Tribune du Faso\",\"isPartOf\":{\"@id\":\"https:\\\/\\\/www.latribunedufaso.net\\\/#website\"},\"primaryImageOfPage\":{\"@id\":\"https:\\\/\\\/www.latribunedufaso.net\\\/?p=16220#primaryimage\"},\"image\":{\"@id\":\"https:\\\/\\\/www.latribunedufaso.net\\\/?p=16220#primaryimage\"},\"thumbnailUrl\":\"https:\\\/\\\/www.latribunedufaso.net\\\/wp-content\\\/uploads\\\/2024\\\/10\\\/FB_IMG_1728492077176_1.jpg\",\"datePublished\":\"2024-10-09T16:50:01+00:00\",\"dateModified\":\"2024-10-10T15:33:33+00:00\",\"breadcrumb\":{\"@id\":\"https:\\\/\\\/www.latribunedufaso.net\\\/?p=16220#breadcrumb\"},\"inLanguage\":\"fr-FR\",\"potentialAction\":[{\"@type\":\"ReadAction\",\"target\":[\"https:\\\/\\\/www.latribunedufaso.net\\\/?p=16220\"]}]},{\"@type\":\"ImageObject\",\"inLanguage\":\"fr-FR\",\"@id\":\"https:\\\/\\\/www.latribunedufaso.net\\\/?p=16220#primaryimage\",\"url\":\"https:\\\/\\\/www.latribunedufaso.net\\\/wp-content\\\/uploads\\\/2024\\\/10\\\/FB_IMG_1728492077176_1.jpg\",\"contentUrl\":\"https:\\\/\\\/www.latribunedufaso.net\\\/wp-content\\\/uploads\\\/2024\\\/10\\\/FB_IMG_1728492077176_1.jpg\",\"width\":720,\"height\":544,\"caption\":\"Audience de la repr\u00e9sentante pays de AWLA chez le ministre en charge de la Justice, 8 octobre 2024\"},{\"@type\":\"BreadcrumbList\",\"@id\":\"https:\\\/\\\/www.latribunedufaso.net\\\/?p=16220#breadcrumb\",\"itemListElement\":[{\"@type\":\"ListItem\",\"position\":1,\"name\":\"Accueil\",\"item\":\"https:\\\/\\\/www.latribunedufaso.net\\\/\"},{\"@type\":\"ListItem\",\"position\":2,\"name\":\"Promotion du droit des femmes : La repr\u00e9sente pays de AWLA re\u00e7ue par le ministre en charge de la Justice\u00a0\"}]},{\"@type\":\"WebSite\",\"@id\":\"https:\\\/\\\/www.latribunedufaso.net\\\/#website\",\"url\":\"https:\\\/\\\/www.latribunedufaso.net\\\/\",\"name\":\"La Tribune du Faso\",\"description\":\"L&#039;information du monde rural en un clic\",\"publisher\":{\"@id\":\"https:\\\/\\\/www.latribunedufaso.net\\\/#organization\"},\"potentialAction\":[{\"@type\":\"SearchAction\",\"target\":{\"@type\":\"EntryPoint\",\"urlTemplate\":\"https:\\\/\\\/www.latribunedufaso.net\\\/?s={search_term_string}\"},\"query-input\":{\"@type\":\"PropertyValueSpecification\",\"valueRequired\":true,\"valueName\":\"search_term_string\"}}],\"inLanguage\":\"fr-FR\"},{\"@type\":\"Organization\",\"@id\":\"https:\\\/\\\/www.latribunedufaso.net\\\/#organization\",\"name\":\"La Tribune du Faso\",\"url\":\"https:\\\/\\\/www.latribunedufaso.net\\\/\",\"logo\":{\"@type\":\"ImageObject\",\"inLanguage\":\"fr-FR\",\"@id\":\"https:\\\/\\\/www.latribunedufaso.net\\\/#\\\/schema\\\/logo\\\/image\\\/\",\"url\":\"https:\\\/\\\/www.latribunedufaso.net\\\/wp-content\\\/uploads\\\/2020\\\/08\\\/Logo-Tribune-du-Faso-final-scaled.jpg\",\"contentUrl\":\"https:\\\/\\\/www.latribunedufaso.net\\\/wp-content\\\/uploads\\\/2020\\\/08\\\/Logo-Tribune-du-Faso-final-scaled.jpg\",\"width\":2560,\"height\":1856,\"caption\":\"La Tribune du Faso\"},\"image\":{\"@id\":\"https:\\\/\\\/www.latribunedufaso.net\\\/#\\\/schema\\\/logo\\\/image\\\/\"},\"sameAs\":[\"https:\\\/\\\/www.facebook.com\\\/LatribuneduFaso\\\/\"]},{\"@type\":\"Person\",\"@id\":\"https:\\\/\\\/www.latribunedufaso.net\\\/#\\\/schema\\\/person\\\/e54e64c5778a7e72cf80a318b7a622b0\",\"name\":\"Issouf Tapsoba\",\"image\":{\"@type\":\"ImageObject\",\"inLanguage\":\"fr-FR\",\"@id\":\"https:\\\/\\\/secure.gravatar.com\\\/avatar\\\/5e6c05150ce3230247d167f5b94d678eb05936197436d69b7921e3a95c9107ac?s=96&d=mm&r=g\",\"url\":\"https:\\\/\\\/secure.gravatar.com\\\/avatar\\\/5e6c05150ce3230247d167f5b94d678eb05936197436d69b7921e3a95c9107ac?s=96&d=mm&r=g\",\"contentUrl\":\"https:\\\/\\\/secure.gravatar.com\\\/avatar\\\/5e6c05150ce3230247d167f5b94d678eb05936197436d69b7921e3a95c9107ac?s=96&d=mm&r=g\",\"caption\":\"Issouf Tapsoba\"},\"url\":\"https:\\\/\\\/www.latribunedufaso.net\\\/?author=5\"}]}<\/script>\n<!-- \/ Yoast SEO plugin. -->","yoast_head_json":{"title":"Promotion du droit des femmes : La repr\u00e9sente pays de AWLA re\u00e7ue par le ministre en charge de la Justice\u00a0 - La Tribune du Faso","robots":{"index":"index","follow":"follow","max-snippet":"max-snippet:-1","max-image-preview":"max-image-preview:large","max-video-preview":"max-video-preview:-1"},"canonical":"https:\/\/www.latribunedufaso.net\/?p=16220","og_locale":"fr_FR","og_type":"article","og_title":"Promotion du droit des femmes : La repr\u00e9sente pays de AWLA re\u00e7ue par le ministre en charge de la Justice\u00a0 - La Tribune du Faso","og_description":"Le ministre en charge de la Justice, Me Edasso Rodrigue Bayala a re\u00e7u en audience, ce mardi 8 octobre 2024 \u00e0 Ouagadougou, Fatimata Ouilma Sinar\u00e9, Repr\u00e9sentante pays de l\u2019Association african Women lawyers (AWLA).","og_url":"https:\/\/www.latribunedufaso.net\/?p=16220","og_site_name":"La Tribune du Faso","article_publisher":"https:\/\/www.facebook.com\/LatribuneduFaso\/","article_published_time":"2024-10-09T16:50:01+00:00","article_modified_time":"2024-10-10T15:33:33+00:00","og_image":[{"width":720,"height":544,"url":"https:\/\/www.latribunedufaso.net\/wp-content\/uploads\/2024\/10\/FB_IMG_1728492077176_1.jpg","type":"image\/jpeg"}],"author":"Issouf Tapsoba","twitter_misc":{"\u00c9crit par":"Issouf Tapsoba","Dur\u00e9e de lecture estim\u00e9e":"1 minute"},"schema":{"@context":"https:\/\/schema.org","@graph":[{"@type":"Article","@id":"https:\/\/www.latribunedufaso.net\/?p=16220#article","isPartOf":{"@id":"https:\/\/www.latribunedufaso.net\/?p=16220"},"author":{"name":"Issouf Tapsoba","@id":"https:\/\/www.latribunedufaso.net\/#\/schema\/person\/e54e64c5778a7e72cf80a318b7a622b0"},"headline":"Promotion du droit des femmes : La repr\u00e9sente pays de AWLA re\u00e7ue par le ministre en charge de la Justice\u00a0","datePublished":"2024-10-09T16:50:01+00:00","dateModified":"2024-10-10T15:33:33+00:00","mainEntityOfPage":{"@id":"https:\/\/www.latribunedufaso.net\/?p=16220"},"wordCount":191,"commentCount":0,"publisher":{"@id":"https:\/\/www.latribunedufaso.net\/#organization"},"image":{"@id":"https:\/\/www.latribunedufaso.net\/?p=16220#primaryimage"},"thumbnailUrl":"https:\/\/www.latribunedufaso.net\/wp-content\/uploads\/2024\/10\/FB_IMG_1728492077176_1.jpg","keywords":["AWLA","latribunedufaso.net","Promotion du droit de la femme"],"articleSection":["A la une","Actualit\u00e9","Soci\u00e9t\u00e9"],"inLanguage":"fr-FR","potentialAction":[{"@type":"CommentAction","name":"Comment","target":["https:\/\/www.latribunedufaso.net\/?p=16220#respond"]}]},{"@type":"WebPage","@id":"https:\/\/www.latribunedufaso.net\/?p=16220","url":"https:\/\/www.latribunedufaso.net\/?p=16220","name":"Promotion du droit des femmes : La repr\u00e9sente pays de AWLA re\u00e7ue par le ministre en charge de la Justice\u00a0 - La Tribune du Faso","isPartOf":{"@id":"https:\/\/www.latribunedufaso.net\/#website"},"primaryImageOfPage":{"@id":"https:\/\/www.latribunedufaso.net\/?p=16220#primaryimage"},"image":{"@id":"https:\/\/www.latribunedufaso.net\/?p=16220#primaryimage"},"thumbnailUrl":"https:\/\/www.latribunedufaso.net\/wp-content\/uploads\/2024\/10\/FB_IMG_1728492077176_1.jpg","datePublished":"2024-10-09T16:50:01+00:00","dateModified":"2024-10-10T15:33:33+00:00","breadcrumb":{"@id":"https:\/\/www.latribunedufaso.net\/?p=16220#breadcrumb"},"inLanguage":"fr-FR","potentialAction":[{"@type":"ReadAction","target":["https:\/\/www.latribunedufaso.net\/?p=16220"]}]},{"@type":"ImageObject","inLanguage":"fr-FR","@id":"https:\/\/www.latribunedufaso.net\/?p=16220#primaryimage","url":"https:\/\/www.latribunedufaso.net\/wp-content\/uploads\/2024\/10\/FB_IMG_1728492077176_1.jpg","contentUrl":"https:\/\/www.latribunedufaso.net\/wp-content\/uploads\/2024\/10\/FB_IMG_1728492077176_1.jpg","width":720,"height":544,"caption":"Audience de la repr\u00e9sentante pays de AWLA chez le ministre en charge de la Justice, 8 octobre 2024"},{"@type":"BreadcrumbList","@id":"https:\/\/www.latribunedufaso.net\/?p=16220#breadcrumb","itemListElement":[{"@type":"ListItem","position":1,"name":"Accueil","item":"https:\/\/www.latribunedufaso.net\/"},{"@type":"ListItem","position":2,"name":"Promotion du droit des femmes : La repr\u00e9sente pays de AWLA re\u00e7ue par le ministre en charge de la Justice\u00a0"}]},{"@type":"WebSite","@id":"https:\/\/www.latribunedufaso.net\/#website","url":"https:\/\/www.latribunedufaso.net\/","name":"La Tribune du Faso","description":"L&#039;information du monde rural en un clic","publisher":{"@id":"https:\/\/www.latribunedufaso.net\/#organization"},"potentialAction":[{"@type":"SearchAction","target":{"@type":"EntryPoint","urlTemplate":"https:\/\/www.latribunedufaso.net\/?s={search_term_string}"},"query-input":{"@type":"PropertyValueSpecification","valueRequired":true,"valueName":"search_term_string"}}],"inLanguage":"fr-FR"},{"@type":"Organization","@id":"https:\/\/www.latribunedufaso.net\/#organization","name":"La Tribune du Faso","url":"https:\/\/www.latribunedufaso.net\/","logo":{"@type":"ImageObject","inLanguage":"fr-FR","@id":"https:\/\/www.latribunedufaso.net\/#\/schema\/logo\/image\/","url":"https:\/\/www.latribunedufaso.net\/wp-content\/uploads\/2020\/08\/Logo-Tribune-du-Faso-final-scaled.jpg","contentUrl":"https:\/\/www.latribunedufaso.net\/wp-content\/uploads\/2020\/08\/Logo-Tribune-du-Faso-final-scaled.jpg","width":2560,"height":1856,"caption":"La Tribune du Faso"},"image":{"@id":"https:\/\/www.latribunedufaso.net\/#\/schema\/logo\/image\/"},"sameAs":["https:\/\/www.facebook.com\/LatribuneduFaso\/"]},{"@type":"Person","@id":"https:\/\/www.latribunedufaso.net\/#\/schema\/person\/e54e64c5778a7e72cf80a318b7a622b0","name":"Issouf Tapsoba","image":{"@type":"ImageObject","inLanguage":"fr-FR","@id":"https:\/\/secure.gravatar.com\/avatar\/5e6c05150ce3230247d167f5b94d678eb05936197436d69b7921e3a95c9107ac?s=96&d=mm&r=g","url":"https:\/\/secure.gravatar.com\/avatar\/5e6c05150ce3230247d167f5b94d678eb05936197436d69b7921e3a95c9107ac?s=96&d=mm&r=g","contentUrl":"https:\/\/secure.gravatar.com\/avatar\/5e6c05150ce3230247d167f5b94d678eb05936197436d69b7921e3a95c9107ac?s=96&d=mm&r=g","caption":"Issouf Tapsoba"},"url":"https:\/\/www.latribunedufaso.net\/?author=5"}]}},"_links":{"self":[{"href":"https:\/\/www.latribunedufaso.net\/index.php?rest_route=\/wp\/v2\/posts\/16220","targetHints":{"allow":["GET"]}}],"collection":[{"href":"https:\/\/www.latribunedufaso.net\/index.php?rest_route=\/wp\/v2\/posts"}],"about":[{"href":"https:\/\/www.latribunedufaso.net\/index.php?rest_route=\/wp\/v2\/types\/post"}],"author":[{"embeddable":true,"href":"https:\/\/www.latribunedufaso.net\/index.php?rest_route=\/wp\/v2\/users\/5"}],"replies":[{"embeddable":true,"href":"https:\/\/www.latribunedufaso.net\/index.php?rest_route=%2Fwp%2Fv2%2Fcomments&post=16220"}],"version-history":[{"count":2,"href":"https:\/\/www.latribunedufaso.net\/index.php?rest_route=\/wp\/v2\/posts\/16220\/revisions"}],"predecessor-version":[{"id":16242,"href":"https:\/\/www.latribunedufaso.net\/index.php?rest_route=\/wp\/v2\/posts\/16220\/revisions\/16242"}],"wp:featuredmedia":[{"embeddable":true,"href":"https:\/\/www.latribunedufaso.net\/index.php?rest_route=\/wp\/v2\/media\/16221"}],"wp:attachment":[{"href":"https:\/\/www.latribunedufaso.net\/index.php?rest_route=%2Fwp%2Fv2%2Fmedia&parent=16220"}],"wp:term":[{"taxonomy":"category","embeddable":true,"href":"https:\/\/www.latribunedufaso.net\/index.php?rest_route=%2Fwp%2Fv2%2Fcategories&post=16220"},{"taxonomy":"post_tag","embeddable":true,"href":"https:\/\/www.latribunedufaso.net\/index.php?rest_route=%2Fwp%2Fv2%2Ftags&post=16220"}],"curies":[{"name":"wp","href":"https:\/\/api.w.org\/{rel}","templated":true}]}}