{"id":16164,"date":"2024-10-08T08:19:09","date_gmt":"2024-10-08T08:19:09","guid":{"rendered":"https:\/\/www.latribunedufaso.net\/?p=16164"},"modified":"2024-10-08T09:50:45","modified_gmt":"2024-10-08T09:50:45","slug":"lutte-contre-le-terrorisme-suspecte-de-financement-de-terrorisme-sd-se-retrouve-a-la-barre","status":"publish","type":"post","link":"https:\/\/www.latribunedufaso.net\/?p=16164","title":{"rendered":"Lutte contre le terrorisme : Suspect\u00e9 de financement de terrorisme, SD se retrouve \u00e0 la barre"},"content":{"rendered":"<p><strong style=\"font-size: 1.0625rem;\">La chambre correctionnelle sp\u00e9cialis\u00e9e dans la r\u00e9pression des actes de terrorisme a relax\u00e9 ce 17 septembre 2024, SD un commer\u00e7ant au b\u00e9n\u00e9fice du doute. Il \u00e9tait accus\u00e9 d\u2019avoir fourni des vivres et du carburant \u00e0 des groupes terroristes.<\/strong><\/p>\n<p><!--more--><\/p>\n<p>Le commer\u00e7ant SD, connu dans sa localit\u00e9 pour vendre des vivres et du carburant, a \u00e9t\u00e9 d\u00e9nonc\u00e9 par un t\u00e9moin qui a affirm\u00e9 l\u2019avoir vu fournir ces produits \u00e0 des individus affili\u00e9s \u00e0 des groupes terroristes. Sa boutique, aurait m\u00eame \u00e9t\u00e9 fr\u00e9quent\u00e9e par des membres de ces groupes arm\u00e9s, selon les t\u00e9moignages recueillis par les autorit\u00e9s.<\/p>\n<p>Ainsi, toujours selon les t\u00e9moignages, SD serait en contact avec son fr\u00e8re qui est membre d\u2019un groupe terroriste. A la barre, celui-ci a d\u00e9clar\u00e9 que c\u2019est \u00e9tant en prison qu\u2019il a appris qu&rsquo;un de ses fr\u00e8res a particip\u00e9 \u00e0 une attaque de son village. Et a affirm\u00e9 que consciemment il n\u2019a pas vendu ni livrer des vivres \u00e0 un seul terroriste.\u00a0<\/p>\n<p>Le procureur, se fondant sur l\u2019article 361-2, 361-1, 361-23 du Code p\u00e9nal revisit\u00e9, a rappel\u00e9 les nombreuses preuves accumul\u00e9es au cours de l\u2019instruction. Parmi celles-ci, il y a les d\u00e9clarations d\u2019une personne qui a sa boutique non loin de celle de SD et qui a pr\u00e9f\u00e9r\u00e9 rester dans l\u2019anonymat.<\/p>\n<blockquote>\n<p>Lire aussi &gt;&gt; <a href=\"https:\/\/www.latribunedufaso.net\/?p=16161\">21 ans de r\u00e9clusion pour deux hommes impliqu\u00e9s dans la vente de b\u00e9tail au profit de groupes terroristes<\/a><\/p>\n<\/blockquote>\n<p>Selon cette derni\u00e8re, il aurait aper\u00e7u des individus, 8 au moins, une nuit en train de se ravitailler en carburant avant de repartir dans la brousse. Le procureur a \u00e9galement mis en avant le fait qu\u2019il re\u00e7oive du carburant des contrebandiers op\u00e9rant \u00e0 Cinkans\u00e9.<\/p>\n<p>Dans ses r\u00e9quisitions, le procureur a affirm\u00e9 que les faits \u00e9taient suffisamment clairs pour aboutir \u00e0 une condamnation, soulignant le danger que repr\u00e9sente le financement du terrorisme, m\u00eame sous forme de simples transactions commerciales. Il a r\u00e9quisitionn\u00e9 une peine de 10 ans, assortie de 8 ans de s\u00fbret\u00e9 et d\u2019une amende ferme de 2 millions de francs CFA.<\/p>\n<p>L\u2019avocat de SD, a plaid\u00e9 en faveur de son client, invoquant la pr\u00e9somption d\u2019innocence et demandant aux juges de relaxer SD au b\u00e9n\u00e9fice du doute. Selon lui, l\u2019accus\u00e9 n\u2019aurait pas obtemp\u00e9r\u00e9 lors de son arrestation par les forces de la police judiciaire car celles-ci sont arriv\u00e9es vers 3h du matin, et il les aurait prises pour des bandits. <em><strong>\u00ab Si r\u00e9ellement il ravitaillait les terroristes, il n\u2019aurait pas r\u00e9sist\u00e9 et eu peur quand la police est venue le chercher \u00e0 3h du matin \u00bb<\/strong><\/em>, s\u2019est question le conseil de SD.<\/p>\n<p>L\u2019avocat a \u00e9galement d\u00e9nonc\u00e9 la fragilit\u00e9 des t\u00e9moignages et des preuves pr\u00e9sent\u00e9es, affirmant que <em><strong>\u00ab rien ne prouve l\u2019int\u00e9grit\u00e9 des propos recueillis \u00bb.<\/strong><\/em> Il a demand\u00e9 que les d\u00e9clarations soient prises avec pr\u00e9caution, rappelant que <em><strong>\u00ab m\u00eame si le Code p\u00e9nal permet une condamnation sur la base d\u2019indices, le respect de la pr\u00e9somption d\u2019innocence reste fondamental. \u00bb<\/strong><\/em><\/p>\n<p>En d\u00e9finitive, le tribunal a renvoy\u00e9 SB des fins de financement de terrorisme et a mis les d\u00e9pens \u00e0 la charge du tr\u00e9sor public.\u00a0<\/p>\n<p><strong>Nabintou OUATTARA<\/strong><\/p>\n<p><strong><span style=\"font-size: 1.0625rem;\">Latribuned<\/span><span style=\"font-size: 1.0625rem;\">ufaso.net<\/span><\/strong><\/p>\n","protected":false},"excerpt":{"rendered":"<p>La chambre correctionnelle sp\u00e9cialis\u00e9e dans la r\u00e9pression des actes de terrorisme a relax\u00e9 ce 17 septembre 2024, SD un commer\u00e7ant au b\u00e9n\u00e9fice du doute. Il \u00e9tait accus\u00e9 d\u2019avoir fourni des vivres et du carburant \u00e0 des groupes terroristes.<\/p>\n","protected":false},"author":5,"featured_media":16165,"comment_status":"open","ping_status":"open","sticky":false,"template":"","format":"standard","meta":{"footnotes":""},"categories":[13,1,8],"tags":[227,39,138],"class_list":["post-16164","post","type-post","status-publish","format-standard","has-post-thumbnail","hentry","category-une","category-actu","category-societe","tag-financement-du-terrorisme","tag-latribunedufaso-net","tag-lutte-contre-le-terrorisme"],"yoast_head":"<!-- This site is optimized with the Yoast SEO plugin v27.5 - https:\/\/yoast.com\/product\/yoast-seo-wordpress\/ -->\n<title>Lutte contre le terrorisme : Suspect\u00e9 de financement de terrorisme, SD se retrouve \u00e0 la barre - La Tribune du Faso<\/title>\n<meta name=\"robots\" content=\"index, follow, max-snippet:-1, max-image-preview:large, max-video-preview:-1\" \/>\n<link rel=\"canonical\" href=\"https:\/\/www.latribunedufaso.net\/?p=16164\" \/>\n<meta property=\"og:locale\" content=\"fr_FR\" \/>\n<meta property=\"og:type\" content=\"article\" \/>\n<meta property=\"og:title\" content=\"Lutte contre le terrorisme : Suspect\u00e9 de financement de terrorisme, SD se retrouve \u00e0 la barre - La Tribune du Faso\" \/>\n<meta property=\"og:description\" content=\"La chambre correctionnelle sp\u00e9cialis\u00e9e dans la r\u00e9pression des actes de terrorisme a relax\u00e9 ce 17 septembre 2024, SD un commer\u00e7ant au b\u00e9n\u00e9fice du doute. Il \u00e9tait accus\u00e9 d\u2019avoir fourni des vivres et du carburant \u00e0 des groupes terroristes.\" \/>\n<meta property=\"og:url\" content=\"https:\/\/www.latribunedufaso.net\/?p=16164\" \/>\n<meta property=\"og:site_name\" content=\"La Tribune du Faso\" \/>\n<meta property=\"article:publisher\" content=\"https:\/\/www.facebook.com\/LatribuneduFaso\/\" \/>\n<meta property=\"article:published_time\" content=\"2024-10-08T08:19:09+00:00\" \/>\n<meta property=\"article:modified_time\" content=\"2024-10-08T09:50:45+00:00\" \/>\n<meta property=\"og:image\" content=\"https:\/\/www.latribunedufaso.net\/wp-content\/uploads\/2024\/10\/B9727735275Z.1_20210718171419_000GVJII95G4.1-0.jpg\" \/>\n\t<meta property=\"og:image:width\" content=\"1349\" \/>\n\t<meta property=\"og:image:height\" content=\"759\" \/>\n\t<meta property=\"og:image:type\" content=\"image\/jpeg\" \/>\n<meta name=\"author\" content=\"Issouf Tapsoba\" \/>\n<meta name=\"twitter:label1\" content=\"\u00c9crit par\" \/>\n\t<meta name=\"twitter:data1\" content=\"Issouf Tapsoba\" \/>\n\t<meta name=\"twitter:label2\" content=\"Dur\u00e9e de lecture estim\u00e9e\" \/>\n\t<meta name=\"twitter:data2\" content=\"3 minutes\" \/>\n<script type=\"application\/ld+json\" class=\"yoast-schema-graph\">{\"@context\":\"https:\\\/\\\/schema.org\",\"@graph\":[{\"@type\":\"Article\",\"@id\":\"https:\\\/\\\/www.latribunedufaso.net\\\/?p=16164#article\",\"isPartOf\":{\"@id\":\"https:\\\/\\\/www.latribunedufaso.net\\\/?p=16164\"},\"author\":{\"name\":\"Issouf Tapsoba\",\"@id\":\"https:\\\/\\\/www.latribunedufaso.net\\\/#\\\/schema\\\/person\\\/e54e64c5778a7e72cf80a318b7a622b0\"},\"headline\":\"Lutte contre le terrorisme : Suspect\u00e9 de financement de terrorisme, SD se retrouve \u00e0 la barre\",\"datePublished\":\"2024-10-08T08:19:09+00:00\",\"dateModified\":\"2024-10-08T09:50:45+00:00\",\"mainEntityOfPage\":{\"@id\":\"https:\\\/\\\/www.latribunedufaso.net\\\/?p=16164\"},\"wordCount\":576,\"commentCount\":0,\"publisher\":{\"@id\":\"https:\\\/\\\/www.latribunedufaso.net\\\/#organization\"},\"image\":{\"@id\":\"https:\\\/\\\/www.latribunedufaso.net\\\/?p=16164#primaryimage\"},\"thumbnailUrl\":\"https:\\\/\\\/www.latribunedufaso.net\\\/wp-content\\\/uploads\\\/2024\\\/10\\\/B9727735275Z.1_20210718171419_000GVJII95G4.1-0.jpg\",\"keywords\":[\"financement du terrorisme\",\"latribunedufaso.net\",\"lutte contre le terrorisme\"],\"articleSection\":[\"A la une\",\"Actualit\u00e9\",\"Soci\u00e9t\u00e9\"],\"inLanguage\":\"fr-FR\",\"potentialAction\":[{\"@type\":\"CommentAction\",\"name\":\"Comment\",\"target\":[\"https:\\\/\\\/www.latribunedufaso.net\\\/?p=16164#respond\"]}]},{\"@type\":\"WebPage\",\"@id\":\"https:\\\/\\\/www.latribunedufaso.net\\\/?p=16164\",\"url\":\"https:\\\/\\\/www.latribunedufaso.net\\\/?p=16164\",\"name\":\"Lutte contre le terrorisme : Suspect\u00e9 de financement de terrorisme, SD se retrouve \u00e0 la barre - La Tribune du Faso\",\"isPartOf\":{\"@id\":\"https:\\\/\\\/www.latribunedufaso.net\\\/#website\"},\"primaryImageOfPage\":{\"@id\":\"https:\\\/\\\/www.latribunedufaso.net\\\/?p=16164#primaryimage\"},\"image\":{\"@id\":\"https:\\\/\\\/www.latribunedufaso.net\\\/?p=16164#primaryimage\"},\"thumbnailUrl\":\"https:\\\/\\\/www.latribunedufaso.net\\\/wp-content\\\/uploads\\\/2024\\\/10\\\/B9727735275Z.1_20210718171419_000GVJII95G4.1-0.jpg\",\"datePublished\":\"2024-10-08T08:19:09+00:00\",\"dateModified\":\"2024-10-08T09:50:45+00:00\",\"breadcrumb\":{\"@id\":\"https:\\\/\\\/www.latribunedufaso.net\\\/?p=16164#breadcrumb\"},\"inLanguage\":\"fr-FR\",\"potentialAction\":[{\"@type\":\"ReadAction\",\"target\":[\"https:\\\/\\\/www.latribunedufaso.net\\\/?p=16164\"]}]},{\"@type\":\"ImageObject\",\"inLanguage\":\"fr-FR\",\"@id\":\"https:\\\/\\\/www.latribunedufaso.net\\\/?p=16164#primaryimage\",\"url\":\"https:\\\/\\\/www.latribunedufaso.net\\\/wp-content\\\/uploads\\\/2024\\\/10\\\/B9727735275Z.1_20210718171419_000GVJII95G4.1-0.jpg\",\"contentUrl\":\"https:\\\/\\\/www.latribunedufaso.net\\\/wp-content\\\/uploads\\\/2024\\\/10\\\/B9727735275Z.1_20210718171419_000GVJII95G4.1-0.jpg\",\"width\":1349,\"height\":759,\"caption\":\"Photo d'illustration, proc\u00e8s terroristes\"},{\"@type\":\"BreadcrumbList\",\"@id\":\"https:\\\/\\\/www.latribunedufaso.net\\\/?p=16164#breadcrumb\",\"itemListElement\":[{\"@type\":\"ListItem\",\"position\":1,\"name\":\"Accueil\",\"item\":\"https:\\\/\\\/www.latribunedufaso.net\\\/\"},{\"@type\":\"ListItem\",\"position\":2,\"name\":\"Lutte contre le terrorisme : Suspect\u00e9 de financement de terrorisme, SD se retrouve \u00e0 la barre\"}]},{\"@type\":\"WebSite\",\"@id\":\"https:\\\/\\\/www.latribunedufaso.net\\\/#website\",\"url\":\"https:\\\/\\\/www.latribunedufaso.net\\\/\",\"name\":\"La Tribune du Faso\",\"description\":\"L&#039;information du monde rural en un clic\",\"publisher\":{\"@id\":\"https:\\\/\\\/www.latribunedufaso.net\\\/#organization\"},\"potentialAction\":[{\"@type\":\"SearchAction\",\"target\":{\"@type\":\"EntryPoint\",\"urlTemplate\":\"https:\\\/\\\/www.latribunedufaso.net\\\/?s={search_term_string}\"},\"query-input\":{\"@type\":\"PropertyValueSpecification\",\"valueRequired\":true,\"valueName\":\"search_term_string\"}}],\"inLanguage\":\"fr-FR\"},{\"@type\":\"Organization\",\"@id\":\"https:\\\/\\\/www.latribunedufaso.net\\\/#organization\",\"name\":\"La Tribune du Faso\",\"url\":\"https:\\\/\\\/www.latribunedufaso.net\\\/\",\"logo\":{\"@type\":\"ImageObject\",\"inLanguage\":\"fr-FR\",\"@id\":\"https:\\\/\\\/www.latribunedufaso.net\\\/#\\\/schema\\\/logo\\\/image\\\/\",\"url\":\"https:\\\/\\\/www.latribunedufaso.net\\\/wp-content\\\/uploads\\\/2020\\\/08\\\/Logo-Tribune-du-Faso-final-scaled.jpg\",\"contentUrl\":\"https:\\\/\\\/www.latribunedufaso.net\\\/wp-content\\\/uploads\\\/2020\\\/08\\\/Logo-Tribune-du-Faso-final-scaled.jpg\",\"width\":2560,\"height\":1856,\"caption\":\"La Tribune du Faso\"},\"image\":{\"@id\":\"https:\\\/\\\/www.latribunedufaso.net\\\/#\\\/schema\\\/logo\\\/image\\\/\"},\"sameAs\":[\"https:\\\/\\\/www.facebook.com\\\/LatribuneduFaso\\\/\"]},{\"@type\":\"Person\",\"@id\":\"https:\\\/\\\/www.latribunedufaso.net\\\/#\\\/schema\\\/person\\\/e54e64c5778a7e72cf80a318b7a622b0\",\"name\":\"Issouf Tapsoba\",\"image\":{\"@type\":\"ImageObject\",\"inLanguage\":\"fr-FR\",\"@id\":\"https:\\\/\\\/secure.gravatar.com\\\/avatar\\\/5e6c05150ce3230247d167f5b94d678eb05936197436d69b7921e3a95c9107ac?s=96&d=mm&r=g\",\"url\":\"https:\\\/\\\/secure.gravatar.com\\\/avatar\\\/5e6c05150ce3230247d167f5b94d678eb05936197436d69b7921e3a95c9107ac?s=96&d=mm&r=g\",\"contentUrl\":\"https:\\\/\\\/secure.gravatar.com\\\/avatar\\\/5e6c05150ce3230247d167f5b94d678eb05936197436d69b7921e3a95c9107ac?s=96&d=mm&r=g\",\"caption\":\"Issouf Tapsoba\"},\"url\":\"https:\\\/\\\/www.latribunedufaso.net\\\/?author=5\"}]}<\/script>\n<!-- \/ Yoast SEO plugin. -->","yoast_head_json":{"title":"Lutte contre le terrorisme : Suspect\u00e9 de financement de terrorisme, SD se retrouve \u00e0 la barre - La Tribune du Faso","robots":{"index":"index","follow":"follow","max-snippet":"max-snippet:-1","max-image-preview":"max-image-preview:large","max-video-preview":"max-video-preview:-1"},"canonical":"https:\/\/www.latribunedufaso.net\/?p=16164","og_locale":"fr_FR","og_type":"article","og_title":"Lutte contre le terrorisme : Suspect\u00e9 de financement de terrorisme, SD se retrouve \u00e0 la barre - La Tribune du Faso","og_description":"La chambre correctionnelle sp\u00e9cialis\u00e9e dans la r\u00e9pression des actes de terrorisme a relax\u00e9 ce 17 septembre 2024, SD un commer\u00e7ant au b\u00e9n\u00e9fice du doute. Il \u00e9tait accus\u00e9 d\u2019avoir fourni des vivres et du carburant \u00e0 des groupes terroristes.","og_url":"https:\/\/www.latribunedufaso.net\/?p=16164","og_site_name":"La Tribune du Faso","article_publisher":"https:\/\/www.facebook.com\/LatribuneduFaso\/","article_published_time":"2024-10-08T08:19:09+00:00","article_modified_time":"2024-10-08T09:50:45+00:00","og_image":[{"width":1349,"height":759,"url":"https:\/\/www.latribunedufaso.net\/wp-content\/uploads\/2024\/10\/B9727735275Z.1_20210718171419_000GVJII95G4.1-0.jpg","type":"image\/jpeg"}],"author":"Issouf Tapsoba","twitter_misc":{"\u00c9crit par":"Issouf Tapsoba","Dur\u00e9e de lecture estim\u00e9e":"3 minutes"},"schema":{"@context":"https:\/\/schema.org","@graph":[{"@type":"Article","@id":"https:\/\/www.latribunedufaso.net\/?p=16164#article","isPartOf":{"@id":"https:\/\/www.latribunedufaso.net\/?p=16164"},"author":{"name":"Issouf Tapsoba","@id":"https:\/\/www.latribunedufaso.net\/#\/schema\/person\/e54e64c5778a7e72cf80a318b7a622b0"},"headline":"Lutte contre le terrorisme : Suspect\u00e9 de financement de terrorisme, SD se retrouve \u00e0 la barre","datePublished":"2024-10-08T08:19:09+00:00","dateModified":"2024-10-08T09:50:45+00:00","mainEntityOfPage":{"@id":"https:\/\/www.latribunedufaso.net\/?p=16164"},"wordCount":576,"commentCount":0,"publisher":{"@id":"https:\/\/www.latribunedufaso.net\/#organization"},"image":{"@id":"https:\/\/www.latribunedufaso.net\/?p=16164#primaryimage"},"thumbnailUrl":"https:\/\/www.latribunedufaso.net\/wp-content\/uploads\/2024\/10\/B9727735275Z.1_20210718171419_000GVJII95G4.1-0.jpg","keywords":["financement du terrorisme","latribunedufaso.net","lutte contre le terrorisme"],"articleSection":["A la une","Actualit\u00e9","Soci\u00e9t\u00e9"],"inLanguage":"fr-FR","potentialAction":[{"@type":"CommentAction","name":"Comment","target":["https:\/\/www.latribunedufaso.net\/?p=16164#respond"]}]},{"@type":"WebPage","@id":"https:\/\/www.latribunedufaso.net\/?p=16164","url":"https:\/\/www.latribunedufaso.net\/?p=16164","name":"Lutte contre le terrorisme : Suspect\u00e9 de financement de terrorisme, SD se retrouve \u00e0 la barre - La Tribune du Faso","isPartOf":{"@id":"https:\/\/www.latribunedufaso.net\/#website"},"primaryImageOfPage":{"@id":"https:\/\/www.latribunedufaso.net\/?p=16164#primaryimage"},"image":{"@id":"https:\/\/www.latribunedufaso.net\/?p=16164#primaryimage"},"thumbnailUrl":"https:\/\/www.latribunedufaso.net\/wp-content\/uploads\/2024\/10\/B9727735275Z.1_20210718171419_000GVJII95G4.1-0.jpg","datePublished":"2024-10-08T08:19:09+00:00","dateModified":"2024-10-08T09:50:45+00:00","breadcrumb":{"@id":"https:\/\/www.latribunedufaso.net\/?p=16164#breadcrumb"},"inLanguage":"fr-FR","potentialAction":[{"@type":"ReadAction","target":["https:\/\/www.latribunedufaso.net\/?p=16164"]}]},{"@type":"ImageObject","inLanguage":"fr-FR","@id":"https:\/\/www.latribunedufaso.net\/?p=16164#primaryimage","url":"https:\/\/www.latribunedufaso.net\/wp-content\/uploads\/2024\/10\/B9727735275Z.1_20210718171419_000GVJII95G4.1-0.jpg","contentUrl":"https:\/\/www.latribunedufaso.net\/wp-content\/uploads\/2024\/10\/B9727735275Z.1_20210718171419_000GVJII95G4.1-0.jpg","width":1349,"height":759,"caption":"Photo d'illustration, proc\u00e8s terroristes"},{"@type":"BreadcrumbList","@id":"https:\/\/www.latribunedufaso.net\/?p=16164#breadcrumb","itemListElement":[{"@type":"ListItem","position":1,"name":"Accueil","item":"https:\/\/www.latribunedufaso.net\/"},{"@type":"ListItem","position":2,"name":"Lutte contre le terrorisme : Suspect\u00e9 de financement de terrorisme, SD se retrouve \u00e0 la barre"}]},{"@type":"WebSite","@id":"https:\/\/www.latribunedufaso.net\/#website","url":"https:\/\/www.latribunedufaso.net\/","name":"La Tribune du Faso","description":"L&#039;information du monde rural en un clic","publisher":{"@id":"https:\/\/www.latribunedufaso.net\/#organization"},"potentialAction":[{"@type":"SearchAction","target":{"@type":"EntryPoint","urlTemplate":"https:\/\/www.latribunedufaso.net\/?s={search_term_string}"},"query-input":{"@type":"PropertyValueSpecification","valueRequired":true,"valueName":"search_term_string"}}],"inLanguage":"fr-FR"},{"@type":"Organization","@id":"https:\/\/www.latribunedufaso.net\/#organization","name":"La Tribune du Faso","url":"https:\/\/www.latribunedufaso.net\/","logo":{"@type":"ImageObject","inLanguage":"fr-FR","@id":"https:\/\/www.latribunedufaso.net\/#\/schema\/logo\/image\/","url":"https:\/\/www.latribunedufaso.net\/wp-content\/uploads\/2020\/08\/Logo-Tribune-du-Faso-final-scaled.jpg","contentUrl":"https:\/\/www.latribunedufaso.net\/wp-content\/uploads\/2020\/08\/Logo-Tribune-du-Faso-final-scaled.jpg","width":2560,"height":1856,"caption":"La Tribune du Faso"},"image":{"@id":"https:\/\/www.latribunedufaso.net\/#\/schema\/logo\/image\/"},"sameAs":["https:\/\/www.facebook.com\/LatribuneduFaso\/"]},{"@type":"Person","@id":"https:\/\/www.latribunedufaso.net\/#\/schema\/person\/e54e64c5778a7e72cf80a318b7a622b0","name":"Issouf Tapsoba","image":{"@type":"ImageObject","inLanguage":"fr-FR","@id":"https:\/\/secure.gravatar.com\/avatar\/5e6c05150ce3230247d167f5b94d678eb05936197436d69b7921e3a95c9107ac?s=96&d=mm&r=g","url":"https:\/\/secure.gravatar.com\/avatar\/5e6c05150ce3230247d167f5b94d678eb05936197436d69b7921e3a95c9107ac?s=96&d=mm&r=g","contentUrl":"https:\/\/secure.gravatar.com\/avatar\/5e6c05150ce3230247d167f5b94d678eb05936197436d69b7921e3a95c9107ac?s=96&d=mm&r=g","caption":"Issouf Tapsoba"},"url":"https:\/\/www.latribunedufaso.net\/?author=5"}]}},"_links":{"self":[{"href":"https:\/\/www.latribunedufaso.net\/index.php?rest_route=\/wp\/v2\/posts\/16164","targetHints":{"allow":["GET"]}}],"collection":[{"href":"https:\/\/www.latribunedufaso.net\/index.php?rest_route=\/wp\/v2\/posts"}],"about":[{"href":"https:\/\/www.latribunedufaso.net\/index.php?rest_route=\/wp\/v2\/types\/post"}],"author":[{"embeddable":true,"href":"https:\/\/www.latribunedufaso.net\/index.php?rest_route=\/wp\/v2\/users\/5"}],"replies":[{"embeddable":true,"href":"https:\/\/www.latribunedufaso.net\/index.php?rest_route=%2Fwp%2Fv2%2Fcomments&post=16164"}],"version-history":[{"count":1,"href":"https:\/\/www.latribunedufaso.net\/index.php?rest_route=\/wp\/v2\/posts\/16164\/revisions"}],"predecessor-version":[{"id":16166,"href":"https:\/\/www.latribunedufaso.net\/index.php?rest_route=\/wp\/v2\/posts\/16164\/revisions\/16166"}],"wp:featuredmedia":[{"embeddable":true,"href":"https:\/\/www.latribunedufaso.net\/index.php?rest_route=\/wp\/v2\/media\/16165"}],"wp:attachment":[{"href":"https:\/\/www.latribunedufaso.net\/index.php?rest_route=%2Fwp%2Fv2%2Fmedia&parent=16164"}],"wp:term":[{"taxonomy":"category","embeddable":true,"href":"https:\/\/www.latribunedufaso.net\/index.php?rest_route=%2Fwp%2Fv2%2Fcategories&post=16164"},{"taxonomy":"post_tag","embeddable":true,"href":"https:\/\/www.latribunedufaso.net\/index.php?rest_route=%2Fwp%2Fv2%2Ftags&post=16164"}],"curies":[{"name":"wp","href":"https:\/\/api.w.org\/{rel}","templated":true}]}}