{"id":16132,"date":"2024-10-04T17:28:00","date_gmt":"2024-10-04T17:28:00","guid":{"rendered":"https:\/\/www.latribunedufaso.net\/?p=16132"},"modified":"2024-10-05T02:11:02","modified_gmt":"2024-10-05T02:11:02","slug":"journees-nationales-dengagement-patriotique-des-conferences-sur-le-civisme-et-la-citoyennete-au-profit-de-30-etablissements","status":"publish","type":"post","link":"https:\/\/www.latribunedufaso.net\/?p=16132","title":{"rendered":"Journ\u00e9es nationales d\u2019engagement patriotique : Des conf\u00e9rences sur le civisme et la citoyennet\u00e9 au profit de 30 \u00e9tablissements\u00a0"},"content":{"rendered":"<p><strong><span style=\"font-size: 1.0625rem;\">Le minist\u00e8re en charge de la Justice organisera des conf\u00e9rences sur le civisme et la participation citoyenne en milieu scolaire au profit de 30 \u00e9t<\/span><span style=\"font-size: 1.0625rem;\">ablissements du Burkina Faso dont 06 dans la r\u00e9gion du Centre. Le lancement de cette initiative a eu lieu ce 04 octobre 2024 \u00e0 Ouagadougou.<\/span><\/strong><!--more--><\/p>\n<p>Elle se tient dans le cadre de la 2\u00e8me \u00e9dition des <a href=\"https:\/\/www.latribunedufaso.net\/?p=16055\">journ\u00e9es nationales d\u2019engagement patriotique et de participation citoyenne<\/a> (JEPPC). Au total 30 \u00e9tablissements r\u00e9partis sur l\u2019ensemble du territoire national, dont 06 dans la r\u00e9gion du centre accueilleront ces conf\u00e9rences. La c\u00e9r\u00e9monie de lancement s&rsquo;est tenue ce 04 octobre 2024 au sein de l\u2019Ecole nationale des r\u00e9gies financi\u00e8res (ENAREF) \u00e0 Ouagadougou.<\/p>\n<figure id=\"attachment_16134\" aria-describedby=\"caption-attachment-16134\" style=\"width: 2560px\" class=\"wp-caption aligncenter\"><a href=\"https:\/\/www.latribunedufaso.net\/wp-content\/uploads\/2024\/10\/IMG-20241005-WA0013.jpg\"><img loading=\"lazy\" decoding=\"async\" class=\"size-full wp-image-16134\" src=\"https:\/\/www.latribunedufaso.net\/wp-content\/uploads\/2024\/10\/IMG-20241005-WA0013.jpg\" alt=\"Lancement de l'organisation des conf\u00e9rences sur le civisme et la participation citoyenne en milieu scolaire au profit de 30 \u00e9tablissements du Burkina Faso, 4 octobre 2024\" width=\"2560\" height=\"2005\" srcset=\"https:\/\/www.latribunedufaso.net\/wp-content\/uploads\/2024\/10\/IMG-20241005-WA0013.jpg 2560w, https:\/\/www.latribunedufaso.net\/wp-content\/uploads\/2024\/10\/IMG-20241005-WA0013-300x235.jpg 300w, https:\/\/www.latribunedufaso.net\/wp-content\/uploads\/2024\/10\/IMG-20241005-WA0013-1024x802.jpg 1024w, https:\/\/www.latribunedufaso.net\/wp-content\/uploads\/2024\/10\/IMG-20241005-WA0013-768x602.jpg 768w, https:\/\/www.latribunedufaso.net\/wp-content\/uploads\/2024\/10\/IMG-20241005-WA0013-1536x1203.jpg 1536w, https:\/\/www.latribunedufaso.net\/wp-content\/uploads\/2024\/10\/IMG-20241005-WA0013-2048x1604.jpg 2048w\" sizes=\"auto, (max-width: 2560px) 100vw, 2560px\" \/><\/a><figcaption id=\"caption-attachment-16134\" class=\"wp-caption-text\">Le SG du minist\u00e8re en charge de la Justice, Harouna Kadio, repr\u00e9sentant le ministre &#8211; Ph. A. Kiendrebeogo<\/figcaption><\/figure>\n<p>L&rsquo;initiative est plac\u00e9e <span style=\"font-size: 1.0625rem;\">sous la pr\u00e9sidence du ministre en charge de la Justice, Rodrigue Bayala, repr\u00e9sent\u00e9 par son Secr\u00e9taire g\u00e9n\u00e9ral, Harouna Kadi et le parrainage du ministre de la Fonction Publique, Bassolma Bazi\u00e9. <\/span><span style=\"font-size: 1.0625rem;\">Ces conf\u00e9rences sont destin\u00e9es aux \u00e9l\u00e8ves, \u00e9tudiants et stagiaires des \u00e9coles et centres de formation professionnelle au Burkina Faso.<\/span><\/p>\n<p>L\u2019objectif de ces conf\u00e9rences, selon le repr\u00e9sentant du ministre, est de permettre aux b\u00e9n\u00e9ficiaires de prendre conscience, d\u2019une part, des dangers de l\u2019incivisme et d\u2019autre part, de l\u2019importance de leur engagement patriotique \u00e0 travers des actions citoyennes favorables aux efforts de reconqu\u00eate de l\u2019int\u00e9grit\u00e9 du territoire et de la souverainet\u00e9 du pays.<\/p>\n<figure id=\"attachment_16133\" aria-describedby=\"caption-attachment-16133\" style=\"width: 2560px\" class=\"wp-caption aligncenter\"><a href=\"https:\/\/www.latribunedufaso.net\/wp-content\/uploads\/2024\/10\/IMG-20241005-WA0015.jpg\"><img loading=\"lazy\" decoding=\"async\" class=\"size-full wp-image-16133\" src=\"https:\/\/www.latribunedufaso.net\/wp-content\/uploads\/2024\/10\/IMG-20241005-WA0015.jpg\" alt=\"Lancement de l'organisation des conf\u00e9rences sur le civisme et la participation citoyenne en milieu scolaire au profit de 30 \u00e9tablissements du Burkina Faso, 4 octobre 2024\" width=\"2560\" height=\"1927\" srcset=\"https:\/\/www.latribunedufaso.net\/wp-content\/uploads\/2024\/10\/IMG-20241005-WA0015.jpg 2560w, https:\/\/www.latribunedufaso.net\/wp-content\/uploads\/2024\/10\/IMG-20241005-WA0015-300x226.jpg 300w, https:\/\/www.latribunedufaso.net\/wp-content\/uploads\/2024\/10\/IMG-20241005-WA0015-1024x771.jpg 1024w, https:\/\/www.latribunedufaso.net\/wp-content\/uploads\/2024\/10\/IMG-20241005-WA0015-768x578.jpg 768w, https:\/\/www.latribunedufaso.net\/wp-content\/uploads\/2024\/10\/IMG-20241005-WA0015-1536x1156.jpg 1536w, https:\/\/www.latribunedufaso.net\/wp-content\/uploads\/2024\/10\/IMG-20241005-WA0015-2048x1542.jpg 2048w\" sizes=\"auto, (max-width: 2560px) 100vw, 2560px\" \/><\/a><figcaption id=\"caption-attachment-16133\" class=\"wp-caption-text\">La c\u00e9r\u00e9monie a connu la participation des acteurs des \u00e9coles et centres de formation &#8211; Ph. A. Kiendrebeogo<\/figcaption><\/figure>\n<p><em><strong>\u00ab Il s&rsquo;agit donc de renforcer l\u2019engagement patriotique des jeunes pour le rayonnement de leurs \u00e9tablissements, mais aussi pour la cause nationale \u00bb<\/strong><\/em>, a-t-il soulign\u00e9. <span style=\"font-size: 1.0625rem;\">Ils a ainsi invit\u00e9 les diff\u00e9rents b\u00e9n\u00e9ficiaires \u00e0 saisir l\u2019opportunit\u00e9 de ces conf\u00e9rences pour renforcer leurs connaissances sur les valeurs citoyennes et patriotiques.<\/span><\/p>\n<p>Le Directeur g\u00e9n\u00e9ral de l\u2019ENAREF, Barth\u00e9l\u00e9my Dabr\u00e9 a laiss\u00e9 entendre que son \u00e9tablissement est tr\u00e8s heureux d\u2019accueillir ces conf\u00e9rences. <span style=\"font-size: 1.0625rem;\"><em><strong>\u00ab Ces femmes et ces hommes que nous formons ici doivent incarner les valeurs de civisme. C\u2019est donc avec beaucoup de joie que nous accueillons ces journ\u00e9es \u00bb,<\/strong><\/em> a-t-il signifi\u00e9.<\/span><\/p>\n<figure id=\"attachment_16136\" aria-describedby=\"caption-attachment-16136\" style=\"width: 2295px\" class=\"wp-caption aligncenter\"><a href=\"https:\/\/www.latribunedufaso.net\/wp-content\/uploads\/2024\/10\/IMG-20241005-WA0009.jpg\"><img loading=\"lazy\" decoding=\"async\" class=\"size-full wp-image-16136\" src=\"https:\/\/www.latribunedufaso.net\/wp-content\/uploads\/2024\/10\/IMG-20241005-WA0009.jpg\" alt=\"Lancement de l'organisation des conf\u00e9rences sur le civisme et la participation citoyenne en milieu scolaire au profit de 30 \u00e9tablissements du Burkina Faso, 4 octobre 2024\" width=\"2295\" height=\"2560\" srcset=\"https:\/\/www.latribunedufaso.net\/wp-content\/uploads\/2024\/10\/IMG-20241005-WA0009.jpg 2295w, https:\/\/www.latribunedufaso.net\/wp-content\/uploads\/2024\/10\/IMG-20241005-WA0009-269x300.jpg 269w, https:\/\/www.latribunedufaso.net\/wp-content\/uploads\/2024\/10\/IMG-20241005-WA0009-918x1024.jpg 918w, https:\/\/www.latribunedufaso.net\/wp-content\/uploads\/2024\/10\/IMG-20241005-WA0009-768x857.jpg 768w, https:\/\/www.latribunedufaso.net\/wp-content\/uploads\/2024\/10\/IMG-20241005-WA0009-1377x1536.jpg 1377w, https:\/\/www.latribunedufaso.net\/wp-content\/uploads\/2024\/10\/IMG-20241005-WA0009-1836x2048.jpg 1836w\" sizes=\"auto, (max-width: 2295px) 100vw, 2295px\" \/><\/a><figcaption id=\"caption-attachment-16136\" class=\"wp-caption-text\">Le Directeur g\u00e9n\u00e9ral de l\u2019ENAREF, Barth\u00e9l\u00e9my Dabr\u00e9 &#8211; Ph. A. Kiendrebeogo<\/figcaption><\/figure>\n<p>Apr\u00e8s ces conf\u00e9rences, a-t-il confi\u00e9, nous prendrons en charge un certain nombre d\u2019initiatives qui vont \u00eatre ax\u00e9es sur le c\u0153ur des m\u00e9tiers et l\u2019ensemble des standards en terme d\u2019\u00e9thique, de probit\u00e9 et de d\u00e9ontologie que les \u00e9l\u00e8ves doivent avoir.\u00a0<\/p>\n<blockquote>\n<p>Lire aussi &gt;&gt; <a href=\"https:\/\/www.latribunedufaso.net\/?p=16043\">Journ\u00e9e nationale d\u2019engagement patriotique : Le 1er ministre manifeste la volont\u00e9 du gouvernement \u00e0 poursuivre l\u2019\u0153uvre du Capitaine Thomas Sankara<\/a><\/p>\n<\/blockquote>\n<p><em><strong>\u00ab Cela va \u00eatre le premier substrat que nous allons mettre en place, pour qu\u2019ensuite les cours qui vont se d\u00e9rouler se fassent sur la base de femmes et d\u2019hommes qui comprennent d\u00e9j\u00e0 les valeurs qu\u2019ils doivent int\u00e9grer pour devenir des hommes de demain efficaces pour le pays \u00bb,<\/strong> <\/em>a-t-il ajout\u00e9.<\/p>\n<p>En rappel, la deuxi\u00e8me phase des JEPPC se d\u00e9roule du 02 au 16 octobre 2024 , sous le th\u00e8me :\u00a0 <em><strong>\u00ab Pour une nation forte et souveraine, ne trahison pas notre Patrie \u00bb.<\/strong><\/em><\/p>\n<p><strong>Rosana Astride KIENDREBEOGO\u00a0<\/strong><\/p>\n<p><strong>Latribuneduf<span style=\"font-size: 1.0625rem;\">aso.net<\/span><\/strong><\/p>\n","protected":false},"excerpt":{"rendered":"<p>Le minist\u00e8re en charge de la Justice organisera des conf\u00e9rences sur le civisme et la participation citoyenne en milieu scolaire au profit de 30 \u00e9tablissements du Burkina Faso dont 06 dans la r\u00e9gion du Centre. Le lancement de cette initiative a eu lieu ce 04 octobre 2024 \u00e0 Ouagadougou.<\/p>\n","protected":false},"author":5,"featured_media":16135,"comment_status":"open","ping_status":"open","sticky":false,"template":"","format":"standard","meta":{"footnotes":""},"categories":[13,1,8],"tags":[279,261,39],"class_list":["post-16132","post","type-post","status-publish","format-standard","has-post-thumbnail","hentry","category-une","category-actu","category-societe","tag-civisme","tag-journees-nationales-dengagement-patriotique-et-de-participation-citoyenne","tag-latribunedufaso-net"],"yoast_head":"<!-- This site is optimized with the Yoast SEO plugin v27.5 - https:\/\/yoast.com\/product\/yoast-seo-wordpress\/ -->\n<title>Journ\u00e9es nationales d\u2019engagement patriotique : Des conf\u00e9rences sur le civisme et la citoyennet\u00e9 au profit de 30 \u00e9tablissements\u00a0 - La Tribune du Faso<\/title>\n<meta name=\"robots\" content=\"index, follow, max-snippet:-1, max-image-preview:large, max-video-preview:-1\" \/>\n<link rel=\"canonical\" href=\"https:\/\/www.latribunedufaso.net\/?p=16132\" \/>\n<meta property=\"og:locale\" content=\"fr_FR\" \/>\n<meta property=\"og:type\" content=\"article\" \/>\n<meta property=\"og:title\" content=\"Journ\u00e9es nationales d\u2019engagement patriotique : Des conf\u00e9rences sur le civisme et la citoyennet\u00e9 au profit de 30 \u00e9tablissements\u00a0 - La Tribune du Faso\" \/>\n<meta property=\"og:description\" content=\"Le minist\u00e8re en charge de la Justice organisera des conf\u00e9rences sur le civisme et la participation citoyenne en milieu scolaire au profit de 30 \u00e9tablissements du Burkina Faso dont 06 dans la r\u00e9gion du Centre. Le lancement de cette initiative a eu lieu ce 04 octobre 2024 \u00e0 Ouagadougou.\" \/>\n<meta property=\"og:url\" content=\"https:\/\/www.latribunedufaso.net\/?p=16132\" \/>\n<meta property=\"og:site_name\" content=\"La Tribune du Faso\" \/>\n<meta property=\"article:publisher\" content=\"https:\/\/www.facebook.com\/LatribuneduFaso\/\" \/>\n<meta property=\"article:published_time\" content=\"2024-10-04T17:28:00+00:00\" \/>\n<meta property=\"article:modified_time\" content=\"2024-10-05T02:11:02+00:00\" \/>\n<meta property=\"og:image\" content=\"https:\/\/www.latribunedufaso.net\/wp-content\/uploads\/2024\/10\/IMG-20241005-WA0011.jpg\" \/>\n\t<meta property=\"og:image:width\" content=\"2560\" \/>\n\t<meta property=\"og:image:height\" content=\"1596\" \/>\n\t<meta property=\"og:image:type\" content=\"image\/jpeg\" \/>\n<meta name=\"author\" content=\"Issouf Tapsoba\" \/>\n<meta name=\"twitter:label1\" content=\"\u00c9crit par\" \/>\n\t<meta name=\"twitter:data1\" content=\"Issouf Tapsoba\" \/>\n\t<meta name=\"twitter:label2\" content=\"Dur\u00e9e de lecture estim\u00e9e\" \/>\n\t<meta name=\"twitter:data2\" content=\"3 minutes\" \/>\n<script type=\"application\/ld+json\" class=\"yoast-schema-graph\">{\"@context\":\"https:\\\/\\\/schema.org\",\"@graph\":[{\"@type\":\"Article\",\"@id\":\"https:\\\/\\\/www.latribunedufaso.net\\\/?p=16132#article\",\"isPartOf\":{\"@id\":\"https:\\\/\\\/www.latribunedufaso.net\\\/?p=16132\"},\"author\":{\"name\":\"Issouf Tapsoba\",\"@id\":\"https:\\\/\\\/www.latribunedufaso.net\\\/#\\\/schema\\\/person\\\/e54e64c5778a7e72cf80a318b7a622b0\"},\"headline\":\"Journ\u00e9es nationales d\u2019engagement patriotique : Des conf\u00e9rences sur le civisme et la citoyennet\u00e9 au profit de 30 \u00e9tablissements\u00a0\",\"datePublished\":\"2024-10-04T17:28:00+00:00\",\"dateModified\":\"2024-10-05T02:11:02+00:00\",\"mainEntityOfPage\":{\"@id\":\"https:\\\/\\\/www.latribunedufaso.net\\\/?p=16132\"},\"wordCount\":609,\"commentCount\":0,\"publisher\":{\"@id\":\"https:\\\/\\\/www.latribunedufaso.net\\\/#organization\"},\"image\":{\"@id\":\"https:\\\/\\\/www.latribunedufaso.net\\\/?p=16132#primaryimage\"},\"thumbnailUrl\":\"https:\\\/\\\/www.latribunedufaso.net\\\/wp-content\\\/uploads\\\/2024\\\/10\\\/IMG-20241005-WA0011.jpg\",\"keywords\":[\"Civisme\",\"Journ\u00e9es nationales d\u2019engagement patriotique et de participation citoyenne\",\"latribunedufaso.net\"],\"articleSection\":[\"A la une\",\"Actualit\u00e9\",\"Soci\u00e9t\u00e9\"],\"inLanguage\":\"fr-FR\",\"potentialAction\":[{\"@type\":\"CommentAction\",\"name\":\"Comment\",\"target\":[\"https:\\\/\\\/www.latribunedufaso.net\\\/?p=16132#respond\"]}]},{\"@type\":\"WebPage\",\"@id\":\"https:\\\/\\\/www.latribunedufaso.net\\\/?p=16132\",\"url\":\"https:\\\/\\\/www.latribunedufaso.net\\\/?p=16132\",\"name\":\"Journ\u00e9es nationales d\u2019engagement patriotique : Des conf\u00e9rences sur le civisme et la citoyennet\u00e9 au profit de 30 \u00e9tablissements\u00a0 - La Tribune du Faso\",\"isPartOf\":{\"@id\":\"https:\\\/\\\/www.latribunedufaso.net\\\/#website\"},\"primaryImageOfPage\":{\"@id\":\"https:\\\/\\\/www.latribunedufaso.net\\\/?p=16132#primaryimage\"},\"image\":{\"@id\":\"https:\\\/\\\/www.latribunedufaso.net\\\/?p=16132#primaryimage\"},\"thumbnailUrl\":\"https:\\\/\\\/www.latribunedufaso.net\\\/wp-content\\\/uploads\\\/2024\\\/10\\\/IMG-20241005-WA0011.jpg\",\"datePublished\":\"2024-10-04T17:28:00+00:00\",\"dateModified\":\"2024-10-05T02:11:02+00:00\",\"breadcrumb\":{\"@id\":\"https:\\\/\\\/www.latribunedufaso.net\\\/?p=16132#breadcrumb\"},\"inLanguage\":\"fr-FR\",\"potentialAction\":[{\"@type\":\"ReadAction\",\"target\":[\"https:\\\/\\\/www.latribunedufaso.net\\\/?p=16132\"]}]},{\"@type\":\"ImageObject\",\"inLanguage\":\"fr-FR\",\"@id\":\"https:\\\/\\\/www.latribunedufaso.net\\\/?p=16132#primaryimage\",\"url\":\"https:\\\/\\\/www.latribunedufaso.net\\\/wp-content\\\/uploads\\\/2024\\\/10\\\/IMG-20241005-WA0011.jpg\",\"contentUrl\":\"https:\\\/\\\/www.latribunedufaso.net\\\/wp-content\\\/uploads\\\/2024\\\/10\\\/IMG-20241005-WA0011.jpg\",\"width\":2560,\"height\":1596,\"caption\":\"Lancement de l'organisation des conf\u00e9rences sur le civisme et la participation citoyenne en milieu scolaire au profit de 30 \u00e9tablissements du Burkina Faso, 4 octobre 2024\"},{\"@type\":\"BreadcrumbList\",\"@id\":\"https:\\\/\\\/www.latribunedufaso.net\\\/?p=16132#breadcrumb\",\"itemListElement\":[{\"@type\":\"ListItem\",\"position\":1,\"name\":\"Accueil\",\"item\":\"https:\\\/\\\/www.latribunedufaso.net\\\/\"},{\"@type\":\"ListItem\",\"position\":2,\"name\":\"Journ\u00e9es nationales d\u2019engagement patriotique : Des conf\u00e9rences sur le civisme et la citoyennet\u00e9 au profit de 30 \u00e9tablissements\u00a0\"}]},{\"@type\":\"WebSite\",\"@id\":\"https:\\\/\\\/www.latribunedufaso.net\\\/#website\",\"url\":\"https:\\\/\\\/www.latribunedufaso.net\\\/\",\"name\":\"La Tribune du Faso\",\"description\":\"L&#039;information du monde rural en un clic\",\"publisher\":{\"@id\":\"https:\\\/\\\/www.latribunedufaso.net\\\/#organization\"},\"potentialAction\":[{\"@type\":\"SearchAction\",\"target\":{\"@type\":\"EntryPoint\",\"urlTemplate\":\"https:\\\/\\\/www.latribunedufaso.net\\\/?s={search_term_string}\"},\"query-input\":{\"@type\":\"PropertyValueSpecification\",\"valueRequired\":true,\"valueName\":\"search_term_string\"}}],\"inLanguage\":\"fr-FR\"},{\"@type\":\"Organization\",\"@id\":\"https:\\\/\\\/www.latribunedufaso.net\\\/#organization\",\"name\":\"La Tribune du Faso\",\"url\":\"https:\\\/\\\/www.latribunedufaso.net\\\/\",\"logo\":{\"@type\":\"ImageObject\",\"inLanguage\":\"fr-FR\",\"@id\":\"https:\\\/\\\/www.latribunedufaso.net\\\/#\\\/schema\\\/logo\\\/image\\\/\",\"url\":\"https:\\\/\\\/www.latribunedufaso.net\\\/wp-content\\\/uploads\\\/2020\\\/08\\\/Logo-Tribune-du-Faso-final-scaled.jpg\",\"contentUrl\":\"https:\\\/\\\/www.latribunedufaso.net\\\/wp-content\\\/uploads\\\/2020\\\/08\\\/Logo-Tribune-du-Faso-final-scaled.jpg\",\"width\":2560,\"height\":1856,\"caption\":\"La Tribune du Faso\"},\"image\":{\"@id\":\"https:\\\/\\\/www.latribunedufaso.net\\\/#\\\/schema\\\/logo\\\/image\\\/\"},\"sameAs\":[\"https:\\\/\\\/www.facebook.com\\\/LatribuneduFaso\\\/\"]},{\"@type\":\"Person\",\"@id\":\"https:\\\/\\\/www.latribunedufaso.net\\\/#\\\/schema\\\/person\\\/e54e64c5778a7e72cf80a318b7a622b0\",\"name\":\"Issouf Tapsoba\",\"image\":{\"@type\":\"ImageObject\",\"inLanguage\":\"fr-FR\",\"@id\":\"https:\\\/\\\/secure.gravatar.com\\\/avatar\\\/5e6c05150ce3230247d167f5b94d678eb05936197436d69b7921e3a95c9107ac?s=96&d=mm&r=g\",\"url\":\"https:\\\/\\\/secure.gravatar.com\\\/avatar\\\/5e6c05150ce3230247d167f5b94d678eb05936197436d69b7921e3a95c9107ac?s=96&d=mm&r=g\",\"contentUrl\":\"https:\\\/\\\/secure.gravatar.com\\\/avatar\\\/5e6c05150ce3230247d167f5b94d678eb05936197436d69b7921e3a95c9107ac?s=96&d=mm&r=g\",\"caption\":\"Issouf Tapsoba\"},\"url\":\"https:\\\/\\\/www.latribunedufaso.net\\\/?author=5\"}]}<\/script>\n<!-- \/ Yoast SEO plugin. -->","yoast_head_json":{"title":"Journ\u00e9es nationales d\u2019engagement patriotique : Des conf\u00e9rences sur le civisme et la citoyennet\u00e9 au profit de 30 \u00e9tablissements\u00a0 - La Tribune du Faso","robots":{"index":"index","follow":"follow","max-snippet":"max-snippet:-1","max-image-preview":"max-image-preview:large","max-video-preview":"max-video-preview:-1"},"canonical":"https:\/\/www.latribunedufaso.net\/?p=16132","og_locale":"fr_FR","og_type":"article","og_title":"Journ\u00e9es nationales d\u2019engagement patriotique : Des conf\u00e9rences sur le civisme et la citoyennet\u00e9 au profit de 30 \u00e9tablissements\u00a0 - La Tribune du Faso","og_description":"Le minist\u00e8re en charge de la Justice organisera des conf\u00e9rences sur le civisme et la participation citoyenne en milieu scolaire au profit de 30 \u00e9tablissements du Burkina Faso dont 06 dans la r\u00e9gion du Centre. Le lancement de cette initiative a eu lieu ce 04 octobre 2024 \u00e0 Ouagadougou.","og_url":"https:\/\/www.latribunedufaso.net\/?p=16132","og_site_name":"La Tribune du Faso","article_publisher":"https:\/\/www.facebook.com\/LatribuneduFaso\/","article_published_time":"2024-10-04T17:28:00+00:00","article_modified_time":"2024-10-05T02:11:02+00:00","og_image":[{"width":2560,"height":1596,"url":"https:\/\/www.latribunedufaso.net\/wp-content\/uploads\/2024\/10\/IMG-20241005-WA0011.jpg","type":"image\/jpeg"}],"author":"Issouf Tapsoba","twitter_misc":{"\u00c9crit par":"Issouf Tapsoba","Dur\u00e9e de lecture estim\u00e9e":"3 minutes"},"schema":{"@context":"https:\/\/schema.org","@graph":[{"@type":"Article","@id":"https:\/\/www.latribunedufaso.net\/?p=16132#article","isPartOf":{"@id":"https:\/\/www.latribunedufaso.net\/?p=16132"},"author":{"name":"Issouf Tapsoba","@id":"https:\/\/www.latribunedufaso.net\/#\/schema\/person\/e54e64c5778a7e72cf80a318b7a622b0"},"headline":"Journ\u00e9es nationales d\u2019engagement patriotique : Des conf\u00e9rences sur le civisme et la citoyennet\u00e9 au profit de 30 \u00e9tablissements\u00a0","datePublished":"2024-10-04T17:28:00+00:00","dateModified":"2024-10-05T02:11:02+00:00","mainEntityOfPage":{"@id":"https:\/\/www.latribunedufaso.net\/?p=16132"},"wordCount":609,"commentCount":0,"publisher":{"@id":"https:\/\/www.latribunedufaso.net\/#organization"},"image":{"@id":"https:\/\/www.latribunedufaso.net\/?p=16132#primaryimage"},"thumbnailUrl":"https:\/\/www.latribunedufaso.net\/wp-content\/uploads\/2024\/10\/IMG-20241005-WA0011.jpg","keywords":["Civisme","Journ\u00e9es nationales d\u2019engagement patriotique et de participation citoyenne","latribunedufaso.net"],"articleSection":["A la une","Actualit\u00e9","Soci\u00e9t\u00e9"],"inLanguage":"fr-FR","potentialAction":[{"@type":"CommentAction","name":"Comment","target":["https:\/\/www.latribunedufaso.net\/?p=16132#respond"]}]},{"@type":"WebPage","@id":"https:\/\/www.latribunedufaso.net\/?p=16132","url":"https:\/\/www.latribunedufaso.net\/?p=16132","name":"Journ\u00e9es nationales d\u2019engagement patriotique : Des conf\u00e9rences sur le civisme et la citoyennet\u00e9 au profit de 30 \u00e9tablissements\u00a0 - La Tribune du Faso","isPartOf":{"@id":"https:\/\/www.latribunedufaso.net\/#website"},"primaryImageOfPage":{"@id":"https:\/\/www.latribunedufaso.net\/?p=16132#primaryimage"},"image":{"@id":"https:\/\/www.latribunedufaso.net\/?p=16132#primaryimage"},"thumbnailUrl":"https:\/\/www.latribunedufaso.net\/wp-content\/uploads\/2024\/10\/IMG-20241005-WA0011.jpg","datePublished":"2024-10-04T17:28:00+00:00","dateModified":"2024-10-05T02:11:02+00:00","breadcrumb":{"@id":"https:\/\/www.latribunedufaso.net\/?p=16132#breadcrumb"},"inLanguage":"fr-FR","potentialAction":[{"@type":"ReadAction","target":["https:\/\/www.latribunedufaso.net\/?p=16132"]}]},{"@type":"ImageObject","inLanguage":"fr-FR","@id":"https:\/\/www.latribunedufaso.net\/?p=16132#primaryimage","url":"https:\/\/www.latribunedufaso.net\/wp-content\/uploads\/2024\/10\/IMG-20241005-WA0011.jpg","contentUrl":"https:\/\/www.latribunedufaso.net\/wp-content\/uploads\/2024\/10\/IMG-20241005-WA0011.jpg","width":2560,"height":1596,"caption":"Lancement de l'organisation des conf\u00e9rences sur le civisme et la participation citoyenne en milieu scolaire au profit de 30 \u00e9tablissements du Burkina Faso, 4 octobre 2024"},{"@type":"BreadcrumbList","@id":"https:\/\/www.latribunedufaso.net\/?p=16132#breadcrumb","itemListElement":[{"@type":"ListItem","position":1,"name":"Accueil","item":"https:\/\/www.latribunedufaso.net\/"},{"@type":"ListItem","position":2,"name":"Journ\u00e9es nationales d\u2019engagement patriotique : Des conf\u00e9rences sur le civisme et la citoyennet\u00e9 au profit de 30 \u00e9tablissements\u00a0"}]},{"@type":"WebSite","@id":"https:\/\/www.latribunedufaso.net\/#website","url":"https:\/\/www.latribunedufaso.net\/","name":"La Tribune du Faso","description":"L&#039;information du monde rural en un clic","publisher":{"@id":"https:\/\/www.latribunedufaso.net\/#organization"},"potentialAction":[{"@type":"SearchAction","target":{"@type":"EntryPoint","urlTemplate":"https:\/\/www.latribunedufaso.net\/?s={search_term_string}"},"query-input":{"@type":"PropertyValueSpecification","valueRequired":true,"valueName":"search_term_string"}}],"inLanguage":"fr-FR"},{"@type":"Organization","@id":"https:\/\/www.latribunedufaso.net\/#organization","name":"La Tribune du Faso","url":"https:\/\/www.latribunedufaso.net\/","logo":{"@type":"ImageObject","inLanguage":"fr-FR","@id":"https:\/\/www.latribunedufaso.net\/#\/schema\/logo\/image\/","url":"https:\/\/www.latribunedufaso.net\/wp-content\/uploads\/2020\/08\/Logo-Tribune-du-Faso-final-scaled.jpg","contentUrl":"https:\/\/www.latribunedufaso.net\/wp-content\/uploads\/2020\/08\/Logo-Tribune-du-Faso-final-scaled.jpg","width":2560,"height":1856,"caption":"La Tribune du Faso"},"image":{"@id":"https:\/\/www.latribunedufaso.net\/#\/schema\/logo\/image\/"},"sameAs":["https:\/\/www.facebook.com\/LatribuneduFaso\/"]},{"@type":"Person","@id":"https:\/\/www.latribunedufaso.net\/#\/schema\/person\/e54e64c5778a7e72cf80a318b7a622b0","name":"Issouf Tapsoba","image":{"@type":"ImageObject","inLanguage":"fr-FR","@id":"https:\/\/secure.gravatar.com\/avatar\/5e6c05150ce3230247d167f5b94d678eb05936197436d69b7921e3a95c9107ac?s=96&d=mm&r=g","url":"https:\/\/secure.gravatar.com\/avatar\/5e6c05150ce3230247d167f5b94d678eb05936197436d69b7921e3a95c9107ac?s=96&d=mm&r=g","contentUrl":"https:\/\/secure.gravatar.com\/avatar\/5e6c05150ce3230247d167f5b94d678eb05936197436d69b7921e3a95c9107ac?s=96&d=mm&r=g","caption":"Issouf Tapsoba"},"url":"https:\/\/www.latribunedufaso.net\/?author=5"}]}},"_links":{"self":[{"href":"https:\/\/www.latribunedufaso.net\/index.php?rest_route=\/wp\/v2\/posts\/16132","targetHints":{"allow":["GET"]}}],"collection":[{"href":"https:\/\/www.latribunedufaso.net\/index.php?rest_route=\/wp\/v2\/posts"}],"about":[{"href":"https:\/\/www.latribunedufaso.net\/index.php?rest_route=\/wp\/v2\/types\/post"}],"author":[{"embeddable":true,"href":"https:\/\/www.latribunedufaso.net\/index.php?rest_route=\/wp\/v2\/users\/5"}],"replies":[{"embeddable":true,"href":"https:\/\/www.latribunedufaso.net\/index.php?rest_route=%2Fwp%2Fv2%2Fcomments&post=16132"}],"version-history":[{"count":1,"href":"https:\/\/www.latribunedufaso.net\/index.php?rest_route=\/wp\/v2\/posts\/16132\/revisions"}],"predecessor-version":[{"id":16137,"href":"https:\/\/www.latribunedufaso.net\/index.php?rest_route=\/wp\/v2\/posts\/16132\/revisions\/16137"}],"wp:featuredmedia":[{"embeddable":true,"href":"https:\/\/www.latribunedufaso.net\/index.php?rest_route=\/wp\/v2\/media\/16135"}],"wp:attachment":[{"href":"https:\/\/www.latribunedufaso.net\/index.php?rest_route=%2Fwp%2Fv2%2Fmedia&parent=16132"}],"wp:term":[{"taxonomy":"category","embeddable":true,"href":"https:\/\/www.latribunedufaso.net\/index.php?rest_route=%2Fwp%2Fv2%2Fcategories&post=16132"},{"taxonomy":"post_tag","embeddable":true,"href":"https:\/\/www.latribunedufaso.net\/index.php?rest_route=%2Fwp%2Fv2%2Ftags&post=16132"}],"curies":[{"name":"wp","href":"https:\/\/api.w.org\/{rel}","templated":true}]}}