{"id":16043,"date":"2024-10-02T21:30:20","date_gmt":"2024-10-02T21:30:20","guid":{"rendered":"https:\/\/www.latribunedufaso.net\/?p=16043"},"modified":"2024-10-02T21:30:20","modified_gmt":"2024-10-02T21:30:20","slug":"journee-nationale-dengagement-patriotique-le-1er-ministre-manifeste-la-volonte-du-gouvernement-a-poursuivre-loeuvre-du-capitaine-thomas-sankara","status":"publish","type":"post","link":"https:\/\/www.latribunedufaso.net\/?p=16043","title":{"rendered":"Journ\u00e9e nationale d\u2019engagement patriotique : Le 1er ministre manifeste la volont\u00e9 du gouvernement \u00e0 poursuivre l\u2019\u0153uvre du Capitaine Thomas Sankara\u00a0"},"content":{"rendered":"<p><strong style=\"font-size: 1.0625rem;\">Les activit\u00e9s de la deuxi\u00e8me phase des journ\u00e9es nationales d\u2019engagement patriotique se poursuivent. Ce 02 octobre 2024 \u00e0 Ouagadougou, apr\u00e8s le top d\u00e9part donn\u00e9 par le minist\u00e8re en charge de la Justice dans la matin\u00e9e, le Premier ministre, Me Apollinaire Ky\u00e9l\u00e8m de Tamb\u00e8la s\u2019est rendu au rond-point du 2 octobre pour une visite de graffitis au niveau dudit rond-point.<\/strong><\/p>\n<p><!--more--><\/p>\n<p>A l\u2019occasion, il a remis des exemplaires du discours d\u2019orientation politique du 02 octobre 1983 prononc\u00e9 par le Capitaine Thomas Sankara au chef d\u2019\u00e9tat major de la gendarmerie. A ce effet, il pr\u00e9cise que la gendarmerie symbolise la loyaut\u00e9 et la fid\u00e9lit\u00e9 \u00e0 la r\u00e9publique, ce qui justifie ce acte. A l\u2019\u00e9couter, les \u00e9l\u00e9ments de la gendarmerie doivent s\u2019en approprier et faire en sorte que l\u2019\u00e9ducation de la soci\u00e9t\u00e9 soit faite des orientations du discours politique d\u2019orientation.<\/p>\n<figure id=\"attachment_16044\" aria-describedby=\"caption-attachment-16044\" style=\"width: 1016px\" class=\"wp-caption aligncenter\"><a href=\"https:\/\/www.latribunedufaso.net\/wp-content\/uploads\/2024\/10\/IMG-20241002-WA0084.jpg\"><img loading=\"lazy\" decoding=\"async\" class=\"size-full wp-image-16044\" src=\"https:\/\/www.latribunedufaso.net\/wp-content\/uploads\/2024\/10\/IMG-20241002-WA0084.jpg\" alt=\"Visite du rond-point du 2 octobre par le Premier ministre dans le cadre de la Journ\u00e9e nationale d'engagement patriotique, 2 octobre 2024\" width=\"1016\" height=\"762\" srcset=\"https:\/\/www.latribunedufaso.net\/wp-content\/uploads\/2024\/10\/IMG-20241002-WA0084.jpg 1016w, https:\/\/www.latribunedufaso.net\/wp-content\/uploads\/2024\/10\/IMG-20241002-WA0084-300x225.jpg 300w, https:\/\/www.latribunedufaso.net\/wp-content\/uploads\/2024\/10\/IMG-20241002-WA0084-768x576.jpg 768w\" sizes=\"auto, (max-width: 1016px) 100vw, 1016px\" \/><\/a><figcaption id=\"caption-attachment-16044\" class=\"wp-caption-text\">Le Premier ministre, Apollinaire Ky\u00e9lem a particip\u00e9 au graffiti &#8211; Ph. I. Tougma<\/figcaption><\/figure>\n<p>Le premier ministre n\u2019a pas manqu\u00e9 de rappeler l\u2019histoire et la signification de la place du 02 octobre situ\u00e9 au centre ville de Ouagadougou, <em><strong>\u00ab C\u2019est une place historique. C\u2019est ici m\u00eame, le 02 octobre 1983, que le capitaine Thomas Sankara a prononc\u00e9 le discours d\u2019orientation politique. Vous savez que nous sommes l\u00e0 pour parachever ce que le capitaine Thomas Sankara avait commenc\u00e9, ce jour 02 octobre qui est en m\u00eame temps le d\u00e9but de la deuxi\u00e8me phase des journ\u00e9es d\u2019engagement patriotique et de participation citoyenne, est tr\u00e8s symbolique pour nous. C&rsquo;est pour cela que nous sommes venus mat\u00e9rialiser notre soutien \u00e0 ce que le capitaine pr\u00e9sident Thomas Sankara avait entrepris et notre volont\u00e9 de poursuivre son \u0153uvre \u00bb,<\/strong><\/em> a-t-il expliqu\u00e9.\u00a0<\/p>\n<blockquote>\n<p>Lire aussi &gt;&gt; <a href=\"https:\/\/www.latribunedufaso.net\/?p=12763\">Journ\u00e9es nationales d\u2019engagement patriotique et de participation citoyenne : La premi\u00e8re phase cl\u00f4tur\u00e9e\u00a0<\/a><\/p>\n<\/blockquote>\n<p>Il a par ailleurs lanc\u00e9 un message de patriotisme aux jeunes<em><strong>. \u00ab Je ne sais m\u00eame pas si vous savez qu\u2019il y a eu un discours d\u2019orientation politique. Maintenant vous le savez. On en a produit beaucoup d\u2019exemplaires. Je vous demande de vous en impr\u00e9gner et d\u2019en prendre possession. Parce que si vous ne le comprenez pas, vous n\u2019allez pas comprendre notre d\u00e9marche actuelle. Il faudra que la jeunesse actuelle apprenne \u00e0 lire, \u00e0 se cultiver pour ne pas \u00eatre victime de l\u2019empoisonnement m\u00e9diatique des r\u00e9seaux sociaux. Il faut que vous sachiez o\u00f9 vous allez. Il faut se donner un id\u00e9al de vie. Le discours d\u2019orientation politique donne un id\u00e9al de vie. r\u00e9ussir dans la vie ne consiste pas \u00e0 accumuler du mat\u00e9riel et des richesses. Il y en a qui ont accumul\u00e9 des richesses mais ils se retrouvent tout vide. Parce qu&rsquo;il n\u2019ont pas d\u2019id\u00e9al \u00e0 remplir. R\u00e9ussir dans la vie, c\u2019est vivre en fonction de son id\u00e9al et le r\u00e9aliser et \u00eatre heureux l\u00e0 o\u00f9 l\u2019on est. Je demande \u00e0 la jeunesse actuelle de beaucoup lire. Formez-vous, instruisez-vous, ayez des bases solides sur le plan intellectuel. C\u2019est l\u00e0 que vous allez pouvoir vous enraciner et rayonner pour vous m\u00eame, pour votre famille et pour votre pays \u00bb,<\/strong><\/em> a-t-il exprim\u00e9.\u00a0<\/p>\n<p><strong>Ines TOUGMA\u00a0<\/strong><\/p>\n<p><strong>Latribunedufa<span style=\"font-size: 1.0625rem;\">so.net\u00a0<\/span><\/strong><\/p>\n<p><figure id=\"attachment_16053\" aria-describedby=\"caption-attachment-16053\" style=\"width: 1040px\" class=\"wp-caption aligncenter\"><a href=\"https:\/\/www.latribunedufaso.net\/wp-content\/uploads\/2024\/10\/IMG-20241002-WA0095.jpg\"><img loading=\"lazy\" decoding=\"async\" class=\"size-full wp-image-16053\" src=\"https:\/\/www.latribunedufaso.net\/wp-content\/uploads\/2024\/10\/IMG-20241002-WA0095.jpg\" alt=\"Visite du rond-point du 2 octobre par le Premier ministre dans le cadre de la Journ\u00e9e nationale d'engagement patriotique, 2 octobre 2024 \" width=\"1040\" height=\"780\" srcset=\"https:\/\/www.latribunedufaso.net\/wp-content\/uploads\/2024\/10\/IMG-20241002-WA0095.jpg 1040w, https:\/\/www.latribunedufaso.net\/wp-content\/uploads\/2024\/10\/IMG-20241002-WA0095-300x225.jpg 300w, https:\/\/www.latribunedufaso.net\/wp-content\/uploads\/2024\/10\/IMG-20241002-WA0095-1024x768.jpg 1024w, https:\/\/www.latribunedufaso.net\/wp-content\/uploads\/2024\/10\/IMG-20241002-WA0095-768x576.jpg 768w\" sizes=\"auto, (max-width: 1040px) 100vw, 1040px\" \/><\/a><figcaption id=\"caption-attachment-16053\" class=\"wp-caption-text\">La Photo de famille des officiels pr\u00e9sentes \u00e0 la c\u00e9r\u00e9monie &#8211; Ph. I. Tougma<\/figcaption><\/figure><br \/>\n<figure id=\"attachment_16045\" aria-describedby=\"caption-attachment-16045\" style=\"width: 960px\" class=\"wp-caption aligncenter\"><a href=\"https:\/\/www.latribunedufaso.net\/wp-content\/uploads\/2024\/10\/IMG-20241002-WA0083.jpg\"><img loading=\"lazy\" decoding=\"async\" class=\"size-full wp-image-16045\" src=\"https:\/\/www.latribunedufaso.net\/wp-content\/uploads\/2024\/10\/IMG-20241002-WA0083.jpg\" alt=\"Visite du rond-point du 2 octobre par le Premier ministre dans le cadre de la Journ\u00e9e nationale d'engagement patriotique, 2 octobre 2024 \" width=\"960\" height=\"1280\" srcset=\"https:\/\/www.latribunedufaso.net\/wp-content\/uploads\/2024\/10\/IMG-20241002-WA0083.jpg 960w, https:\/\/www.latribunedufaso.net\/wp-content\/uploads\/2024\/10\/IMG-20241002-WA0083-225x300.jpg 225w, https:\/\/www.latribunedufaso.net\/wp-content\/uploads\/2024\/10\/IMG-20241002-WA0083-768x1024.jpg 768w\" sizes=\"auto, (max-width: 960px) 100vw, 960px\" \/><\/a><figcaption id=\"caption-attachment-16045\" class=\"wp-caption-text\">Le rond-point du 2 octobre, lieu comm\u00e9morant le discours d\u2019orientation politique prononc\u00e9 par le Capitaine Thomas Sankara le 02 octobre 1983 &#8211; Ph. I. Tougma<\/figcaption><\/figure><\/p>\n","protected":false},"excerpt":{"rendered":"<p>Les activit\u00e9s de la deuxi\u00e8me phase des journ\u00e9es nationales d\u2019engagement patriotique se poursuivent. Ce 02 octobre 2024 \u00e0 Ouagadougou, apr\u00e8s le top d\u00e9part donn\u00e9 par le minist\u00e8re en charge de la Justice dans la matin\u00e9e, le Premier ministre, Me Apollinaire Ky\u00e9l\u00e8m de Tamb\u00e8la s\u2019est rendu au rond-point du 2 octobre pour une visite de graffitis au niveau dudit rond-point.<\/p>\n","protected":false},"author":5,"featured_media":16052,"comment_status":"open","ping_status":"open","sticky":false,"template":"","format":"standard","meta":{"footnotes":""},"categories":[13,1,8],"tags":[259,39],"class_list":["post-16043","post","type-post","status-publish","format-standard","has-post-thumbnail","hentry","category-une","category-actu","category-societe","tag-journee-nationale-dengagement-patriotique","tag-latribunedufaso-net"],"yoast_head":"<!-- This site is optimized with the Yoast SEO plugin v27.5 - https:\/\/yoast.com\/product\/yoast-seo-wordpress\/ -->\n<title>Journ\u00e9e nationale d\u2019engagement patriotique : Le 1er ministre manifeste la volont\u00e9 du gouvernement \u00e0 poursuivre l\u2019\u0153uvre du Capitaine Thomas Sankara\u00a0 - La Tribune du Faso<\/title>\n<meta name=\"robots\" content=\"index, follow, max-snippet:-1, max-image-preview:large, max-video-preview:-1\" \/>\n<link rel=\"canonical\" href=\"https:\/\/www.latribunedufaso.net\/?p=16043\" \/>\n<meta property=\"og:locale\" content=\"fr_FR\" \/>\n<meta property=\"og:type\" content=\"article\" \/>\n<meta property=\"og:title\" content=\"Journ\u00e9e nationale d\u2019engagement patriotique : Le 1er ministre manifeste la volont\u00e9 du gouvernement \u00e0 poursuivre l\u2019\u0153uvre du Capitaine Thomas Sankara\u00a0 - La Tribune du Faso\" \/>\n<meta property=\"og:description\" content=\"Les activit\u00e9s de la deuxi\u00e8me phase des journ\u00e9es nationales d\u2019engagement patriotique se poursuivent. Ce 02 octobre 2024 \u00e0 Ouagadougou, apr\u00e8s le top d\u00e9part donn\u00e9 par le minist\u00e8re en charge de la Justice dans la matin\u00e9e, le Premier ministre, Me Apollinaire Ky\u00e9l\u00e8m de Tamb\u00e8la s\u2019est rendu au rond-point du 2 octobre pour une visite de graffitis au niveau dudit rond-point.\" \/>\n<meta property=\"og:url\" content=\"https:\/\/www.latribunedufaso.net\/?p=16043\" \/>\n<meta property=\"og:site_name\" content=\"La Tribune du Faso\" \/>\n<meta property=\"article:publisher\" content=\"https:\/\/www.facebook.com\/LatribuneduFaso\/\" \/>\n<meta property=\"article:published_time\" content=\"2024-10-02T21:30:20+00:00\" \/>\n<meta property=\"og:image\" content=\"https:\/\/www.latribunedufaso.net\/wp-content\/uploads\/2024\/10\/IMG-20241002-WA0091.jpg\" \/>\n\t<meta property=\"og:image:width\" content=\"1040\" \/>\n\t<meta property=\"og:image:height\" content=\"780\" \/>\n\t<meta property=\"og:image:type\" content=\"image\/jpeg\" \/>\n<meta name=\"author\" content=\"Issouf Tapsoba\" \/>\n<meta name=\"twitter:label1\" content=\"\u00c9crit par\" \/>\n\t<meta name=\"twitter:data1\" content=\"Issouf Tapsoba\" \/>\n\t<meta name=\"twitter:label2\" content=\"Dur\u00e9e de lecture estim\u00e9e\" \/>\n\t<meta name=\"twitter:data2\" content=\"3 minutes\" \/>\n<script type=\"application\/ld+json\" class=\"yoast-schema-graph\">{\"@context\":\"https:\\\/\\\/schema.org\",\"@graph\":[{\"@type\":\"Article\",\"@id\":\"https:\\\/\\\/www.latribunedufaso.net\\\/?p=16043#article\",\"isPartOf\":{\"@id\":\"https:\\\/\\\/www.latribunedufaso.net\\\/?p=16043\"},\"author\":{\"name\":\"Issouf Tapsoba\",\"@id\":\"https:\\\/\\\/www.latribunedufaso.net\\\/#\\\/schema\\\/person\\\/e54e64c5778a7e72cf80a318b7a622b0\"},\"headline\":\"Journ\u00e9e nationale d\u2019engagement patriotique : Le 1er ministre manifeste la volont\u00e9 du gouvernement \u00e0 poursuivre l\u2019\u0153uvre du Capitaine Thomas Sankara\u00a0\",\"datePublished\":\"2024-10-02T21:30:20+00:00\",\"mainEntityOfPage\":{\"@id\":\"https:\\\/\\\/www.latribunedufaso.net\\\/?p=16043\"},\"wordCount\":634,\"commentCount\":0,\"publisher\":{\"@id\":\"https:\\\/\\\/www.latribunedufaso.net\\\/#organization\"},\"image\":{\"@id\":\"https:\\\/\\\/www.latribunedufaso.net\\\/?p=16043#primaryimage\"},\"thumbnailUrl\":\"https:\\\/\\\/www.latribunedufaso.net\\\/wp-content\\\/uploads\\\/2024\\\/10\\\/IMG-20241002-WA0091.jpg\",\"keywords\":[\"Journ\u00e9e nationale d'engagement patriotique\",\"latribunedufaso.net\"],\"articleSection\":[\"A la une\",\"Actualit\u00e9\",\"Soci\u00e9t\u00e9\"],\"inLanguage\":\"fr-FR\",\"potentialAction\":[{\"@type\":\"CommentAction\",\"name\":\"Comment\",\"target\":[\"https:\\\/\\\/www.latribunedufaso.net\\\/?p=16043#respond\"]}]},{\"@type\":\"WebPage\",\"@id\":\"https:\\\/\\\/www.latribunedufaso.net\\\/?p=16043\",\"url\":\"https:\\\/\\\/www.latribunedufaso.net\\\/?p=16043\",\"name\":\"Journ\u00e9e nationale d\u2019engagement patriotique : Le 1er ministre manifeste la volont\u00e9 du gouvernement \u00e0 poursuivre l\u2019\u0153uvre du Capitaine Thomas Sankara\u00a0 - La Tribune du Faso\",\"isPartOf\":{\"@id\":\"https:\\\/\\\/www.latribunedufaso.net\\\/#website\"},\"primaryImageOfPage\":{\"@id\":\"https:\\\/\\\/www.latribunedufaso.net\\\/?p=16043#primaryimage\"},\"image\":{\"@id\":\"https:\\\/\\\/www.latribunedufaso.net\\\/?p=16043#primaryimage\"},\"thumbnailUrl\":\"https:\\\/\\\/www.latribunedufaso.net\\\/wp-content\\\/uploads\\\/2024\\\/10\\\/IMG-20241002-WA0091.jpg\",\"datePublished\":\"2024-10-02T21:30:20+00:00\",\"breadcrumb\":{\"@id\":\"https:\\\/\\\/www.latribunedufaso.net\\\/?p=16043#breadcrumb\"},\"inLanguage\":\"fr-FR\",\"potentialAction\":[{\"@type\":\"ReadAction\",\"target\":[\"https:\\\/\\\/www.latribunedufaso.net\\\/?p=16043\"]}]},{\"@type\":\"ImageObject\",\"inLanguage\":\"fr-FR\",\"@id\":\"https:\\\/\\\/www.latribunedufaso.net\\\/?p=16043#primaryimage\",\"url\":\"https:\\\/\\\/www.latribunedufaso.net\\\/wp-content\\\/uploads\\\/2024\\\/10\\\/IMG-20241002-WA0091.jpg\",\"contentUrl\":\"https:\\\/\\\/www.latribunedufaso.net\\\/wp-content\\\/uploads\\\/2024\\\/10\\\/IMG-20241002-WA0091.jpg\",\"width\":1040,\"height\":780,\"caption\":\"Visite du rond-point du 2 octobre par le Premier ministre dans le cadre de la Journ\u00e9e nationale d'engagement patriotique, 2 octobre 2024\"},{\"@type\":\"BreadcrumbList\",\"@id\":\"https:\\\/\\\/www.latribunedufaso.net\\\/?p=16043#breadcrumb\",\"itemListElement\":[{\"@type\":\"ListItem\",\"position\":1,\"name\":\"Accueil\",\"item\":\"https:\\\/\\\/www.latribunedufaso.net\\\/\"},{\"@type\":\"ListItem\",\"position\":2,\"name\":\"Journ\u00e9e nationale d\u2019engagement patriotique : Le 1er ministre manifeste la volont\u00e9 du gouvernement \u00e0 poursuivre l\u2019\u0153uvre du Capitaine Thomas Sankara\u00a0\"}]},{\"@type\":\"WebSite\",\"@id\":\"https:\\\/\\\/www.latribunedufaso.net\\\/#website\",\"url\":\"https:\\\/\\\/www.latribunedufaso.net\\\/\",\"name\":\"La Tribune du Faso\",\"description\":\"L&#039;information du monde rural en un clic\",\"publisher\":{\"@id\":\"https:\\\/\\\/www.latribunedufaso.net\\\/#organization\"},\"potentialAction\":[{\"@type\":\"SearchAction\",\"target\":{\"@type\":\"EntryPoint\",\"urlTemplate\":\"https:\\\/\\\/www.latribunedufaso.net\\\/?s={search_term_string}\"},\"query-input\":{\"@type\":\"PropertyValueSpecification\",\"valueRequired\":true,\"valueName\":\"search_term_string\"}}],\"inLanguage\":\"fr-FR\"},{\"@type\":\"Organization\",\"@id\":\"https:\\\/\\\/www.latribunedufaso.net\\\/#organization\",\"name\":\"La Tribune du Faso\",\"url\":\"https:\\\/\\\/www.latribunedufaso.net\\\/\",\"logo\":{\"@type\":\"ImageObject\",\"inLanguage\":\"fr-FR\",\"@id\":\"https:\\\/\\\/www.latribunedufaso.net\\\/#\\\/schema\\\/logo\\\/image\\\/\",\"url\":\"https:\\\/\\\/www.latribunedufaso.net\\\/wp-content\\\/uploads\\\/2020\\\/08\\\/Logo-Tribune-du-Faso-final-scaled.jpg\",\"contentUrl\":\"https:\\\/\\\/www.latribunedufaso.net\\\/wp-content\\\/uploads\\\/2020\\\/08\\\/Logo-Tribune-du-Faso-final-scaled.jpg\",\"width\":2560,\"height\":1856,\"caption\":\"La Tribune du Faso\"},\"image\":{\"@id\":\"https:\\\/\\\/www.latribunedufaso.net\\\/#\\\/schema\\\/logo\\\/image\\\/\"},\"sameAs\":[\"https:\\\/\\\/www.facebook.com\\\/LatribuneduFaso\\\/\"]},{\"@type\":\"Person\",\"@id\":\"https:\\\/\\\/www.latribunedufaso.net\\\/#\\\/schema\\\/person\\\/e54e64c5778a7e72cf80a318b7a622b0\",\"name\":\"Issouf Tapsoba\",\"image\":{\"@type\":\"ImageObject\",\"inLanguage\":\"fr-FR\",\"@id\":\"https:\\\/\\\/secure.gravatar.com\\\/avatar\\\/5e6c05150ce3230247d167f5b94d678eb05936197436d69b7921e3a95c9107ac?s=96&d=mm&r=g\",\"url\":\"https:\\\/\\\/secure.gravatar.com\\\/avatar\\\/5e6c05150ce3230247d167f5b94d678eb05936197436d69b7921e3a95c9107ac?s=96&d=mm&r=g\",\"contentUrl\":\"https:\\\/\\\/secure.gravatar.com\\\/avatar\\\/5e6c05150ce3230247d167f5b94d678eb05936197436d69b7921e3a95c9107ac?s=96&d=mm&r=g\",\"caption\":\"Issouf Tapsoba\"},\"url\":\"https:\\\/\\\/www.latribunedufaso.net\\\/?author=5\"}]}<\/script>\n<!-- \/ Yoast SEO plugin. -->","yoast_head_json":{"title":"Journ\u00e9e nationale d\u2019engagement patriotique : Le 1er ministre manifeste la volont\u00e9 du gouvernement \u00e0 poursuivre l\u2019\u0153uvre du Capitaine Thomas Sankara\u00a0 - La Tribune du Faso","robots":{"index":"index","follow":"follow","max-snippet":"max-snippet:-1","max-image-preview":"max-image-preview:large","max-video-preview":"max-video-preview:-1"},"canonical":"https:\/\/www.latribunedufaso.net\/?p=16043","og_locale":"fr_FR","og_type":"article","og_title":"Journ\u00e9e nationale d\u2019engagement patriotique : Le 1er ministre manifeste la volont\u00e9 du gouvernement \u00e0 poursuivre l\u2019\u0153uvre du Capitaine Thomas Sankara\u00a0 - La Tribune du Faso","og_description":"Les activit\u00e9s de la deuxi\u00e8me phase des journ\u00e9es nationales d\u2019engagement patriotique se poursuivent. Ce 02 octobre 2024 \u00e0 Ouagadougou, apr\u00e8s le top d\u00e9part donn\u00e9 par le minist\u00e8re en charge de la Justice dans la matin\u00e9e, le Premier ministre, Me Apollinaire Ky\u00e9l\u00e8m de Tamb\u00e8la s\u2019est rendu au rond-point du 2 octobre pour une visite de graffitis au niveau dudit rond-point.","og_url":"https:\/\/www.latribunedufaso.net\/?p=16043","og_site_name":"La Tribune du Faso","article_publisher":"https:\/\/www.facebook.com\/LatribuneduFaso\/","article_published_time":"2024-10-02T21:30:20+00:00","og_image":[{"width":1040,"height":780,"url":"https:\/\/www.latribunedufaso.net\/wp-content\/uploads\/2024\/10\/IMG-20241002-WA0091.jpg","type":"image\/jpeg"}],"author":"Issouf Tapsoba","twitter_misc":{"\u00c9crit par":"Issouf Tapsoba","Dur\u00e9e de lecture estim\u00e9e":"3 minutes"},"schema":{"@context":"https:\/\/schema.org","@graph":[{"@type":"Article","@id":"https:\/\/www.latribunedufaso.net\/?p=16043#article","isPartOf":{"@id":"https:\/\/www.latribunedufaso.net\/?p=16043"},"author":{"name":"Issouf Tapsoba","@id":"https:\/\/www.latribunedufaso.net\/#\/schema\/person\/e54e64c5778a7e72cf80a318b7a622b0"},"headline":"Journ\u00e9e nationale d\u2019engagement patriotique : Le 1er ministre manifeste la volont\u00e9 du gouvernement \u00e0 poursuivre l\u2019\u0153uvre du Capitaine Thomas Sankara\u00a0","datePublished":"2024-10-02T21:30:20+00:00","mainEntityOfPage":{"@id":"https:\/\/www.latribunedufaso.net\/?p=16043"},"wordCount":634,"commentCount":0,"publisher":{"@id":"https:\/\/www.latribunedufaso.net\/#organization"},"image":{"@id":"https:\/\/www.latribunedufaso.net\/?p=16043#primaryimage"},"thumbnailUrl":"https:\/\/www.latribunedufaso.net\/wp-content\/uploads\/2024\/10\/IMG-20241002-WA0091.jpg","keywords":["Journ\u00e9e nationale d'engagement patriotique","latribunedufaso.net"],"articleSection":["A la une","Actualit\u00e9","Soci\u00e9t\u00e9"],"inLanguage":"fr-FR","potentialAction":[{"@type":"CommentAction","name":"Comment","target":["https:\/\/www.latribunedufaso.net\/?p=16043#respond"]}]},{"@type":"WebPage","@id":"https:\/\/www.latribunedufaso.net\/?p=16043","url":"https:\/\/www.latribunedufaso.net\/?p=16043","name":"Journ\u00e9e nationale d\u2019engagement patriotique : Le 1er ministre manifeste la volont\u00e9 du gouvernement \u00e0 poursuivre l\u2019\u0153uvre du Capitaine Thomas Sankara\u00a0 - La Tribune du Faso","isPartOf":{"@id":"https:\/\/www.latribunedufaso.net\/#website"},"primaryImageOfPage":{"@id":"https:\/\/www.latribunedufaso.net\/?p=16043#primaryimage"},"image":{"@id":"https:\/\/www.latribunedufaso.net\/?p=16043#primaryimage"},"thumbnailUrl":"https:\/\/www.latribunedufaso.net\/wp-content\/uploads\/2024\/10\/IMG-20241002-WA0091.jpg","datePublished":"2024-10-02T21:30:20+00:00","breadcrumb":{"@id":"https:\/\/www.latribunedufaso.net\/?p=16043#breadcrumb"},"inLanguage":"fr-FR","potentialAction":[{"@type":"ReadAction","target":["https:\/\/www.latribunedufaso.net\/?p=16043"]}]},{"@type":"ImageObject","inLanguage":"fr-FR","@id":"https:\/\/www.latribunedufaso.net\/?p=16043#primaryimage","url":"https:\/\/www.latribunedufaso.net\/wp-content\/uploads\/2024\/10\/IMG-20241002-WA0091.jpg","contentUrl":"https:\/\/www.latribunedufaso.net\/wp-content\/uploads\/2024\/10\/IMG-20241002-WA0091.jpg","width":1040,"height":780,"caption":"Visite du rond-point du 2 octobre par le Premier ministre dans le cadre de la Journ\u00e9e nationale d'engagement patriotique, 2 octobre 2024"},{"@type":"BreadcrumbList","@id":"https:\/\/www.latribunedufaso.net\/?p=16043#breadcrumb","itemListElement":[{"@type":"ListItem","position":1,"name":"Accueil","item":"https:\/\/www.latribunedufaso.net\/"},{"@type":"ListItem","position":2,"name":"Journ\u00e9e nationale d\u2019engagement patriotique : Le 1er ministre manifeste la volont\u00e9 du gouvernement \u00e0 poursuivre l\u2019\u0153uvre du Capitaine Thomas Sankara\u00a0"}]},{"@type":"WebSite","@id":"https:\/\/www.latribunedufaso.net\/#website","url":"https:\/\/www.latribunedufaso.net\/","name":"La Tribune du Faso","description":"L&#039;information du monde rural en un clic","publisher":{"@id":"https:\/\/www.latribunedufaso.net\/#organization"},"potentialAction":[{"@type":"SearchAction","target":{"@type":"EntryPoint","urlTemplate":"https:\/\/www.latribunedufaso.net\/?s={search_term_string}"},"query-input":{"@type":"PropertyValueSpecification","valueRequired":true,"valueName":"search_term_string"}}],"inLanguage":"fr-FR"},{"@type":"Organization","@id":"https:\/\/www.latribunedufaso.net\/#organization","name":"La Tribune du Faso","url":"https:\/\/www.latribunedufaso.net\/","logo":{"@type":"ImageObject","inLanguage":"fr-FR","@id":"https:\/\/www.latribunedufaso.net\/#\/schema\/logo\/image\/","url":"https:\/\/www.latribunedufaso.net\/wp-content\/uploads\/2020\/08\/Logo-Tribune-du-Faso-final-scaled.jpg","contentUrl":"https:\/\/www.latribunedufaso.net\/wp-content\/uploads\/2020\/08\/Logo-Tribune-du-Faso-final-scaled.jpg","width":2560,"height":1856,"caption":"La Tribune du Faso"},"image":{"@id":"https:\/\/www.latribunedufaso.net\/#\/schema\/logo\/image\/"},"sameAs":["https:\/\/www.facebook.com\/LatribuneduFaso\/"]},{"@type":"Person","@id":"https:\/\/www.latribunedufaso.net\/#\/schema\/person\/e54e64c5778a7e72cf80a318b7a622b0","name":"Issouf Tapsoba","image":{"@type":"ImageObject","inLanguage":"fr-FR","@id":"https:\/\/secure.gravatar.com\/avatar\/5e6c05150ce3230247d167f5b94d678eb05936197436d69b7921e3a95c9107ac?s=96&d=mm&r=g","url":"https:\/\/secure.gravatar.com\/avatar\/5e6c05150ce3230247d167f5b94d678eb05936197436d69b7921e3a95c9107ac?s=96&d=mm&r=g","contentUrl":"https:\/\/secure.gravatar.com\/avatar\/5e6c05150ce3230247d167f5b94d678eb05936197436d69b7921e3a95c9107ac?s=96&d=mm&r=g","caption":"Issouf Tapsoba"},"url":"https:\/\/www.latribunedufaso.net\/?author=5"}]}},"_links":{"self":[{"href":"https:\/\/www.latribunedufaso.net\/index.php?rest_route=\/wp\/v2\/posts\/16043","targetHints":{"allow":["GET"]}}],"collection":[{"href":"https:\/\/www.latribunedufaso.net\/index.php?rest_route=\/wp\/v2\/posts"}],"about":[{"href":"https:\/\/www.latribunedufaso.net\/index.php?rest_route=\/wp\/v2\/types\/post"}],"author":[{"embeddable":true,"href":"https:\/\/www.latribunedufaso.net\/index.php?rest_route=\/wp\/v2\/users\/5"}],"replies":[{"embeddable":true,"href":"https:\/\/www.latribunedufaso.net\/index.php?rest_route=%2Fwp%2Fv2%2Fcomments&post=16043"}],"version-history":[{"count":1,"href":"https:\/\/www.latribunedufaso.net\/index.php?rest_route=\/wp\/v2\/posts\/16043\/revisions"}],"predecessor-version":[{"id":16054,"href":"https:\/\/www.latribunedufaso.net\/index.php?rest_route=\/wp\/v2\/posts\/16043\/revisions\/16054"}],"wp:featuredmedia":[{"embeddable":true,"href":"https:\/\/www.latribunedufaso.net\/index.php?rest_route=\/wp\/v2\/media\/16052"}],"wp:attachment":[{"href":"https:\/\/www.latribunedufaso.net\/index.php?rest_route=%2Fwp%2Fv2%2Fmedia&parent=16043"}],"wp:term":[{"taxonomy":"category","embeddable":true,"href":"https:\/\/www.latribunedufaso.net\/index.php?rest_route=%2Fwp%2Fv2%2Fcategories&post=16043"},{"taxonomy":"post_tag","embeddable":true,"href":"https:\/\/www.latribunedufaso.net\/index.php?rest_route=%2Fwp%2Fv2%2Ftags&post=16043"}],"curies":[{"name":"wp","href":"https:\/\/api.w.org\/{rel}","templated":true}]}}