{"id":16037,"date":"2024-10-02T15:34:18","date_gmt":"2024-10-02T15:34:18","guid":{"rendered":"https:\/\/www.latribunedufaso.net\/?p=16037"},"modified":"2024-10-02T15:34:18","modified_gmt":"2024-10-02T15:34:18","slug":"iamgold-essakane-sa-les-femmes-de-la-mine-octroient-120-bourses-a-des-jeunes-filles-vulnerables-des-communautes-locales","status":"publish","type":"post","link":"https:\/\/www.latribunedufaso.net\/?p=16037","title":{"rendered":"IAMGOLD Essakane SA : Les femmes de la mine octroient 120 bourses \u00e0 des jeunes filles vuln\u00e9rables des communaut\u00e9s locales"},"content":{"rendered":"<p><strong style=\"font-size: 1.0625rem;\">Le comit\u00e9 Genre des femmes de la mine d\u2019or Essakane a octroy\u00e9, ce lundi 30 septembre 2024, des bourses scolaires \u00e0 120 jeunes filles vuln\u00e9rables des villages impact\u00e9s par l\u2019exploitation mini\u00e8re. D\u2019une valeur totale de 6 millions de FCFA, ce geste de solidarit\u00e9 boucle la s\u00e9rie d\u2019activit\u00e9s engag\u00e9es \u00e0 l\u2019occasion du 08 mars 2024.<\/strong><\/p>\n<p><!--more--><\/p>\n<p><span style=\"font-size: 1.0625rem;\">Dans le cadre de la journ\u00e9e internationale de la femme 2024, une lev\u00e9e de fonds a \u00e9t\u00e9 initi\u00e9e aupr\u00e8s des employ\u00e9s pour soutenir la scolarisation et l\u2019ach\u00e8vement des scolarit\u00e9s des jeunes \u00e9l\u00e8ves. La bourse est de 50 000 FCFA par fille \u00e0 raison de 25 000 FCFA pour l\u2019achat des fournitures scolaires et 25 000 FCFA comme frais alimentaires.\u00a0<\/span><\/p>\n<figure id=\"attachment_16039\" aria-describedby=\"caption-attachment-16039\" style=\"width: 1152px\" class=\"wp-caption aligncenter\"><a href=\"https:\/\/www.latribunedufaso.net\/wp-content\/uploads\/2024\/10\/IMG-20241002-WA0031.jpg\"><img loading=\"lazy\" decoding=\"async\" class=\"size-full wp-image-16039\" src=\"https:\/\/www.latribunedufaso.net\/wp-content\/uploads\/2024\/10\/IMG-20241002-WA0031.jpg\" alt=\"Don des femmes du comit\u00e9 Genre de la mine d'or d'Essakane \u00e0 120 jeunes filles vuln\u00e9rables des villages impact\u00e9s, 30 septembre 2024\" width=\"1152\" height=\"864\" srcset=\"https:\/\/www.latribunedufaso.net\/wp-content\/uploads\/2024\/10\/IMG-20241002-WA0031.jpg 1152w, https:\/\/www.latribunedufaso.net\/wp-content\/uploads\/2024\/10\/IMG-20241002-WA0031-300x225.jpg 300w, https:\/\/www.latribunedufaso.net\/wp-content\/uploads\/2024\/10\/IMG-20241002-WA0031-1024x768.jpg 1024w, https:\/\/www.latribunedufaso.net\/wp-content\/uploads\/2024\/10\/IMG-20241002-WA0031-768x576.jpg 768w\" sizes=\"auto, (max-width: 1152px) 100vw, 1152px\" \/><\/a><figcaption id=\"caption-attachment-16039\" class=\"wp-caption-text\">La c\u00e9r\u00e9monie a \u00e9t\u00e9 marqu\u00e9e par la remise symbolique des bourses &#8211; Ph. Essakane<\/figcaption><\/figure>\n<p>La c\u00e9r\u00e9monie a \u00e9t\u00e9 marqu\u00e9e par la remise symbolique du montant de la bourse \u00e0 10 jeunes filles repr\u00e9sentant l\u2019ensemble des b\u00e9n\u00e9ficiaires en pr\u00e9sence du repr\u00e9sentant du Directeur g\u00e9n\u00e9ral d\u2019IAMGOLD Essakane SA, des repr\u00e9sentants des d\u00e9l\u00e9gations sp\u00e9ciales de Falagountou, de Gorom-Gorom, des chefs de circonscription d\u2019\u00e9ducation de base ; des pr\u00e9sidents CVD et des membres du comit\u00e9 Genre de la mine Essakane.<\/p>\n<p>La jeune fille sah\u00e9lienne est confront\u00e9e \u00e0 des difficult\u00e9s financi\u00e8res, \u00e0 des obligations familiales, \u00e0 des pr\u00e9jug\u00e9s sociaux\u2026 C\u2019est pourquoi le message du DG de IAMGOLD Essakane, M. Tidiane BARRY \u00e0 l\u2019endroit des filles a mentionn\u00e9 que : <em><strong>\u00ab votre pr\u00e9sence ici aujourd\u2019hui d\u00e9montre votre r\u00e9silience, votre d\u00e9termination et votre volont\u00e9 de r\u00e9ussir. Vous \u00eates les leaders de demain et nous croyons fermement en vous et en votre capacit\u00e9 \u00e0 atteindre vos objectifs \u00bb.<\/strong><\/em><\/p>\n<figure id=\"attachment_16038\" aria-describedby=\"caption-attachment-16038\" style=\"width: 1152px\" class=\"wp-caption aligncenter\"><a href=\"https:\/\/www.latribunedufaso.net\/wp-content\/uploads\/2024\/10\/IMG-20241002-WA0032.jpg\"><img loading=\"lazy\" decoding=\"async\" class=\"size-full wp-image-16038\" src=\"https:\/\/www.latribunedufaso.net\/wp-content\/uploads\/2024\/10\/IMG-20241002-WA0032.jpg\" alt=\"\" width=\"1152\" height=\"864\" srcset=\"https:\/\/www.latribunedufaso.net\/wp-content\/uploads\/2024\/10\/IMG-20241002-WA0032.jpg 1152w, https:\/\/www.latribunedufaso.net\/wp-content\/uploads\/2024\/10\/IMG-20241002-WA0032-300x225.jpg 300w, https:\/\/www.latribunedufaso.net\/wp-content\/uploads\/2024\/10\/IMG-20241002-WA0032-1024x768.jpg 1024w, https:\/\/www.latribunedufaso.net\/wp-content\/uploads\/2024\/10\/IMG-20241002-WA0032-768x576.jpg 768w\" sizes=\"auto, (max-width: 1152px) 100vw, 1152px\" \/><\/a><figcaption id=\"caption-attachment-16038\" class=\"wp-caption-text\">Les b\u00e9n\u00e9ficiaires ont re\u00e7u une bourse de 50 000 FCFA &#8211; Ph. Essakane<\/figcaption><\/figure>\n<p><em><strong>\u00ab Chaque jeune fille ici pr\u00e9sente est une source d\u2019espoir et un potentiel immense. L\u2019\u00e9ducation des filles est une priorit\u00e9 absolue, car lorsqu\u2019une fille est \u00e9duqu\u00e9e, c\u2019est toute une communaut\u00e9 qui en b\u00e9n\u00e9ficie. En effet, la fille \u00e9duqu\u00e9e devient non seulement une force de changement pour elle-m\u00eame, mais aussi pour sa famille, son environnement et pour l\u2019avenir de notre pays \u00bb,<\/strong><\/em> a poursuivi le repr\u00e9sentant du DG de la mine Essakane.<\/p>\n<p><strong>Donner aux jeunes filles les moyens d\u2019\u00e9tudier dans de bonnes conditions<\/strong><\/p>\n<p>La championne du comit\u00e9 Genre de la mine Essakane, Mme Eliane Dabir\u00e9 \/ Meda s\u2019adressant aux jeunes filles a soulign\u00e9 que : <em><strong>\u00ab Ce geste des femmes de la mine Essakane n\u2019est qu\u2019un moyen vous permettant d\u2019aller de l\u2019avant. Le plus important demeure dans votre camp \u00e0 savoir la passion et la d\u00e9termination que vous mettrez dans vos \u00e9tudes \u00bb<\/strong><\/em>.<\/p>\n<figure id=\"attachment_16040\" aria-describedby=\"caption-attachment-16040\" style=\"width: 1152px\" class=\"wp-caption aligncenter\"><a href=\"https:\/\/www.latribunedufaso.net\/wp-content\/uploads\/2024\/10\/IMG-20241002-WA0030.jpg\"><img loading=\"lazy\" decoding=\"async\" class=\"size-full wp-image-16040\" src=\"https:\/\/www.latribunedufaso.net\/wp-content\/uploads\/2024\/10\/IMG-20241002-WA0030.jpg\" alt=\"Don des femmes du comit\u00e9 Genre de la mine d'or d'Essakane \u00e0 120 jeunes filles vuln\u00e9rables des villages impact\u00e9s, 30 septembre 2024\" width=\"1152\" height=\"864\" srcset=\"https:\/\/www.latribunedufaso.net\/wp-content\/uploads\/2024\/10\/IMG-20241002-WA0030.jpg 1152w, https:\/\/www.latribunedufaso.net\/wp-content\/uploads\/2024\/10\/IMG-20241002-WA0030-300x225.jpg 300w, https:\/\/www.latribunedufaso.net\/wp-content\/uploads\/2024\/10\/IMG-20241002-WA0030-1024x768.jpg 1024w, https:\/\/www.latribunedufaso.net\/wp-content\/uploads\/2024\/10\/IMG-20241002-WA0030-768x576.jpg 768w\" sizes=\"auto, (max-width: 1152px) 100vw, 1152px\" \/><\/a><figcaption id=\"caption-attachment-16040\" class=\"wp-caption-text\">Remise symbolique du montant de la bourse \u00e0 10 jeunes filles repr\u00e9sentant l\u2019ensemble des b\u00e9n\u00e9ficiaires &#8211; Ph. Essakane<\/figcaption><\/figure>\n<p><em><strong>\u00ab Ne vous laissez pas d\u00e9courag\u00e9es par les obstacles que vous pourriez rencontrer. Vous \u00eates des enfants et vous pouvez faire face \u00e0 tout type de d\u00e9fis. Ayez simplement confiance en vous. Sachez que nous les femmes d\u2019Essakane, nous sommes vos mamans et serons toujours \u00e0 vos c\u00f4t\u00e9s \u00bb<\/strong><\/em>, a-t-elle prodigu\u00e9 comme conseils.<\/p>\n<blockquote>\n<p>Lire aussi &gt;&gt; <a href=\"https:\/\/www.latribunedufaso.net\/?p=14801\">Construction de la fa\u00e7ade de l\u2019ENAM : IAMGOLD Essakane SA contribue \u00e0 hauteur de 120 millions FCFA\u00a0<\/a><\/p>\n<\/blockquote>\n<p>L\u2019\u00e9ducation est le levier le plus puissant pour sortir de la pauvret\u00e9 et transformer nos soci\u00e9t\u00e9s. L\u2019\u00e9v\u00e8nement est une manifestation concr\u00e8te de l\u2019engagement de IAMGOLD Essakane \u00e0 promouvoir l\u2019\u00e9galit\u00e9 des chances dans l\u2019acc\u00e8s \u00e0 l\u2019\u00e9ducation, surtout pour les jeunes filles qui, trop souvent, sont confront\u00e9es \u00e0 des barri\u00e8res importantes sur leur chemin vers l\u2019\u00e9cole.\u00a0<\/p>\n<p>Le chemin du succ\u00e8s scolaire est certes long et le geste de solidarit\u00e9 des femmes employ\u00e9es de la mine Essakane est un pas de plus vers un avenir o\u00f9, chaque fille pourra acc\u00e9der \u00e0 une \u00e9ducation de qualit\u00e9 lui permettant de se r\u00e9aliser pleine<span style=\"font-size: 1.0625rem;\">ment.\u00a0<\/span><\/p>\n<p><strong>Correspondance particuli\u00e8re\u00a0<\/strong><\/p>\n<p><strong>Latribunedufaso.net<\/strong><\/p>\n","protected":false},"excerpt":{"rendered":"<p>Le comit\u00e9 Genre des femmes de la mine d\u2019or Essakane a octroy\u00e9, ce lundi 30 septembre 2024, des bourses scolaires \u00e0 120 jeunes filles vuln\u00e9rables des villages impact\u00e9s par l\u2019exploitation mini\u00e8re. D\u2019une valeur totale de 6 millions de FCFA, ce geste de solidarit\u00e9 boucle la s\u00e9rie d\u2019activit\u00e9s engag\u00e9es \u00e0 l\u2019occasion du 08 mars 2024.<\/p>\n","protected":false},"author":5,"featured_media":16041,"comment_status":"open","ping_status":"open","sticky":false,"template":"","format":"standard","meta":{"footnotes":""},"categories":[13,1,19],"tags":[166,39,52],"class_list":["post-16037","post","type-post","status-publish","format-standard","has-post-thumbnail","hentry","category-une","category-actu","category-mines-et-carrieres","tag-essakane-sa","tag-latribunedufaso-net","tag-mines-et-carrieres"],"yoast_head":"<!-- This site is optimized with the Yoast SEO plugin v27.5 - https:\/\/yoast.com\/product\/yoast-seo-wordpress\/ -->\n<title>IAMGOLD Essakane SA : Les femmes de la mine octroient 120 bourses \u00e0 des jeunes filles vuln\u00e9rables des communaut\u00e9s locales - La Tribune du Faso<\/title>\n<meta name=\"robots\" content=\"index, follow, max-snippet:-1, max-image-preview:large, max-video-preview:-1\" \/>\n<link rel=\"canonical\" href=\"https:\/\/www.latribunedufaso.net\/?p=16037\" \/>\n<meta property=\"og:locale\" content=\"fr_FR\" \/>\n<meta property=\"og:type\" content=\"article\" \/>\n<meta property=\"og:title\" content=\"IAMGOLD Essakane SA : Les femmes de la mine octroient 120 bourses \u00e0 des jeunes filles vuln\u00e9rables des communaut\u00e9s locales - La Tribune du Faso\" \/>\n<meta property=\"og:description\" content=\"Le comit\u00e9 Genre des femmes de la mine d\u2019or Essakane a octroy\u00e9, ce lundi 30 septembre 2024, des bourses scolaires \u00e0 120 jeunes filles vuln\u00e9rables des villages impact\u00e9s par l\u2019exploitation mini\u00e8re. D\u2019une valeur totale de 6 millions de FCFA, ce geste de solidarit\u00e9 boucle la s\u00e9rie d\u2019activit\u00e9s engag\u00e9es \u00e0 l\u2019occasion du 08 mars 2024.\" \/>\n<meta property=\"og:url\" content=\"https:\/\/www.latribunedufaso.net\/?p=16037\" \/>\n<meta property=\"og:site_name\" content=\"La Tribune du Faso\" \/>\n<meta property=\"article:publisher\" content=\"https:\/\/www.facebook.com\/LatribuneduFaso\/\" \/>\n<meta property=\"article:published_time\" content=\"2024-10-02T15:34:18+00:00\" \/>\n<meta property=\"og:image\" content=\"https:\/\/www.latribunedufaso.net\/wp-content\/uploads\/2024\/10\/IMG-20241002-WA0029.jpg\" \/>\n\t<meta property=\"og:image:width\" content=\"1152\" \/>\n\t<meta property=\"og:image:height\" content=\"864\" \/>\n\t<meta property=\"og:image:type\" content=\"image\/jpeg\" \/>\n<meta name=\"author\" content=\"Issouf Tapsoba\" \/>\n<meta name=\"twitter:label1\" content=\"\u00c9crit par\" \/>\n\t<meta name=\"twitter:data1\" content=\"Issouf Tapsoba\" \/>\n\t<meta name=\"twitter:label2\" content=\"Dur\u00e9e de lecture estim\u00e9e\" \/>\n\t<meta name=\"twitter:data2\" content=\"3 minutes\" \/>\n<script type=\"application\/ld+json\" class=\"yoast-schema-graph\">{\"@context\":\"https:\\\/\\\/schema.org\",\"@graph\":[{\"@type\":\"Article\",\"@id\":\"https:\\\/\\\/www.latribunedufaso.net\\\/?p=16037#article\",\"isPartOf\":{\"@id\":\"https:\\\/\\\/www.latribunedufaso.net\\\/?p=16037\"},\"author\":{\"name\":\"Issouf Tapsoba\",\"@id\":\"https:\\\/\\\/www.latribunedufaso.net\\\/#\\\/schema\\\/person\\\/e54e64c5778a7e72cf80a318b7a622b0\"},\"headline\":\"IAMGOLD Essakane SA : Les femmes de la mine octroient 120 bourses \u00e0 des jeunes filles vuln\u00e9rables des communaut\u00e9s locales\",\"datePublished\":\"2024-10-02T15:34:18+00:00\",\"mainEntityOfPage\":{\"@id\":\"https:\\\/\\\/www.latribunedufaso.net\\\/?p=16037\"},\"wordCount\":712,\"commentCount\":0,\"publisher\":{\"@id\":\"https:\\\/\\\/www.latribunedufaso.net\\\/#organization\"},\"image\":{\"@id\":\"https:\\\/\\\/www.latribunedufaso.net\\\/?p=16037#primaryimage\"},\"thumbnailUrl\":\"https:\\\/\\\/www.latribunedufaso.net\\\/wp-content\\\/uploads\\\/2024\\\/10\\\/IMG-20241002-WA0029.jpg\",\"keywords\":[\"Essakane SA\",\"latribunedufaso.net\",\"mines et carri\u00e8res\"],\"articleSection\":[\"A la une\",\"Actualit\u00e9\",\"Mines et Carri\u00e8res\"],\"inLanguage\":\"fr-FR\",\"potentialAction\":[{\"@type\":\"CommentAction\",\"name\":\"Comment\",\"target\":[\"https:\\\/\\\/www.latribunedufaso.net\\\/?p=16037#respond\"]}]},{\"@type\":\"WebPage\",\"@id\":\"https:\\\/\\\/www.latribunedufaso.net\\\/?p=16037\",\"url\":\"https:\\\/\\\/www.latribunedufaso.net\\\/?p=16037\",\"name\":\"IAMGOLD Essakane SA : Les femmes de la mine octroient 120 bourses \u00e0 des jeunes filles vuln\u00e9rables des communaut\u00e9s locales - La Tribune du Faso\",\"isPartOf\":{\"@id\":\"https:\\\/\\\/www.latribunedufaso.net\\\/#website\"},\"primaryImageOfPage\":{\"@id\":\"https:\\\/\\\/www.latribunedufaso.net\\\/?p=16037#primaryimage\"},\"image\":{\"@id\":\"https:\\\/\\\/www.latribunedufaso.net\\\/?p=16037#primaryimage\"},\"thumbnailUrl\":\"https:\\\/\\\/www.latribunedufaso.net\\\/wp-content\\\/uploads\\\/2024\\\/10\\\/IMG-20241002-WA0029.jpg\",\"datePublished\":\"2024-10-02T15:34:18+00:00\",\"breadcrumb\":{\"@id\":\"https:\\\/\\\/www.latribunedufaso.net\\\/?p=16037#breadcrumb\"},\"inLanguage\":\"fr-FR\",\"potentialAction\":[{\"@type\":\"ReadAction\",\"target\":[\"https:\\\/\\\/www.latribunedufaso.net\\\/?p=16037\"]}]},{\"@type\":\"ImageObject\",\"inLanguage\":\"fr-FR\",\"@id\":\"https:\\\/\\\/www.latribunedufaso.net\\\/?p=16037#primaryimage\",\"url\":\"https:\\\/\\\/www.latribunedufaso.net\\\/wp-content\\\/uploads\\\/2024\\\/10\\\/IMG-20241002-WA0029.jpg\",\"contentUrl\":\"https:\\\/\\\/www.latribunedufaso.net\\\/wp-content\\\/uploads\\\/2024\\\/10\\\/IMG-20241002-WA0029.jpg\",\"width\":1152,\"height\":864,\"caption\":\"Don des femmes du comit\u00e9 Genre de la mine d'or d'Essakane \u00e0 120 jeunes filles vuln\u00e9rables des villages impact\u00e9s, 30 septembre 2024\"},{\"@type\":\"BreadcrumbList\",\"@id\":\"https:\\\/\\\/www.latribunedufaso.net\\\/?p=16037#breadcrumb\",\"itemListElement\":[{\"@type\":\"ListItem\",\"position\":1,\"name\":\"Accueil\",\"item\":\"https:\\\/\\\/www.latribunedufaso.net\\\/\"},{\"@type\":\"ListItem\",\"position\":2,\"name\":\"IAMGOLD Essakane SA : Les femmes de la mine octroient 120 bourses \u00e0 des jeunes filles vuln\u00e9rables des communaut\u00e9s locales\"}]},{\"@type\":\"WebSite\",\"@id\":\"https:\\\/\\\/www.latribunedufaso.net\\\/#website\",\"url\":\"https:\\\/\\\/www.latribunedufaso.net\\\/\",\"name\":\"La Tribune du Faso\",\"description\":\"L&#039;information du monde rural en un clic\",\"publisher\":{\"@id\":\"https:\\\/\\\/www.latribunedufaso.net\\\/#organization\"},\"potentialAction\":[{\"@type\":\"SearchAction\",\"target\":{\"@type\":\"EntryPoint\",\"urlTemplate\":\"https:\\\/\\\/www.latribunedufaso.net\\\/?s={search_term_string}\"},\"query-input\":{\"@type\":\"PropertyValueSpecification\",\"valueRequired\":true,\"valueName\":\"search_term_string\"}}],\"inLanguage\":\"fr-FR\"},{\"@type\":\"Organization\",\"@id\":\"https:\\\/\\\/www.latribunedufaso.net\\\/#organization\",\"name\":\"La Tribune du Faso\",\"url\":\"https:\\\/\\\/www.latribunedufaso.net\\\/\",\"logo\":{\"@type\":\"ImageObject\",\"inLanguage\":\"fr-FR\",\"@id\":\"https:\\\/\\\/www.latribunedufaso.net\\\/#\\\/schema\\\/logo\\\/image\\\/\",\"url\":\"https:\\\/\\\/www.latribunedufaso.net\\\/wp-content\\\/uploads\\\/2020\\\/08\\\/Logo-Tribune-du-Faso-final-scaled.jpg\",\"contentUrl\":\"https:\\\/\\\/www.latribunedufaso.net\\\/wp-content\\\/uploads\\\/2020\\\/08\\\/Logo-Tribune-du-Faso-final-scaled.jpg\",\"width\":2560,\"height\":1856,\"caption\":\"La Tribune du Faso\"},\"image\":{\"@id\":\"https:\\\/\\\/www.latribunedufaso.net\\\/#\\\/schema\\\/logo\\\/image\\\/\"},\"sameAs\":[\"https:\\\/\\\/www.facebook.com\\\/LatribuneduFaso\\\/\"]},{\"@type\":\"Person\",\"@id\":\"https:\\\/\\\/www.latribunedufaso.net\\\/#\\\/schema\\\/person\\\/e54e64c5778a7e72cf80a318b7a622b0\",\"name\":\"Issouf Tapsoba\",\"image\":{\"@type\":\"ImageObject\",\"inLanguage\":\"fr-FR\",\"@id\":\"https:\\\/\\\/secure.gravatar.com\\\/avatar\\\/5e6c05150ce3230247d167f5b94d678eb05936197436d69b7921e3a95c9107ac?s=96&d=mm&r=g\",\"url\":\"https:\\\/\\\/secure.gravatar.com\\\/avatar\\\/5e6c05150ce3230247d167f5b94d678eb05936197436d69b7921e3a95c9107ac?s=96&d=mm&r=g\",\"contentUrl\":\"https:\\\/\\\/secure.gravatar.com\\\/avatar\\\/5e6c05150ce3230247d167f5b94d678eb05936197436d69b7921e3a95c9107ac?s=96&d=mm&r=g\",\"caption\":\"Issouf Tapsoba\"},\"url\":\"https:\\\/\\\/www.latribunedufaso.net\\\/?author=5\"}]}<\/script>\n<!-- \/ Yoast SEO plugin. -->","yoast_head_json":{"title":"IAMGOLD Essakane SA : Les femmes de la mine octroient 120 bourses \u00e0 des jeunes filles vuln\u00e9rables des communaut\u00e9s locales - La Tribune du Faso","robots":{"index":"index","follow":"follow","max-snippet":"max-snippet:-1","max-image-preview":"max-image-preview:large","max-video-preview":"max-video-preview:-1"},"canonical":"https:\/\/www.latribunedufaso.net\/?p=16037","og_locale":"fr_FR","og_type":"article","og_title":"IAMGOLD Essakane SA : Les femmes de la mine octroient 120 bourses \u00e0 des jeunes filles vuln\u00e9rables des communaut\u00e9s locales - La Tribune du Faso","og_description":"Le comit\u00e9 Genre des femmes de la mine d\u2019or Essakane a octroy\u00e9, ce lundi 30 septembre 2024, des bourses scolaires \u00e0 120 jeunes filles vuln\u00e9rables des villages impact\u00e9s par l\u2019exploitation mini\u00e8re. D\u2019une valeur totale de 6 millions de FCFA, ce geste de solidarit\u00e9 boucle la s\u00e9rie d\u2019activit\u00e9s engag\u00e9es \u00e0 l\u2019occasion du 08 mars 2024.","og_url":"https:\/\/www.latribunedufaso.net\/?p=16037","og_site_name":"La Tribune du Faso","article_publisher":"https:\/\/www.facebook.com\/LatribuneduFaso\/","article_published_time":"2024-10-02T15:34:18+00:00","og_image":[{"width":1152,"height":864,"url":"https:\/\/www.latribunedufaso.net\/wp-content\/uploads\/2024\/10\/IMG-20241002-WA0029.jpg","type":"image\/jpeg"}],"author":"Issouf Tapsoba","twitter_misc":{"\u00c9crit par":"Issouf Tapsoba","Dur\u00e9e de lecture estim\u00e9e":"3 minutes"},"schema":{"@context":"https:\/\/schema.org","@graph":[{"@type":"Article","@id":"https:\/\/www.latribunedufaso.net\/?p=16037#article","isPartOf":{"@id":"https:\/\/www.latribunedufaso.net\/?p=16037"},"author":{"name":"Issouf Tapsoba","@id":"https:\/\/www.latribunedufaso.net\/#\/schema\/person\/e54e64c5778a7e72cf80a318b7a622b0"},"headline":"IAMGOLD Essakane SA : Les femmes de la mine octroient 120 bourses \u00e0 des jeunes filles vuln\u00e9rables des communaut\u00e9s locales","datePublished":"2024-10-02T15:34:18+00:00","mainEntityOfPage":{"@id":"https:\/\/www.latribunedufaso.net\/?p=16037"},"wordCount":712,"commentCount":0,"publisher":{"@id":"https:\/\/www.latribunedufaso.net\/#organization"},"image":{"@id":"https:\/\/www.latribunedufaso.net\/?p=16037#primaryimage"},"thumbnailUrl":"https:\/\/www.latribunedufaso.net\/wp-content\/uploads\/2024\/10\/IMG-20241002-WA0029.jpg","keywords":["Essakane SA","latribunedufaso.net","mines et carri\u00e8res"],"articleSection":["A la une","Actualit\u00e9","Mines et Carri\u00e8res"],"inLanguage":"fr-FR","potentialAction":[{"@type":"CommentAction","name":"Comment","target":["https:\/\/www.latribunedufaso.net\/?p=16037#respond"]}]},{"@type":"WebPage","@id":"https:\/\/www.latribunedufaso.net\/?p=16037","url":"https:\/\/www.latribunedufaso.net\/?p=16037","name":"IAMGOLD Essakane SA : Les femmes de la mine octroient 120 bourses \u00e0 des jeunes filles vuln\u00e9rables des communaut\u00e9s locales - La Tribune du Faso","isPartOf":{"@id":"https:\/\/www.latribunedufaso.net\/#website"},"primaryImageOfPage":{"@id":"https:\/\/www.latribunedufaso.net\/?p=16037#primaryimage"},"image":{"@id":"https:\/\/www.latribunedufaso.net\/?p=16037#primaryimage"},"thumbnailUrl":"https:\/\/www.latribunedufaso.net\/wp-content\/uploads\/2024\/10\/IMG-20241002-WA0029.jpg","datePublished":"2024-10-02T15:34:18+00:00","breadcrumb":{"@id":"https:\/\/www.latribunedufaso.net\/?p=16037#breadcrumb"},"inLanguage":"fr-FR","potentialAction":[{"@type":"ReadAction","target":["https:\/\/www.latribunedufaso.net\/?p=16037"]}]},{"@type":"ImageObject","inLanguage":"fr-FR","@id":"https:\/\/www.latribunedufaso.net\/?p=16037#primaryimage","url":"https:\/\/www.latribunedufaso.net\/wp-content\/uploads\/2024\/10\/IMG-20241002-WA0029.jpg","contentUrl":"https:\/\/www.latribunedufaso.net\/wp-content\/uploads\/2024\/10\/IMG-20241002-WA0029.jpg","width":1152,"height":864,"caption":"Don des femmes du comit\u00e9 Genre de la mine d'or d'Essakane \u00e0 120 jeunes filles vuln\u00e9rables des villages impact\u00e9s, 30 septembre 2024"},{"@type":"BreadcrumbList","@id":"https:\/\/www.latribunedufaso.net\/?p=16037#breadcrumb","itemListElement":[{"@type":"ListItem","position":1,"name":"Accueil","item":"https:\/\/www.latribunedufaso.net\/"},{"@type":"ListItem","position":2,"name":"IAMGOLD Essakane SA : Les femmes de la mine octroient 120 bourses \u00e0 des jeunes filles vuln\u00e9rables des communaut\u00e9s locales"}]},{"@type":"WebSite","@id":"https:\/\/www.latribunedufaso.net\/#website","url":"https:\/\/www.latribunedufaso.net\/","name":"La Tribune du Faso","description":"L&#039;information du monde rural en un clic","publisher":{"@id":"https:\/\/www.latribunedufaso.net\/#organization"},"potentialAction":[{"@type":"SearchAction","target":{"@type":"EntryPoint","urlTemplate":"https:\/\/www.latribunedufaso.net\/?s={search_term_string}"},"query-input":{"@type":"PropertyValueSpecification","valueRequired":true,"valueName":"search_term_string"}}],"inLanguage":"fr-FR"},{"@type":"Organization","@id":"https:\/\/www.latribunedufaso.net\/#organization","name":"La Tribune du Faso","url":"https:\/\/www.latribunedufaso.net\/","logo":{"@type":"ImageObject","inLanguage":"fr-FR","@id":"https:\/\/www.latribunedufaso.net\/#\/schema\/logo\/image\/","url":"https:\/\/www.latribunedufaso.net\/wp-content\/uploads\/2020\/08\/Logo-Tribune-du-Faso-final-scaled.jpg","contentUrl":"https:\/\/www.latribunedufaso.net\/wp-content\/uploads\/2020\/08\/Logo-Tribune-du-Faso-final-scaled.jpg","width":2560,"height":1856,"caption":"La Tribune du Faso"},"image":{"@id":"https:\/\/www.latribunedufaso.net\/#\/schema\/logo\/image\/"},"sameAs":["https:\/\/www.facebook.com\/LatribuneduFaso\/"]},{"@type":"Person","@id":"https:\/\/www.latribunedufaso.net\/#\/schema\/person\/e54e64c5778a7e72cf80a318b7a622b0","name":"Issouf Tapsoba","image":{"@type":"ImageObject","inLanguage":"fr-FR","@id":"https:\/\/secure.gravatar.com\/avatar\/5e6c05150ce3230247d167f5b94d678eb05936197436d69b7921e3a95c9107ac?s=96&d=mm&r=g","url":"https:\/\/secure.gravatar.com\/avatar\/5e6c05150ce3230247d167f5b94d678eb05936197436d69b7921e3a95c9107ac?s=96&d=mm&r=g","contentUrl":"https:\/\/secure.gravatar.com\/avatar\/5e6c05150ce3230247d167f5b94d678eb05936197436d69b7921e3a95c9107ac?s=96&d=mm&r=g","caption":"Issouf Tapsoba"},"url":"https:\/\/www.latribunedufaso.net\/?author=5"}]}},"_links":{"self":[{"href":"https:\/\/www.latribunedufaso.net\/index.php?rest_route=\/wp\/v2\/posts\/16037","targetHints":{"allow":["GET"]}}],"collection":[{"href":"https:\/\/www.latribunedufaso.net\/index.php?rest_route=\/wp\/v2\/posts"}],"about":[{"href":"https:\/\/www.latribunedufaso.net\/index.php?rest_route=\/wp\/v2\/types\/post"}],"author":[{"embeddable":true,"href":"https:\/\/www.latribunedufaso.net\/index.php?rest_route=\/wp\/v2\/users\/5"}],"replies":[{"embeddable":true,"href":"https:\/\/www.latribunedufaso.net\/index.php?rest_route=%2Fwp%2Fv2%2Fcomments&post=16037"}],"version-history":[{"count":1,"href":"https:\/\/www.latribunedufaso.net\/index.php?rest_route=\/wp\/v2\/posts\/16037\/revisions"}],"predecessor-version":[{"id":16042,"href":"https:\/\/www.latribunedufaso.net\/index.php?rest_route=\/wp\/v2\/posts\/16037\/revisions\/16042"}],"wp:featuredmedia":[{"embeddable":true,"href":"https:\/\/www.latribunedufaso.net\/index.php?rest_route=\/wp\/v2\/media\/16041"}],"wp:attachment":[{"href":"https:\/\/www.latribunedufaso.net\/index.php?rest_route=%2Fwp%2Fv2%2Fmedia&parent=16037"}],"wp:term":[{"taxonomy":"category","embeddable":true,"href":"https:\/\/www.latribunedufaso.net\/index.php?rest_route=%2Fwp%2Fv2%2Fcategories&post=16037"},{"taxonomy":"post_tag","embeddable":true,"href":"https:\/\/www.latribunedufaso.net\/index.php?rest_route=%2Fwp%2Fv2%2Ftags&post=16037"}],"curies":[{"name":"wp","href":"https:\/\/api.w.org\/{rel}","templated":true}]}}