{"id":16031,"date":"2024-10-01T11:51:07","date_gmt":"2024-10-01T11:51:07","guid":{"rendered":"https:\/\/www.latribunedufaso.net\/?p=16031"},"modified":"2024-10-01T11:51:07","modified_gmt":"2024-10-01T11:51:07","slug":"rentree-scolaire-2024-2025-le-chef-de-letat-encourage-les-acteurs-du-systeme-educatif","status":"publish","type":"post","link":"https:\/\/www.latribunedufaso.net\/?p=16031","title":{"rendered":"Rentr\u00e9e scolaire 2024-2025 : Le Chef de l&rsquo;Etat encourage les acteurs du syst\u00e8me \u00e9ducatif\u00a0"},"content":{"rendered":"<p><strong><span style=\"font-size: 1.0625rem;\">A l&rsquo;occasion de la rentr\u00e9e scolaire ce 1er octobre 2024 au Burkina Faso, le Chef de l&rsquo;Etat, le Capitaine Ibrahim Traor\u00e9 a adress\u00e9 un message aux acteurs \u00e9ducatifs.<\/span><\/strong><br \/><!--more--><\/p>\n<p><strong>L&rsquo;int\u00e9gralit\u00e9 du message\u00a0<\/strong><\/p>\n<p>\u00ab Ce mardi 1er octobre, les \u00e9l\u00e8ves de notre pays reprennent le chemin de l\u2019\u00e9cole.<\/p>\n<p>J&rsquo;exprime mes encouragements \u00e0 tous les acteurs de notre syst\u00e8me \u00e9ducatif. Votre engagement, votre r\u00e9silience et votre esprit de sacrifice dans le contexte actuel de notre pays sont les cl\u00e9s de la formation d\u2019une jeunesse porteuse d\u2019espoir pour toute la Nation.<\/p>\n<p>Mes pens\u00e9es vont particuli\u00e8rement aux \u00e9l\u00e8ves d\u00e9plac\u00e9s internes qui, pour certains, vont reprendre les cours dans des conditions difficiles. Aussi, voudrais-je renouveler ma d\u00e9termination et celle du gouvernement pour une am\u00e9lioration continue de la situation s\u00e9curitaire de notre pays afin d\u2019offrir de meilleures conditions d\u2019apprentissage \u00e0 nos enfants, leaders de demain.<\/p>\n<p>Bonne ann\u00e9e scolaire couronn\u00e9e de succ\u00e8s \u00e0 toutes et \u00e0 tous ! \u00bb<\/p>\n<p>S.E le Capitaine Ibrahim TRAORE<\/p>\n<p>Pr\u00e9sident du Faso, Chef de l&rsquo;Etat<\/p>\n<p><strong>Latribunedufaso.net<\/strong><\/p>\n","protected":false},"excerpt":{"rendered":"<p>A l&rsquo;occasion de la rentr\u00e9e scolaire ce 1er octobre 2024 au Burkina Faso, le Chef de l&rsquo;Etat, le Capitaine Ibrahim Traor\u00e9 a adress\u00e9 un message aux acteurs \u00e9ducatifs.<\/p>\n","protected":false},"author":5,"featured_media":16032,"comment_status":"open","ping_status":"open","sticky":false,"template":"","format":"standard","meta":{"footnotes":""},"categories":[13,1,18],"tags":[258,39,257],"class_list":["post-16031","post","type-post","status-publish","format-standard","has-post-thumbnail","hentry","category-une","category-actu","category-communique","tag-education","tag-latribunedufaso-net","tag-rentree-scolaire-2024-2025"],"yoast_head":"<!-- This site is optimized with the Yoast SEO plugin v27.4 - https:\/\/yoast.com\/product\/yoast-seo-wordpress\/ -->\n<title>Rentr\u00e9e scolaire 2024-2025 : Le Chef de l&#039;Etat encourage les acteurs du syst\u00e8me \u00e9ducatif\u00a0 - La Tribune du Faso<\/title>\n<meta name=\"robots\" content=\"index, follow, max-snippet:-1, max-image-preview:large, max-video-preview:-1\" \/>\n<link rel=\"canonical\" href=\"https:\/\/www.latribunedufaso.net\/?p=16031\" \/>\n<meta property=\"og:locale\" content=\"fr_FR\" \/>\n<meta property=\"og:type\" content=\"article\" \/>\n<meta property=\"og:title\" content=\"Rentr\u00e9e scolaire 2024-2025 : Le Chef de l&#039;Etat encourage les acteurs du syst\u00e8me \u00e9ducatif\u00a0 - La Tribune du Faso\" \/>\n<meta property=\"og:description\" content=\"A l&rsquo;occasion de la rentr\u00e9e scolaire ce 1er octobre 2024 au Burkina Faso, le Chef de l&rsquo;Etat, le Capitaine Ibrahim Traor\u00e9 a adress\u00e9 un message aux acteurs \u00e9ducatifs.\" \/>\n<meta property=\"og:url\" content=\"https:\/\/www.latribunedufaso.net\/?p=16031\" \/>\n<meta property=\"og:site_name\" content=\"La Tribune du Faso\" \/>\n<meta property=\"article:publisher\" content=\"https:\/\/www.facebook.com\/LatribuneduFaso\/\" \/>\n<meta property=\"article:published_time\" content=\"2024-10-01T11:51:07+00:00\" \/>\n<meta property=\"og:image\" content=\"https:\/\/www.latribunedufaso.net\/wp-content\/uploads\/2024\/10\/IMG-20241001-WA0022.jpg\" \/>\n\t<meta property=\"og:image:width\" content=\"1080\" \/>\n\t<meta property=\"og:image:height\" content=\"839\" \/>\n\t<meta property=\"og:image:type\" content=\"image\/jpeg\" \/>\n<meta name=\"author\" content=\"Issouf Tapsoba\" \/>\n<meta name=\"twitter:label1\" content=\"\u00c9crit par\" \/>\n\t<meta name=\"twitter:data1\" content=\"Issouf Tapsoba\" \/>\n\t<meta name=\"twitter:label2\" content=\"Dur\u00e9e de lecture estim\u00e9e\" \/>\n\t<meta name=\"twitter:data2\" content=\"1 minute\" \/>\n<script type=\"application\/ld+json\" class=\"yoast-schema-graph\">{\"@context\":\"https:\\\/\\\/schema.org\",\"@graph\":[{\"@type\":\"Article\",\"@id\":\"https:\\\/\\\/www.latribunedufaso.net\\\/?p=16031#article\",\"isPartOf\":{\"@id\":\"https:\\\/\\\/www.latribunedufaso.net\\\/?p=16031\"},\"author\":{\"name\":\"Issouf Tapsoba\",\"@id\":\"https:\\\/\\\/www.latribunedufaso.net\\\/#\\\/schema\\\/person\\\/e54e64c5778a7e72cf80a318b7a622b0\"},\"headline\":\"Rentr\u00e9e scolaire 2024-2025 : Le Chef de l&rsquo;Etat encourage les acteurs du syst\u00e8me \u00e9ducatif\u00a0\",\"datePublished\":\"2024-10-01T11:51:07+00:00\",\"mainEntityOfPage\":{\"@id\":\"https:\\\/\\\/www.latribunedufaso.net\\\/?p=16031\"},\"wordCount\":201,\"commentCount\":0,\"publisher\":{\"@id\":\"https:\\\/\\\/www.latribunedufaso.net\\\/#organization\"},\"image\":{\"@id\":\"https:\\\/\\\/www.latribunedufaso.net\\\/?p=16031#primaryimage\"},\"thumbnailUrl\":\"https:\\\/\\\/www.latribunedufaso.net\\\/wp-content\\\/uploads\\\/2024\\\/10\\\/IMG-20241001-WA0022.jpg\",\"keywords\":[\"\u00e9ducation\",\"latribunedufaso.net\",\"Rentr\u00e9e scolaire 2024-2025\"],\"articleSection\":[\"A la une\",\"Actualit\u00e9\",\"Communiqu\u00e9\"],\"inLanguage\":\"fr-FR\",\"potentialAction\":[{\"@type\":\"CommentAction\",\"name\":\"Comment\",\"target\":[\"https:\\\/\\\/www.latribunedufaso.net\\\/?p=16031#respond\"]}]},{\"@type\":\"WebPage\",\"@id\":\"https:\\\/\\\/www.latribunedufaso.net\\\/?p=16031\",\"url\":\"https:\\\/\\\/www.latribunedufaso.net\\\/?p=16031\",\"name\":\"Rentr\u00e9e scolaire 2024-2025 : Le Chef de l'Etat encourage les acteurs du syst\u00e8me \u00e9ducatif\u00a0 - La Tribune du Faso\",\"isPartOf\":{\"@id\":\"https:\\\/\\\/www.latribunedufaso.net\\\/#website\"},\"primaryImageOfPage\":{\"@id\":\"https:\\\/\\\/www.latribunedufaso.net\\\/?p=16031#primaryimage\"},\"image\":{\"@id\":\"https:\\\/\\\/www.latribunedufaso.net\\\/?p=16031#primaryimage\"},\"thumbnailUrl\":\"https:\\\/\\\/www.latribunedufaso.net\\\/wp-content\\\/uploads\\\/2024\\\/10\\\/IMG-20241001-WA0022.jpg\",\"datePublished\":\"2024-10-01T11:51:07+00:00\",\"breadcrumb\":{\"@id\":\"https:\\\/\\\/www.latribunedufaso.net\\\/?p=16031#breadcrumb\"},\"inLanguage\":\"fr-FR\",\"potentialAction\":[{\"@type\":\"ReadAction\",\"target\":[\"https:\\\/\\\/www.latribunedufaso.net\\\/?p=16031\"]}]},{\"@type\":\"ImageObject\",\"inLanguage\":\"fr-FR\",\"@id\":\"https:\\\/\\\/www.latribunedufaso.net\\\/?p=16031#primaryimage\",\"url\":\"https:\\\/\\\/www.latribunedufaso.net\\\/wp-content\\\/uploads\\\/2024\\\/10\\\/IMG-20241001-WA0022.jpg\",\"contentUrl\":\"https:\\\/\\\/www.latribunedufaso.net\\\/wp-content\\\/uploads\\\/2024\\\/10\\\/IMG-20241001-WA0022.jpg\",\"width\":1080,\"height\":839,\"caption\":\"Message du Chef de l'Etat \u00e0 l'occasion de la rentr\u00e9e scolaire 2024-2025\"},{\"@type\":\"BreadcrumbList\",\"@id\":\"https:\\\/\\\/www.latribunedufaso.net\\\/?p=16031#breadcrumb\",\"itemListElement\":[{\"@type\":\"ListItem\",\"position\":1,\"name\":\"Accueil\",\"item\":\"https:\\\/\\\/www.latribunedufaso.net\\\/\"},{\"@type\":\"ListItem\",\"position\":2,\"name\":\"Rentr\u00e9e scolaire 2024-2025 : Le Chef de l&rsquo;Etat encourage les acteurs du syst\u00e8me \u00e9ducatif\u00a0\"}]},{\"@type\":\"WebSite\",\"@id\":\"https:\\\/\\\/www.latribunedufaso.net\\\/#website\",\"url\":\"https:\\\/\\\/www.latribunedufaso.net\\\/\",\"name\":\"La Tribune du Faso\",\"description\":\"L&#039;information du monde rural en un clic\",\"publisher\":{\"@id\":\"https:\\\/\\\/www.latribunedufaso.net\\\/#organization\"},\"potentialAction\":[{\"@type\":\"SearchAction\",\"target\":{\"@type\":\"EntryPoint\",\"urlTemplate\":\"https:\\\/\\\/www.latribunedufaso.net\\\/?s={search_term_string}\"},\"query-input\":{\"@type\":\"PropertyValueSpecification\",\"valueRequired\":true,\"valueName\":\"search_term_string\"}}],\"inLanguage\":\"fr-FR\"},{\"@type\":\"Organization\",\"@id\":\"https:\\\/\\\/www.latribunedufaso.net\\\/#organization\",\"name\":\"La Tribune du Faso\",\"url\":\"https:\\\/\\\/www.latribunedufaso.net\\\/\",\"logo\":{\"@type\":\"ImageObject\",\"inLanguage\":\"fr-FR\",\"@id\":\"https:\\\/\\\/www.latribunedufaso.net\\\/#\\\/schema\\\/logo\\\/image\\\/\",\"url\":\"https:\\\/\\\/www.latribunedufaso.net\\\/wp-content\\\/uploads\\\/2020\\\/08\\\/Logo-Tribune-du-Faso-final-scaled.jpg\",\"contentUrl\":\"https:\\\/\\\/www.latribunedufaso.net\\\/wp-content\\\/uploads\\\/2020\\\/08\\\/Logo-Tribune-du-Faso-final-scaled.jpg\",\"width\":2560,\"height\":1856,\"caption\":\"La Tribune du Faso\"},\"image\":{\"@id\":\"https:\\\/\\\/www.latribunedufaso.net\\\/#\\\/schema\\\/logo\\\/image\\\/\"},\"sameAs\":[\"https:\\\/\\\/www.facebook.com\\\/LatribuneduFaso\\\/\"]},{\"@type\":\"Person\",\"@id\":\"https:\\\/\\\/www.latribunedufaso.net\\\/#\\\/schema\\\/person\\\/e54e64c5778a7e72cf80a318b7a622b0\",\"name\":\"Issouf Tapsoba\",\"image\":{\"@type\":\"ImageObject\",\"inLanguage\":\"fr-FR\",\"@id\":\"https:\\\/\\\/secure.gravatar.com\\\/avatar\\\/5e6c05150ce3230247d167f5b94d678eb05936197436d69b7921e3a95c9107ac?s=96&d=mm&r=g\",\"url\":\"https:\\\/\\\/secure.gravatar.com\\\/avatar\\\/5e6c05150ce3230247d167f5b94d678eb05936197436d69b7921e3a95c9107ac?s=96&d=mm&r=g\",\"contentUrl\":\"https:\\\/\\\/secure.gravatar.com\\\/avatar\\\/5e6c05150ce3230247d167f5b94d678eb05936197436d69b7921e3a95c9107ac?s=96&d=mm&r=g\",\"caption\":\"Issouf Tapsoba\"},\"url\":\"https:\\\/\\\/www.latribunedufaso.net\\\/?author=5\"}]}<\/script>\n<!-- \/ Yoast SEO plugin. -->","yoast_head_json":{"title":"Rentr\u00e9e scolaire 2024-2025 : Le Chef de l'Etat encourage les acteurs du syst\u00e8me \u00e9ducatif\u00a0 - La Tribune du Faso","robots":{"index":"index","follow":"follow","max-snippet":"max-snippet:-1","max-image-preview":"max-image-preview:large","max-video-preview":"max-video-preview:-1"},"canonical":"https:\/\/www.latribunedufaso.net\/?p=16031","og_locale":"fr_FR","og_type":"article","og_title":"Rentr\u00e9e scolaire 2024-2025 : Le Chef de l'Etat encourage les acteurs du syst\u00e8me \u00e9ducatif\u00a0 - La Tribune du Faso","og_description":"A l&rsquo;occasion de la rentr\u00e9e scolaire ce 1er octobre 2024 au Burkina Faso, le Chef de l&rsquo;Etat, le Capitaine Ibrahim Traor\u00e9 a adress\u00e9 un message aux acteurs \u00e9ducatifs.","og_url":"https:\/\/www.latribunedufaso.net\/?p=16031","og_site_name":"La Tribune du Faso","article_publisher":"https:\/\/www.facebook.com\/LatribuneduFaso\/","article_published_time":"2024-10-01T11:51:07+00:00","og_image":[{"width":1080,"height":839,"url":"https:\/\/www.latribunedufaso.net\/wp-content\/uploads\/2024\/10\/IMG-20241001-WA0022.jpg","type":"image\/jpeg"}],"author":"Issouf Tapsoba","twitter_misc":{"\u00c9crit par":"Issouf Tapsoba","Dur\u00e9e de lecture estim\u00e9e":"1 minute"},"schema":{"@context":"https:\/\/schema.org","@graph":[{"@type":"Article","@id":"https:\/\/www.latribunedufaso.net\/?p=16031#article","isPartOf":{"@id":"https:\/\/www.latribunedufaso.net\/?p=16031"},"author":{"name":"Issouf Tapsoba","@id":"https:\/\/www.latribunedufaso.net\/#\/schema\/person\/e54e64c5778a7e72cf80a318b7a622b0"},"headline":"Rentr\u00e9e scolaire 2024-2025 : Le Chef de l&rsquo;Etat encourage les acteurs du syst\u00e8me \u00e9ducatif\u00a0","datePublished":"2024-10-01T11:51:07+00:00","mainEntityOfPage":{"@id":"https:\/\/www.latribunedufaso.net\/?p=16031"},"wordCount":201,"commentCount":0,"publisher":{"@id":"https:\/\/www.latribunedufaso.net\/#organization"},"image":{"@id":"https:\/\/www.latribunedufaso.net\/?p=16031#primaryimage"},"thumbnailUrl":"https:\/\/www.latribunedufaso.net\/wp-content\/uploads\/2024\/10\/IMG-20241001-WA0022.jpg","keywords":["\u00e9ducation","latribunedufaso.net","Rentr\u00e9e scolaire 2024-2025"],"articleSection":["A la une","Actualit\u00e9","Communiqu\u00e9"],"inLanguage":"fr-FR","potentialAction":[{"@type":"CommentAction","name":"Comment","target":["https:\/\/www.latribunedufaso.net\/?p=16031#respond"]}]},{"@type":"WebPage","@id":"https:\/\/www.latribunedufaso.net\/?p=16031","url":"https:\/\/www.latribunedufaso.net\/?p=16031","name":"Rentr\u00e9e scolaire 2024-2025 : Le Chef de l'Etat encourage les acteurs du syst\u00e8me \u00e9ducatif\u00a0 - La Tribune du Faso","isPartOf":{"@id":"https:\/\/www.latribunedufaso.net\/#website"},"primaryImageOfPage":{"@id":"https:\/\/www.latribunedufaso.net\/?p=16031#primaryimage"},"image":{"@id":"https:\/\/www.latribunedufaso.net\/?p=16031#primaryimage"},"thumbnailUrl":"https:\/\/www.latribunedufaso.net\/wp-content\/uploads\/2024\/10\/IMG-20241001-WA0022.jpg","datePublished":"2024-10-01T11:51:07+00:00","breadcrumb":{"@id":"https:\/\/www.latribunedufaso.net\/?p=16031#breadcrumb"},"inLanguage":"fr-FR","potentialAction":[{"@type":"ReadAction","target":["https:\/\/www.latribunedufaso.net\/?p=16031"]}]},{"@type":"ImageObject","inLanguage":"fr-FR","@id":"https:\/\/www.latribunedufaso.net\/?p=16031#primaryimage","url":"https:\/\/www.latribunedufaso.net\/wp-content\/uploads\/2024\/10\/IMG-20241001-WA0022.jpg","contentUrl":"https:\/\/www.latribunedufaso.net\/wp-content\/uploads\/2024\/10\/IMG-20241001-WA0022.jpg","width":1080,"height":839,"caption":"Message du Chef de l'Etat \u00e0 l'occasion de la rentr\u00e9e scolaire 2024-2025"},{"@type":"BreadcrumbList","@id":"https:\/\/www.latribunedufaso.net\/?p=16031#breadcrumb","itemListElement":[{"@type":"ListItem","position":1,"name":"Accueil","item":"https:\/\/www.latribunedufaso.net\/"},{"@type":"ListItem","position":2,"name":"Rentr\u00e9e scolaire 2024-2025 : Le Chef de l&rsquo;Etat encourage les acteurs du syst\u00e8me \u00e9ducatif\u00a0"}]},{"@type":"WebSite","@id":"https:\/\/www.latribunedufaso.net\/#website","url":"https:\/\/www.latribunedufaso.net\/","name":"La Tribune du Faso","description":"L&#039;information du monde rural en un clic","publisher":{"@id":"https:\/\/www.latribunedufaso.net\/#organization"},"potentialAction":[{"@type":"SearchAction","target":{"@type":"EntryPoint","urlTemplate":"https:\/\/www.latribunedufaso.net\/?s={search_term_string}"},"query-input":{"@type":"PropertyValueSpecification","valueRequired":true,"valueName":"search_term_string"}}],"inLanguage":"fr-FR"},{"@type":"Organization","@id":"https:\/\/www.latribunedufaso.net\/#organization","name":"La Tribune du Faso","url":"https:\/\/www.latribunedufaso.net\/","logo":{"@type":"ImageObject","inLanguage":"fr-FR","@id":"https:\/\/www.latribunedufaso.net\/#\/schema\/logo\/image\/","url":"https:\/\/www.latribunedufaso.net\/wp-content\/uploads\/2020\/08\/Logo-Tribune-du-Faso-final-scaled.jpg","contentUrl":"https:\/\/www.latribunedufaso.net\/wp-content\/uploads\/2020\/08\/Logo-Tribune-du-Faso-final-scaled.jpg","width":2560,"height":1856,"caption":"La Tribune du Faso"},"image":{"@id":"https:\/\/www.latribunedufaso.net\/#\/schema\/logo\/image\/"},"sameAs":["https:\/\/www.facebook.com\/LatribuneduFaso\/"]},{"@type":"Person","@id":"https:\/\/www.latribunedufaso.net\/#\/schema\/person\/e54e64c5778a7e72cf80a318b7a622b0","name":"Issouf Tapsoba","image":{"@type":"ImageObject","inLanguage":"fr-FR","@id":"https:\/\/secure.gravatar.com\/avatar\/5e6c05150ce3230247d167f5b94d678eb05936197436d69b7921e3a95c9107ac?s=96&d=mm&r=g","url":"https:\/\/secure.gravatar.com\/avatar\/5e6c05150ce3230247d167f5b94d678eb05936197436d69b7921e3a95c9107ac?s=96&d=mm&r=g","contentUrl":"https:\/\/secure.gravatar.com\/avatar\/5e6c05150ce3230247d167f5b94d678eb05936197436d69b7921e3a95c9107ac?s=96&d=mm&r=g","caption":"Issouf Tapsoba"},"url":"https:\/\/www.latribunedufaso.net\/?author=5"}]}},"_links":{"self":[{"href":"https:\/\/www.latribunedufaso.net\/index.php?rest_route=\/wp\/v2\/posts\/16031","targetHints":{"allow":["GET"]}}],"collection":[{"href":"https:\/\/www.latribunedufaso.net\/index.php?rest_route=\/wp\/v2\/posts"}],"about":[{"href":"https:\/\/www.latribunedufaso.net\/index.php?rest_route=\/wp\/v2\/types\/post"}],"author":[{"embeddable":true,"href":"https:\/\/www.latribunedufaso.net\/index.php?rest_route=\/wp\/v2\/users\/5"}],"replies":[{"embeddable":true,"href":"https:\/\/www.latribunedufaso.net\/index.php?rest_route=%2Fwp%2Fv2%2Fcomments&post=16031"}],"version-history":[{"count":1,"href":"https:\/\/www.latribunedufaso.net\/index.php?rest_route=\/wp\/v2\/posts\/16031\/revisions"}],"predecessor-version":[{"id":16033,"href":"https:\/\/www.latribunedufaso.net\/index.php?rest_route=\/wp\/v2\/posts\/16031\/revisions\/16033"}],"wp:featuredmedia":[{"embeddable":true,"href":"https:\/\/www.latribunedufaso.net\/index.php?rest_route=\/wp\/v2\/media\/16032"}],"wp:attachment":[{"href":"https:\/\/www.latribunedufaso.net\/index.php?rest_route=%2Fwp%2Fv2%2Fmedia&parent=16031"}],"wp:term":[{"taxonomy":"category","embeddable":true,"href":"https:\/\/www.latribunedufaso.net\/index.php?rest_route=%2Fwp%2Fv2%2Fcategories&post=16031"},{"taxonomy":"post_tag","embeddable":true,"href":"https:\/\/www.latribunedufaso.net\/index.php?rest_route=%2Fwp%2Fv2%2Ftags&post=16031"}],"curies":[{"name":"wp","href":"https:\/\/api.w.org\/{rel}","templated":true}]}}