{"id":16009,"date":"2024-09-30T18:39:42","date_gmt":"2024-09-30T18:39:42","guid":{"rendered":"https:\/\/www.latribunedufaso.net\/?p=16009"},"modified":"2024-10-01T08:38:16","modified_gmt":"2024-10-01T08:38:16","slug":"fonds-de-soutien-patriotique-130-milliards-recoltes-a-ce-jour","status":"publish","type":"post","link":"https:\/\/www.latribunedufaso.net\/?p=16009","title":{"rendered":"Fonds de soutien patriotique : 130 milliards r\u00e9colt\u00e9s \u00e0 ce jour"},"content":{"rendered":"<p><strong><span style=\"font-size: 1.0625rem;\">Le premier ministre a pr\u00e9sid\u00e9 ce lundi 30 septembre 2024 dans la salle de conf\u00e9rences du minist\u00e8re en charge des Affaires \u00e9trang\u00e8res \u00e0 Ouagadougou, la 3\u00e8me session ordinaire de l\u2019ann\u00e9e 2024 du Conseil d\u2019orientation du Fonds de soutien patriotique (CO-FSP).\u00a0<\/span><\/strong><br \/><!--more--><\/p>\n<p>L\u2019ordre du jour \u00e9tait consacr\u00e9 \u00e0 deux points essentiels. Il s&rsquo;agit de l\u2019examen et l\u2019adoption du troisi\u00e8me rapport de gestion du fonds et l\u2019examen du projet d\u2019affectation de ressources aux b\u00e9n\u00e9ficiaires.\u00a0<\/p>\n<p>Du bilan \u00e9tabli en ce qui concerne le FSP au 22 septembre 2024, c\u2019est plus de 130 milliards qui ont \u00e9t\u00e9 mobilis\u00e9s.<em><strong> \u00ab Toute chose qui permet au Gouvernement de prendre en charge efficacement les d\u00e9penses de fonctionnement des VDP et d\u2019acquisition d\u2019\u00e9quipements au b\u00e9n\u00e9fice de toutes les forces combattantes \u00bb,<\/strong><\/em> a pr\u00e9cis\u00e9 le ministre en charge de l\u2019Economie, Aboubacar Nacanabo.\u00a0<\/p>\n<figure id=\"attachment_16016\" aria-describedby=\"caption-attachment-16016\" style=\"width: 1080px\" class=\"wp-caption aligncenter\"><a href=\"https:\/\/www.latribunedufaso.net\/wp-content\/uploads\/2024\/10\/IMG-20241001-WA0000.jpg\"><img loading=\"lazy\" decoding=\"async\" class=\"size-full wp-image-16016\" src=\"https:\/\/www.latribunedufaso.net\/wp-content\/uploads\/2024\/10\/IMG-20241001-WA0000.jpg\" alt=\"Le ministre de l'Economie lors de la Troisi\u00e8me session du Conseil d\u2019orientation du Fonds de soutien patriotique, 30 septembre 2024\" width=\"1080\" height=\"810\" srcset=\"https:\/\/www.latribunedufaso.net\/wp-content\/uploads\/2024\/10\/IMG-20241001-WA0000.jpg 1080w, https:\/\/www.latribunedufaso.net\/wp-content\/uploads\/2024\/10\/IMG-20241001-WA0000-300x225.jpg 300w, https:\/\/www.latribunedufaso.net\/wp-content\/uploads\/2024\/10\/IMG-20241001-WA0000-1024x768.jpg 1024w, https:\/\/www.latribunedufaso.net\/wp-content\/uploads\/2024\/10\/IMG-20241001-WA0000-768x576.jpg 768w\" sizes=\"auto, (max-width: 1080px) 100vw, 1080px\" \/><\/a><figcaption id=\"caption-attachment-16016\" class=\"wp-caption-text\">Le ministre de l&rsquo;Economie et des Finances &#8211; Ph. I. Tougma<\/figcaption><\/figure>\n<p>Au troisi\u00e8me trimestre, l&rsquo;\u00e9volution <span style=\"font-size: 1.0625rem;\">des encaissements est marqu\u00e9e principalement par les performances constat\u00e9es au titre des pr\u00e9l\u00e8vements et des ressources enregistr\u00e9es du Fond minier de d\u00e9veloppement (FMD). Le montant collect\u00e9 au titre de ces deux rubriques s\u2019\u00e9l\u00e8ve \u00e0 27 033 374 328 FCFA soit environ 62% des ressources encaiss\u00e9es au cours du troisi\u00e8me trimestre.<\/span><\/p>\n<blockquote>\n<p>Lire aussi &gt;&gt; <a href=\"https:\/\/www.latribunedufaso.net\/?p=12508\">Fonds de soutien patriotique : Pr\u00e8s de 100 milliards de FCFA mobilis\u00e9s au titre de l\u2019ann\u00e9e 2023<\/a><\/p>\n<\/blockquote>\n<p>Au titre des pr\u00e9l\u00e8vements, le montant collect\u00e9 sur la consommation des produits de la BRAKINA\/SODIBO repr\u00e9sentent 64,54%. Ils sont suivis par la contribution sp\u00e9ciale sur les b\u00e9n\u00e9fices nets des entreprises dont le montant cumul\u00e9 \u00e0 ce titre au 22 septembre 2024 s\u2019\u00e9l\u00e8ve \u00e0 19 796 618 879 FCFA, soit environ 30% des pr\u00e9l\u00e8vements.<\/p>\n<p>Concernant les pr\u00e9l\u00e8vements effectu\u00e9s sur les prestations des op\u00e9rateurs de t\u00e9l\u00e9phonie mobile et d\u2019audiovisuel, le montant des encaissements au 22 septembre 2024 s\u2019\u00e9l\u00e8ve \u00e0 16 870 087 323 FCFA. Sur ce montant, la contribution de ORANGE repr\u00e9sente environ 56% de l\u2019ensemble des op\u00e9rateurs concern\u00e9s. <span style=\"font-size: 1.0625rem;\">Dans la p\u00e9riode sous revue, ce sont 5 519 893 641 FCFA qui ont \u00e9t\u00e9 mobilis\u00e9s au titre de cette rubrique.<\/span><\/p>\n<p><strong>Mobilisation totale des fonds du 1er janvier 2024 au 22 septem<\/strong><span style=\"font-size: 1.0625rem;\"><strong>bre 2024<\/strong><\/span><\/p>\n<figure id=\"attachment_16013\" aria-describedby=\"caption-attachment-16013\" style=\"width: 720px\" class=\"wp-caption aligncenter\"><a href=\"https:\/\/www.latribunedufaso.net\/wp-content\/uploads\/2024\/10\/IMG_202410275_075810886.jpeg\"><img loading=\"lazy\" decoding=\"async\" class=\"size-full wp-image-16013\" src=\"https:\/\/www.latribunedufaso.net\/wp-content\/uploads\/2024\/10\/IMG_202410275_075810886.jpeg\" alt=\"Troisi\u00e8me session du Conseil d\u2019orientation du Fonds de soutien patriotique, 30 septembre 2024\" width=\"720\" height=\"568\" srcset=\"https:\/\/www.latribunedufaso.net\/wp-content\/uploads\/2024\/10\/IMG_202410275_075810886.jpeg 720w, https:\/\/www.latribunedufaso.net\/wp-content\/uploads\/2024\/10\/IMG_202410275_075810886-300x237.jpeg 300w\" sizes=\"auto, (max-width: 720px) 100vw, 720px\" \/><\/a><figcaption id=\"caption-attachment-16013\" class=\"wp-caption-text\">Source : CO-FSP<\/figcaption><\/figure>\n<p><strong>Au titre des d\u00e9penses du 1er janvier 2024 au 22 septembre 2024<\/strong><\/p>\n<figure id=\"attachment_16014\" aria-describedby=\"caption-attachment-16014\" style=\"width: 720px\" class=\"wp-caption aligncenter\"><a href=\"https:\/\/www.latribunedufaso.net\/wp-content\/uploads\/2024\/10\/IMG_202410275_075805687.jpeg\"><img loading=\"lazy\" decoding=\"async\" class=\"size-full wp-image-16014\" src=\"https:\/\/www.latribunedufaso.net\/wp-content\/uploads\/2024\/10\/IMG_202410275_075805687.jpeg\" alt=\"Troisi\u00e8me session du Conseil d\u2019orientation du Fonds de soutien patriotique, 30 septembre 2024\" width=\"720\" height=\"426\" srcset=\"https:\/\/www.latribunedufaso.net\/wp-content\/uploads\/2024\/10\/IMG_202410275_075805687.jpeg 720w, https:\/\/www.latribunedufaso.net\/wp-content\/uploads\/2024\/10\/IMG_202410275_075805687-300x178.jpeg 300w\" sizes=\"auto, (max-width: 720px) 100vw, 720px\" \/><\/a><figcaption id=\"caption-attachment-16014\" class=\"wp-caption-text\">Source : CO-FSP<\/figcaption><\/figure>\n<p><strong>Ines TOUGMA\u00a0<\/strong><\/p>\n<p><strong>Latribunedufaso.ne<span style=\"font-size: 1.0625rem;\">t\u00a0<\/span><\/strong><\/p>\n","protected":false},"excerpt":{"rendered":"<p>Le premier ministre a pr\u00e9sid\u00e9 ce lundi 30 septembre 2024 dans la salle de conf\u00e9rences du minist\u00e8re en charge des Affaires \u00e9trang\u00e8res \u00e0 Ouagadougou, la 3\u00e8me session ordinaire de l\u2019ann\u00e9e 2024 du Conseil d\u2019orientation du Fonds de soutien patriotique (CO-FSP).\u00a0<\/p>\n","protected":false},"author":5,"featured_media":16015,"comment_status":"open","ping_status":"open","sticky":false,"template":"","format":"standard","meta":{"footnotes":""},"categories":[13,1,8],"tags":[254,39],"class_list":["post-16009","post","type-post","status-publish","format-standard","has-post-thumbnail","hentry","category-une","category-actu","category-societe","tag-fonds-de-soutien-patriotique","tag-latribunedufaso-net"],"yoast_head":"<!-- This site is optimized with the Yoast SEO plugin v27.5 - https:\/\/yoast.com\/product\/yoast-seo-wordpress\/ -->\n<title>Fonds de soutien patriotique : 130 milliards r\u00e9colt\u00e9s \u00e0 ce jour - La Tribune du Faso<\/title>\n<meta name=\"robots\" content=\"index, follow, max-snippet:-1, max-image-preview:large, max-video-preview:-1\" \/>\n<link rel=\"canonical\" href=\"https:\/\/www.latribunedufaso.net\/?p=16009\" \/>\n<meta property=\"og:locale\" content=\"fr_FR\" \/>\n<meta property=\"og:type\" content=\"article\" \/>\n<meta property=\"og:title\" content=\"Fonds de soutien patriotique : 130 milliards r\u00e9colt\u00e9s \u00e0 ce jour - La Tribune du Faso\" \/>\n<meta property=\"og:description\" content=\"Le premier ministre a pr\u00e9sid\u00e9 ce lundi 30 septembre 2024 dans la salle de conf\u00e9rences du minist\u00e8re en charge des Affaires \u00e9trang\u00e8res \u00e0 Ouagadougou, la 3\u00e8me session ordinaire de l\u2019ann\u00e9e 2024 du Conseil d\u2019orientation du Fonds de soutien patriotique (CO-FSP).\u00a0\" \/>\n<meta property=\"og:url\" content=\"https:\/\/www.latribunedufaso.net\/?p=16009\" \/>\n<meta property=\"og:site_name\" content=\"La Tribune du Faso\" \/>\n<meta property=\"article:publisher\" content=\"https:\/\/www.facebook.com\/LatribuneduFaso\/\" \/>\n<meta property=\"article:published_time\" content=\"2024-09-30T18:39:42+00:00\" \/>\n<meta property=\"article:modified_time\" content=\"2024-10-01T08:38:16+00:00\" \/>\n<meta property=\"og:image\" content=\"https:\/\/www.latribunedufaso.net\/wp-content\/uploads\/2024\/10\/IMG-20241001-WA0001.jpg\" \/>\n\t<meta property=\"og:image:width\" content=\"1080\" \/>\n\t<meta property=\"og:image:height\" content=\"810\" \/>\n\t<meta property=\"og:image:type\" content=\"image\/jpeg\" \/>\n<meta name=\"author\" content=\"Issouf Tapsoba\" \/>\n<meta name=\"twitter:label1\" content=\"\u00c9crit par\" \/>\n\t<meta name=\"twitter:data1\" content=\"Issouf Tapsoba\" \/>\n\t<meta name=\"twitter:label2\" content=\"Dur\u00e9e de lecture estim\u00e9e\" \/>\n\t<meta name=\"twitter:data2\" content=\"2 minutes\" \/>\n<script type=\"application\/ld+json\" class=\"yoast-schema-graph\">{\"@context\":\"https:\\\/\\\/schema.org\",\"@graph\":[{\"@type\":\"Article\",\"@id\":\"https:\\\/\\\/www.latribunedufaso.net\\\/?p=16009#article\",\"isPartOf\":{\"@id\":\"https:\\\/\\\/www.latribunedufaso.net\\\/?p=16009\"},\"author\":{\"name\":\"Issouf Tapsoba\",\"@id\":\"https:\\\/\\\/www.latribunedufaso.net\\\/#\\\/schema\\\/person\\\/e54e64c5778a7e72cf80a318b7a622b0\"},\"headline\":\"Fonds de soutien patriotique : 130 milliards r\u00e9colt\u00e9s \u00e0 ce jour\",\"datePublished\":\"2024-09-30T18:39:42+00:00\",\"dateModified\":\"2024-10-01T08:38:16+00:00\",\"mainEntityOfPage\":{\"@id\":\"https:\\\/\\\/www.latribunedufaso.net\\\/?p=16009\"},\"wordCount\":422,\"commentCount\":0,\"publisher\":{\"@id\":\"https:\\\/\\\/www.latribunedufaso.net\\\/#organization\"},\"image\":{\"@id\":\"https:\\\/\\\/www.latribunedufaso.net\\\/?p=16009#primaryimage\"},\"thumbnailUrl\":\"https:\\\/\\\/www.latribunedufaso.net\\\/wp-content\\\/uploads\\\/2024\\\/10\\\/IMG-20241001-WA0001.jpg\",\"keywords\":[\"Fonds de soutien patriotique\",\"latribunedufaso.net\"],\"articleSection\":[\"A la une\",\"Actualit\u00e9\",\"Soci\u00e9t\u00e9\"],\"inLanguage\":\"fr-FR\",\"potentialAction\":[{\"@type\":\"CommentAction\",\"name\":\"Comment\",\"target\":[\"https:\\\/\\\/www.latribunedufaso.net\\\/?p=16009#respond\"]}]},{\"@type\":\"WebPage\",\"@id\":\"https:\\\/\\\/www.latribunedufaso.net\\\/?p=16009\",\"url\":\"https:\\\/\\\/www.latribunedufaso.net\\\/?p=16009\",\"name\":\"Fonds de soutien patriotique : 130 milliards r\u00e9colt\u00e9s \u00e0 ce jour - La Tribune du Faso\",\"isPartOf\":{\"@id\":\"https:\\\/\\\/www.latribunedufaso.net\\\/#website\"},\"primaryImageOfPage\":{\"@id\":\"https:\\\/\\\/www.latribunedufaso.net\\\/?p=16009#primaryimage\"},\"image\":{\"@id\":\"https:\\\/\\\/www.latribunedufaso.net\\\/?p=16009#primaryimage\"},\"thumbnailUrl\":\"https:\\\/\\\/www.latribunedufaso.net\\\/wp-content\\\/uploads\\\/2024\\\/10\\\/IMG-20241001-WA0001.jpg\",\"datePublished\":\"2024-09-30T18:39:42+00:00\",\"dateModified\":\"2024-10-01T08:38:16+00:00\",\"breadcrumb\":{\"@id\":\"https:\\\/\\\/www.latribunedufaso.net\\\/?p=16009#breadcrumb\"},\"inLanguage\":\"fr-FR\",\"potentialAction\":[{\"@type\":\"ReadAction\",\"target\":[\"https:\\\/\\\/www.latribunedufaso.net\\\/?p=16009\"]}]},{\"@type\":\"ImageObject\",\"inLanguage\":\"fr-FR\",\"@id\":\"https:\\\/\\\/www.latribunedufaso.net\\\/?p=16009#primaryimage\",\"url\":\"https:\\\/\\\/www.latribunedufaso.net\\\/wp-content\\\/uploads\\\/2024\\\/10\\\/IMG-20241001-WA0001.jpg\",\"contentUrl\":\"https:\\\/\\\/www.latribunedufaso.net\\\/wp-content\\\/uploads\\\/2024\\\/10\\\/IMG-20241001-WA0001.jpg\",\"width\":1080,\"height\":810,\"caption\":\"Le PM a pr\u00e9sid\u00e9 la Troisi\u00e8me session du Conseil d\u2019orientation du Fonds de soutien patriotique, 30 septembre 2024\"},{\"@type\":\"BreadcrumbList\",\"@id\":\"https:\\\/\\\/www.latribunedufaso.net\\\/?p=16009#breadcrumb\",\"itemListElement\":[{\"@type\":\"ListItem\",\"position\":1,\"name\":\"Accueil\",\"item\":\"https:\\\/\\\/www.latribunedufaso.net\\\/\"},{\"@type\":\"ListItem\",\"position\":2,\"name\":\"Fonds de soutien patriotique : 130 milliards r\u00e9colt\u00e9s \u00e0 ce jour\"}]},{\"@type\":\"WebSite\",\"@id\":\"https:\\\/\\\/www.latribunedufaso.net\\\/#website\",\"url\":\"https:\\\/\\\/www.latribunedufaso.net\\\/\",\"name\":\"La Tribune du Faso\",\"description\":\"L&#039;information du monde rural en un clic\",\"publisher\":{\"@id\":\"https:\\\/\\\/www.latribunedufaso.net\\\/#organization\"},\"potentialAction\":[{\"@type\":\"SearchAction\",\"target\":{\"@type\":\"EntryPoint\",\"urlTemplate\":\"https:\\\/\\\/www.latribunedufaso.net\\\/?s={search_term_string}\"},\"query-input\":{\"@type\":\"PropertyValueSpecification\",\"valueRequired\":true,\"valueName\":\"search_term_string\"}}],\"inLanguage\":\"fr-FR\"},{\"@type\":\"Organization\",\"@id\":\"https:\\\/\\\/www.latribunedufaso.net\\\/#organization\",\"name\":\"La Tribune du Faso\",\"url\":\"https:\\\/\\\/www.latribunedufaso.net\\\/\",\"logo\":{\"@type\":\"ImageObject\",\"inLanguage\":\"fr-FR\",\"@id\":\"https:\\\/\\\/www.latribunedufaso.net\\\/#\\\/schema\\\/logo\\\/image\\\/\",\"url\":\"https:\\\/\\\/www.latribunedufaso.net\\\/wp-content\\\/uploads\\\/2020\\\/08\\\/Logo-Tribune-du-Faso-final-scaled.jpg\",\"contentUrl\":\"https:\\\/\\\/www.latribunedufaso.net\\\/wp-content\\\/uploads\\\/2020\\\/08\\\/Logo-Tribune-du-Faso-final-scaled.jpg\",\"width\":2560,\"height\":1856,\"caption\":\"La Tribune du Faso\"},\"image\":{\"@id\":\"https:\\\/\\\/www.latribunedufaso.net\\\/#\\\/schema\\\/logo\\\/image\\\/\"},\"sameAs\":[\"https:\\\/\\\/www.facebook.com\\\/LatribuneduFaso\\\/\"]},{\"@type\":\"Person\",\"@id\":\"https:\\\/\\\/www.latribunedufaso.net\\\/#\\\/schema\\\/person\\\/e54e64c5778a7e72cf80a318b7a622b0\",\"name\":\"Issouf Tapsoba\",\"image\":{\"@type\":\"ImageObject\",\"inLanguage\":\"fr-FR\",\"@id\":\"https:\\\/\\\/secure.gravatar.com\\\/avatar\\\/5e6c05150ce3230247d167f5b94d678eb05936197436d69b7921e3a95c9107ac?s=96&d=mm&r=g\",\"url\":\"https:\\\/\\\/secure.gravatar.com\\\/avatar\\\/5e6c05150ce3230247d167f5b94d678eb05936197436d69b7921e3a95c9107ac?s=96&d=mm&r=g\",\"contentUrl\":\"https:\\\/\\\/secure.gravatar.com\\\/avatar\\\/5e6c05150ce3230247d167f5b94d678eb05936197436d69b7921e3a95c9107ac?s=96&d=mm&r=g\",\"caption\":\"Issouf Tapsoba\"},\"url\":\"https:\\\/\\\/www.latribunedufaso.net\\\/?author=5\"}]}<\/script>\n<!-- \/ Yoast SEO plugin. -->","yoast_head_json":{"title":"Fonds de soutien patriotique : 130 milliards r\u00e9colt\u00e9s \u00e0 ce jour - La Tribune du Faso","robots":{"index":"index","follow":"follow","max-snippet":"max-snippet:-1","max-image-preview":"max-image-preview:large","max-video-preview":"max-video-preview:-1"},"canonical":"https:\/\/www.latribunedufaso.net\/?p=16009","og_locale":"fr_FR","og_type":"article","og_title":"Fonds de soutien patriotique : 130 milliards r\u00e9colt\u00e9s \u00e0 ce jour - La Tribune du Faso","og_description":"Le premier ministre a pr\u00e9sid\u00e9 ce lundi 30 septembre 2024 dans la salle de conf\u00e9rences du minist\u00e8re en charge des Affaires \u00e9trang\u00e8res \u00e0 Ouagadougou, la 3\u00e8me session ordinaire de l\u2019ann\u00e9e 2024 du Conseil d\u2019orientation du Fonds de soutien patriotique (CO-FSP).\u00a0","og_url":"https:\/\/www.latribunedufaso.net\/?p=16009","og_site_name":"La Tribune du Faso","article_publisher":"https:\/\/www.facebook.com\/LatribuneduFaso\/","article_published_time":"2024-09-30T18:39:42+00:00","article_modified_time":"2024-10-01T08:38:16+00:00","og_image":[{"width":1080,"height":810,"url":"https:\/\/www.latribunedufaso.net\/wp-content\/uploads\/2024\/10\/IMG-20241001-WA0001.jpg","type":"image\/jpeg"}],"author":"Issouf Tapsoba","twitter_misc":{"\u00c9crit par":"Issouf Tapsoba","Dur\u00e9e de lecture estim\u00e9e":"2 minutes"},"schema":{"@context":"https:\/\/schema.org","@graph":[{"@type":"Article","@id":"https:\/\/www.latribunedufaso.net\/?p=16009#article","isPartOf":{"@id":"https:\/\/www.latribunedufaso.net\/?p=16009"},"author":{"name":"Issouf Tapsoba","@id":"https:\/\/www.latribunedufaso.net\/#\/schema\/person\/e54e64c5778a7e72cf80a318b7a622b0"},"headline":"Fonds de soutien patriotique : 130 milliards r\u00e9colt\u00e9s \u00e0 ce jour","datePublished":"2024-09-30T18:39:42+00:00","dateModified":"2024-10-01T08:38:16+00:00","mainEntityOfPage":{"@id":"https:\/\/www.latribunedufaso.net\/?p=16009"},"wordCount":422,"commentCount":0,"publisher":{"@id":"https:\/\/www.latribunedufaso.net\/#organization"},"image":{"@id":"https:\/\/www.latribunedufaso.net\/?p=16009#primaryimage"},"thumbnailUrl":"https:\/\/www.latribunedufaso.net\/wp-content\/uploads\/2024\/10\/IMG-20241001-WA0001.jpg","keywords":["Fonds de soutien patriotique","latribunedufaso.net"],"articleSection":["A la une","Actualit\u00e9","Soci\u00e9t\u00e9"],"inLanguage":"fr-FR","potentialAction":[{"@type":"CommentAction","name":"Comment","target":["https:\/\/www.latribunedufaso.net\/?p=16009#respond"]}]},{"@type":"WebPage","@id":"https:\/\/www.latribunedufaso.net\/?p=16009","url":"https:\/\/www.latribunedufaso.net\/?p=16009","name":"Fonds de soutien patriotique : 130 milliards r\u00e9colt\u00e9s \u00e0 ce jour - La Tribune du Faso","isPartOf":{"@id":"https:\/\/www.latribunedufaso.net\/#website"},"primaryImageOfPage":{"@id":"https:\/\/www.latribunedufaso.net\/?p=16009#primaryimage"},"image":{"@id":"https:\/\/www.latribunedufaso.net\/?p=16009#primaryimage"},"thumbnailUrl":"https:\/\/www.latribunedufaso.net\/wp-content\/uploads\/2024\/10\/IMG-20241001-WA0001.jpg","datePublished":"2024-09-30T18:39:42+00:00","dateModified":"2024-10-01T08:38:16+00:00","breadcrumb":{"@id":"https:\/\/www.latribunedufaso.net\/?p=16009#breadcrumb"},"inLanguage":"fr-FR","potentialAction":[{"@type":"ReadAction","target":["https:\/\/www.latribunedufaso.net\/?p=16009"]}]},{"@type":"ImageObject","inLanguage":"fr-FR","@id":"https:\/\/www.latribunedufaso.net\/?p=16009#primaryimage","url":"https:\/\/www.latribunedufaso.net\/wp-content\/uploads\/2024\/10\/IMG-20241001-WA0001.jpg","contentUrl":"https:\/\/www.latribunedufaso.net\/wp-content\/uploads\/2024\/10\/IMG-20241001-WA0001.jpg","width":1080,"height":810,"caption":"Le PM a pr\u00e9sid\u00e9 la Troisi\u00e8me session du Conseil d\u2019orientation du Fonds de soutien patriotique, 30 septembre 2024"},{"@type":"BreadcrumbList","@id":"https:\/\/www.latribunedufaso.net\/?p=16009#breadcrumb","itemListElement":[{"@type":"ListItem","position":1,"name":"Accueil","item":"https:\/\/www.latribunedufaso.net\/"},{"@type":"ListItem","position":2,"name":"Fonds de soutien patriotique : 130 milliards r\u00e9colt\u00e9s \u00e0 ce jour"}]},{"@type":"WebSite","@id":"https:\/\/www.latribunedufaso.net\/#website","url":"https:\/\/www.latribunedufaso.net\/","name":"La Tribune du Faso","description":"L&#039;information du monde rural en un clic","publisher":{"@id":"https:\/\/www.latribunedufaso.net\/#organization"},"potentialAction":[{"@type":"SearchAction","target":{"@type":"EntryPoint","urlTemplate":"https:\/\/www.latribunedufaso.net\/?s={search_term_string}"},"query-input":{"@type":"PropertyValueSpecification","valueRequired":true,"valueName":"search_term_string"}}],"inLanguage":"fr-FR"},{"@type":"Organization","@id":"https:\/\/www.latribunedufaso.net\/#organization","name":"La Tribune du Faso","url":"https:\/\/www.latribunedufaso.net\/","logo":{"@type":"ImageObject","inLanguage":"fr-FR","@id":"https:\/\/www.latribunedufaso.net\/#\/schema\/logo\/image\/","url":"https:\/\/www.latribunedufaso.net\/wp-content\/uploads\/2020\/08\/Logo-Tribune-du-Faso-final-scaled.jpg","contentUrl":"https:\/\/www.latribunedufaso.net\/wp-content\/uploads\/2020\/08\/Logo-Tribune-du-Faso-final-scaled.jpg","width":2560,"height":1856,"caption":"La Tribune du Faso"},"image":{"@id":"https:\/\/www.latribunedufaso.net\/#\/schema\/logo\/image\/"},"sameAs":["https:\/\/www.facebook.com\/LatribuneduFaso\/"]},{"@type":"Person","@id":"https:\/\/www.latribunedufaso.net\/#\/schema\/person\/e54e64c5778a7e72cf80a318b7a622b0","name":"Issouf Tapsoba","image":{"@type":"ImageObject","inLanguage":"fr-FR","@id":"https:\/\/secure.gravatar.com\/avatar\/5e6c05150ce3230247d167f5b94d678eb05936197436d69b7921e3a95c9107ac?s=96&d=mm&r=g","url":"https:\/\/secure.gravatar.com\/avatar\/5e6c05150ce3230247d167f5b94d678eb05936197436d69b7921e3a95c9107ac?s=96&d=mm&r=g","contentUrl":"https:\/\/secure.gravatar.com\/avatar\/5e6c05150ce3230247d167f5b94d678eb05936197436d69b7921e3a95c9107ac?s=96&d=mm&r=g","caption":"Issouf Tapsoba"},"url":"https:\/\/www.latribunedufaso.net\/?author=5"}]}},"_links":{"self":[{"href":"https:\/\/www.latribunedufaso.net\/index.php?rest_route=\/wp\/v2\/posts\/16009","targetHints":{"allow":["GET"]}}],"collection":[{"href":"https:\/\/www.latribunedufaso.net\/index.php?rest_route=\/wp\/v2\/posts"}],"about":[{"href":"https:\/\/www.latribunedufaso.net\/index.php?rest_route=\/wp\/v2\/types\/post"}],"author":[{"embeddable":true,"href":"https:\/\/www.latribunedufaso.net\/index.php?rest_route=\/wp\/v2\/users\/5"}],"replies":[{"embeddable":true,"href":"https:\/\/www.latribunedufaso.net\/index.php?rest_route=%2Fwp%2Fv2%2Fcomments&post=16009"}],"version-history":[{"count":1,"href":"https:\/\/www.latribunedufaso.net\/index.php?rest_route=\/wp\/v2\/posts\/16009\/revisions"}],"predecessor-version":[{"id":16017,"href":"https:\/\/www.latribunedufaso.net\/index.php?rest_route=\/wp\/v2\/posts\/16009\/revisions\/16017"}],"wp:featuredmedia":[{"embeddable":true,"href":"https:\/\/www.latribunedufaso.net\/index.php?rest_route=\/wp\/v2\/media\/16015"}],"wp:attachment":[{"href":"https:\/\/www.latribunedufaso.net\/index.php?rest_route=%2Fwp%2Fv2%2Fmedia&parent=16009"}],"wp:term":[{"taxonomy":"category","embeddable":true,"href":"https:\/\/www.latribunedufaso.net\/index.php?rest_route=%2Fwp%2Fv2%2Fcategories&post=16009"},{"taxonomy":"post_tag","embeddable":true,"href":"https:\/\/www.latribunedufaso.net\/index.php?rest_route=%2Fwp%2Fv2%2Ftags&post=16009"}],"curies":[{"name":"wp","href":"https:\/\/api.w.org\/{rel}","templated":true}]}}