{"id":16002,"date":"2024-09-29T02:00:23","date_gmt":"2024-09-29T02:00:23","guid":{"rendered":"https:\/\/www.latribunedufaso.net\/?p=16002"},"modified":"2024-10-01T07:39:33","modified_gmt":"2024-10-01T07:39:33","slug":"match-de-gala-samao-2024-victoire-de-lequipe-des-societes-minieres-face-a-celle-du-ministere-en-charge-des-mines","status":"publish","type":"post","link":"https:\/\/www.latribunedufaso.net\/?p=16002","title":{"rendered":"Match de gala SAMAO 2024 : Victoire de l&rsquo;\u00e9quipe des soci\u00e9t\u00e9s mini\u00e8res face \u00e0 celle du minist\u00e8re en charge des Mines\u00a0"},"content":{"rendered":"<p><strong><span style=\"font-size: 1.0625rem;\">Dans le cadre de la Semaine des activit\u00e9s mini\u00e8res d\u2019 Afrique de l\u2019Ouest (SAMAO), un match de gala s\u2019est tenu dans la soir\u00e9e de ce 28 septembre 2024 \u00e0 Ouagadougou. L\u2019affrontement amical a oppos\u00e9 l&rsquo;\u00e9quipe des soci\u00e9t\u00e9s mini\u00e8res \u00e0 celle du minist\u00e8re de l\u2019\u00c9nergie, des Mines et des Carri\u00e8res (MEMC).<\/span><\/strong><!--more--><\/p>\n<p>L&rsquo;\u00e9quipe des soci\u00e9t\u00e9s mini\u00e8res a gagn\u00e9 sur un score de 2-1. <span style=\"font-size: 1.0625rem;\">Cette rencontre sportive vient cl\u00f4turer les activit\u00e9s de la SAMAO sous le th\u00e8me qui \u00e9taient plac\u00e9es sous le th\u00e8me : <em><strong>\u00ab Min\u00e9raux critiques et transition \u00e9nerg\u00e9tique : Quelles opportunit\u00e9s d\u2019industrialisation en Afrique \u00bb.<\/strong><\/em><\/span><\/p>\n<figure id=\"attachment_16004\" aria-describedby=\"caption-attachment-16004\" style=\"width: 2560px\" class=\"wp-caption aligncenter\"><a href=\"https:\/\/www.latribunedufaso.net\/wp-content\/uploads\/2024\/09\/IMG-20240929-WA0022.jpg\"><img loading=\"lazy\" decoding=\"async\" class=\"size-full wp-image-16004\" src=\"https:\/\/www.latribunedufaso.net\/wp-content\/uploads\/2024\/09\/IMG-20240929-WA0022.jpg\" alt=\"SG du MEMC lors du match de gala de la SAMAO 2024\" width=\"2560\" height=\"2389\" srcset=\"https:\/\/www.latribunedufaso.net\/wp-content\/uploads\/2024\/09\/IMG-20240929-WA0022.jpg 2560w, https:\/\/www.latribunedufaso.net\/wp-content\/uploads\/2024\/09\/IMG-20240929-WA0022-300x280.jpg 300w, https:\/\/www.latribunedufaso.net\/wp-content\/uploads\/2024\/09\/IMG-20240929-WA0022-1024x956.jpg 1024w, https:\/\/www.latribunedufaso.net\/wp-content\/uploads\/2024\/09\/IMG-20240929-WA0022-768x717.jpg 768w, https:\/\/www.latribunedufaso.net\/wp-content\/uploads\/2024\/09\/IMG-20240929-WA0022-1536x1433.jpg 1536w, https:\/\/www.latribunedufaso.net\/wp-content\/uploads\/2024\/09\/IMG-20240929-WA0022-2048x1911.jpg 2048w\" sizes=\"auto, (max-width: 2560px) 100vw, 2560px\" \/><\/a><figcaption id=\"caption-attachment-16004\" class=\"wp-caption-text\">Le Secr\u00e9taire g\u00e9n\u00e9ral du minist\u00e8re de l\u2019\u00c9nergie, des Mines et des Carri\u00e8res, Doulaye Sanou, f\u00e9licite les participants du match de gala SAMAO 2024 &#8211; Ph. N. Ouattara<\/figcaption><\/figure>\n<p>Le Secr\u00e9taire g\u00e9n\u00e9ral du minist\u00e8re en charge des Mines, Doulaye Sanou, repr\u00e9sentant le ministre, a salu\u00e9 la performance des \u00e9quipes. <em><strong>\u00ab A l\u2019issue de ce match qui a oppos\u00e9 les soci\u00e9t\u00e9s mini\u00e8res et l\u2019administration mini\u00e8re, il n\u2019y a ni gagnant ni perdant. En un mot c\u2019est l\u2019industrie extractive qui a gagn\u00e9 \u00bb<\/strong><\/em>, a-t-il d\u00e9clar\u00e9.<\/p>\n<blockquote>\n<p>Lire aussi &gt;&gt; <a href=\"https:\/\/www.latribunedufaso.net\/?p=15996\">SAMAO 2024 : Des structures et acteurs du secteur minier re\u00e7oivent des prix et des troph\u00e9es\u00a0<\/a><\/p>\n<\/blockquote>\n<p>Doulaye Sanou a \u00e9galement encourag\u00e9 la multiplication de ces rencontres pour renforcer les relations entre l\u2019administration et les soci\u00e9t\u00e9s mini\u00e8res. Il a, par ailleurs, f\u00e9licit\u00e9 les diff\u00e9rents acteurs qui ont permis que l\u2019activit\u00e9 ait lieu. Aussi a-t-il expliqu\u00e9 que les objectifs de la <a href=\"https:\/\/www.latribunedufaso.net\/?p=1598\">SAMAO<\/a> ont \u00e9t\u00e9 pleinement atteints avec la participation de plus d\u2019une douzaine de pays.<\/p>\n<figure id=\"attachment_16005\" aria-describedby=\"caption-attachment-16005\" style=\"width: 1280px\" class=\"wp-caption aligncenter\"><a href=\"https:\/\/www.latribunedufaso.net\/wp-content\/uploads\/2024\/09\/IMG-20240929-WA0020.jpg\"><img loading=\"lazy\" decoding=\"async\" class=\"size-full wp-image-16005\" src=\"https:\/\/www.latribunedufaso.net\/wp-content\/uploads\/2024\/09\/IMG-20240929-WA0020.jpg\" alt=\"La Directrice ex\u00e9cutive de la CMB lors du match gala \u00e0 l'occasion de la 6e \u00e9dition de la SAMAO, 29 septembre 2024\" width=\"1280\" height=\"720\" srcset=\"https:\/\/www.latribunedufaso.net\/wp-content\/uploads\/2024\/09\/IMG-20240929-WA0020.jpg 1280w, https:\/\/www.latribunedufaso.net\/wp-content\/uploads\/2024\/09\/IMG-20240929-WA0020-300x169.jpg 300w, https:\/\/www.latribunedufaso.net\/wp-content\/uploads\/2024\/09\/IMG-20240929-WA0020-1024x576.jpg 1024w, https:\/\/www.latribunedufaso.net\/wp-content\/uploads\/2024\/09\/IMG-20240929-WA0020-768x432.jpg 768w\" sizes=\"auto, (max-width: 1280px) 100vw, 1280px\" \/><\/a><figcaption id=\"caption-attachment-16005\" class=\"wp-caption-text\">La Directrice ex\u00e9cutive de la Chambre des mines du Burkina, Priscille Zongo &#8211; Ph. N. Ouattara<\/figcaption><\/figure>\n<p>La Directrice ex\u00e9cutive de la Chambre des mines du Burkina, <span style=\"font-size: 1.0625rem;\">Priscille Zongo, s\u2019est d\u00e9clar\u00e9e fi\u00e8re et reconnaissante de l\u2019adh\u00e9sion et de la mobilisation qu\u2019a suscit\u00e9 l\u2019\u00e9v\u00e9nement. <em><strong>\u00ab En tant qu\u2019acteurs du secteur minier, la tenue de cette 6\u00e8me \u00e9dition de la SAMAO nous a offert l\u2019opportunit\u00e9 de nous retrouver, d\u2019\u00e9changer et de co-construire des solutions d\u2019avenir pour l\u2019industrie mini\u00e8re du Burkina Faso et de l\u2019Afrique en g\u00e9n\u00e9ral \u00bb,<\/strong><\/em> a-t-elle affirm\u00e9. Selon elle, les conclusions tir\u00e9es des discussions autour des th\u00e8mes abord\u00e9s permettront d\u2019orienter la recherche et l\u2019exploitation des min\u00e9raux critiques au profit des populations.<\/span><\/p>\n<p><strong>Nabintou OUATTARA<\/strong><\/p>\n<p><strong><span style=\"font-size: 1.0625rem;\">Latribunedufaso.n<\/span><span style=\"font-size: 1.0625rem;\">et<\/span><\/strong><\/p>\n<figure id=\"attachment_16010\" aria-describedby=\"caption-attachment-16010\" style=\"width: 2560px\" class=\"wp-caption aligncenter\"><a href=\"https:\/\/www.latribunedufaso.net\/wp-content\/uploads\/2024\/09\/IMG-20240930-WA0034-1.jpg\"><img loading=\"lazy\" decoding=\"async\" class=\"size-full wp-image-16010\" src=\"https:\/\/www.latribunedufaso.net\/wp-content\/uploads\/2024\/09\/IMG-20240930-WA0034-1.jpg\" alt=\"Match gala de l'\u00e9quipe des soci\u00e9t\u00e9s mini\u00e8res contre celle du minist\u00e8re des Mines \u00e0 l'occasion de la SAMAO, 29 septembre 2024\" width=\"2560\" height=\"1854\" srcset=\"https:\/\/www.latribunedufaso.net\/wp-content\/uploads\/2024\/09\/IMG-20240930-WA0034-1.jpg 2560w, https:\/\/www.latribunedufaso.net\/wp-content\/uploads\/2024\/09\/IMG-20240930-WA0034-1-300x217.jpg 300w, https:\/\/www.latribunedufaso.net\/wp-content\/uploads\/2024\/09\/IMG-20240930-WA0034-1-1024x742.jpg 1024w, https:\/\/www.latribunedufaso.net\/wp-content\/uploads\/2024\/09\/IMG-20240930-WA0034-1-768x556.jpg 768w, https:\/\/www.latribunedufaso.net\/wp-content\/uploads\/2024\/09\/IMG-20240930-WA0034-1-1536x1112.jpg 1536w, https:\/\/www.latribunedufaso.net\/wp-content\/uploads\/2024\/09\/IMG-20240930-WA0034-1-2048x1483.jpg 2048w, https:\/\/www.latribunedufaso.net\/wp-content\/uploads\/2024\/09\/IMG-20240930-WA0034-1-90x65.jpg 90w\" sizes=\"auto, (max-width: 2560px) 100vw, 2560px\" \/><\/a><figcaption id=\"caption-attachment-16010\" class=\"wp-caption-text\">L&rsquo;\u00e9quipe des soci\u00e9t\u00e9s mini\u00e8res a gagn\u00e9 sur un score de 2-1 &#8211; Ph. N. Ouattara<\/figcaption><\/figure>\n","protected":false},"excerpt":{"rendered":"<p>Dans le cadre de la Semaine des activit\u00e9s mini\u00e8res d\u2019 Afrique de l\u2019Ouest (SAMAO), un match de gala s\u2019est tenu dans la soir\u00e9e de ce 28 septembre 2024 \u00e0 Ouagadougou. L\u2019affrontement amical a oppos\u00e9 l&rsquo;\u00e9quipe des soci\u00e9t\u00e9s mini\u00e8res \u00e0 celle du minist\u00e8re de l\u2019\u00c9nergie, des Mines et des Carri\u00e8res (MEMC).<\/p>\n","protected":false},"author":5,"featured_media":16003,"comment_status":"open","ping_status":"open","sticky":false,"template":"","format":"standard","meta":{"footnotes":""},"categories":[13,1,19],"tags":[39,52,199],"class_list":["post-16002","post","type-post","status-publish","format-standard","has-post-thumbnail","hentry","category-une","category-actu","category-mines-et-carrieres","tag-latribunedufaso-net","tag-mines-et-carrieres","tag-samao"],"yoast_head":"<!-- This site is optimized with the Yoast SEO plugin v27.5 - https:\/\/yoast.com\/product\/yoast-seo-wordpress\/ -->\n<title>Match de gala SAMAO 2024 : Victoire de l&#039;\u00e9quipe des soci\u00e9t\u00e9s mini\u00e8res face \u00e0 celle du minist\u00e8re en charge des Mines\u00a0 - La Tribune du Faso<\/title>\n<meta name=\"robots\" content=\"index, follow, max-snippet:-1, max-image-preview:large, max-video-preview:-1\" \/>\n<link rel=\"canonical\" href=\"https:\/\/www.latribunedufaso.net\/?p=16002\" \/>\n<meta property=\"og:locale\" content=\"fr_FR\" \/>\n<meta property=\"og:type\" content=\"article\" \/>\n<meta property=\"og:title\" content=\"Match de gala SAMAO 2024 : Victoire de l&#039;\u00e9quipe des soci\u00e9t\u00e9s mini\u00e8res face \u00e0 celle du minist\u00e8re en charge des Mines\u00a0 - La Tribune du Faso\" \/>\n<meta property=\"og:description\" content=\"Dans le cadre de la Semaine des activit\u00e9s mini\u00e8res d\u2019 Afrique de l\u2019Ouest (SAMAO), un match de gala s\u2019est tenu dans la soir\u00e9e de ce 28 septembre 2024 \u00e0 Ouagadougou. L\u2019affrontement amical a oppos\u00e9 l&rsquo;\u00e9quipe des soci\u00e9t\u00e9s mini\u00e8res \u00e0 celle du minist\u00e8re de l\u2019\u00c9nergie, des Mines et des Carri\u00e8res (MEMC).\" \/>\n<meta property=\"og:url\" content=\"https:\/\/www.latribunedufaso.net\/?p=16002\" \/>\n<meta property=\"og:site_name\" content=\"La Tribune du Faso\" \/>\n<meta property=\"article:publisher\" content=\"https:\/\/www.facebook.com\/LatribuneduFaso\/\" \/>\n<meta property=\"article:published_time\" content=\"2024-09-29T02:00:23+00:00\" \/>\n<meta property=\"article:modified_time\" content=\"2024-10-01T07:39:33+00:00\" \/>\n<meta property=\"og:image\" content=\"https:\/\/www.latribunedufaso.net\/wp-content\/uploads\/2024\/09\/IMG-20240929-WA0024.jpg\" \/>\n\t<meta property=\"og:image:width\" content=\"2560\" \/>\n\t<meta property=\"og:image:height\" content=\"1920\" \/>\n\t<meta property=\"og:image:type\" content=\"image\/jpeg\" \/>\n<meta name=\"author\" content=\"Issouf Tapsoba\" \/>\n<meta name=\"twitter:label1\" content=\"\u00c9crit par\" \/>\n\t<meta name=\"twitter:data1\" content=\"Issouf Tapsoba\" \/>\n\t<meta name=\"twitter:label2\" content=\"Dur\u00e9e de lecture estim\u00e9e\" \/>\n\t<meta name=\"twitter:data2\" content=\"2 minutes\" \/>\n<script type=\"application\/ld+json\" class=\"yoast-schema-graph\">{\"@context\":\"https:\\\/\\\/schema.org\",\"@graph\":[{\"@type\":\"Article\",\"@id\":\"https:\\\/\\\/www.latribunedufaso.net\\\/?p=16002#article\",\"isPartOf\":{\"@id\":\"https:\\\/\\\/www.latribunedufaso.net\\\/?p=16002\"},\"author\":{\"name\":\"Issouf Tapsoba\",\"@id\":\"https:\\\/\\\/www.latribunedufaso.net\\\/#\\\/schema\\\/person\\\/e54e64c5778a7e72cf80a318b7a622b0\"},\"headline\":\"Match de gala SAMAO 2024 : Victoire de l&rsquo;\u00e9quipe des soci\u00e9t\u00e9s mini\u00e8res face \u00e0 celle du minist\u00e8re en charge des Mines\u00a0\",\"datePublished\":\"2024-09-29T02:00:23+00:00\",\"dateModified\":\"2024-10-01T07:39:33+00:00\",\"mainEntityOfPage\":{\"@id\":\"https:\\\/\\\/www.latribunedufaso.net\\\/?p=16002\"},\"wordCount\":499,\"commentCount\":0,\"publisher\":{\"@id\":\"https:\\\/\\\/www.latribunedufaso.net\\\/#organization\"},\"image\":{\"@id\":\"https:\\\/\\\/www.latribunedufaso.net\\\/?p=16002#primaryimage\"},\"thumbnailUrl\":\"https:\\\/\\\/www.latribunedufaso.net\\\/wp-content\\\/uploads\\\/2024\\\/09\\\/IMG-20240929-WA0024.jpg\",\"keywords\":[\"latribunedufaso.net\",\"mines et carri\u00e8res\",\"SAMAO\"],\"articleSection\":[\"A la une\",\"Actualit\u00e9\",\"Mines et Carri\u00e8res\"],\"inLanguage\":\"fr-FR\",\"potentialAction\":[{\"@type\":\"CommentAction\",\"name\":\"Comment\",\"target\":[\"https:\\\/\\\/www.latribunedufaso.net\\\/?p=16002#respond\"]}]},{\"@type\":\"WebPage\",\"@id\":\"https:\\\/\\\/www.latribunedufaso.net\\\/?p=16002\",\"url\":\"https:\\\/\\\/www.latribunedufaso.net\\\/?p=16002\",\"name\":\"Match de gala SAMAO 2024 : Victoire de l'\u00e9quipe des soci\u00e9t\u00e9s mini\u00e8res face \u00e0 celle du minist\u00e8re en charge des Mines\u00a0 - La Tribune du Faso\",\"isPartOf\":{\"@id\":\"https:\\\/\\\/www.latribunedufaso.net\\\/#website\"},\"primaryImageOfPage\":{\"@id\":\"https:\\\/\\\/www.latribunedufaso.net\\\/?p=16002#primaryimage\"},\"image\":{\"@id\":\"https:\\\/\\\/www.latribunedufaso.net\\\/?p=16002#primaryimage\"},\"thumbnailUrl\":\"https:\\\/\\\/www.latribunedufaso.net\\\/wp-content\\\/uploads\\\/2024\\\/09\\\/IMG-20240929-WA0024.jpg\",\"datePublished\":\"2024-09-29T02:00:23+00:00\",\"dateModified\":\"2024-10-01T07:39:33+00:00\",\"breadcrumb\":{\"@id\":\"https:\\\/\\\/www.latribunedufaso.net\\\/?p=16002#breadcrumb\"},\"inLanguage\":\"fr-FR\",\"potentialAction\":[{\"@type\":\"ReadAction\",\"target\":[\"https:\\\/\\\/www.latribunedufaso.net\\\/?p=16002\"]}]},{\"@type\":\"ImageObject\",\"inLanguage\":\"fr-FR\",\"@id\":\"https:\\\/\\\/www.latribunedufaso.net\\\/?p=16002#primaryimage\",\"url\":\"https:\\\/\\\/www.latribunedufaso.net\\\/wp-content\\\/uploads\\\/2024\\\/09\\\/IMG-20240929-WA0024.jpg\",\"contentUrl\":\"https:\\\/\\\/www.latribunedufaso.net\\\/wp-content\\\/uploads\\\/2024\\\/09\\\/IMG-20240929-WA0024.jpg\",\"width\":2560,\"height\":1920,\"caption\":\"Remise de troph\u00e9e \u00e0 l\u2019\u00e9quipe des soci\u00e9t\u00e9s mini\u00e8res, victorieuse du match de gala SAMAO 2024 face au minist\u00e8re des Mines, scellant ainsi la cl\u00f4ture des activit\u00e9s de cette 6\u00e8me \u00e9dition sous le signe de la coop\u00e9ration, 29 septembre 2024\"},{\"@type\":\"BreadcrumbList\",\"@id\":\"https:\\\/\\\/www.latribunedufaso.net\\\/?p=16002#breadcrumb\",\"itemListElement\":[{\"@type\":\"ListItem\",\"position\":1,\"name\":\"Accueil\",\"item\":\"https:\\\/\\\/www.latribunedufaso.net\\\/\"},{\"@type\":\"ListItem\",\"position\":2,\"name\":\"Match de gala SAMAO 2024 : Victoire de l&rsquo;\u00e9quipe des soci\u00e9t\u00e9s mini\u00e8res face \u00e0 celle du minist\u00e8re en charge des Mines\u00a0\"}]},{\"@type\":\"WebSite\",\"@id\":\"https:\\\/\\\/www.latribunedufaso.net\\\/#website\",\"url\":\"https:\\\/\\\/www.latribunedufaso.net\\\/\",\"name\":\"La Tribune du Faso\",\"description\":\"L&#039;information du monde rural en un clic\",\"publisher\":{\"@id\":\"https:\\\/\\\/www.latribunedufaso.net\\\/#organization\"},\"potentialAction\":[{\"@type\":\"SearchAction\",\"target\":{\"@type\":\"EntryPoint\",\"urlTemplate\":\"https:\\\/\\\/www.latribunedufaso.net\\\/?s={search_term_string}\"},\"query-input\":{\"@type\":\"PropertyValueSpecification\",\"valueRequired\":true,\"valueName\":\"search_term_string\"}}],\"inLanguage\":\"fr-FR\"},{\"@type\":\"Organization\",\"@id\":\"https:\\\/\\\/www.latribunedufaso.net\\\/#organization\",\"name\":\"La Tribune du Faso\",\"url\":\"https:\\\/\\\/www.latribunedufaso.net\\\/\",\"logo\":{\"@type\":\"ImageObject\",\"inLanguage\":\"fr-FR\",\"@id\":\"https:\\\/\\\/www.latribunedufaso.net\\\/#\\\/schema\\\/logo\\\/image\\\/\",\"url\":\"https:\\\/\\\/www.latribunedufaso.net\\\/wp-content\\\/uploads\\\/2020\\\/08\\\/Logo-Tribune-du-Faso-final-scaled.jpg\",\"contentUrl\":\"https:\\\/\\\/www.latribunedufaso.net\\\/wp-content\\\/uploads\\\/2020\\\/08\\\/Logo-Tribune-du-Faso-final-scaled.jpg\",\"width\":2560,\"height\":1856,\"caption\":\"La Tribune du Faso\"},\"image\":{\"@id\":\"https:\\\/\\\/www.latribunedufaso.net\\\/#\\\/schema\\\/logo\\\/image\\\/\"},\"sameAs\":[\"https:\\\/\\\/www.facebook.com\\\/LatribuneduFaso\\\/\"]},{\"@type\":\"Person\",\"@id\":\"https:\\\/\\\/www.latribunedufaso.net\\\/#\\\/schema\\\/person\\\/e54e64c5778a7e72cf80a318b7a622b0\",\"name\":\"Issouf Tapsoba\",\"image\":{\"@type\":\"ImageObject\",\"inLanguage\":\"fr-FR\",\"@id\":\"https:\\\/\\\/secure.gravatar.com\\\/avatar\\\/5e6c05150ce3230247d167f5b94d678eb05936197436d69b7921e3a95c9107ac?s=96&d=mm&r=g\",\"url\":\"https:\\\/\\\/secure.gravatar.com\\\/avatar\\\/5e6c05150ce3230247d167f5b94d678eb05936197436d69b7921e3a95c9107ac?s=96&d=mm&r=g\",\"contentUrl\":\"https:\\\/\\\/secure.gravatar.com\\\/avatar\\\/5e6c05150ce3230247d167f5b94d678eb05936197436d69b7921e3a95c9107ac?s=96&d=mm&r=g\",\"caption\":\"Issouf Tapsoba\"},\"url\":\"https:\\\/\\\/www.latribunedufaso.net\\\/?author=5\"}]}<\/script>\n<!-- \/ Yoast SEO plugin. -->","yoast_head_json":{"title":"Match de gala SAMAO 2024 : Victoire de l'\u00e9quipe des soci\u00e9t\u00e9s mini\u00e8res face \u00e0 celle du minist\u00e8re en charge des Mines\u00a0 - La Tribune du Faso","robots":{"index":"index","follow":"follow","max-snippet":"max-snippet:-1","max-image-preview":"max-image-preview:large","max-video-preview":"max-video-preview:-1"},"canonical":"https:\/\/www.latribunedufaso.net\/?p=16002","og_locale":"fr_FR","og_type":"article","og_title":"Match de gala SAMAO 2024 : Victoire de l'\u00e9quipe des soci\u00e9t\u00e9s mini\u00e8res face \u00e0 celle du minist\u00e8re en charge des Mines\u00a0 - La Tribune du Faso","og_description":"Dans le cadre de la Semaine des activit\u00e9s mini\u00e8res d\u2019 Afrique de l\u2019Ouest (SAMAO), un match de gala s\u2019est tenu dans la soir\u00e9e de ce 28 septembre 2024 \u00e0 Ouagadougou. L\u2019affrontement amical a oppos\u00e9 l&rsquo;\u00e9quipe des soci\u00e9t\u00e9s mini\u00e8res \u00e0 celle du minist\u00e8re de l\u2019\u00c9nergie, des Mines et des Carri\u00e8res (MEMC).","og_url":"https:\/\/www.latribunedufaso.net\/?p=16002","og_site_name":"La Tribune du Faso","article_publisher":"https:\/\/www.facebook.com\/LatribuneduFaso\/","article_published_time":"2024-09-29T02:00:23+00:00","article_modified_time":"2024-10-01T07:39:33+00:00","og_image":[{"width":2560,"height":1920,"url":"https:\/\/www.latribunedufaso.net\/wp-content\/uploads\/2024\/09\/IMG-20240929-WA0024.jpg","type":"image\/jpeg"}],"author":"Issouf Tapsoba","twitter_misc":{"\u00c9crit par":"Issouf Tapsoba","Dur\u00e9e de lecture estim\u00e9e":"2 minutes"},"schema":{"@context":"https:\/\/schema.org","@graph":[{"@type":"Article","@id":"https:\/\/www.latribunedufaso.net\/?p=16002#article","isPartOf":{"@id":"https:\/\/www.latribunedufaso.net\/?p=16002"},"author":{"name":"Issouf Tapsoba","@id":"https:\/\/www.latribunedufaso.net\/#\/schema\/person\/e54e64c5778a7e72cf80a318b7a622b0"},"headline":"Match de gala SAMAO 2024 : Victoire de l&rsquo;\u00e9quipe des soci\u00e9t\u00e9s mini\u00e8res face \u00e0 celle du minist\u00e8re en charge des Mines\u00a0","datePublished":"2024-09-29T02:00:23+00:00","dateModified":"2024-10-01T07:39:33+00:00","mainEntityOfPage":{"@id":"https:\/\/www.latribunedufaso.net\/?p=16002"},"wordCount":499,"commentCount":0,"publisher":{"@id":"https:\/\/www.latribunedufaso.net\/#organization"},"image":{"@id":"https:\/\/www.latribunedufaso.net\/?p=16002#primaryimage"},"thumbnailUrl":"https:\/\/www.latribunedufaso.net\/wp-content\/uploads\/2024\/09\/IMG-20240929-WA0024.jpg","keywords":["latribunedufaso.net","mines et carri\u00e8res","SAMAO"],"articleSection":["A la une","Actualit\u00e9","Mines et Carri\u00e8res"],"inLanguage":"fr-FR","potentialAction":[{"@type":"CommentAction","name":"Comment","target":["https:\/\/www.latribunedufaso.net\/?p=16002#respond"]}]},{"@type":"WebPage","@id":"https:\/\/www.latribunedufaso.net\/?p=16002","url":"https:\/\/www.latribunedufaso.net\/?p=16002","name":"Match de gala SAMAO 2024 : Victoire de l'\u00e9quipe des soci\u00e9t\u00e9s mini\u00e8res face \u00e0 celle du minist\u00e8re en charge des Mines\u00a0 - La Tribune du Faso","isPartOf":{"@id":"https:\/\/www.latribunedufaso.net\/#website"},"primaryImageOfPage":{"@id":"https:\/\/www.latribunedufaso.net\/?p=16002#primaryimage"},"image":{"@id":"https:\/\/www.latribunedufaso.net\/?p=16002#primaryimage"},"thumbnailUrl":"https:\/\/www.latribunedufaso.net\/wp-content\/uploads\/2024\/09\/IMG-20240929-WA0024.jpg","datePublished":"2024-09-29T02:00:23+00:00","dateModified":"2024-10-01T07:39:33+00:00","breadcrumb":{"@id":"https:\/\/www.latribunedufaso.net\/?p=16002#breadcrumb"},"inLanguage":"fr-FR","potentialAction":[{"@type":"ReadAction","target":["https:\/\/www.latribunedufaso.net\/?p=16002"]}]},{"@type":"ImageObject","inLanguage":"fr-FR","@id":"https:\/\/www.latribunedufaso.net\/?p=16002#primaryimage","url":"https:\/\/www.latribunedufaso.net\/wp-content\/uploads\/2024\/09\/IMG-20240929-WA0024.jpg","contentUrl":"https:\/\/www.latribunedufaso.net\/wp-content\/uploads\/2024\/09\/IMG-20240929-WA0024.jpg","width":2560,"height":1920,"caption":"Remise de troph\u00e9e \u00e0 l\u2019\u00e9quipe des soci\u00e9t\u00e9s mini\u00e8res, victorieuse du match de gala SAMAO 2024 face au minist\u00e8re des Mines, scellant ainsi la cl\u00f4ture des activit\u00e9s de cette 6\u00e8me \u00e9dition sous le signe de la coop\u00e9ration, 29 septembre 2024"},{"@type":"BreadcrumbList","@id":"https:\/\/www.latribunedufaso.net\/?p=16002#breadcrumb","itemListElement":[{"@type":"ListItem","position":1,"name":"Accueil","item":"https:\/\/www.latribunedufaso.net\/"},{"@type":"ListItem","position":2,"name":"Match de gala SAMAO 2024 : Victoire de l&rsquo;\u00e9quipe des soci\u00e9t\u00e9s mini\u00e8res face \u00e0 celle du minist\u00e8re en charge des Mines\u00a0"}]},{"@type":"WebSite","@id":"https:\/\/www.latribunedufaso.net\/#website","url":"https:\/\/www.latribunedufaso.net\/","name":"La Tribune du Faso","description":"L&#039;information du monde rural en un clic","publisher":{"@id":"https:\/\/www.latribunedufaso.net\/#organization"},"potentialAction":[{"@type":"SearchAction","target":{"@type":"EntryPoint","urlTemplate":"https:\/\/www.latribunedufaso.net\/?s={search_term_string}"},"query-input":{"@type":"PropertyValueSpecification","valueRequired":true,"valueName":"search_term_string"}}],"inLanguage":"fr-FR"},{"@type":"Organization","@id":"https:\/\/www.latribunedufaso.net\/#organization","name":"La Tribune du Faso","url":"https:\/\/www.latribunedufaso.net\/","logo":{"@type":"ImageObject","inLanguage":"fr-FR","@id":"https:\/\/www.latribunedufaso.net\/#\/schema\/logo\/image\/","url":"https:\/\/www.latribunedufaso.net\/wp-content\/uploads\/2020\/08\/Logo-Tribune-du-Faso-final-scaled.jpg","contentUrl":"https:\/\/www.latribunedufaso.net\/wp-content\/uploads\/2020\/08\/Logo-Tribune-du-Faso-final-scaled.jpg","width":2560,"height":1856,"caption":"La Tribune du Faso"},"image":{"@id":"https:\/\/www.latribunedufaso.net\/#\/schema\/logo\/image\/"},"sameAs":["https:\/\/www.facebook.com\/LatribuneduFaso\/"]},{"@type":"Person","@id":"https:\/\/www.latribunedufaso.net\/#\/schema\/person\/e54e64c5778a7e72cf80a318b7a622b0","name":"Issouf Tapsoba","image":{"@type":"ImageObject","inLanguage":"fr-FR","@id":"https:\/\/secure.gravatar.com\/avatar\/5e6c05150ce3230247d167f5b94d678eb05936197436d69b7921e3a95c9107ac?s=96&d=mm&r=g","url":"https:\/\/secure.gravatar.com\/avatar\/5e6c05150ce3230247d167f5b94d678eb05936197436d69b7921e3a95c9107ac?s=96&d=mm&r=g","contentUrl":"https:\/\/secure.gravatar.com\/avatar\/5e6c05150ce3230247d167f5b94d678eb05936197436d69b7921e3a95c9107ac?s=96&d=mm&r=g","caption":"Issouf Tapsoba"},"url":"https:\/\/www.latribunedufaso.net\/?author=5"}]}},"_links":{"self":[{"href":"https:\/\/www.latribunedufaso.net\/index.php?rest_route=\/wp\/v2\/posts\/16002","targetHints":{"allow":["GET"]}}],"collection":[{"href":"https:\/\/www.latribunedufaso.net\/index.php?rest_route=\/wp\/v2\/posts"}],"about":[{"href":"https:\/\/www.latribunedufaso.net\/index.php?rest_route=\/wp\/v2\/types\/post"}],"author":[{"embeddable":true,"href":"https:\/\/www.latribunedufaso.net\/index.php?rest_route=\/wp\/v2\/users\/5"}],"replies":[{"embeddable":true,"href":"https:\/\/www.latribunedufaso.net\/index.php?rest_route=%2Fwp%2Fv2%2Fcomments&post=16002"}],"version-history":[{"count":3,"href":"https:\/\/www.latribunedufaso.net\/index.php?rest_route=\/wp\/v2\/posts\/16002\/revisions"}],"predecessor-version":[{"id":16012,"href":"https:\/\/www.latribunedufaso.net\/index.php?rest_route=\/wp\/v2\/posts\/16002\/revisions\/16012"}],"wp:featuredmedia":[{"embeddable":true,"href":"https:\/\/www.latribunedufaso.net\/index.php?rest_route=\/wp\/v2\/media\/16003"}],"wp:attachment":[{"href":"https:\/\/www.latribunedufaso.net\/index.php?rest_route=%2Fwp%2Fv2%2Fmedia&parent=16002"}],"wp:term":[{"taxonomy":"category","embeddable":true,"href":"https:\/\/www.latribunedufaso.net\/index.php?rest_route=%2Fwp%2Fv2%2Fcategories&post=16002"},{"taxonomy":"post_tag","embeddable":true,"href":"https:\/\/www.latribunedufaso.net\/index.php?rest_route=%2Fwp%2Fv2%2Ftags&post=16002"}],"curies":[{"name":"wp","href":"https:\/\/api.w.org\/{rel}","templated":true}]}}