{"id":15984,"date":"2024-09-28T15:56:03","date_gmt":"2024-09-28T15:56:03","guid":{"rendered":"https:\/\/www.latribunedufaso.net\/?p=15984"},"modified":"2024-09-28T15:56:03","modified_gmt":"2024-09-28T15:56:03","slug":"cloture-samao-2024-des-recommandations-pour-une-strategie-de-developpement-des-mineraux-critiques-en-afrique","status":"publish","type":"post","link":"https:\/\/www.latribunedufaso.net\/?p=15984","title":{"rendered":"Cl\u00f4ture SAMAO 2024 : Des recommandations pour une strat\u00e9gie de d\u00e9veloppement des min\u00e9raux critiques en Afrique\u00a0"},"content":{"rendered":"<p><strong style=\"font-size: 1.0625rem;\"><span style=\"font-size: 1.0625rem;\">La 6e \u00e9dition de la Semaine des activit\u00e9s mini\u00e8res d\u2019Afrique de l\u2019Ouest (SAMAO) a referm\u00e9 ses portes, ce 27 septembre 2024 \u00e0 Ouagadougou. C\u2019\u00e9tait sous la pr\u00e9sidence du Pr\u00e9sident du Faso, le Capitaine Ibrahim Traor\u00e9, repr\u00e9sent\u00e9 par le ministre en charge des Mines et des Carri\u00e8res, Yacouba Zabr\u00e9 Gouba.\u00a0<\/span><\/strong><\/p>\n<p><!--more--><\/p>\n<p>Durant deux jours, les participants ont pris part, entre autres , \u00e0 des panels, des communications, des rencontres B to B, des expositions. <span style=\"font-size: 1.0625rem;\">Dans son discours de cl\u00f4ture, le ministre Yacouba Zabr\u00e9 Gouba a t\u00e9moign\u00e9 sa gratitude envers les pan\u00e9listes, les communicateurs, les invit\u00e9s et personnes de ressources dont les contributions multiples et multiformes ont permis des \u00e9changes <em><strong>\u00ab francs et constructifs \u00bb.<\/strong><\/em><\/span><\/p>\n<blockquote>\n<p>Lire aussi &gt;&gt; <a href=\"https:\/\/www.latribunedufaso.net\/?p=15978\">SAMAO 2024 : Environ 2000 participants et exposants venus d\u2019Afrique et du monde pour prendre part \u00e0 l\u2019\u00e9v\u00e9nement\u00a0<\/a><\/p>\n<\/blockquote>\n<p>A l\u2019issue des travaux, les participants ont formul\u00e9 plusieurs recommandations pour le rayonnement du secteur minier africain. Entre autres, il s\u2019agit de mettre \u00e0 jour les bases de donn\u00e9es et \u00e9laborer une liste des min\u00e9raux critiques en ad\u00e9quation avec la r\u00e9alit\u00e9 socio-\u00e9conomique de nos Etats africains. Aussi, de mettre en place une synergie des politiques mini\u00e8res afin de cr\u00e9er un tissu industriel commun entre les Etats africains et notamment ceux de l\u2019AES.<\/p>\n<figure id=\"attachment_15985\" aria-describedby=\"caption-attachment-15985\" style=\"width: 1280px\" class=\"wp-caption aligncenter\"><a href=\"https:\/\/www.latribunedufaso.net\/wp-content\/uploads\/2024\/09\/IMG-20240928-WA0051.jpg\"><img loading=\"lazy\" decoding=\"async\" class=\"size-full wp-image-15985\" src=\"https:\/\/www.latribunedufaso.net\/wp-content\/uploads\/2024\/09\/IMG-20240928-WA0051.jpg\" alt=\"Les acteurs lors de la c\u00e9r\u00e9monie de cl\u00f4ture de la 6e \u00e9dition de SAMAO 2024\" width=\"1280\" height=\"963\" srcset=\"https:\/\/www.latribunedufaso.net\/wp-content\/uploads\/2024\/09\/IMG-20240928-WA0051.jpg 1280w, https:\/\/www.latribunedufaso.net\/wp-content\/uploads\/2024\/09\/IMG-20240928-WA0051-300x226.jpg 300w, https:\/\/www.latribunedufaso.net\/wp-content\/uploads\/2024\/09\/IMG-20240928-WA0051-1024x770.jpg 1024w, https:\/\/www.latribunedufaso.net\/wp-content\/uploads\/2024\/09\/IMG-20240928-WA0051-768x578.jpg 768w\" sizes=\"auto, (max-width: 1280px) 100vw, 1280px\" \/><\/a><figcaption id=\"caption-attachment-15985\" class=\"wp-caption-text\">Les acteurs ont formul\u00e9 des recommandations pour l&rsquo;adoption de strat\u00e9gies afin de d\u00e9velopper les min\u00e9raux critiques en Afrique &#8211; Ph. A. Kiendrebeogo<\/figcaption><\/figure>\n<p>Par ailleurs, les participants ont recommand\u00e9 de mettre l\u2019accent sur la formation et le renforcement des capacit\u00e9s des acteurs et d\u2019harmoniser les cadres r\u00e8glementaires dans l\u2019espace r\u00e9gional. Ils ont \u00e9galement demand\u00e9 de proc\u00e9der \u00e0 la transformation et la valorisation locales des min\u00e9raux critiques, de d\u00e9cliner une vision claire des min\u00e9raux critiques assortie d\u2019une fiscalit\u00e9 adapt\u00e9e et de r\u00e9fl\u00e9chir sur les leviers de financement des projets en lien avec les min\u00e9raux critiques.<\/p>\n<figure id=\"attachment_15987\" aria-describedby=\"caption-attachment-15987\" style=\"width: 1280px\" class=\"wp-caption aligncenter\"><a href=\"https:\/\/www.latribunedufaso.net\/wp-content\/uploads\/2024\/09\/IMG-20240928-WA0000.jpg\"><img loading=\"lazy\" decoding=\"async\" class=\"size-full wp-image-15987\" src=\"https:\/\/www.latribunedufaso.net\/wp-content\/uploads\/2024\/09\/IMG-20240928-WA0000.jpg\" alt=\"Le ministre en charge des Mines lors de la c\u00e9r\u00e9monie de cl\u00f4ture de la 6e \u00e9dition de la SAMAO, 27 septembre 2024\" width=\"1280\" height=\"963\" srcset=\"https:\/\/www.latribunedufaso.net\/wp-content\/uploads\/2024\/09\/IMG-20240928-WA0000.jpg 1280w, https:\/\/www.latribunedufaso.net\/wp-content\/uploads\/2024\/09\/IMG-20240928-WA0000-300x226.jpg 300w, https:\/\/www.latribunedufaso.net\/wp-content\/uploads\/2024\/09\/IMG-20240928-WA0000-1024x770.jpg 1024w, https:\/\/www.latribunedufaso.net\/wp-content\/uploads\/2024\/09\/IMG-20240928-WA0000-768x578.jpg 768w\" sizes=\"auto, (max-width: 1280px) 100vw, 1280px\" \/><\/a><figcaption id=\"caption-attachment-15987\" class=\"wp-caption-text\">Le ministre en charge des Mines, Yacouba Zabr\u00e9 Gouba &#8211; Ph. A Kiendrebeogo<\/figcaption><\/figure>\n<p><em><strong>\u00ab Je veillerai personnellement \u00e0 ce que ces recommandations et r\u00e9solutions soient mises en \u0153uvre int\u00e9gralement \u00bb,<\/strong><\/em> a rassur\u00e9 le ministre Yacouba Zabr\u00e9 Gouba. <span style=\"font-size: 1.0625rem;\">La septi\u00e8me \u00e9dition est pr\u00e9vue du 25 au 27 septembre 2025.<\/span><\/p>\n<p><strong>Rosana Astride KIENDREBEOGO\u00a0<\/strong><\/p>\n<p><strong>Latribunedufaso.net<\/strong><\/p>\n","protected":false},"excerpt":{"rendered":"<p>La 6e \u00e9dition de la Semaine des activit\u00e9s mini\u00e8res d\u2019Afrique de l\u2019Ouest (SAMAO) a referm\u00e9 ses portes, ce 27 septembre 2024 \u00e0 Ouagadougou. C\u2019\u00e9tait sous la pr\u00e9sidence du Pr\u00e9sident du Faso, le Capitaine Ibrahim Traor\u00e9, repr\u00e9sent\u00e9 par le ministre en charge des Mines et des Carri\u00e8res, Yacouba Zabr\u00e9 Gouba.\u00a0<\/p>\n","protected":false},"author":5,"featured_media":15986,"comment_status":"open","ping_status":"open","sticky":false,"template":"","format":"standard","meta":{"footnotes":""},"categories":[13,1,19],"tags":[39,213,52,199],"class_list":["post-15984","post","type-post","status-publish","format-standard","has-post-thumbnail","hentry","category-une","category-actu","category-mines-et-carrieres","tag-latribunedufaso-net","tag-mineraux-critiques","tag-mines-et-carrieres","tag-samao"],"yoast_head":"<!-- This site is optimized with the Yoast SEO plugin v27.5 - https:\/\/yoast.com\/product\/yoast-seo-wordpress\/ -->\n<title>Cl\u00f4ture SAMAO 2024 : Des recommandations pour une strat\u00e9gie de d\u00e9veloppement des min\u00e9raux critiques en Afrique\u00a0 - La Tribune du Faso<\/title>\n<meta name=\"robots\" content=\"index, follow, max-snippet:-1, max-image-preview:large, max-video-preview:-1\" \/>\n<link rel=\"canonical\" href=\"https:\/\/www.latribunedufaso.net\/?p=15984\" \/>\n<meta property=\"og:locale\" content=\"fr_FR\" \/>\n<meta property=\"og:type\" content=\"article\" \/>\n<meta property=\"og:title\" content=\"Cl\u00f4ture SAMAO 2024 : Des recommandations pour une strat\u00e9gie de d\u00e9veloppement des min\u00e9raux critiques en Afrique\u00a0 - La Tribune du Faso\" \/>\n<meta property=\"og:description\" content=\"La 6e \u00e9dition de la Semaine des activit\u00e9s mini\u00e8res d\u2019Afrique de l\u2019Ouest (SAMAO) a referm\u00e9 ses portes, ce 27 septembre 2024 \u00e0 Ouagadougou. C\u2019\u00e9tait sous la pr\u00e9sidence du Pr\u00e9sident du Faso, le Capitaine Ibrahim Traor\u00e9, repr\u00e9sent\u00e9 par le ministre en charge des Mines et des Carri\u00e8res, Yacouba Zabr\u00e9 Gouba.\u00a0\" \/>\n<meta property=\"og:url\" content=\"https:\/\/www.latribunedufaso.net\/?p=15984\" \/>\n<meta property=\"og:site_name\" content=\"La Tribune du Faso\" \/>\n<meta property=\"article:publisher\" content=\"https:\/\/www.facebook.com\/LatribuneduFaso\/\" \/>\n<meta property=\"article:published_time\" content=\"2024-09-28T15:56:03+00:00\" \/>\n<meta property=\"og:image\" content=\"https:\/\/www.latribunedufaso.net\/wp-content\/uploads\/2024\/09\/IMG-20240928-WA0050.jpg\" \/>\n\t<meta property=\"og:image:width\" content=\"1000\" \/>\n\t<meta property=\"og:image:height\" content=\"750\" \/>\n\t<meta property=\"og:image:type\" content=\"image\/jpeg\" \/>\n<meta name=\"author\" content=\"Issouf Tapsoba\" \/>\n<meta name=\"twitter:label1\" content=\"\u00c9crit par\" \/>\n\t<meta name=\"twitter:data1\" content=\"Issouf Tapsoba\" \/>\n\t<meta name=\"twitter:label2\" content=\"Dur\u00e9e de lecture estim\u00e9e\" \/>\n\t<meta name=\"twitter:data2\" content=\"2 minutes\" \/>\n<script type=\"application\/ld+json\" class=\"yoast-schema-graph\">{\"@context\":\"https:\\\/\\\/schema.org\",\"@graph\":[{\"@type\":\"Article\",\"@id\":\"https:\\\/\\\/www.latribunedufaso.net\\\/?p=15984#article\",\"isPartOf\":{\"@id\":\"https:\\\/\\\/www.latribunedufaso.net\\\/?p=15984\"},\"author\":{\"name\":\"Issouf Tapsoba\",\"@id\":\"https:\\\/\\\/www.latribunedufaso.net\\\/#\\\/schema\\\/person\\\/e54e64c5778a7e72cf80a318b7a622b0\"},\"headline\":\"Cl\u00f4ture SAMAO 2024 : Des recommandations pour une strat\u00e9gie de d\u00e9veloppement des min\u00e9raux critiques en Afrique\u00a0\",\"datePublished\":\"2024-09-28T15:56:03+00:00\",\"mainEntityOfPage\":{\"@id\":\"https:\\\/\\\/www.latribunedufaso.net\\\/?p=15984\"},\"wordCount\":414,\"commentCount\":0,\"publisher\":{\"@id\":\"https:\\\/\\\/www.latribunedufaso.net\\\/#organization\"},\"image\":{\"@id\":\"https:\\\/\\\/www.latribunedufaso.net\\\/?p=15984#primaryimage\"},\"thumbnailUrl\":\"https:\\\/\\\/www.latribunedufaso.net\\\/wp-content\\\/uploads\\\/2024\\\/09\\\/IMG-20240928-WA0050.jpg\",\"keywords\":[\"latribunedufaso.net\",\"min\u00e9raux critiques\",\"mines et carri\u00e8res\",\"SAMAO\"],\"articleSection\":[\"A la une\",\"Actualit\u00e9\",\"Mines et Carri\u00e8res\"],\"inLanguage\":\"fr-FR\",\"potentialAction\":[{\"@type\":\"CommentAction\",\"name\":\"Comment\",\"target\":[\"https:\\\/\\\/www.latribunedufaso.net\\\/?p=15984#respond\"]}]},{\"@type\":\"WebPage\",\"@id\":\"https:\\\/\\\/www.latribunedufaso.net\\\/?p=15984\",\"url\":\"https:\\\/\\\/www.latribunedufaso.net\\\/?p=15984\",\"name\":\"Cl\u00f4ture SAMAO 2024 : Des recommandations pour une strat\u00e9gie de d\u00e9veloppement des min\u00e9raux critiques en Afrique\u00a0 - La Tribune du Faso\",\"isPartOf\":{\"@id\":\"https:\\\/\\\/www.latribunedufaso.net\\\/#website\"},\"primaryImageOfPage\":{\"@id\":\"https:\\\/\\\/www.latribunedufaso.net\\\/?p=15984#primaryimage\"},\"image\":{\"@id\":\"https:\\\/\\\/www.latribunedufaso.net\\\/?p=15984#primaryimage\"},\"thumbnailUrl\":\"https:\\\/\\\/www.latribunedufaso.net\\\/wp-content\\\/uploads\\\/2024\\\/09\\\/IMG-20240928-WA0050.jpg\",\"datePublished\":\"2024-09-28T15:56:03+00:00\",\"breadcrumb\":{\"@id\":\"https:\\\/\\\/www.latribunedufaso.net\\\/?p=15984#breadcrumb\"},\"inLanguage\":\"fr-FR\",\"potentialAction\":[{\"@type\":\"ReadAction\",\"target\":[\"https:\\\/\\\/www.latribunedufaso.net\\\/?p=15984\"]}]},{\"@type\":\"ImageObject\",\"inLanguage\":\"fr-FR\",\"@id\":\"https:\\\/\\\/www.latribunedufaso.net\\\/?p=15984#primaryimage\",\"url\":\"https:\\\/\\\/www.latribunedufaso.net\\\/wp-content\\\/uploads\\\/2024\\\/09\\\/IMG-20240928-WA0050.jpg\",\"contentUrl\":\"https:\\\/\\\/www.latribunedufaso.net\\\/wp-content\\\/uploads\\\/2024\\\/09\\\/IMG-20240928-WA0050.jpg\",\"width\":1000,\"height\":750,\"caption\":\"Presidium lors de la cl\u00f4ture de la 6e \u00e9dition SAMAO, 27 septembre 2024\"},{\"@type\":\"BreadcrumbList\",\"@id\":\"https:\\\/\\\/www.latribunedufaso.net\\\/?p=15984#breadcrumb\",\"itemListElement\":[{\"@type\":\"ListItem\",\"position\":1,\"name\":\"Accueil\",\"item\":\"https:\\\/\\\/www.latribunedufaso.net\\\/\"},{\"@type\":\"ListItem\",\"position\":2,\"name\":\"Cl\u00f4ture SAMAO 2024 : Des recommandations pour une strat\u00e9gie de d\u00e9veloppement des min\u00e9raux critiques en Afrique\u00a0\"}]},{\"@type\":\"WebSite\",\"@id\":\"https:\\\/\\\/www.latribunedufaso.net\\\/#website\",\"url\":\"https:\\\/\\\/www.latribunedufaso.net\\\/\",\"name\":\"La Tribune du Faso\",\"description\":\"L&#039;information du monde rural en un clic\",\"publisher\":{\"@id\":\"https:\\\/\\\/www.latribunedufaso.net\\\/#organization\"},\"potentialAction\":[{\"@type\":\"SearchAction\",\"target\":{\"@type\":\"EntryPoint\",\"urlTemplate\":\"https:\\\/\\\/www.latribunedufaso.net\\\/?s={search_term_string}\"},\"query-input\":{\"@type\":\"PropertyValueSpecification\",\"valueRequired\":true,\"valueName\":\"search_term_string\"}}],\"inLanguage\":\"fr-FR\"},{\"@type\":\"Organization\",\"@id\":\"https:\\\/\\\/www.latribunedufaso.net\\\/#organization\",\"name\":\"La Tribune du Faso\",\"url\":\"https:\\\/\\\/www.latribunedufaso.net\\\/\",\"logo\":{\"@type\":\"ImageObject\",\"inLanguage\":\"fr-FR\",\"@id\":\"https:\\\/\\\/www.latribunedufaso.net\\\/#\\\/schema\\\/logo\\\/image\\\/\",\"url\":\"https:\\\/\\\/www.latribunedufaso.net\\\/wp-content\\\/uploads\\\/2020\\\/08\\\/Logo-Tribune-du-Faso-final-scaled.jpg\",\"contentUrl\":\"https:\\\/\\\/www.latribunedufaso.net\\\/wp-content\\\/uploads\\\/2020\\\/08\\\/Logo-Tribune-du-Faso-final-scaled.jpg\",\"width\":2560,\"height\":1856,\"caption\":\"La Tribune du Faso\"},\"image\":{\"@id\":\"https:\\\/\\\/www.latribunedufaso.net\\\/#\\\/schema\\\/logo\\\/image\\\/\"},\"sameAs\":[\"https:\\\/\\\/www.facebook.com\\\/LatribuneduFaso\\\/\"]},{\"@type\":\"Person\",\"@id\":\"https:\\\/\\\/www.latribunedufaso.net\\\/#\\\/schema\\\/person\\\/e54e64c5778a7e72cf80a318b7a622b0\",\"name\":\"Issouf Tapsoba\",\"image\":{\"@type\":\"ImageObject\",\"inLanguage\":\"fr-FR\",\"@id\":\"https:\\\/\\\/secure.gravatar.com\\\/avatar\\\/5e6c05150ce3230247d167f5b94d678eb05936197436d69b7921e3a95c9107ac?s=96&d=mm&r=g\",\"url\":\"https:\\\/\\\/secure.gravatar.com\\\/avatar\\\/5e6c05150ce3230247d167f5b94d678eb05936197436d69b7921e3a95c9107ac?s=96&d=mm&r=g\",\"contentUrl\":\"https:\\\/\\\/secure.gravatar.com\\\/avatar\\\/5e6c05150ce3230247d167f5b94d678eb05936197436d69b7921e3a95c9107ac?s=96&d=mm&r=g\",\"caption\":\"Issouf Tapsoba\"},\"url\":\"https:\\\/\\\/www.latribunedufaso.net\\\/?author=5\"}]}<\/script>\n<!-- \/ Yoast SEO plugin. -->","yoast_head_json":{"title":"Cl\u00f4ture SAMAO 2024 : Des recommandations pour une strat\u00e9gie de d\u00e9veloppement des min\u00e9raux critiques en Afrique\u00a0 - La Tribune du Faso","robots":{"index":"index","follow":"follow","max-snippet":"max-snippet:-1","max-image-preview":"max-image-preview:large","max-video-preview":"max-video-preview:-1"},"canonical":"https:\/\/www.latribunedufaso.net\/?p=15984","og_locale":"fr_FR","og_type":"article","og_title":"Cl\u00f4ture SAMAO 2024 : Des recommandations pour une strat\u00e9gie de d\u00e9veloppement des min\u00e9raux critiques en Afrique\u00a0 - La Tribune du Faso","og_description":"La 6e \u00e9dition de la Semaine des activit\u00e9s mini\u00e8res d\u2019Afrique de l\u2019Ouest (SAMAO) a referm\u00e9 ses portes, ce 27 septembre 2024 \u00e0 Ouagadougou. C\u2019\u00e9tait sous la pr\u00e9sidence du Pr\u00e9sident du Faso, le Capitaine Ibrahim Traor\u00e9, repr\u00e9sent\u00e9 par le ministre en charge des Mines et des Carri\u00e8res, Yacouba Zabr\u00e9 Gouba.\u00a0","og_url":"https:\/\/www.latribunedufaso.net\/?p=15984","og_site_name":"La Tribune du Faso","article_publisher":"https:\/\/www.facebook.com\/LatribuneduFaso\/","article_published_time":"2024-09-28T15:56:03+00:00","og_image":[{"width":1000,"height":750,"url":"https:\/\/www.latribunedufaso.net\/wp-content\/uploads\/2024\/09\/IMG-20240928-WA0050.jpg","type":"image\/jpeg"}],"author":"Issouf Tapsoba","twitter_misc":{"\u00c9crit par":"Issouf Tapsoba","Dur\u00e9e de lecture estim\u00e9e":"2 minutes"},"schema":{"@context":"https:\/\/schema.org","@graph":[{"@type":"Article","@id":"https:\/\/www.latribunedufaso.net\/?p=15984#article","isPartOf":{"@id":"https:\/\/www.latribunedufaso.net\/?p=15984"},"author":{"name":"Issouf Tapsoba","@id":"https:\/\/www.latribunedufaso.net\/#\/schema\/person\/e54e64c5778a7e72cf80a318b7a622b0"},"headline":"Cl\u00f4ture SAMAO 2024 : Des recommandations pour une strat\u00e9gie de d\u00e9veloppement des min\u00e9raux critiques en Afrique\u00a0","datePublished":"2024-09-28T15:56:03+00:00","mainEntityOfPage":{"@id":"https:\/\/www.latribunedufaso.net\/?p=15984"},"wordCount":414,"commentCount":0,"publisher":{"@id":"https:\/\/www.latribunedufaso.net\/#organization"},"image":{"@id":"https:\/\/www.latribunedufaso.net\/?p=15984#primaryimage"},"thumbnailUrl":"https:\/\/www.latribunedufaso.net\/wp-content\/uploads\/2024\/09\/IMG-20240928-WA0050.jpg","keywords":["latribunedufaso.net","min\u00e9raux critiques","mines et carri\u00e8res","SAMAO"],"articleSection":["A la une","Actualit\u00e9","Mines et Carri\u00e8res"],"inLanguage":"fr-FR","potentialAction":[{"@type":"CommentAction","name":"Comment","target":["https:\/\/www.latribunedufaso.net\/?p=15984#respond"]}]},{"@type":"WebPage","@id":"https:\/\/www.latribunedufaso.net\/?p=15984","url":"https:\/\/www.latribunedufaso.net\/?p=15984","name":"Cl\u00f4ture SAMAO 2024 : Des recommandations pour une strat\u00e9gie de d\u00e9veloppement des min\u00e9raux critiques en Afrique\u00a0 - La Tribune du Faso","isPartOf":{"@id":"https:\/\/www.latribunedufaso.net\/#website"},"primaryImageOfPage":{"@id":"https:\/\/www.latribunedufaso.net\/?p=15984#primaryimage"},"image":{"@id":"https:\/\/www.latribunedufaso.net\/?p=15984#primaryimage"},"thumbnailUrl":"https:\/\/www.latribunedufaso.net\/wp-content\/uploads\/2024\/09\/IMG-20240928-WA0050.jpg","datePublished":"2024-09-28T15:56:03+00:00","breadcrumb":{"@id":"https:\/\/www.latribunedufaso.net\/?p=15984#breadcrumb"},"inLanguage":"fr-FR","potentialAction":[{"@type":"ReadAction","target":["https:\/\/www.latribunedufaso.net\/?p=15984"]}]},{"@type":"ImageObject","inLanguage":"fr-FR","@id":"https:\/\/www.latribunedufaso.net\/?p=15984#primaryimage","url":"https:\/\/www.latribunedufaso.net\/wp-content\/uploads\/2024\/09\/IMG-20240928-WA0050.jpg","contentUrl":"https:\/\/www.latribunedufaso.net\/wp-content\/uploads\/2024\/09\/IMG-20240928-WA0050.jpg","width":1000,"height":750,"caption":"Presidium lors de la cl\u00f4ture de la 6e \u00e9dition SAMAO, 27 septembre 2024"},{"@type":"BreadcrumbList","@id":"https:\/\/www.latribunedufaso.net\/?p=15984#breadcrumb","itemListElement":[{"@type":"ListItem","position":1,"name":"Accueil","item":"https:\/\/www.latribunedufaso.net\/"},{"@type":"ListItem","position":2,"name":"Cl\u00f4ture SAMAO 2024 : Des recommandations pour une strat\u00e9gie de d\u00e9veloppement des min\u00e9raux critiques en Afrique\u00a0"}]},{"@type":"WebSite","@id":"https:\/\/www.latribunedufaso.net\/#website","url":"https:\/\/www.latribunedufaso.net\/","name":"La Tribune du Faso","description":"L&#039;information du monde rural en un clic","publisher":{"@id":"https:\/\/www.latribunedufaso.net\/#organization"},"potentialAction":[{"@type":"SearchAction","target":{"@type":"EntryPoint","urlTemplate":"https:\/\/www.latribunedufaso.net\/?s={search_term_string}"},"query-input":{"@type":"PropertyValueSpecification","valueRequired":true,"valueName":"search_term_string"}}],"inLanguage":"fr-FR"},{"@type":"Organization","@id":"https:\/\/www.latribunedufaso.net\/#organization","name":"La Tribune du Faso","url":"https:\/\/www.latribunedufaso.net\/","logo":{"@type":"ImageObject","inLanguage":"fr-FR","@id":"https:\/\/www.latribunedufaso.net\/#\/schema\/logo\/image\/","url":"https:\/\/www.latribunedufaso.net\/wp-content\/uploads\/2020\/08\/Logo-Tribune-du-Faso-final-scaled.jpg","contentUrl":"https:\/\/www.latribunedufaso.net\/wp-content\/uploads\/2020\/08\/Logo-Tribune-du-Faso-final-scaled.jpg","width":2560,"height":1856,"caption":"La Tribune du Faso"},"image":{"@id":"https:\/\/www.latribunedufaso.net\/#\/schema\/logo\/image\/"},"sameAs":["https:\/\/www.facebook.com\/LatribuneduFaso\/"]},{"@type":"Person","@id":"https:\/\/www.latribunedufaso.net\/#\/schema\/person\/e54e64c5778a7e72cf80a318b7a622b0","name":"Issouf Tapsoba","image":{"@type":"ImageObject","inLanguage":"fr-FR","@id":"https:\/\/secure.gravatar.com\/avatar\/5e6c05150ce3230247d167f5b94d678eb05936197436d69b7921e3a95c9107ac?s=96&d=mm&r=g","url":"https:\/\/secure.gravatar.com\/avatar\/5e6c05150ce3230247d167f5b94d678eb05936197436d69b7921e3a95c9107ac?s=96&d=mm&r=g","contentUrl":"https:\/\/secure.gravatar.com\/avatar\/5e6c05150ce3230247d167f5b94d678eb05936197436d69b7921e3a95c9107ac?s=96&d=mm&r=g","caption":"Issouf Tapsoba"},"url":"https:\/\/www.latribunedufaso.net\/?author=5"}]}},"_links":{"self":[{"href":"https:\/\/www.latribunedufaso.net\/index.php?rest_route=\/wp\/v2\/posts\/15984","targetHints":{"allow":["GET"]}}],"collection":[{"href":"https:\/\/www.latribunedufaso.net\/index.php?rest_route=\/wp\/v2\/posts"}],"about":[{"href":"https:\/\/www.latribunedufaso.net\/index.php?rest_route=\/wp\/v2\/types\/post"}],"author":[{"embeddable":true,"href":"https:\/\/www.latribunedufaso.net\/index.php?rest_route=\/wp\/v2\/users\/5"}],"replies":[{"embeddable":true,"href":"https:\/\/www.latribunedufaso.net\/index.php?rest_route=%2Fwp%2Fv2%2Fcomments&post=15984"}],"version-history":[{"count":1,"href":"https:\/\/www.latribunedufaso.net\/index.php?rest_route=\/wp\/v2\/posts\/15984\/revisions"}],"predecessor-version":[{"id":15988,"href":"https:\/\/www.latribunedufaso.net\/index.php?rest_route=\/wp\/v2\/posts\/15984\/revisions\/15988"}],"wp:featuredmedia":[{"embeddable":true,"href":"https:\/\/www.latribunedufaso.net\/index.php?rest_route=\/wp\/v2\/media\/15986"}],"wp:attachment":[{"href":"https:\/\/www.latribunedufaso.net\/index.php?rest_route=%2Fwp%2Fv2%2Fmedia&parent=15984"}],"wp:term":[{"taxonomy":"category","embeddable":true,"href":"https:\/\/www.latribunedufaso.net\/index.php?rest_route=%2Fwp%2Fv2%2Fcategories&post=15984"},{"taxonomy":"post_tag","embeddable":true,"href":"https:\/\/www.latribunedufaso.net\/index.php?rest_route=%2Fwp%2Fv2%2Ftags&post=15984"}],"curies":[{"name":"wp","href":"https:\/\/api.w.org\/{rel}","templated":true}]}}