{"id":15930,"date":"2024-09-25T00:14:58","date_gmt":"2024-09-25T00:14:58","guid":{"rendered":"https:\/\/www.latribunedufaso.net\/?p=15930"},"modified":"2024-09-25T00:14:58","modified_gmt":"2024-09-25T00:14:58","slug":"mineraux-de-developpement-les-acteurs-echangent-sur-les-defis-lies-a-leur-valorisation","status":"publish","type":"post","link":"https:\/\/www.latribunedufaso.net\/?p=15930","title":{"rendered":"Min\u00e9raux de d\u00e9veloppement : Les acteurs \u00e9changent sur les d\u00e9fis li\u00e9s \u00e0 leur valorisation\u00a0"},"content":{"rendered":"<p><strong style=\"font-size: 1.0625rem;\">Le 24 septembre 2024, Ouagadougou a accueilli un atelier r\u00e9gional sur les mat\u00e9riaux bas-carbone et valeur ajout\u00e9e aux min\u00e9raux du d\u00e9veloppement. Pr\u00e9sid\u00e9 par le Secr\u00e9taire g\u00e9n\u00e9ral du minist\u00e8re de l\u2019\u00c9nergie, des Mines et des Carri\u00e8res, Doulaye Sanou, ce forum vise \u00e0 faciliter l\u2019acc\u00e8s a un logement et \u00e0 la cr\u00e9ation d\u2019emplois d\u00e9cents pratiques artisanales et \u00e0 offrir un soutien technique et financier aux jeunes et femmes du secteur.<\/strong><\/p>\n<p><!--more--><\/p>\n<p>Par ailleurs, cette rencontre repr\u00e9sente une opportunit\u00e9 pour r\u00e9pondre aux besoins croissants en mati\u00e8re d\u2019encadrement et d\u2019appui technique et financier pour les jeunes et les femmes impliqu\u00e9s dans l\u2019exploitation artisanale des min\u00e9raux.<\/p>\n<figure id=\"attachment_15931\" aria-describedby=\"caption-attachment-15931\" style=\"width: 720px\" class=\"wp-caption aligncenter\"><a href=\"https:\/\/www.latribunedufaso.net\/wp-content\/uploads\/2024\/09\/FB_IMG_1727222121741.jpg\"><img loading=\"lazy\" decoding=\"async\" class=\"size-full wp-image-15931\" src=\"https:\/\/www.latribunedufaso.net\/wp-content\/uploads\/2024\/09\/FB_IMG_1727222121741.jpg\" alt=\"Le SG du minist\u00e8re en charge des Carri\u00e8res, Doulaye Sanou lors de l'atelier sur les mat\u00e9riaux bas-carbone et valeur ajout\u00e9e aux min\u00e9raux du d\u00e9veloppement, 24 septembre 2024\" width=\"720\" height=\"513\" srcset=\"https:\/\/www.latribunedufaso.net\/wp-content\/uploads\/2024\/09\/FB_IMG_1727222121741.jpg 720w, https:\/\/www.latribunedufaso.net\/wp-content\/uploads\/2024\/09\/FB_IMG_1727222121741-300x214.jpg 300w, https:\/\/www.latribunedufaso.net\/wp-content\/uploads\/2024\/09\/FB_IMG_1727222121741-90x65.jpg 90w\" sizes=\"auto, (max-width: 720px) 100vw, 720px\" \/><\/a><figcaption id=\"caption-attachment-15931\" class=\"wp-caption-text\">Le Secr\u00e9taire g\u00e9n\u00e9ral du minist\u00e8re de l&rsquo;Energie, des Mines et des Carri\u00e8res, Doulaye Sanou &#8211; Ph. MEMC<\/figcaption><\/figure>\n<p>Selon Doulaye Sanou, la r\u00e9solution de ces besoins permettra aux artisans carriers et aux promoteurs d\u2019acc\u00e9der \u00e0 de meilleures pratiques, \u00e0 des \u00e9quipements modernes et \u00e0 des mati\u00e8res premi\u00e8res de qualit\u00e9 pour le d\u00e9veloppement de leur activit\u00e9. Toute chose qui permettra d\u2019am\u00e9liorer leur conditions de vie .<\/p>\n<p>En outre, le Secr\u00e9taire g\u00e9n\u00e9ral a soulign\u00e9 que l\u2019une des priorit\u00e9s de son minist\u00e8re est de booster le secteur des carri\u00e8res en diversifiant les productions en vue d\u2019une meilleure rentabilit\u00e9. Les min\u00e9raux du d\u00e9veloppement sont des mat\u00e9riaux extraits, trait\u00e9s, transform\u00e9s et utilis\u00e9s sur le march\u00e9 national dans les secteurs tels que la construction, l\u2019artisanat, les infrastructures et l\u2019agriculture.<\/p>\n<blockquote>\n<p>Lire aussi &gt;&gt; <a href=\"https:\/\/www.latribunedufaso.net\/?p=9402\">Exploitation des min\u00e9raux du d\u00e9veloppement : Les acteurs r\u00e9fl\u00e9chissent sur les potentialit\u00e9s et les probl\u00e9matiques de d\u00e9veloppement du secteur<\/a><\/p>\n<\/blockquote>\n<p>Cette initiative, deuxi\u00e8me du genre, s\u2019inscrit dans le cadre du Programme ACP-UE, financ\u00e9 par l\u2019Union Europ\u00e9enne et le Programme des Nations Unies pour le d\u00e9veloppement (PNUD).<\/p>\n<p>Le repr\u00e9sentant r\u00e9sident adjoint du PNUD au Burkina Faso, \u00c9loi Kouadio IV, a salu\u00e9 la tenue de cet atelier en amont de la 6e \u00e9dition de la Semaine des_Activit\u00e9s mini\u00e8res d\u2019Afrique de l\u2019Ouest (SAMAO), pr\u00e9vue du 26 au 28 septembre 2024. Selon lui, cette initiative refl\u00e8te l\u2019engagement fort du gouvernement burkinab\u00e8 en faveur de la valorisation des min\u00e9raux de d\u00e9veloppement.<\/p>\n<figure id=\"attachment_15932\" aria-describedby=\"caption-attachment-15932\" style=\"width: 720px\" class=\"wp-caption aligncenter\"><a href=\"https:\/\/www.latribunedufaso.net\/wp-content\/uploads\/2024\/09\/FB_IMG_1727222102088.jpg\"><img loading=\"lazy\" decoding=\"async\" class=\"size-full wp-image-15932\" src=\"https:\/\/www.latribunedufaso.net\/wp-content\/uploads\/2024\/09\/FB_IMG_1727222102088.jpg\" alt=\"Les acteurs lors de l'atelier r\u00e9gional sur les mat\u00e9riaux bas-carbone et valeur ajout\u00e9e aux min\u00e9raux du d\u00e9veloppement, 24 septembre 2024\" width=\"720\" height=\"482\" srcset=\"https:\/\/www.latribunedufaso.net\/wp-content\/uploads\/2024\/09\/FB_IMG_1727222102088.jpg 720w, https:\/\/www.latribunedufaso.net\/wp-content\/uploads\/2024\/09\/FB_IMG_1727222102088-300x201.jpg 300w, https:\/\/www.latribunedufaso.net\/wp-content\/uploads\/2024\/09\/FB_IMG_1727222102088-120x80.jpg 120w, https:\/\/www.latribunedufaso.net\/wp-content\/uploads\/2024\/09\/FB_IMG_1727222102088-360x240.jpg 360w\" sizes=\"auto, (max-width: 720px) 100vw, 720px\" \/><\/a><figcaption id=\"caption-attachment-15932\" class=\"wp-caption-text\">Les acteurs ont r\u00e9fl\u00e9chi sur les mat\u00e9riaux bas-carbone et valeur ajout\u00e9e aux min\u00e9raux du d\u00e9veloppement &#8211; Ph. MEMC<\/figcaption><\/figure>\n<p>De plus, le th\u00e8me choisi pour cette \u00e9dition, <em><strong>\u00ab Mat\u00e9riaux bas-carbone et valeur ajout\u00e9e aux min\u00e9raux de d\u00e9veloppement \u00bb,<\/strong><\/em> arrive \u00e0 point nomm\u00e9, en offrant une alternative \u00e0 la valorisation de ce potentiel et en contribuant \u00e0 l\u2019adaptation des populations aux effets du changement climatique.<\/p>\n<p><strong>Latribunedufaso.net<\/strong><\/p>\n<p><strong>Source : Direction de la Communication et des Relations Presse<\/strong><\/p>\n","protected":false},"excerpt":{"rendered":"<p>Le 24 septembre 2024, Ouagadougou a accueilli un atelier r\u00e9gional sur les mat\u00e9riaux bas-carbone et valeur ajout\u00e9e aux min\u00e9raux du d\u00e9veloppement. Pr\u00e9sid\u00e9 par le Secr\u00e9taire g\u00e9n\u00e9ral du minist\u00e8re de l\u2019\u00c9nergie, des Mines et des Carri\u00e8res, Doulaye Sanou, ce forum vise \u00e0 faciliter l\u2019acc\u00e8s a un logement et \u00e0 la cr\u00e9ation d\u2019emplois d\u00e9cents pratiques artisanales et \u00e0 offrir un soutien technique et financier aux jeunes et femmes du secteur.<\/p>\n","protected":false},"author":5,"featured_media":15933,"comment_status":"open","ping_status":"open","sticky":false,"template":"","format":"standard","meta":{"footnotes":""},"categories":[13,1,19],"tags":[39,248,247,52],"class_list":["post-15930","post","type-post","status-publish","format-standard","has-post-thumbnail","hentry","category-une","category-actu","category-mines-et-carrieres","tag-latribunedufaso-net","tag-materiaux-bas-carbone","tag-mineraux-de-developpement","tag-mines-et-carrieres"],"yoast_head":"<!-- This site is optimized with the Yoast SEO plugin v27.5 - https:\/\/yoast.com\/product\/yoast-seo-wordpress\/ -->\n<title>Min\u00e9raux de d\u00e9veloppement : Les acteurs \u00e9changent sur les d\u00e9fis li\u00e9s \u00e0 leur valorisation\u00a0 - La Tribune du Faso<\/title>\n<meta name=\"robots\" content=\"index, follow, max-snippet:-1, max-image-preview:large, max-video-preview:-1\" \/>\n<link rel=\"canonical\" href=\"https:\/\/www.latribunedufaso.net\/?p=15930\" \/>\n<meta property=\"og:locale\" content=\"fr_FR\" \/>\n<meta property=\"og:type\" content=\"article\" \/>\n<meta property=\"og:title\" content=\"Min\u00e9raux de d\u00e9veloppement : Les acteurs \u00e9changent sur les d\u00e9fis li\u00e9s \u00e0 leur valorisation\u00a0 - La Tribune du Faso\" \/>\n<meta property=\"og:description\" content=\"Le 24 septembre 2024, Ouagadougou a accueilli un atelier r\u00e9gional sur les mat\u00e9riaux bas-carbone et valeur ajout\u00e9e aux min\u00e9raux du d\u00e9veloppement. Pr\u00e9sid\u00e9 par le Secr\u00e9taire g\u00e9n\u00e9ral du minist\u00e8re de l\u2019\u00c9nergie, des Mines et des Carri\u00e8res, Doulaye Sanou, ce forum vise \u00e0 faciliter l\u2019acc\u00e8s a un logement et \u00e0 la cr\u00e9ation d\u2019emplois d\u00e9cents pratiques artisanales et \u00e0 offrir un soutien technique et financier aux jeunes et femmes du secteur.\" \/>\n<meta property=\"og:url\" content=\"https:\/\/www.latribunedufaso.net\/?p=15930\" \/>\n<meta property=\"og:site_name\" content=\"La Tribune du Faso\" \/>\n<meta property=\"article:publisher\" content=\"https:\/\/www.facebook.com\/LatribuneduFaso\/\" \/>\n<meta property=\"article:published_time\" content=\"2024-09-25T00:14:58+00:00\" \/>\n<meta property=\"og:image\" content=\"https:\/\/www.latribunedufaso.net\/wp-content\/uploads\/2024\/09\/FB_IMG_1727222092674.jpg\" \/>\n\t<meta property=\"og:image:width\" content=\"720\" \/>\n\t<meta property=\"og:image:height\" content=\"378\" \/>\n\t<meta property=\"og:image:type\" content=\"image\/jpeg\" \/>\n<meta name=\"author\" content=\"Issouf Tapsoba\" \/>\n<meta name=\"twitter:label1\" content=\"\u00c9crit par\" \/>\n\t<meta name=\"twitter:data1\" content=\"Issouf Tapsoba\" \/>\n\t<meta name=\"twitter:label2\" content=\"Dur\u00e9e de lecture estim\u00e9e\" \/>\n\t<meta name=\"twitter:data2\" content=\"2 minutes\" \/>\n<script type=\"application\/ld+json\" class=\"yoast-schema-graph\">{\"@context\":\"https:\\\/\\\/schema.org\",\"@graph\":[{\"@type\":\"Article\",\"@id\":\"https:\\\/\\\/www.latribunedufaso.net\\\/?p=15930#article\",\"isPartOf\":{\"@id\":\"https:\\\/\\\/www.latribunedufaso.net\\\/?p=15930\"},\"author\":{\"name\":\"Issouf Tapsoba\",\"@id\":\"https:\\\/\\\/www.latribunedufaso.net\\\/#\\\/schema\\\/person\\\/e54e64c5778a7e72cf80a318b7a622b0\"},\"headline\":\"Min\u00e9raux de d\u00e9veloppement : Les acteurs \u00e9changent sur les d\u00e9fis li\u00e9s \u00e0 leur valorisation\u00a0\",\"datePublished\":\"2024-09-25T00:14:58+00:00\",\"mainEntityOfPage\":{\"@id\":\"https:\\\/\\\/www.latribunedufaso.net\\\/?p=15930\"},\"wordCount\":508,\"commentCount\":0,\"publisher\":{\"@id\":\"https:\\\/\\\/www.latribunedufaso.net\\\/#organization\"},\"image\":{\"@id\":\"https:\\\/\\\/www.latribunedufaso.net\\\/?p=15930#primaryimage\"},\"thumbnailUrl\":\"https:\\\/\\\/www.latribunedufaso.net\\\/wp-content\\\/uploads\\\/2024\\\/09\\\/FB_IMG_1727222092674.jpg\",\"keywords\":[\"latribunedufaso.net\",\"mat\u00e9riaux bas-carbone\",\"min\u00e9raux de d\u00e9veloppement\",\"mines et carri\u00e8res\"],\"articleSection\":[\"A la une\",\"Actualit\u00e9\",\"Mines et Carri\u00e8res\"],\"inLanguage\":\"fr-FR\",\"potentialAction\":[{\"@type\":\"CommentAction\",\"name\":\"Comment\",\"target\":[\"https:\\\/\\\/www.latribunedufaso.net\\\/?p=15930#respond\"]}]},{\"@type\":\"WebPage\",\"@id\":\"https:\\\/\\\/www.latribunedufaso.net\\\/?p=15930\",\"url\":\"https:\\\/\\\/www.latribunedufaso.net\\\/?p=15930\",\"name\":\"Min\u00e9raux de d\u00e9veloppement : Les acteurs \u00e9changent sur les d\u00e9fis li\u00e9s \u00e0 leur valorisation\u00a0 - La Tribune du Faso\",\"isPartOf\":{\"@id\":\"https:\\\/\\\/www.latribunedufaso.net\\\/#website\"},\"primaryImageOfPage\":{\"@id\":\"https:\\\/\\\/www.latribunedufaso.net\\\/?p=15930#primaryimage\"},\"image\":{\"@id\":\"https:\\\/\\\/www.latribunedufaso.net\\\/?p=15930#primaryimage\"},\"thumbnailUrl\":\"https:\\\/\\\/www.latribunedufaso.net\\\/wp-content\\\/uploads\\\/2024\\\/09\\\/FB_IMG_1727222092674.jpg\",\"datePublished\":\"2024-09-25T00:14:58+00:00\",\"breadcrumb\":{\"@id\":\"https:\\\/\\\/www.latribunedufaso.net\\\/?p=15930#breadcrumb\"},\"inLanguage\":\"fr-FR\",\"potentialAction\":[{\"@type\":\"ReadAction\",\"target\":[\"https:\\\/\\\/www.latribunedufaso.net\\\/?p=15930\"]}]},{\"@type\":\"ImageObject\",\"inLanguage\":\"fr-FR\",\"@id\":\"https:\\\/\\\/www.latribunedufaso.net\\\/?p=15930#primaryimage\",\"url\":\"https:\\\/\\\/www.latribunedufaso.net\\\/wp-content\\\/uploads\\\/2024\\\/09\\\/FB_IMG_1727222092674.jpg\",\"contentUrl\":\"https:\\\/\\\/www.latribunedufaso.net\\\/wp-content\\\/uploads\\\/2024\\\/09\\\/FB_IMG_1727222092674.jpg\",\"width\":720,\"height\":378,\"caption\":\"Presidium lors de l'atelier r\u00e9gional sur les mat\u00e9riaux bas-carbone et valeur ajout\u00e9e aux min\u00e9raux du d\u00e9veloppement, 24 septembre 2024\"},{\"@type\":\"BreadcrumbList\",\"@id\":\"https:\\\/\\\/www.latribunedufaso.net\\\/?p=15930#breadcrumb\",\"itemListElement\":[{\"@type\":\"ListItem\",\"position\":1,\"name\":\"Accueil\",\"item\":\"https:\\\/\\\/www.latribunedufaso.net\\\/\"},{\"@type\":\"ListItem\",\"position\":2,\"name\":\"Min\u00e9raux de d\u00e9veloppement : Les acteurs \u00e9changent sur les d\u00e9fis li\u00e9s \u00e0 leur valorisation\u00a0\"}]},{\"@type\":\"WebSite\",\"@id\":\"https:\\\/\\\/www.latribunedufaso.net\\\/#website\",\"url\":\"https:\\\/\\\/www.latribunedufaso.net\\\/\",\"name\":\"La Tribune du Faso\",\"description\":\"L&#039;information du monde rural en un clic\",\"publisher\":{\"@id\":\"https:\\\/\\\/www.latribunedufaso.net\\\/#organization\"},\"potentialAction\":[{\"@type\":\"SearchAction\",\"target\":{\"@type\":\"EntryPoint\",\"urlTemplate\":\"https:\\\/\\\/www.latribunedufaso.net\\\/?s={search_term_string}\"},\"query-input\":{\"@type\":\"PropertyValueSpecification\",\"valueRequired\":true,\"valueName\":\"search_term_string\"}}],\"inLanguage\":\"fr-FR\"},{\"@type\":\"Organization\",\"@id\":\"https:\\\/\\\/www.latribunedufaso.net\\\/#organization\",\"name\":\"La Tribune du Faso\",\"url\":\"https:\\\/\\\/www.latribunedufaso.net\\\/\",\"logo\":{\"@type\":\"ImageObject\",\"inLanguage\":\"fr-FR\",\"@id\":\"https:\\\/\\\/www.latribunedufaso.net\\\/#\\\/schema\\\/logo\\\/image\\\/\",\"url\":\"https:\\\/\\\/www.latribunedufaso.net\\\/wp-content\\\/uploads\\\/2020\\\/08\\\/Logo-Tribune-du-Faso-final-scaled.jpg\",\"contentUrl\":\"https:\\\/\\\/www.latribunedufaso.net\\\/wp-content\\\/uploads\\\/2020\\\/08\\\/Logo-Tribune-du-Faso-final-scaled.jpg\",\"width\":2560,\"height\":1856,\"caption\":\"La Tribune du Faso\"},\"image\":{\"@id\":\"https:\\\/\\\/www.latribunedufaso.net\\\/#\\\/schema\\\/logo\\\/image\\\/\"},\"sameAs\":[\"https:\\\/\\\/www.facebook.com\\\/LatribuneduFaso\\\/\"]},{\"@type\":\"Person\",\"@id\":\"https:\\\/\\\/www.latribunedufaso.net\\\/#\\\/schema\\\/person\\\/e54e64c5778a7e72cf80a318b7a622b0\",\"name\":\"Issouf Tapsoba\",\"image\":{\"@type\":\"ImageObject\",\"inLanguage\":\"fr-FR\",\"@id\":\"https:\\\/\\\/secure.gravatar.com\\\/avatar\\\/5e6c05150ce3230247d167f5b94d678eb05936197436d69b7921e3a95c9107ac?s=96&d=mm&r=g\",\"url\":\"https:\\\/\\\/secure.gravatar.com\\\/avatar\\\/5e6c05150ce3230247d167f5b94d678eb05936197436d69b7921e3a95c9107ac?s=96&d=mm&r=g\",\"contentUrl\":\"https:\\\/\\\/secure.gravatar.com\\\/avatar\\\/5e6c05150ce3230247d167f5b94d678eb05936197436d69b7921e3a95c9107ac?s=96&d=mm&r=g\",\"caption\":\"Issouf Tapsoba\"},\"url\":\"https:\\\/\\\/www.latribunedufaso.net\\\/?author=5\"}]}<\/script>\n<!-- \/ Yoast SEO plugin. -->","yoast_head_json":{"title":"Min\u00e9raux de d\u00e9veloppement : Les acteurs \u00e9changent sur les d\u00e9fis li\u00e9s \u00e0 leur valorisation\u00a0 - La Tribune du Faso","robots":{"index":"index","follow":"follow","max-snippet":"max-snippet:-1","max-image-preview":"max-image-preview:large","max-video-preview":"max-video-preview:-1"},"canonical":"https:\/\/www.latribunedufaso.net\/?p=15930","og_locale":"fr_FR","og_type":"article","og_title":"Min\u00e9raux de d\u00e9veloppement : Les acteurs \u00e9changent sur les d\u00e9fis li\u00e9s \u00e0 leur valorisation\u00a0 - La Tribune du Faso","og_description":"Le 24 septembre 2024, Ouagadougou a accueilli un atelier r\u00e9gional sur les mat\u00e9riaux bas-carbone et valeur ajout\u00e9e aux min\u00e9raux du d\u00e9veloppement. Pr\u00e9sid\u00e9 par le Secr\u00e9taire g\u00e9n\u00e9ral du minist\u00e8re de l\u2019\u00c9nergie, des Mines et des Carri\u00e8res, Doulaye Sanou, ce forum vise \u00e0 faciliter l\u2019acc\u00e8s a un logement et \u00e0 la cr\u00e9ation d\u2019emplois d\u00e9cents pratiques artisanales et \u00e0 offrir un soutien technique et financier aux jeunes et femmes du secteur.","og_url":"https:\/\/www.latribunedufaso.net\/?p=15930","og_site_name":"La Tribune du Faso","article_publisher":"https:\/\/www.facebook.com\/LatribuneduFaso\/","article_published_time":"2024-09-25T00:14:58+00:00","og_image":[{"width":720,"height":378,"url":"https:\/\/www.latribunedufaso.net\/wp-content\/uploads\/2024\/09\/FB_IMG_1727222092674.jpg","type":"image\/jpeg"}],"author":"Issouf Tapsoba","twitter_misc":{"\u00c9crit par":"Issouf Tapsoba","Dur\u00e9e de lecture estim\u00e9e":"2 minutes"},"schema":{"@context":"https:\/\/schema.org","@graph":[{"@type":"Article","@id":"https:\/\/www.latribunedufaso.net\/?p=15930#article","isPartOf":{"@id":"https:\/\/www.latribunedufaso.net\/?p=15930"},"author":{"name":"Issouf Tapsoba","@id":"https:\/\/www.latribunedufaso.net\/#\/schema\/person\/e54e64c5778a7e72cf80a318b7a622b0"},"headline":"Min\u00e9raux de d\u00e9veloppement : Les acteurs \u00e9changent sur les d\u00e9fis li\u00e9s \u00e0 leur valorisation\u00a0","datePublished":"2024-09-25T00:14:58+00:00","mainEntityOfPage":{"@id":"https:\/\/www.latribunedufaso.net\/?p=15930"},"wordCount":508,"commentCount":0,"publisher":{"@id":"https:\/\/www.latribunedufaso.net\/#organization"},"image":{"@id":"https:\/\/www.latribunedufaso.net\/?p=15930#primaryimage"},"thumbnailUrl":"https:\/\/www.latribunedufaso.net\/wp-content\/uploads\/2024\/09\/FB_IMG_1727222092674.jpg","keywords":["latribunedufaso.net","mat\u00e9riaux bas-carbone","min\u00e9raux de d\u00e9veloppement","mines et carri\u00e8res"],"articleSection":["A la une","Actualit\u00e9","Mines et Carri\u00e8res"],"inLanguage":"fr-FR","potentialAction":[{"@type":"CommentAction","name":"Comment","target":["https:\/\/www.latribunedufaso.net\/?p=15930#respond"]}]},{"@type":"WebPage","@id":"https:\/\/www.latribunedufaso.net\/?p=15930","url":"https:\/\/www.latribunedufaso.net\/?p=15930","name":"Min\u00e9raux de d\u00e9veloppement : Les acteurs \u00e9changent sur les d\u00e9fis li\u00e9s \u00e0 leur valorisation\u00a0 - La Tribune du Faso","isPartOf":{"@id":"https:\/\/www.latribunedufaso.net\/#website"},"primaryImageOfPage":{"@id":"https:\/\/www.latribunedufaso.net\/?p=15930#primaryimage"},"image":{"@id":"https:\/\/www.latribunedufaso.net\/?p=15930#primaryimage"},"thumbnailUrl":"https:\/\/www.latribunedufaso.net\/wp-content\/uploads\/2024\/09\/FB_IMG_1727222092674.jpg","datePublished":"2024-09-25T00:14:58+00:00","breadcrumb":{"@id":"https:\/\/www.latribunedufaso.net\/?p=15930#breadcrumb"},"inLanguage":"fr-FR","potentialAction":[{"@type":"ReadAction","target":["https:\/\/www.latribunedufaso.net\/?p=15930"]}]},{"@type":"ImageObject","inLanguage":"fr-FR","@id":"https:\/\/www.latribunedufaso.net\/?p=15930#primaryimage","url":"https:\/\/www.latribunedufaso.net\/wp-content\/uploads\/2024\/09\/FB_IMG_1727222092674.jpg","contentUrl":"https:\/\/www.latribunedufaso.net\/wp-content\/uploads\/2024\/09\/FB_IMG_1727222092674.jpg","width":720,"height":378,"caption":"Presidium lors de l'atelier r\u00e9gional sur les mat\u00e9riaux bas-carbone et valeur ajout\u00e9e aux min\u00e9raux du d\u00e9veloppement, 24 septembre 2024"},{"@type":"BreadcrumbList","@id":"https:\/\/www.latribunedufaso.net\/?p=15930#breadcrumb","itemListElement":[{"@type":"ListItem","position":1,"name":"Accueil","item":"https:\/\/www.latribunedufaso.net\/"},{"@type":"ListItem","position":2,"name":"Min\u00e9raux de d\u00e9veloppement : Les acteurs \u00e9changent sur les d\u00e9fis li\u00e9s \u00e0 leur valorisation\u00a0"}]},{"@type":"WebSite","@id":"https:\/\/www.latribunedufaso.net\/#website","url":"https:\/\/www.latribunedufaso.net\/","name":"La Tribune du Faso","description":"L&#039;information du monde rural en un clic","publisher":{"@id":"https:\/\/www.latribunedufaso.net\/#organization"},"potentialAction":[{"@type":"SearchAction","target":{"@type":"EntryPoint","urlTemplate":"https:\/\/www.latribunedufaso.net\/?s={search_term_string}"},"query-input":{"@type":"PropertyValueSpecification","valueRequired":true,"valueName":"search_term_string"}}],"inLanguage":"fr-FR"},{"@type":"Organization","@id":"https:\/\/www.latribunedufaso.net\/#organization","name":"La Tribune du Faso","url":"https:\/\/www.latribunedufaso.net\/","logo":{"@type":"ImageObject","inLanguage":"fr-FR","@id":"https:\/\/www.latribunedufaso.net\/#\/schema\/logo\/image\/","url":"https:\/\/www.latribunedufaso.net\/wp-content\/uploads\/2020\/08\/Logo-Tribune-du-Faso-final-scaled.jpg","contentUrl":"https:\/\/www.latribunedufaso.net\/wp-content\/uploads\/2020\/08\/Logo-Tribune-du-Faso-final-scaled.jpg","width":2560,"height":1856,"caption":"La Tribune du Faso"},"image":{"@id":"https:\/\/www.latribunedufaso.net\/#\/schema\/logo\/image\/"},"sameAs":["https:\/\/www.facebook.com\/LatribuneduFaso\/"]},{"@type":"Person","@id":"https:\/\/www.latribunedufaso.net\/#\/schema\/person\/e54e64c5778a7e72cf80a318b7a622b0","name":"Issouf Tapsoba","image":{"@type":"ImageObject","inLanguage":"fr-FR","@id":"https:\/\/secure.gravatar.com\/avatar\/5e6c05150ce3230247d167f5b94d678eb05936197436d69b7921e3a95c9107ac?s=96&d=mm&r=g","url":"https:\/\/secure.gravatar.com\/avatar\/5e6c05150ce3230247d167f5b94d678eb05936197436d69b7921e3a95c9107ac?s=96&d=mm&r=g","contentUrl":"https:\/\/secure.gravatar.com\/avatar\/5e6c05150ce3230247d167f5b94d678eb05936197436d69b7921e3a95c9107ac?s=96&d=mm&r=g","caption":"Issouf Tapsoba"},"url":"https:\/\/www.latribunedufaso.net\/?author=5"}]}},"_links":{"self":[{"href":"https:\/\/www.latribunedufaso.net\/index.php?rest_route=\/wp\/v2\/posts\/15930","targetHints":{"allow":["GET"]}}],"collection":[{"href":"https:\/\/www.latribunedufaso.net\/index.php?rest_route=\/wp\/v2\/posts"}],"about":[{"href":"https:\/\/www.latribunedufaso.net\/index.php?rest_route=\/wp\/v2\/types\/post"}],"author":[{"embeddable":true,"href":"https:\/\/www.latribunedufaso.net\/index.php?rest_route=\/wp\/v2\/users\/5"}],"replies":[{"embeddable":true,"href":"https:\/\/www.latribunedufaso.net\/index.php?rest_route=%2Fwp%2Fv2%2Fcomments&post=15930"}],"version-history":[{"count":1,"href":"https:\/\/www.latribunedufaso.net\/index.php?rest_route=\/wp\/v2\/posts\/15930\/revisions"}],"predecessor-version":[{"id":15934,"href":"https:\/\/www.latribunedufaso.net\/index.php?rest_route=\/wp\/v2\/posts\/15930\/revisions\/15934"}],"wp:featuredmedia":[{"embeddable":true,"href":"https:\/\/www.latribunedufaso.net\/index.php?rest_route=\/wp\/v2\/media\/15933"}],"wp:attachment":[{"href":"https:\/\/www.latribunedufaso.net\/index.php?rest_route=%2Fwp%2Fv2%2Fmedia&parent=15930"}],"wp:term":[{"taxonomy":"category","embeddable":true,"href":"https:\/\/www.latribunedufaso.net\/index.php?rest_route=%2Fwp%2Fv2%2Fcategories&post=15930"},{"taxonomy":"post_tag","embeddable":true,"href":"https:\/\/www.latribunedufaso.net\/index.php?rest_route=%2Fwp%2Fv2%2Ftags&post=15930"}],"curies":[{"name":"wp","href":"https:\/\/api.w.org\/{rel}","templated":true}]}}