{"id":15916,"date":"2024-09-24T08:51:23","date_gmt":"2024-09-24T08:51:23","guid":{"rendered":"https:\/\/www.latribunedufaso.net\/?p=15916"},"modified":"2024-09-24T08:51:23","modified_gmt":"2024-09-24T08:51:23","slug":"journees-economiques-du-burkina-faso-a-moscou-le-premier-ministre-en-parle-avec-lambassadeur-russe","status":"publish","type":"post","link":"https:\/\/www.latribunedufaso.net\/?p=15916","title":{"rendered":"Journ\u00e9es \u00e9conomiques du Burkina Faso \u00e0 Moscou : Le Premier ministre en parle avec l&rsquo;ambassadeur russe\u00a0\u00a0"},"content":{"rendered":"<p><strong style=\"font-size: 1.0625rem;\">Le Premier ministre, Dr Apollinaire Joachimson Ky\u00e9lem de Tamb\u00e8la, a rencontr\u00e9 l\u2019ambassadeur de la F\u00e9d\u00e9ration de Russie au Burkina Faso, Igor Martynov, ce 23 septembre 2024, pour faire le point sur les pr\u00e9paratifs des Journ\u00e9es \u00e9conomiques du Burkina Faso (JEB) \u00e0 Moscou. Elles sont pr\u00e9vues du 8 au 11 octobre 2024.<\/strong><\/p>\n<p><!--more--><\/p>\n<p>L\u2019organisation de ces journ\u00e9es constitue un cadre d\u2019exploration des possibilit\u00e9s de partenariat avec de potentiels investisseurs \u00e9trangers en vue de soutenir le d\u00e9veloppement de notre pays.<\/p>\n<p>L\u2019objectif global des JEB 2024 est de promouvoir l\u2019image du Burkina Faso \u00e0 l\u2019ext\u00e9rieur et d\u2019accompagner les acteurs \u00e9conomiques dans leur conqu\u00eate des march\u00e9s ext\u00e9rieurs, en donnant plus de visibilit\u00e9 aux potentialit\u00e9s du Burkina Faso, afin de susciter l\u2019int\u00e9r\u00eat aupr\u00e8s des investisseurs \u00e9trangers.<\/p>\n<figure id=\"attachment_15918\" aria-describedby=\"caption-attachment-15918\" style=\"width: 720px\" class=\"wp-caption aligncenter\"><a href=\"https:\/\/www.latribunedufaso.net\/wp-content\/uploads\/2024\/09\/FB_IMG_1727164667312.jpg\"><img loading=\"lazy\" decoding=\"async\" class=\"size-full wp-image-15918\" src=\"https:\/\/www.latribunedufaso.net\/wp-content\/uploads\/2024\/09\/FB_IMG_1727164667312.jpg\" alt=\"Rencontre du Premier ministre avec l'ambassadeur de la F\u00e9d\u00e9ration de Russie au Burkina sur les pr\u00e9paratifs des Journ\u00e9es \u00e9conomiques du Burkina Faso, 23 septembre 2024\" width=\"720\" height=\"515\" srcset=\"https:\/\/www.latribunedufaso.net\/wp-content\/uploads\/2024\/09\/FB_IMG_1727164667312.jpg 720w, https:\/\/www.latribunedufaso.net\/wp-content\/uploads\/2024\/09\/FB_IMG_1727164667312-300x215.jpg 300w, https:\/\/www.latribunedufaso.net\/wp-content\/uploads\/2024\/09\/FB_IMG_1727164667312-90x65.jpg 90w\" sizes=\"auto, (max-width: 720px) 100vw, 720px\" \/><\/a><figcaption id=\"caption-attachment-15918\" class=\"wp-caption-text\">L&rsquo;ambassadeur de la F\u00e9d\u00e9ration de Russie au Burkina Faso, Igor Martynov &#8211; Ph. Primature<\/figcaption><\/figure>\n<p><em><strong>\u00ab Le choix de Moscou, en Russie se justifie, dans la mesure o\u00f9 les deux pays partagent la m\u00eame vision politique et aussi du fait que le Burkina Faso \u00e0 fait de la Russie un partenaire strat\u00e9gique sur plusieurs plans : diplomatique, militaire, \u00e9conomique, etc \u00bb,<\/strong> <\/em>selon le Premier ministre, Dr Apollinaire Joachimson Ky\u00e9lem de Tamb\u00e8la.<\/p>\n<p><em><strong>\u00ab C\u2019est pour marquer notre int\u00e9r\u00eat pour la Russie et pour le renforcement de la coop\u00e9ration entre les deux pays. Il y a peu d\u2019entreprises russes au Burkina Faso. Notre objectif est de renforcer non seulement la pr\u00e9sence \u00e9conomique russe au Burkina Faso, mais \u00e9galement la pr\u00e9sence \u00e9conomique du Burkina Faso en Russie. Nous voulons faciliter nos \u00e9changes, en mettant ensemble nos op\u00e9rateurs \u00e9conomiques pour une coop\u00e9ration avantageuse entre nos deux pays. Nous cherchons \u00e0 \u00e9tablir des relations p\u00e9rennes \u00bb,<\/strong><\/em> a-t-il expliqu\u00e9.<\/p>\n<p>D\u2019autres questions ont \u00e9galement meubl\u00e9es les \u00e9changes entre le Premier ministre et le diplomate russe.<\/p>\n<blockquote>\n<p>Lire aussi &gt;&gt; <a href=\"https:\/\/www.latribunedufaso.net\/?p=11383\">Coop\u00e9ration Burkina-Russie : Le bl\u00e9 promis par Vladimir Poutine arrive \u00e0 Ouagadougou\u00a0<\/a><\/p>\n<\/blockquote>\n<p>Dans le domaine du transport a\u00e9rien, Dr Ky\u00e9lem de Tamb\u00e8la a plaid\u00e9 pour une ligne directe entre Moscou et Ouagadougou.<\/p>\n<p>Il a \u00e9galement plaid\u00e9 pour l\u2019entr\u00e9e du Burkina Faso au sein du groupe des BRICS (Br\u00e9sil, Russie, Inde, Chine et Afrique du Sud), afin, a-t-il dit, de <em><strong>\u00ab contrer la domination du Dollar et de l\u2019Euro \u00bb<\/strong><\/em>, pour arriver <em><strong>\u00ab \u00e0 un commerce international plus \u00e9quitable \u00bb.\u00a0<\/strong><\/em><\/p>\n<figure id=\"attachment_15917\" aria-describedby=\"caption-attachment-15917\" style=\"width: 720px\" class=\"wp-caption aligncenter\"><a href=\"https:\/\/www.latribunedufaso.net\/wp-content\/uploads\/2024\/09\/FB_IMG_1727164682389.jpg\"><img loading=\"lazy\" decoding=\"async\" class=\"size-full wp-image-15917\" src=\"https:\/\/www.latribunedufaso.net\/wp-content\/uploads\/2024\/09\/FB_IMG_1727164682389.jpg\" alt=\"Rencontre du Premier ministre avec l'ambassadeur de la F\u00e9d\u00e9ration de Russie au Burkina sur les pr\u00e9paratifs des Journ\u00e9es \u00e9conomiques du Burkina Faso, 23 septembre 2024\" width=\"720\" height=\"422\" srcset=\"https:\/\/www.latribunedufaso.net\/wp-content\/uploads\/2024\/09\/FB_IMG_1727164682389.jpg 720w, https:\/\/www.latribunedufaso.net\/wp-content\/uploads\/2024\/09\/FB_IMG_1727164682389-300x176.jpg 300w\" sizes=\"auto, (max-width: 720px) 100vw, 720px\" \/><\/a><figcaption id=\"caption-attachment-15917\" class=\"wp-caption-text\">Les deux parties ont \u00e9chang\u00e9 sur les domaines de coop\u00e9ration entre les deux pays &#8211; Ph. Primature<\/figcaption><\/figure>\n<p>Lors de cette entrevue, l\u2019ambassadeur Igor Martynov a aussi affich\u00e9 la volont\u00e9 de la Russie \u00e0 voir se concr\u00e9tiser le projet de la construction d\u2019une centrale nucl\u00e9aire civile au Burkina Faso.<\/p>\n<p><em><strong>\u00ab C\u2019\u00e9tait une rencontre tr\u00e8s positive et tr\u00e8s fructueuse. Nous sommes sur la m\u00eame longueur d\u2019onde, en ce qui concerne nos approches dans la coop\u00e9ration bilat\u00e9rale. Nous avons \u00e9voqu\u00e9 le renforcement de notre coop\u00e9ration dans tous les domaines \u00bb<\/strong><\/em>, a fait savoir le diplomate russe, \u00e0 l\u2019issue de l\u2019audience.\u00a0<\/p>\n<p><strong><span style=\"font-size: 1.0625rem;\">Latribunedufaso<\/span><span style=\"font-size: 1.0625rem;\">.net\u00a0<\/span><\/strong><\/p>\n<p><strong>Source : Primature<\/strong><\/p>\n","protected":false},"excerpt":{"rendered":"<p>Le Premier ministre, Dr Apollinaire Joachimson Ky\u00e9lem de Tamb\u00e8la, a rencontr\u00e9 l\u2019ambassadeur de la F\u00e9d\u00e9ration de Russie au Burkina Faso, Igor Martynov, ce 23 septembre 2024, pour faire le point sur les pr\u00e9paratifs des Journ\u00e9es \u00e9conomiques du Burkina Faso (JEB) \u00e0 Moscou. Elles sont pr\u00e9vues du 8 au 11 octobre 2024.<\/p>\n","protected":false},"author":5,"featured_media":15919,"comment_status":"open","ping_status":"open","sticky":false,"template":"","format":"standard","meta":{"footnotes":""},"categories":[13,1,8],"tags":[240,241,39],"class_list":["post-15916","post","type-post","status-publish","format-standard","has-post-thumbnail","hentry","category-une","category-actu","category-societe","tag-cooperation-russie-et-burkina","tag-journees-economiques-du-burkina-faso-a-moscou","tag-latribunedufaso-net"],"yoast_head":"<!-- This site is optimized with the Yoast SEO plugin v27.5 - https:\/\/yoast.com\/product\/yoast-seo-wordpress\/ -->\n<title>Journ\u00e9es \u00e9conomiques du Burkina Faso \u00e0 Moscou : Le Premier ministre en parle avec l&#039;ambassadeur russe\u00a0\u00a0 - La Tribune du Faso<\/title>\n<meta name=\"robots\" content=\"index, follow, max-snippet:-1, max-image-preview:large, max-video-preview:-1\" \/>\n<link rel=\"canonical\" href=\"https:\/\/www.latribunedufaso.net\/?p=15916\" \/>\n<meta property=\"og:locale\" content=\"fr_FR\" \/>\n<meta property=\"og:type\" content=\"article\" \/>\n<meta property=\"og:title\" content=\"Journ\u00e9es \u00e9conomiques du Burkina Faso \u00e0 Moscou : Le Premier ministre en parle avec l&#039;ambassadeur russe\u00a0\u00a0 - La Tribune du Faso\" \/>\n<meta property=\"og:description\" content=\"Le Premier ministre, Dr Apollinaire Joachimson Ky\u00e9lem de Tamb\u00e8la, a rencontr\u00e9 l\u2019ambassadeur de la F\u00e9d\u00e9ration de Russie au Burkina Faso, Igor Martynov, ce 23 septembre 2024, pour faire le point sur les pr\u00e9paratifs des Journ\u00e9es \u00e9conomiques du Burkina Faso (JEB) \u00e0 Moscou. Elles sont pr\u00e9vues du 8 au 11 octobre 2024.\" \/>\n<meta property=\"og:url\" content=\"https:\/\/www.latribunedufaso.net\/?p=15916\" \/>\n<meta property=\"og:site_name\" content=\"La Tribune du Faso\" \/>\n<meta property=\"article:publisher\" content=\"https:\/\/www.facebook.com\/LatribuneduFaso\/\" \/>\n<meta property=\"article:published_time\" content=\"2024-09-24T08:51:23+00:00\" \/>\n<meta property=\"og:image\" content=\"https:\/\/www.latribunedufaso.net\/wp-content\/uploads\/2024\/09\/FB_IMG_1727164649555.jpg\" \/>\n\t<meta property=\"og:image:width\" content=\"720\" \/>\n\t<meta property=\"og:image:height\" content=\"459\" \/>\n\t<meta property=\"og:image:type\" content=\"image\/jpeg\" \/>\n<meta name=\"author\" content=\"Issouf Tapsoba\" \/>\n<meta name=\"twitter:label1\" content=\"\u00c9crit par\" \/>\n\t<meta name=\"twitter:data1\" content=\"Issouf Tapsoba\" \/>\n\t<meta name=\"twitter:label2\" content=\"Dur\u00e9e de lecture estim\u00e9e\" \/>\n\t<meta name=\"twitter:data2\" content=\"3 minutes\" \/>\n<script type=\"application\/ld+json\" class=\"yoast-schema-graph\">{\"@context\":\"https:\\\/\\\/schema.org\",\"@graph\":[{\"@type\":\"Article\",\"@id\":\"https:\\\/\\\/www.latribunedufaso.net\\\/?p=15916#article\",\"isPartOf\":{\"@id\":\"https:\\\/\\\/www.latribunedufaso.net\\\/?p=15916\"},\"author\":{\"name\":\"Issouf Tapsoba\",\"@id\":\"https:\\\/\\\/www.latribunedufaso.net\\\/#\\\/schema\\\/person\\\/e54e64c5778a7e72cf80a318b7a622b0\"},\"headline\":\"Journ\u00e9es \u00e9conomiques du Burkina Faso \u00e0 Moscou : Le Premier ministre en parle avec l&rsquo;ambassadeur russe\u00a0\u00a0\",\"datePublished\":\"2024-09-24T08:51:23+00:00\",\"mainEntityOfPage\":{\"@id\":\"https:\\\/\\\/www.latribunedufaso.net\\\/?p=15916\"},\"wordCount\":543,\"commentCount\":0,\"publisher\":{\"@id\":\"https:\\\/\\\/www.latribunedufaso.net\\\/#organization\"},\"image\":{\"@id\":\"https:\\\/\\\/www.latribunedufaso.net\\\/?p=15916#primaryimage\"},\"thumbnailUrl\":\"https:\\\/\\\/www.latribunedufaso.net\\\/wp-content\\\/uploads\\\/2024\\\/09\\\/FB_IMG_1727164649555.jpg\",\"keywords\":[\"coop\u00e9ration Russie et Burkina\",\"Journ\u00e9es \u00e9conomiques du Burkina Faso \u00e0 Moscou\",\"latribunedufaso.net\"],\"articleSection\":[\"A la une\",\"Actualit\u00e9\",\"Soci\u00e9t\u00e9\"],\"inLanguage\":\"fr-FR\",\"potentialAction\":[{\"@type\":\"CommentAction\",\"name\":\"Comment\",\"target\":[\"https:\\\/\\\/www.latribunedufaso.net\\\/?p=15916#respond\"]}]},{\"@type\":\"WebPage\",\"@id\":\"https:\\\/\\\/www.latribunedufaso.net\\\/?p=15916\",\"url\":\"https:\\\/\\\/www.latribunedufaso.net\\\/?p=15916\",\"name\":\"Journ\u00e9es \u00e9conomiques du Burkina Faso \u00e0 Moscou : Le Premier ministre en parle avec l'ambassadeur russe\u00a0\u00a0 - La Tribune du Faso\",\"isPartOf\":{\"@id\":\"https:\\\/\\\/www.latribunedufaso.net\\\/#website\"},\"primaryImageOfPage\":{\"@id\":\"https:\\\/\\\/www.latribunedufaso.net\\\/?p=15916#primaryimage\"},\"image\":{\"@id\":\"https:\\\/\\\/www.latribunedufaso.net\\\/?p=15916#primaryimage\"},\"thumbnailUrl\":\"https:\\\/\\\/www.latribunedufaso.net\\\/wp-content\\\/uploads\\\/2024\\\/09\\\/FB_IMG_1727164649555.jpg\",\"datePublished\":\"2024-09-24T08:51:23+00:00\",\"breadcrumb\":{\"@id\":\"https:\\\/\\\/www.latribunedufaso.net\\\/?p=15916#breadcrumb\"},\"inLanguage\":\"fr-FR\",\"potentialAction\":[{\"@type\":\"ReadAction\",\"target\":[\"https:\\\/\\\/www.latribunedufaso.net\\\/?p=15916\"]}]},{\"@type\":\"ImageObject\",\"inLanguage\":\"fr-FR\",\"@id\":\"https:\\\/\\\/www.latribunedufaso.net\\\/?p=15916#primaryimage\",\"url\":\"https:\\\/\\\/www.latribunedufaso.net\\\/wp-content\\\/uploads\\\/2024\\\/09\\\/FB_IMG_1727164649555.jpg\",\"contentUrl\":\"https:\\\/\\\/www.latribunedufaso.net\\\/wp-content\\\/uploads\\\/2024\\\/09\\\/FB_IMG_1727164649555.jpg\",\"width\":720,\"height\":459,\"caption\":\"Rencontre du Premier ministre avec l'ambassadeur de la F\u00e9d\u00e9ration de Russie au Burkina sur les pr\u00e9paratifs des Journ\u00e9es \u00e9conomiques du Burkina Faso, 23 septembre 2024\"},{\"@type\":\"BreadcrumbList\",\"@id\":\"https:\\\/\\\/www.latribunedufaso.net\\\/?p=15916#breadcrumb\",\"itemListElement\":[{\"@type\":\"ListItem\",\"position\":1,\"name\":\"Accueil\",\"item\":\"https:\\\/\\\/www.latribunedufaso.net\\\/\"},{\"@type\":\"ListItem\",\"position\":2,\"name\":\"Journ\u00e9es \u00e9conomiques du Burkina Faso \u00e0 Moscou : Le Premier ministre en parle avec l&rsquo;ambassadeur russe\u00a0\u00a0\"}]},{\"@type\":\"WebSite\",\"@id\":\"https:\\\/\\\/www.latribunedufaso.net\\\/#website\",\"url\":\"https:\\\/\\\/www.latribunedufaso.net\\\/\",\"name\":\"La Tribune du Faso\",\"description\":\"L&#039;information du monde rural en un clic\",\"publisher\":{\"@id\":\"https:\\\/\\\/www.latribunedufaso.net\\\/#organization\"},\"potentialAction\":[{\"@type\":\"SearchAction\",\"target\":{\"@type\":\"EntryPoint\",\"urlTemplate\":\"https:\\\/\\\/www.latribunedufaso.net\\\/?s={search_term_string}\"},\"query-input\":{\"@type\":\"PropertyValueSpecification\",\"valueRequired\":true,\"valueName\":\"search_term_string\"}}],\"inLanguage\":\"fr-FR\"},{\"@type\":\"Organization\",\"@id\":\"https:\\\/\\\/www.latribunedufaso.net\\\/#organization\",\"name\":\"La Tribune du Faso\",\"url\":\"https:\\\/\\\/www.latribunedufaso.net\\\/\",\"logo\":{\"@type\":\"ImageObject\",\"inLanguage\":\"fr-FR\",\"@id\":\"https:\\\/\\\/www.latribunedufaso.net\\\/#\\\/schema\\\/logo\\\/image\\\/\",\"url\":\"https:\\\/\\\/www.latribunedufaso.net\\\/wp-content\\\/uploads\\\/2020\\\/08\\\/Logo-Tribune-du-Faso-final-scaled.jpg\",\"contentUrl\":\"https:\\\/\\\/www.latribunedufaso.net\\\/wp-content\\\/uploads\\\/2020\\\/08\\\/Logo-Tribune-du-Faso-final-scaled.jpg\",\"width\":2560,\"height\":1856,\"caption\":\"La Tribune du Faso\"},\"image\":{\"@id\":\"https:\\\/\\\/www.latribunedufaso.net\\\/#\\\/schema\\\/logo\\\/image\\\/\"},\"sameAs\":[\"https:\\\/\\\/www.facebook.com\\\/LatribuneduFaso\\\/\"]},{\"@type\":\"Person\",\"@id\":\"https:\\\/\\\/www.latribunedufaso.net\\\/#\\\/schema\\\/person\\\/e54e64c5778a7e72cf80a318b7a622b0\",\"name\":\"Issouf Tapsoba\",\"image\":{\"@type\":\"ImageObject\",\"inLanguage\":\"fr-FR\",\"@id\":\"https:\\\/\\\/secure.gravatar.com\\\/avatar\\\/5e6c05150ce3230247d167f5b94d678eb05936197436d69b7921e3a95c9107ac?s=96&d=mm&r=g\",\"url\":\"https:\\\/\\\/secure.gravatar.com\\\/avatar\\\/5e6c05150ce3230247d167f5b94d678eb05936197436d69b7921e3a95c9107ac?s=96&d=mm&r=g\",\"contentUrl\":\"https:\\\/\\\/secure.gravatar.com\\\/avatar\\\/5e6c05150ce3230247d167f5b94d678eb05936197436d69b7921e3a95c9107ac?s=96&d=mm&r=g\",\"caption\":\"Issouf Tapsoba\"},\"url\":\"https:\\\/\\\/www.latribunedufaso.net\\\/?author=5\"}]}<\/script>\n<!-- \/ Yoast SEO plugin. -->","yoast_head_json":{"title":"Journ\u00e9es \u00e9conomiques du Burkina Faso \u00e0 Moscou : Le Premier ministre en parle avec l'ambassadeur russe\u00a0\u00a0 - La Tribune du Faso","robots":{"index":"index","follow":"follow","max-snippet":"max-snippet:-1","max-image-preview":"max-image-preview:large","max-video-preview":"max-video-preview:-1"},"canonical":"https:\/\/www.latribunedufaso.net\/?p=15916","og_locale":"fr_FR","og_type":"article","og_title":"Journ\u00e9es \u00e9conomiques du Burkina Faso \u00e0 Moscou : Le Premier ministre en parle avec l'ambassadeur russe\u00a0\u00a0 - La Tribune du Faso","og_description":"Le Premier ministre, Dr Apollinaire Joachimson Ky\u00e9lem de Tamb\u00e8la, a rencontr\u00e9 l\u2019ambassadeur de la F\u00e9d\u00e9ration de Russie au Burkina Faso, Igor Martynov, ce 23 septembre 2024, pour faire le point sur les pr\u00e9paratifs des Journ\u00e9es \u00e9conomiques du Burkina Faso (JEB) \u00e0 Moscou. Elles sont pr\u00e9vues du 8 au 11 octobre 2024.","og_url":"https:\/\/www.latribunedufaso.net\/?p=15916","og_site_name":"La Tribune du Faso","article_publisher":"https:\/\/www.facebook.com\/LatribuneduFaso\/","article_published_time":"2024-09-24T08:51:23+00:00","og_image":[{"width":720,"height":459,"url":"https:\/\/www.latribunedufaso.net\/wp-content\/uploads\/2024\/09\/FB_IMG_1727164649555.jpg","type":"image\/jpeg"}],"author":"Issouf Tapsoba","twitter_misc":{"\u00c9crit par":"Issouf Tapsoba","Dur\u00e9e de lecture estim\u00e9e":"3 minutes"},"schema":{"@context":"https:\/\/schema.org","@graph":[{"@type":"Article","@id":"https:\/\/www.latribunedufaso.net\/?p=15916#article","isPartOf":{"@id":"https:\/\/www.latribunedufaso.net\/?p=15916"},"author":{"name":"Issouf Tapsoba","@id":"https:\/\/www.latribunedufaso.net\/#\/schema\/person\/e54e64c5778a7e72cf80a318b7a622b0"},"headline":"Journ\u00e9es \u00e9conomiques du Burkina Faso \u00e0 Moscou : Le Premier ministre en parle avec l&rsquo;ambassadeur russe\u00a0\u00a0","datePublished":"2024-09-24T08:51:23+00:00","mainEntityOfPage":{"@id":"https:\/\/www.latribunedufaso.net\/?p=15916"},"wordCount":543,"commentCount":0,"publisher":{"@id":"https:\/\/www.latribunedufaso.net\/#organization"},"image":{"@id":"https:\/\/www.latribunedufaso.net\/?p=15916#primaryimage"},"thumbnailUrl":"https:\/\/www.latribunedufaso.net\/wp-content\/uploads\/2024\/09\/FB_IMG_1727164649555.jpg","keywords":["coop\u00e9ration Russie et Burkina","Journ\u00e9es \u00e9conomiques du Burkina Faso \u00e0 Moscou","latribunedufaso.net"],"articleSection":["A la une","Actualit\u00e9","Soci\u00e9t\u00e9"],"inLanguage":"fr-FR","potentialAction":[{"@type":"CommentAction","name":"Comment","target":["https:\/\/www.latribunedufaso.net\/?p=15916#respond"]}]},{"@type":"WebPage","@id":"https:\/\/www.latribunedufaso.net\/?p=15916","url":"https:\/\/www.latribunedufaso.net\/?p=15916","name":"Journ\u00e9es \u00e9conomiques du Burkina Faso \u00e0 Moscou : Le Premier ministre en parle avec l'ambassadeur russe\u00a0\u00a0 - La Tribune du Faso","isPartOf":{"@id":"https:\/\/www.latribunedufaso.net\/#website"},"primaryImageOfPage":{"@id":"https:\/\/www.latribunedufaso.net\/?p=15916#primaryimage"},"image":{"@id":"https:\/\/www.latribunedufaso.net\/?p=15916#primaryimage"},"thumbnailUrl":"https:\/\/www.latribunedufaso.net\/wp-content\/uploads\/2024\/09\/FB_IMG_1727164649555.jpg","datePublished":"2024-09-24T08:51:23+00:00","breadcrumb":{"@id":"https:\/\/www.latribunedufaso.net\/?p=15916#breadcrumb"},"inLanguage":"fr-FR","potentialAction":[{"@type":"ReadAction","target":["https:\/\/www.latribunedufaso.net\/?p=15916"]}]},{"@type":"ImageObject","inLanguage":"fr-FR","@id":"https:\/\/www.latribunedufaso.net\/?p=15916#primaryimage","url":"https:\/\/www.latribunedufaso.net\/wp-content\/uploads\/2024\/09\/FB_IMG_1727164649555.jpg","contentUrl":"https:\/\/www.latribunedufaso.net\/wp-content\/uploads\/2024\/09\/FB_IMG_1727164649555.jpg","width":720,"height":459,"caption":"Rencontre du Premier ministre avec l'ambassadeur de la F\u00e9d\u00e9ration de Russie au Burkina sur les pr\u00e9paratifs des Journ\u00e9es \u00e9conomiques du Burkina Faso, 23 septembre 2024"},{"@type":"BreadcrumbList","@id":"https:\/\/www.latribunedufaso.net\/?p=15916#breadcrumb","itemListElement":[{"@type":"ListItem","position":1,"name":"Accueil","item":"https:\/\/www.latribunedufaso.net\/"},{"@type":"ListItem","position":2,"name":"Journ\u00e9es \u00e9conomiques du Burkina Faso \u00e0 Moscou : Le Premier ministre en parle avec l&rsquo;ambassadeur russe\u00a0\u00a0"}]},{"@type":"WebSite","@id":"https:\/\/www.latribunedufaso.net\/#website","url":"https:\/\/www.latribunedufaso.net\/","name":"La Tribune du Faso","description":"L&#039;information du monde rural en un clic","publisher":{"@id":"https:\/\/www.latribunedufaso.net\/#organization"},"potentialAction":[{"@type":"SearchAction","target":{"@type":"EntryPoint","urlTemplate":"https:\/\/www.latribunedufaso.net\/?s={search_term_string}"},"query-input":{"@type":"PropertyValueSpecification","valueRequired":true,"valueName":"search_term_string"}}],"inLanguage":"fr-FR"},{"@type":"Organization","@id":"https:\/\/www.latribunedufaso.net\/#organization","name":"La Tribune du Faso","url":"https:\/\/www.latribunedufaso.net\/","logo":{"@type":"ImageObject","inLanguage":"fr-FR","@id":"https:\/\/www.latribunedufaso.net\/#\/schema\/logo\/image\/","url":"https:\/\/www.latribunedufaso.net\/wp-content\/uploads\/2020\/08\/Logo-Tribune-du-Faso-final-scaled.jpg","contentUrl":"https:\/\/www.latribunedufaso.net\/wp-content\/uploads\/2020\/08\/Logo-Tribune-du-Faso-final-scaled.jpg","width":2560,"height":1856,"caption":"La Tribune du Faso"},"image":{"@id":"https:\/\/www.latribunedufaso.net\/#\/schema\/logo\/image\/"},"sameAs":["https:\/\/www.facebook.com\/LatribuneduFaso\/"]},{"@type":"Person","@id":"https:\/\/www.latribunedufaso.net\/#\/schema\/person\/e54e64c5778a7e72cf80a318b7a622b0","name":"Issouf Tapsoba","image":{"@type":"ImageObject","inLanguage":"fr-FR","@id":"https:\/\/secure.gravatar.com\/avatar\/5e6c05150ce3230247d167f5b94d678eb05936197436d69b7921e3a95c9107ac?s=96&d=mm&r=g","url":"https:\/\/secure.gravatar.com\/avatar\/5e6c05150ce3230247d167f5b94d678eb05936197436d69b7921e3a95c9107ac?s=96&d=mm&r=g","contentUrl":"https:\/\/secure.gravatar.com\/avatar\/5e6c05150ce3230247d167f5b94d678eb05936197436d69b7921e3a95c9107ac?s=96&d=mm&r=g","caption":"Issouf Tapsoba"},"url":"https:\/\/www.latribunedufaso.net\/?author=5"}]}},"_links":{"self":[{"href":"https:\/\/www.latribunedufaso.net\/index.php?rest_route=\/wp\/v2\/posts\/15916","targetHints":{"allow":["GET"]}}],"collection":[{"href":"https:\/\/www.latribunedufaso.net\/index.php?rest_route=\/wp\/v2\/posts"}],"about":[{"href":"https:\/\/www.latribunedufaso.net\/index.php?rest_route=\/wp\/v2\/types\/post"}],"author":[{"embeddable":true,"href":"https:\/\/www.latribunedufaso.net\/index.php?rest_route=\/wp\/v2\/users\/5"}],"replies":[{"embeddable":true,"href":"https:\/\/www.latribunedufaso.net\/index.php?rest_route=%2Fwp%2Fv2%2Fcomments&post=15916"}],"version-history":[{"count":1,"href":"https:\/\/www.latribunedufaso.net\/index.php?rest_route=\/wp\/v2\/posts\/15916\/revisions"}],"predecessor-version":[{"id":15920,"href":"https:\/\/www.latribunedufaso.net\/index.php?rest_route=\/wp\/v2\/posts\/15916\/revisions\/15920"}],"wp:featuredmedia":[{"embeddable":true,"href":"https:\/\/www.latribunedufaso.net\/index.php?rest_route=\/wp\/v2\/media\/15919"}],"wp:attachment":[{"href":"https:\/\/www.latribunedufaso.net\/index.php?rest_route=%2Fwp%2Fv2%2Fmedia&parent=15916"}],"wp:term":[{"taxonomy":"category","embeddable":true,"href":"https:\/\/www.latribunedufaso.net\/index.php?rest_route=%2Fwp%2Fv2%2Fcategories&post=15916"},{"taxonomy":"post_tag","embeddable":true,"href":"https:\/\/www.latribunedufaso.net\/index.php?rest_route=%2Fwp%2Fv2%2Ftags&post=15916"}],"curies":[{"name":"wp","href":"https:\/\/api.w.org\/{rel}","templated":true}]}}