{"id":15883,"date":"2024-09-21T08:57:10","date_gmt":"2024-09-21T08:57:10","guid":{"rendered":"https:\/\/www.latribunedufaso.net\/?p=15883"},"modified":"2024-09-21T08:57:34","modified_gmt":"2024-09-21T08:57:34","slug":"journee-mondiale-de-la-paix-le-message-du-ministre-en-charge-de-la-justice-edasso-rodrigue-bayala","status":"publish","type":"post","link":"https:\/\/www.latribunedufaso.net\/?p=15883","title":{"rendered":"Journ\u00e9e mondiale de la paix : Le message du ministre en charge de la Justice, Edasso Rodrigue Bayala"},"content":{"rendered":"<p style=\"text-align: center;\"><span style=\"font-size: 1.0625rem;\">\u00a0 \u00a0 \u00a0 \u00a0 \u00a0 \u00a0 \u00a0 \u00a0 \u00a0 \u00a0 \u00a0 \u00a0 \u00a0 \u00a0 \u00a0 \u00a0 \u00a0 \u00a0 \u00a0 \u00a0 \u00a0 \u00a0 \u00a0 \u00a0 \u00a0 \u00a0 \u00a0 \u00a0 \u00a0 \u00a0 \u00a0 \u00a0 <strong>PROJET DE MESSAGE DE MONSIEUR LE MINISTRE DE LA JUSTICE ET DES DROITS HUMAINS, CHARGE DES RELATIONS AVEC LES INSTITUTIONS, GARDE DES SCEAUX, A L\u2019OCCASION DE LA JOURNEE INTERNATIONALE DE LA PAIX, EDITION 2024\u00a0 \u00a0\u00a0<\/strong><\/span><!--more--><\/p>\n<p style=\"text-align: center;\"><span style=\"font-size: 1.0625rem;\">\u00a0 <strong>Septembre 2024<\/strong><\/span><\/p>\n<p>La paix et la coh\u00e9sion sociale constituent une richesse inestimable et le socle de tout d\u00e9veloppement humain durable. Nous ne mesurons l\u2019importance de ces valeurs que lorsqu\u2019on les a perdues. En effet, des millions de populations dans le monde font encore face aujourd\u2019hui, aux cons\u00e9quences de la guerre, et vivent, quasiment au quotidien, dans l\u2019effroi des actes de violence multiformes et de l\u2019intol\u00e9rance, avec leur lot de violations et d\u2019atteintes aux droits humains. Si la guerre a toujours \u00e9t\u00e9 associ\u00e9e \u00e0 l\u2019histoire de l\u2019humanit\u00e9, la cartographie des conflits dans le monde actuellement est fort pr\u00e9occupante.<\/p>\n<p>C\u2019est dans l\u2019optique de pr\u00e9venir de telles situations, que l\u2019Organisation des Nations Unies a, par la r\u00e9solution 55\/282, d\u00e9cid\u00e9 la Journ\u00e9e internationale de la paix sera observ\u00e9e chaque ann\u00e9e le 21 septembre. Au cours de cette journ\u00e9e, les Nations Unies invitent les Etats \u00e0 respecter l\u2019arr\u00eat des hostilit\u00e9s et \u00e0 c\u00e9l\u00e9brer la paix \u00e0 travers des actions d\u2019\u00e9ducation et de sensibilisation \u00e0 l\u2019endroit de toutes les couches sociales sur des th\u00e9matiques li\u00e9es \u00e0 la paix.\u00a0<\/p>\n<p>Pour cette ann\u00e9e 2024, qui marque le 25\u00e8me anniversaire de la D\u00e9claration et du Programme d\u2019action sur une culture de la paix, la journ\u00e9e internationale de la paix est comm\u00e9mor\u00e9e au plan international sous le th\u00e8me\u00a0: \u00ab\u00a0Promouvoir une culture de paix\u00a0\u00bb. Par cette th\u00e9matique, les Nations unies voudraient, dans un monde marqu\u00e9 par des tensions g\u00e9opolitiques, rappeler la n\u00e9cessit\u00e9 de cultiver la paix autour de nous et mettre l\u2019accent sur l\u2019\u00e9ducation \u00e0 la paix et \u00e0 la non-violence comme principal instrument de diffusion et de promotion de la tol\u00e9rance, de la justice et des droits de l\u2019Homme. Aussi, donnent-elles l\u2019occasion aux diff\u00e9rents acteurs de faire un \u00e9tat des lieux des progr\u00e8s accomplis en mati\u00e8re de promotion de la paix et de renforcement d\u2019une culture de la non-violence par l\u2019\u00e9ducation.<\/p>\n<p>Au niveau national, la comm\u00e9moration de la journ\u00e9e internationale de la paix intervient dans un contexte qui impose une revalorisation des valeurs endog\u00e8nes en vue de faire face aux d\u00e9fis actuels, d\u2019o\u00f9 le th\u00e8me\u00a0: \u00ab\u00a0Education aux valeurs endog\u00e8nes de tol\u00e9rance et de paix\u00a0: r\u00f4le et responsabilit\u00e9 des communaut\u00e9s\u00a0\u00bb. A travers ce th\u00e8me, le Gouvernement entend interpeller l\u2019ensemble des composantes de la soci\u00e9t\u00e9 burkinab\u00e8 sur l\u2019importance de contribuer, aussi bien par leur engagement tant individuel que collectif \u00e0 l\u2019\u00e9ducation permanente des citoyens aux valeurs endog\u00e8nes de tol\u00e9rance et de paix.\u00a0<\/p>\n<p>Comme l\u2019a mentionn\u00e9 la Charte constitutive de l\u2019UNESCO\u00a0: \u00ab\u00a0les guerres prenant naissance dans l\u2019esprit des hommes, c\u2019est dans l\u2019esprit des hommes que doivent \u00eatre \u00e9lev\u00e9es les d\u00e9fenses de la paix\u00a0\u00bb. Alors que notre pays traverse une crise s\u00e9curitaire aux cons\u00e9quences multiformes sur les dynamiques aux niveaux social, politique et \u00e9conomique, il est, aujourd\u2019hui, urgent et m\u00eame imp\u00e9ratif de mener des actions offensives de sensibilisation et d\u2019\u00e9ducation, pour assurer la r\u00e9appropriation de nos valeurs culturelles de r\u00e9f\u00e9rence qui font du Burkina Faso, un pays de paix, de coh\u00e9sion sociale et du vivre ensemble harmonieux. Cela contribuera \u00e0 endiguer les ph\u00e9nom\u00e8nes tels que la mont\u00e9e de l\u2019intol\u00e9rance, de la haine et de la violence sous toutes ses formes, dans un contexte global de reconqu\u00eate de la stabilit\u00e9 et de la souverainet\u00e9 nationale.\u00a0<\/p>\n<p>Ainsi, j\u2019en appelle \u00e0 une prise de conscience de chaque burkinab\u00e8, de la n\u00e9cessit\u00e9 de faire sienne, la culture des valeurs de tol\u00e9rance et de paix, laquelle doit \u00eatre une qu\u00eate commune pour toutes les communaut\u00e9s d\u2019hommes et de femmes soucieuses du vivre-ensemble. Comme le disait le philosophe anglais Thomas Hobbes, \u00ab\u00a0la premi\u00e8re et fondamentale loi de nature est de rechercher et de poursuivre la paix\u00a0\u00bb. Conscients que nous n\u2019avons pas le droit de l\u00e9guer aux g\u00e9n\u00e9rations futures un Burkina Faso handicap\u00e9 de ce levier indispensable \u00e0 son d\u00e9veloppement, chacun de nous est, de ce fait, appel\u00e9 \u00e0 \u00eatre un artisan de paix, de tol\u00e9rance et de coh\u00e9sion sociale dans sa communaut\u00e9.\u00a0<\/p>\n<p>La journ\u00e9e internationale de la paix sera conjointement comm\u00e9mor\u00e9e avec celle de la tol\u00e9rance du 21 septembre au 16 novembre dans la r\u00e9gion du Centre-Ouest et sera marqu\u00e9e par une s\u00e9rie d\u2019activit\u00e9s en direction des diff\u00e9rentes couches sociales de la soci\u00e9t\u00e9. Il s\u2019agit, entre autres, d\u2019une c\u00e9r\u00e9monie de lancement \u00e0 travers une course cycliste f\u00e9minine, suivie d\u2019un panel, des rencontres d\u2019\u00e9changes avec les populations \u00e0 la base, des conf\u00e9rences en milieu scolaire, d\u2019une comp\u00e9tition de slam et de po\u00e9sie, d\u2019une journ\u00e9e de parent\u00e9 \u00e0 plaisanterie et d\u2019une \u00e9mission radiophonique.\u00a0<\/p>\n<p>Au regard de la pertinence des activit\u00e9s inscrites au programme, j\u2019invite l\u2019ensemble de la population burkinab\u00e8 en g\u00e9n\u00e9ral, et celle de la r\u00e9gion du Centre-Ouest en particulier \u00e0 se mobiliser massivement pour faire de cette comm\u00e9moration une r\u00e9ussite.\u00a0<\/p>\n<p>Avant de clore mon propos, je voudrais, \u00e0 cette occasion, exprimer ma reconnaissance \u00e0 nos vaillantes Forces de d\u00e9fense et de s\u00e9curit\u00e9 et \u00e0 nos valeureux volontaires pour la d\u00e9fense de la patrie pour les sacrifices inestimables qu\u2019ils ne cessent de consentir dans la reconqu\u00eate de l\u2019int\u00e9gralit\u00e9 du territoire national et pour assurer la s\u00e9curit\u00e9 des personnes et des biens.\u00a0<\/p>\n<p>Ma gratitude va aussi \u00e0 l\u2019endroit des acteurs \u00e9tatiques et non \u00e9tatiques qui \u0153uvrent inlassablement \u00e0 la pr\u00e9servation de la paix et au renforcement du vivre-ensemble harmonieux dans notre pays.<\/p>\n<p>J\u2019ai une pens\u00e9e, empreinte de compassion \u00e0 l\u2019endroit des victimes du terrorisme et de leurs familles, des personnes d\u00e9plac\u00e9es internes et de tous ceux qui sont, d\u2019une mani\u00e8re ou d\u2019une autre, affect\u00e9es par le terroriste dans notre pays.\u00a0<\/p>\n<p>J\u2019invite chaque citoyen \u00e0 adopter, en toutes circonstances, des comportements responsables et \u00e0 promouvoir des actions en faveur de la paix et de la tol\u00e9rance dans tous les domaines, afin que notre pays puisse retrouver sa stabilit\u00e9 d\u2019antan.\u00a0<\/p>\n<p><strong>Vive la paix\u00a0!<\/strong><\/p>\n<p><strong>Vive le Burkina Faso\u00a0!<\/strong><\/p>\n<p><strong>La Patrie ou la mort, nous vaincrons\u00a0!<\/strong><\/p>\n<p>&nbsp;<\/p>\n<p><strong>Ma\u00eetre Edasso Rodrigue BAYALA<\/strong><\/p>\n<p><strong>Latribunedufaso.net<\/strong><\/p>\n","protected":false},"excerpt":{"rendered":"<p>\u00a0 \u00a0 \u00a0 \u00a0 \u00a0 \u00a0 \u00a0 \u00a0 \u00a0 \u00a0 \u00a0 \u00a0 \u00a0 \u00a0 \u00a0 \u00a0 \u00a0 \u00a0 \u00a0 \u00a0 \u00a0 \u00a0 \u00a0 \u00a0 \u00a0 \u00a0 \u00a0 \u00a0 \u00a0 \u00a0 \u00a0 \u00a0 PROJET DE MESSAGE DE MONSIEUR LE MINISTRE DE LA JUSTICE ET DES DROITS HUMAINS, CHARGE DES RELATIONS AVEC LES INSTITUTIONS, GARDE DES SCEAUX, A L\u2019OCCASION DE LA JOURNEE INTERNATIONALE DE LA PAIX, EDITION 2024\u00a0 \u00a0\u00a0<\/p>\n","protected":false},"author":5,"featured_media":15888,"comment_status":"open","ping_status":"open","sticky":false,"template":"","format":"standard","meta":{"footnotes":""},"categories":[13,1,18],"tags":[149,233,150],"class_list":["post-15883","post","type-post","status-publish","format-standard","has-post-thumbnail","hentry","category-une","category-actu","category-communique","tag-cohesion-sociale","tag-journee-mondiale-de-la-paix","tag-paix"],"yoast_head":"<!-- This site is optimized with the Yoast SEO plugin v27.5 - https:\/\/yoast.com\/product\/yoast-seo-wordpress\/ -->\n<title>Journ\u00e9e mondiale de la paix : Le message du ministre en charge de la Justice, Edasso Rodrigue Bayala - La Tribune du Faso<\/title>\n<meta name=\"robots\" content=\"index, follow, max-snippet:-1, max-image-preview:large, max-video-preview:-1\" \/>\n<link rel=\"canonical\" href=\"https:\/\/www.latribunedufaso.net\/?p=15883\" \/>\n<meta property=\"og:locale\" content=\"fr_FR\" \/>\n<meta property=\"og:type\" content=\"article\" \/>\n<meta property=\"og:title\" content=\"Journ\u00e9e mondiale de la paix : Le message du ministre en charge de la Justice, Edasso Rodrigue Bayala - La Tribune du Faso\" \/>\n<meta property=\"og:description\" content=\"\u00a0 \u00a0 \u00a0 \u00a0 \u00a0 \u00a0 \u00a0 \u00a0 \u00a0 \u00a0 \u00a0 \u00a0 \u00a0 \u00a0 \u00a0 \u00a0 \u00a0 \u00a0 \u00a0 \u00a0 \u00a0 \u00a0 \u00a0 \u00a0 \u00a0 \u00a0 \u00a0 \u00a0 \u00a0 \u00a0 \u00a0 \u00a0 PROJET DE MESSAGE DE MONSIEUR LE MINISTRE DE LA JUSTICE ET DES DROITS HUMAINS, CHARGE DES RELATIONS AVEC LES INSTITUTIONS, GARDE DES SCEAUX, A L\u2019OCCASION DE LA JOURNEE INTERNATIONALE DE LA PAIX, EDITION 2024\u00a0 \u00a0\u00a0\" \/>\n<meta property=\"og:url\" content=\"https:\/\/www.latribunedufaso.net\/?p=15883\" \/>\n<meta property=\"og:site_name\" content=\"La Tribune du Faso\" \/>\n<meta property=\"article:publisher\" content=\"https:\/\/www.facebook.com\/LatribuneduFaso\/\" \/>\n<meta property=\"article:published_time\" content=\"2024-09-21T08:57:10+00:00\" \/>\n<meta property=\"article:modified_time\" content=\"2024-09-21T08:57:34+00:00\" \/>\n<meta property=\"og:image\" content=\"https:\/\/www.latribunedufaso.net\/wp-content\/uploads\/2024\/09\/IMG-20240920-WA0075_2.jpg\" \/>\n\t<meta property=\"og:image:width\" content=\"864\" \/>\n\t<meta property=\"og:image:height\" content=\"719\" \/>\n\t<meta property=\"og:image:type\" content=\"image\/jpeg\" \/>\n<meta name=\"author\" content=\"Issouf Tapsoba\" \/>\n<meta name=\"twitter:label1\" content=\"\u00c9crit par\" \/>\n\t<meta name=\"twitter:data1\" content=\"Issouf Tapsoba\" \/>\n\t<meta name=\"twitter:label2\" content=\"Dur\u00e9e de lecture estim\u00e9e\" \/>\n\t<meta name=\"twitter:data2\" content=\"6 minutes\" \/>\n<script type=\"application\/ld+json\" class=\"yoast-schema-graph\">{\"@context\":\"https:\\\/\\\/schema.org\",\"@graph\":[{\"@type\":\"Article\",\"@id\":\"https:\\\/\\\/www.latribunedufaso.net\\\/?p=15883#article\",\"isPartOf\":{\"@id\":\"https:\\\/\\\/www.latribunedufaso.net\\\/?p=15883\"},\"author\":{\"name\":\"Issouf Tapsoba\",\"@id\":\"https:\\\/\\\/www.latribunedufaso.net\\\/#\\\/schema\\\/person\\\/e54e64c5778a7e72cf80a318b7a622b0\"},\"headline\":\"Journ\u00e9e mondiale de la paix : Le message du ministre en charge de la Justice, Edasso Rodrigue Bayala\",\"datePublished\":\"2024-09-21T08:57:10+00:00\",\"dateModified\":\"2024-09-21T08:57:34+00:00\",\"mainEntityOfPage\":{\"@id\":\"https:\\\/\\\/www.latribunedufaso.net\\\/?p=15883\"},\"wordCount\":1130,\"commentCount\":0,\"publisher\":{\"@id\":\"https:\\\/\\\/www.latribunedufaso.net\\\/#organization\"},\"image\":{\"@id\":\"https:\\\/\\\/www.latribunedufaso.net\\\/?p=15883#primaryimage\"},\"thumbnailUrl\":\"https:\\\/\\\/www.latribunedufaso.net\\\/wp-content\\\/uploads\\\/2024\\\/09\\\/IMG-20240920-WA0075_2.jpg\",\"keywords\":[\"coh\u00e9sion sociale\",\"journ\u00e9e mondiale de la paix\",\"paix\"],\"articleSection\":[\"A la une\",\"Actualit\u00e9\",\"Communiqu\u00e9\"],\"inLanguage\":\"fr-FR\",\"potentialAction\":[{\"@type\":\"CommentAction\",\"name\":\"Comment\",\"target\":[\"https:\\\/\\\/www.latribunedufaso.net\\\/?p=15883#respond\"]}]},{\"@type\":\"WebPage\",\"@id\":\"https:\\\/\\\/www.latribunedufaso.net\\\/?p=15883\",\"url\":\"https:\\\/\\\/www.latribunedufaso.net\\\/?p=15883\",\"name\":\"Journ\u00e9e mondiale de la paix : Le message du ministre en charge de la Justice, Edasso Rodrigue Bayala - La Tribune du Faso\",\"isPartOf\":{\"@id\":\"https:\\\/\\\/www.latribunedufaso.net\\\/#website\"},\"primaryImageOfPage\":{\"@id\":\"https:\\\/\\\/www.latribunedufaso.net\\\/?p=15883#primaryimage\"},\"image\":{\"@id\":\"https:\\\/\\\/www.latribunedufaso.net\\\/?p=15883#primaryimage\"},\"thumbnailUrl\":\"https:\\\/\\\/www.latribunedufaso.net\\\/wp-content\\\/uploads\\\/2024\\\/09\\\/IMG-20240920-WA0075_2.jpg\",\"datePublished\":\"2024-09-21T08:57:10+00:00\",\"dateModified\":\"2024-09-21T08:57:34+00:00\",\"breadcrumb\":{\"@id\":\"https:\\\/\\\/www.latribunedufaso.net\\\/?p=15883#breadcrumb\"},\"inLanguage\":\"fr-FR\",\"potentialAction\":[{\"@type\":\"ReadAction\",\"target\":[\"https:\\\/\\\/www.latribunedufaso.net\\\/?p=15883\"]}]},{\"@type\":\"ImageObject\",\"inLanguage\":\"fr-FR\",\"@id\":\"https:\\\/\\\/www.latribunedufaso.net\\\/?p=15883#primaryimage\",\"url\":\"https:\\\/\\\/www.latribunedufaso.net\\\/wp-content\\\/uploads\\\/2024\\\/09\\\/IMG-20240920-WA0075_2.jpg\",\"contentUrl\":\"https:\\\/\\\/www.latribunedufaso.net\\\/wp-content\\\/uploads\\\/2024\\\/09\\\/IMG-20240920-WA0075_2.jpg\",\"width\":864,\"height\":719,\"caption\":\"Le ministre en charge de la Justice, Edasso Rodrigue Bayala, message \u00e0 l'occasion de la journ\u00e9e mondiale de la Paix\"},{\"@type\":\"BreadcrumbList\",\"@id\":\"https:\\\/\\\/www.latribunedufaso.net\\\/?p=15883#breadcrumb\",\"itemListElement\":[{\"@type\":\"ListItem\",\"position\":1,\"name\":\"Accueil\",\"item\":\"https:\\\/\\\/www.latribunedufaso.net\\\/\"},{\"@type\":\"ListItem\",\"position\":2,\"name\":\"Journ\u00e9e mondiale de la paix : Le message du ministre en charge de la Justice, Edasso Rodrigue Bayala\"}]},{\"@type\":\"WebSite\",\"@id\":\"https:\\\/\\\/www.latribunedufaso.net\\\/#website\",\"url\":\"https:\\\/\\\/www.latribunedufaso.net\\\/\",\"name\":\"La Tribune du Faso\",\"description\":\"L&#039;information du monde rural en un clic\",\"publisher\":{\"@id\":\"https:\\\/\\\/www.latribunedufaso.net\\\/#organization\"},\"potentialAction\":[{\"@type\":\"SearchAction\",\"target\":{\"@type\":\"EntryPoint\",\"urlTemplate\":\"https:\\\/\\\/www.latribunedufaso.net\\\/?s={search_term_string}\"},\"query-input\":{\"@type\":\"PropertyValueSpecification\",\"valueRequired\":true,\"valueName\":\"search_term_string\"}}],\"inLanguage\":\"fr-FR\"},{\"@type\":\"Organization\",\"@id\":\"https:\\\/\\\/www.latribunedufaso.net\\\/#organization\",\"name\":\"La Tribune du Faso\",\"url\":\"https:\\\/\\\/www.latribunedufaso.net\\\/\",\"logo\":{\"@type\":\"ImageObject\",\"inLanguage\":\"fr-FR\",\"@id\":\"https:\\\/\\\/www.latribunedufaso.net\\\/#\\\/schema\\\/logo\\\/image\\\/\",\"url\":\"https:\\\/\\\/www.latribunedufaso.net\\\/wp-content\\\/uploads\\\/2020\\\/08\\\/Logo-Tribune-du-Faso-final-scaled.jpg\",\"contentUrl\":\"https:\\\/\\\/www.latribunedufaso.net\\\/wp-content\\\/uploads\\\/2020\\\/08\\\/Logo-Tribune-du-Faso-final-scaled.jpg\",\"width\":2560,\"height\":1856,\"caption\":\"La Tribune du Faso\"},\"image\":{\"@id\":\"https:\\\/\\\/www.latribunedufaso.net\\\/#\\\/schema\\\/logo\\\/image\\\/\"},\"sameAs\":[\"https:\\\/\\\/www.facebook.com\\\/LatribuneduFaso\\\/\"]},{\"@type\":\"Person\",\"@id\":\"https:\\\/\\\/www.latribunedufaso.net\\\/#\\\/schema\\\/person\\\/e54e64c5778a7e72cf80a318b7a622b0\",\"name\":\"Issouf Tapsoba\",\"image\":{\"@type\":\"ImageObject\",\"inLanguage\":\"fr-FR\",\"@id\":\"https:\\\/\\\/secure.gravatar.com\\\/avatar\\\/5e6c05150ce3230247d167f5b94d678eb05936197436d69b7921e3a95c9107ac?s=96&d=mm&r=g\",\"url\":\"https:\\\/\\\/secure.gravatar.com\\\/avatar\\\/5e6c05150ce3230247d167f5b94d678eb05936197436d69b7921e3a95c9107ac?s=96&d=mm&r=g\",\"contentUrl\":\"https:\\\/\\\/secure.gravatar.com\\\/avatar\\\/5e6c05150ce3230247d167f5b94d678eb05936197436d69b7921e3a95c9107ac?s=96&d=mm&r=g\",\"caption\":\"Issouf Tapsoba\"},\"url\":\"https:\\\/\\\/www.latribunedufaso.net\\\/?author=5\"}]}<\/script>\n<!-- \/ Yoast SEO plugin. -->","yoast_head_json":{"title":"Journ\u00e9e mondiale de la paix : Le message du ministre en charge de la Justice, Edasso Rodrigue Bayala - La Tribune du Faso","robots":{"index":"index","follow":"follow","max-snippet":"max-snippet:-1","max-image-preview":"max-image-preview:large","max-video-preview":"max-video-preview:-1"},"canonical":"https:\/\/www.latribunedufaso.net\/?p=15883","og_locale":"fr_FR","og_type":"article","og_title":"Journ\u00e9e mondiale de la paix : Le message du ministre en charge de la Justice, Edasso Rodrigue Bayala - La Tribune du Faso","og_description":"\u00a0 \u00a0 \u00a0 \u00a0 \u00a0 \u00a0 \u00a0 \u00a0 \u00a0 \u00a0 \u00a0 \u00a0 \u00a0 \u00a0 \u00a0 \u00a0 \u00a0 \u00a0 \u00a0 \u00a0 \u00a0 \u00a0 \u00a0 \u00a0 \u00a0 \u00a0 \u00a0 \u00a0 \u00a0 \u00a0 \u00a0 \u00a0 PROJET DE MESSAGE DE MONSIEUR LE MINISTRE DE LA JUSTICE ET DES DROITS HUMAINS, CHARGE DES RELATIONS AVEC LES INSTITUTIONS, GARDE DES SCEAUX, A L\u2019OCCASION DE LA JOURNEE INTERNATIONALE DE LA PAIX, EDITION 2024\u00a0 \u00a0\u00a0","og_url":"https:\/\/www.latribunedufaso.net\/?p=15883","og_site_name":"La Tribune du Faso","article_publisher":"https:\/\/www.facebook.com\/LatribuneduFaso\/","article_published_time":"2024-09-21T08:57:10+00:00","article_modified_time":"2024-09-21T08:57:34+00:00","og_image":[{"width":864,"height":719,"url":"https:\/\/www.latribunedufaso.net\/wp-content\/uploads\/2024\/09\/IMG-20240920-WA0075_2.jpg","type":"image\/jpeg"}],"author":"Issouf Tapsoba","twitter_misc":{"\u00c9crit par":"Issouf Tapsoba","Dur\u00e9e de lecture estim\u00e9e":"6 minutes"},"schema":{"@context":"https:\/\/schema.org","@graph":[{"@type":"Article","@id":"https:\/\/www.latribunedufaso.net\/?p=15883#article","isPartOf":{"@id":"https:\/\/www.latribunedufaso.net\/?p=15883"},"author":{"name":"Issouf Tapsoba","@id":"https:\/\/www.latribunedufaso.net\/#\/schema\/person\/e54e64c5778a7e72cf80a318b7a622b0"},"headline":"Journ\u00e9e mondiale de la paix : Le message du ministre en charge de la Justice, Edasso Rodrigue Bayala","datePublished":"2024-09-21T08:57:10+00:00","dateModified":"2024-09-21T08:57:34+00:00","mainEntityOfPage":{"@id":"https:\/\/www.latribunedufaso.net\/?p=15883"},"wordCount":1130,"commentCount":0,"publisher":{"@id":"https:\/\/www.latribunedufaso.net\/#organization"},"image":{"@id":"https:\/\/www.latribunedufaso.net\/?p=15883#primaryimage"},"thumbnailUrl":"https:\/\/www.latribunedufaso.net\/wp-content\/uploads\/2024\/09\/IMG-20240920-WA0075_2.jpg","keywords":["coh\u00e9sion sociale","journ\u00e9e mondiale de la paix","paix"],"articleSection":["A la une","Actualit\u00e9","Communiqu\u00e9"],"inLanguage":"fr-FR","potentialAction":[{"@type":"CommentAction","name":"Comment","target":["https:\/\/www.latribunedufaso.net\/?p=15883#respond"]}]},{"@type":"WebPage","@id":"https:\/\/www.latribunedufaso.net\/?p=15883","url":"https:\/\/www.latribunedufaso.net\/?p=15883","name":"Journ\u00e9e mondiale de la paix : Le message du ministre en charge de la Justice, Edasso Rodrigue Bayala - La Tribune du Faso","isPartOf":{"@id":"https:\/\/www.latribunedufaso.net\/#website"},"primaryImageOfPage":{"@id":"https:\/\/www.latribunedufaso.net\/?p=15883#primaryimage"},"image":{"@id":"https:\/\/www.latribunedufaso.net\/?p=15883#primaryimage"},"thumbnailUrl":"https:\/\/www.latribunedufaso.net\/wp-content\/uploads\/2024\/09\/IMG-20240920-WA0075_2.jpg","datePublished":"2024-09-21T08:57:10+00:00","dateModified":"2024-09-21T08:57:34+00:00","breadcrumb":{"@id":"https:\/\/www.latribunedufaso.net\/?p=15883#breadcrumb"},"inLanguage":"fr-FR","potentialAction":[{"@type":"ReadAction","target":["https:\/\/www.latribunedufaso.net\/?p=15883"]}]},{"@type":"ImageObject","inLanguage":"fr-FR","@id":"https:\/\/www.latribunedufaso.net\/?p=15883#primaryimage","url":"https:\/\/www.latribunedufaso.net\/wp-content\/uploads\/2024\/09\/IMG-20240920-WA0075_2.jpg","contentUrl":"https:\/\/www.latribunedufaso.net\/wp-content\/uploads\/2024\/09\/IMG-20240920-WA0075_2.jpg","width":864,"height":719,"caption":"Le ministre en charge de la Justice, Edasso Rodrigue Bayala, message \u00e0 l'occasion de la journ\u00e9e mondiale de la Paix"},{"@type":"BreadcrumbList","@id":"https:\/\/www.latribunedufaso.net\/?p=15883#breadcrumb","itemListElement":[{"@type":"ListItem","position":1,"name":"Accueil","item":"https:\/\/www.latribunedufaso.net\/"},{"@type":"ListItem","position":2,"name":"Journ\u00e9e mondiale de la paix : Le message du ministre en charge de la Justice, Edasso Rodrigue Bayala"}]},{"@type":"WebSite","@id":"https:\/\/www.latribunedufaso.net\/#website","url":"https:\/\/www.latribunedufaso.net\/","name":"La Tribune du Faso","description":"L&#039;information du monde rural en un clic","publisher":{"@id":"https:\/\/www.latribunedufaso.net\/#organization"},"potentialAction":[{"@type":"SearchAction","target":{"@type":"EntryPoint","urlTemplate":"https:\/\/www.latribunedufaso.net\/?s={search_term_string}"},"query-input":{"@type":"PropertyValueSpecification","valueRequired":true,"valueName":"search_term_string"}}],"inLanguage":"fr-FR"},{"@type":"Organization","@id":"https:\/\/www.latribunedufaso.net\/#organization","name":"La Tribune du Faso","url":"https:\/\/www.latribunedufaso.net\/","logo":{"@type":"ImageObject","inLanguage":"fr-FR","@id":"https:\/\/www.latribunedufaso.net\/#\/schema\/logo\/image\/","url":"https:\/\/www.latribunedufaso.net\/wp-content\/uploads\/2020\/08\/Logo-Tribune-du-Faso-final-scaled.jpg","contentUrl":"https:\/\/www.latribunedufaso.net\/wp-content\/uploads\/2020\/08\/Logo-Tribune-du-Faso-final-scaled.jpg","width":2560,"height":1856,"caption":"La Tribune du Faso"},"image":{"@id":"https:\/\/www.latribunedufaso.net\/#\/schema\/logo\/image\/"},"sameAs":["https:\/\/www.facebook.com\/LatribuneduFaso\/"]},{"@type":"Person","@id":"https:\/\/www.latribunedufaso.net\/#\/schema\/person\/e54e64c5778a7e72cf80a318b7a622b0","name":"Issouf Tapsoba","image":{"@type":"ImageObject","inLanguage":"fr-FR","@id":"https:\/\/secure.gravatar.com\/avatar\/5e6c05150ce3230247d167f5b94d678eb05936197436d69b7921e3a95c9107ac?s=96&d=mm&r=g","url":"https:\/\/secure.gravatar.com\/avatar\/5e6c05150ce3230247d167f5b94d678eb05936197436d69b7921e3a95c9107ac?s=96&d=mm&r=g","contentUrl":"https:\/\/secure.gravatar.com\/avatar\/5e6c05150ce3230247d167f5b94d678eb05936197436d69b7921e3a95c9107ac?s=96&d=mm&r=g","caption":"Issouf Tapsoba"},"url":"https:\/\/www.latribunedufaso.net\/?author=5"}]}},"_links":{"self":[{"href":"https:\/\/www.latribunedufaso.net\/index.php?rest_route=\/wp\/v2\/posts\/15883","targetHints":{"allow":["GET"]}}],"collection":[{"href":"https:\/\/www.latribunedufaso.net\/index.php?rest_route=\/wp\/v2\/posts"}],"about":[{"href":"https:\/\/www.latribunedufaso.net\/index.php?rest_route=\/wp\/v2\/types\/post"}],"author":[{"embeddable":true,"href":"https:\/\/www.latribunedufaso.net\/index.php?rest_route=\/wp\/v2\/users\/5"}],"replies":[{"embeddable":true,"href":"https:\/\/www.latribunedufaso.net\/index.php?rest_route=%2Fwp%2Fv2%2Fcomments&post=15883"}],"version-history":[{"count":2,"href":"https:\/\/www.latribunedufaso.net\/index.php?rest_route=\/wp\/v2\/posts\/15883\/revisions"}],"predecessor-version":[{"id":15889,"href":"https:\/\/www.latribunedufaso.net\/index.php?rest_route=\/wp\/v2\/posts\/15883\/revisions\/15889"}],"wp:featuredmedia":[{"embeddable":true,"href":"https:\/\/www.latribunedufaso.net\/index.php?rest_route=\/wp\/v2\/media\/15888"}],"wp:attachment":[{"href":"https:\/\/www.latribunedufaso.net\/index.php?rest_route=%2Fwp%2Fv2%2Fmedia&parent=15883"}],"wp:term":[{"taxonomy":"category","embeddable":true,"href":"https:\/\/www.latribunedufaso.net\/index.php?rest_route=%2Fwp%2Fv2%2Fcategories&post=15883"},{"taxonomy":"post_tag","embeddable":true,"href":"https:\/\/www.latribunedufaso.net\/index.php?rest_route=%2Fwp%2Fv2%2Ftags&post=15883"}],"curies":[{"name":"wp","href":"https:\/\/api.w.org\/{rel}","templated":true}]}}