{"id":15881,"date":"2024-09-21T03:46:25","date_gmt":"2024-09-21T03:46:25","guid":{"rendered":"https:\/\/www.latribunedufaso.net\/?p=15881"},"modified":"2024-09-21T03:46:25","modified_gmt":"2024-09-21T03:46:25","slug":"prix-national-de-lentrepreneur-touristique-voici-le-palmares-de-la-6e-edition","status":"publish","type":"post","link":"https:\/\/www.latribunedufaso.net\/?p=15881","title":{"rendered":"Prix national de l&rsquo;entrepreneur touristique : Voici le palmar\u00e8s de la 6e \u00e9dition\u00a0"},"content":{"rendered":"<p><strong><span style=\"font-size: 1.0625rem;\">La 6e \u00e9dition du Prix national de l\u2019entrepreneur touristique (PNET) a connu son apoth\u00e9ose dans la soir\u00e9e du 20 septembre 2024.<\/span><\/strong><br \/><!--more--><\/p>\n<p>Sur 230 entreprises touristiques candidates, c&rsquo;est 16 qui ont \u00e9t\u00e9 prim\u00e9es. Il s&rsquo;agit notamment de 8 prix pour les comp\u00e9titions officielles, 4 prix sp\u00e9ciaux et 4 troph\u00e9es \u00e0 titre d\u2019hommage. Les laur\u00e9ats sont repartis avec une attestation, un troph\u00e9e, un sac et une enveloppe de 1 million FCFA.<\/p>\n<blockquote>\n<p>Lire aussi &gt;&gt; <a href=\"https:\/\/www.latribunedufaso.net\/?p=15873\">6e \u00e9dition du Prix national de l\u2019entrepreneur touristique : 16 laur\u00e9ats distingu\u00e9s<\/a><\/p>\n<\/blockquote>\n<p>Voici le palmar\u00e8s de la 6e \u00e9dition Prix national de l\u2019entrepreneur touristique :<\/p>\n<p><strong>Cat\u00e9gorie prix d&rsquo;hommage<\/strong><\/p>\n<p>&#8211; Restaurant Eau vive \u00e0 Bobo ;<\/p>\n<p>&#8211; Saby h\u00f4tel \u00e0 Bobo Dioulasso ;\u00a0\u00a0<\/p>\n<p>&#8211; Restaurant la Consolatrice \u00e0 Koudougou ;<\/p>\n<p>&#8211; H\u00f4tel Diamou de Tenkodogo.<\/p>\n<p><strong>Cat\u00e9gorie prix sp\u00e9ciaux<\/strong><\/p>\n<p>&#8211; Meilleure entrepreneure f\u00e9minin: JSI Travel ;<\/p>\n<p>&#8211; Meilleur entrepreneur jeune : Restaurant le Cristal ;<\/p>\n<p>&#8211; Meilleur entrepreneur touristique et resilient : Ou\u00e9draogo Yacouba ;<\/p>\n<p>&#8211; Meilleurs h\u00f4tel vert : Dounia h\u00f4tel \u00e0 Loumbila.<\/p>\n<p><strong>Cat\u00e9gorie guide touristique<\/strong><\/p>\n<p>&#8211; Guide local : Souleymane Yougbar\u00e9 (Bagr\u00e9) ;<\/p>\n<p>&#8211; Guide national : No\u00ebl Kombary (Fada N&rsquo;Gourma).<\/p>\n<p><strong>Cat\u00e9gorie circuit et voyage<\/strong><\/p>\n<p>&#8211; Billetterie : Satguru Travels ;<\/p>\n<p>&#8211; Circuit touristique : N\u00e9ant.<\/p>\n<p><strong>Cat\u00e9gorie restauration\u00a0<\/strong><\/p>\n<p>&#8211; Mets classiques : Restaurant petit paris \u00e0 Ouagadougou ;<\/p>\n<p>&#8211; Mets locaux : Restaurant paradis des jeunes (Manga).<\/p>\n<p><strong>Cat\u00e9gorie h\u00e9bergement<\/strong><\/p>\n<p>&#8211; Economique : H\u00f4tel Toulis Royal (Koudougou) ;<\/p>\n<p>&#8211; Milieu de gamme : Dounia h\u00f4tel (Loumbila) ;<\/p>\n<p>&#8211; Haut de gamme : Bravia h\u00f4tel (Ouagadougou).<\/p>\n<p><strong>Issouf TAPSOBA\u00a0<\/strong><\/p>\n<p><strong>Latribunedufaso.net<\/strong><\/p>\n","protected":false},"excerpt":{"rendered":"<p>La 6e \u00e9dition du Prix national de l\u2019entrepreneur touristique (PNET) a connu son apoth\u00e9ose dans la soir\u00e9e du 20 septembre 2024.<\/p>\n","protected":false},"author":5,"featured_media":15877,"comment_status":"open","ping_status":"open","sticky":false,"template":"","format":"standard","meta":{"footnotes":""},"categories":[13,1,30],"tags":[39,214,129],"class_list":["post-15881","post","type-post","status-publish","format-standard","has-post-thumbnail","hentry","category-une","category-actu","category-art-et-culture","tag-latribunedufaso-net","tag-prix-national-de-lentrepreneur-touristique","tag-tourisme"],"yoast_head":"<!-- This site is optimized with the Yoast SEO plugin v27.5 - https:\/\/yoast.com\/product\/yoast-seo-wordpress\/ -->\n<title>Prix national de l&#039;entrepreneur touristique : Voici le palmar\u00e8s de la 6e \u00e9dition\u00a0 - La Tribune du Faso<\/title>\n<meta name=\"robots\" content=\"index, follow, max-snippet:-1, max-image-preview:large, max-video-preview:-1\" \/>\n<link rel=\"canonical\" href=\"https:\/\/www.latribunedufaso.net\/?p=15881\" \/>\n<meta property=\"og:locale\" content=\"fr_FR\" \/>\n<meta property=\"og:type\" content=\"article\" \/>\n<meta property=\"og:title\" content=\"Prix national de l&#039;entrepreneur touristique : Voici le palmar\u00e8s de la 6e \u00e9dition\u00a0 - La Tribune du Faso\" \/>\n<meta property=\"og:description\" content=\"La 6e \u00e9dition du Prix national de l\u2019entrepreneur touristique (PNET) a connu son apoth\u00e9ose dans la soir\u00e9e du 20 septembre 2024.\" \/>\n<meta property=\"og:url\" content=\"https:\/\/www.latribunedufaso.net\/?p=15881\" \/>\n<meta property=\"og:site_name\" content=\"La Tribune du Faso\" \/>\n<meta property=\"article:publisher\" content=\"https:\/\/www.facebook.com\/LatribuneduFaso\/\" \/>\n<meta property=\"article:published_time\" content=\"2024-09-21T03:46:25+00:00\" \/>\n<meta property=\"og:image\" content=\"https:\/\/www.latribunedufaso.net\/wp-content\/uploads\/2024\/09\/IMG_20240920_224211_173-scaled.jpg\" \/>\n\t<meta property=\"og:image:width\" content=\"2560\" \/>\n\t<meta property=\"og:image:height\" content=\"1920\" \/>\n\t<meta property=\"og:image:type\" content=\"image\/jpeg\" \/>\n<meta name=\"author\" content=\"Issouf Tapsoba\" \/>\n<meta name=\"twitter:label1\" content=\"\u00c9crit par\" \/>\n\t<meta name=\"twitter:data1\" content=\"Issouf Tapsoba\" \/>\n\t<meta name=\"twitter:label2\" content=\"Dur\u00e9e de lecture estim\u00e9e\" \/>\n\t<meta name=\"twitter:data2\" content=\"1 minute\" \/>\n<script type=\"application\/ld+json\" class=\"yoast-schema-graph\">{\"@context\":\"https:\\\/\\\/schema.org\",\"@graph\":[{\"@type\":\"Article\",\"@id\":\"https:\\\/\\\/www.latribunedufaso.net\\\/?p=15881#article\",\"isPartOf\":{\"@id\":\"https:\\\/\\\/www.latribunedufaso.net\\\/?p=15881\"},\"author\":{\"name\":\"Issouf Tapsoba\",\"@id\":\"https:\\\/\\\/www.latribunedufaso.net\\\/#\\\/schema\\\/person\\\/e54e64c5778a7e72cf80a318b7a622b0\"},\"headline\":\"Prix national de l&rsquo;entrepreneur touristique : Voici le palmar\u00e8s de la 6e \u00e9dition\u00a0\",\"datePublished\":\"2024-09-21T03:46:25+00:00\",\"mainEntityOfPage\":{\"@id\":\"https:\\\/\\\/www.latribunedufaso.net\\\/?p=15881\"},\"wordCount\":263,\"commentCount\":0,\"publisher\":{\"@id\":\"https:\\\/\\\/www.latribunedufaso.net\\\/#organization\"},\"image\":{\"@id\":\"https:\\\/\\\/www.latribunedufaso.net\\\/?p=15881#primaryimage\"},\"thumbnailUrl\":\"https:\\\/\\\/www.latribunedufaso.net\\\/wp-content\\\/uploads\\\/2024\\\/09\\\/IMG_20240920_224211_173-scaled.jpg\",\"keywords\":[\"latribunedufaso.net\",\"prix national de l\u2019entrepreneur touristique\",\"tourisme\"],\"articleSection\":[\"A la une\",\"Actualit\u00e9\",\"Art et Culture\"],\"inLanguage\":\"fr-FR\",\"potentialAction\":[{\"@type\":\"CommentAction\",\"name\":\"Comment\",\"target\":[\"https:\\\/\\\/www.latribunedufaso.net\\\/?p=15881#respond\"]}]},{\"@type\":\"WebPage\",\"@id\":\"https:\\\/\\\/www.latribunedufaso.net\\\/?p=15881\",\"url\":\"https:\\\/\\\/www.latribunedufaso.net\\\/?p=15881\",\"name\":\"Prix national de l'entrepreneur touristique : Voici le palmar\u00e8s de la 6e \u00e9dition\u00a0 - La Tribune du Faso\",\"isPartOf\":{\"@id\":\"https:\\\/\\\/www.latribunedufaso.net\\\/#website\"},\"primaryImageOfPage\":{\"@id\":\"https:\\\/\\\/www.latribunedufaso.net\\\/?p=15881#primaryimage\"},\"image\":{\"@id\":\"https:\\\/\\\/www.latribunedufaso.net\\\/?p=15881#primaryimage\"},\"thumbnailUrl\":\"https:\\\/\\\/www.latribunedufaso.net\\\/wp-content\\\/uploads\\\/2024\\\/09\\\/IMG_20240920_224211_173-scaled.jpg\",\"datePublished\":\"2024-09-21T03:46:25+00:00\",\"breadcrumb\":{\"@id\":\"https:\\\/\\\/www.latribunedufaso.net\\\/?p=15881#breadcrumb\"},\"inLanguage\":\"fr-FR\",\"potentialAction\":[{\"@type\":\"ReadAction\",\"target\":[\"https:\\\/\\\/www.latribunedufaso.net\\\/?p=15881\"]}]},{\"@type\":\"ImageObject\",\"inLanguage\":\"fr-FR\",\"@id\":\"https:\\\/\\\/www.latribunedufaso.net\\\/?p=15881#primaryimage\",\"url\":\"https:\\\/\\\/www.latribunedufaso.net\\\/wp-content\\\/uploads\\\/2024\\\/09\\\/IMG_20240920_224211_173-scaled.jpg\",\"contentUrl\":\"https:\\\/\\\/www.latribunedufaso.net\\\/wp-content\\\/uploads\\\/2024\\\/09\\\/IMG_20240920_224211_173-scaled.jpg\",\"width\":2560,\"height\":1920,\"caption\":\"La photo du ministre en charge du Tourisme, Jean Emmanuel Ou\u00e9draogo (au milieu) avec les laur\u00e9ats - Ph. I. Tapsoba\"},{\"@type\":\"BreadcrumbList\",\"@id\":\"https:\\\/\\\/www.latribunedufaso.net\\\/?p=15881#breadcrumb\",\"itemListElement\":[{\"@type\":\"ListItem\",\"position\":1,\"name\":\"Accueil\",\"item\":\"https:\\\/\\\/www.latribunedufaso.net\\\/\"},{\"@type\":\"ListItem\",\"position\":2,\"name\":\"Prix national de l&rsquo;entrepreneur touristique : Voici le palmar\u00e8s de la 6e \u00e9dition\u00a0\"}]},{\"@type\":\"WebSite\",\"@id\":\"https:\\\/\\\/www.latribunedufaso.net\\\/#website\",\"url\":\"https:\\\/\\\/www.latribunedufaso.net\\\/\",\"name\":\"La Tribune du Faso\",\"description\":\"L&#039;information du monde rural en un clic\",\"publisher\":{\"@id\":\"https:\\\/\\\/www.latribunedufaso.net\\\/#organization\"},\"potentialAction\":[{\"@type\":\"SearchAction\",\"target\":{\"@type\":\"EntryPoint\",\"urlTemplate\":\"https:\\\/\\\/www.latribunedufaso.net\\\/?s={search_term_string}\"},\"query-input\":{\"@type\":\"PropertyValueSpecification\",\"valueRequired\":true,\"valueName\":\"search_term_string\"}}],\"inLanguage\":\"fr-FR\"},{\"@type\":\"Organization\",\"@id\":\"https:\\\/\\\/www.latribunedufaso.net\\\/#organization\",\"name\":\"La Tribune du Faso\",\"url\":\"https:\\\/\\\/www.latribunedufaso.net\\\/\",\"logo\":{\"@type\":\"ImageObject\",\"inLanguage\":\"fr-FR\",\"@id\":\"https:\\\/\\\/www.latribunedufaso.net\\\/#\\\/schema\\\/logo\\\/image\\\/\",\"url\":\"https:\\\/\\\/www.latribunedufaso.net\\\/wp-content\\\/uploads\\\/2020\\\/08\\\/Logo-Tribune-du-Faso-final-scaled.jpg\",\"contentUrl\":\"https:\\\/\\\/www.latribunedufaso.net\\\/wp-content\\\/uploads\\\/2020\\\/08\\\/Logo-Tribune-du-Faso-final-scaled.jpg\",\"width\":2560,\"height\":1856,\"caption\":\"La Tribune du Faso\"},\"image\":{\"@id\":\"https:\\\/\\\/www.latribunedufaso.net\\\/#\\\/schema\\\/logo\\\/image\\\/\"},\"sameAs\":[\"https:\\\/\\\/www.facebook.com\\\/LatribuneduFaso\\\/\"]},{\"@type\":\"Person\",\"@id\":\"https:\\\/\\\/www.latribunedufaso.net\\\/#\\\/schema\\\/person\\\/e54e64c5778a7e72cf80a318b7a622b0\",\"name\":\"Issouf Tapsoba\",\"image\":{\"@type\":\"ImageObject\",\"inLanguage\":\"fr-FR\",\"@id\":\"https:\\\/\\\/secure.gravatar.com\\\/avatar\\\/5e6c05150ce3230247d167f5b94d678eb05936197436d69b7921e3a95c9107ac?s=96&d=mm&r=g\",\"url\":\"https:\\\/\\\/secure.gravatar.com\\\/avatar\\\/5e6c05150ce3230247d167f5b94d678eb05936197436d69b7921e3a95c9107ac?s=96&d=mm&r=g\",\"contentUrl\":\"https:\\\/\\\/secure.gravatar.com\\\/avatar\\\/5e6c05150ce3230247d167f5b94d678eb05936197436d69b7921e3a95c9107ac?s=96&d=mm&r=g\",\"caption\":\"Issouf Tapsoba\"},\"url\":\"https:\\\/\\\/www.latribunedufaso.net\\\/?author=5\"}]}<\/script>\n<!-- \/ Yoast SEO plugin. -->","yoast_head_json":{"title":"Prix national de l'entrepreneur touristique : Voici le palmar\u00e8s de la 6e \u00e9dition\u00a0 - La Tribune du Faso","robots":{"index":"index","follow":"follow","max-snippet":"max-snippet:-1","max-image-preview":"max-image-preview:large","max-video-preview":"max-video-preview:-1"},"canonical":"https:\/\/www.latribunedufaso.net\/?p=15881","og_locale":"fr_FR","og_type":"article","og_title":"Prix national de l'entrepreneur touristique : Voici le palmar\u00e8s de la 6e \u00e9dition\u00a0 - La Tribune du Faso","og_description":"La 6e \u00e9dition du Prix national de l\u2019entrepreneur touristique (PNET) a connu son apoth\u00e9ose dans la soir\u00e9e du 20 septembre 2024.","og_url":"https:\/\/www.latribunedufaso.net\/?p=15881","og_site_name":"La Tribune du Faso","article_publisher":"https:\/\/www.facebook.com\/LatribuneduFaso\/","article_published_time":"2024-09-21T03:46:25+00:00","og_image":[{"width":2560,"height":1920,"url":"https:\/\/www.latribunedufaso.net\/wp-content\/uploads\/2024\/09\/IMG_20240920_224211_173-scaled.jpg","type":"image\/jpeg"}],"author":"Issouf Tapsoba","twitter_misc":{"\u00c9crit par":"Issouf Tapsoba","Dur\u00e9e de lecture estim\u00e9e":"1 minute"},"schema":{"@context":"https:\/\/schema.org","@graph":[{"@type":"Article","@id":"https:\/\/www.latribunedufaso.net\/?p=15881#article","isPartOf":{"@id":"https:\/\/www.latribunedufaso.net\/?p=15881"},"author":{"name":"Issouf Tapsoba","@id":"https:\/\/www.latribunedufaso.net\/#\/schema\/person\/e54e64c5778a7e72cf80a318b7a622b0"},"headline":"Prix national de l&rsquo;entrepreneur touristique : Voici le palmar\u00e8s de la 6e \u00e9dition\u00a0","datePublished":"2024-09-21T03:46:25+00:00","mainEntityOfPage":{"@id":"https:\/\/www.latribunedufaso.net\/?p=15881"},"wordCount":263,"commentCount":0,"publisher":{"@id":"https:\/\/www.latribunedufaso.net\/#organization"},"image":{"@id":"https:\/\/www.latribunedufaso.net\/?p=15881#primaryimage"},"thumbnailUrl":"https:\/\/www.latribunedufaso.net\/wp-content\/uploads\/2024\/09\/IMG_20240920_224211_173-scaled.jpg","keywords":["latribunedufaso.net","prix national de l\u2019entrepreneur touristique","tourisme"],"articleSection":["A la une","Actualit\u00e9","Art et Culture"],"inLanguage":"fr-FR","potentialAction":[{"@type":"CommentAction","name":"Comment","target":["https:\/\/www.latribunedufaso.net\/?p=15881#respond"]}]},{"@type":"WebPage","@id":"https:\/\/www.latribunedufaso.net\/?p=15881","url":"https:\/\/www.latribunedufaso.net\/?p=15881","name":"Prix national de l'entrepreneur touristique : Voici le palmar\u00e8s de la 6e \u00e9dition\u00a0 - La Tribune du Faso","isPartOf":{"@id":"https:\/\/www.latribunedufaso.net\/#website"},"primaryImageOfPage":{"@id":"https:\/\/www.latribunedufaso.net\/?p=15881#primaryimage"},"image":{"@id":"https:\/\/www.latribunedufaso.net\/?p=15881#primaryimage"},"thumbnailUrl":"https:\/\/www.latribunedufaso.net\/wp-content\/uploads\/2024\/09\/IMG_20240920_224211_173-scaled.jpg","datePublished":"2024-09-21T03:46:25+00:00","breadcrumb":{"@id":"https:\/\/www.latribunedufaso.net\/?p=15881#breadcrumb"},"inLanguage":"fr-FR","potentialAction":[{"@type":"ReadAction","target":["https:\/\/www.latribunedufaso.net\/?p=15881"]}]},{"@type":"ImageObject","inLanguage":"fr-FR","@id":"https:\/\/www.latribunedufaso.net\/?p=15881#primaryimage","url":"https:\/\/www.latribunedufaso.net\/wp-content\/uploads\/2024\/09\/IMG_20240920_224211_173-scaled.jpg","contentUrl":"https:\/\/www.latribunedufaso.net\/wp-content\/uploads\/2024\/09\/IMG_20240920_224211_173-scaled.jpg","width":2560,"height":1920,"caption":"La photo du ministre en charge du Tourisme, Jean Emmanuel Ou\u00e9draogo (au milieu) avec les laur\u00e9ats - Ph. I. Tapsoba"},{"@type":"BreadcrumbList","@id":"https:\/\/www.latribunedufaso.net\/?p=15881#breadcrumb","itemListElement":[{"@type":"ListItem","position":1,"name":"Accueil","item":"https:\/\/www.latribunedufaso.net\/"},{"@type":"ListItem","position":2,"name":"Prix national de l&rsquo;entrepreneur touristique : Voici le palmar\u00e8s de la 6e \u00e9dition\u00a0"}]},{"@type":"WebSite","@id":"https:\/\/www.latribunedufaso.net\/#website","url":"https:\/\/www.latribunedufaso.net\/","name":"La Tribune du Faso","description":"L&#039;information du monde rural en un clic","publisher":{"@id":"https:\/\/www.latribunedufaso.net\/#organization"},"potentialAction":[{"@type":"SearchAction","target":{"@type":"EntryPoint","urlTemplate":"https:\/\/www.latribunedufaso.net\/?s={search_term_string}"},"query-input":{"@type":"PropertyValueSpecification","valueRequired":true,"valueName":"search_term_string"}}],"inLanguage":"fr-FR"},{"@type":"Organization","@id":"https:\/\/www.latribunedufaso.net\/#organization","name":"La Tribune du Faso","url":"https:\/\/www.latribunedufaso.net\/","logo":{"@type":"ImageObject","inLanguage":"fr-FR","@id":"https:\/\/www.latribunedufaso.net\/#\/schema\/logo\/image\/","url":"https:\/\/www.latribunedufaso.net\/wp-content\/uploads\/2020\/08\/Logo-Tribune-du-Faso-final-scaled.jpg","contentUrl":"https:\/\/www.latribunedufaso.net\/wp-content\/uploads\/2020\/08\/Logo-Tribune-du-Faso-final-scaled.jpg","width":2560,"height":1856,"caption":"La Tribune du Faso"},"image":{"@id":"https:\/\/www.latribunedufaso.net\/#\/schema\/logo\/image\/"},"sameAs":["https:\/\/www.facebook.com\/LatribuneduFaso\/"]},{"@type":"Person","@id":"https:\/\/www.latribunedufaso.net\/#\/schema\/person\/e54e64c5778a7e72cf80a318b7a622b0","name":"Issouf Tapsoba","image":{"@type":"ImageObject","inLanguage":"fr-FR","@id":"https:\/\/secure.gravatar.com\/avatar\/5e6c05150ce3230247d167f5b94d678eb05936197436d69b7921e3a95c9107ac?s=96&d=mm&r=g","url":"https:\/\/secure.gravatar.com\/avatar\/5e6c05150ce3230247d167f5b94d678eb05936197436d69b7921e3a95c9107ac?s=96&d=mm&r=g","contentUrl":"https:\/\/secure.gravatar.com\/avatar\/5e6c05150ce3230247d167f5b94d678eb05936197436d69b7921e3a95c9107ac?s=96&d=mm&r=g","caption":"Issouf Tapsoba"},"url":"https:\/\/www.latribunedufaso.net\/?author=5"}]}},"_links":{"self":[{"href":"https:\/\/www.latribunedufaso.net\/index.php?rest_route=\/wp\/v2\/posts\/15881","targetHints":{"allow":["GET"]}}],"collection":[{"href":"https:\/\/www.latribunedufaso.net\/index.php?rest_route=\/wp\/v2\/posts"}],"about":[{"href":"https:\/\/www.latribunedufaso.net\/index.php?rest_route=\/wp\/v2\/types\/post"}],"author":[{"embeddable":true,"href":"https:\/\/www.latribunedufaso.net\/index.php?rest_route=\/wp\/v2\/users\/5"}],"replies":[{"embeddable":true,"href":"https:\/\/www.latribunedufaso.net\/index.php?rest_route=%2Fwp%2Fv2%2Fcomments&post=15881"}],"version-history":[{"count":1,"href":"https:\/\/www.latribunedufaso.net\/index.php?rest_route=\/wp\/v2\/posts\/15881\/revisions"}],"predecessor-version":[{"id":15882,"href":"https:\/\/www.latribunedufaso.net\/index.php?rest_route=\/wp\/v2\/posts\/15881\/revisions\/15882"}],"wp:featuredmedia":[{"embeddable":true,"href":"https:\/\/www.latribunedufaso.net\/index.php?rest_route=\/wp\/v2\/media\/15877"}],"wp:attachment":[{"href":"https:\/\/www.latribunedufaso.net\/index.php?rest_route=%2Fwp%2Fv2%2Fmedia&parent=15881"}],"wp:term":[{"taxonomy":"category","embeddable":true,"href":"https:\/\/www.latribunedufaso.net\/index.php?rest_route=%2Fwp%2Fv2%2Fcategories&post=15881"},{"taxonomy":"post_tag","embeddable":true,"href":"https:\/\/www.latribunedufaso.net\/index.php?rest_route=%2Fwp%2Fv2%2Ftags&post=15881"}],"curies":[{"name":"wp","href":"https:\/\/api.w.org\/{rel}","templated":true}]}}