{"id":15834,"date":"2024-09-19T12:43:42","date_gmt":"2024-09-19T12:43:42","guid":{"rendered":"https:\/\/www.latribunedufaso.net\/?p=15834"},"modified":"2024-09-19T12:43:42","modified_gmt":"2024-09-19T12:43:42","slug":"eglise-catholique-monseigneur-julien-kabore-consacre-eveque-au-ghana","status":"publish","type":"post","link":"https:\/\/www.latribunedufaso.net\/?p=15834","title":{"rendered":"Eglise Catholique : Monseigneur Julien Kabor\u00e9 consacr\u00e9 \u00c9v\u00eaque au Ghana"},"content":{"rendered":"<p><strong><a href=\"https:\/\/www.latribunedufaso.net\/?p=14592\">Nomm\u00e9 Nonce Apostolique au Ghana par le Pape Fran\u00e7ois en juin 2024<\/a>, Monseigneur Julien Kabor\u00e9 a \u00e9t\u00e9 consacr\u00e9 \u00c9v\u00eaque le samedi 14 septembre 2024 \u00e0 la Basilique Saint-Pierre de Rome. La c\u00e9r\u00e9monie solennelle a \u00e9t\u00e9 pr\u00e9sid\u00e9e par le Cardinal Pietro Parolin, Secr\u00e9taire d\u2019\u00c9tat du Saint-Si\u00e8ge, dans une ambiance de grande ferveur spirituelle. Plusieurs d\u00e9l\u00e9gations, dont une forte repr\u00e9sentation burkinab\u00e8, \u00e9taient pr\u00e9sentes pour c\u00e9l\u00e9brer cet \u00e9v\u00e9nement historique.<\/strong><!--more--><\/p>\n<p>Parmi les participants, des autorit\u00e9s politiques, administratives, et eccl\u00e9siastiques ainsi que des membres de la diaspora burkinab\u00e8 ont tenu \u00e0 exprimer leur solidarit\u00e9 au nouvel \u00e9v\u00eaque, originaire du Burkina Faso. La d\u00e9l\u00e9gation burkinab\u00e8 \u00e9tait notamment conduite par Me Barth\u00e9lemy K\u00e9r\u00e9, Pr\u00e9sident du Conseil Constitutionnel, et comprenait des figures telles que \u00c9lys\u00e9e Ou\u00e9draogo, Pr\u00e9sident de la Commission \u00c9lectorale Nationale Ind\u00e9pendante, et Stella Eldine Kabr\u00e9 Kabor\u00e9, Ministre D\u00e9l\u00e9gu\u00e9 charg\u00e9 de la Coop\u00e9ration R\u00e9gionale.<\/p>\n<figure id=\"attachment_15836\" aria-describedby=\"caption-attachment-15836\" style=\"width: 720px\" class=\"wp-caption aligncenter\"><a href=\"https:\/\/www.latribunedufaso.net\/wp-content\/uploads\/2024\/09\/FB_IMG_1726748684480.jpg\"><img loading=\"lazy\" decoding=\"async\" class=\"size-full wp-image-15836\" src=\"https:\/\/www.latribunedufaso.net\/wp-content\/uploads\/2024\/09\/FB_IMG_1726748684480.jpg\" alt=\"Monseigneur Julien Kabor\u00e9 a \u00e9t\u00e9 consacr\u00e9 \u00c9v\u00eaque le samedi 14 septembre 2024\" width=\"720\" height=\"396\" srcset=\"https:\/\/www.latribunedufaso.net\/wp-content\/uploads\/2024\/09\/FB_IMG_1726748684480.jpg 720w, https:\/\/www.latribunedufaso.net\/wp-content\/uploads\/2024\/09\/FB_IMG_1726748684480-300x165.jpg 300w\" sizes=\"auto, (max-width: 720px) 100vw, 720px\" \/><\/a><figcaption id=\"caption-attachment-15836\" class=\"wp-caption-text\">La d\u00e9l\u00e9gation du Burkina Faso a exprim\u00e9 sa solidarit\u00e9 au nouvel \u00e9v\u00eaque, Monseigneur Julien Kabor\u00e9 &#8211; Ph. DR<\/figcaption><\/figure>\n<p>Le Cardinal Parolin, dans son hom\u00e9lie, a exhort\u00e9 Monseigneur Kabor\u00e9 \u00e0 \u0153uvrer pour la paix et la justice aupr\u00e8s des dirigeants des nations. Le nouveau Nonce a, quant \u00e0 lui, exprim\u00e9 son attachement profond au Burkina Faso. Il a rappel\u00e9 la pri\u00e8re du Pape Fran\u00e7ois pour la paix au Burkina et rendu hommage \u00e0 la r\u00e9silience fort remarquable de son peuple face aux d\u00e9fis s\u00e9curitaires. Confiant dans l\u2019avenir de son pays, Monseigneur Kabor\u00e9 a pri\u00e9 pour le r\u00e9tablissement de la paix et de la s\u00e9curit\u00e9.<\/p>\n<p><strong>Rencontre avec le Cardinal Parolin sur la situation s\u00e9curitaire au Burkina Faso<\/strong><\/p>\n<p>En marge de la c\u00e9r\u00e9monie, la d\u00e9l\u00e9gation burkinab\u00e8 a \u00e9t\u00e9 re\u00e7ue par le Cardinal Parolin. Les \u00e9changes ont port\u00e9 sur la situation s\u00e9curitaire au Burkina Faso et les efforts en cours pour restaurer la stabilit\u00e9. Le Saint-Si\u00e8ge, par la voix du Cardinal, a r\u00e9it\u00e9r\u00e9 son soutien au Burkina Faso dans cette \u00e9preuve.<\/p>\n<figure id=\"attachment_15837\" aria-describedby=\"caption-attachment-15837\" style=\"width: 720px\" class=\"wp-caption aligncenter\"><a href=\"https:\/\/www.latribunedufaso.net\/wp-content\/uploads\/2024\/09\/FB_IMG_1726748663504.jpg\"><img loading=\"lazy\" decoding=\"async\" class=\"size-full wp-image-15837\" src=\"https:\/\/www.latribunedufaso.net\/wp-content\/uploads\/2024\/09\/FB_IMG_1726748663504.jpg\" alt=\"Monseigneur Julien Kabor\u00e9 a \u00e9t\u00e9 consacr\u00e9 \u00c9v\u00eaque le samedi 14 septembre 2024\" width=\"720\" height=\"542\" srcset=\"https:\/\/www.latribunedufaso.net\/wp-content\/uploads\/2024\/09\/FB_IMG_1726748663504.jpg 720w, https:\/\/www.latribunedufaso.net\/wp-content\/uploads\/2024\/09\/FB_IMG_1726748663504-300x226.jpg 300w\" sizes=\"auto, (max-width: 720px) 100vw, 720px\" \/><\/a><figcaption id=\"caption-attachment-15837\" class=\"wp-caption-text\">La d\u00e9l\u00e9gation burkinab\u00e8 a \u00e9chang\u00e9 avec le Cardinal Parolin sur la situation s\u00e9curitaire au pays &#8211; Ph. DR<\/figcaption><\/figure>\n<p>Les festivit\u00e9s se sont poursuivies le dimanche 15 septembre 2024, avec une messe d\u2019action de gr\u00e2ces \u00e0 la Basilique Saint-Paul-Hors-les-Murs de Rome, pr\u00e9sid\u00e9e par Monseigneur Julien Kabor\u00e9.<\/p>\n<p><strong>Latribunedufaso.net<\/strong><\/p>\n<p><strong>Source : Ambassade du Burkina Faso pr\u00e8s le Saint Si\u00e8ge-Vatican<span style=\"font-size: 1.0625rem;\">\u00a0<\/span><\/strong><\/p>\n","protected":false},"excerpt":{"rendered":"<p>Nomm\u00e9 Nonce Apostolique au Ghana par le Pape Fran\u00e7ois en juin 2024, Monseigneur Julien Kabor\u00e9 a \u00e9t\u00e9 consacr\u00e9 \u00c9v\u00eaque le samedi 14 septembre 2024 \u00e0 la Basilique Saint-Pierre de Rome. La c\u00e9r\u00e9monie solennelle a \u00e9t\u00e9 pr\u00e9sid\u00e9e par le Cardinal Pietro Parolin, Secr\u00e9taire d\u2019\u00c9tat du Saint-Si\u00e8ge, dans une ambiance de grande ferveur spirituelle. Plusieurs d\u00e9l\u00e9gations, dont une forte repr\u00e9sentation burkinab\u00e8, \u00e9taient pr\u00e9sentes pour c\u00e9l\u00e9brer cet \u00e9v\u00e9nement historique.<\/p>\n","protected":false},"author":5,"featured_media":15835,"comment_status":"open","ping_status":"open","sticky":false,"template":"","format":"standard","meta":{"footnotes":""},"categories":[13,1,8],"tags":[222,39],"class_list":["post-15834","post","type-post","status-publish","format-standard","has-post-thumbnail","hentry","category-une","category-actu","category-societe","tag-eglise-catholique","tag-latribunedufaso-net"],"yoast_head":"<!-- This site is optimized with the Yoast SEO plugin v27.5 - https:\/\/yoast.com\/product\/yoast-seo-wordpress\/ -->\n<title>Eglise Catholique : Monseigneur Julien Kabor\u00e9 consacr\u00e9 \u00c9v\u00eaque au Ghana - La Tribune du Faso<\/title>\n<meta name=\"robots\" content=\"index, follow, max-snippet:-1, max-image-preview:large, max-video-preview:-1\" \/>\n<link rel=\"canonical\" href=\"https:\/\/www.latribunedufaso.net\/?p=15834\" \/>\n<meta property=\"og:locale\" content=\"fr_FR\" \/>\n<meta property=\"og:type\" content=\"article\" \/>\n<meta property=\"og:title\" content=\"Eglise Catholique : Monseigneur Julien Kabor\u00e9 consacr\u00e9 \u00c9v\u00eaque au Ghana - La Tribune du Faso\" \/>\n<meta property=\"og:description\" content=\"Nomm\u00e9 Nonce Apostolique au Ghana par le Pape Fran\u00e7ois en juin 2024, Monseigneur Julien Kabor\u00e9 a \u00e9t\u00e9 consacr\u00e9 \u00c9v\u00eaque le samedi 14 septembre 2024 \u00e0 la Basilique Saint-Pierre de Rome. La c\u00e9r\u00e9monie solennelle a \u00e9t\u00e9 pr\u00e9sid\u00e9e par le Cardinal Pietro Parolin, Secr\u00e9taire d\u2019\u00c9tat du Saint-Si\u00e8ge, dans une ambiance de grande ferveur spirituelle. Plusieurs d\u00e9l\u00e9gations, dont une forte repr\u00e9sentation burkinab\u00e8, \u00e9taient pr\u00e9sentes pour c\u00e9l\u00e9brer cet \u00e9v\u00e9nement historique.\" \/>\n<meta property=\"og:url\" content=\"https:\/\/www.latribunedufaso.net\/?p=15834\" \/>\n<meta property=\"og:site_name\" content=\"La Tribune du Faso\" \/>\n<meta property=\"article:publisher\" content=\"https:\/\/www.facebook.com\/LatribuneduFaso\/\" \/>\n<meta property=\"article:published_time\" content=\"2024-09-19T12:43:42+00:00\" \/>\n<meta property=\"og:image\" content=\"https:\/\/www.latribunedufaso.net\/wp-content\/uploads\/2024\/09\/FB_IMG_1726748698530.jpg\" \/>\n\t<meta property=\"og:image:width\" content=\"720\" \/>\n\t<meta property=\"og:image:height\" content=\"488\" \/>\n\t<meta property=\"og:image:type\" content=\"image\/jpeg\" \/>\n<meta name=\"author\" content=\"Issouf Tapsoba\" \/>\n<meta name=\"twitter:label1\" content=\"\u00c9crit par\" \/>\n\t<meta name=\"twitter:data1\" content=\"Issouf Tapsoba\" \/>\n\t<meta name=\"twitter:label2\" content=\"Dur\u00e9e de lecture estim\u00e9e\" \/>\n\t<meta name=\"twitter:data2\" content=\"2 minutes\" \/>\n<script type=\"application\/ld+json\" class=\"yoast-schema-graph\">{\"@context\":\"https:\\\/\\\/schema.org\",\"@graph\":[{\"@type\":\"Article\",\"@id\":\"https:\\\/\\\/www.latribunedufaso.net\\\/?p=15834#article\",\"isPartOf\":{\"@id\":\"https:\\\/\\\/www.latribunedufaso.net\\\/?p=15834\"},\"author\":{\"name\":\"Issouf Tapsoba\",\"@id\":\"https:\\\/\\\/www.latribunedufaso.net\\\/#\\\/schema\\\/person\\\/e54e64c5778a7e72cf80a318b7a622b0\"},\"headline\":\"Eglise Catholique : Monseigneur Julien Kabor\u00e9 consacr\u00e9 \u00c9v\u00eaque au Ghana\",\"datePublished\":\"2024-09-19T12:43:42+00:00\",\"mainEntityOfPage\":{\"@id\":\"https:\\\/\\\/www.latribunedufaso.net\\\/?p=15834\"},\"wordCount\":438,\"commentCount\":0,\"publisher\":{\"@id\":\"https:\\\/\\\/www.latribunedufaso.net\\\/#organization\"},\"image\":{\"@id\":\"https:\\\/\\\/www.latribunedufaso.net\\\/?p=15834#primaryimage\"},\"thumbnailUrl\":\"https:\\\/\\\/www.latribunedufaso.net\\\/wp-content\\\/uploads\\\/2024\\\/09\\\/FB_IMG_1726748698530.jpg\",\"keywords\":[\"Eglise catholique\",\"latribunedufaso.net\"],\"articleSection\":[\"A la une\",\"Actualit\u00e9\",\"Soci\u00e9t\u00e9\"],\"inLanguage\":\"fr-FR\",\"potentialAction\":[{\"@type\":\"CommentAction\",\"name\":\"Comment\",\"target\":[\"https:\\\/\\\/www.latribunedufaso.net\\\/?p=15834#respond\"]}]},{\"@type\":\"WebPage\",\"@id\":\"https:\\\/\\\/www.latribunedufaso.net\\\/?p=15834\",\"url\":\"https:\\\/\\\/www.latribunedufaso.net\\\/?p=15834\",\"name\":\"Eglise Catholique : Monseigneur Julien Kabor\u00e9 consacr\u00e9 \u00c9v\u00eaque au Ghana - La Tribune du Faso\",\"isPartOf\":{\"@id\":\"https:\\\/\\\/www.latribunedufaso.net\\\/#website\"},\"primaryImageOfPage\":{\"@id\":\"https:\\\/\\\/www.latribunedufaso.net\\\/?p=15834#primaryimage\"},\"image\":{\"@id\":\"https:\\\/\\\/www.latribunedufaso.net\\\/?p=15834#primaryimage\"},\"thumbnailUrl\":\"https:\\\/\\\/www.latribunedufaso.net\\\/wp-content\\\/uploads\\\/2024\\\/09\\\/FB_IMG_1726748698530.jpg\",\"datePublished\":\"2024-09-19T12:43:42+00:00\",\"breadcrumb\":{\"@id\":\"https:\\\/\\\/www.latribunedufaso.net\\\/?p=15834#breadcrumb\"},\"inLanguage\":\"fr-FR\",\"potentialAction\":[{\"@type\":\"ReadAction\",\"target\":[\"https:\\\/\\\/www.latribunedufaso.net\\\/?p=15834\"]}]},{\"@type\":\"ImageObject\",\"inLanguage\":\"fr-FR\",\"@id\":\"https:\\\/\\\/www.latribunedufaso.net\\\/?p=15834#primaryimage\",\"url\":\"https:\\\/\\\/www.latribunedufaso.net\\\/wp-content\\\/uploads\\\/2024\\\/09\\\/FB_IMG_1726748698530.jpg\",\"contentUrl\":\"https:\\\/\\\/www.latribunedufaso.net\\\/wp-content\\\/uploads\\\/2024\\\/09\\\/FB_IMG_1726748698530.jpg\",\"width\":720,\"height\":488,\"caption\":\"Monseigneur Julien Kabor\u00e9, consacr\u00e9 \u00c9v\u00eaque\"},{\"@type\":\"BreadcrumbList\",\"@id\":\"https:\\\/\\\/www.latribunedufaso.net\\\/?p=15834#breadcrumb\",\"itemListElement\":[{\"@type\":\"ListItem\",\"position\":1,\"name\":\"Accueil\",\"item\":\"https:\\\/\\\/www.latribunedufaso.net\\\/\"},{\"@type\":\"ListItem\",\"position\":2,\"name\":\"Eglise Catholique : Monseigneur Julien Kabor\u00e9 consacr\u00e9 \u00c9v\u00eaque au Ghana\"}]},{\"@type\":\"WebSite\",\"@id\":\"https:\\\/\\\/www.latribunedufaso.net\\\/#website\",\"url\":\"https:\\\/\\\/www.latribunedufaso.net\\\/\",\"name\":\"La Tribune du Faso\",\"description\":\"L&#039;information du monde rural en un clic\",\"publisher\":{\"@id\":\"https:\\\/\\\/www.latribunedufaso.net\\\/#organization\"},\"potentialAction\":[{\"@type\":\"SearchAction\",\"target\":{\"@type\":\"EntryPoint\",\"urlTemplate\":\"https:\\\/\\\/www.latribunedufaso.net\\\/?s={search_term_string}\"},\"query-input\":{\"@type\":\"PropertyValueSpecification\",\"valueRequired\":true,\"valueName\":\"search_term_string\"}}],\"inLanguage\":\"fr-FR\"},{\"@type\":\"Organization\",\"@id\":\"https:\\\/\\\/www.latribunedufaso.net\\\/#organization\",\"name\":\"La Tribune du Faso\",\"url\":\"https:\\\/\\\/www.latribunedufaso.net\\\/\",\"logo\":{\"@type\":\"ImageObject\",\"inLanguage\":\"fr-FR\",\"@id\":\"https:\\\/\\\/www.latribunedufaso.net\\\/#\\\/schema\\\/logo\\\/image\\\/\",\"url\":\"https:\\\/\\\/www.latribunedufaso.net\\\/wp-content\\\/uploads\\\/2020\\\/08\\\/Logo-Tribune-du-Faso-final-scaled.jpg\",\"contentUrl\":\"https:\\\/\\\/www.latribunedufaso.net\\\/wp-content\\\/uploads\\\/2020\\\/08\\\/Logo-Tribune-du-Faso-final-scaled.jpg\",\"width\":2560,\"height\":1856,\"caption\":\"La Tribune du Faso\"},\"image\":{\"@id\":\"https:\\\/\\\/www.latribunedufaso.net\\\/#\\\/schema\\\/logo\\\/image\\\/\"},\"sameAs\":[\"https:\\\/\\\/www.facebook.com\\\/LatribuneduFaso\\\/\"]},{\"@type\":\"Person\",\"@id\":\"https:\\\/\\\/www.latribunedufaso.net\\\/#\\\/schema\\\/person\\\/e54e64c5778a7e72cf80a318b7a622b0\",\"name\":\"Issouf Tapsoba\",\"image\":{\"@type\":\"ImageObject\",\"inLanguage\":\"fr-FR\",\"@id\":\"https:\\\/\\\/secure.gravatar.com\\\/avatar\\\/5e6c05150ce3230247d167f5b94d678eb05936197436d69b7921e3a95c9107ac?s=96&d=mm&r=g\",\"url\":\"https:\\\/\\\/secure.gravatar.com\\\/avatar\\\/5e6c05150ce3230247d167f5b94d678eb05936197436d69b7921e3a95c9107ac?s=96&d=mm&r=g\",\"contentUrl\":\"https:\\\/\\\/secure.gravatar.com\\\/avatar\\\/5e6c05150ce3230247d167f5b94d678eb05936197436d69b7921e3a95c9107ac?s=96&d=mm&r=g\",\"caption\":\"Issouf Tapsoba\"},\"url\":\"https:\\\/\\\/www.latribunedufaso.net\\\/?author=5\"}]}<\/script>\n<!-- \/ Yoast SEO plugin. -->","yoast_head_json":{"title":"Eglise Catholique : Monseigneur Julien Kabor\u00e9 consacr\u00e9 \u00c9v\u00eaque au Ghana - La Tribune du Faso","robots":{"index":"index","follow":"follow","max-snippet":"max-snippet:-1","max-image-preview":"max-image-preview:large","max-video-preview":"max-video-preview:-1"},"canonical":"https:\/\/www.latribunedufaso.net\/?p=15834","og_locale":"fr_FR","og_type":"article","og_title":"Eglise Catholique : Monseigneur Julien Kabor\u00e9 consacr\u00e9 \u00c9v\u00eaque au Ghana - La Tribune du Faso","og_description":"Nomm\u00e9 Nonce Apostolique au Ghana par le Pape Fran\u00e7ois en juin 2024, Monseigneur Julien Kabor\u00e9 a \u00e9t\u00e9 consacr\u00e9 \u00c9v\u00eaque le samedi 14 septembre 2024 \u00e0 la Basilique Saint-Pierre de Rome. La c\u00e9r\u00e9monie solennelle a \u00e9t\u00e9 pr\u00e9sid\u00e9e par le Cardinal Pietro Parolin, Secr\u00e9taire d\u2019\u00c9tat du Saint-Si\u00e8ge, dans une ambiance de grande ferveur spirituelle. Plusieurs d\u00e9l\u00e9gations, dont une forte repr\u00e9sentation burkinab\u00e8, \u00e9taient pr\u00e9sentes pour c\u00e9l\u00e9brer cet \u00e9v\u00e9nement historique.","og_url":"https:\/\/www.latribunedufaso.net\/?p=15834","og_site_name":"La Tribune du Faso","article_publisher":"https:\/\/www.facebook.com\/LatribuneduFaso\/","article_published_time":"2024-09-19T12:43:42+00:00","og_image":[{"width":720,"height":488,"url":"https:\/\/www.latribunedufaso.net\/wp-content\/uploads\/2024\/09\/FB_IMG_1726748698530.jpg","type":"image\/jpeg"}],"author":"Issouf Tapsoba","twitter_misc":{"\u00c9crit par":"Issouf Tapsoba","Dur\u00e9e de lecture estim\u00e9e":"2 minutes"},"schema":{"@context":"https:\/\/schema.org","@graph":[{"@type":"Article","@id":"https:\/\/www.latribunedufaso.net\/?p=15834#article","isPartOf":{"@id":"https:\/\/www.latribunedufaso.net\/?p=15834"},"author":{"name":"Issouf Tapsoba","@id":"https:\/\/www.latribunedufaso.net\/#\/schema\/person\/e54e64c5778a7e72cf80a318b7a622b0"},"headline":"Eglise Catholique : Monseigneur Julien Kabor\u00e9 consacr\u00e9 \u00c9v\u00eaque au Ghana","datePublished":"2024-09-19T12:43:42+00:00","mainEntityOfPage":{"@id":"https:\/\/www.latribunedufaso.net\/?p=15834"},"wordCount":438,"commentCount":0,"publisher":{"@id":"https:\/\/www.latribunedufaso.net\/#organization"},"image":{"@id":"https:\/\/www.latribunedufaso.net\/?p=15834#primaryimage"},"thumbnailUrl":"https:\/\/www.latribunedufaso.net\/wp-content\/uploads\/2024\/09\/FB_IMG_1726748698530.jpg","keywords":["Eglise catholique","latribunedufaso.net"],"articleSection":["A la une","Actualit\u00e9","Soci\u00e9t\u00e9"],"inLanguage":"fr-FR","potentialAction":[{"@type":"CommentAction","name":"Comment","target":["https:\/\/www.latribunedufaso.net\/?p=15834#respond"]}]},{"@type":"WebPage","@id":"https:\/\/www.latribunedufaso.net\/?p=15834","url":"https:\/\/www.latribunedufaso.net\/?p=15834","name":"Eglise Catholique : Monseigneur Julien Kabor\u00e9 consacr\u00e9 \u00c9v\u00eaque au Ghana - La Tribune du Faso","isPartOf":{"@id":"https:\/\/www.latribunedufaso.net\/#website"},"primaryImageOfPage":{"@id":"https:\/\/www.latribunedufaso.net\/?p=15834#primaryimage"},"image":{"@id":"https:\/\/www.latribunedufaso.net\/?p=15834#primaryimage"},"thumbnailUrl":"https:\/\/www.latribunedufaso.net\/wp-content\/uploads\/2024\/09\/FB_IMG_1726748698530.jpg","datePublished":"2024-09-19T12:43:42+00:00","breadcrumb":{"@id":"https:\/\/www.latribunedufaso.net\/?p=15834#breadcrumb"},"inLanguage":"fr-FR","potentialAction":[{"@type":"ReadAction","target":["https:\/\/www.latribunedufaso.net\/?p=15834"]}]},{"@type":"ImageObject","inLanguage":"fr-FR","@id":"https:\/\/www.latribunedufaso.net\/?p=15834#primaryimage","url":"https:\/\/www.latribunedufaso.net\/wp-content\/uploads\/2024\/09\/FB_IMG_1726748698530.jpg","contentUrl":"https:\/\/www.latribunedufaso.net\/wp-content\/uploads\/2024\/09\/FB_IMG_1726748698530.jpg","width":720,"height":488,"caption":"Monseigneur Julien Kabor\u00e9, consacr\u00e9 \u00c9v\u00eaque"},{"@type":"BreadcrumbList","@id":"https:\/\/www.latribunedufaso.net\/?p=15834#breadcrumb","itemListElement":[{"@type":"ListItem","position":1,"name":"Accueil","item":"https:\/\/www.latribunedufaso.net\/"},{"@type":"ListItem","position":2,"name":"Eglise Catholique : Monseigneur Julien Kabor\u00e9 consacr\u00e9 \u00c9v\u00eaque au Ghana"}]},{"@type":"WebSite","@id":"https:\/\/www.latribunedufaso.net\/#website","url":"https:\/\/www.latribunedufaso.net\/","name":"La Tribune du Faso","description":"L&#039;information du monde rural en un clic","publisher":{"@id":"https:\/\/www.latribunedufaso.net\/#organization"},"potentialAction":[{"@type":"SearchAction","target":{"@type":"EntryPoint","urlTemplate":"https:\/\/www.latribunedufaso.net\/?s={search_term_string}"},"query-input":{"@type":"PropertyValueSpecification","valueRequired":true,"valueName":"search_term_string"}}],"inLanguage":"fr-FR"},{"@type":"Organization","@id":"https:\/\/www.latribunedufaso.net\/#organization","name":"La Tribune du Faso","url":"https:\/\/www.latribunedufaso.net\/","logo":{"@type":"ImageObject","inLanguage":"fr-FR","@id":"https:\/\/www.latribunedufaso.net\/#\/schema\/logo\/image\/","url":"https:\/\/www.latribunedufaso.net\/wp-content\/uploads\/2020\/08\/Logo-Tribune-du-Faso-final-scaled.jpg","contentUrl":"https:\/\/www.latribunedufaso.net\/wp-content\/uploads\/2020\/08\/Logo-Tribune-du-Faso-final-scaled.jpg","width":2560,"height":1856,"caption":"La Tribune du Faso"},"image":{"@id":"https:\/\/www.latribunedufaso.net\/#\/schema\/logo\/image\/"},"sameAs":["https:\/\/www.facebook.com\/LatribuneduFaso\/"]},{"@type":"Person","@id":"https:\/\/www.latribunedufaso.net\/#\/schema\/person\/e54e64c5778a7e72cf80a318b7a622b0","name":"Issouf Tapsoba","image":{"@type":"ImageObject","inLanguage":"fr-FR","@id":"https:\/\/secure.gravatar.com\/avatar\/5e6c05150ce3230247d167f5b94d678eb05936197436d69b7921e3a95c9107ac?s=96&d=mm&r=g","url":"https:\/\/secure.gravatar.com\/avatar\/5e6c05150ce3230247d167f5b94d678eb05936197436d69b7921e3a95c9107ac?s=96&d=mm&r=g","contentUrl":"https:\/\/secure.gravatar.com\/avatar\/5e6c05150ce3230247d167f5b94d678eb05936197436d69b7921e3a95c9107ac?s=96&d=mm&r=g","caption":"Issouf Tapsoba"},"url":"https:\/\/www.latribunedufaso.net\/?author=5"}]}},"_links":{"self":[{"href":"https:\/\/www.latribunedufaso.net\/index.php?rest_route=\/wp\/v2\/posts\/15834","targetHints":{"allow":["GET"]}}],"collection":[{"href":"https:\/\/www.latribunedufaso.net\/index.php?rest_route=\/wp\/v2\/posts"}],"about":[{"href":"https:\/\/www.latribunedufaso.net\/index.php?rest_route=\/wp\/v2\/types\/post"}],"author":[{"embeddable":true,"href":"https:\/\/www.latribunedufaso.net\/index.php?rest_route=\/wp\/v2\/users\/5"}],"replies":[{"embeddable":true,"href":"https:\/\/www.latribunedufaso.net\/index.php?rest_route=%2Fwp%2Fv2%2Fcomments&post=15834"}],"version-history":[{"count":1,"href":"https:\/\/www.latribunedufaso.net\/index.php?rest_route=\/wp\/v2\/posts\/15834\/revisions"}],"predecessor-version":[{"id":15838,"href":"https:\/\/www.latribunedufaso.net\/index.php?rest_route=\/wp\/v2\/posts\/15834\/revisions\/15838"}],"wp:featuredmedia":[{"embeddable":true,"href":"https:\/\/www.latribunedufaso.net\/index.php?rest_route=\/wp\/v2\/media\/15835"}],"wp:attachment":[{"href":"https:\/\/www.latribunedufaso.net\/index.php?rest_route=%2Fwp%2Fv2%2Fmedia&parent=15834"}],"wp:term":[{"taxonomy":"category","embeddable":true,"href":"https:\/\/www.latribunedufaso.net\/index.php?rest_route=%2Fwp%2Fv2%2Fcategories&post=15834"},{"taxonomy":"post_tag","embeddable":true,"href":"https:\/\/www.latribunedufaso.net\/index.php?rest_route=%2Fwp%2Fv2%2Ftags&post=15834"}],"curies":[{"name":"wp","href":"https:\/\/api.w.org\/{rel}","templated":true}]}}