{"id":15803,"date":"2024-09-17T16:17:26","date_gmt":"2024-09-17T16:17:26","guid":{"rendered":"https:\/\/www.latribunedufaso.net\/?p=15803"},"modified":"2024-09-17T16:17:26","modified_gmt":"2024-09-17T16:17:26","slug":"6e-edition-de-la-samao-rendez-vous-du-26-au-28-septembre-2024-a-ouagadougou","status":"publish","type":"post","link":"https:\/\/www.latribunedufaso.net\/?p=15803","title":{"rendered":"6e \u00e9dition de la SAMAO : Rendez-vous du 26 au 28 septembre 2024 \u00e0 Ouagadougou\u00a0"},"content":{"rendered":"<p><strong><span style=\"font-size: 1.0625rem;\">Du 26 au 28 septembre 2024, Ouagadougou abritera la 6e \u00e9dition de la Semaine des activit\u00e9s mini\u00e8res d&rsquo;Afrique de l&rsquo;Ouest (SAMAO). C&rsquo;est ce qu&rsquo;a annonc\u00e9 le pr\u00e9sident du comit\u00e9 d&rsquo;organisation (PCO), Doulaye Sanou. Elle est plac\u00e9e sous le th\u00e8me : <em>\u00ab Les min\u00e9raux critiques : quelles strat\u00e9gies de d\u00e9veloppement pour les pays africains ? \u00bb<\/em><\/span><\/strong><br \/><!--more--><\/p>\n<p><span style=\"font-size: 1.0625rem;\">Plus de 2000 participants sont attendus. Ils sont compos\u00e9s d\u2019experts, d\u2019investisseurs, de chercheurs et de visiteurs d\u2019horizons divers. Les activit\u00e9s se tiendront au Centre international de conf\u00e9rences de Ouaga 2000.<\/span><\/p>\n<p>Au programme, il y aura des rencontres B2B, des expositions et des visites sur un site minier et un site touristique ou de carri\u00e8re. Par ailleurs, 6 sous-th\u00e8mes seront d\u00e9velopp\u00e9s sous forme de conf\u00e9rences et\/ou de panels par des experts nationaux et \u00e9trangers.<\/p>\n<figure id=\"attachment_15806\" aria-describedby=\"caption-attachment-15806\" style=\"width: 2560px\" class=\"wp-caption alignleft\"><a href=\"https:\/\/www.latribunedufaso.net\/wp-content\/uploads\/2024\/09\/IMG_20240917_092639_411-scaled.jpg\"><img loading=\"lazy\" decoding=\"async\" class=\"size-full wp-image-15806\" src=\"https:\/\/www.latribunedufaso.net\/wp-content\/uploads\/2024\/09\/IMG_20240917_092639_411-scaled.jpg\" alt=\"Le SG du minist\u00e8re en charge des Mines, Doulaye Sanou lors de la conf\u00e9rence de presse de lancement de la SAMA 2024, 17 septembre 2024\" width=\"2560\" height=\"1920\" srcset=\"https:\/\/www.latribunedufaso.net\/wp-content\/uploads\/2024\/09\/IMG_20240917_092639_411-scaled.jpg 2560w, https:\/\/www.latribunedufaso.net\/wp-content\/uploads\/2024\/09\/IMG_20240917_092639_411-300x225.jpg 300w, https:\/\/www.latribunedufaso.net\/wp-content\/uploads\/2024\/09\/IMG_20240917_092639_411-1024x768.jpg 1024w, https:\/\/www.latribunedufaso.net\/wp-content\/uploads\/2024\/09\/IMG_20240917_092639_411-768x576.jpg 768w, https:\/\/www.latribunedufaso.net\/wp-content\/uploads\/2024\/09\/IMG_20240917_092639_411-1536x1152.jpg 1536w, https:\/\/www.latribunedufaso.net\/wp-content\/uploads\/2024\/09\/IMG_20240917_092639_411-2048x1536.jpg 2048w\" sizes=\"auto, (max-width: 2560px) 100vw, 2560px\" \/><\/a><figcaption id=\"caption-attachment-15806\" class=\"wp-caption-text\">Pr\u00e9sident du comit\u00e9 d&rsquo;organisation de la SAMAO, Doulaye Sanou, par ailleurs, Secr\u00e9taire g\u00e9n\u00e9ral du minist\u00e8re en charge des Mines &#8211; Ph. I. Tapsoba<\/figcaption><\/figure>\n<p>Ils s&rsquo;articuleront autour des th\u00e9matiques suivantes : <em><strong>\u00ab Strat\u00e9gie de recherche et de valorisation des min\u00e9raux critiques \u00bb<\/strong><\/em>; <em><strong>\u00ab Min\u00e9raux critiques et transition \u00e9nerg\u00e9tique : quelles opportunit\u00e9s d\u2019industrialisation en Afrique \u00bb<\/strong><\/em> et <em><strong>\u00ab Vers une r\u00e8glementation sp\u00e9cifique pour les min\u00e9raux critiques \u00bb.<\/strong><\/em><\/p>\n<blockquote>\n<p>Lire aussi &gt;&gt; <a href=\"https:\/\/www.latribunedufaso.net\/?p=15750\">SAMAO : L\u2019administration \u00e9change avec les soci\u00e9t\u00e9s mini\u00e8res sur la 6e \u00e9dition<\/a><\/p>\n<\/blockquote>\n<p>A cela s&rsquo;ajoutent les th\u00e9matiques<em><strong> \u00ab Place de l\u2019artisanat minier dans l\u2019exploitation des min\u00e9raux critiques \u00bb<\/strong><\/em>; <em><strong>\u00ab Prospectivit\u00e9 et recherche scientifique sur les mat\u00e9riaux critiques au Burkina Faso et en Afrique de l\u2019Ouest \u00bb<\/strong><\/em> et<em><strong> \u00ab Mat\u00e9riaux locaux de construction : Conceptions architecturales, \u00e9conomie d\u2019\u00e9nergie et mitigation de l\u2019impact climatique \u00bb.<\/strong><\/em><\/p>\n<p>L&rsquo;acc\u00e9l\u00e9ration de la transition \u00e9nerg\u00e9tique et num\u00e9rique dans le monde ont entra\u00een\u00e9 une ru\u00e9e vers les min\u00e9raux critiques, selon Doulaye Sanou. En effet, ces substances sont essentielles \u00e0 la construction des infrastructures de la transition \u00e9nerg\u00e9tique et num\u00e9rique telles que les panneaux solaires, les \u00e9oliennes, les v\u00e9hicules \u00e9lectriques et les \u00e9crans tactiles.<\/p>\n<figure id=\"attachment_15805\" aria-describedby=\"caption-attachment-15805\" style=\"width: 2560px\" class=\"wp-caption aligncenter\"><a href=\"https:\/\/www.latribunedufaso.net\/wp-content\/uploads\/2024\/09\/IMG_20240917_093403_390-scaled.jpg\"><img loading=\"lazy\" decoding=\"async\" class=\"size-full wp-image-15805\" src=\"https:\/\/www.latribunedufaso.net\/wp-content\/uploads\/2024\/09\/IMG_20240917_093403_390-scaled.jpg\" alt=\"Le Directeur g\u00e9n\u00e9ral des Mines et de la G\u00e9ologie, Aristide Belemsobgo lors de la conf\u00e9rence de presse de lancement de la SAMAO 2024, 17 sept 2024\" width=\"2560\" height=\"1920\" srcset=\"https:\/\/www.latribunedufaso.net\/wp-content\/uploads\/2024\/09\/IMG_20240917_093403_390-scaled.jpg 2560w, https:\/\/www.latribunedufaso.net\/wp-content\/uploads\/2024\/09\/IMG_20240917_093403_390-300x225.jpg 300w, https:\/\/www.latribunedufaso.net\/wp-content\/uploads\/2024\/09\/IMG_20240917_093403_390-1024x768.jpg 1024w, https:\/\/www.latribunedufaso.net\/wp-content\/uploads\/2024\/09\/IMG_20240917_093403_390-768x576.jpg 768w, https:\/\/www.latribunedufaso.net\/wp-content\/uploads\/2024\/09\/IMG_20240917_093403_390-1536x1152.jpg 1536w, https:\/\/www.latribunedufaso.net\/wp-content\/uploads\/2024\/09\/IMG_20240917_093403_390-2048x1536.jpg 2048w\" sizes=\"auto, (max-width: 2560px) 100vw, 2560px\" \/><\/a><figcaption id=\"caption-attachment-15805\" class=\"wp-caption-text\">Le Directeur g\u00e9n\u00e9ral des Mines et de la G\u00e9ologie, Aristide Belemsobgo &#8211; Ph. I. Tapsoba<\/figcaption><\/figure>\n<p>Des \u00e9tudes r\u00e9v\u00e8le des traces de ces min\u00e9raux au Burkina Faso. Il s&rsquo;agit, notamment, du cobalt, du nickel, du vanadium, de l&rsquo;uranium, du zinc et du cuivre. L&rsquo;objectif de la pr\u00e9sente \u00e9dition de la SAMAO est donc de r\u00e9fl\u00e9chir pour trouver une strat\u00e9gie afin de tirer profit de ces ressources, selon le Directeur g\u00e9n\u00e9ral des Mines et de la G\u00e9ologie, Aristide Belemsobgo.<\/p>\n<p>A l&rsquo;\u00e9couter, <em><strong>\u00ab les min\u00e9raux critiques sont actuellement tr\u00e8s recherch\u00e9s dans le monde. 40% de ces ressources se trouvent en Afrique. Il y a lieu de r\u00e9fl\u00e9chir pour trouver une strat\u00e9gie afin de profiter de leur potentialit\u00e9 \u00bb.<\/strong><\/em><\/p>\n<p>Il faut noter que d&rsquo;autres activit\u00e9s sont pr\u00e9vues se tenir en marge de la SAMAO. Il s&rsquo;agit des activit\u00e9s de la Pr\u00e9 SAMAO qui auront lieu du 24 au 25 septembre 2024.<\/p>\n<p><strong>Issouf TAPSOBA\u00a0<\/strong><\/p>\n<p><strong>Latribunedufaso.net<\/strong><\/p>\n","protected":false},"excerpt":{"rendered":"<p>Du 26 au 28 septembre 2024, Ouagadougou abritera la 6e \u00e9dition de la Semaine des activit\u00e9s mini\u00e8res d&rsquo;Afrique de l&rsquo;Ouest (SAMAO). C&rsquo;est ce qu&rsquo;a annonc\u00e9 le pr\u00e9sident du comit\u00e9 d&rsquo;organisation (PCO), Doulaye Sanou. Elle est plac\u00e9e sous le th\u00e8me : \u00ab Les min\u00e9raux critiques : quelles strat\u00e9gies de d\u00e9veloppement pour les pays africains ? \u00bb<\/p>\n","protected":false},"author":5,"featured_media":15804,"comment_status":"open","ping_status":"open","sticky":false,"template":"","format":"standard","meta":{"footnotes":""},"categories":[13,1,19],"tags":[39,213,52,199],"class_list":["post-15803","post","type-post","status-publish","format-standard","has-post-thumbnail","hentry","category-une","category-actu","category-mines-et-carrieres","tag-latribunedufaso-net","tag-mineraux-critiques","tag-mines-et-carrieres","tag-samao"],"yoast_head":"<!-- This site is optimized with the Yoast SEO plugin v27.5 - https:\/\/yoast.com\/product\/yoast-seo-wordpress\/ -->\n<title>6e \u00e9dition de la SAMAO : Rendez-vous du 26 au 28 septembre 2024 \u00e0 Ouagadougou\u00a0 - La Tribune du Faso<\/title>\n<meta name=\"robots\" content=\"index, follow, max-snippet:-1, max-image-preview:large, max-video-preview:-1\" \/>\n<link rel=\"canonical\" href=\"https:\/\/www.latribunedufaso.net\/?p=15803\" \/>\n<meta property=\"og:locale\" content=\"fr_FR\" \/>\n<meta property=\"og:type\" content=\"article\" \/>\n<meta property=\"og:title\" content=\"6e \u00e9dition de la SAMAO : Rendez-vous du 26 au 28 septembre 2024 \u00e0 Ouagadougou\u00a0 - La Tribune du Faso\" \/>\n<meta property=\"og:description\" content=\"Du 26 au 28 septembre 2024, Ouagadougou abritera la 6e \u00e9dition de la Semaine des activit\u00e9s mini\u00e8res d&rsquo;Afrique de l&rsquo;Ouest (SAMAO). C&rsquo;est ce qu&rsquo;a annonc\u00e9 le pr\u00e9sident du comit\u00e9 d&rsquo;organisation (PCO), Doulaye Sanou. Elle est plac\u00e9e sous le th\u00e8me : \u00ab Les min\u00e9raux critiques : quelles strat\u00e9gies de d\u00e9veloppement pour les pays africains ? \u00bb\" \/>\n<meta property=\"og:url\" content=\"https:\/\/www.latribunedufaso.net\/?p=15803\" \/>\n<meta property=\"og:site_name\" content=\"La Tribune du Faso\" \/>\n<meta property=\"article:publisher\" content=\"https:\/\/www.facebook.com\/LatribuneduFaso\/\" \/>\n<meta property=\"article:published_time\" content=\"2024-09-17T16:17:26+00:00\" \/>\n<meta property=\"og:image\" content=\"https:\/\/www.latribunedufaso.net\/wp-content\/uploads\/2024\/09\/IMG_20240917_092651_312-scaled.jpg\" \/>\n\t<meta property=\"og:image:width\" content=\"2560\" \/>\n\t<meta property=\"og:image:height\" content=\"1920\" \/>\n\t<meta property=\"og:image:type\" content=\"image\/jpeg\" \/>\n<meta name=\"author\" content=\"Issouf Tapsoba\" \/>\n<meta name=\"twitter:label1\" content=\"\u00c9crit par\" \/>\n\t<meta name=\"twitter:data1\" content=\"Issouf Tapsoba\" \/>\n\t<meta name=\"twitter:label2\" content=\"Dur\u00e9e de lecture estim\u00e9e\" \/>\n\t<meta name=\"twitter:data2\" content=\"3 minutes\" \/>\n<script type=\"application\/ld+json\" class=\"yoast-schema-graph\">{\"@context\":\"https:\\\/\\\/schema.org\",\"@graph\":[{\"@type\":\"Article\",\"@id\":\"https:\\\/\\\/www.latribunedufaso.net\\\/?p=15803#article\",\"isPartOf\":{\"@id\":\"https:\\\/\\\/www.latribunedufaso.net\\\/?p=15803\"},\"author\":{\"name\":\"Issouf Tapsoba\",\"@id\":\"https:\\\/\\\/www.latribunedufaso.net\\\/#\\\/schema\\\/person\\\/e54e64c5778a7e72cf80a318b7a622b0\"},\"headline\":\"6e \u00e9dition de la SAMAO : Rendez-vous du 26 au 28 septembre 2024 \u00e0 Ouagadougou\u00a0\",\"datePublished\":\"2024-09-17T16:17:26+00:00\",\"mainEntityOfPage\":{\"@id\":\"https:\\\/\\\/www.latribunedufaso.net\\\/?p=15803\"},\"wordCount\":549,\"commentCount\":0,\"publisher\":{\"@id\":\"https:\\\/\\\/www.latribunedufaso.net\\\/#organization\"},\"image\":{\"@id\":\"https:\\\/\\\/www.latribunedufaso.net\\\/?p=15803#primaryimage\"},\"thumbnailUrl\":\"https:\\\/\\\/www.latribunedufaso.net\\\/wp-content\\\/uploads\\\/2024\\\/09\\\/IMG_20240917_092651_312-scaled.jpg\",\"keywords\":[\"latribunedufaso.net\",\"min\u00e9raux critiques\",\"mines et carri\u00e8res\",\"SAMAO\"],\"articleSection\":[\"A la une\",\"Actualit\u00e9\",\"Mines et Carri\u00e8res\"],\"inLanguage\":\"fr-FR\",\"potentialAction\":[{\"@type\":\"CommentAction\",\"name\":\"Comment\",\"target\":[\"https:\\\/\\\/www.latribunedufaso.net\\\/?p=15803#respond\"]}]},{\"@type\":\"WebPage\",\"@id\":\"https:\\\/\\\/www.latribunedufaso.net\\\/?p=15803\",\"url\":\"https:\\\/\\\/www.latribunedufaso.net\\\/?p=15803\",\"name\":\"6e \u00e9dition de la SAMAO : Rendez-vous du 26 au 28 septembre 2024 \u00e0 Ouagadougou\u00a0 - La Tribune du Faso\",\"isPartOf\":{\"@id\":\"https:\\\/\\\/www.latribunedufaso.net\\\/#website\"},\"primaryImageOfPage\":{\"@id\":\"https:\\\/\\\/www.latribunedufaso.net\\\/?p=15803#primaryimage\"},\"image\":{\"@id\":\"https:\\\/\\\/www.latribunedufaso.net\\\/?p=15803#primaryimage\"},\"thumbnailUrl\":\"https:\\\/\\\/www.latribunedufaso.net\\\/wp-content\\\/uploads\\\/2024\\\/09\\\/IMG_20240917_092651_312-scaled.jpg\",\"datePublished\":\"2024-09-17T16:17:26+00:00\",\"breadcrumb\":{\"@id\":\"https:\\\/\\\/www.latribunedufaso.net\\\/?p=15803#breadcrumb\"},\"inLanguage\":\"fr-FR\",\"potentialAction\":[{\"@type\":\"ReadAction\",\"target\":[\"https:\\\/\\\/www.latribunedufaso.net\\\/?p=15803\"]}]},{\"@type\":\"ImageObject\",\"inLanguage\":\"fr-FR\",\"@id\":\"https:\\\/\\\/www.latribunedufaso.net\\\/?p=15803#primaryimage\",\"url\":\"https:\\\/\\\/www.latribunedufaso.net\\\/wp-content\\\/uploads\\\/2024\\\/09\\\/IMG_20240917_092651_312-scaled.jpg\",\"contentUrl\":\"https:\\\/\\\/www.latribunedufaso.net\\\/wp-content\\\/uploads\\\/2024\\\/09\\\/IMG_20240917_092651_312-scaled.jpg\",\"width\":2560,\"height\":1920,\"caption\":\"Presidium de la conf\u00e9rence de presse de lancement SAMAO 2024, 17 sept 2024\"},{\"@type\":\"BreadcrumbList\",\"@id\":\"https:\\\/\\\/www.latribunedufaso.net\\\/?p=15803#breadcrumb\",\"itemListElement\":[{\"@type\":\"ListItem\",\"position\":1,\"name\":\"Accueil\",\"item\":\"https:\\\/\\\/www.latribunedufaso.net\\\/\"},{\"@type\":\"ListItem\",\"position\":2,\"name\":\"6e \u00e9dition de la SAMAO : Rendez-vous du 26 au 28 septembre 2024 \u00e0 Ouagadougou\u00a0\"}]},{\"@type\":\"WebSite\",\"@id\":\"https:\\\/\\\/www.latribunedufaso.net\\\/#website\",\"url\":\"https:\\\/\\\/www.latribunedufaso.net\\\/\",\"name\":\"La Tribune du Faso\",\"description\":\"L&#039;information du monde rural en un clic\",\"publisher\":{\"@id\":\"https:\\\/\\\/www.latribunedufaso.net\\\/#organization\"},\"potentialAction\":[{\"@type\":\"SearchAction\",\"target\":{\"@type\":\"EntryPoint\",\"urlTemplate\":\"https:\\\/\\\/www.latribunedufaso.net\\\/?s={search_term_string}\"},\"query-input\":{\"@type\":\"PropertyValueSpecification\",\"valueRequired\":true,\"valueName\":\"search_term_string\"}}],\"inLanguage\":\"fr-FR\"},{\"@type\":\"Organization\",\"@id\":\"https:\\\/\\\/www.latribunedufaso.net\\\/#organization\",\"name\":\"La Tribune du Faso\",\"url\":\"https:\\\/\\\/www.latribunedufaso.net\\\/\",\"logo\":{\"@type\":\"ImageObject\",\"inLanguage\":\"fr-FR\",\"@id\":\"https:\\\/\\\/www.latribunedufaso.net\\\/#\\\/schema\\\/logo\\\/image\\\/\",\"url\":\"https:\\\/\\\/www.latribunedufaso.net\\\/wp-content\\\/uploads\\\/2020\\\/08\\\/Logo-Tribune-du-Faso-final-scaled.jpg\",\"contentUrl\":\"https:\\\/\\\/www.latribunedufaso.net\\\/wp-content\\\/uploads\\\/2020\\\/08\\\/Logo-Tribune-du-Faso-final-scaled.jpg\",\"width\":2560,\"height\":1856,\"caption\":\"La Tribune du Faso\"},\"image\":{\"@id\":\"https:\\\/\\\/www.latribunedufaso.net\\\/#\\\/schema\\\/logo\\\/image\\\/\"},\"sameAs\":[\"https:\\\/\\\/www.facebook.com\\\/LatribuneduFaso\\\/\"]},{\"@type\":\"Person\",\"@id\":\"https:\\\/\\\/www.latribunedufaso.net\\\/#\\\/schema\\\/person\\\/e54e64c5778a7e72cf80a318b7a622b0\",\"name\":\"Issouf Tapsoba\",\"image\":{\"@type\":\"ImageObject\",\"inLanguage\":\"fr-FR\",\"@id\":\"https:\\\/\\\/secure.gravatar.com\\\/avatar\\\/5e6c05150ce3230247d167f5b94d678eb05936197436d69b7921e3a95c9107ac?s=96&d=mm&r=g\",\"url\":\"https:\\\/\\\/secure.gravatar.com\\\/avatar\\\/5e6c05150ce3230247d167f5b94d678eb05936197436d69b7921e3a95c9107ac?s=96&d=mm&r=g\",\"contentUrl\":\"https:\\\/\\\/secure.gravatar.com\\\/avatar\\\/5e6c05150ce3230247d167f5b94d678eb05936197436d69b7921e3a95c9107ac?s=96&d=mm&r=g\",\"caption\":\"Issouf Tapsoba\"},\"url\":\"https:\\\/\\\/www.latribunedufaso.net\\\/?author=5\"}]}<\/script>\n<!-- \/ Yoast SEO plugin. -->","yoast_head_json":{"title":"6e \u00e9dition de la SAMAO : Rendez-vous du 26 au 28 septembre 2024 \u00e0 Ouagadougou\u00a0 - La Tribune du Faso","robots":{"index":"index","follow":"follow","max-snippet":"max-snippet:-1","max-image-preview":"max-image-preview:large","max-video-preview":"max-video-preview:-1"},"canonical":"https:\/\/www.latribunedufaso.net\/?p=15803","og_locale":"fr_FR","og_type":"article","og_title":"6e \u00e9dition de la SAMAO : Rendez-vous du 26 au 28 septembre 2024 \u00e0 Ouagadougou\u00a0 - La Tribune du Faso","og_description":"Du 26 au 28 septembre 2024, Ouagadougou abritera la 6e \u00e9dition de la Semaine des activit\u00e9s mini\u00e8res d&rsquo;Afrique de l&rsquo;Ouest (SAMAO). C&rsquo;est ce qu&rsquo;a annonc\u00e9 le pr\u00e9sident du comit\u00e9 d&rsquo;organisation (PCO), Doulaye Sanou. Elle est plac\u00e9e sous le th\u00e8me : \u00ab Les min\u00e9raux critiques : quelles strat\u00e9gies de d\u00e9veloppement pour les pays africains ? \u00bb","og_url":"https:\/\/www.latribunedufaso.net\/?p=15803","og_site_name":"La Tribune du Faso","article_publisher":"https:\/\/www.facebook.com\/LatribuneduFaso\/","article_published_time":"2024-09-17T16:17:26+00:00","og_image":[{"width":2560,"height":1920,"url":"https:\/\/www.latribunedufaso.net\/wp-content\/uploads\/2024\/09\/IMG_20240917_092651_312-scaled.jpg","type":"image\/jpeg"}],"author":"Issouf Tapsoba","twitter_misc":{"\u00c9crit par":"Issouf Tapsoba","Dur\u00e9e de lecture estim\u00e9e":"3 minutes"},"schema":{"@context":"https:\/\/schema.org","@graph":[{"@type":"Article","@id":"https:\/\/www.latribunedufaso.net\/?p=15803#article","isPartOf":{"@id":"https:\/\/www.latribunedufaso.net\/?p=15803"},"author":{"name":"Issouf Tapsoba","@id":"https:\/\/www.latribunedufaso.net\/#\/schema\/person\/e54e64c5778a7e72cf80a318b7a622b0"},"headline":"6e \u00e9dition de la SAMAO : Rendez-vous du 26 au 28 septembre 2024 \u00e0 Ouagadougou\u00a0","datePublished":"2024-09-17T16:17:26+00:00","mainEntityOfPage":{"@id":"https:\/\/www.latribunedufaso.net\/?p=15803"},"wordCount":549,"commentCount":0,"publisher":{"@id":"https:\/\/www.latribunedufaso.net\/#organization"},"image":{"@id":"https:\/\/www.latribunedufaso.net\/?p=15803#primaryimage"},"thumbnailUrl":"https:\/\/www.latribunedufaso.net\/wp-content\/uploads\/2024\/09\/IMG_20240917_092651_312-scaled.jpg","keywords":["latribunedufaso.net","min\u00e9raux critiques","mines et carri\u00e8res","SAMAO"],"articleSection":["A la une","Actualit\u00e9","Mines et Carri\u00e8res"],"inLanguage":"fr-FR","potentialAction":[{"@type":"CommentAction","name":"Comment","target":["https:\/\/www.latribunedufaso.net\/?p=15803#respond"]}]},{"@type":"WebPage","@id":"https:\/\/www.latribunedufaso.net\/?p=15803","url":"https:\/\/www.latribunedufaso.net\/?p=15803","name":"6e \u00e9dition de la SAMAO : Rendez-vous du 26 au 28 septembre 2024 \u00e0 Ouagadougou\u00a0 - La Tribune du Faso","isPartOf":{"@id":"https:\/\/www.latribunedufaso.net\/#website"},"primaryImageOfPage":{"@id":"https:\/\/www.latribunedufaso.net\/?p=15803#primaryimage"},"image":{"@id":"https:\/\/www.latribunedufaso.net\/?p=15803#primaryimage"},"thumbnailUrl":"https:\/\/www.latribunedufaso.net\/wp-content\/uploads\/2024\/09\/IMG_20240917_092651_312-scaled.jpg","datePublished":"2024-09-17T16:17:26+00:00","breadcrumb":{"@id":"https:\/\/www.latribunedufaso.net\/?p=15803#breadcrumb"},"inLanguage":"fr-FR","potentialAction":[{"@type":"ReadAction","target":["https:\/\/www.latribunedufaso.net\/?p=15803"]}]},{"@type":"ImageObject","inLanguage":"fr-FR","@id":"https:\/\/www.latribunedufaso.net\/?p=15803#primaryimage","url":"https:\/\/www.latribunedufaso.net\/wp-content\/uploads\/2024\/09\/IMG_20240917_092651_312-scaled.jpg","contentUrl":"https:\/\/www.latribunedufaso.net\/wp-content\/uploads\/2024\/09\/IMG_20240917_092651_312-scaled.jpg","width":2560,"height":1920,"caption":"Presidium de la conf\u00e9rence de presse de lancement SAMAO 2024, 17 sept 2024"},{"@type":"BreadcrumbList","@id":"https:\/\/www.latribunedufaso.net\/?p=15803#breadcrumb","itemListElement":[{"@type":"ListItem","position":1,"name":"Accueil","item":"https:\/\/www.latribunedufaso.net\/"},{"@type":"ListItem","position":2,"name":"6e \u00e9dition de la SAMAO : Rendez-vous du 26 au 28 septembre 2024 \u00e0 Ouagadougou\u00a0"}]},{"@type":"WebSite","@id":"https:\/\/www.latribunedufaso.net\/#website","url":"https:\/\/www.latribunedufaso.net\/","name":"La Tribune du Faso","description":"L&#039;information du monde rural en un clic","publisher":{"@id":"https:\/\/www.latribunedufaso.net\/#organization"},"potentialAction":[{"@type":"SearchAction","target":{"@type":"EntryPoint","urlTemplate":"https:\/\/www.latribunedufaso.net\/?s={search_term_string}"},"query-input":{"@type":"PropertyValueSpecification","valueRequired":true,"valueName":"search_term_string"}}],"inLanguage":"fr-FR"},{"@type":"Organization","@id":"https:\/\/www.latribunedufaso.net\/#organization","name":"La Tribune du Faso","url":"https:\/\/www.latribunedufaso.net\/","logo":{"@type":"ImageObject","inLanguage":"fr-FR","@id":"https:\/\/www.latribunedufaso.net\/#\/schema\/logo\/image\/","url":"https:\/\/www.latribunedufaso.net\/wp-content\/uploads\/2020\/08\/Logo-Tribune-du-Faso-final-scaled.jpg","contentUrl":"https:\/\/www.latribunedufaso.net\/wp-content\/uploads\/2020\/08\/Logo-Tribune-du-Faso-final-scaled.jpg","width":2560,"height":1856,"caption":"La Tribune du Faso"},"image":{"@id":"https:\/\/www.latribunedufaso.net\/#\/schema\/logo\/image\/"},"sameAs":["https:\/\/www.facebook.com\/LatribuneduFaso\/"]},{"@type":"Person","@id":"https:\/\/www.latribunedufaso.net\/#\/schema\/person\/e54e64c5778a7e72cf80a318b7a622b0","name":"Issouf Tapsoba","image":{"@type":"ImageObject","inLanguage":"fr-FR","@id":"https:\/\/secure.gravatar.com\/avatar\/5e6c05150ce3230247d167f5b94d678eb05936197436d69b7921e3a95c9107ac?s=96&d=mm&r=g","url":"https:\/\/secure.gravatar.com\/avatar\/5e6c05150ce3230247d167f5b94d678eb05936197436d69b7921e3a95c9107ac?s=96&d=mm&r=g","contentUrl":"https:\/\/secure.gravatar.com\/avatar\/5e6c05150ce3230247d167f5b94d678eb05936197436d69b7921e3a95c9107ac?s=96&d=mm&r=g","caption":"Issouf Tapsoba"},"url":"https:\/\/www.latribunedufaso.net\/?author=5"}]}},"_links":{"self":[{"href":"https:\/\/www.latribunedufaso.net\/index.php?rest_route=\/wp\/v2\/posts\/15803","targetHints":{"allow":["GET"]}}],"collection":[{"href":"https:\/\/www.latribunedufaso.net\/index.php?rest_route=\/wp\/v2\/posts"}],"about":[{"href":"https:\/\/www.latribunedufaso.net\/index.php?rest_route=\/wp\/v2\/types\/post"}],"author":[{"embeddable":true,"href":"https:\/\/www.latribunedufaso.net\/index.php?rest_route=\/wp\/v2\/users\/5"}],"replies":[{"embeddable":true,"href":"https:\/\/www.latribunedufaso.net\/index.php?rest_route=%2Fwp%2Fv2%2Fcomments&post=15803"}],"version-history":[{"count":1,"href":"https:\/\/www.latribunedufaso.net\/index.php?rest_route=\/wp\/v2\/posts\/15803\/revisions"}],"predecessor-version":[{"id":15807,"href":"https:\/\/www.latribunedufaso.net\/index.php?rest_route=\/wp\/v2\/posts\/15803\/revisions\/15807"}],"wp:featuredmedia":[{"embeddable":true,"href":"https:\/\/www.latribunedufaso.net\/index.php?rest_route=\/wp\/v2\/media\/15804"}],"wp:attachment":[{"href":"https:\/\/www.latribunedufaso.net\/index.php?rest_route=%2Fwp%2Fv2%2Fmedia&parent=15803"}],"wp:term":[{"taxonomy":"category","embeddable":true,"href":"https:\/\/www.latribunedufaso.net\/index.php?rest_route=%2Fwp%2Fv2%2Fcategories&post=15803"},{"taxonomy":"post_tag","embeddable":true,"href":"https:\/\/www.latribunedufaso.net\/index.php?rest_route=%2Fwp%2Fv2%2Ftags&post=15803"}],"curies":[{"name":"wp","href":"https:\/\/api.w.org\/{rel}","templated":true}]}}