{"id":15795,"date":"2024-09-16T22:18:19","date_gmt":"2024-09-16T22:18:19","guid":{"rendered":"https:\/\/www.latribunedufaso.net\/?p=15795"},"modified":"2024-09-16T22:19:33","modified_gmt":"2024-09-16T22:19:33","slug":"campagne-agricole-2024-2025-le-ministre-ismael-sombie-dans-le-centre-est","status":"publish","type":"post","link":"https:\/\/www.latribunedufaso.net\/?p=15795","title":{"rendered":"Campagne agricole 2024-2025 : Le ministre Isma\u00ebl Sombi\u00e9 dans le Centre-Est\u00a0"},"content":{"rendered":"<p><strong style=\"font-size: 1.0625rem;\">Le ministre de l&rsquo;Agriculture, des Ressources animales et halieutiques, Isma\u00ebl Sombi\u00e9 a effectu\u00e9, du 11 au 13 septembre 2024, une visite des exploitations agricoles de Torla dans la commune de Garango ainsi que de Tembella et de Yitenga dans la commune de Koup\u00e9la (r\u00e9gion du Centre-Est). L&rsquo;objectif de la mission \u00e9tait d&rsquo;appr\u00e9cier l&rsquo;\u00e9volution de la campagne agricole humide 2024-2025.<\/strong><\/p>\n<p><!--more--><\/p>\n<p>A Torla dans la commune de Garango, le ministre a visit\u00e9 un bas-fond rizicole de 20 ha, exploit\u00e9 par l\u2019organisation paysanne SCOOP YADEMA regroupant 118 exploitants compos\u00e9s de 108 femmes et de 10 hommes. <em><strong>\u00ab Sur cette exploitation, la physionomie du riz se pr\u00e9sente bien et est au stade de floraison. Le rendement moyen attendu est de 3 \u00e0 4 tonnes de riz \u00e0 l&rsquo;hectare \u00bb, <\/strong><\/em>selon Germain Aim\u00e9 Traor\u00e9, directeur provincial de l&rsquo;Agriculture, des ressources animales et halieutiques du Boulgou.\u00a0<\/p>\n<p>Au regard du travail abattu par cette organisation paysanne, le ministre Isma\u00ebl Sombi\u00e9 n\u2019a pas cach\u00e9 sa joie et lui a adress\u00e9 ses f\u00e9licitations et encouragements. Il a \u00e9galement \u00e9mis le souhait de voir l\u2019organisation SCOOP YADEMA \u00e9tendre la superficie de son champ d\u2019exploitation afin de participer \u00e0 l&rsquo;atteinte des objectifs de l&rsquo;offensive agro-sylvo pastorale 2023-2025.<\/p>\n<figure id=\"attachment_15797\" aria-describedby=\"caption-attachment-15797\" style=\"width: 720px\" class=\"wp-caption aligncenter\"><a href=\"https:\/\/www.latribunedufaso.net\/wp-content\/uploads\/2024\/09\/FB_IMG_1726524047419.jpg\"><img loading=\"lazy\" decoding=\"async\" class=\"size-full wp-image-15797\" src=\"https:\/\/www.latribunedufaso.net\/wp-content\/uploads\/2024\/09\/FB_IMG_1726524047419.jpg\" alt=\"Le ministre en charge de l'Agriculture a effectu\u00e9 une visite des exploitations agricoles dans la r\u00e9gion du Centre-Est, 11 au 13 septembre 2024\" width=\"720\" height=\"405\" srcset=\"https:\/\/www.latribunedufaso.net\/wp-content\/uploads\/2024\/09\/FB_IMG_1726524047419.jpg 720w, https:\/\/www.latribunedufaso.net\/wp-content\/uploads\/2024\/09\/FB_IMG_1726524047419-300x169.jpg 300w\" sizes=\"auto, (max-width: 720px) 100vw, 720px\" \/><\/a><figcaption id=\"caption-attachment-15797\" class=\"wp-caption-text\">Le ministre en charge de l&rsquo;Agriculture, Isma\u00ebl Sombi\u00e9 a visit\u00e9 les exploitations agricoles de Torla dans la commune de Garango ainsi que de Tembella et de Yitenga dans la commune de Koup\u00e9la &#8211; Ph. SIG<\/figcaption><\/figure>\n<p>Apr\u00e8s la province du Boulgou, le ministre en charge de l\u2019Agriculture et sont \u00e9quipe se sont rendus \u00e0 Tambella, localit\u00e9 de la commune de Koup\u00e9la, dans le Kouritenga. La mission a constat\u00e9 l\u2019engagement du personnel de la direction provinciale de l&rsquo;agriculture, des ressources animales et halieutiques du Kouritenga pour la mise en \u0153uvre d\u2019un champ institutionnel d\u2019une superficie de 32 ha dont 21,5 ha am\u00e9nag\u00e9s dans le cadre de l&rsquo;offensive agro-sylvo pastorale. Sur ces am\u00e9nagements, 17 ha sont consacr\u00e9s \u00e0 la production de ma\u00efs et le reste pour les arachides et le ni\u00e9b\u00e9. Le rendement moyen attendu est de trois (03) tonnes \u00e0 l&rsquo;hectare pour le ma\u00efs. Au regard de l&rsquo;\u00e9tat physiologique des diff\u00e9rentes cultures, les rendements seront au-del\u00e0 des attentes, \u00e0 \u00e9couter le directeur provincial de l&rsquo;Agriculture, des ressources animales et halieutiques du Kouritenga, Bernard Sawadogo.<\/p>\n<blockquote>\n<p>Lire aussi &gt;&gt; <a href=\"https:\/\/www.latribunedufaso.net\/?p=15722\">Changements climatiques : La CPF \u00e9change sur son impact sur l\u2019Offensive agropastorale et halieutique<\/a><\/p>\n<\/blockquote>\n<p>La plaine rizicole de 48 ha \u00e0 Yitenga dans la commune de Koup\u00e9la a fait l\u2019objet de visite du ministre en charge de l\u2019Agriculture. A ce niveau, la physionomie des cultures se pr\u00e9sente bien. De mani\u00e8re g\u00e9n\u00e9rale, dans la r\u00e9gion du Centre-Est, la campagne agricole humide se d\u00e9roule bien. Selon Germain Aim\u00e9 Traor\u00e9, l\u2019\u00e9volution de la campagne est acceptable et presage de bonnes r\u00e9coltes.\u00a0<\/p>\n<figure id=\"attachment_15798\" aria-describedby=\"caption-attachment-15798\" style=\"width: 720px\" class=\"wp-caption aligncenter\"><a href=\"https:\/\/www.latribunedufaso.net\/wp-content\/uploads\/2024\/09\/FB_IMG_1726524151472.jpg\"><img loading=\"lazy\" decoding=\"async\" class=\"size-full wp-image-15798\" src=\"https:\/\/www.latribunedufaso.net\/wp-content\/uploads\/2024\/09\/FB_IMG_1726524151472.jpg\" alt=\"Le ministre en charge de l'Agriculture a effectu\u00e9 une visite des exploitations agricoles dans la r\u00e9gion du Centre-Est, 11 au 13 septembre 2024\" width=\"720\" height=\"405\" srcset=\"https:\/\/www.latribunedufaso.net\/wp-content\/uploads\/2024\/09\/FB_IMG_1726524151472.jpg 720w, https:\/\/www.latribunedufaso.net\/wp-content\/uploads\/2024\/09\/FB_IMG_1726524151472-300x169.jpg 300w\" sizes=\"auto, (max-width: 720px) 100vw, 720px\" \/><\/a><figcaption id=\"caption-attachment-15798\" class=\"wp-caption-text\">Au regard de l&rsquo;\u00e9tat physiologique des diff\u00e9rentes cultures, les rendements seront au-del\u00e0 des attentes &#8211; Ph. SIG<\/figcaption><\/figure>\n<p>L&rsquo;Etat a investi pour la pr\u00e9sente campagne d\u2019\u00e9normes moyens afin de soutenir les acteurs de la cha\u00eene agricole. Pour le ministre de l\u2019Agriculture, des Ressources animales et halieutiques, il \u00e9tait n\u00e9cessaire de visiter ces diff\u00e9rentes exploitations pour savoir le niveau d\u2019engagement des producteurs suite \u00e0 l\u2019appel du chef de l\u2019Etat pour l&rsquo;atteinte de la souverainet\u00e9 alimentaire. <em><strong>\u00ab Cette tourn\u00e9e nous a rassur\u00e9s quant \u00e0 l\u2019appropriation du message du pr\u00e9sident du Faso par les producteurs \u00bb,<\/strong><\/em> a laiss\u00e9 entendre le ministre.<\/p>\n<p style=\"text-align: left;\"><em><strong>\u00ab Le front de la lutte pour la souverainet\u00e9 alimentaire doit se mener avec la m\u00eame ardeur et la m\u00eame d\u00e9termination que le front de la lutte contre le terrorisme \u00bb<\/strong><\/em>, a-t-il rench\u00e9ri.\u00a0<\/p>\n<blockquote>\n<p>Lire aussi &gt;&gt; <a href=\"https:\/\/www.latribunedufaso.net\/?p=9018\">Burkina\/Autosuffisance alimentaire : Le minist\u00e8re en charge de l\u2019Agriculture pr\u00e9sente le plan \u00ab Offensive agropastoral et halieutique 2023-2025 \u00bb\u00a0<\/a><\/p>\n<\/blockquote>\n<p>Notons que pour la campagne humide 2024-2025, un accroissement pr\u00e9visionnel de 25% \u00e0 30% de la production nationale de toutes les sp\u00e9culations confondues est attendu.<\/p>\n<p><strong>Latribunedufaso.net\u00a0<\/strong><\/p>\n<p><strong>Source : SIG<\/strong><\/p>\n","protected":false},"excerpt":{"rendered":"<p>Le ministre de l&rsquo;Agriculture, des Ressources animales et halieutiques, Isma\u00ebl Sombi\u00e9 a effectu\u00e9, du 11 au 13 septembre 2024, une visite des exploitations agricoles de Torla dans la commune de Garango ainsi que de Tembella et de Yitenga dans la commune de Koup\u00e9la (r\u00e9gion du Centre-Est). L&rsquo;objectif de la mission \u00e9tait d&rsquo;appr\u00e9cier l&rsquo;\u00e9volution de la campagne agricole humide 2024-2025.<\/p>\n","protected":false},"author":5,"featured_media":15796,"comment_status":"open","ping_status":"open","sticky":false,"template":"","format":"standard","meta":{"footnotes":""},"categories":[13,1,3],"tags":[152,39,195],"class_list":["post-15795","post","type-post","status-publish","format-standard","has-post-thumbnail","hentry","category-une","category-actu","category-agri","tag-agriculture","tag-latribunedufaso-net","tag-offensive-agrosylvopastorale-et-halieutique"],"yoast_head":"<!-- This site is optimized with the Yoast SEO plugin v27.5 - https:\/\/yoast.com\/product\/yoast-seo-wordpress\/ -->\n<title>Campagne agricole 2024-2025 : Le ministre Isma\u00ebl Sombi\u00e9 dans le Centre-Est\u00a0 - La Tribune du Faso<\/title>\n<meta name=\"robots\" content=\"index, follow, max-snippet:-1, max-image-preview:large, max-video-preview:-1\" \/>\n<link rel=\"canonical\" href=\"https:\/\/www.latribunedufaso.net\/?p=15795\" \/>\n<meta property=\"og:locale\" content=\"fr_FR\" \/>\n<meta property=\"og:type\" content=\"article\" \/>\n<meta property=\"og:title\" content=\"Campagne agricole 2024-2025 : Le ministre Isma\u00ebl Sombi\u00e9 dans le Centre-Est\u00a0 - La Tribune du Faso\" \/>\n<meta property=\"og:description\" content=\"Le ministre de l&rsquo;Agriculture, des Ressources animales et halieutiques, Isma\u00ebl Sombi\u00e9 a effectu\u00e9, du 11 au 13 septembre 2024, une visite des exploitations agricoles de Torla dans la commune de Garango ainsi que de Tembella et de Yitenga dans la commune de Koup\u00e9la (r\u00e9gion du Centre-Est). L&rsquo;objectif de la mission \u00e9tait d&rsquo;appr\u00e9cier l&rsquo;\u00e9volution de la campagne agricole humide 2024-2025.\" \/>\n<meta property=\"og:url\" content=\"https:\/\/www.latribunedufaso.net\/?p=15795\" \/>\n<meta property=\"og:site_name\" content=\"La Tribune du Faso\" \/>\n<meta property=\"article:publisher\" content=\"https:\/\/www.facebook.com\/LatribuneduFaso\/\" \/>\n<meta property=\"article:published_time\" content=\"2024-09-16T22:18:19+00:00\" \/>\n<meta property=\"article:modified_time\" content=\"2024-09-16T22:19:33+00:00\" \/>\n<meta property=\"og:image\" content=\"https:\/\/www.latribunedufaso.net\/wp-content\/uploads\/2024\/09\/FB_IMG_1726524082925.jpg\" \/>\n\t<meta property=\"og:image:width\" content=\"720\" \/>\n\t<meta property=\"og:image:height\" content=\"405\" \/>\n\t<meta property=\"og:image:type\" content=\"image\/jpeg\" \/>\n<meta name=\"author\" content=\"Issouf Tapsoba\" \/>\n<meta name=\"twitter:label1\" content=\"\u00c9crit par\" \/>\n\t<meta name=\"twitter:data1\" content=\"Issouf Tapsoba\" \/>\n\t<meta name=\"twitter:label2\" content=\"Dur\u00e9e de lecture estim\u00e9e\" \/>\n\t<meta name=\"twitter:data2\" content=\"3 minutes\" \/>\n<script type=\"application\/ld+json\" class=\"yoast-schema-graph\">{\"@context\":\"https:\\\/\\\/schema.org\",\"@graph\":[{\"@type\":\"Article\",\"@id\":\"https:\\\/\\\/www.latribunedufaso.net\\\/?p=15795#article\",\"isPartOf\":{\"@id\":\"https:\\\/\\\/www.latribunedufaso.net\\\/?p=15795\"},\"author\":{\"name\":\"Issouf Tapsoba\",\"@id\":\"https:\\\/\\\/www.latribunedufaso.net\\\/#\\\/schema\\\/person\\\/e54e64c5778a7e72cf80a318b7a622b0\"},\"headline\":\"Campagne agricole 2024-2025 : Le ministre Isma\u00ebl Sombi\u00e9 dans le Centre-Est\u00a0\",\"datePublished\":\"2024-09-16T22:18:19+00:00\",\"dateModified\":\"2024-09-16T22:19:33+00:00\",\"mainEntityOfPage\":{\"@id\":\"https:\\\/\\\/www.latribunedufaso.net\\\/?p=15795\"},\"wordCount\":701,\"commentCount\":0,\"publisher\":{\"@id\":\"https:\\\/\\\/www.latribunedufaso.net\\\/#organization\"},\"image\":{\"@id\":\"https:\\\/\\\/www.latribunedufaso.net\\\/?p=15795#primaryimage\"},\"thumbnailUrl\":\"https:\\\/\\\/www.latribunedufaso.net\\\/wp-content\\\/uploads\\\/2024\\\/09\\\/FB_IMG_1726524082925.jpg\",\"keywords\":[\"agriculture\",\"latribunedufaso.net\",\"Offensive agrosylvopastorale et halieutique\"],\"articleSection\":[\"A la une\",\"Actualit\u00e9\",\"Agriculture\"],\"inLanguage\":\"fr-FR\",\"potentialAction\":[{\"@type\":\"CommentAction\",\"name\":\"Comment\",\"target\":[\"https:\\\/\\\/www.latribunedufaso.net\\\/?p=15795#respond\"]}]},{\"@type\":\"WebPage\",\"@id\":\"https:\\\/\\\/www.latribunedufaso.net\\\/?p=15795\",\"url\":\"https:\\\/\\\/www.latribunedufaso.net\\\/?p=15795\",\"name\":\"Campagne agricole 2024-2025 : Le ministre Isma\u00ebl Sombi\u00e9 dans le Centre-Est\u00a0 - La Tribune du Faso\",\"isPartOf\":{\"@id\":\"https:\\\/\\\/www.latribunedufaso.net\\\/#website\"},\"primaryImageOfPage\":{\"@id\":\"https:\\\/\\\/www.latribunedufaso.net\\\/?p=15795#primaryimage\"},\"image\":{\"@id\":\"https:\\\/\\\/www.latribunedufaso.net\\\/?p=15795#primaryimage\"},\"thumbnailUrl\":\"https:\\\/\\\/www.latribunedufaso.net\\\/wp-content\\\/uploads\\\/2024\\\/09\\\/FB_IMG_1726524082925.jpg\",\"datePublished\":\"2024-09-16T22:18:19+00:00\",\"dateModified\":\"2024-09-16T22:19:33+00:00\",\"breadcrumb\":{\"@id\":\"https:\\\/\\\/www.latribunedufaso.net\\\/?p=15795#breadcrumb\"},\"inLanguage\":\"fr-FR\",\"potentialAction\":[{\"@type\":\"ReadAction\",\"target\":[\"https:\\\/\\\/www.latribunedufaso.net\\\/?p=15795\"]}]},{\"@type\":\"ImageObject\",\"inLanguage\":\"fr-FR\",\"@id\":\"https:\\\/\\\/www.latribunedufaso.net\\\/?p=15795#primaryimage\",\"url\":\"https:\\\/\\\/www.latribunedufaso.net\\\/wp-content\\\/uploads\\\/2024\\\/09\\\/FB_IMG_1726524082925.jpg\",\"contentUrl\":\"https:\\\/\\\/www.latribunedufaso.net\\\/wp-content\\\/uploads\\\/2024\\\/09\\\/FB_IMG_1726524082925.jpg\",\"width\":720,\"height\":405,\"caption\":\"Le ministre en charge de l'Agriculture a effectu\u00e9 une visite des exploitations agricoles dans la r\u00e9gion du Centre-Est, 11 au 13 septembre 2024\"},{\"@type\":\"BreadcrumbList\",\"@id\":\"https:\\\/\\\/www.latribunedufaso.net\\\/?p=15795#breadcrumb\",\"itemListElement\":[{\"@type\":\"ListItem\",\"position\":1,\"name\":\"Accueil\",\"item\":\"https:\\\/\\\/www.latribunedufaso.net\\\/\"},{\"@type\":\"ListItem\",\"position\":2,\"name\":\"Campagne agricole 2024-2025 : Le ministre Isma\u00ebl Sombi\u00e9 dans le Centre-Est\u00a0\"}]},{\"@type\":\"WebSite\",\"@id\":\"https:\\\/\\\/www.latribunedufaso.net\\\/#website\",\"url\":\"https:\\\/\\\/www.latribunedufaso.net\\\/\",\"name\":\"La Tribune du Faso\",\"description\":\"L&#039;information du monde rural en un clic\",\"publisher\":{\"@id\":\"https:\\\/\\\/www.latribunedufaso.net\\\/#organization\"},\"potentialAction\":[{\"@type\":\"SearchAction\",\"target\":{\"@type\":\"EntryPoint\",\"urlTemplate\":\"https:\\\/\\\/www.latribunedufaso.net\\\/?s={search_term_string}\"},\"query-input\":{\"@type\":\"PropertyValueSpecification\",\"valueRequired\":true,\"valueName\":\"search_term_string\"}}],\"inLanguage\":\"fr-FR\"},{\"@type\":\"Organization\",\"@id\":\"https:\\\/\\\/www.latribunedufaso.net\\\/#organization\",\"name\":\"La Tribune du Faso\",\"url\":\"https:\\\/\\\/www.latribunedufaso.net\\\/\",\"logo\":{\"@type\":\"ImageObject\",\"inLanguage\":\"fr-FR\",\"@id\":\"https:\\\/\\\/www.latribunedufaso.net\\\/#\\\/schema\\\/logo\\\/image\\\/\",\"url\":\"https:\\\/\\\/www.latribunedufaso.net\\\/wp-content\\\/uploads\\\/2020\\\/08\\\/Logo-Tribune-du-Faso-final-scaled.jpg\",\"contentUrl\":\"https:\\\/\\\/www.latribunedufaso.net\\\/wp-content\\\/uploads\\\/2020\\\/08\\\/Logo-Tribune-du-Faso-final-scaled.jpg\",\"width\":2560,\"height\":1856,\"caption\":\"La Tribune du Faso\"},\"image\":{\"@id\":\"https:\\\/\\\/www.latribunedufaso.net\\\/#\\\/schema\\\/logo\\\/image\\\/\"},\"sameAs\":[\"https:\\\/\\\/www.facebook.com\\\/LatribuneduFaso\\\/\"]},{\"@type\":\"Person\",\"@id\":\"https:\\\/\\\/www.latribunedufaso.net\\\/#\\\/schema\\\/person\\\/e54e64c5778a7e72cf80a318b7a622b0\",\"name\":\"Issouf Tapsoba\",\"image\":{\"@type\":\"ImageObject\",\"inLanguage\":\"fr-FR\",\"@id\":\"https:\\\/\\\/secure.gravatar.com\\\/avatar\\\/5e6c05150ce3230247d167f5b94d678eb05936197436d69b7921e3a95c9107ac?s=96&d=mm&r=g\",\"url\":\"https:\\\/\\\/secure.gravatar.com\\\/avatar\\\/5e6c05150ce3230247d167f5b94d678eb05936197436d69b7921e3a95c9107ac?s=96&d=mm&r=g\",\"contentUrl\":\"https:\\\/\\\/secure.gravatar.com\\\/avatar\\\/5e6c05150ce3230247d167f5b94d678eb05936197436d69b7921e3a95c9107ac?s=96&d=mm&r=g\",\"caption\":\"Issouf Tapsoba\"},\"url\":\"https:\\\/\\\/www.latribunedufaso.net\\\/?author=5\"}]}<\/script>\n<!-- \/ Yoast SEO plugin. -->","yoast_head_json":{"title":"Campagne agricole 2024-2025 : Le ministre Isma\u00ebl Sombi\u00e9 dans le Centre-Est\u00a0 - La Tribune du Faso","robots":{"index":"index","follow":"follow","max-snippet":"max-snippet:-1","max-image-preview":"max-image-preview:large","max-video-preview":"max-video-preview:-1"},"canonical":"https:\/\/www.latribunedufaso.net\/?p=15795","og_locale":"fr_FR","og_type":"article","og_title":"Campagne agricole 2024-2025 : Le ministre Isma\u00ebl Sombi\u00e9 dans le Centre-Est\u00a0 - La Tribune du Faso","og_description":"Le ministre de l&rsquo;Agriculture, des Ressources animales et halieutiques, Isma\u00ebl Sombi\u00e9 a effectu\u00e9, du 11 au 13 septembre 2024, une visite des exploitations agricoles de Torla dans la commune de Garango ainsi que de Tembella et de Yitenga dans la commune de Koup\u00e9la (r\u00e9gion du Centre-Est). L&rsquo;objectif de la mission \u00e9tait d&rsquo;appr\u00e9cier l&rsquo;\u00e9volution de la campagne agricole humide 2024-2025.","og_url":"https:\/\/www.latribunedufaso.net\/?p=15795","og_site_name":"La Tribune du Faso","article_publisher":"https:\/\/www.facebook.com\/LatribuneduFaso\/","article_published_time":"2024-09-16T22:18:19+00:00","article_modified_time":"2024-09-16T22:19:33+00:00","og_image":[{"width":720,"height":405,"url":"https:\/\/www.latribunedufaso.net\/wp-content\/uploads\/2024\/09\/FB_IMG_1726524082925.jpg","type":"image\/jpeg"}],"author":"Issouf Tapsoba","twitter_misc":{"\u00c9crit par":"Issouf Tapsoba","Dur\u00e9e de lecture estim\u00e9e":"3 minutes"},"schema":{"@context":"https:\/\/schema.org","@graph":[{"@type":"Article","@id":"https:\/\/www.latribunedufaso.net\/?p=15795#article","isPartOf":{"@id":"https:\/\/www.latribunedufaso.net\/?p=15795"},"author":{"name":"Issouf Tapsoba","@id":"https:\/\/www.latribunedufaso.net\/#\/schema\/person\/e54e64c5778a7e72cf80a318b7a622b0"},"headline":"Campagne agricole 2024-2025 : Le ministre Isma\u00ebl Sombi\u00e9 dans le Centre-Est\u00a0","datePublished":"2024-09-16T22:18:19+00:00","dateModified":"2024-09-16T22:19:33+00:00","mainEntityOfPage":{"@id":"https:\/\/www.latribunedufaso.net\/?p=15795"},"wordCount":701,"commentCount":0,"publisher":{"@id":"https:\/\/www.latribunedufaso.net\/#organization"},"image":{"@id":"https:\/\/www.latribunedufaso.net\/?p=15795#primaryimage"},"thumbnailUrl":"https:\/\/www.latribunedufaso.net\/wp-content\/uploads\/2024\/09\/FB_IMG_1726524082925.jpg","keywords":["agriculture","latribunedufaso.net","Offensive agrosylvopastorale et halieutique"],"articleSection":["A la une","Actualit\u00e9","Agriculture"],"inLanguage":"fr-FR","potentialAction":[{"@type":"CommentAction","name":"Comment","target":["https:\/\/www.latribunedufaso.net\/?p=15795#respond"]}]},{"@type":"WebPage","@id":"https:\/\/www.latribunedufaso.net\/?p=15795","url":"https:\/\/www.latribunedufaso.net\/?p=15795","name":"Campagne agricole 2024-2025 : Le ministre Isma\u00ebl Sombi\u00e9 dans le Centre-Est\u00a0 - La Tribune du Faso","isPartOf":{"@id":"https:\/\/www.latribunedufaso.net\/#website"},"primaryImageOfPage":{"@id":"https:\/\/www.latribunedufaso.net\/?p=15795#primaryimage"},"image":{"@id":"https:\/\/www.latribunedufaso.net\/?p=15795#primaryimage"},"thumbnailUrl":"https:\/\/www.latribunedufaso.net\/wp-content\/uploads\/2024\/09\/FB_IMG_1726524082925.jpg","datePublished":"2024-09-16T22:18:19+00:00","dateModified":"2024-09-16T22:19:33+00:00","breadcrumb":{"@id":"https:\/\/www.latribunedufaso.net\/?p=15795#breadcrumb"},"inLanguage":"fr-FR","potentialAction":[{"@type":"ReadAction","target":["https:\/\/www.latribunedufaso.net\/?p=15795"]}]},{"@type":"ImageObject","inLanguage":"fr-FR","@id":"https:\/\/www.latribunedufaso.net\/?p=15795#primaryimage","url":"https:\/\/www.latribunedufaso.net\/wp-content\/uploads\/2024\/09\/FB_IMG_1726524082925.jpg","contentUrl":"https:\/\/www.latribunedufaso.net\/wp-content\/uploads\/2024\/09\/FB_IMG_1726524082925.jpg","width":720,"height":405,"caption":"Le ministre en charge de l'Agriculture a effectu\u00e9 une visite des exploitations agricoles dans la r\u00e9gion du Centre-Est, 11 au 13 septembre 2024"},{"@type":"BreadcrumbList","@id":"https:\/\/www.latribunedufaso.net\/?p=15795#breadcrumb","itemListElement":[{"@type":"ListItem","position":1,"name":"Accueil","item":"https:\/\/www.latribunedufaso.net\/"},{"@type":"ListItem","position":2,"name":"Campagne agricole 2024-2025 : Le ministre Isma\u00ebl Sombi\u00e9 dans le Centre-Est\u00a0"}]},{"@type":"WebSite","@id":"https:\/\/www.latribunedufaso.net\/#website","url":"https:\/\/www.latribunedufaso.net\/","name":"La Tribune du Faso","description":"L&#039;information du monde rural en un clic","publisher":{"@id":"https:\/\/www.latribunedufaso.net\/#organization"},"potentialAction":[{"@type":"SearchAction","target":{"@type":"EntryPoint","urlTemplate":"https:\/\/www.latribunedufaso.net\/?s={search_term_string}"},"query-input":{"@type":"PropertyValueSpecification","valueRequired":true,"valueName":"search_term_string"}}],"inLanguage":"fr-FR"},{"@type":"Organization","@id":"https:\/\/www.latribunedufaso.net\/#organization","name":"La Tribune du Faso","url":"https:\/\/www.latribunedufaso.net\/","logo":{"@type":"ImageObject","inLanguage":"fr-FR","@id":"https:\/\/www.latribunedufaso.net\/#\/schema\/logo\/image\/","url":"https:\/\/www.latribunedufaso.net\/wp-content\/uploads\/2020\/08\/Logo-Tribune-du-Faso-final-scaled.jpg","contentUrl":"https:\/\/www.latribunedufaso.net\/wp-content\/uploads\/2020\/08\/Logo-Tribune-du-Faso-final-scaled.jpg","width":2560,"height":1856,"caption":"La Tribune du Faso"},"image":{"@id":"https:\/\/www.latribunedufaso.net\/#\/schema\/logo\/image\/"},"sameAs":["https:\/\/www.facebook.com\/LatribuneduFaso\/"]},{"@type":"Person","@id":"https:\/\/www.latribunedufaso.net\/#\/schema\/person\/e54e64c5778a7e72cf80a318b7a622b0","name":"Issouf Tapsoba","image":{"@type":"ImageObject","inLanguage":"fr-FR","@id":"https:\/\/secure.gravatar.com\/avatar\/5e6c05150ce3230247d167f5b94d678eb05936197436d69b7921e3a95c9107ac?s=96&d=mm&r=g","url":"https:\/\/secure.gravatar.com\/avatar\/5e6c05150ce3230247d167f5b94d678eb05936197436d69b7921e3a95c9107ac?s=96&d=mm&r=g","contentUrl":"https:\/\/secure.gravatar.com\/avatar\/5e6c05150ce3230247d167f5b94d678eb05936197436d69b7921e3a95c9107ac?s=96&d=mm&r=g","caption":"Issouf Tapsoba"},"url":"https:\/\/www.latribunedufaso.net\/?author=5"}]}},"_links":{"self":[{"href":"https:\/\/www.latribunedufaso.net\/index.php?rest_route=\/wp\/v2\/posts\/15795","targetHints":{"allow":["GET"]}}],"collection":[{"href":"https:\/\/www.latribunedufaso.net\/index.php?rest_route=\/wp\/v2\/posts"}],"about":[{"href":"https:\/\/www.latribunedufaso.net\/index.php?rest_route=\/wp\/v2\/types\/post"}],"author":[{"embeddable":true,"href":"https:\/\/www.latribunedufaso.net\/index.php?rest_route=\/wp\/v2\/users\/5"}],"replies":[{"embeddable":true,"href":"https:\/\/www.latribunedufaso.net\/index.php?rest_route=%2Fwp%2Fv2%2Fcomments&post=15795"}],"version-history":[{"count":3,"href":"https:\/\/www.latribunedufaso.net\/index.php?rest_route=\/wp\/v2\/posts\/15795\/revisions"}],"predecessor-version":[{"id":15801,"href":"https:\/\/www.latribunedufaso.net\/index.php?rest_route=\/wp\/v2\/posts\/15795\/revisions\/15801"}],"wp:featuredmedia":[{"embeddable":true,"href":"https:\/\/www.latribunedufaso.net\/index.php?rest_route=\/wp\/v2\/media\/15796"}],"wp:attachment":[{"href":"https:\/\/www.latribunedufaso.net\/index.php?rest_route=%2Fwp%2Fv2%2Fmedia&parent=15795"}],"wp:term":[{"taxonomy":"category","embeddable":true,"href":"https:\/\/www.latribunedufaso.net\/index.php?rest_route=%2Fwp%2Fv2%2Fcategories&post=15795"},{"taxonomy":"post_tag","embeddable":true,"href":"https:\/\/www.latribunedufaso.net\/index.php?rest_route=%2Fwp%2Fv2%2Ftags&post=15795"}],"curies":[{"name":"wp","href":"https:\/\/api.w.org\/{rel}","templated":true}]}}