{"id":15780,"date":"2024-09-15T08:31:02","date_gmt":"2024-09-15T08:31:02","guid":{"rendered":"https:\/\/www.latribunedufaso.net\/?p=15780"},"modified":"2024-09-14T22:56:38","modified_gmt":"2024-09-14T22:56:38","slug":"gestion-durable-des-evenements-et-espaces-sportifs-jas-afrique-pose-le-debat","status":"publish","type":"post","link":"https:\/\/www.latribunedufaso.net\/?p=15780","title":{"rendered":"Gestion durable des \u00e9v\u00e8nements et espaces sportifs : JAS-Afrique pose le d\u00e9bat\u00a0"},"content":{"rendered":"<p><strong><span style=\"font-size: 1.0625rem;\">L&rsquo;Association Jeunesse Action et Solidarit\u00e9 en Afrique (JAS-Afrique) a organis\u00e9, ce 14 septembre 2024 \u00e0 Ouagadougou, une conf\u00e9rence sportive sur le th\u00e8me :<em> \u00ab La gestion durable des \u00e9v\u00e8nements sportifs : Perspectives internationales et locales \u00bb.<\/em><\/span><\/strong><br \/><!--more--><\/p>\n<p>Le sport est un facteur de paix et de coh\u00e9sion sociale. Sa professionnalisation est confront\u00e9 a beaucoup de probl\u00e8mes au Burkina Faso. Il s&rsquo;agit, notamment, de la gestion durable des espaces r\u00e9serv\u00e9s pour cela. Afin de susciter des r\u00e9flexions sur la question, JAS-Afrique a organis\u00e9 une conf\u00e9rence sportive le 14 septembre 2024 \u00e0 Ouagadougou.\u00a0<\/p>\n<blockquote>\n<p>Lire aussi &gt;&gt; <a href=\"https:\/\/www.latribunedufaso.net\/?p=14674\">Sport pour tous : Le minist\u00e8re de la Fonction Publique tient sa premi\u00e8re s\u00e9ance<\/a><\/p>\n<\/blockquote>\n<p>Elle s&rsquo;est d\u00e9roul\u00e9e \u00e0 travers 3 axes principaux, selon le pr\u00e9sident de JAS-Afrique, Amadou Sawadogo. Il s&rsquo;agit de<em><strong> \u00ab Sport : Institutions et D\u00e9veloppement \u00bb<\/strong><\/em>, qui a permis d&rsquo;explorer le r\u00f4le des institutions dans la promotion du sport comme vecteur de d\u00e9veloppement.\u00a0<\/p>\n<p>Le point sur le <em><strong>\u00ab Syst\u00e8me de management responsable des \u00e9v\u00e8nements sportifs et des loisirs \u00bb<\/strong><\/em>, a permis de r\u00e9fl\u00e9chir sur une meilleure gestion des \u00e9v\u00e8nements sportifs de mani\u00e8re \u00e9thique et responsable. Le dernier th\u00e8me de la pr\u00e9sente rencontre a port\u00e9 sur la <em><strong>\u00ab Pr\u00e9servation des espaces de sports et de loisirs dans les communes urbaines \u00bb.<\/strong><\/em>\u00a0<\/p>\n<figure id=\"attachment_15782\" aria-describedby=\"caption-attachment-15782\" style=\"width: 2560px\" class=\"wp-caption aligncenter\"><a href=\"https:\/\/www.latribunedufaso.net\/wp-content\/uploads\/2024\/09\/IMG_20240914_095619_592-scaled.jpg\"><img loading=\"lazy\" decoding=\"async\" class=\"size-full wp-image-15782\" src=\"https:\/\/www.latribunedufaso.net\/wp-content\/uploads\/2024\/09\/IMG_20240914_095619_592-scaled.jpg\" alt=\"Le repr\u00e9sentant du DG du Fonds national pour la promotion du sport et des loisirs, Sylvain Zingu\u00e9 lors de la conf\u00e9rence sportive du JAS-Afrique, 14 septembre 2024\" width=\"2560\" height=\"1920\" srcset=\"https:\/\/www.latribunedufaso.net\/wp-content\/uploads\/2024\/09\/IMG_20240914_095619_592-scaled.jpg 2560w, https:\/\/www.latribunedufaso.net\/wp-content\/uploads\/2024\/09\/IMG_20240914_095619_592-300x225.jpg 300w, https:\/\/www.latribunedufaso.net\/wp-content\/uploads\/2024\/09\/IMG_20240914_095619_592-1024x768.jpg 1024w, https:\/\/www.latribunedufaso.net\/wp-content\/uploads\/2024\/09\/IMG_20240914_095619_592-768x576.jpg 768w, https:\/\/www.latribunedufaso.net\/wp-content\/uploads\/2024\/09\/IMG_20240914_095619_592-1536x1152.jpg 1536w, https:\/\/www.latribunedufaso.net\/wp-content\/uploads\/2024\/09\/IMG_20240914_095619_592-2048x1536.jpg 2048w\" sizes=\"auto, (max-width: 2560px) 100vw, 2560px\" \/><\/a><figcaption id=\"caption-attachment-15782\" class=\"wp-caption-text\">Le repr\u00e9sentant du DG du FNPSL, Sylvain Zingu\u00e9 &#8211; Ph. I. Tapsoba<\/figcaption><\/figure>\n<p>La conf\u00e9rence est plac\u00e9e sous le parrainage du Directeur g\u00e9n\u00e9ral du Fonds national pour la promotion du sport et des loisirs (FNPSL), Karim Souabo. Il est repr\u00e9sent\u00e9 par Sylvain Zingu\u00e9. <em><strong>\u00ab En accompagnant cette conf\u00e9rence, le DG voudrait s&rsquo;engager dans la professionnalisation des \u00e9v\u00e8nements et des espaces d\u00e9di\u00e9s au sport et aux loisirs \u00bb<\/strong><\/em>, a-t-il indiqu\u00e9 au nom du DG du FNPSL.<\/p>\n<figure id=\"attachment_15784\" aria-describedby=\"caption-attachment-15784\" style=\"width: 2560px\" class=\"wp-caption aligncenter\"><a href=\"https:\/\/www.latribunedufaso.net\/wp-content\/uploads\/2024\/09\/IMG_20240914_094402_277-scaled.jpg\"><img loading=\"lazy\" decoding=\"async\" class=\"size-full wp-image-15784\" src=\"https:\/\/www.latribunedufaso.net\/wp-content\/uploads\/2024\/09\/IMG_20240914_094402_277-scaled.jpg\" alt=\"Les acteurs sportifs lors de la conf\u00e9rence de JAS-Afrique, 14 septembre 2024\" width=\"2560\" height=\"1920\" srcset=\"https:\/\/www.latribunedufaso.net\/wp-content\/uploads\/2024\/09\/IMG_20240914_094402_277-scaled.jpg 2560w, https:\/\/www.latribunedufaso.net\/wp-content\/uploads\/2024\/09\/IMG_20240914_094402_277-300x225.jpg 300w, https:\/\/www.latribunedufaso.net\/wp-content\/uploads\/2024\/09\/IMG_20240914_094402_277-1024x768.jpg 1024w, https:\/\/www.latribunedufaso.net\/wp-content\/uploads\/2024\/09\/IMG_20240914_094402_277-768x576.jpg 768w, https:\/\/www.latribunedufaso.net\/wp-content\/uploads\/2024\/09\/IMG_20240914_094402_277-1536x1152.jpg 1536w, https:\/\/www.latribunedufaso.net\/wp-content\/uploads\/2024\/09\/IMG_20240914_094402_277-2048x1536.jpg 2048w\" sizes=\"auto, (max-width: 2560px) 100vw, 2560px\" \/><\/a><figcaption id=\"caption-attachment-15784\" class=\"wp-caption-text\">Les acteurs sportifs de la ville de Ouagadougou ont r\u00e9fl\u00e9chi sur la gestion durable des \u00e9v\u00e8nements et espaces sportifs &#8211; Ph. I. Tapsoba<\/figcaption><\/figure>\n<p>Cette initiative a connu la participation des acteurs sportifs de la ville de Ouagadougou. Il s&rsquo;agit, notamment, des responsables de clubs, de ligues et des promoteurs d&rsquo;\u00e9v\u00e9nements sportifs.<\/p>\n<blockquote>\n<p>Lire aussi &gt;&gt; <a href=\"https:\/\/www.latribunedufaso.net\/?p=8896\">Sport : le Gouvernement de la Transition envisage la r\u00e9habilitation de plusieurs stades<\/a><\/p>\n<\/blockquote>\n<p>La conf\u00e9rence s&rsquo;est tenue sous le patronage du pr\u00e9sident de l&rsquo;association vitrine des m\u00e9tiers du sport, Dr. Boukary Sawadogo. A l&rsquo;\u00e9couter, le Burkina Faso fait face \u00e0 un probl\u00e8me d&rsquo;infrastructures sportives. Les conclusions de ces \u00e9changes vont permettre d&rsquo;orienter les autorit\u00e9s dans leur prise de d\u00e9cision.<\/p>\n<figure id=\"attachment_15787\" aria-describedby=\"caption-attachment-15787\" style=\"width: 2560px\" class=\"wp-caption aligncenter\"><a href=\"https:\/\/www.latribunedufaso.net\/wp-content\/uploads\/2024\/09\/IMG_20240914_102226_354-scaled.jpg\"><img loading=\"lazy\" decoding=\"async\" class=\"size-full wp-image-15787\" src=\"https:\/\/www.latribunedufaso.net\/wp-content\/uploads\/2024\/09\/IMG_20240914_102226_354-scaled.jpg\" alt=\"Le pr\u00e9sident de l'association vitrine des m\u00e9tiers du sport, Dr. Boukary Sawadogo, lors de la conf\u00e9rence sportive, 14 septembre 2024\" width=\"2560\" height=\"1920\" srcset=\"https:\/\/www.latribunedufaso.net\/wp-content\/uploads\/2024\/09\/IMG_20240914_102226_354-scaled.jpg 2560w, https:\/\/www.latribunedufaso.net\/wp-content\/uploads\/2024\/09\/IMG_20240914_102226_354-300x225.jpg 300w, https:\/\/www.latribunedufaso.net\/wp-content\/uploads\/2024\/09\/IMG_20240914_102226_354-1024x768.jpg 1024w, https:\/\/www.latribunedufaso.net\/wp-content\/uploads\/2024\/09\/IMG_20240914_102226_354-768x576.jpg 768w, https:\/\/www.latribunedufaso.net\/wp-content\/uploads\/2024\/09\/IMG_20240914_102226_354-1536x1152.jpg 1536w, https:\/\/www.latribunedufaso.net\/wp-content\/uploads\/2024\/09\/IMG_20240914_102226_354-2048x1536.jpg 2048w\" sizes=\"auto, (max-width: 2560px) 100vw, 2560px\" \/><\/a><figcaption id=\"caption-attachment-15787\" class=\"wp-caption-text\">Le pr\u00e9sident de l&rsquo;association vitrine des m\u00e9tiers du sport, Dr. Boukary Sawadogo, patron de la conf\u00e9rence &#8211; Ph. I. Tapsoba<\/figcaption><\/figure>\n<p>C&rsquo;est \u00e9galement le but de la conf\u00e9rence, selon le Secr\u00e9taire g\u00e9n\u00e9ral de JAS-Afrique, Bernard Hien. Selon lui, les conclusions seront <em><strong>\u00ab capitalis\u00e9es dans un document qui sera soumis aux autorit\u00e9s afin de prendre en compte toutes les normes internationales dans l&rsquo;organisation de nos \u00e9v\u00e9nements sportifs et dans la gestion de nos infrastructures \u00bb. <\/strong><\/em><\/p>\n<figure id=\"attachment_15783\" aria-describedby=\"caption-attachment-15783\" style=\"width: 2560px\" class=\"wp-caption aligncenter\"><a href=\"https:\/\/www.latribunedufaso.net\/wp-content\/uploads\/2024\/09\/IMG_20240914_100806_306-scaled.jpg\"><img loading=\"lazy\" decoding=\"async\" class=\"size-full wp-image-15783\" src=\"https:\/\/www.latribunedufaso.net\/wp-content\/uploads\/2024\/09\/IMG_20240914_100806_306-scaled.jpg\" alt=\"SG de l'Association Jeunesse Action et Solidarit\u00e9 en Afrique, Bernard Hien, 14 septembre 2024\" width=\"2560\" height=\"1920\" srcset=\"https:\/\/www.latribunedufaso.net\/wp-content\/uploads\/2024\/09\/IMG_20240914_100806_306-scaled.jpg 2560w, https:\/\/www.latribunedufaso.net\/wp-content\/uploads\/2024\/09\/IMG_20240914_100806_306-300x225.jpg 300w, https:\/\/www.latribunedufaso.net\/wp-content\/uploads\/2024\/09\/IMG_20240914_100806_306-1024x768.jpg 1024w, https:\/\/www.latribunedufaso.net\/wp-content\/uploads\/2024\/09\/IMG_20240914_100806_306-768x576.jpg 768w, https:\/\/www.latribunedufaso.net\/wp-content\/uploads\/2024\/09\/IMG_20240914_100806_306-1536x1152.jpg 1536w, https:\/\/www.latribunedufaso.net\/wp-content\/uploads\/2024\/09\/IMG_20240914_100806_306-2048x1536.jpg 2048w\" sizes=\"auto, (max-width: 2560px) 100vw, 2560px\" \/><\/a><figcaption id=\"caption-attachment-15783\" class=\"wp-caption-text\">Le Secr\u00e9taire g\u00e9n\u00e9ral de JAS-Afrique, Bernard Hien &#8211; Ph. I. Tapsoba<\/figcaption><\/figure>\n<p><span style=\"font-size: 1.0625rem;\">Par ailleurs, il a indiqu\u00e9 que l&rsquo;association va perp\u00e9tuer cette initiative en tenant annuellement une grande conf\u00e9rence sportive sur une th\u00e9matique d&rsquo;actualit\u00e9.<\/span><\/p>\n<p><strong>Issouf TAPSOBA\u00a0<\/strong><\/p>\n<p><strong>La<span style=\"font-size: 1.0625rem;\">tribunedufaso.net<\/span><\/strong><\/p>\n","protected":false},"excerpt":{"rendered":"<p>L&rsquo;Association Jeunesse Action et Solidarit\u00e9 en Afrique (JAS-Afrique) a organis\u00e9, ce 14 septembre 2024 \u00e0 Ouagadougou, une conf\u00e9rence sportive sur le th\u00e8me : \u00ab La gestion durable des \u00e9v\u00e8nements sportifs : Perspectives internationales et locales \u00bb.<\/p>\n","protected":false},"author":5,"featured_media":15785,"comment_status":"open","ping_status":"open","sticky":false,"template":"","format":"standard","meta":{"footnotes":""},"categories":[13,1,8],"tags":[39,210],"class_list":["post-15780","post","type-post","status-publish","format-standard","has-post-thumbnail","hentry","category-une","category-actu","category-societe","tag-latribunedufaso-net","tag-sport-et-loisirs"],"yoast_head":"<!-- This site is optimized with the Yoast SEO plugin v27.5 - https:\/\/yoast.com\/product\/yoast-seo-wordpress\/ -->\n<title>Gestion durable des \u00e9v\u00e8nements et espaces sportifs : JAS-Afrique pose le d\u00e9bat\u00a0 - La Tribune du Faso<\/title>\n<meta name=\"robots\" content=\"index, follow, max-snippet:-1, max-image-preview:large, max-video-preview:-1\" \/>\n<link rel=\"canonical\" href=\"https:\/\/www.latribunedufaso.net\/?p=15780\" \/>\n<meta property=\"og:locale\" content=\"fr_FR\" \/>\n<meta property=\"og:type\" content=\"article\" \/>\n<meta property=\"og:title\" content=\"Gestion durable des \u00e9v\u00e8nements et espaces sportifs : JAS-Afrique pose le d\u00e9bat\u00a0 - La Tribune du Faso\" \/>\n<meta property=\"og:description\" content=\"L&rsquo;Association Jeunesse Action et Solidarit\u00e9 en Afrique (JAS-Afrique) a organis\u00e9, ce 14 septembre 2024 \u00e0 Ouagadougou, une conf\u00e9rence sportive sur le th\u00e8me : \u00ab La gestion durable des \u00e9v\u00e8nements sportifs : Perspectives internationales et locales \u00bb.\" \/>\n<meta property=\"og:url\" content=\"https:\/\/www.latribunedufaso.net\/?p=15780\" \/>\n<meta property=\"og:site_name\" content=\"La Tribune du Faso\" \/>\n<meta property=\"article:publisher\" content=\"https:\/\/www.facebook.com\/LatribuneduFaso\/\" \/>\n<meta property=\"article:published_time\" content=\"2024-09-15T08:31:02+00:00\" \/>\n<meta property=\"og:image\" content=\"https:\/\/www.latribunedufaso.net\/wp-content\/uploads\/2024\/09\/IMG_20240914_094153_951-scaled.jpg\" \/>\n\t<meta property=\"og:image:width\" content=\"2560\" \/>\n\t<meta property=\"og:image:height\" content=\"1920\" \/>\n\t<meta property=\"og:image:type\" content=\"image\/jpeg\" \/>\n<meta name=\"author\" content=\"Issouf Tapsoba\" \/>\n<meta name=\"twitter:label1\" content=\"\u00c9crit par\" \/>\n\t<meta name=\"twitter:data1\" content=\"Issouf Tapsoba\" \/>\n\t<meta name=\"twitter:label2\" content=\"Dur\u00e9e de lecture estim\u00e9e\" \/>\n\t<meta name=\"twitter:data2\" content=\"3 minutes\" \/>\n<script type=\"application\/ld+json\" class=\"yoast-schema-graph\">{\"@context\":\"https:\\\/\\\/schema.org\",\"@graph\":[{\"@type\":\"Article\",\"@id\":\"https:\\\/\\\/www.latribunedufaso.net\\\/?p=15780#article\",\"isPartOf\":{\"@id\":\"https:\\\/\\\/www.latribunedufaso.net\\\/?p=15780\"},\"author\":{\"name\":\"Issouf Tapsoba\",\"@id\":\"https:\\\/\\\/www.latribunedufaso.net\\\/#\\\/schema\\\/person\\\/e54e64c5778a7e72cf80a318b7a622b0\"},\"headline\":\"Gestion durable des \u00e9v\u00e8nements et espaces sportifs : JAS-Afrique pose le d\u00e9bat\u00a0\",\"datePublished\":\"2024-09-15T08:31:02+00:00\",\"mainEntityOfPage\":{\"@id\":\"https:\\\/\\\/www.latribunedufaso.net\\\/?p=15780\"},\"wordCount\":602,\"commentCount\":0,\"publisher\":{\"@id\":\"https:\\\/\\\/www.latribunedufaso.net\\\/#organization\"},\"image\":{\"@id\":\"https:\\\/\\\/www.latribunedufaso.net\\\/?p=15780#primaryimage\"},\"thumbnailUrl\":\"https:\\\/\\\/www.latribunedufaso.net\\\/wp-content\\\/uploads\\\/2024\\\/09\\\/IMG_20240914_094153_951-scaled.jpg\",\"keywords\":[\"latribunedufaso.net\",\"Sport et loisirs\"],\"articleSection\":[\"A la une\",\"Actualit\u00e9\",\"Soci\u00e9t\u00e9\"],\"inLanguage\":\"fr-FR\",\"potentialAction\":[{\"@type\":\"CommentAction\",\"name\":\"Comment\",\"target\":[\"https:\\\/\\\/www.latribunedufaso.net\\\/?p=15780#respond\"]}]},{\"@type\":\"WebPage\",\"@id\":\"https:\\\/\\\/www.latribunedufaso.net\\\/?p=15780\",\"url\":\"https:\\\/\\\/www.latribunedufaso.net\\\/?p=15780\",\"name\":\"Gestion durable des \u00e9v\u00e8nements et espaces sportifs : JAS-Afrique pose le d\u00e9bat\u00a0 - La Tribune du Faso\",\"isPartOf\":{\"@id\":\"https:\\\/\\\/www.latribunedufaso.net\\\/#website\"},\"primaryImageOfPage\":{\"@id\":\"https:\\\/\\\/www.latribunedufaso.net\\\/?p=15780#primaryimage\"},\"image\":{\"@id\":\"https:\\\/\\\/www.latribunedufaso.net\\\/?p=15780#primaryimage\"},\"thumbnailUrl\":\"https:\\\/\\\/www.latribunedufaso.net\\\/wp-content\\\/uploads\\\/2024\\\/09\\\/IMG_20240914_094153_951-scaled.jpg\",\"datePublished\":\"2024-09-15T08:31:02+00:00\",\"breadcrumb\":{\"@id\":\"https:\\\/\\\/www.latribunedufaso.net\\\/?p=15780#breadcrumb\"},\"inLanguage\":\"fr-FR\",\"potentialAction\":[{\"@type\":\"ReadAction\",\"target\":[\"https:\\\/\\\/www.latribunedufaso.net\\\/?p=15780\"]}]},{\"@type\":\"ImageObject\",\"inLanguage\":\"fr-FR\",\"@id\":\"https:\\\/\\\/www.latribunedufaso.net\\\/?p=15780#primaryimage\",\"url\":\"https:\\\/\\\/www.latribunedufaso.net\\\/wp-content\\\/uploads\\\/2024\\\/09\\\/IMG_20240914_094153_951-scaled.jpg\",\"contentUrl\":\"https:\\\/\\\/www.latribunedufaso.net\\\/wp-content\\\/uploads\\\/2024\\\/09\\\/IMG_20240914_094153_951-scaled.jpg\",\"width\":2560,\"height\":1920,\"caption\":\"Pr\u00e9sidium lors de la conf\u00e9rence sportive de JAS-Afrique, 14 septembre 2024\"},{\"@type\":\"BreadcrumbList\",\"@id\":\"https:\\\/\\\/www.latribunedufaso.net\\\/?p=15780#breadcrumb\",\"itemListElement\":[{\"@type\":\"ListItem\",\"position\":1,\"name\":\"Accueil\",\"item\":\"https:\\\/\\\/www.latribunedufaso.net\\\/\"},{\"@type\":\"ListItem\",\"position\":2,\"name\":\"Gestion durable des \u00e9v\u00e8nements et espaces sportifs : JAS-Afrique pose le d\u00e9bat\u00a0\"}]},{\"@type\":\"WebSite\",\"@id\":\"https:\\\/\\\/www.latribunedufaso.net\\\/#website\",\"url\":\"https:\\\/\\\/www.latribunedufaso.net\\\/\",\"name\":\"La Tribune du Faso\",\"description\":\"L&#039;information du monde rural en un clic\",\"publisher\":{\"@id\":\"https:\\\/\\\/www.latribunedufaso.net\\\/#organization\"},\"potentialAction\":[{\"@type\":\"SearchAction\",\"target\":{\"@type\":\"EntryPoint\",\"urlTemplate\":\"https:\\\/\\\/www.latribunedufaso.net\\\/?s={search_term_string}\"},\"query-input\":{\"@type\":\"PropertyValueSpecification\",\"valueRequired\":true,\"valueName\":\"search_term_string\"}}],\"inLanguage\":\"fr-FR\"},{\"@type\":\"Organization\",\"@id\":\"https:\\\/\\\/www.latribunedufaso.net\\\/#organization\",\"name\":\"La Tribune du Faso\",\"url\":\"https:\\\/\\\/www.latribunedufaso.net\\\/\",\"logo\":{\"@type\":\"ImageObject\",\"inLanguage\":\"fr-FR\",\"@id\":\"https:\\\/\\\/www.latribunedufaso.net\\\/#\\\/schema\\\/logo\\\/image\\\/\",\"url\":\"https:\\\/\\\/www.latribunedufaso.net\\\/wp-content\\\/uploads\\\/2020\\\/08\\\/Logo-Tribune-du-Faso-final-scaled.jpg\",\"contentUrl\":\"https:\\\/\\\/www.latribunedufaso.net\\\/wp-content\\\/uploads\\\/2020\\\/08\\\/Logo-Tribune-du-Faso-final-scaled.jpg\",\"width\":2560,\"height\":1856,\"caption\":\"La Tribune du Faso\"},\"image\":{\"@id\":\"https:\\\/\\\/www.latribunedufaso.net\\\/#\\\/schema\\\/logo\\\/image\\\/\"},\"sameAs\":[\"https:\\\/\\\/www.facebook.com\\\/LatribuneduFaso\\\/\"]},{\"@type\":\"Person\",\"@id\":\"https:\\\/\\\/www.latribunedufaso.net\\\/#\\\/schema\\\/person\\\/e54e64c5778a7e72cf80a318b7a622b0\",\"name\":\"Issouf Tapsoba\",\"image\":{\"@type\":\"ImageObject\",\"inLanguage\":\"fr-FR\",\"@id\":\"https:\\\/\\\/secure.gravatar.com\\\/avatar\\\/5e6c05150ce3230247d167f5b94d678eb05936197436d69b7921e3a95c9107ac?s=96&d=mm&r=g\",\"url\":\"https:\\\/\\\/secure.gravatar.com\\\/avatar\\\/5e6c05150ce3230247d167f5b94d678eb05936197436d69b7921e3a95c9107ac?s=96&d=mm&r=g\",\"contentUrl\":\"https:\\\/\\\/secure.gravatar.com\\\/avatar\\\/5e6c05150ce3230247d167f5b94d678eb05936197436d69b7921e3a95c9107ac?s=96&d=mm&r=g\",\"caption\":\"Issouf Tapsoba\"},\"url\":\"https:\\\/\\\/www.latribunedufaso.net\\\/?author=5\"}]}<\/script>\n<!-- \/ Yoast SEO plugin. -->","yoast_head_json":{"title":"Gestion durable des \u00e9v\u00e8nements et espaces sportifs : JAS-Afrique pose le d\u00e9bat\u00a0 - La Tribune du Faso","robots":{"index":"index","follow":"follow","max-snippet":"max-snippet:-1","max-image-preview":"max-image-preview:large","max-video-preview":"max-video-preview:-1"},"canonical":"https:\/\/www.latribunedufaso.net\/?p=15780","og_locale":"fr_FR","og_type":"article","og_title":"Gestion durable des \u00e9v\u00e8nements et espaces sportifs : JAS-Afrique pose le d\u00e9bat\u00a0 - La Tribune du Faso","og_description":"L&rsquo;Association Jeunesse Action et Solidarit\u00e9 en Afrique (JAS-Afrique) a organis\u00e9, ce 14 septembre 2024 \u00e0 Ouagadougou, une conf\u00e9rence sportive sur le th\u00e8me : \u00ab La gestion durable des \u00e9v\u00e8nements sportifs : Perspectives internationales et locales \u00bb.","og_url":"https:\/\/www.latribunedufaso.net\/?p=15780","og_site_name":"La Tribune du Faso","article_publisher":"https:\/\/www.facebook.com\/LatribuneduFaso\/","article_published_time":"2024-09-15T08:31:02+00:00","og_image":[{"width":2560,"height":1920,"url":"https:\/\/www.latribunedufaso.net\/wp-content\/uploads\/2024\/09\/IMG_20240914_094153_951-scaled.jpg","type":"image\/jpeg"}],"author":"Issouf Tapsoba","twitter_misc":{"\u00c9crit par":"Issouf Tapsoba","Dur\u00e9e de lecture estim\u00e9e":"3 minutes"},"schema":{"@context":"https:\/\/schema.org","@graph":[{"@type":"Article","@id":"https:\/\/www.latribunedufaso.net\/?p=15780#article","isPartOf":{"@id":"https:\/\/www.latribunedufaso.net\/?p=15780"},"author":{"name":"Issouf Tapsoba","@id":"https:\/\/www.latribunedufaso.net\/#\/schema\/person\/e54e64c5778a7e72cf80a318b7a622b0"},"headline":"Gestion durable des \u00e9v\u00e8nements et espaces sportifs : JAS-Afrique pose le d\u00e9bat\u00a0","datePublished":"2024-09-15T08:31:02+00:00","mainEntityOfPage":{"@id":"https:\/\/www.latribunedufaso.net\/?p=15780"},"wordCount":602,"commentCount":0,"publisher":{"@id":"https:\/\/www.latribunedufaso.net\/#organization"},"image":{"@id":"https:\/\/www.latribunedufaso.net\/?p=15780#primaryimage"},"thumbnailUrl":"https:\/\/www.latribunedufaso.net\/wp-content\/uploads\/2024\/09\/IMG_20240914_094153_951-scaled.jpg","keywords":["latribunedufaso.net","Sport et loisirs"],"articleSection":["A la une","Actualit\u00e9","Soci\u00e9t\u00e9"],"inLanguage":"fr-FR","potentialAction":[{"@type":"CommentAction","name":"Comment","target":["https:\/\/www.latribunedufaso.net\/?p=15780#respond"]}]},{"@type":"WebPage","@id":"https:\/\/www.latribunedufaso.net\/?p=15780","url":"https:\/\/www.latribunedufaso.net\/?p=15780","name":"Gestion durable des \u00e9v\u00e8nements et espaces sportifs : JAS-Afrique pose le d\u00e9bat\u00a0 - La Tribune du Faso","isPartOf":{"@id":"https:\/\/www.latribunedufaso.net\/#website"},"primaryImageOfPage":{"@id":"https:\/\/www.latribunedufaso.net\/?p=15780#primaryimage"},"image":{"@id":"https:\/\/www.latribunedufaso.net\/?p=15780#primaryimage"},"thumbnailUrl":"https:\/\/www.latribunedufaso.net\/wp-content\/uploads\/2024\/09\/IMG_20240914_094153_951-scaled.jpg","datePublished":"2024-09-15T08:31:02+00:00","breadcrumb":{"@id":"https:\/\/www.latribunedufaso.net\/?p=15780#breadcrumb"},"inLanguage":"fr-FR","potentialAction":[{"@type":"ReadAction","target":["https:\/\/www.latribunedufaso.net\/?p=15780"]}]},{"@type":"ImageObject","inLanguage":"fr-FR","@id":"https:\/\/www.latribunedufaso.net\/?p=15780#primaryimage","url":"https:\/\/www.latribunedufaso.net\/wp-content\/uploads\/2024\/09\/IMG_20240914_094153_951-scaled.jpg","contentUrl":"https:\/\/www.latribunedufaso.net\/wp-content\/uploads\/2024\/09\/IMG_20240914_094153_951-scaled.jpg","width":2560,"height":1920,"caption":"Pr\u00e9sidium lors de la conf\u00e9rence sportive de JAS-Afrique, 14 septembre 2024"},{"@type":"BreadcrumbList","@id":"https:\/\/www.latribunedufaso.net\/?p=15780#breadcrumb","itemListElement":[{"@type":"ListItem","position":1,"name":"Accueil","item":"https:\/\/www.latribunedufaso.net\/"},{"@type":"ListItem","position":2,"name":"Gestion durable des \u00e9v\u00e8nements et espaces sportifs : JAS-Afrique pose le d\u00e9bat\u00a0"}]},{"@type":"WebSite","@id":"https:\/\/www.latribunedufaso.net\/#website","url":"https:\/\/www.latribunedufaso.net\/","name":"La Tribune du Faso","description":"L&#039;information du monde rural en un clic","publisher":{"@id":"https:\/\/www.latribunedufaso.net\/#organization"},"potentialAction":[{"@type":"SearchAction","target":{"@type":"EntryPoint","urlTemplate":"https:\/\/www.latribunedufaso.net\/?s={search_term_string}"},"query-input":{"@type":"PropertyValueSpecification","valueRequired":true,"valueName":"search_term_string"}}],"inLanguage":"fr-FR"},{"@type":"Organization","@id":"https:\/\/www.latribunedufaso.net\/#organization","name":"La Tribune du Faso","url":"https:\/\/www.latribunedufaso.net\/","logo":{"@type":"ImageObject","inLanguage":"fr-FR","@id":"https:\/\/www.latribunedufaso.net\/#\/schema\/logo\/image\/","url":"https:\/\/www.latribunedufaso.net\/wp-content\/uploads\/2020\/08\/Logo-Tribune-du-Faso-final-scaled.jpg","contentUrl":"https:\/\/www.latribunedufaso.net\/wp-content\/uploads\/2020\/08\/Logo-Tribune-du-Faso-final-scaled.jpg","width":2560,"height":1856,"caption":"La Tribune du Faso"},"image":{"@id":"https:\/\/www.latribunedufaso.net\/#\/schema\/logo\/image\/"},"sameAs":["https:\/\/www.facebook.com\/LatribuneduFaso\/"]},{"@type":"Person","@id":"https:\/\/www.latribunedufaso.net\/#\/schema\/person\/e54e64c5778a7e72cf80a318b7a622b0","name":"Issouf Tapsoba","image":{"@type":"ImageObject","inLanguage":"fr-FR","@id":"https:\/\/secure.gravatar.com\/avatar\/5e6c05150ce3230247d167f5b94d678eb05936197436d69b7921e3a95c9107ac?s=96&d=mm&r=g","url":"https:\/\/secure.gravatar.com\/avatar\/5e6c05150ce3230247d167f5b94d678eb05936197436d69b7921e3a95c9107ac?s=96&d=mm&r=g","contentUrl":"https:\/\/secure.gravatar.com\/avatar\/5e6c05150ce3230247d167f5b94d678eb05936197436d69b7921e3a95c9107ac?s=96&d=mm&r=g","caption":"Issouf Tapsoba"},"url":"https:\/\/www.latribunedufaso.net\/?author=5"}]}},"_links":{"self":[{"href":"https:\/\/www.latribunedufaso.net\/index.php?rest_route=\/wp\/v2\/posts\/15780","targetHints":{"allow":["GET"]}}],"collection":[{"href":"https:\/\/www.latribunedufaso.net\/index.php?rest_route=\/wp\/v2\/posts"}],"about":[{"href":"https:\/\/www.latribunedufaso.net\/index.php?rest_route=\/wp\/v2\/types\/post"}],"author":[{"embeddable":true,"href":"https:\/\/www.latribunedufaso.net\/index.php?rest_route=\/wp\/v2\/users\/5"}],"replies":[{"embeddable":true,"href":"https:\/\/www.latribunedufaso.net\/index.php?rest_route=%2Fwp%2Fv2%2Fcomments&post=15780"}],"version-history":[{"count":3,"href":"https:\/\/www.latribunedufaso.net\/index.php?rest_route=\/wp\/v2\/posts\/15780\/revisions"}],"predecessor-version":[{"id":15790,"href":"https:\/\/www.latribunedufaso.net\/index.php?rest_route=\/wp\/v2\/posts\/15780\/revisions\/15790"}],"wp:featuredmedia":[{"embeddable":true,"href":"https:\/\/www.latribunedufaso.net\/index.php?rest_route=\/wp\/v2\/media\/15785"}],"wp:attachment":[{"href":"https:\/\/www.latribunedufaso.net\/index.php?rest_route=%2Fwp%2Fv2%2Fmedia&parent=15780"}],"wp:term":[{"taxonomy":"category","embeddable":true,"href":"https:\/\/www.latribunedufaso.net\/index.php?rest_route=%2Fwp%2Fv2%2Fcategories&post=15780"},{"taxonomy":"post_tag","embeddable":true,"href":"https:\/\/www.latribunedufaso.net\/index.php?rest_route=%2Fwp%2Fv2%2Ftags&post=15780"}],"curies":[{"name":"wp","href":"https:\/\/api.w.org\/{rel}","templated":true}]}}