{"id":15772,"date":"2024-09-14T00:36:56","date_gmt":"2024-09-14T00:36:56","guid":{"rendered":"https:\/\/www.latribunedufaso.net\/?p=15772"},"modified":"2024-09-14T00:36:56","modified_gmt":"2024-09-14T00:36:56","slug":"projet-dincubation-a-bagre-la-promotion-renaissance-prete-a-revolutionner-lagro-sylvo-pastoral","status":"publish","type":"post","link":"https:\/\/www.latribunedufaso.net\/?p=15772","title":{"rendered":"Projet d\u2019incubation \u00e0 Bagr\u00e9 : La promotion \u00ab Renaissance \u00bb pr\u00eate \u00e0 r\u00e9volutionner l\u2019agro-sylvo-pastoral"},"content":{"rendered":"<p><strong style=\"font-size: 1.0625rem;\">La premi\u00e8re promotion d\u2019\u00e9tudiants form\u00e9s dans le domaine agro-sylvo-pastoral a effectu\u00e9 sa sortie de promotion le 12 septembre 2024 \u00e0 Bagr\u00e9. C&rsquo;\u00e9tait a l&rsquo;occasion d&rsquo;une c\u00e9r\u00e9monie plac\u00e9e sous le patronage du Pr\u00e9sident du Faso. Baptis\u00e9e <em>\u00ab Renaissance \u00bb<\/em>, elle est forte de 44 \u00e9tudiants.<\/strong><\/p>\n<p><!--more--><\/p>\n<p>Le ministre de l\u2019Agriculture, des Ressources animales et halieutiques, le Commandant Isma\u00ebl Sombi\u00e9 et le ministre de l\u2019Economie et des Finances, Dr Aboubakar Nacanabo ont parrain\u00e9 ladite c\u00e9r\u00e9monie.<\/p>\n<figure id=\"attachment_15775\" aria-describedby=\"caption-attachment-15775\" style=\"width: 720px\" class=\"wp-caption aligncenter\"><a href=\"https:\/\/www.latribunedufaso.net\/wp-content\/uploads\/2024\/09\/FB_IMG_1726272759611.jpg\"><img loading=\"lazy\" decoding=\"async\" class=\"size-full wp-image-15775\" src=\"https:\/\/www.latribunedufaso.net\/wp-content\/uploads\/2024\/09\/FB_IMG_1726272759611.jpg\" alt=\"Le ministre en charge de la Communication, Jean Emmanuel Ou\u00e9draogo, lors de la c\u00e9r\u00e9monie de sortie de promotion, projet d'incubation Bagr\u00e9, 12 septembre 2024\" width=\"720\" height=\"480\" srcset=\"https:\/\/www.latribunedufaso.net\/wp-content\/uploads\/2024\/09\/FB_IMG_1726272759611.jpg 720w, https:\/\/www.latribunedufaso.net\/wp-content\/uploads\/2024\/09\/FB_IMG_1726272759611-300x200.jpg 300w, https:\/\/www.latribunedufaso.net\/wp-content\/uploads\/2024\/09\/FB_IMG_1726272759611-120x80.jpg 120w, https:\/\/www.latribunedufaso.net\/wp-content\/uploads\/2024\/09\/FB_IMG_1726272759611-360x240.jpg 360w, https:\/\/www.latribunedufaso.net\/wp-content\/uploads\/2024\/09\/FB_IMG_1726272759611-600x400.jpg 600w\" sizes=\"auto, (max-width: 720px) 100vw, 720px\" \/><\/a><figcaption id=\"caption-attachment-15775\" class=\"wp-caption-text\">Le ministre en charge de la Communication, Jean-Emmanuel Ou\u00e9draogo a prononc\u00e9 le discours du Chef de l&rsquo;Etat &#8211; Ph. MARAH<\/figcaption><\/figure>\n<p>Le Pr\u00e9sident du Faso, le Capitaine Ibrahim Traor\u00e9 a, dans son discours prononc\u00e9 par le ministre d\u2019\u00c9tat, ministre en charge de la Communication, Jean-Emmanuel Ouedraogo, salu\u00e9 la concr\u00e9tisation de cette initiative gouvernementale et a invit\u00e9 les \u00e9tudiants \u00e0 incarner le nom de leur promotion. <em><strong>\u00ab Vous \u00eates pour nous de vrais volontaires pour la d\u00e9fense de la patrie du d\u00e9veloppement et de meilleurs Ambassadeurs charg\u00e9s de convaincre les plus sceptiques que seul le combat est salvateur. Vous jouez l\u00e0 votre partition dans l\u2019atteinte de l\u2019autosuffisance alimentaire dans notre pays \u00bb<\/strong><\/em>, a indiqu\u00e9 le Chef de l\u2019\u00c9tat.<\/p>\n<blockquote>\n<p>Lire aussi &gt;&gt; <a href=\"https:\/\/www.latribunedufaso.net\/?p=12120\">Production agricole : le Chef de l\u2019Etat f\u00e9licite les \u00e9tudiants en formation sur un projet incubateur \u00e0 Bagr\u00e9\u00a0<\/a><\/p>\n<\/blockquote>\n<p>Pour le pr\u00e9sident de la c\u00e9r\u00e9monie, le Pr Adjima Thiombiano, ce 12 septembre 2024 est une date historique. Et pour cause, <em><strong>\u00ab hier, c\u2019\u00e9tait un r\u00eave et aujourd\u2019hui c\u2019est une r\u00e9alit\u00e9. L\u2019initiative incubation de technologies agricoles a produit ses premiers fruits \u00bb.<\/strong><\/em><\/p>\n<p>Abordant la question de la qualit\u00e9 de la formation re\u00e7ue, Pr Adjima Thiombiano se veut rassurant et confiant. <em><strong>\u00ab Nous pouvons dire avec fiert\u00e9 que les b\u00e9n\u00e9ficiaires de cette initiative sont de tr\u00e8s bons produits pr\u00eats \u00e0 \u00eatre employ\u00e9s partout sur les chantiers du d\u00e9veloppement<\/strong> <\/em> \u00bb, a-t-il d\u00e9clar\u00e9.\u00a0<\/p>\n<figure id=\"attachment_15776\" aria-describedby=\"caption-attachment-15776\" style=\"width: 720px\" class=\"wp-caption aligncenter\"><a href=\"https:\/\/www.latribunedufaso.net\/wp-content\/uploads\/2024\/09\/FB_IMG_1726272733118.jpg\"><img loading=\"lazy\" decoding=\"async\" class=\"size-full wp-image-15776\" src=\"https:\/\/www.latribunedufaso.net\/wp-content\/uploads\/2024\/09\/FB_IMG_1726272733118.jpg\" alt=\"L\u00e9a Zagr\u00e9 a prononc\u00e9 le discours des parrains, ministre Sombi\u00e8 et Nacanabo lors de la c\u00e9r\u00e9monie de sortie de promotion, projet d'incubation Bagr\u00e9, 12 septembre 2024\" width=\"720\" height=\"493\" srcset=\"https:\/\/www.latribunedufaso.net\/wp-content\/uploads\/2024\/09\/FB_IMG_1726272733118.jpg 720w, https:\/\/www.latribunedufaso.net\/wp-content\/uploads\/2024\/09\/FB_IMG_1726272733118-300x205.jpg 300w\" sizes=\"auto, (max-width: 720px) 100vw, 720px\" \/><\/a><figcaption id=\"caption-attachment-15776\" class=\"wp-caption-text\">L\u00e9a Zagr\u00e9 a prononc\u00e9 le discours des parrains, les ministres Sombi\u00e9 et Nacanabo &#8211; Ph. MARAH<\/figcaption><\/figure>\n<p>Les parrains, les ministres Sombi\u00e9 et Nacanabo dans leur allocution prononc\u00e9e par L\u00e9a Zagr\u00e9, ont salu\u00e9 l\u2019aboutissement de ce projet qui, selon eux, prouve \u00e0 souhait l\u2019engagement et la bonne vision du gouvernement pour le d\u00e9veloppement du secteur agro-sylvo-pastoral.\u00a0<\/p>\n<blockquote>\n<p>Lire aussi &gt;&gt; <a href=\"https:\/\/www.latribunedufaso.net\/?p=13226\">Agriculture : Les acteurs du monde rural b\u00e9n\u00e9ficient de mat\u00e9riels et \u00e9quipements agropastoraux et halieutiques<\/a><\/p>\n<\/blockquote>\n<p>Apr\u00e8s 12 mois de formation, les \u00e9tudiants incub\u00e9s re\u00e7oivent chacun un kit individuel d\u2019installation compos\u00e9 d\u2019un motoculteur, d\u2019une motopompe, d\u2019un tricycle, d\u2019un semoir, d\u2019un kit de pulv\u00e9risation, des semences am\u00e9lior\u00e9es, de l\u2019engrais, un budget de fonctionnement d\u2019un montant de 600 000 FCFA, une attestation et un contrat de bail pour un hectare am\u00e9nag\u00e9, le tout estim\u00e9 \u00e0 11 000 000 FCFA.\u00a0<\/p>\n<figure id=\"attachment_15774\" aria-describedby=\"caption-attachment-15774\" style=\"width: 720px\" class=\"wp-caption aligncenter\"><a href=\"https:\/\/www.latribunedufaso.net\/wp-content\/uploads\/2024\/09\/FB_IMG_1726272772054.jpg\"><img loading=\"lazy\" decoding=\"async\" class=\"size-full wp-image-15774\" src=\"https:\/\/www.latribunedufaso.net\/wp-content\/uploads\/2024\/09\/FB_IMG_1726272772054.jpg\" alt=\"Le ministre en charge de l'Agriculture remettant le kit d'installation \u00e0 une \u00e9tudiante lors de la c\u00e9r\u00e9monie de sortie de promotion \u00e0 Bagr\u00e9, 12 septembre 2024\" width=\"720\" height=\"480\" srcset=\"https:\/\/www.latribunedufaso.net\/wp-content\/uploads\/2024\/09\/FB_IMG_1726272772054.jpg 720w, https:\/\/www.latribunedufaso.net\/wp-content\/uploads\/2024\/09\/FB_IMG_1726272772054-300x200.jpg 300w, https:\/\/www.latribunedufaso.net\/wp-content\/uploads\/2024\/09\/FB_IMG_1726272772054-120x80.jpg 120w, https:\/\/www.latribunedufaso.net\/wp-content\/uploads\/2024\/09\/FB_IMG_1726272772054-360x240.jpg 360w, https:\/\/www.latribunedufaso.net\/wp-content\/uploads\/2024\/09\/FB_IMG_1726272772054-600x400.jpg 600w\" sizes=\"auto, (max-width: 720px) 100vw, 720px\" \/><\/a><figcaption id=\"caption-attachment-15774\" class=\"wp-caption-text\">Le ministre en charge de l&rsquo;Agriculture, le Commandant Isma\u00ebl Sombi\u00e9 (\u00e0 gauche), remettant \u00e0 une \u00e9tudiante incub\u00e9es en fin de formation son kit d&rsquo;installation &#8211; Ph. MARAH<\/figcaption><\/figure>\n<p>La sortie de cette promotion fait place \u00e0 la deuxi\u00e8me, forte d\u2019une centaine d\u2019\u00e9tudiants. En plus de Bagr\u00e9, ils seront form\u00e9s dans d\u2019autres centres de recherche comme Samand\u00e9ni, Farako-ba, Saria et dans le Baz\u00e8ga. La vision du gouvernement, \u00e0 termes, est de faire en sorte que chaque r\u00e9gion puisse abriter un centre d\u2019incubation en prenant en compte les potentialit\u00e9s locales.<\/p>\n<p><strong><span style=\"font-size: 1.0625rem;\">Latribuned<\/span><span style=\"font-size: 1.0625rem;\">ufaso.net<\/span><\/strong><\/p>\n<p><strong>Source : MARAH<\/strong><\/p>\n","protected":false},"excerpt":{"rendered":"<p>La premi\u00e8re promotion d\u2019\u00e9tudiants form\u00e9s dans le domaine agro-sylvo-pastoral a effectu\u00e9 sa sortie de promotion le 12 septembre 2024 \u00e0 Bagr\u00e9. C&rsquo;\u00e9tait a l&rsquo;occasion d&rsquo;une c\u00e9r\u00e9monie plac\u00e9e sous le patronage du Pr\u00e9sident du Faso. Baptis\u00e9e \u00ab Renaissance \u00bb, elle est forte de 44 \u00e9tudiants.<\/p>\n","protected":false},"author":5,"featured_media":15773,"comment_status":"open","ping_status":"open","sticky":false,"template":"","format":"standard","meta":{"footnotes":""},"categories":[13,1,3],"tags":[39,204,205],"class_list":["post-15772","post","type-post","status-publish","format-standard","has-post-thumbnail","hentry","category-une","category-actu","category-agri","tag-latribunedufaso-net","tag-projet-incubation-technologiques-bagre","tag-secteur-agro-sylvo-pastoral"],"yoast_head":"<!-- This site is optimized with the Yoast SEO plugin v27.5 - https:\/\/yoast.com\/product\/yoast-seo-wordpress\/ -->\n<title>Projet d\u2019incubation \u00e0 Bagr\u00e9 : La promotion \u00ab Renaissance \u00bb pr\u00eate \u00e0 r\u00e9volutionner l\u2019agro-sylvo-pastoral - La Tribune du Faso<\/title>\n<meta name=\"robots\" content=\"index, follow, max-snippet:-1, max-image-preview:large, max-video-preview:-1\" \/>\n<link rel=\"canonical\" href=\"https:\/\/www.latribunedufaso.net\/?p=15772\" \/>\n<meta property=\"og:locale\" content=\"fr_FR\" \/>\n<meta property=\"og:type\" content=\"article\" \/>\n<meta property=\"og:title\" content=\"Projet d\u2019incubation \u00e0 Bagr\u00e9 : La promotion \u00ab Renaissance \u00bb pr\u00eate \u00e0 r\u00e9volutionner l\u2019agro-sylvo-pastoral - La Tribune du Faso\" \/>\n<meta property=\"og:description\" content=\"La premi\u00e8re promotion d\u2019\u00e9tudiants form\u00e9s dans le domaine agro-sylvo-pastoral a effectu\u00e9 sa sortie de promotion le 12 septembre 2024 \u00e0 Bagr\u00e9. C&rsquo;\u00e9tait a l&rsquo;occasion d&rsquo;une c\u00e9r\u00e9monie plac\u00e9e sous le patronage du Pr\u00e9sident du Faso. Baptis\u00e9e \u00ab Renaissance \u00bb, elle est forte de 44 \u00e9tudiants.\" \/>\n<meta property=\"og:url\" content=\"https:\/\/www.latribunedufaso.net\/?p=15772\" \/>\n<meta property=\"og:site_name\" content=\"La Tribune du Faso\" \/>\n<meta property=\"article:publisher\" content=\"https:\/\/www.facebook.com\/LatribuneduFaso\/\" \/>\n<meta property=\"article:published_time\" content=\"2024-09-14T00:36:56+00:00\" \/>\n<meta property=\"og:image\" content=\"https:\/\/www.latribunedufaso.net\/wp-content\/uploads\/2024\/09\/FB_IMG_1726272781840.jpg\" \/>\n\t<meta property=\"og:image:width\" content=\"720\" \/>\n\t<meta property=\"og:image:height\" content=\"480\" \/>\n\t<meta property=\"og:image:type\" content=\"image\/jpeg\" \/>\n<meta name=\"author\" content=\"Issouf Tapsoba\" \/>\n<meta name=\"twitter:label1\" content=\"\u00c9crit par\" \/>\n\t<meta name=\"twitter:data1\" content=\"Issouf Tapsoba\" \/>\n\t<meta name=\"twitter:label2\" content=\"Dur\u00e9e de lecture estim\u00e9e\" \/>\n\t<meta name=\"twitter:data2\" content=\"3 minutes\" \/>\n<script type=\"application\/ld+json\" class=\"yoast-schema-graph\">{\"@context\":\"https:\\\/\\\/schema.org\",\"@graph\":[{\"@type\":\"Article\",\"@id\":\"https:\\\/\\\/www.latribunedufaso.net\\\/?p=15772#article\",\"isPartOf\":{\"@id\":\"https:\\\/\\\/www.latribunedufaso.net\\\/?p=15772\"},\"author\":{\"name\":\"Issouf Tapsoba\",\"@id\":\"https:\\\/\\\/www.latribunedufaso.net\\\/#\\\/schema\\\/person\\\/e54e64c5778a7e72cf80a318b7a622b0\"},\"headline\":\"Projet d\u2019incubation \u00e0 Bagr\u00e9 : La promotion \u00ab Renaissance \u00bb pr\u00eate \u00e0 r\u00e9volutionner l\u2019agro-sylvo-pastoral\",\"datePublished\":\"2024-09-14T00:36:56+00:00\",\"mainEntityOfPage\":{\"@id\":\"https:\\\/\\\/www.latribunedufaso.net\\\/?p=15772\"},\"wordCount\":614,\"commentCount\":0,\"publisher\":{\"@id\":\"https:\\\/\\\/www.latribunedufaso.net\\\/#organization\"},\"image\":{\"@id\":\"https:\\\/\\\/www.latribunedufaso.net\\\/?p=15772#primaryimage\"},\"thumbnailUrl\":\"https:\\\/\\\/www.latribunedufaso.net\\\/wp-content\\\/uploads\\\/2024\\\/09\\\/FB_IMG_1726272781840.jpg\",\"keywords\":[\"latribunedufaso.net\",\"projet incubation technologiques Bagr\u00e9\",\"secteur agro-sylvo-pastoral\"],\"articleSection\":[\"A la une\",\"Actualit\u00e9\",\"Agriculture\"],\"inLanguage\":\"fr-FR\",\"potentialAction\":[{\"@type\":\"CommentAction\",\"name\":\"Comment\",\"target\":[\"https:\\\/\\\/www.latribunedufaso.net\\\/?p=15772#respond\"]}]},{\"@type\":\"WebPage\",\"@id\":\"https:\\\/\\\/www.latribunedufaso.net\\\/?p=15772\",\"url\":\"https:\\\/\\\/www.latribunedufaso.net\\\/?p=15772\",\"name\":\"Projet d\u2019incubation \u00e0 Bagr\u00e9 : La promotion \u00ab Renaissance \u00bb pr\u00eate \u00e0 r\u00e9volutionner l\u2019agro-sylvo-pastoral - La Tribune du Faso\",\"isPartOf\":{\"@id\":\"https:\\\/\\\/www.latribunedufaso.net\\\/#website\"},\"primaryImageOfPage\":{\"@id\":\"https:\\\/\\\/www.latribunedufaso.net\\\/?p=15772#primaryimage\"},\"image\":{\"@id\":\"https:\\\/\\\/www.latribunedufaso.net\\\/?p=15772#primaryimage\"},\"thumbnailUrl\":\"https:\\\/\\\/www.latribunedufaso.net\\\/wp-content\\\/uploads\\\/2024\\\/09\\\/FB_IMG_1726272781840.jpg\",\"datePublished\":\"2024-09-14T00:36:56+00:00\",\"breadcrumb\":{\"@id\":\"https:\\\/\\\/www.latribunedufaso.net\\\/?p=15772#breadcrumb\"},\"inLanguage\":\"fr-FR\",\"potentialAction\":[{\"@type\":\"ReadAction\",\"target\":[\"https:\\\/\\\/www.latribunedufaso.net\\\/?p=15772\"]}]},{\"@type\":\"ImageObject\",\"inLanguage\":\"fr-FR\",\"@id\":\"https:\\\/\\\/www.latribunedufaso.net\\\/?p=15772#primaryimage\",\"url\":\"https:\\\/\\\/www.latribunedufaso.net\\\/wp-content\\\/uploads\\\/2024\\\/09\\\/FB_IMG_1726272781840.jpg\",\"contentUrl\":\"https:\\\/\\\/www.latribunedufaso.net\\\/wp-content\\\/uploads\\\/2024\\\/09\\\/FB_IMG_1726272781840.jpg\",\"width\":720,\"height\":480,\"caption\":\"Sortie de promotion du projet d'incubation Bagr\u00e9 - Ph. MARAH\"},{\"@type\":\"BreadcrumbList\",\"@id\":\"https:\\\/\\\/www.latribunedufaso.net\\\/?p=15772#breadcrumb\",\"itemListElement\":[{\"@type\":\"ListItem\",\"position\":1,\"name\":\"Accueil\",\"item\":\"https:\\\/\\\/www.latribunedufaso.net\\\/\"},{\"@type\":\"ListItem\",\"position\":2,\"name\":\"Projet d\u2019incubation \u00e0 Bagr\u00e9 : La promotion \u00ab Renaissance \u00bb pr\u00eate \u00e0 r\u00e9volutionner l\u2019agro-sylvo-pastoral\"}]},{\"@type\":\"WebSite\",\"@id\":\"https:\\\/\\\/www.latribunedufaso.net\\\/#website\",\"url\":\"https:\\\/\\\/www.latribunedufaso.net\\\/\",\"name\":\"La Tribune du Faso\",\"description\":\"L&#039;information du monde rural en un clic\",\"publisher\":{\"@id\":\"https:\\\/\\\/www.latribunedufaso.net\\\/#organization\"},\"potentialAction\":[{\"@type\":\"SearchAction\",\"target\":{\"@type\":\"EntryPoint\",\"urlTemplate\":\"https:\\\/\\\/www.latribunedufaso.net\\\/?s={search_term_string}\"},\"query-input\":{\"@type\":\"PropertyValueSpecification\",\"valueRequired\":true,\"valueName\":\"search_term_string\"}}],\"inLanguage\":\"fr-FR\"},{\"@type\":\"Organization\",\"@id\":\"https:\\\/\\\/www.latribunedufaso.net\\\/#organization\",\"name\":\"La Tribune du Faso\",\"url\":\"https:\\\/\\\/www.latribunedufaso.net\\\/\",\"logo\":{\"@type\":\"ImageObject\",\"inLanguage\":\"fr-FR\",\"@id\":\"https:\\\/\\\/www.latribunedufaso.net\\\/#\\\/schema\\\/logo\\\/image\\\/\",\"url\":\"https:\\\/\\\/www.latribunedufaso.net\\\/wp-content\\\/uploads\\\/2020\\\/08\\\/Logo-Tribune-du-Faso-final-scaled.jpg\",\"contentUrl\":\"https:\\\/\\\/www.latribunedufaso.net\\\/wp-content\\\/uploads\\\/2020\\\/08\\\/Logo-Tribune-du-Faso-final-scaled.jpg\",\"width\":2560,\"height\":1856,\"caption\":\"La Tribune du Faso\"},\"image\":{\"@id\":\"https:\\\/\\\/www.latribunedufaso.net\\\/#\\\/schema\\\/logo\\\/image\\\/\"},\"sameAs\":[\"https:\\\/\\\/www.facebook.com\\\/LatribuneduFaso\\\/\"]},{\"@type\":\"Person\",\"@id\":\"https:\\\/\\\/www.latribunedufaso.net\\\/#\\\/schema\\\/person\\\/e54e64c5778a7e72cf80a318b7a622b0\",\"name\":\"Issouf Tapsoba\",\"image\":{\"@type\":\"ImageObject\",\"inLanguage\":\"fr-FR\",\"@id\":\"https:\\\/\\\/secure.gravatar.com\\\/avatar\\\/5e6c05150ce3230247d167f5b94d678eb05936197436d69b7921e3a95c9107ac?s=96&d=mm&r=g\",\"url\":\"https:\\\/\\\/secure.gravatar.com\\\/avatar\\\/5e6c05150ce3230247d167f5b94d678eb05936197436d69b7921e3a95c9107ac?s=96&d=mm&r=g\",\"contentUrl\":\"https:\\\/\\\/secure.gravatar.com\\\/avatar\\\/5e6c05150ce3230247d167f5b94d678eb05936197436d69b7921e3a95c9107ac?s=96&d=mm&r=g\",\"caption\":\"Issouf Tapsoba\"},\"url\":\"https:\\\/\\\/www.latribunedufaso.net\\\/?author=5\"}]}<\/script>\n<!-- \/ Yoast SEO plugin. -->","yoast_head_json":{"title":"Projet d\u2019incubation \u00e0 Bagr\u00e9 : La promotion \u00ab Renaissance \u00bb pr\u00eate \u00e0 r\u00e9volutionner l\u2019agro-sylvo-pastoral - La Tribune du Faso","robots":{"index":"index","follow":"follow","max-snippet":"max-snippet:-1","max-image-preview":"max-image-preview:large","max-video-preview":"max-video-preview:-1"},"canonical":"https:\/\/www.latribunedufaso.net\/?p=15772","og_locale":"fr_FR","og_type":"article","og_title":"Projet d\u2019incubation \u00e0 Bagr\u00e9 : La promotion \u00ab Renaissance \u00bb pr\u00eate \u00e0 r\u00e9volutionner l\u2019agro-sylvo-pastoral - La Tribune du Faso","og_description":"La premi\u00e8re promotion d\u2019\u00e9tudiants form\u00e9s dans le domaine agro-sylvo-pastoral a effectu\u00e9 sa sortie de promotion le 12 septembre 2024 \u00e0 Bagr\u00e9. C&rsquo;\u00e9tait a l&rsquo;occasion d&rsquo;une c\u00e9r\u00e9monie plac\u00e9e sous le patronage du Pr\u00e9sident du Faso. Baptis\u00e9e \u00ab Renaissance \u00bb, elle est forte de 44 \u00e9tudiants.","og_url":"https:\/\/www.latribunedufaso.net\/?p=15772","og_site_name":"La Tribune du Faso","article_publisher":"https:\/\/www.facebook.com\/LatribuneduFaso\/","article_published_time":"2024-09-14T00:36:56+00:00","og_image":[{"width":720,"height":480,"url":"https:\/\/www.latribunedufaso.net\/wp-content\/uploads\/2024\/09\/FB_IMG_1726272781840.jpg","type":"image\/jpeg"}],"author":"Issouf Tapsoba","twitter_misc":{"\u00c9crit par":"Issouf Tapsoba","Dur\u00e9e de lecture estim\u00e9e":"3 minutes"},"schema":{"@context":"https:\/\/schema.org","@graph":[{"@type":"Article","@id":"https:\/\/www.latribunedufaso.net\/?p=15772#article","isPartOf":{"@id":"https:\/\/www.latribunedufaso.net\/?p=15772"},"author":{"name":"Issouf Tapsoba","@id":"https:\/\/www.latribunedufaso.net\/#\/schema\/person\/e54e64c5778a7e72cf80a318b7a622b0"},"headline":"Projet d\u2019incubation \u00e0 Bagr\u00e9 : La promotion \u00ab Renaissance \u00bb pr\u00eate \u00e0 r\u00e9volutionner l\u2019agro-sylvo-pastoral","datePublished":"2024-09-14T00:36:56+00:00","mainEntityOfPage":{"@id":"https:\/\/www.latribunedufaso.net\/?p=15772"},"wordCount":614,"commentCount":0,"publisher":{"@id":"https:\/\/www.latribunedufaso.net\/#organization"},"image":{"@id":"https:\/\/www.latribunedufaso.net\/?p=15772#primaryimage"},"thumbnailUrl":"https:\/\/www.latribunedufaso.net\/wp-content\/uploads\/2024\/09\/FB_IMG_1726272781840.jpg","keywords":["latribunedufaso.net","projet incubation technologiques Bagr\u00e9","secteur agro-sylvo-pastoral"],"articleSection":["A la une","Actualit\u00e9","Agriculture"],"inLanguage":"fr-FR","potentialAction":[{"@type":"CommentAction","name":"Comment","target":["https:\/\/www.latribunedufaso.net\/?p=15772#respond"]}]},{"@type":"WebPage","@id":"https:\/\/www.latribunedufaso.net\/?p=15772","url":"https:\/\/www.latribunedufaso.net\/?p=15772","name":"Projet d\u2019incubation \u00e0 Bagr\u00e9 : La promotion \u00ab Renaissance \u00bb pr\u00eate \u00e0 r\u00e9volutionner l\u2019agro-sylvo-pastoral - La Tribune du Faso","isPartOf":{"@id":"https:\/\/www.latribunedufaso.net\/#website"},"primaryImageOfPage":{"@id":"https:\/\/www.latribunedufaso.net\/?p=15772#primaryimage"},"image":{"@id":"https:\/\/www.latribunedufaso.net\/?p=15772#primaryimage"},"thumbnailUrl":"https:\/\/www.latribunedufaso.net\/wp-content\/uploads\/2024\/09\/FB_IMG_1726272781840.jpg","datePublished":"2024-09-14T00:36:56+00:00","breadcrumb":{"@id":"https:\/\/www.latribunedufaso.net\/?p=15772#breadcrumb"},"inLanguage":"fr-FR","potentialAction":[{"@type":"ReadAction","target":["https:\/\/www.latribunedufaso.net\/?p=15772"]}]},{"@type":"ImageObject","inLanguage":"fr-FR","@id":"https:\/\/www.latribunedufaso.net\/?p=15772#primaryimage","url":"https:\/\/www.latribunedufaso.net\/wp-content\/uploads\/2024\/09\/FB_IMG_1726272781840.jpg","contentUrl":"https:\/\/www.latribunedufaso.net\/wp-content\/uploads\/2024\/09\/FB_IMG_1726272781840.jpg","width":720,"height":480,"caption":"Sortie de promotion du projet d'incubation Bagr\u00e9 - Ph. MARAH"},{"@type":"BreadcrumbList","@id":"https:\/\/www.latribunedufaso.net\/?p=15772#breadcrumb","itemListElement":[{"@type":"ListItem","position":1,"name":"Accueil","item":"https:\/\/www.latribunedufaso.net\/"},{"@type":"ListItem","position":2,"name":"Projet d\u2019incubation \u00e0 Bagr\u00e9 : La promotion \u00ab Renaissance \u00bb pr\u00eate \u00e0 r\u00e9volutionner l\u2019agro-sylvo-pastoral"}]},{"@type":"WebSite","@id":"https:\/\/www.latribunedufaso.net\/#website","url":"https:\/\/www.latribunedufaso.net\/","name":"La Tribune du Faso","description":"L&#039;information du monde rural en un clic","publisher":{"@id":"https:\/\/www.latribunedufaso.net\/#organization"},"potentialAction":[{"@type":"SearchAction","target":{"@type":"EntryPoint","urlTemplate":"https:\/\/www.latribunedufaso.net\/?s={search_term_string}"},"query-input":{"@type":"PropertyValueSpecification","valueRequired":true,"valueName":"search_term_string"}}],"inLanguage":"fr-FR"},{"@type":"Organization","@id":"https:\/\/www.latribunedufaso.net\/#organization","name":"La Tribune du Faso","url":"https:\/\/www.latribunedufaso.net\/","logo":{"@type":"ImageObject","inLanguage":"fr-FR","@id":"https:\/\/www.latribunedufaso.net\/#\/schema\/logo\/image\/","url":"https:\/\/www.latribunedufaso.net\/wp-content\/uploads\/2020\/08\/Logo-Tribune-du-Faso-final-scaled.jpg","contentUrl":"https:\/\/www.latribunedufaso.net\/wp-content\/uploads\/2020\/08\/Logo-Tribune-du-Faso-final-scaled.jpg","width":2560,"height":1856,"caption":"La Tribune du Faso"},"image":{"@id":"https:\/\/www.latribunedufaso.net\/#\/schema\/logo\/image\/"},"sameAs":["https:\/\/www.facebook.com\/LatribuneduFaso\/"]},{"@type":"Person","@id":"https:\/\/www.latribunedufaso.net\/#\/schema\/person\/e54e64c5778a7e72cf80a318b7a622b0","name":"Issouf Tapsoba","image":{"@type":"ImageObject","inLanguage":"fr-FR","@id":"https:\/\/secure.gravatar.com\/avatar\/5e6c05150ce3230247d167f5b94d678eb05936197436d69b7921e3a95c9107ac?s=96&d=mm&r=g","url":"https:\/\/secure.gravatar.com\/avatar\/5e6c05150ce3230247d167f5b94d678eb05936197436d69b7921e3a95c9107ac?s=96&d=mm&r=g","contentUrl":"https:\/\/secure.gravatar.com\/avatar\/5e6c05150ce3230247d167f5b94d678eb05936197436d69b7921e3a95c9107ac?s=96&d=mm&r=g","caption":"Issouf Tapsoba"},"url":"https:\/\/www.latribunedufaso.net\/?author=5"}]}},"_links":{"self":[{"href":"https:\/\/www.latribunedufaso.net\/index.php?rest_route=\/wp\/v2\/posts\/15772","targetHints":{"allow":["GET"]}}],"collection":[{"href":"https:\/\/www.latribunedufaso.net\/index.php?rest_route=\/wp\/v2\/posts"}],"about":[{"href":"https:\/\/www.latribunedufaso.net\/index.php?rest_route=\/wp\/v2\/types\/post"}],"author":[{"embeddable":true,"href":"https:\/\/www.latribunedufaso.net\/index.php?rest_route=\/wp\/v2\/users\/5"}],"replies":[{"embeddable":true,"href":"https:\/\/www.latribunedufaso.net\/index.php?rest_route=%2Fwp%2Fv2%2Fcomments&post=15772"}],"version-history":[{"count":1,"href":"https:\/\/www.latribunedufaso.net\/index.php?rest_route=\/wp\/v2\/posts\/15772\/revisions"}],"predecessor-version":[{"id":15777,"href":"https:\/\/www.latribunedufaso.net\/index.php?rest_route=\/wp\/v2\/posts\/15772\/revisions\/15777"}],"wp:featuredmedia":[{"embeddable":true,"href":"https:\/\/www.latribunedufaso.net\/index.php?rest_route=\/wp\/v2\/media\/15773"}],"wp:attachment":[{"href":"https:\/\/www.latribunedufaso.net\/index.php?rest_route=%2Fwp%2Fv2%2Fmedia&parent=15772"}],"wp:term":[{"taxonomy":"category","embeddable":true,"href":"https:\/\/www.latribunedufaso.net\/index.php?rest_route=%2Fwp%2Fv2%2Fcategories&post=15772"},{"taxonomy":"post_tag","embeddable":true,"href":"https:\/\/www.latribunedufaso.net\/index.php?rest_route=%2Fwp%2Fv2%2Ftags&post=15772"}],"curies":[{"name":"wp","href":"https:\/\/api.w.org\/{rel}","templated":true}]}}