{"id":15750,"date":"2024-09-12T19:00:05","date_gmt":"2024-09-12T19:00:05","guid":{"rendered":"https:\/\/www.latribunedufaso.net\/?p=15750"},"modified":"2024-09-12T20:02:03","modified_gmt":"2024-09-12T20:02:03","slug":"samao-ladministration-echange-avec-les-societes-minieres-sur-la-6e-edition","status":"publish","type":"post","link":"https:\/\/www.latribunedufaso.net\/?p=15750","title":{"rendered":"SAMAO : L\u2019administration \u00e9change avec les soci\u00e9t\u00e9s mini\u00e8res sur la 6e \u00e9dition\u00a0"},"content":{"rendered":"<p><strong style=\"font-size: 1.0625rem;\">Le compte \u00e0 rebours est lanc\u00e9 pour la 6\u1d49 \u00e9dition de la Semaine des activit\u00e9s mini\u00e8res d\u2019Afrique de l\u2019Ouest (SAMAO), pr\u00e9vue du 26 au 28 septembre 2024 \u00e0 Ouagadougou. Ce 12 septembre, Salif Boussim, Directeur de cabinet du ministre de l\u2019Energie, des Mines et des Carri\u00e8res, a pr\u00e9sid\u00e9 une rencontre d\u2019\u00e9changes et d\u2019information avec les soci\u00e9t\u00e9s op\u00e9rant au Burkina Faso. Cette r\u00e9union visait \u00e0 mettre au m\u00eame niveau d\u2019information l\u2019ensemble des acteurs, selon ce dernier.<\/strong><\/p>\n<p><!--more--><\/p>\n<p>A l&rsquo;\u00e9couter, au regard des enjeux que repr\u00e9sente la SAMAO et \u00e0 deux semaines de la tenue de cet \u00e9v\u00e9nement de renomm\u00e9e internationale, ces \u00e9changes vont \u00e9galement permettre de recueillir leurs pr\u00e9occupations.\u00a0<\/p>\n<p>Pour sa part, le Secr\u00e9taire technique du contenu local et de la promotion des investissements (ST-CLPI), Z\u00e9phirin Zongo, a rappel\u00e9 que la 6\u1d49 \u00e9dition qui a pour th\u00e8me <em><strong>\u00ab Les min\u00e9raux critiques : Quelles strat\u00e9gies de d\u00e9veloppement pour les pays Africains ? \u00bb\u00a0<\/strong><\/em><\/p>\n<figure id=\"attachment_15751\" aria-describedby=\"caption-attachment-15751\" style=\"width: 720px\" class=\"wp-caption aligncenter\"><a href=\"https:\/\/www.latribunedufaso.net\/wp-content\/uploads\/2024\/09\/FB_IMG_1726159223236.jpg\"><img loading=\"lazy\" decoding=\"async\" class=\"size-full wp-image-15751\" src=\"https:\/\/www.latribunedufaso.net\/wp-content\/uploads\/2024\/09\/FB_IMG_1726159223236.jpg\" alt=\"rencontre d\u2019\u00e9changes et d\u2019information avec les soci\u00e9t\u00e9s mini\u00e8res pour les pr\u00e9paratifs de la 6e \u00e9dition de SAMAO\" width=\"720\" height=\"596\" srcset=\"https:\/\/www.latribunedufaso.net\/wp-content\/uploads\/2024\/09\/FB_IMG_1726159223236.jpg 720w, https:\/\/www.latribunedufaso.net\/wp-content\/uploads\/2024\/09\/FB_IMG_1726159223236-300x248.jpg 300w\" sizes=\"auto, (max-width: 720px) 100vw, 720px\" \/><\/a><figcaption id=\"caption-attachment-15751\" class=\"wp-caption-text\">Le Directeur de cabinet du ministre de l\u2019Energie, des Mines et des Carri\u00e8res, Salif Boussim &#8211; Ph. MEMC<\/figcaption><\/figure>\n<p>Prenant la parole au nom des soci\u00e9t\u00e9s mini\u00e8res, Tidiane Barry, Pr\u00e9sident d\u2019Honneur de la Chambre des mines du Burkina Faso (CMB), a salu\u00e9 la pertinence du th\u00e8me de l\u2019\u00e9dition 2024 de la SAMAO. Il a t\u00e9moign\u00e9 la disponibilit\u00e9 de tous les acteurs du secteur \u00e0 accompagner l\u2019organisation de l\u2019\u00e9v\u00e8nement.<\/p>\n<blockquote>\n<p>Lire aussi &gt;&gt; <a href=\"https:\/\/www.latribunedufaso.net\/?p=9482\">Cl\u00f4ture de la 5eme \u00e9dition de la SAMAO : Les \u00e9changes ont abouti \u00e0 des recommandations pour le d\u00e9veloppement des \u00e9conomies locales<\/a><\/p>\n<\/blockquote>\n<p>Outre les communications et les panels, des rencontres B2B, des expositions et des visites terrain sont au programme de cette \u00e9dition de la SAMAO.<\/p>\n<p><strong>Latribunedufaso.n<span style=\"font-size: 1.0625rem;\">et<\/span><\/strong><\/p>\n<p><strong><span style=\"font-size: 1.0625rem;\">Source : MEMC\u00a0<\/span><\/strong><\/p>\n","protected":false},"excerpt":{"rendered":"<p>Le compte \u00e0 rebours est lanc\u00e9 pour la 6\u1d49 \u00e9dition de la Semaine des activit\u00e9s mini\u00e8res d\u2019Afrique de l\u2019Ouest (SAMAO), pr\u00e9vue du 26 au 28 septembre 2024 \u00e0 Ouagadougou. Ce 12 septembre, Salif Boussim, Directeur de cabinet du ministre de l\u2019Energie, des Mines et des Carri\u00e8res, a pr\u00e9sid\u00e9 une rencontre d\u2019\u00e9changes et d\u2019information avec les soci\u00e9t\u00e9s op\u00e9rant au Burkina Faso. Cette r\u00e9union visait \u00e0 mettre au m\u00eame niveau d\u2019information l\u2019ensemble des acteurs, selon ce dernier.<\/p>\n","protected":false},"author":5,"featured_media":15752,"comment_status":"open","ping_status":"open","sticky":false,"template":"","format":"standard","meta":{"footnotes":""},"categories":[13,1,19],"tags":[39,52,199],"class_list":["post-15750","post","type-post","status-publish","format-standard","has-post-thumbnail","hentry","category-une","category-actu","category-mines-et-carrieres","tag-latribunedufaso-net","tag-mines-et-carrieres","tag-samao"],"yoast_head":"<!-- This site is optimized with the Yoast SEO plugin v27.5 - https:\/\/yoast.com\/product\/yoast-seo-wordpress\/ -->\n<title>SAMAO : L\u2019administration \u00e9change avec les soci\u00e9t\u00e9s mini\u00e8res sur la 6e \u00e9dition\u00a0 - La Tribune du Faso<\/title>\n<meta name=\"robots\" content=\"index, follow, max-snippet:-1, max-image-preview:large, max-video-preview:-1\" \/>\n<link rel=\"canonical\" href=\"https:\/\/www.latribunedufaso.net\/?p=15750\" \/>\n<meta property=\"og:locale\" content=\"fr_FR\" \/>\n<meta property=\"og:type\" content=\"article\" \/>\n<meta property=\"og:title\" content=\"SAMAO : L\u2019administration \u00e9change avec les soci\u00e9t\u00e9s mini\u00e8res sur la 6e \u00e9dition\u00a0 - La Tribune du Faso\" \/>\n<meta property=\"og:description\" content=\"Le compte \u00e0 rebours est lanc\u00e9 pour la 6\u1d49 \u00e9dition de la Semaine des activit\u00e9s mini\u00e8res d\u2019Afrique de l\u2019Ouest (SAMAO), pr\u00e9vue du 26 au 28 septembre 2024 \u00e0 Ouagadougou. Ce 12 septembre, Salif Boussim, Directeur de cabinet du ministre de l\u2019Energie, des Mines et des Carri\u00e8res, a pr\u00e9sid\u00e9 une rencontre d\u2019\u00e9changes et d\u2019information avec les soci\u00e9t\u00e9s op\u00e9rant au Burkina Faso. Cette r\u00e9union visait \u00e0 mettre au m\u00eame niveau d\u2019information l\u2019ensemble des acteurs, selon ce dernier.\" \/>\n<meta property=\"og:url\" content=\"https:\/\/www.latribunedufaso.net\/?p=15750\" \/>\n<meta property=\"og:site_name\" content=\"La Tribune du Faso\" \/>\n<meta property=\"article:publisher\" content=\"https:\/\/www.facebook.com\/LatribuneduFaso\/\" \/>\n<meta property=\"article:published_time\" content=\"2024-09-12T19:00:05+00:00\" \/>\n<meta property=\"article:modified_time\" content=\"2024-09-12T20:02:03+00:00\" \/>\n<meta property=\"og:image\" content=\"https:\/\/www.latribunedufaso.net\/wp-content\/uploads\/2024\/09\/FB_IMG_1726159239628.jpg\" \/>\n\t<meta property=\"og:image:width\" content=\"720\" \/>\n\t<meta property=\"og:image:height\" content=\"480\" \/>\n\t<meta property=\"og:image:type\" content=\"image\/jpeg\" \/>\n<meta name=\"author\" content=\"Issouf Tapsoba\" \/>\n<meta name=\"twitter:label1\" content=\"\u00c9crit par\" \/>\n\t<meta name=\"twitter:data1\" content=\"Issouf Tapsoba\" \/>\n\t<meta name=\"twitter:label2\" content=\"Dur\u00e9e de lecture estim\u00e9e\" \/>\n\t<meta name=\"twitter:data2\" content=\"2 minutes\" \/>\n<script type=\"application\/ld+json\" class=\"yoast-schema-graph\">{\"@context\":\"https:\\\/\\\/schema.org\",\"@graph\":[{\"@type\":\"Article\",\"@id\":\"https:\\\/\\\/www.latribunedufaso.net\\\/?p=15750#article\",\"isPartOf\":{\"@id\":\"https:\\\/\\\/www.latribunedufaso.net\\\/?p=15750\"},\"author\":{\"name\":\"Issouf Tapsoba\",\"@id\":\"https:\\\/\\\/www.latribunedufaso.net\\\/#\\\/schema\\\/person\\\/e54e64c5778a7e72cf80a318b7a622b0\"},\"headline\":\"SAMAO : L\u2019administration \u00e9change avec les soci\u00e9t\u00e9s mini\u00e8res sur la 6e \u00e9dition\u00a0\",\"datePublished\":\"2024-09-12T19:00:05+00:00\",\"dateModified\":\"2024-09-12T20:02:03+00:00\",\"mainEntityOfPage\":{\"@id\":\"https:\\\/\\\/www.latribunedufaso.net\\\/?p=15750\"},\"wordCount\":319,\"commentCount\":0,\"publisher\":{\"@id\":\"https:\\\/\\\/www.latribunedufaso.net\\\/#organization\"},\"image\":{\"@id\":\"https:\\\/\\\/www.latribunedufaso.net\\\/?p=15750#primaryimage\"},\"thumbnailUrl\":\"https:\\\/\\\/www.latribunedufaso.net\\\/wp-content\\\/uploads\\\/2024\\\/09\\\/FB_IMG_1726159239628.jpg\",\"keywords\":[\"latribunedufaso.net\",\"mines et carri\u00e8res\",\"SAMAO\"],\"articleSection\":[\"A la une\",\"Actualit\u00e9\",\"Mines et Carri\u00e8res\"],\"inLanguage\":\"fr-FR\",\"potentialAction\":[{\"@type\":\"CommentAction\",\"name\":\"Comment\",\"target\":[\"https:\\\/\\\/www.latribunedufaso.net\\\/?p=15750#respond\"]}]},{\"@type\":\"WebPage\",\"@id\":\"https:\\\/\\\/www.latribunedufaso.net\\\/?p=15750\",\"url\":\"https:\\\/\\\/www.latribunedufaso.net\\\/?p=15750\",\"name\":\"SAMAO : L\u2019administration \u00e9change avec les soci\u00e9t\u00e9s mini\u00e8res sur la 6e \u00e9dition\u00a0 - La Tribune du Faso\",\"isPartOf\":{\"@id\":\"https:\\\/\\\/www.latribunedufaso.net\\\/#website\"},\"primaryImageOfPage\":{\"@id\":\"https:\\\/\\\/www.latribunedufaso.net\\\/?p=15750#primaryimage\"},\"image\":{\"@id\":\"https:\\\/\\\/www.latribunedufaso.net\\\/?p=15750#primaryimage\"},\"thumbnailUrl\":\"https:\\\/\\\/www.latribunedufaso.net\\\/wp-content\\\/uploads\\\/2024\\\/09\\\/FB_IMG_1726159239628.jpg\",\"datePublished\":\"2024-09-12T19:00:05+00:00\",\"dateModified\":\"2024-09-12T20:02:03+00:00\",\"breadcrumb\":{\"@id\":\"https:\\\/\\\/www.latribunedufaso.net\\\/?p=15750#breadcrumb\"},\"inLanguage\":\"fr-FR\",\"potentialAction\":[{\"@type\":\"ReadAction\",\"target\":[\"https:\\\/\\\/www.latribunedufaso.net\\\/?p=15750\"]}]},{\"@type\":\"ImageObject\",\"inLanguage\":\"fr-FR\",\"@id\":\"https:\\\/\\\/www.latribunedufaso.net\\\/?p=15750#primaryimage\",\"url\":\"https:\\\/\\\/www.latribunedufaso.net\\\/wp-content\\\/uploads\\\/2024\\\/09\\\/FB_IMG_1726159239628.jpg\",\"contentUrl\":\"https:\\\/\\\/www.latribunedufaso.net\\\/wp-content\\\/uploads\\\/2024\\\/09\\\/FB_IMG_1726159239628.jpg\",\"width\":720,\"height\":480,\"caption\":\"rencontre d\u2019\u00e9changes et d\u2019information avec les soci\u00e9t\u00e9s mini\u00e8res pour les pr\u00e9paratifs de la 6e \u00e9dition de SAMAO\"},{\"@type\":\"BreadcrumbList\",\"@id\":\"https:\\\/\\\/www.latribunedufaso.net\\\/?p=15750#breadcrumb\",\"itemListElement\":[{\"@type\":\"ListItem\",\"position\":1,\"name\":\"Accueil\",\"item\":\"https:\\\/\\\/www.latribunedufaso.net\\\/\"},{\"@type\":\"ListItem\",\"position\":2,\"name\":\"SAMAO : L\u2019administration \u00e9change avec les soci\u00e9t\u00e9s mini\u00e8res sur la 6e \u00e9dition\u00a0\"}]},{\"@type\":\"WebSite\",\"@id\":\"https:\\\/\\\/www.latribunedufaso.net\\\/#website\",\"url\":\"https:\\\/\\\/www.latribunedufaso.net\\\/\",\"name\":\"La Tribune du Faso\",\"description\":\"L&#039;information du monde rural en un clic\",\"publisher\":{\"@id\":\"https:\\\/\\\/www.latribunedufaso.net\\\/#organization\"},\"potentialAction\":[{\"@type\":\"SearchAction\",\"target\":{\"@type\":\"EntryPoint\",\"urlTemplate\":\"https:\\\/\\\/www.latribunedufaso.net\\\/?s={search_term_string}\"},\"query-input\":{\"@type\":\"PropertyValueSpecification\",\"valueRequired\":true,\"valueName\":\"search_term_string\"}}],\"inLanguage\":\"fr-FR\"},{\"@type\":\"Organization\",\"@id\":\"https:\\\/\\\/www.latribunedufaso.net\\\/#organization\",\"name\":\"La Tribune du Faso\",\"url\":\"https:\\\/\\\/www.latribunedufaso.net\\\/\",\"logo\":{\"@type\":\"ImageObject\",\"inLanguage\":\"fr-FR\",\"@id\":\"https:\\\/\\\/www.latribunedufaso.net\\\/#\\\/schema\\\/logo\\\/image\\\/\",\"url\":\"https:\\\/\\\/www.latribunedufaso.net\\\/wp-content\\\/uploads\\\/2020\\\/08\\\/Logo-Tribune-du-Faso-final-scaled.jpg\",\"contentUrl\":\"https:\\\/\\\/www.latribunedufaso.net\\\/wp-content\\\/uploads\\\/2020\\\/08\\\/Logo-Tribune-du-Faso-final-scaled.jpg\",\"width\":2560,\"height\":1856,\"caption\":\"La Tribune du Faso\"},\"image\":{\"@id\":\"https:\\\/\\\/www.latribunedufaso.net\\\/#\\\/schema\\\/logo\\\/image\\\/\"},\"sameAs\":[\"https:\\\/\\\/www.facebook.com\\\/LatribuneduFaso\\\/\"]},{\"@type\":\"Person\",\"@id\":\"https:\\\/\\\/www.latribunedufaso.net\\\/#\\\/schema\\\/person\\\/e54e64c5778a7e72cf80a318b7a622b0\",\"name\":\"Issouf Tapsoba\",\"image\":{\"@type\":\"ImageObject\",\"inLanguage\":\"fr-FR\",\"@id\":\"https:\\\/\\\/secure.gravatar.com\\\/avatar\\\/5e6c05150ce3230247d167f5b94d678eb05936197436d69b7921e3a95c9107ac?s=96&d=mm&r=g\",\"url\":\"https:\\\/\\\/secure.gravatar.com\\\/avatar\\\/5e6c05150ce3230247d167f5b94d678eb05936197436d69b7921e3a95c9107ac?s=96&d=mm&r=g\",\"contentUrl\":\"https:\\\/\\\/secure.gravatar.com\\\/avatar\\\/5e6c05150ce3230247d167f5b94d678eb05936197436d69b7921e3a95c9107ac?s=96&d=mm&r=g\",\"caption\":\"Issouf Tapsoba\"},\"url\":\"https:\\\/\\\/www.latribunedufaso.net\\\/?author=5\"}]}<\/script>\n<!-- \/ Yoast SEO plugin. -->","yoast_head_json":{"title":"SAMAO : L\u2019administration \u00e9change avec les soci\u00e9t\u00e9s mini\u00e8res sur la 6e \u00e9dition\u00a0 - La Tribune du Faso","robots":{"index":"index","follow":"follow","max-snippet":"max-snippet:-1","max-image-preview":"max-image-preview:large","max-video-preview":"max-video-preview:-1"},"canonical":"https:\/\/www.latribunedufaso.net\/?p=15750","og_locale":"fr_FR","og_type":"article","og_title":"SAMAO : L\u2019administration \u00e9change avec les soci\u00e9t\u00e9s mini\u00e8res sur la 6e \u00e9dition\u00a0 - La Tribune du Faso","og_description":"Le compte \u00e0 rebours est lanc\u00e9 pour la 6\u1d49 \u00e9dition de la Semaine des activit\u00e9s mini\u00e8res d\u2019Afrique de l\u2019Ouest (SAMAO), pr\u00e9vue du 26 au 28 septembre 2024 \u00e0 Ouagadougou. Ce 12 septembre, Salif Boussim, Directeur de cabinet du ministre de l\u2019Energie, des Mines et des Carri\u00e8res, a pr\u00e9sid\u00e9 une rencontre d\u2019\u00e9changes et d\u2019information avec les soci\u00e9t\u00e9s op\u00e9rant au Burkina Faso. Cette r\u00e9union visait \u00e0 mettre au m\u00eame niveau d\u2019information l\u2019ensemble des acteurs, selon ce dernier.","og_url":"https:\/\/www.latribunedufaso.net\/?p=15750","og_site_name":"La Tribune du Faso","article_publisher":"https:\/\/www.facebook.com\/LatribuneduFaso\/","article_published_time":"2024-09-12T19:00:05+00:00","article_modified_time":"2024-09-12T20:02:03+00:00","og_image":[{"width":720,"height":480,"url":"https:\/\/www.latribunedufaso.net\/wp-content\/uploads\/2024\/09\/FB_IMG_1726159239628.jpg","type":"image\/jpeg"}],"author":"Issouf Tapsoba","twitter_misc":{"\u00c9crit par":"Issouf Tapsoba","Dur\u00e9e de lecture estim\u00e9e":"2 minutes"},"schema":{"@context":"https:\/\/schema.org","@graph":[{"@type":"Article","@id":"https:\/\/www.latribunedufaso.net\/?p=15750#article","isPartOf":{"@id":"https:\/\/www.latribunedufaso.net\/?p=15750"},"author":{"name":"Issouf Tapsoba","@id":"https:\/\/www.latribunedufaso.net\/#\/schema\/person\/e54e64c5778a7e72cf80a318b7a622b0"},"headline":"SAMAO : L\u2019administration \u00e9change avec les soci\u00e9t\u00e9s mini\u00e8res sur la 6e \u00e9dition\u00a0","datePublished":"2024-09-12T19:00:05+00:00","dateModified":"2024-09-12T20:02:03+00:00","mainEntityOfPage":{"@id":"https:\/\/www.latribunedufaso.net\/?p=15750"},"wordCount":319,"commentCount":0,"publisher":{"@id":"https:\/\/www.latribunedufaso.net\/#organization"},"image":{"@id":"https:\/\/www.latribunedufaso.net\/?p=15750#primaryimage"},"thumbnailUrl":"https:\/\/www.latribunedufaso.net\/wp-content\/uploads\/2024\/09\/FB_IMG_1726159239628.jpg","keywords":["latribunedufaso.net","mines et carri\u00e8res","SAMAO"],"articleSection":["A la une","Actualit\u00e9","Mines et Carri\u00e8res"],"inLanguage":"fr-FR","potentialAction":[{"@type":"CommentAction","name":"Comment","target":["https:\/\/www.latribunedufaso.net\/?p=15750#respond"]}]},{"@type":"WebPage","@id":"https:\/\/www.latribunedufaso.net\/?p=15750","url":"https:\/\/www.latribunedufaso.net\/?p=15750","name":"SAMAO : L\u2019administration \u00e9change avec les soci\u00e9t\u00e9s mini\u00e8res sur la 6e \u00e9dition\u00a0 - La Tribune du Faso","isPartOf":{"@id":"https:\/\/www.latribunedufaso.net\/#website"},"primaryImageOfPage":{"@id":"https:\/\/www.latribunedufaso.net\/?p=15750#primaryimage"},"image":{"@id":"https:\/\/www.latribunedufaso.net\/?p=15750#primaryimage"},"thumbnailUrl":"https:\/\/www.latribunedufaso.net\/wp-content\/uploads\/2024\/09\/FB_IMG_1726159239628.jpg","datePublished":"2024-09-12T19:00:05+00:00","dateModified":"2024-09-12T20:02:03+00:00","breadcrumb":{"@id":"https:\/\/www.latribunedufaso.net\/?p=15750#breadcrumb"},"inLanguage":"fr-FR","potentialAction":[{"@type":"ReadAction","target":["https:\/\/www.latribunedufaso.net\/?p=15750"]}]},{"@type":"ImageObject","inLanguage":"fr-FR","@id":"https:\/\/www.latribunedufaso.net\/?p=15750#primaryimage","url":"https:\/\/www.latribunedufaso.net\/wp-content\/uploads\/2024\/09\/FB_IMG_1726159239628.jpg","contentUrl":"https:\/\/www.latribunedufaso.net\/wp-content\/uploads\/2024\/09\/FB_IMG_1726159239628.jpg","width":720,"height":480,"caption":"rencontre d\u2019\u00e9changes et d\u2019information avec les soci\u00e9t\u00e9s mini\u00e8res pour les pr\u00e9paratifs de la 6e \u00e9dition de SAMAO"},{"@type":"BreadcrumbList","@id":"https:\/\/www.latribunedufaso.net\/?p=15750#breadcrumb","itemListElement":[{"@type":"ListItem","position":1,"name":"Accueil","item":"https:\/\/www.latribunedufaso.net\/"},{"@type":"ListItem","position":2,"name":"SAMAO : L\u2019administration \u00e9change avec les soci\u00e9t\u00e9s mini\u00e8res sur la 6e \u00e9dition\u00a0"}]},{"@type":"WebSite","@id":"https:\/\/www.latribunedufaso.net\/#website","url":"https:\/\/www.latribunedufaso.net\/","name":"La Tribune du Faso","description":"L&#039;information du monde rural en un clic","publisher":{"@id":"https:\/\/www.latribunedufaso.net\/#organization"},"potentialAction":[{"@type":"SearchAction","target":{"@type":"EntryPoint","urlTemplate":"https:\/\/www.latribunedufaso.net\/?s={search_term_string}"},"query-input":{"@type":"PropertyValueSpecification","valueRequired":true,"valueName":"search_term_string"}}],"inLanguage":"fr-FR"},{"@type":"Organization","@id":"https:\/\/www.latribunedufaso.net\/#organization","name":"La Tribune du Faso","url":"https:\/\/www.latribunedufaso.net\/","logo":{"@type":"ImageObject","inLanguage":"fr-FR","@id":"https:\/\/www.latribunedufaso.net\/#\/schema\/logo\/image\/","url":"https:\/\/www.latribunedufaso.net\/wp-content\/uploads\/2020\/08\/Logo-Tribune-du-Faso-final-scaled.jpg","contentUrl":"https:\/\/www.latribunedufaso.net\/wp-content\/uploads\/2020\/08\/Logo-Tribune-du-Faso-final-scaled.jpg","width":2560,"height":1856,"caption":"La Tribune du Faso"},"image":{"@id":"https:\/\/www.latribunedufaso.net\/#\/schema\/logo\/image\/"},"sameAs":["https:\/\/www.facebook.com\/LatribuneduFaso\/"]},{"@type":"Person","@id":"https:\/\/www.latribunedufaso.net\/#\/schema\/person\/e54e64c5778a7e72cf80a318b7a622b0","name":"Issouf Tapsoba","image":{"@type":"ImageObject","inLanguage":"fr-FR","@id":"https:\/\/secure.gravatar.com\/avatar\/5e6c05150ce3230247d167f5b94d678eb05936197436d69b7921e3a95c9107ac?s=96&d=mm&r=g","url":"https:\/\/secure.gravatar.com\/avatar\/5e6c05150ce3230247d167f5b94d678eb05936197436d69b7921e3a95c9107ac?s=96&d=mm&r=g","contentUrl":"https:\/\/secure.gravatar.com\/avatar\/5e6c05150ce3230247d167f5b94d678eb05936197436d69b7921e3a95c9107ac?s=96&d=mm&r=g","caption":"Issouf Tapsoba"},"url":"https:\/\/www.latribunedufaso.net\/?author=5"}]}},"_links":{"self":[{"href":"https:\/\/www.latribunedufaso.net\/index.php?rest_route=\/wp\/v2\/posts\/15750","targetHints":{"allow":["GET"]}}],"collection":[{"href":"https:\/\/www.latribunedufaso.net\/index.php?rest_route=\/wp\/v2\/posts"}],"about":[{"href":"https:\/\/www.latribunedufaso.net\/index.php?rest_route=\/wp\/v2\/types\/post"}],"author":[{"embeddable":true,"href":"https:\/\/www.latribunedufaso.net\/index.php?rest_route=\/wp\/v2\/users\/5"}],"replies":[{"embeddable":true,"href":"https:\/\/www.latribunedufaso.net\/index.php?rest_route=%2Fwp%2Fv2%2Fcomments&post=15750"}],"version-history":[{"count":2,"href":"https:\/\/www.latribunedufaso.net\/index.php?rest_route=\/wp\/v2\/posts\/15750\/revisions"}],"predecessor-version":[{"id":15755,"href":"https:\/\/www.latribunedufaso.net\/index.php?rest_route=\/wp\/v2\/posts\/15750\/revisions\/15755"}],"wp:featuredmedia":[{"embeddable":true,"href":"https:\/\/www.latribunedufaso.net\/index.php?rest_route=\/wp\/v2\/media\/15752"}],"wp:attachment":[{"href":"https:\/\/www.latribunedufaso.net\/index.php?rest_route=%2Fwp%2Fv2%2Fmedia&parent=15750"}],"wp:term":[{"taxonomy":"category","embeddable":true,"href":"https:\/\/www.latribunedufaso.net\/index.php?rest_route=%2Fwp%2Fv2%2Fcategories&post=15750"},{"taxonomy":"post_tag","embeddable":true,"href":"https:\/\/www.latribunedufaso.net\/index.php?rest_route=%2Fwp%2Fv2%2Ftags&post=15750"}],"curies":[{"name":"wp","href":"https:\/\/api.w.org\/{rel}","templated":true}]}}