{"id":15706,"date":"2024-09-10T17:55:03","date_gmt":"2024-09-10T17:55:03","guid":{"rendered":"https:\/\/www.latribunedufaso.net\/?p=15706"},"modified":"2024-09-10T17:55:03","modified_gmt":"2024-09-10T17:55:03","slug":"burkina-faso-lambassadeur-des-etats-unis-recu-en-audience-par-le-ministre-edasso-rodrigue-bayala","status":"publish","type":"post","link":"https:\/\/www.latribunedufaso.net\/?p=15706","title":{"rendered":"Burkina Faso : L\u2019ambassadeur des Etats-Unis, re\u00e7u en audience par le ministre Edasso Rodrigue Bayala\u00a0"},"content":{"rendered":"<p><strong style=\"font-size: 1.0625rem;\">Le ministre de la Justice et des Droits humains, charg\u00e9 des Relations avec les Institutions, Garde des sceaux, Me Edasso Rodrigue BAYALA, a re\u00e7u l\u2019ambassadeur des \u00c9tats-Unis d\u2019Am\u00e9rique, Joann M. Lockard, ce mardi 10 Septembre 2024,\u00e0 Ouagadougou.<\/strong><\/p>\n<p><!--more--><\/p>\n<p>La diplomate am\u00e9ricaine dit \u00eatre venue se pr\u00e9senter au ministre Bayala. Elle n\u2019a pas manqu\u00e9 de f\u00e9liciter le Garde des Sceaux pour son leadership \u00e0 la t\u00eate du d\u00e9partement de la justice et des droits humains et surtout pour les r\u00e9formes judiciaires engag\u00e9es dans la lutte contre le terrorisme en y alliant le volet respect des droits de l\u2019homme.<\/p>\n<figure id=\"attachment_15710\" aria-describedby=\"caption-attachment-15710\" style=\"width: 720px\" class=\"wp-caption aligncenter\"><a href=\"https:\/\/www.latribunedufaso.net\/wp-content\/uploads\/2024\/09\/FB_IMG_1725990168946.jpg\"><img loading=\"lazy\" decoding=\"async\" class=\"size-full wp-image-15710\" src=\"https:\/\/www.latribunedufaso.net\/wp-content\/uploads\/2024\/09\/FB_IMG_1725990168946.jpg\" alt=\"Visite de l'ambassadrice des \u00c9tats-Unis d\u2019Am\u00e9rique, Joann M. Lockard, minist\u00e8re de la Justice, 10 septembre 2024\" width=\"720\" height=\"773\" srcset=\"https:\/\/www.latribunedufaso.net\/wp-content\/uploads\/2024\/09\/FB_IMG_1725990168946.jpg 720w, https:\/\/www.latribunedufaso.net\/wp-content\/uploads\/2024\/09\/FB_IMG_1725990168946-279x300.jpg 279w\" sizes=\"auto, (max-width: 720px) 100vw, 720px\" \/><\/a><figcaption id=\"caption-attachment-15710\" class=\"wp-caption-text\">Joann M. Lockard a r\u00e9affirm\u00e9 la volont\u00e9 de son pays \u00e0 accompagner le Burkina Faso dans l\u2019atteinte de ses objectifs &#8211; Ph. MJDHRI<\/figcaption><\/figure>\n<p>Cette audience a \u00e9galement servi de cadre aux deux parties pour \u00e9voquer des dossiers d\u2019int\u00e9r\u00eat commun, notamment, des dossiers relatifs \u00e0 la justice et aux droits humains. La diplomate a saisi l\u2019opportunit\u00e9 pour se faire une id\u00e9e des priorit\u00e9s actuelles du d\u00e9partement surtout en mati\u00e8re de justice et de droits humains en tenant compte de la situation difficile que traverse le pays afin de voir dans quelle mesure les \u00c9tats-Unis pourraient apporter leur concours.\u00a0<\/p>\n<figure id=\"attachment_15711\" aria-describedby=\"caption-attachment-15711\" style=\"width: 720px\" class=\"wp-caption aligncenter\"><a href=\"https:\/\/www.latribunedufaso.net\/wp-content\/uploads\/2024\/09\/FB_IMG_1725990457362.jpg\"><img loading=\"lazy\" decoding=\"async\" class=\"size-full wp-image-15711\" src=\"https:\/\/www.latribunedufaso.net\/wp-content\/uploads\/2024\/09\/FB_IMG_1725990457362.jpg\" alt=\"Visite de l'ambassadrice des \u00c9tats-Unis d\u2019Am\u00e9rique, Joann M. Lockard, minist\u00e8re de la Justice, 10 septembre 2024\" width=\"720\" height=\"541\" srcset=\"https:\/\/www.latribunedufaso.net\/wp-content\/uploads\/2024\/09\/FB_IMG_1725990457362.jpg 720w, https:\/\/www.latribunedufaso.net\/wp-content\/uploads\/2024\/09\/FB_IMG_1725990457362-300x225.jpg 300w\" sizes=\"auto, (max-width: 720px) 100vw, 720px\" \/><\/a><figcaption id=\"caption-attachment-15711\" class=\"wp-caption-text\">Cette audience a servi de cadre aux deux parties pour \u00e9voquer des dossiers d\u2019int\u00e9r\u00eat commun, notamment, des dossiers relatifs \u00e0 la justice et aux droits humains &#8211; Ph. MJDHRI<\/figcaption><\/figure>\n<p>Joann M. Lockard a r\u00e9affirm\u00e9 la volont\u00e9 de son pays \u00e0 accompagner le Burkina Faso dans l\u2019atteinte de ses objectifs.\u00a0<\/p>\n<blockquote>\n<p>Lire aussi &gt;&gt; <a href=\"https:\/\/www.latribunedufaso.net\/?p=8742\">Lutte contre l\u2019ins\u00e9curit\u00e9 : Mise \u00e0 disposition d\u2019un manuel de droits humains au profit des FDS<\/a><\/p>\n<\/blockquote>\n<p>Me Edasso Rodrigue Bayala a remerci\u00e9 la diplomate am\u00e9ricaine en la f\u00e9licitant pour la d\u00e9marche adopt\u00e9e qui renforce les liens entre les deux pays. Il s\u2019est dit ouvert et disponible pour la bonne marche de cette coop\u00e9ration.<\/p>\n<p><strong>Latribunedufaso.net\u00a0<\/strong><\/p>\n<p><strong>Source <span style=\"font-size: 1.0625rem;\">: MJDHRI\u00a0<\/span><\/strong><\/p>\n","protected":false},"excerpt":{"rendered":"<p>Le ministre de la Justice et des Droits humains, charg\u00e9 des Relations avec les Institutions, Garde des sceaux, Me Edasso Rodrigue BAYALA, a re\u00e7u l\u2019ambassadeur des \u00c9tats-Unis d\u2019Am\u00e9rique, Joann M. Lockard, ce mardi 10 Septembre 2024,\u00e0 Ouagadougou.<\/p>\n","protected":false},"author":5,"featured_media":15709,"comment_status":"open","ping_status":"open","sticky":false,"template":"","format":"standard","meta":{"footnotes":""},"categories":[13,1,8],"tags":[193,90,39],"class_list":["post-15706","post","type-post","status-publish","format-standard","has-post-thumbnail","hentry","category-une","category-actu","category-societe","tag-cooperation-usa-et-burkina","tag-droits-humains","tag-latribunedufaso-net"],"yoast_head":"<!-- This site is optimized with the Yoast SEO plugin v27.5 - https:\/\/yoast.com\/product\/yoast-seo-wordpress\/ -->\n<title>Burkina Faso : L\u2019ambassadeur des Etats-Unis, re\u00e7u en audience par le ministre Edasso Rodrigue Bayala\u00a0 - La Tribune du Faso<\/title>\n<meta name=\"robots\" content=\"index, follow, max-snippet:-1, max-image-preview:large, max-video-preview:-1\" \/>\n<link rel=\"canonical\" href=\"https:\/\/www.latribunedufaso.net\/?p=15706\" \/>\n<meta property=\"og:locale\" content=\"fr_FR\" \/>\n<meta property=\"og:type\" content=\"article\" \/>\n<meta property=\"og:title\" content=\"Burkina Faso : L\u2019ambassadeur des Etats-Unis, re\u00e7u en audience par le ministre Edasso Rodrigue Bayala\u00a0 - La Tribune du Faso\" \/>\n<meta property=\"og:description\" content=\"Le ministre de la Justice et des Droits humains, charg\u00e9 des Relations avec les Institutions, Garde des sceaux, Me Edasso Rodrigue BAYALA, a re\u00e7u l\u2019ambassadeur des \u00c9tats-Unis d\u2019Am\u00e9rique, Joann M. Lockard, ce mardi 10 Septembre 2024,\u00e0 Ouagadougou.\" \/>\n<meta property=\"og:url\" content=\"https:\/\/www.latribunedufaso.net\/?p=15706\" \/>\n<meta property=\"og:site_name\" content=\"La Tribune du Faso\" \/>\n<meta property=\"article:publisher\" content=\"https:\/\/www.facebook.com\/LatribuneduFaso\/\" \/>\n<meta property=\"article:published_time\" content=\"2024-09-10T17:55:03+00:00\" \/>\n<meta property=\"og:image\" content=\"https:\/\/www.latribunedufaso.net\/wp-content\/uploads\/2024\/09\/FB_IMG_1725990176722.jpg\" \/>\n\t<meta property=\"og:image:width\" content=\"720\" \/>\n\t<meta property=\"og:image:height\" content=\"382\" \/>\n\t<meta property=\"og:image:type\" content=\"image\/jpeg\" \/>\n<meta name=\"author\" content=\"Issouf Tapsoba\" \/>\n<meta name=\"twitter:label1\" content=\"\u00c9crit par\" \/>\n\t<meta name=\"twitter:data1\" content=\"Issouf Tapsoba\" \/>\n\t<meta name=\"twitter:label2\" content=\"Dur\u00e9e de lecture estim\u00e9e\" \/>\n\t<meta name=\"twitter:data2\" content=\"2 minutes\" \/>\n<script type=\"application\/ld+json\" class=\"yoast-schema-graph\">{\"@context\":\"https:\\\/\\\/schema.org\",\"@graph\":[{\"@type\":\"Article\",\"@id\":\"https:\\\/\\\/www.latribunedufaso.net\\\/?p=15706#article\",\"isPartOf\":{\"@id\":\"https:\\\/\\\/www.latribunedufaso.net\\\/?p=15706\"},\"author\":{\"name\":\"Issouf Tapsoba\",\"@id\":\"https:\\\/\\\/www.latribunedufaso.net\\\/#\\\/schema\\\/person\\\/e54e64c5778a7e72cf80a318b7a622b0\"},\"headline\":\"Burkina Faso : L\u2019ambassadeur des Etats-Unis, re\u00e7u en audience par le ministre Edasso Rodrigue Bayala\u00a0\",\"datePublished\":\"2024-09-10T17:55:03+00:00\",\"mainEntityOfPage\":{\"@id\":\"https:\\\/\\\/www.latribunedufaso.net\\\/?p=15706\"},\"wordCount\":361,\"commentCount\":0,\"publisher\":{\"@id\":\"https:\\\/\\\/www.latribunedufaso.net\\\/#organization\"},\"image\":{\"@id\":\"https:\\\/\\\/www.latribunedufaso.net\\\/?p=15706#primaryimage\"},\"thumbnailUrl\":\"https:\\\/\\\/www.latribunedufaso.net\\\/wp-content\\\/uploads\\\/2024\\\/09\\\/FB_IMG_1725990176722.jpg\",\"keywords\":[\"coop\u00e9ration USA et Burkina\",\"droits humains\",\"latribunedufaso.net\"],\"articleSection\":[\"A la une\",\"Actualit\u00e9\",\"Soci\u00e9t\u00e9\"],\"inLanguage\":\"fr-FR\",\"potentialAction\":[{\"@type\":\"CommentAction\",\"name\":\"Comment\",\"target\":[\"https:\\\/\\\/www.latribunedufaso.net\\\/?p=15706#respond\"]}]},{\"@type\":\"WebPage\",\"@id\":\"https:\\\/\\\/www.latribunedufaso.net\\\/?p=15706\",\"url\":\"https:\\\/\\\/www.latribunedufaso.net\\\/?p=15706\",\"name\":\"Burkina Faso : L\u2019ambassadeur des Etats-Unis, re\u00e7u en audience par le ministre Edasso Rodrigue Bayala\u00a0 - La Tribune du Faso\",\"isPartOf\":{\"@id\":\"https:\\\/\\\/www.latribunedufaso.net\\\/#website\"},\"primaryImageOfPage\":{\"@id\":\"https:\\\/\\\/www.latribunedufaso.net\\\/?p=15706#primaryimage\"},\"image\":{\"@id\":\"https:\\\/\\\/www.latribunedufaso.net\\\/?p=15706#primaryimage\"},\"thumbnailUrl\":\"https:\\\/\\\/www.latribunedufaso.net\\\/wp-content\\\/uploads\\\/2024\\\/09\\\/FB_IMG_1725990176722.jpg\",\"datePublished\":\"2024-09-10T17:55:03+00:00\",\"breadcrumb\":{\"@id\":\"https:\\\/\\\/www.latribunedufaso.net\\\/?p=15706#breadcrumb\"},\"inLanguage\":\"fr-FR\",\"potentialAction\":[{\"@type\":\"ReadAction\",\"target\":[\"https:\\\/\\\/www.latribunedufaso.net\\\/?p=15706\"]}]},{\"@type\":\"ImageObject\",\"inLanguage\":\"fr-FR\",\"@id\":\"https:\\\/\\\/www.latribunedufaso.net\\\/?p=15706#primaryimage\",\"url\":\"https:\\\/\\\/www.latribunedufaso.net\\\/wp-content\\\/uploads\\\/2024\\\/09\\\/FB_IMG_1725990176722.jpg\",\"contentUrl\":\"https:\\\/\\\/www.latribunedufaso.net\\\/wp-content\\\/uploads\\\/2024\\\/09\\\/FB_IMG_1725990176722.jpg\",\"width\":720,\"height\":382,\"caption\":\"Visite de l'ambassadrice des \u00c9tats-Unis d\u2019Am\u00e9rique, Joann M. Lockard, minist\u00e8re de la Justice, 10 septembre 2024\"},{\"@type\":\"BreadcrumbList\",\"@id\":\"https:\\\/\\\/www.latribunedufaso.net\\\/?p=15706#breadcrumb\",\"itemListElement\":[{\"@type\":\"ListItem\",\"position\":1,\"name\":\"Accueil\",\"item\":\"https:\\\/\\\/www.latribunedufaso.net\\\/\"},{\"@type\":\"ListItem\",\"position\":2,\"name\":\"Burkina Faso : L\u2019ambassadeur des Etats-Unis, re\u00e7u en audience par le ministre Edasso Rodrigue Bayala\u00a0\"}]},{\"@type\":\"WebSite\",\"@id\":\"https:\\\/\\\/www.latribunedufaso.net\\\/#website\",\"url\":\"https:\\\/\\\/www.latribunedufaso.net\\\/\",\"name\":\"La Tribune du Faso\",\"description\":\"L&#039;information du monde rural en un clic\",\"publisher\":{\"@id\":\"https:\\\/\\\/www.latribunedufaso.net\\\/#organization\"},\"potentialAction\":[{\"@type\":\"SearchAction\",\"target\":{\"@type\":\"EntryPoint\",\"urlTemplate\":\"https:\\\/\\\/www.latribunedufaso.net\\\/?s={search_term_string}\"},\"query-input\":{\"@type\":\"PropertyValueSpecification\",\"valueRequired\":true,\"valueName\":\"search_term_string\"}}],\"inLanguage\":\"fr-FR\"},{\"@type\":\"Organization\",\"@id\":\"https:\\\/\\\/www.latribunedufaso.net\\\/#organization\",\"name\":\"La Tribune du Faso\",\"url\":\"https:\\\/\\\/www.latribunedufaso.net\\\/\",\"logo\":{\"@type\":\"ImageObject\",\"inLanguage\":\"fr-FR\",\"@id\":\"https:\\\/\\\/www.latribunedufaso.net\\\/#\\\/schema\\\/logo\\\/image\\\/\",\"url\":\"https:\\\/\\\/www.latribunedufaso.net\\\/wp-content\\\/uploads\\\/2020\\\/08\\\/Logo-Tribune-du-Faso-final-scaled.jpg\",\"contentUrl\":\"https:\\\/\\\/www.latribunedufaso.net\\\/wp-content\\\/uploads\\\/2020\\\/08\\\/Logo-Tribune-du-Faso-final-scaled.jpg\",\"width\":2560,\"height\":1856,\"caption\":\"La Tribune du Faso\"},\"image\":{\"@id\":\"https:\\\/\\\/www.latribunedufaso.net\\\/#\\\/schema\\\/logo\\\/image\\\/\"},\"sameAs\":[\"https:\\\/\\\/www.facebook.com\\\/LatribuneduFaso\\\/\"]},{\"@type\":\"Person\",\"@id\":\"https:\\\/\\\/www.latribunedufaso.net\\\/#\\\/schema\\\/person\\\/e54e64c5778a7e72cf80a318b7a622b0\",\"name\":\"Issouf Tapsoba\",\"image\":{\"@type\":\"ImageObject\",\"inLanguage\":\"fr-FR\",\"@id\":\"https:\\\/\\\/secure.gravatar.com\\\/avatar\\\/5e6c05150ce3230247d167f5b94d678eb05936197436d69b7921e3a95c9107ac?s=96&d=mm&r=g\",\"url\":\"https:\\\/\\\/secure.gravatar.com\\\/avatar\\\/5e6c05150ce3230247d167f5b94d678eb05936197436d69b7921e3a95c9107ac?s=96&d=mm&r=g\",\"contentUrl\":\"https:\\\/\\\/secure.gravatar.com\\\/avatar\\\/5e6c05150ce3230247d167f5b94d678eb05936197436d69b7921e3a95c9107ac?s=96&d=mm&r=g\",\"caption\":\"Issouf Tapsoba\"},\"url\":\"https:\\\/\\\/www.latribunedufaso.net\\\/?author=5\"}]}<\/script>\n<!-- \/ Yoast SEO plugin. -->","yoast_head_json":{"title":"Burkina Faso : L\u2019ambassadeur des Etats-Unis, re\u00e7u en audience par le ministre Edasso Rodrigue Bayala\u00a0 - La Tribune du Faso","robots":{"index":"index","follow":"follow","max-snippet":"max-snippet:-1","max-image-preview":"max-image-preview:large","max-video-preview":"max-video-preview:-1"},"canonical":"https:\/\/www.latribunedufaso.net\/?p=15706","og_locale":"fr_FR","og_type":"article","og_title":"Burkina Faso : L\u2019ambassadeur des Etats-Unis, re\u00e7u en audience par le ministre Edasso Rodrigue Bayala\u00a0 - La Tribune du Faso","og_description":"Le ministre de la Justice et des Droits humains, charg\u00e9 des Relations avec les Institutions, Garde des sceaux, Me Edasso Rodrigue BAYALA, a re\u00e7u l\u2019ambassadeur des \u00c9tats-Unis d\u2019Am\u00e9rique, Joann M. Lockard, ce mardi 10 Septembre 2024,\u00e0 Ouagadougou.","og_url":"https:\/\/www.latribunedufaso.net\/?p=15706","og_site_name":"La Tribune du Faso","article_publisher":"https:\/\/www.facebook.com\/LatribuneduFaso\/","article_published_time":"2024-09-10T17:55:03+00:00","og_image":[{"width":720,"height":382,"url":"https:\/\/www.latribunedufaso.net\/wp-content\/uploads\/2024\/09\/FB_IMG_1725990176722.jpg","type":"image\/jpeg"}],"author":"Issouf Tapsoba","twitter_misc":{"\u00c9crit par":"Issouf Tapsoba","Dur\u00e9e de lecture estim\u00e9e":"2 minutes"},"schema":{"@context":"https:\/\/schema.org","@graph":[{"@type":"Article","@id":"https:\/\/www.latribunedufaso.net\/?p=15706#article","isPartOf":{"@id":"https:\/\/www.latribunedufaso.net\/?p=15706"},"author":{"name":"Issouf Tapsoba","@id":"https:\/\/www.latribunedufaso.net\/#\/schema\/person\/e54e64c5778a7e72cf80a318b7a622b0"},"headline":"Burkina Faso : L\u2019ambassadeur des Etats-Unis, re\u00e7u en audience par le ministre Edasso Rodrigue Bayala\u00a0","datePublished":"2024-09-10T17:55:03+00:00","mainEntityOfPage":{"@id":"https:\/\/www.latribunedufaso.net\/?p=15706"},"wordCount":361,"commentCount":0,"publisher":{"@id":"https:\/\/www.latribunedufaso.net\/#organization"},"image":{"@id":"https:\/\/www.latribunedufaso.net\/?p=15706#primaryimage"},"thumbnailUrl":"https:\/\/www.latribunedufaso.net\/wp-content\/uploads\/2024\/09\/FB_IMG_1725990176722.jpg","keywords":["coop\u00e9ration USA et Burkina","droits humains","latribunedufaso.net"],"articleSection":["A la une","Actualit\u00e9","Soci\u00e9t\u00e9"],"inLanguage":"fr-FR","potentialAction":[{"@type":"CommentAction","name":"Comment","target":["https:\/\/www.latribunedufaso.net\/?p=15706#respond"]}]},{"@type":"WebPage","@id":"https:\/\/www.latribunedufaso.net\/?p=15706","url":"https:\/\/www.latribunedufaso.net\/?p=15706","name":"Burkina Faso : L\u2019ambassadeur des Etats-Unis, re\u00e7u en audience par le ministre Edasso Rodrigue Bayala\u00a0 - La Tribune du Faso","isPartOf":{"@id":"https:\/\/www.latribunedufaso.net\/#website"},"primaryImageOfPage":{"@id":"https:\/\/www.latribunedufaso.net\/?p=15706#primaryimage"},"image":{"@id":"https:\/\/www.latribunedufaso.net\/?p=15706#primaryimage"},"thumbnailUrl":"https:\/\/www.latribunedufaso.net\/wp-content\/uploads\/2024\/09\/FB_IMG_1725990176722.jpg","datePublished":"2024-09-10T17:55:03+00:00","breadcrumb":{"@id":"https:\/\/www.latribunedufaso.net\/?p=15706#breadcrumb"},"inLanguage":"fr-FR","potentialAction":[{"@type":"ReadAction","target":["https:\/\/www.latribunedufaso.net\/?p=15706"]}]},{"@type":"ImageObject","inLanguage":"fr-FR","@id":"https:\/\/www.latribunedufaso.net\/?p=15706#primaryimage","url":"https:\/\/www.latribunedufaso.net\/wp-content\/uploads\/2024\/09\/FB_IMG_1725990176722.jpg","contentUrl":"https:\/\/www.latribunedufaso.net\/wp-content\/uploads\/2024\/09\/FB_IMG_1725990176722.jpg","width":720,"height":382,"caption":"Visite de l'ambassadrice des \u00c9tats-Unis d\u2019Am\u00e9rique, Joann M. Lockard, minist\u00e8re de la Justice, 10 septembre 2024"},{"@type":"BreadcrumbList","@id":"https:\/\/www.latribunedufaso.net\/?p=15706#breadcrumb","itemListElement":[{"@type":"ListItem","position":1,"name":"Accueil","item":"https:\/\/www.latribunedufaso.net\/"},{"@type":"ListItem","position":2,"name":"Burkina Faso : L\u2019ambassadeur des Etats-Unis, re\u00e7u en audience par le ministre Edasso Rodrigue Bayala\u00a0"}]},{"@type":"WebSite","@id":"https:\/\/www.latribunedufaso.net\/#website","url":"https:\/\/www.latribunedufaso.net\/","name":"La Tribune du Faso","description":"L&#039;information du monde rural en un clic","publisher":{"@id":"https:\/\/www.latribunedufaso.net\/#organization"},"potentialAction":[{"@type":"SearchAction","target":{"@type":"EntryPoint","urlTemplate":"https:\/\/www.latribunedufaso.net\/?s={search_term_string}"},"query-input":{"@type":"PropertyValueSpecification","valueRequired":true,"valueName":"search_term_string"}}],"inLanguage":"fr-FR"},{"@type":"Organization","@id":"https:\/\/www.latribunedufaso.net\/#organization","name":"La Tribune du Faso","url":"https:\/\/www.latribunedufaso.net\/","logo":{"@type":"ImageObject","inLanguage":"fr-FR","@id":"https:\/\/www.latribunedufaso.net\/#\/schema\/logo\/image\/","url":"https:\/\/www.latribunedufaso.net\/wp-content\/uploads\/2020\/08\/Logo-Tribune-du-Faso-final-scaled.jpg","contentUrl":"https:\/\/www.latribunedufaso.net\/wp-content\/uploads\/2020\/08\/Logo-Tribune-du-Faso-final-scaled.jpg","width":2560,"height":1856,"caption":"La Tribune du Faso"},"image":{"@id":"https:\/\/www.latribunedufaso.net\/#\/schema\/logo\/image\/"},"sameAs":["https:\/\/www.facebook.com\/LatribuneduFaso\/"]},{"@type":"Person","@id":"https:\/\/www.latribunedufaso.net\/#\/schema\/person\/e54e64c5778a7e72cf80a318b7a622b0","name":"Issouf Tapsoba","image":{"@type":"ImageObject","inLanguage":"fr-FR","@id":"https:\/\/secure.gravatar.com\/avatar\/5e6c05150ce3230247d167f5b94d678eb05936197436d69b7921e3a95c9107ac?s=96&d=mm&r=g","url":"https:\/\/secure.gravatar.com\/avatar\/5e6c05150ce3230247d167f5b94d678eb05936197436d69b7921e3a95c9107ac?s=96&d=mm&r=g","contentUrl":"https:\/\/secure.gravatar.com\/avatar\/5e6c05150ce3230247d167f5b94d678eb05936197436d69b7921e3a95c9107ac?s=96&d=mm&r=g","caption":"Issouf Tapsoba"},"url":"https:\/\/www.latribunedufaso.net\/?author=5"}]}},"_links":{"self":[{"href":"https:\/\/www.latribunedufaso.net\/index.php?rest_route=\/wp\/v2\/posts\/15706","targetHints":{"allow":["GET"]}}],"collection":[{"href":"https:\/\/www.latribunedufaso.net\/index.php?rest_route=\/wp\/v2\/posts"}],"about":[{"href":"https:\/\/www.latribunedufaso.net\/index.php?rest_route=\/wp\/v2\/types\/post"}],"author":[{"embeddable":true,"href":"https:\/\/www.latribunedufaso.net\/index.php?rest_route=\/wp\/v2\/users\/5"}],"replies":[{"embeddable":true,"href":"https:\/\/www.latribunedufaso.net\/index.php?rest_route=%2Fwp%2Fv2%2Fcomments&post=15706"}],"version-history":[{"count":1,"href":"https:\/\/www.latribunedufaso.net\/index.php?rest_route=\/wp\/v2\/posts\/15706\/revisions"}],"predecessor-version":[{"id":15712,"href":"https:\/\/www.latribunedufaso.net\/index.php?rest_route=\/wp\/v2\/posts\/15706\/revisions\/15712"}],"wp:featuredmedia":[{"embeddable":true,"href":"https:\/\/www.latribunedufaso.net\/index.php?rest_route=\/wp\/v2\/media\/15709"}],"wp:attachment":[{"href":"https:\/\/www.latribunedufaso.net\/index.php?rest_route=%2Fwp%2Fv2%2Fmedia&parent=15706"}],"wp:term":[{"taxonomy":"category","embeddable":true,"href":"https:\/\/www.latribunedufaso.net\/index.php?rest_route=%2Fwp%2Fv2%2Fcategories&post=15706"},{"taxonomy":"post_tag","embeddable":true,"href":"https:\/\/www.latribunedufaso.net\/index.php?rest_route=%2Fwp%2Fv2%2Ftags&post=15706"}],"curies":[{"name":"wp","href":"https:\/\/api.w.org\/{rel}","templated":true}]}}