{"id":15674,"date":"2024-09-09T17:16:30","date_gmt":"2024-09-09T17:16:30","guid":{"rendered":"https:\/\/www.latribunedufaso.net\/?p=15674"},"modified":"2024-09-10T10:28:53","modified_gmt":"2024-09-10T10:28:53","slug":"football-colonel-major-oumarou-sawadogo-officiellement-installe-president-de-la-fbf","status":"publish","type":"post","link":"https:\/\/www.latribunedufaso.net\/?p=15674","title":{"rendered":"Football : Colonel-major Oumarou Sawadogo officiellement install\u00e9 pr\u00e9sident de la FBF"},"content":{"rendered":"<p><strong><span style=\"font-size: 1.0625rem;\">Le nouveau pr\u00e9sident de la F\u00e9d\u00e9ration burkinab\u00e8 de football (FBF), Colonel-major Oumarou Sawadogo, a officiellement pris fonction. La c\u00e9r\u00e9monie d&rsquo;installation a eu lieu ce 9 septembre 2024 \u00e0 Ouagadougou.\u00a0<\/span><\/strong><br \/><!--more--><\/p>\n<p>Le Colonel-major Oumarou Sawadogo est officiellement install\u00e9 dans ses fonctions de pr\u00e9sident de la FBF. Il est \u00e9lu pour un mandat de 4 ans. La c\u00e9r\u00e9monie d&rsquo;investiture s&rsquo;est tenue ce 9 septembre 2024 \u00e0 Ouagadougou.<\/p>\n<figure id=\"attachment_15678\" aria-describedby=\"caption-attachment-15678\" style=\"width: 300px\" class=\"wp-caption aligncenter\"><a href=\"https:\/\/www.latribunedufaso.net\/wp-content\/uploads\/2024\/09\/IMG_20240909_163824_174-scaled.jpg\"><img loading=\"lazy\" decoding=\"async\" class=\"size-medium wp-image-15678\" src=\"https:\/\/www.latribunedufaso.net\/wp-content\/uploads\/2024\/09\/IMG_20240909_163824_174-300x225.jpg\" alt=\"Lazare Banss\u00e9, pr\u00e9sident sortant de la FBF lors de la c\u00e9r\u00e9monie d'installation, 9 septembre 2024\" width=\"300\" height=\"225\" srcset=\"https:\/\/www.latribunedufaso.net\/wp-content\/uploads\/2024\/09\/IMG_20240909_163824_174-300x225.jpg 300w, https:\/\/www.latribunedufaso.net\/wp-content\/uploads\/2024\/09\/IMG_20240909_163824_174-1024x768.jpg 1024w, https:\/\/www.latribunedufaso.net\/wp-content\/uploads\/2024\/09\/IMG_20240909_163824_174-768x576.jpg 768w, https:\/\/www.latribunedufaso.net\/wp-content\/uploads\/2024\/09\/IMG_20240909_163824_174-1536x1152.jpg 1536w, https:\/\/www.latribunedufaso.net\/wp-content\/uploads\/2024\/09\/IMG_20240909_163824_174-2048x1536.jpg 2048w\" sizes=\"auto, (max-width: 300px) 100vw, 300px\" \/><\/a><figcaption id=\"caption-attachment-15678\" class=\"wp-caption-text\">Le pr\u00e9sident sortant de la FBF, Lazare Banss\u00e9 &#8211; Ph. I. Tapsoba<\/figcaption><\/figure>\n<p>Il est <a href=\"https:\/\/www.latribunedufaso.net\/?p=15549\">\u00e9lu \u00e0 la t\u00eate de la FBF avec 203 voix sur 210 possibles<\/a>, soit 99,02%. Selon le pr\u00e9sident sortant, Lazare Banss\u00e9, cette quasi-unanimit\u00e9 est un signe que le nouveau pr\u00e9sident a l&rsquo;adh\u00e9sion de tous les membres de la FBF. Il lui a adress\u00e9 ses f\u00e9licitations.<\/p>\n<p>La c\u00e9r\u00e9monie a connu la participation des acteurs du football burkinab\u00e8. Elle a \u00e9t\u00e9 marqu\u00e9e par des allocutions. Le nouveau pr\u00e9sident de la FBF, Colonel-major Oumarou Sawadogo a profiter de l&rsquo;occasion pour remettre un cadeau \u00e0 Lazare Banss\u00e9. Objectif, le f\u00e9liciter pour ses r\u00e9alisations \u00e0 la t\u00eate de la FBF.<\/p>\n<figure id=\"attachment_15677\" aria-describedby=\"caption-attachment-15677\" style=\"width: 300px\" class=\"wp-caption aligncenter\"><a href=\"https:\/\/www.latribunedufaso.net\/wp-content\/uploads\/2024\/09\/IMG-20240909-WA0036.jpg\"><img loading=\"lazy\" decoding=\"async\" class=\"size-medium wp-image-15677\" src=\"https:\/\/www.latribunedufaso.net\/wp-content\/uploads\/2024\/09\/IMG-20240909-WA0036-300x225.jpg\" alt=\"Le nouveau comit\u00e9 ex\u00e9cutif de la FBF lors de la c\u00e9r\u00e9monie d'installation du pr\u00e9sident entrant\" width=\"300\" height=\"225\" srcset=\"https:\/\/www.latribunedufaso.net\/wp-content\/uploads\/2024\/09\/IMG-20240909-WA0036-300x225.jpg 300w, https:\/\/www.latribunedufaso.net\/wp-content\/uploads\/2024\/09\/IMG-20240909-WA0036-1024x768.jpg 1024w, https:\/\/www.latribunedufaso.net\/wp-content\/uploads\/2024\/09\/IMG-20240909-WA0036-768x576.jpg 768w, https:\/\/www.latribunedufaso.net\/wp-content\/uploads\/2024\/09\/IMG-20240909-WA0036.jpg 1152w\" sizes=\"auto, (max-width: 300px) 100vw, 300px\" \/><\/a><figcaption id=\"caption-attachment-15677\" class=\"wp-caption-text\">Photo du nouveau comit\u00e9 ex\u00e9cutif avec le pr\u00e9sident entrant &#8211; Ph. I. Tapsoba<\/figcaption><\/figure>\n<p>Le pr\u00e9sident entrant, Colonel-major Oumarou Sawadogo \u00e0 appeler l&rsquo;ensemble des acteurs \u00e0 taire d\u00e9finitivement les divergences afin d&rsquo;assurer le d\u00e9veloppement du football burkinab\u00e8. Son programme de d\u00e9veloppement se base sur 4 axes. Il s&rsquo;agit notamment de l&rsquo;am\u00e9lioration de la bonne gouvernance; le renforcement des capacit\u00e9s des acteurs et le renforcement et l&rsquo;entretien des infrastructures et \u00e9quipements. A cela s&rsquo;ajoutent la mobilisation des ressources et l&rsquo;optimisation de la gestion ces infrastructures.<\/p>\n<figure id=\"attachment_15676\" aria-describedby=\"caption-attachment-15676\" style=\"width: 300px\" class=\"wp-caption aligncenter\"><a href=\"https:\/\/www.latribunedufaso.net\/wp-content\/uploads\/2024\/09\/IMG_20240909_160654_560-scaled.jpg\"><img loading=\"lazy\" decoding=\"async\" class=\"size-medium wp-image-15676\" src=\"https:\/\/www.latribunedufaso.net\/wp-content\/uploads\/2024\/09\/IMG_20240909_160654_560-300x225.jpg\" alt=\"Les acteurs du football burkinab\u00e8 ont particip\u00e9 \u00e0 la c\u00e9r\u00e9monie d'installation du pr\u00e9sident entrant, 9 septembre 2023\" width=\"300\" height=\"225\" srcset=\"https:\/\/www.latribunedufaso.net\/wp-content\/uploads\/2024\/09\/IMG_20240909_160654_560-300x225.jpg 300w, https:\/\/www.latribunedufaso.net\/wp-content\/uploads\/2024\/09\/IMG_20240909_160654_560-1024x768.jpg 1024w, https:\/\/www.latribunedufaso.net\/wp-content\/uploads\/2024\/09\/IMG_20240909_160654_560-768x576.jpg 768w, https:\/\/www.latribunedufaso.net\/wp-content\/uploads\/2024\/09\/IMG_20240909_160654_560-1536x1152.jpg 1536w, https:\/\/www.latribunedufaso.net\/wp-content\/uploads\/2024\/09\/IMG_20240909_160654_560-2048x1536.jpg 2048w\" sizes=\"auto, (max-width: 300px) 100vw, 300px\" \/><\/a><figcaption id=\"caption-attachment-15676\" class=\"wp-caption-text\">Les acteurs du football burkinab\u00e8 ont marqu\u00e9 de leur pr\u00e9sence \u00e0 la c\u00e9r\u00e9monie d&rsquo;installation &#8211; Ph. I. Tapsoba<\/figcaption><\/figure>\n<p>Le pr\u00e9sident sortant, Lazare Banss\u00e9 a fait des suggestions au nouveau. Adopter un code de bonne conduite au niveau du comit\u00e9 ex\u00e9cutif, des ligues r\u00e9gionales et des districts afin de les responsabiliser, a-t-il propos\u00e9. Il a \u00e9galement sugg\u00e9r\u00e9 de finaliser le projet de charte des \u00e9quipes nationales pour renforcer le sentiment patriotique, l&rsquo;esprit d&rsquo;\u00e9quipe et la discipline du groupe.<\/p>\n<p><strong>Issouf TAPSOBA\u00a0<\/strong><\/p>\n<p><strong>Latribunedufaso.net<\/strong><\/p>\n","protected":false},"excerpt":{"rendered":"<p>Le nouveau pr\u00e9sident de la F\u00e9d\u00e9ration burkinab\u00e8 de football (FBF), Colonel-major Oumarou Sawadogo, a officiellement pris fonction. La c\u00e9r\u00e9monie d&rsquo;installation a eu lieu ce 9 septembre 2024 \u00e0 Ouagadougou.\u00a0<\/p>\n","protected":false},"author":5,"featured_media":15675,"comment_status":"open","ping_status":"open","sticky":false,"template":"","format":"standard","meta":{"footnotes":""},"categories":[13,1,17],"tags":[157,139,39],"class_list":["post-15674","post","type-post","status-publish","format-standard","has-post-thumbnail","hentry","category-une","category-actu","category-sport","tag-fbf","tag-football","tag-latribunedufaso-net"],"yoast_head":"<!-- This site is optimized with the Yoast SEO plugin v27.4 - https:\/\/yoast.com\/product\/yoast-seo-wordpress\/ -->\n<title>Football : Colonel-major Oumarou Sawadogo officiellement install\u00e9 pr\u00e9sident de la FBF - La Tribune du Faso<\/title>\n<meta name=\"robots\" content=\"index, follow, max-snippet:-1, max-image-preview:large, max-video-preview:-1\" \/>\n<link rel=\"canonical\" href=\"https:\/\/www.latribunedufaso.net\/?p=15674\" \/>\n<meta property=\"og:locale\" content=\"fr_FR\" \/>\n<meta property=\"og:type\" content=\"article\" \/>\n<meta property=\"og:title\" content=\"Football : Colonel-major Oumarou Sawadogo officiellement install\u00e9 pr\u00e9sident de la FBF - La Tribune du Faso\" \/>\n<meta property=\"og:description\" content=\"Le nouveau pr\u00e9sident de la F\u00e9d\u00e9ration burkinab\u00e8 de football (FBF), Colonel-major Oumarou Sawadogo, a officiellement pris fonction. La c\u00e9r\u00e9monie d&rsquo;installation a eu lieu ce 9 septembre 2024 \u00e0 Ouagadougou.\u00a0\" \/>\n<meta property=\"og:url\" content=\"https:\/\/www.latribunedufaso.net\/?p=15674\" \/>\n<meta property=\"og:site_name\" content=\"La Tribune du Faso\" \/>\n<meta property=\"article:publisher\" content=\"https:\/\/www.facebook.com\/LatribuneduFaso\/\" \/>\n<meta property=\"article:published_time\" content=\"2024-09-09T17:16:30+00:00\" \/>\n<meta property=\"article:modified_time\" content=\"2024-09-10T10:28:53+00:00\" \/>\n<meta property=\"og:image\" content=\"https:\/\/www.latribunedufaso.net\/wp-content\/uploads\/2024\/09\/IMG-20240909-WA0042.jpg\" \/>\n\t<meta property=\"og:image:width\" content=\"1152\" \/>\n\t<meta property=\"og:image:height\" content=\"864\" \/>\n\t<meta property=\"og:image:type\" content=\"image\/jpeg\" \/>\n<meta name=\"author\" content=\"Issouf Tapsoba\" \/>\n<meta name=\"twitter:label1\" content=\"\u00c9crit par\" \/>\n\t<meta name=\"twitter:data1\" content=\"Issouf Tapsoba\" \/>\n\t<meta name=\"twitter:label2\" content=\"Dur\u00e9e de lecture estim\u00e9e\" \/>\n\t<meta name=\"twitter:data2\" content=\"2 minutes\" \/>\n<script type=\"application\/ld+json\" class=\"yoast-schema-graph\">{\"@context\":\"https:\\\/\\\/schema.org\",\"@graph\":[{\"@type\":\"Article\",\"@id\":\"https:\\\/\\\/www.latribunedufaso.net\\\/?p=15674#article\",\"isPartOf\":{\"@id\":\"https:\\\/\\\/www.latribunedufaso.net\\\/?p=15674\"},\"author\":{\"name\":\"Issouf Tapsoba\",\"@id\":\"https:\\\/\\\/www.latribunedufaso.net\\\/#\\\/schema\\\/person\\\/e54e64c5778a7e72cf80a318b7a622b0\"},\"headline\":\"Football : Colonel-major Oumarou Sawadogo officiellement install\u00e9 pr\u00e9sident de la FBF\",\"datePublished\":\"2024-09-09T17:16:30+00:00\",\"dateModified\":\"2024-09-10T10:28:53+00:00\",\"mainEntityOfPage\":{\"@id\":\"https:\\\/\\\/www.latribunedufaso.net\\\/?p=15674\"},\"wordCount\":403,\"commentCount\":0,\"publisher\":{\"@id\":\"https:\\\/\\\/www.latribunedufaso.net\\\/#organization\"},\"image\":{\"@id\":\"https:\\\/\\\/www.latribunedufaso.net\\\/?p=15674#primaryimage\"},\"thumbnailUrl\":\"https:\\\/\\\/www.latribunedufaso.net\\\/wp-content\\\/uploads\\\/2024\\\/09\\\/IMG-20240909-WA0042.jpg\",\"keywords\":[\"FBF\",\"Football\",\"latribunedufaso.net\"],\"articleSection\":[\"A la une\",\"Actualit\u00e9\",\"Sport\"],\"inLanguage\":\"fr-FR\",\"potentialAction\":[{\"@type\":\"CommentAction\",\"name\":\"Comment\",\"target\":[\"https:\\\/\\\/www.latribunedufaso.net\\\/?p=15674#respond\"]}]},{\"@type\":\"WebPage\",\"@id\":\"https:\\\/\\\/www.latribunedufaso.net\\\/?p=15674\",\"url\":\"https:\\\/\\\/www.latribunedufaso.net\\\/?p=15674\",\"name\":\"Football : Colonel-major Oumarou Sawadogo officiellement install\u00e9 pr\u00e9sident de la FBF - La Tribune du Faso\",\"isPartOf\":{\"@id\":\"https:\\\/\\\/www.latribunedufaso.net\\\/#website\"},\"primaryImageOfPage\":{\"@id\":\"https:\\\/\\\/www.latribunedufaso.net\\\/?p=15674#primaryimage\"},\"image\":{\"@id\":\"https:\\\/\\\/www.latribunedufaso.net\\\/?p=15674#primaryimage\"},\"thumbnailUrl\":\"https:\\\/\\\/www.latribunedufaso.net\\\/wp-content\\\/uploads\\\/2024\\\/09\\\/IMG-20240909-WA0042.jpg\",\"datePublished\":\"2024-09-09T17:16:30+00:00\",\"dateModified\":\"2024-09-10T10:28:53+00:00\",\"breadcrumb\":{\"@id\":\"https:\\\/\\\/www.latribunedufaso.net\\\/?p=15674#breadcrumb\"},\"inLanguage\":\"fr-FR\",\"potentialAction\":[{\"@type\":\"ReadAction\",\"target\":[\"https:\\\/\\\/www.latribunedufaso.net\\\/?p=15674\"]}]},{\"@type\":\"ImageObject\",\"inLanguage\":\"fr-FR\",\"@id\":\"https:\\\/\\\/www.latribunedufaso.net\\\/?p=15674#primaryimage\",\"url\":\"https:\\\/\\\/www.latribunedufaso.net\\\/wp-content\\\/uploads\\\/2024\\\/09\\\/IMG-20240909-WA0042.jpg\",\"contentUrl\":\"https:\\\/\\\/www.latribunedufaso.net\\\/wp-content\\\/uploads\\\/2024\\\/09\\\/IMG-20240909-WA0042.jpg\",\"width\":1152,\"height\":864,\"caption\":\"Le pr\u00e9sident entrant de la FBF prenant officiellement service - Ph. I. Tapsoba\"},{\"@type\":\"BreadcrumbList\",\"@id\":\"https:\\\/\\\/www.latribunedufaso.net\\\/?p=15674#breadcrumb\",\"itemListElement\":[{\"@type\":\"ListItem\",\"position\":1,\"name\":\"Accueil\",\"item\":\"https:\\\/\\\/www.latribunedufaso.net\\\/\"},{\"@type\":\"ListItem\",\"position\":2,\"name\":\"Football : Colonel-major Oumarou Sawadogo officiellement install\u00e9 pr\u00e9sident de la FBF\"}]},{\"@type\":\"WebSite\",\"@id\":\"https:\\\/\\\/www.latribunedufaso.net\\\/#website\",\"url\":\"https:\\\/\\\/www.latribunedufaso.net\\\/\",\"name\":\"La Tribune du Faso\",\"description\":\"L&#039;information du monde rural en un clic\",\"publisher\":{\"@id\":\"https:\\\/\\\/www.latribunedufaso.net\\\/#organization\"},\"potentialAction\":[{\"@type\":\"SearchAction\",\"target\":{\"@type\":\"EntryPoint\",\"urlTemplate\":\"https:\\\/\\\/www.latribunedufaso.net\\\/?s={search_term_string}\"},\"query-input\":{\"@type\":\"PropertyValueSpecification\",\"valueRequired\":true,\"valueName\":\"search_term_string\"}}],\"inLanguage\":\"fr-FR\"},{\"@type\":\"Organization\",\"@id\":\"https:\\\/\\\/www.latribunedufaso.net\\\/#organization\",\"name\":\"La Tribune du Faso\",\"url\":\"https:\\\/\\\/www.latribunedufaso.net\\\/\",\"logo\":{\"@type\":\"ImageObject\",\"inLanguage\":\"fr-FR\",\"@id\":\"https:\\\/\\\/www.latribunedufaso.net\\\/#\\\/schema\\\/logo\\\/image\\\/\",\"url\":\"https:\\\/\\\/www.latribunedufaso.net\\\/wp-content\\\/uploads\\\/2020\\\/08\\\/Logo-Tribune-du-Faso-final-scaled.jpg\",\"contentUrl\":\"https:\\\/\\\/www.latribunedufaso.net\\\/wp-content\\\/uploads\\\/2020\\\/08\\\/Logo-Tribune-du-Faso-final-scaled.jpg\",\"width\":2560,\"height\":1856,\"caption\":\"La Tribune du Faso\"},\"image\":{\"@id\":\"https:\\\/\\\/www.latribunedufaso.net\\\/#\\\/schema\\\/logo\\\/image\\\/\"},\"sameAs\":[\"https:\\\/\\\/www.facebook.com\\\/LatribuneduFaso\\\/\"]},{\"@type\":\"Person\",\"@id\":\"https:\\\/\\\/www.latribunedufaso.net\\\/#\\\/schema\\\/person\\\/e54e64c5778a7e72cf80a318b7a622b0\",\"name\":\"Issouf Tapsoba\",\"image\":{\"@type\":\"ImageObject\",\"inLanguage\":\"fr-FR\",\"@id\":\"https:\\\/\\\/secure.gravatar.com\\\/avatar\\\/5e6c05150ce3230247d167f5b94d678eb05936197436d69b7921e3a95c9107ac?s=96&d=mm&r=g\",\"url\":\"https:\\\/\\\/secure.gravatar.com\\\/avatar\\\/5e6c05150ce3230247d167f5b94d678eb05936197436d69b7921e3a95c9107ac?s=96&d=mm&r=g\",\"contentUrl\":\"https:\\\/\\\/secure.gravatar.com\\\/avatar\\\/5e6c05150ce3230247d167f5b94d678eb05936197436d69b7921e3a95c9107ac?s=96&d=mm&r=g\",\"caption\":\"Issouf Tapsoba\"},\"url\":\"https:\\\/\\\/www.latribunedufaso.net\\\/?author=5\"}]}<\/script>\n<!-- \/ Yoast SEO plugin. -->","yoast_head_json":{"title":"Football : Colonel-major Oumarou Sawadogo officiellement install\u00e9 pr\u00e9sident de la FBF - La Tribune du Faso","robots":{"index":"index","follow":"follow","max-snippet":"max-snippet:-1","max-image-preview":"max-image-preview:large","max-video-preview":"max-video-preview:-1"},"canonical":"https:\/\/www.latribunedufaso.net\/?p=15674","og_locale":"fr_FR","og_type":"article","og_title":"Football : Colonel-major Oumarou Sawadogo officiellement install\u00e9 pr\u00e9sident de la FBF - La Tribune du Faso","og_description":"Le nouveau pr\u00e9sident de la F\u00e9d\u00e9ration burkinab\u00e8 de football (FBF), Colonel-major Oumarou Sawadogo, a officiellement pris fonction. La c\u00e9r\u00e9monie d&rsquo;installation a eu lieu ce 9 septembre 2024 \u00e0 Ouagadougou.\u00a0","og_url":"https:\/\/www.latribunedufaso.net\/?p=15674","og_site_name":"La Tribune du Faso","article_publisher":"https:\/\/www.facebook.com\/LatribuneduFaso\/","article_published_time":"2024-09-09T17:16:30+00:00","article_modified_time":"2024-09-10T10:28:53+00:00","og_image":[{"width":1152,"height":864,"url":"https:\/\/www.latribunedufaso.net\/wp-content\/uploads\/2024\/09\/IMG-20240909-WA0042.jpg","type":"image\/jpeg"}],"author":"Issouf Tapsoba","twitter_misc":{"\u00c9crit par":"Issouf Tapsoba","Dur\u00e9e de lecture estim\u00e9e":"2 minutes"},"schema":{"@context":"https:\/\/schema.org","@graph":[{"@type":"Article","@id":"https:\/\/www.latribunedufaso.net\/?p=15674#article","isPartOf":{"@id":"https:\/\/www.latribunedufaso.net\/?p=15674"},"author":{"name":"Issouf Tapsoba","@id":"https:\/\/www.latribunedufaso.net\/#\/schema\/person\/e54e64c5778a7e72cf80a318b7a622b0"},"headline":"Football : Colonel-major Oumarou Sawadogo officiellement install\u00e9 pr\u00e9sident de la FBF","datePublished":"2024-09-09T17:16:30+00:00","dateModified":"2024-09-10T10:28:53+00:00","mainEntityOfPage":{"@id":"https:\/\/www.latribunedufaso.net\/?p=15674"},"wordCount":403,"commentCount":0,"publisher":{"@id":"https:\/\/www.latribunedufaso.net\/#organization"},"image":{"@id":"https:\/\/www.latribunedufaso.net\/?p=15674#primaryimage"},"thumbnailUrl":"https:\/\/www.latribunedufaso.net\/wp-content\/uploads\/2024\/09\/IMG-20240909-WA0042.jpg","keywords":["FBF","Football","latribunedufaso.net"],"articleSection":["A la une","Actualit\u00e9","Sport"],"inLanguage":"fr-FR","potentialAction":[{"@type":"CommentAction","name":"Comment","target":["https:\/\/www.latribunedufaso.net\/?p=15674#respond"]}]},{"@type":"WebPage","@id":"https:\/\/www.latribunedufaso.net\/?p=15674","url":"https:\/\/www.latribunedufaso.net\/?p=15674","name":"Football : Colonel-major Oumarou Sawadogo officiellement install\u00e9 pr\u00e9sident de la FBF - La Tribune du Faso","isPartOf":{"@id":"https:\/\/www.latribunedufaso.net\/#website"},"primaryImageOfPage":{"@id":"https:\/\/www.latribunedufaso.net\/?p=15674#primaryimage"},"image":{"@id":"https:\/\/www.latribunedufaso.net\/?p=15674#primaryimage"},"thumbnailUrl":"https:\/\/www.latribunedufaso.net\/wp-content\/uploads\/2024\/09\/IMG-20240909-WA0042.jpg","datePublished":"2024-09-09T17:16:30+00:00","dateModified":"2024-09-10T10:28:53+00:00","breadcrumb":{"@id":"https:\/\/www.latribunedufaso.net\/?p=15674#breadcrumb"},"inLanguage":"fr-FR","potentialAction":[{"@type":"ReadAction","target":["https:\/\/www.latribunedufaso.net\/?p=15674"]}]},{"@type":"ImageObject","inLanguage":"fr-FR","@id":"https:\/\/www.latribunedufaso.net\/?p=15674#primaryimage","url":"https:\/\/www.latribunedufaso.net\/wp-content\/uploads\/2024\/09\/IMG-20240909-WA0042.jpg","contentUrl":"https:\/\/www.latribunedufaso.net\/wp-content\/uploads\/2024\/09\/IMG-20240909-WA0042.jpg","width":1152,"height":864,"caption":"Le pr\u00e9sident entrant de la FBF prenant officiellement service - Ph. I. Tapsoba"},{"@type":"BreadcrumbList","@id":"https:\/\/www.latribunedufaso.net\/?p=15674#breadcrumb","itemListElement":[{"@type":"ListItem","position":1,"name":"Accueil","item":"https:\/\/www.latribunedufaso.net\/"},{"@type":"ListItem","position":2,"name":"Football : Colonel-major Oumarou Sawadogo officiellement install\u00e9 pr\u00e9sident de la FBF"}]},{"@type":"WebSite","@id":"https:\/\/www.latribunedufaso.net\/#website","url":"https:\/\/www.latribunedufaso.net\/","name":"La Tribune du Faso","description":"L&#039;information du monde rural en un clic","publisher":{"@id":"https:\/\/www.latribunedufaso.net\/#organization"},"potentialAction":[{"@type":"SearchAction","target":{"@type":"EntryPoint","urlTemplate":"https:\/\/www.latribunedufaso.net\/?s={search_term_string}"},"query-input":{"@type":"PropertyValueSpecification","valueRequired":true,"valueName":"search_term_string"}}],"inLanguage":"fr-FR"},{"@type":"Organization","@id":"https:\/\/www.latribunedufaso.net\/#organization","name":"La Tribune du Faso","url":"https:\/\/www.latribunedufaso.net\/","logo":{"@type":"ImageObject","inLanguage":"fr-FR","@id":"https:\/\/www.latribunedufaso.net\/#\/schema\/logo\/image\/","url":"https:\/\/www.latribunedufaso.net\/wp-content\/uploads\/2020\/08\/Logo-Tribune-du-Faso-final-scaled.jpg","contentUrl":"https:\/\/www.latribunedufaso.net\/wp-content\/uploads\/2020\/08\/Logo-Tribune-du-Faso-final-scaled.jpg","width":2560,"height":1856,"caption":"La Tribune du Faso"},"image":{"@id":"https:\/\/www.latribunedufaso.net\/#\/schema\/logo\/image\/"},"sameAs":["https:\/\/www.facebook.com\/LatribuneduFaso\/"]},{"@type":"Person","@id":"https:\/\/www.latribunedufaso.net\/#\/schema\/person\/e54e64c5778a7e72cf80a318b7a622b0","name":"Issouf Tapsoba","image":{"@type":"ImageObject","inLanguage":"fr-FR","@id":"https:\/\/secure.gravatar.com\/avatar\/5e6c05150ce3230247d167f5b94d678eb05936197436d69b7921e3a95c9107ac?s=96&d=mm&r=g","url":"https:\/\/secure.gravatar.com\/avatar\/5e6c05150ce3230247d167f5b94d678eb05936197436d69b7921e3a95c9107ac?s=96&d=mm&r=g","contentUrl":"https:\/\/secure.gravatar.com\/avatar\/5e6c05150ce3230247d167f5b94d678eb05936197436d69b7921e3a95c9107ac?s=96&d=mm&r=g","caption":"Issouf Tapsoba"},"url":"https:\/\/www.latribunedufaso.net\/?author=5"}]}},"_links":{"self":[{"href":"https:\/\/www.latribunedufaso.net\/index.php?rest_route=\/wp\/v2\/posts\/15674","targetHints":{"allow":["GET"]}}],"collection":[{"href":"https:\/\/www.latribunedufaso.net\/index.php?rest_route=\/wp\/v2\/posts"}],"about":[{"href":"https:\/\/www.latribunedufaso.net\/index.php?rest_route=\/wp\/v2\/types\/post"}],"author":[{"embeddable":true,"href":"https:\/\/www.latribunedufaso.net\/index.php?rest_route=\/wp\/v2\/users\/5"}],"replies":[{"embeddable":true,"href":"https:\/\/www.latribunedufaso.net\/index.php?rest_route=%2Fwp%2Fv2%2Fcomments&post=15674"}],"version-history":[{"count":1,"href":"https:\/\/www.latribunedufaso.net\/index.php?rest_route=\/wp\/v2\/posts\/15674\/revisions"}],"predecessor-version":[{"id":15679,"href":"https:\/\/www.latribunedufaso.net\/index.php?rest_route=\/wp\/v2\/posts\/15674\/revisions\/15679"}],"wp:featuredmedia":[{"embeddable":true,"href":"https:\/\/www.latribunedufaso.net\/index.php?rest_route=\/wp\/v2\/media\/15675"}],"wp:attachment":[{"href":"https:\/\/www.latribunedufaso.net\/index.php?rest_route=%2Fwp%2Fv2%2Fmedia&parent=15674"}],"wp:term":[{"taxonomy":"category","embeddable":true,"href":"https:\/\/www.latribunedufaso.net\/index.php?rest_route=%2Fwp%2Fv2%2Fcategories&post=15674"},{"taxonomy":"post_tag","embeddable":true,"href":"https:\/\/www.latribunedufaso.net\/index.php?rest_route=%2Fwp%2Fv2%2Ftags&post=15674"}],"curies":[{"name":"wp","href":"https:\/\/api.w.org\/{rel}","templated":true}]}}