{"id":15611,"date":"2024-09-04T13:39:48","date_gmt":"2024-09-04T13:39:48","guid":{"rendered":"https:\/\/www.latribunedufaso.net\/?p=15611"},"modified":"2024-09-04T13:39:48","modified_gmt":"2024-09-04T13:39:48","slug":"securite-nucleaire-le-ministre-roger-baro-sentretient-avec-des-experts-de-lagence-internationale-de-lenergie-atomique","status":"publish","type":"post","link":"https:\/\/www.latribunedufaso.net\/?p=15611","title":{"rendered":"S\u00e9curit\u00e9 nucl\u00e9aire : Le ministre Roger Baro s\u2019entretient avec des experts de l\u2019Agence internationale de l\u2019\u00e9nergie atomique"},"content":{"rendered":"<p><span style=\"font-size: 1.0625rem;\"><strong>Ce mardi 03 septembre 2024, le ministre de l\u2019Environnement de l\u2019Eau et de l\u2019Assainissement Roger Baro a re\u00e7u en audience des experts de l\u2019Agence internationale de l&rsquo;\u00e9nergie atomique (<a href=\"https:\/\/www.latribunedufaso.net\/?p=11451\">AIEA<\/a>).<\/strong><\/span><!--more--><\/p>\n<p><span style=\"font-size: 1.0625rem;\"> Conduits par le Pr Martial Zoungrana, Directeur national de l\u2019autorit\u00e9 nationale de radioprotection et de s\u00fbret\u00e9 nucl\u00e9aire, ces experts sont venus faire le point de leur s\u00e9jour au Burkina Faso dans le cadre de la r\u00e9vision du Plan int\u00e9gr\u00e9 d\u2019appui en mati\u00e8re de s\u00e9curit\u00e9 nucl\u00e9aire au Burkina Faso.<\/span><\/p>\n<figure id=\"attachment_15612\" aria-describedby=\"caption-attachment-15612\" style=\"width: 300px\" class=\"wp-caption aligncenter\"><a href=\"https:\/\/www.latribunedufaso.net\/wp-content\/uploads\/2024\/09\/FB_IMG_1725455605551.jpg\"><img loading=\"lazy\" decoding=\"async\" class=\"size-medium wp-image-15612\" src=\"https:\/\/www.latribunedufaso.net\/wp-content\/uploads\/2024\/09\/FB_IMG_1725455605551-300x200.jpg\" alt=\"Audience AIEA avec le ministre en charge de l'Environnement, Roger Baro, 2 septembre 2024\" width=\"300\" height=\"200\" srcset=\"https:\/\/www.latribunedufaso.net\/wp-content\/uploads\/2024\/09\/FB_IMG_1725455605551-300x200.jpg 300w, https:\/\/www.latribunedufaso.net\/wp-content\/uploads\/2024\/09\/FB_IMG_1725455605551-120x80.jpg 120w, https:\/\/www.latribunedufaso.net\/wp-content\/uploads\/2024\/09\/FB_IMG_1725455605551-360x240.jpg 360w, https:\/\/www.latribunedufaso.net\/wp-content\/uploads\/2024\/09\/FB_IMG_1725455605551-600x400.jpg 600w, https:\/\/www.latribunedufaso.net\/wp-content\/uploads\/2024\/09\/FB_IMG_1725455605551.jpg 720w\" sizes=\"auto, (max-width: 300px) 100vw, 300px\" \/><\/a><figcaption id=\"caption-attachment-15612\" class=\"wp-caption-text\">Le ministre Roger Baro, saluant la pr\u00e9sence de ces experts, a soulign\u00e9 l\u2019importance de ces s\u00e9ances de travail pour le Burkina Faso qui se lance dans les chantiers \u00e9lectronucl\u00e9aires &#8211; Ph. MEEA<\/figcaption><\/figure>\n<p><em><strong>\u00a0\u00ab Les experts ont commenc\u00e9 les activit\u00e9s le lundi 02 septembre 2024 dans le cadre de la r\u00e9vision de notre plan int\u00e9gr\u00e9 de durabilit\u00e9 en mati\u00e8re de s\u00e9curit\u00e9 nucl\u00e9aire. C\u2019est un plan qui a \u00e9t\u00e9 \u00e9labor\u00e9 par notre pays en collaboration avec l&rsquo;AIEA, qui permet au pays d&rsquo;\u00e9valuer les insuffisances sur le plan s\u00e9curitaire, s&rsquo;il y a un \u00e9v\u00e9nement de s\u00e9curit\u00e9 nucl\u00e9aire. Les experts devant travailler avec nous pendant une semaine, sont venus situer le contexte de la visite avec monsieur le ministre, lui pr\u00e9senter les points forts et les points faibles du plan et naturellement lui faire des suggestions pour que les choses puissent aller beaucoup mieux. \u00bb,<\/strong><\/em> a indiqu\u00e9 le Pr Martial Zoungrana.<\/p>\n<blockquote>\n<p>Lire aussi : <a href=\"https:\/\/www.latribunedufaso.net\/?p=9713\">D\u00e9veloppement du secteur de l\u2019Energie : Les acteurs s\u2019int\u00e9ressent \u00e0 l\u2019\u00e9nergie nucl\u00e9aire\u00a0<\/a><\/p>\n<\/blockquote>\n<p>Le ministre Roger Baro, saluant la pr\u00e9sence de ces experts, a soulign\u00e9 l\u2019importance de ces s\u00e9ances de travail pour le Burkina Faso qui se lance dans les chantiers \u00e9lectronucl\u00e9aires. Il s\u2019est engag\u00e9 \u00e0 travailler \u00e0 la mise en \u0153uvre de toutes les recommandations des experts.<\/p>\n<p><strong>Latribunedufaso.net\u00a0<\/strong><\/p>\n<p><strong>Source<span style=\"font-size: 1.0625rem;\">: MEEA\u00a0<\/span><\/strong><\/p>\n","protected":false},"excerpt":{"rendered":"<p>Ce mardi 03 septembre 2024, le ministre de l\u2019Environnement de l\u2019Eau et de l\u2019Assainissement Roger Baro a re\u00e7u en audience des experts de l\u2019Agence internationale de l&rsquo;\u00e9nergie atomique (AIEA).<\/p>\n","protected":false},"author":5,"featured_media":15613,"comment_status":"open","ping_status":"open","sticky":false,"template":"","format":"standard","meta":{"footnotes":""},"categories":[13,1,20],"tags":[82,39,172],"class_list":["post-15611","post","type-post","status-publish","format-standard","has-post-thumbnail","hentry","category-une","category-actu","category-energie","tag-energie-atomique","tag-latribunedufaso-net","tag-securite-nucleaire"],"yoast_head":"<!-- This site is optimized with the Yoast SEO plugin v27.4 - https:\/\/yoast.com\/product\/yoast-seo-wordpress\/ -->\n<title>S\u00e9curit\u00e9 nucl\u00e9aire : Le ministre Roger Baro s\u2019entretient avec des experts de l\u2019Agence internationale de l\u2019\u00e9nergie atomique - La Tribune du Faso<\/title>\n<meta name=\"robots\" content=\"index, follow, max-snippet:-1, max-image-preview:large, max-video-preview:-1\" \/>\n<link rel=\"canonical\" href=\"https:\/\/www.latribunedufaso.net\/?p=15611\" \/>\n<meta property=\"og:locale\" content=\"fr_FR\" \/>\n<meta property=\"og:type\" content=\"article\" \/>\n<meta property=\"og:title\" content=\"S\u00e9curit\u00e9 nucl\u00e9aire : Le ministre Roger Baro s\u2019entretient avec des experts de l\u2019Agence internationale de l\u2019\u00e9nergie atomique - La Tribune du Faso\" \/>\n<meta property=\"og:description\" content=\"Ce mardi 03 septembre 2024, le ministre de l\u2019Environnement de l\u2019Eau et de l\u2019Assainissement Roger Baro a re\u00e7u en audience des experts de l\u2019Agence internationale de l&rsquo;\u00e9nergie atomique (AIEA).\" \/>\n<meta property=\"og:url\" content=\"https:\/\/www.latribunedufaso.net\/?p=15611\" \/>\n<meta property=\"og:site_name\" content=\"La Tribune du Faso\" \/>\n<meta property=\"article:publisher\" content=\"https:\/\/www.facebook.com\/LatribuneduFaso\/\" \/>\n<meta property=\"article:published_time\" content=\"2024-09-04T13:39:48+00:00\" \/>\n<meta property=\"og:image\" content=\"https:\/\/www.latribunedufaso.net\/wp-content\/uploads\/2024\/09\/FB_IMG_1725455589247.jpg\" \/>\n\t<meta property=\"og:image:width\" content=\"720\" \/>\n\t<meta property=\"og:image:height\" content=\"480\" \/>\n\t<meta property=\"og:image:type\" content=\"image\/jpeg\" \/>\n<meta name=\"author\" content=\"Issouf Tapsoba\" \/>\n<meta name=\"twitter:label1\" content=\"\u00c9crit par\" \/>\n\t<meta name=\"twitter:data1\" content=\"Issouf Tapsoba\" \/>\n\t<meta name=\"twitter:label2\" content=\"Dur\u00e9e de lecture estim\u00e9e\" \/>\n\t<meta name=\"twitter:data2\" content=\"2 minutes\" \/>\n<script type=\"application\/ld+json\" class=\"yoast-schema-graph\">{\"@context\":\"https:\\\/\\\/schema.org\",\"@graph\":[{\"@type\":\"Article\",\"@id\":\"https:\\\/\\\/www.latribunedufaso.net\\\/?p=15611#article\",\"isPartOf\":{\"@id\":\"https:\\\/\\\/www.latribunedufaso.net\\\/?p=15611\"},\"author\":{\"name\":\"Issouf Tapsoba\",\"@id\":\"https:\\\/\\\/www.latribunedufaso.net\\\/#\\\/schema\\\/person\\\/e54e64c5778a7e72cf80a318b7a622b0\"},\"headline\":\"S\u00e9curit\u00e9 nucl\u00e9aire : Le ministre Roger Baro s\u2019entretient avec des experts de l\u2019Agence internationale de l\u2019\u00e9nergie atomique\",\"datePublished\":\"2024-09-04T13:39:48+00:00\",\"mainEntityOfPage\":{\"@id\":\"https:\\\/\\\/www.latribunedufaso.net\\\/?p=15611\"},\"wordCount\":351,\"commentCount\":0,\"publisher\":{\"@id\":\"https:\\\/\\\/www.latribunedufaso.net\\\/#organization\"},\"image\":{\"@id\":\"https:\\\/\\\/www.latribunedufaso.net\\\/?p=15611#primaryimage\"},\"thumbnailUrl\":\"https:\\\/\\\/www.latribunedufaso.net\\\/wp-content\\\/uploads\\\/2024\\\/09\\\/FB_IMG_1725455589247.jpg\",\"keywords\":[\"\u00e9nergie atomique\",\"latribunedufaso.net\",\"S\u00e9curit\u00e9 nucl\u00e9aire\"],\"articleSection\":[\"A la une\",\"Actualit\u00e9\",\"Energie\"],\"inLanguage\":\"fr-FR\",\"potentialAction\":[{\"@type\":\"CommentAction\",\"name\":\"Comment\",\"target\":[\"https:\\\/\\\/www.latribunedufaso.net\\\/?p=15611#respond\"]}]},{\"@type\":\"WebPage\",\"@id\":\"https:\\\/\\\/www.latribunedufaso.net\\\/?p=15611\",\"url\":\"https:\\\/\\\/www.latribunedufaso.net\\\/?p=15611\",\"name\":\"S\u00e9curit\u00e9 nucl\u00e9aire : Le ministre Roger Baro s\u2019entretient avec des experts de l\u2019Agence internationale de l\u2019\u00e9nergie atomique - La Tribune du Faso\",\"isPartOf\":{\"@id\":\"https:\\\/\\\/www.latribunedufaso.net\\\/#website\"},\"primaryImageOfPage\":{\"@id\":\"https:\\\/\\\/www.latribunedufaso.net\\\/?p=15611#primaryimage\"},\"image\":{\"@id\":\"https:\\\/\\\/www.latribunedufaso.net\\\/?p=15611#primaryimage\"},\"thumbnailUrl\":\"https:\\\/\\\/www.latribunedufaso.net\\\/wp-content\\\/uploads\\\/2024\\\/09\\\/FB_IMG_1725455589247.jpg\",\"datePublished\":\"2024-09-04T13:39:48+00:00\",\"breadcrumb\":{\"@id\":\"https:\\\/\\\/www.latribunedufaso.net\\\/?p=15611#breadcrumb\"},\"inLanguage\":\"fr-FR\",\"potentialAction\":[{\"@type\":\"ReadAction\",\"target\":[\"https:\\\/\\\/www.latribunedufaso.net\\\/?p=15611\"]}]},{\"@type\":\"ImageObject\",\"inLanguage\":\"fr-FR\",\"@id\":\"https:\\\/\\\/www.latribunedufaso.net\\\/?p=15611#primaryimage\",\"url\":\"https:\\\/\\\/www.latribunedufaso.net\\\/wp-content\\\/uploads\\\/2024\\\/09\\\/FB_IMG_1725455589247.jpg\",\"contentUrl\":\"https:\\\/\\\/www.latribunedufaso.net\\\/wp-content\\\/uploads\\\/2024\\\/09\\\/FB_IMG_1725455589247.jpg\",\"width\":720,\"height\":480,\"caption\":\"Les experts de l'AIEA font le point de leur s\u00e9jour au Burkina Faso dans le cadre de la r\u00e9vision du Plan int\u00e9gr\u00e9 d\u2019appui en mati\u00e8re de s\u00e9curit\u00e9 nucl\u00e9aire au Burkina Faso - Ph. MEEA\"},{\"@type\":\"BreadcrumbList\",\"@id\":\"https:\\\/\\\/www.latribunedufaso.net\\\/?p=15611#breadcrumb\",\"itemListElement\":[{\"@type\":\"ListItem\",\"position\":1,\"name\":\"Accueil\",\"item\":\"https:\\\/\\\/www.latribunedufaso.net\\\/\"},{\"@type\":\"ListItem\",\"position\":2,\"name\":\"S\u00e9curit\u00e9 nucl\u00e9aire : Le ministre Roger Baro s\u2019entretient avec des experts de l\u2019Agence internationale de l\u2019\u00e9nergie atomique\"}]},{\"@type\":\"WebSite\",\"@id\":\"https:\\\/\\\/www.latribunedufaso.net\\\/#website\",\"url\":\"https:\\\/\\\/www.latribunedufaso.net\\\/\",\"name\":\"La Tribune du Faso\",\"description\":\"L&#039;information du monde rural en un clic\",\"publisher\":{\"@id\":\"https:\\\/\\\/www.latribunedufaso.net\\\/#organization\"},\"potentialAction\":[{\"@type\":\"SearchAction\",\"target\":{\"@type\":\"EntryPoint\",\"urlTemplate\":\"https:\\\/\\\/www.latribunedufaso.net\\\/?s={search_term_string}\"},\"query-input\":{\"@type\":\"PropertyValueSpecification\",\"valueRequired\":true,\"valueName\":\"search_term_string\"}}],\"inLanguage\":\"fr-FR\"},{\"@type\":\"Organization\",\"@id\":\"https:\\\/\\\/www.latribunedufaso.net\\\/#organization\",\"name\":\"La Tribune du Faso\",\"url\":\"https:\\\/\\\/www.latribunedufaso.net\\\/\",\"logo\":{\"@type\":\"ImageObject\",\"inLanguage\":\"fr-FR\",\"@id\":\"https:\\\/\\\/www.latribunedufaso.net\\\/#\\\/schema\\\/logo\\\/image\\\/\",\"url\":\"https:\\\/\\\/www.latribunedufaso.net\\\/wp-content\\\/uploads\\\/2020\\\/08\\\/Logo-Tribune-du-Faso-final-scaled.jpg\",\"contentUrl\":\"https:\\\/\\\/www.latribunedufaso.net\\\/wp-content\\\/uploads\\\/2020\\\/08\\\/Logo-Tribune-du-Faso-final-scaled.jpg\",\"width\":2560,\"height\":1856,\"caption\":\"La Tribune du Faso\"},\"image\":{\"@id\":\"https:\\\/\\\/www.latribunedufaso.net\\\/#\\\/schema\\\/logo\\\/image\\\/\"},\"sameAs\":[\"https:\\\/\\\/www.facebook.com\\\/LatribuneduFaso\\\/\"]},{\"@type\":\"Person\",\"@id\":\"https:\\\/\\\/www.latribunedufaso.net\\\/#\\\/schema\\\/person\\\/e54e64c5778a7e72cf80a318b7a622b0\",\"name\":\"Issouf Tapsoba\",\"image\":{\"@type\":\"ImageObject\",\"inLanguage\":\"fr-FR\",\"@id\":\"https:\\\/\\\/secure.gravatar.com\\\/avatar\\\/5e6c05150ce3230247d167f5b94d678eb05936197436d69b7921e3a95c9107ac?s=96&d=mm&r=g\",\"url\":\"https:\\\/\\\/secure.gravatar.com\\\/avatar\\\/5e6c05150ce3230247d167f5b94d678eb05936197436d69b7921e3a95c9107ac?s=96&d=mm&r=g\",\"contentUrl\":\"https:\\\/\\\/secure.gravatar.com\\\/avatar\\\/5e6c05150ce3230247d167f5b94d678eb05936197436d69b7921e3a95c9107ac?s=96&d=mm&r=g\",\"caption\":\"Issouf Tapsoba\"},\"url\":\"https:\\\/\\\/www.latribunedufaso.net\\\/?author=5\"}]}<\/script>\n<!-- \/ Yoast SEO plugin. -->","yoast_head_json":{"title":"S\u00e9curit\u00e9 nucl\u00e9aire : Le ministre Roger Baro s\u2019entretient avec des experts de l\u2019Agence internationale de l\u2019\u00e9nergie atomique - La Tribune du Faso","robots":{"index":"index","follow":"follow","max-snippet":"max-snippet:-1","max-image-preview":"max-image-preview:large","max-video-preview":"max-video-preview:-1"},"canonical":"https:\/\/www.latribunedufaso.net\/?p=15611","og_locale":"fr_FR","og_type":"article","og_title":"S\u00e9curit\u00e9 nucl\u00e9aire : Le ministre Roger Baro s\u2019entretient avec des experts de l\u2019Agence internationale de l\u2019\u00e9nergie atomique - La Tribune du Faso","og_description":"Ce mardi 03 septembre 2024, le ministre de l\u2019Environnement de l\u2019Eau et de l\u2019Assainissement Roger Baro a re\u00e7u en audience des experts de l\u2019Agence internationale de l&rsquo;\u00e9nergie atomique (AIEA).","og_url":"https:\/\/www.latribunedufaso.net\/?p=15611","og_site_name":"La Tribune du Faso","article_publisher":"https:\/\/www.facebook.com\/LatribuneduFaso\/","article_published_time":"2024-09-04T13:39:48+00:00","og_image":[{"width":720,"height":480,"url":"https:\/\/www.latribunedufaso.net\/wp-content\/uploads\/2024\/09\/FB_IMG_1725455589247.jpg","type":"image\/jpeg"}],"author":"Issouf Tapsoba","twitter_misc":{"\u00c9crit par":"Issouf Tapsoba","Dur\u00e9e de lecture estim\u00e9e":"2 minutes"},"schema":{"@context":"https:\/\/schema.org","@graph":[{"@type":"Article","@id":"https:\/\/www.latribunedufaso.net\/?p=15611#article","isPartOf":{"@id":"https:\/\/www.latribunedufaso.net\/?p=15611"},"author":{"name":"Issouf Tapsoba","@id":"https:\/\/www.latribunedufaso.net\/#\/schema\/person\/e54e64c5778a7e72cf80a318b7a622b0"},"headline":"S\u00e9curit\u00e9 nucl\u00e9aire : Le ministre Roger Baro s\u2019entretient avec des experts de l\u2019Agence internationale de l\u2019\u00e9nergie atomique","datePublished":"2024-09-04T13:39:48+00:00","mainEntityOfPage":{"@id":"https:\/\/www.latribunedufaso.net\/?p=15611"},"wordCount":351,"commentCount":0,"publisher":{"@id":"https:\/\/www.latribunedufaso.net\/#organization"},"image":{"@id":"https:\/\/www.latribunedufaso.net\/?p=15611#primaryimage"},"thumbnailUrl":"https:\/\/www.latribunedufaso.net\/wp-content\/uploads\/2024\/09\/FB_IMG_1725455589247.jpg","keywords":["\u00e9nergie atomique","latribunedufaso.net","S\u00e9curit\u00e9 nucl\u00e9aire"],"articleSection":["A la une","Actualit\u00e9","Energie"],"inLanguage":"fr-FR","potentialAction":[{"@type":"CommentAction","name":"Comment","target":["https:\/\/www.latribunedufaso.net\/?p=15611#respond"]}]},{"@type":"WebPage","@id":"https:\/\/www.latribunedufaso.net\/?p=15611","url":"https:\/\/www.latribunedufaso.net\/?p=15611","name":"S\u00e9curit\u00e9 nucl\u00e9aire : Le ministre Roger Baro s\u2019entretient avec des experts de l\u2019Agence internationale de l\u2019\u00e9nergie atomique - La Tribune du Faso","isPartOf":{"@id":"https:\/\/www.latribunedufaso.net\/#website"},"primaryImageOfPage":{"@id":"https:\/\/www.latribunedufaso.net\/?p=15611#primaryimage"},"image":{"@id":"https:\/\/www.latribunedufaso.net\/?p=15611#primaryimage"},"thumbnailUrl":"https:\/\/www.latribunedufaso.net\/wp-content\/uploads\/2024\/09\/FB_IMG_1725455589247.jpg","datePublished":"2024-09-04T13:39:48+00:00","breadcrumb":{"@id":"https:\/\/www.latribunedufaso.net\/?p=15611#breadcrumb"},"inLanguage":"fr-FR","potentialAction":[{"@type":"ReadAction","target":["https:\/\/www.latribunedufaso.net\/?p=15611"]}]},{"@type":"ImageObject","inLanguage":"fr-FR","@id":"https:\/\/www.latribunedufaso.net\/?p=15611#primaryimage","url":"https:\/\/www.latribunedufaso.net\/wp-content\/uploads\/2024\/09\/FB_IMG_1725455589247.jpg","contentUrl":"https:\/\/www.latribunedufaso.net\/wp-content\/uploads\/2024\/09\/FB_IMG_1725455589247.jpg","width":720,"height":480,"caption":"Les experts de l'AIEA font le point de leur s\u00e9jour au Burkina Faso dans le cadre de la r\u00e9vision du Plan int\u00e9gr\u00e9 d\u2019appui en mati\u00e8re de s\u00e9curit\u00e9 nucl\u00e9aire au Burkina Faso - Ph. MEEA"},{"@type":"BreadcrumbList","@id":"https:\/\/www.latribunedufaso.net\/?p=15611#breadcrumb","itemListElement":[{"@type":"ListItem","position":1,"name":"Accueil","item":"https:\/\/www.latribunedufaso.net\/"},{"@type":"ListItem","position":2,"name":"S\u00e9curit\u00e9 nucl\u00e9aire : Le ministre Roger Baro s\u2019entretient avec des experts de l\u2019Agence internationale de l\u2019\u00e9nergie atomique"}]},{"@type":"WebSite","@id":"https:\/\/www.latribunedufaso.net\/#website","url":"https:\/\/www.latribunedufaso.net\/","name":"La Tribune du Faso","description":"L&#039;information du monde rural en un clic","publisher":{"@id":"https:\/\/www.latribunedufaso.net\/#organization"},"potentialAction":[{"@type":"SearchAction","target":{"@type":"EntryPoint","urlTemplate":"https:\/\/www.latribunedufaso.net\/?s={search_term_string}"},"query-input":{"@type":"PropertyValueSpecification","valueRequired":true,"valueName":"search_term_string"}}],"inLanguage":"fr-FR"},{"@type":"Organization","@id":"https:\/\/www.latribunedufaso.net\/#organization","name":"La Tribune du Faso","url":"https:\/\/www.latribunedufaso.net\/","logo":{"@type":"ImageObject","inLanguage":"fr-FR","@id":"https:\/\/www.latribunedufaso.net\/#\/schema\/logo\/image\/","url":"https:\/\/www.latribunedufaso.net\/wp-content\/uploads\/2020\/08\/Logo-Tribune-du-Faso-final-scaled.jpg","contentUrl":"https:\/\/www.latribunedufaso.net\/wp-content\/uploads\/2020\/08\/Logo-Tribune-du-Faso-final-scaled.jpg","width":2560,"height":1856,"caption":"La Tribune du Faso"},"image":{"@id":"https:\/\/www.latribunedufaso.net\/#\/schema\/logo\/image\/"},"sameAs":["https:\/\/www.facebook.com\/LatribuneduFaso\/"]},{"@type":"Person","@id":"https:\/\/www.latribunedufaso.net\/#\/schema\/person\/e54e64c5778a7e72cf80a318b7a622b0","name":"Issouf Tapsoba","image":{"@type":"ImageObject","inLanguage":"fr-FR","@id":"https:\/\/secure.gravatar.com\/avatar\/5e6c05150ce3230247d167f5b94d678eb05936197436d69b7921e3a95c9107ac?s=96&d=mm&r=g","url":"https:\/\/secure.gravatar.com\/avatar\/5e6c05150ce3230247d167f5b94d678eb05936197436d69b7921e3a95c9107ac?s=96&d=mm&r=g","contentUrl":"https:\/\/secure.gravatar.com\/avatar\/5e6c05150ce3230247d167f5b94d678eb05936197436d69b7921e3a95c9107ac?s=96&d=mm&r=g","caption":"Issouf Tapsoba"},"url":"https:\/\/www.latribunedufaso.net\/?author=5"}]}},"_links":{"self":[{"href":"https:\/\/www.latribunedufaso.net\/index.php?rest_route=\/wp\/v2\/posts\/15611","targetHints":{"allow":["GET"]}}],"collection":[{"href":"https:\/\/www.latribunedufaso.net\/index.php?rest_route=\/wp\/v2\/posts"}],"about":[{"href":"https:\/\/www.latribunedufaso.net\/index.php?rest_route=\/wp\/v2\/types\/post"}],"author":[{"embeddable":true,"href":"https:\/\/www.latribunedufaso.net\/index.php?rest_route=\/wp\/v2\/users\/5"}],"replies":[{"embeddable":true,"href":"https:\/\/www.latribunedufaso.net\/index.php?rest_route=%2Fwp%2Fv2%2Fcomments&post=15611"}],"version-history":[{"count":1,"href":"https:\/\/www.latribunedufaso.net\/index.php?rest_route=\/wp\/v2\/posts\/15611\/revisions"}],"predecessor-version":[{"id":15614,"href":"https:\/\/www.latribunedufaso.net\/index.php?rest_route=\/wp\/v2\/posts\/15611\/revisions\/15614"}],"wp:featuredmedia":[{"embeddable":true,"href":"https:\/\/www.latribunedufaso.net\/index.php?rest_route=\/wp\/v2\/media\/15613"}],"wp:attachment":[{"href":"https:\/\/www.latribunedufaso.net\/index.php?rest_route=%2Fwp%2Fv2%2Fmedia&parent=15611"}],"wp:term":[{"taxonomy":"category","embeddable":true,"href":"https:\/\/www.latribunedufaso.net\/index.php?rest_route=%2Fwp%2Fv2%2Fcategories&post=15611"},{"taxonomy":"post_tag","embeddable":true,"href":"https:\/\/www.latribunedufaso.net\/index.php?rest_route=%2Fwp%2Fv2%2Ftags&post=15611"}],"curies":[{"name":"wp","href":"https:\/\/api.w.org\/{rel}","templated":true}]}}