{"id":15595,"date":"2024-09-03T15:00:42","date_gmt":"2024-09-03T15:00:42","guid":{"rendered":"https:\/\/www.latribunedufaso.net\/?p=15595"},"modified":"2024-09-03T15:00:42","modified_gmt":"2024-09-03T15:00:42","slug":"fourniture-local-de-mine-les-acteurs-de-la-region-du-sahel-discutent-des-opportunites-et-exigences-de-essakane","status":"publish","type":"post","link":"https:\/\/www.latribunedufaso.net\/?p=15595","title":{"rendered":"Fourniture local de mine : Les acteurs de la r\u00e9gion du Sahel discutent des opportunit\u00e9s et exigences de Essakane"},"content":{"rendered":"<p><strong><span style=\"font-size: 1.0625rem;\">La d\u00e9l\u00e9gation consulaire de la Chambre de commerce de la r\u00e9gion du Sahel organise ce 3 septembre 2024 \u00e0 Ouagadougou, la 3e \u00e9dition de la Journ\u00e9e portes ouvertes sur les fournisseurs locaux de la r\u00e9gion Sahel. Cette initiative se tient avec la collaboration et l\u2019appui financier de IAMGOLD Essakane SA. Objectif, informer et sensibiliser les fournisseurs locaux sur les opportunit\u00e9s et exigences de collaboration avec la mine.<\/span><\/strong><br \/><!--more--><\/p>\n<p>La <span style=\"font-size: 1.0625rem;\">Journ\u00e9e portes ouvertes sur les fournisseurs locaux de la r\u00e9gion du Sahel se tient ce 3 septembre 2024 \u00e0 Ouagadougou. Troisi\u00e8me du genre, elle vise \u00e0 informer les entreprises sur les opportunit\u00e9s offertes par la mine en mati\u00e8re de fourniture locale. Elle vise \u00e9galement \u00e0 sensibiliser ces derni\u00e8res sur les exigences de collaboration de Essakane. C\u2019est une initiative de la d\u00e9l\u00e9gation consulaire de la Chambre de commerce de la r\u00e9gion du Sahel, en collaboration avec Essakane.<\/span><\/p>\n<figure id=\"attachment_15596\" aria-describedby=\"caption-attachment-15596\" style=\"width: 300px\" class=\"wp-caption aligncenter\"><a href=\"https:\/\/www.latribunedufaso.net\/wp-content\/uploads\/2024\/09\/IMG_20240903_102809_004-scaled.jpg\"><img loading=\"lazy\" decoding=\"async\" class=\"size-medium wp-image-15596\" src=\"https:\/\/www.latribunedufaso.net\/wp-content\/uploads\/2024\/09\/IMG_20240903_102809_004-300x225.jpg\" alt=\"Le DG de Essakane lors de la 3e JPO sur les fournisseurs locaux de la r\u00e9gion Sahel, 3 septembre 2024\" width=\"300\" height=\"225\" srcset=\"https:\/\/www.latribunedufaso.net\/wp-content\/uploads\/2024\/09\/IMG_20240903_102809_004-300x225.jpg 300w, https:\/\/www.latribunedufaso.net\/wp-content\/uploads\/2024\/09\/IMG_20240903_102809_004-1024x768.jpg 1024w, https:\/\/www.latribunedufaso.net\/wp-content\/uploads\/2024\/09\/IMG_20240903_102809_004-768x576.jpg 768w, https:\/\/www.latribunedufaso.net\/wp-content\/uploads\/2024\/09\/IMG_20240903_102809_004-1536x1152.jpg 1536w, https:\/\/www.latribunedufaso.net\/wp-content\/uploads\/2024\/09\/IMG_20240903_102809_004-2048x1536.jpg 2048w\" sizes=\"auto, (max-width: 300px) 100vw, 300px\" \/><\/a><figcaption id=\"caption-attachment-15596\" class=\"wp-caption-text\">Le Directeur g\u00e9n\u00e9ral de Essakane, Tidiane Barry &#8211; Ph. I. Tapsoba<\/figcaption><\/figure>\n<p>Cette journ\u00e9e permettra de r\u00e9fl\u00e9chir sur des synergies d\u2019actions sur le terrain entre la mine Essakane et les institutions r\u00e9gionales et nationales d\u2019appuis au secteur priv\u00e9. L\u2019objectif est d\u2019impulser des dynamiques de collaboration autour de la strat\u00e9gie de promotion des achats locaux.<\/p>\n<p>Pour ce faire, les participants vont suivre une s\u00e9rie de pr\u00e9sentations, suivies d\u2019\u00e9changes. Il s\u2019agit notamment de la pr\u00e9sentation sur la <a href=\"https:\/\/www.latribunedufaso.net\/?p=14902\">nouvelle loi relative au contenu local<\/a> ainsi que sur les opportunit\u00e9s et exigences de collaboration avec Essakane.<\/p>\n<figure id=\"attachment_15600\" aria-describedby=\"caption-attachment-15600\" style=\"width: 300px\" class=\"wp-caption aligncenter\"><a href=\"https:\/\/www.latribunedufaso.net\/wp-content\/uploads\/2024\/09\/IMG_20240903_092950_554-scaled.jpg\"><img loading=\"lazy\" decoding=\"async\" class=\"size-medium wp-image-15600\" src=\"https:\/\/www.latribunedufaso.net\/wp-content\/uploads\/2024\/09\/IMG_20240903_092950_554-300x225.jpg\" alt=\"Participant lors de la 3e JPO sur fournisseurs locaux de la r\u00e9gion du Sahel, 3 septembre 2024\" width=\"300\" height=\"225\" srcset=\"https:\/\/www.latribunedufaso.net\/wp-content\/uploads\/2024\/09\/IMG_20240903_092950_554-300x225.jpg 300w, https:\/\/www.latribunedufaso.net\/wp-content\/uploads\/2024\/09\/IMG_20240903_092950_554-1024x768.jpg 1024w, https:\/\/www.latribunedufaso.net\/wp-content\/uploads\/2024\/09\/IMG_20240903_092950_554-768x576.jpg 768w, https:\/\/www.latribunedufaso.net\/wp-content\/uploads\/2024\/09\/IMG_20240903_092950_554-1536x1152.jpg 1536w, https:\/\/www.latribunedufaso.net\/wp-content\/uploads\/2024\/09\/IMG_20240903_092950_554-2048x1536.jpg 2048w\" sizes=\"auto, (max-width: 300px) 100vw, 300px\" \/><\/a><figcaption id=\"caption-attachment-15600\" class=\"wp-caption-text\">Les fournisseurs locaux de la r\u00e9gion du Sahel renforcent leur connaissances sur les opportunit\u00e9s et les exigences de IAMGOLD Essakane SA &#8211; Ph. I. Tapsoba<\/figcaption><\/figure>\n<p>La fourniture locale occupe une place majeure dans la strat\u00e9gie de partage de la richesse d\u00e9finie par Essakane. 1 804 milliards FCFA, c\u2019est le chiffre d\u2019affaires g\u00e9n\u00e9r\u00e9 depuis 2010 par la Chaine d\u2019approvisionnement de la mine aupr\u00e8s d\u2019entreprises install\u00e9es au Burkina Faso, selon son Directeur g\u00e9n\u00e9ral, Tidiane Barry.<\/p>\n<blockquote>\n<p>Lire aussi &gt;&gt; <a href=\"https:\/\/www.latribunedufaso.net\/?p=11874\">IAMGOLD Essakane SA : Une Journ\u00e9e Portes Ouvertes pour \u00e9changes avec les entreprises de la R\u00e9gion du Sahel<\/a><\/p>\n<\/blockquote>\n<p>Ce niveau de valorisation du contenu local est le fruit de sa strat\u00e9gie de promotion des achats locaux. Elle est d\u00e9ploy\u00e9e par la soci\u00e9t\u00e9 au Sahel et au plan national. Il s\u2019agit, entre autres, des programmes de <a href=\"https:\/\/www.latribunedufaso.net\/?p=5323\">renforcement des capacit\u00e9s des fournisseurs locaux<\/a> et le transfert d\u2019opportunit\u00e9s aux entreprises du Sahel.<\/p>\n<figure id=\"attachment_15599\" aria-describedby=\"caption-attachment-15599\" style=\"width: 300px\" class=\"wp-caption aligncenter\"><a href=\"https:\/\/www.latribunedufaso.net\/wp-content\/uploads\/2024\/09\/IMG_20240903_101314_803-scaled.jpg\"><img loading=\"lazy\" decoding=\"async\" class=\"size-medium wp-image-15599\" src=\"https:\/\/www.latribunedufaso.net\/wp-content\/uploads\/2024\/09\/IMG_20240903_101314_803-300x225.jpg\" alt=\"Le ministre d\u00e9l\u00e9gu\u00e9 en charge des Ressources animales, Amadou Dicko, lors de la 3e JPO sur les fournisseurs locaux de la r\u00e9gion du Sahel, 3 septembre 2024\" width=\"300\" height=\"225\" srcset=\"https:\/\/www.latribunedufaso.net\/wp-content\/uploads\/2024\/09\/IMG_20240903_101314_803-300x225.jpg 300w, https:\/\/www.latribunedufaso.net\/wp-content\/uploads\/2024\/09\/IMG_20240903_101314_803-1024x768.jpg 1024w, https:\/\/www.latribunedufaso.net\/wp-content\/uploads\/2024\/09\/IMG_20240903_101314_803-768x576.jpg 768w, https:\/\/www.latribunedufaso.net\/wp-content\/uploads\/2024\/09\/IMG_20240903_101314_803-1536x1152.jpg 1536w, https:\/\/www.latribunedufaso.net\/wp-content\/uploads\/2024\/09\/IMG_20240903_101314_803-2048x1536.jpg 2048w\" sizes=\"auto, (max-width: 300px) 100vw, 300px\" \/><\/a><figcaption id=\"caption-attachment-15599\" class=\"wp-caption-text\">Le ministre d\u00e9l\u00e9gu\u00e9 en charge des Ressources animales, Amadou Dicko invite les entreprises locales \u00e0 renforcer leurs connaissances et capacit\u00e9s pour r\u00e9pondre aux attentes du secteur minier &#8211; Ph. I. Tapsoba<\/figcaption><\/figure>\n<p>La c\u00e9r\u00e9monie d\u2019ouverture de l\u2019activit\u00e9 est pr\u00e9sid\u00e9e par le ministre d\u00e9l\u00e9gu\u00e9 en charge des Ressources animales, Amadou Dicko. Il a exhort\u00e9 <em><strong>\u00ab les fournisseurs burkinab\u00e8 \u00e0 renforcer leurs connaissances et capacit\u00e9s pour \u00eatre au diapason des attentes et des exigences du secteur minier \u00bb. <\/strong><\/em><\/p>\n<p>Le pr\u00e9sident de la d\u00e9l\u00e9gation consulaire de la Chambre du commerce de la r\u00e9gion du Sahel, Ibrahim Dicko se r\u00e9jouit de la tenue de l\u2019activit\u00e9. Selon lui, Essakane est l\u2019un des pr\u00e9curseurs de la fourniture locale au Burkina. En 2022 plus de 8,4 milliards FCFA ont \u00e9t\u00e9 accord\u00e9s aux entreprises de la r\u00e9gion du Sahel pour des livraisons diverses \u00e0 la mine, a-t-il affirm\u00e9.<\/p>\n<figure id=\"attachment_15597\" aria-describedby=\"caption-attachment-15597\" style=\"width: 300px\" class=\"wp-caption aligncenter\"><a href=\"https:\/\/www.latribunedufaso.net\/wp-content\/uploads\/2024\/09\/IMG_20240903_103147_815-scaled.jpg\"><img loading=\"lazy\" decoding=\"async\" class=\"size-medium wp-image-15597\" src=\"https:\/\/www.latribunedufaso.net\/wp-content\/uploads\/2024\/09\/IMG_20240903_103147_815-300x225.jpg\" alt=\"Ibrahim Dicko, pr\u00e9sident D\u00e9l\u00e9gation consulaire CCI BF, lors de la 3e JPO sur les fournisseurs locaux de la r\u00e9gion Sahel, 3 septembre 2024\" width=\"300\" height=\"225\" srcset=\"https:\/\/www.latribunedufaso.net\/wp-content\/uploads\/2024\/09\/IMG_20240903_103147_815-300x225.jpg 300w, https:\/\/www.latribunedufaso.net\/wp-content\/uploads\/2024\/09\/IMG_20240903_103147_815-1024x768.jpg 1024w, https:\/\/www.latribunedufaso.net\/wp-content\/uploads\/2024\/09\/IMG_20240903_103147_815-768x576.jpg 768w, https:\/\/www.latribunedufaso.net\/wp-content\/uploads\/2024\/09\/IMG_20240903_103147_815-1536x1152.jpg 1536w, https:\/\/www.latribunedufaso.net\/wp-content\/uploads\/2024\/09\/IMG_20240903_103147_815-2048x1536.jpg 2048w\" sizes=\"auto, (max-width: 300px) 100vw, 300px\" \/><\/a><figcaption id=\"caption-attachment-15597\" class=\"wp-caption-text\">\u00ab Essakane est l\u2019un des pr\u00e9curseurs de la fourniture locale au Burkina \u00bb, le pr\u00e9sident de la d\u00e9l\u00e9gation consulaire de la Chambre du commerce de la r\u00e9gion du Sahel, Ibrahim Dicko &#8211; Ph. I. Tapsoba<\/figcaption><\/figure>\n<p>Il a lanc\u00e9 un cri de c\u0153ur aux autorit\u00e9s pour la r\u00e9ouverture de la Route nationale n\u00b03, ferm\u00e9e \u00e0 cause de la crise s\u00e9curitaire. Le ministre Amadou Dicko a rassur\u00e9 que le gouvernement est \u00e0 pied d\u2019\u0153uvre.<\/p>\n<p><strong>Issouf TAPSOBA <\/strong><\/p>\n<p><strong>Latribunedufaso.net<\/strong><\/p>\n","protected":false},"excerpt":{"rendered":"<p>La d\u00e9l\u00e9gation consulaire de la Chambre de commerce de la r\u00e9gion du Sahel organise ce 3 septembre 2024 \u00e0 Ouagadougou, la 3e \u00e9dition de la Journ\u00e9e portes ouvertes sur les fournisseurs locaux de la r\u00e9gion Sahel. Cette initiative se tient avec la collaboration et l\u2019appui financier de IAMGOLD Essakane SA. Objectif, informer et sensibiliser les fournisseurs locaux sur les opportunit\u00e9s et exigences de collaboration avec la mine.<\/p>\n","protected":false},"author":5,"featured_media":15598,"comment_status":"open","ping_status":"open","sticky":false,"template":"","format":"standard","meta":{"footnotes":""},"categories":[13,1,19],"tags":[168,166,167,39,165],"class_list":["post-15595","post","type-post","status-publish","format-standard","has-post-thumbnail","hentry","category-une","category-actu","category-mines-et-carrieres","tag-contenu-local-dans-le-secteur-minier","tag-essakane-sa","tag-fournisseur-local-de-mine","tag-latribunedufaso-net","tag-region-du-sahel"],"yoast_head":"<!-- This site is optimized with the Yoast SEO plugin v27.4 - https:\/\/yoast.com\/product\/yoast-seo-wordpress\/ -->\n<title>Fourniture local de mine : Les acteurs de la r\u00e9gion du Sahel discutent des opportunit\u00e9s et exigences de Essakane - La Tribune du Faso<\/title>\n<meta name=\"robots\" content=\"index, follow, max-snippet:-1, max-image-preview:large, max-video-preview:-1\" \/>\n<link rel=\"canonical\" href=\"https:\/\/www.latribunedufaso.net\/?p=15595\" \/>\n<meta property=\"og:locale\" content=\"fr_FR\" \/>\n<meta property=\"og:type\" content=\"article\" \/>\n<meta property=\"og:title\" content=\"Fourniture local de mine : Les acteurs de la r\u00e9gion du Sahel discutent des opportunit\u00e9s et exigences de Essakane - La Tribune du Faso\" \/>\n<meta property=\"og:description\" content=\"La d\u00e9l\u00e9gation consulaire de la Chambre de commerce de la r\u00e9gion du Sahel organise ce 3 septembre 2024 \u00e0 Ouagadougou, la 3e \u00e9dition de la Journ\u00e9e portes ouvertes sur les fournisseurs locaux de la r\u00e9gion Sahel. Cette initiative se tient avec la collaboration et l\u2019appui financier de IAMGOLD Essakane SA. Objectif, informer et sensibiliser les fournisseurs locaux sur les opportunit\u00e9s et exigences de collaboration avec la mine.\" \/>\n<meta property=\"og:url\" content=\"https:\/\/www.latribunedufaso.net\/?p=15595\" \/>\n<meta property=\"og:site_name\" content=\"La Tribune du Faso\" \/>\n<meta property=\"article:publisher\" content=\"https:\/\/www.facebook.com\/LatribuneduFaso\/\" \/>\n<meta property=\"article:published_time\" content=\"2024-09-03T15:00:42+00:00\" \/>\n<meta property=\"og:image\" content=\"https:\/\/www.latribunedufaso.net\/wp-content\/uploads\/2024\/09\/IMG_20240903_095439_568-scaled.jpg\" \/>\n\t<meta property=\"og:image:width\" content=\"2560\" \/>\n\t<meta property=\"og:image:height\" content=\"1920\" \/>\n\t<meta property=\"og:image:type\" content=\"image\/jpeg\" \/>\n<meta name=\"author\" content=\"Issouf Tapsoba\" \/>\n<meta name=\"twitter:label1\" content=\"\u00c9crit par\" \/>\n\t<meta name=\"twitter:data1\" content=\"Issouf Tapsoba\" \/>\n\t<meta name=\"twitter:label2\" content=\"Dur\u00e9e de lecture estim\u00e9e\" \/>\n\t<meta name=\"twitter:data2\" content=\"3 minutes\" \/>\n<script type=\"application\/ld+json\" class=\"yoast-schema-graph\">{\"@context\":\"https:\\\/\\\/schema.org\",\"@graph\":[{\"@type\":\"Article\",\"@id\":\"https:\\\/\\\/www.latribunedufaso.net\\\/?p=15595#article\",\"isPartOf\":{\"@id\":\"https:\\\/\\\/www.latribunedufaso.net\\\/?p=15595\"},\"author\":{\"name\":\"Issouf Tapsoba\",\"@id\":\"https:\\\/\\\/www.latribunedufaso.net\\\/#\\\/schema\\\/person\\\/e54e64c5778a7e72cf80a318b7a622b0\"},\"headline\":\"Fourniture local de mine : Les acteurs de la r\u00e9gion du Sahel discutent des opportunit\u00e9s et exigences de Essakane\",\"datePublished\":\"2024-09-03T15:00:42+00:00\",\"mainEntityOfPage\":{\"@id\":\"https:\\\/\\\/www.latribunedufaso.net\\\/?p=15595\"},\"wordCount\":714,\"commentCount\":0,\"publisher\":{\"@id\":\"https:\\\/\\\/www.latribunedufaso.net\\\/#organization\"},\"image\":{\"@id\":\"https:\\\/\\\/www.latribunedufaso.net\\\/?p=15595#primaryimage\"},\"thumbnailUrl\":\"https:\\\/\\\/www.latribunedufaso.net\\\/wp-content\\\/uploads\\\/2024\\\/09\\\/IMG_20240903_095439_568-scaled.jpg\",\"keywords\":[\"contenu local dans le secteur minier\",\"Essakane SA\",\"fournisseur local de mine\",\"latribunedufaso.net\",\"r\u00e9gion du Sahel\"],\"articleSection\":[\"A la une\",\"Actualit\u00e9\",\"Mines et Carri\u00e8res\"],\"inLanguage\":\"fr-FR\",\"potentialAction\":[{\"@type\":\"CommentAction\",\"name\":\"Comment\",\"target\":[\"https:\\\/\\\/www.latribunedufaso.net\\\/?p=15595#respond\"]}]},{\"@type\":\"WebPage\",\"@id\":\"https:\\\/\\\/www.latribunedufaso.net\\\/?p=15595\",\"url\":\"https:\\\/\\\/www.latribunedufaso.net\\\/?p=15595\",\"name\":\"Fourniture local de mine : Les acteurs de la r\u00e9gion du Sahel discutent des opportunit\u00e9s et exigences de Essakane - La Tribune du Faso\",\"isPartOf\":{\"@id\":\"https:\\\/\\\/www.latribunedufaso.net\\\/#website\"},\"primaryImageOfPage\":{\"@id\":\"https:\\\/\\\/www.latribunedufaso.net\\\/?p=15595#primaryimage\"},\"image\":{\"@id\":\"https:\\\/\\\/www.latribunedufaso.net\\\/?p=15595#primaryimage\"},\"thumbnailUrl\":\"https:\\\/\\\/www.latribunedufaso.net\\\/wp-content\\\/uploads\\\/2024\\\/09\\\/IMG_20240903_095439_568-scaled.jpg\",\"datePublished\":\"2024-09-03T15:00:42+00:00\",\"breadcrumb\":{\"@id\":\"https:\\\/\\\/www.latribunedufaso.net\\\/?p=15595#breadcrumb\"},\"inLanguage\":\"fr-FR\",\"potentialAction\":[{\"@type\":\"ReadAction\",\"target\":[\"https:\\\/\\\/www.latribunedufaso.net\\\/?p=15595\"]}]},{\"@type\":\"ImageObject\",\"inLanguage\":\"fr-FR\",\"@id\":\"https:\\\/\\\/www.latribunedufaso.net\\\/?p=15595#primaryimage\",\"url\":\"https:\\\/\\\/www.latribunedufaso.net\\\/wp-content\\\/uploads\\\/2024\\\/09\\\/IMG_20240903_095439_568-scaled.jpg\",\"contentUrl\":\"https:\\\/\\\/www.latribunedufaso.net\\\/wp-content\\\/uploads\\\/2024\\\/09\\\/IMG_20240903_095439_568-scaled.jpg\",\"width\":2560,\"height\":1920,\"caption\":\"Le presidium de la 3e JPO sur les fournisseurs locaux de la r\u00e9gion du Sahel, 3 septembre 2024\"},{\"@type\":\"BreadcrumbList\",\"@id\":\"https:\\\/\\\/www.latribunedufaso.net\\\/?p=15595#breadcrumb\",\"itemListElement\":[{\"@type\":\"ListItem\",\"position\":1,\"name\":\"Accueil\",\"item\":\"https:\\\/\\\/www.latribunedufaso.net\\\/\"},{\"@type\":\"ListItem\",\"position\":2,\"name\":\"Fourniture local de mine : Les acteurs de la r\u00e9gion du Sahel discutent des opportunit\u00e9s et exigences de Essakane\"}]},{\"@type\":\"WebSite\",\"@id\":\"https:\\\/\\\/www.latribunedufaso.net\\\/#website\",\"url\":\"https:\\\/\\\/www.latribunedufaso.net\\\/\",\"name\":\"La Tribune du Faso\",\"description\":\"L&#039;information du monde rural en un clic\",\"publisher\":{\"@id\":\"https:\\\/\\\/www.latribunedufaso.net\\\/#organization\"},\"potentialAction\":[{\"@type\":\"SearchAction\",\"target\":{\"@type\":\"EntryPoint\",\"urlTemplate\":\"https:\\\/\\\/www.latribunedufaso.net\\\/?s={search_term_string}\"},\"query-input\":{\"@type\":\"PropertyValueSpecification\",\"valueRequired\":true,\"valueName\":\"search_term_string\"}}],\"inLanguage\":\"fr-FR\"},{\"@type\":\"Organization\",\"@id\":\"https:\\\/\\\/www.latribunedufaso.net\\\/#organization\",\"name\":\"La Tribune du Faso\",\"url\":\"https:\\\/\\\/www.latribunedufaso.net\\\/\",\"logo\":{\"@type\":\"ImageObject\",\"inLanguage\":\"fr-FR\",\"@id\":\"https:\\\/\\\/www.latribunedufaso.net\\\/#\\\/schema\\\/logo\\\/image\\\/\",\"url\":\"https:\\\/\\\/www.latribunedufaso.net\\\/wp-content\\\/uploads\\\/2020\\\/08\\\/Logo-Tribune-du-Faso-final-scaled.jpg\",\"contentUrl\":\"https:\\\/\\\/www.latribunedufaso.net\\\/wp-content\\\/uploads\\\/2020\\\/08\\\/Logo-Tribune-du-Faso-final-scaled.jpg\",\"width\":2560,\"height\":1856,\"caption\":\"La Tribune du Faso\"},\"image\":{\"@id\":\"https:\\\/\\\/www.latribunedufaso.net\\\/#\\\/schema\\\/logo\\\/image\\\/\"},\"sameAs\":[\"https:\\\/\\\/www.facebook.com\\\/LatribuneduFaso\\\/\"]},{\"@type\":\"Person\",\"@id\":\"https:\\\/\\\/www.latribunedufaso.net\\\/#\\\/schema\\\/person\\\/e54e64c5778a7e72cf80a318b7a622b0\",\"name\":\"Issouf Tapsoba\",\"image\":{\"@type\":\"ImageObject\",\"inLanguage\":\"fr-FR\",\"@id\":\"https:\\\/\\\/secure.gravatar.com\\\/avatar\\\/5e6c05150ce3230247d167f5b94d678eb05936197436d69b7921e3a95c9107ac?s=96&d=mm&r=g\",\"url\":\"https:\\\/\\\/secure.gravatar.com\\\/avatar\\\/5e6c05150ce3230247d167f5b94d678eb05936197436d69b7921e3a95c9107ac?s=96&d=mm&r=g\",\"contentUrl\":\"https:\\\/\\\/secure.gravatar.com\\\/avatar\\\/5e6c05150ce3230247d167f5b94d678eb05936197436d69b7921e3a95c9107ac?s=96&d=mm&r=g\",\"caption\":\"Issouf Tapsoba\"},\"url\":\"https:\\\/\\\/www.latribunedufaso.net\\\/?author=5\"}]}<\/script>\n<!-- \/ Yoast SEO plugin. -->","yoast_head_json":{"title":"Fourniture local de mine : Les acteurs de la r\u00e9gion du Sahel discutent des opportunit\u00e9s et exigences de Essakane - La Tribune du Faso","robots":{"index":"index","follow":"follow","max-snippet":"max-snippet:-1","max-image-preview":"max-image-preview:large","max-video-preview":"max-video-preview:-1"},"canonical":"https:\/\/www.latribunedufaso.net\/?p=15595","og_locale":"fr_FR","og_type":"article","og_title":"Fourniture local de mine : Les acteurs de la r\u00e9gion du Sahel discutent des opportunit\u00e9s et exigences de Essakane - La Tribune du Faso","og_description":"La d\u00e9l\u00e9gation consulaire de la Chambre de commerce de la r\u00e9gion du Sahel organise ce 3 septembre 2024 \u00e0 Ouagadougou, la 3e \u00e9dition de la Journ\u00e9e portes ouvertes sur les fournisseurs locaux de la r\u00e9gion Sahel. Cette initiative se tient avec la collaboration et l\u2019appui financier de IAMGOLD Essakane SA. Objectif, informer et sensibiliser les fournisseurs locaux sur les opportunit\u00e9s et exigences de collaboration avec la mine.","og_url":"https:\/\/www.latribunedufaso.net\/?p=15595","og_site_name":"La Tribune du Faso","article_publisher":"https:\/\/www.facebook.com\/LatribuneduFaso\/","article_published_time":"2024-09-03T15:00:42+00:00","og_image":[{"width":2560,"height":1920,"url":"https:\/\/www.latribunedufaso.net\/wp-content\/uploads\/2024\/09\/IMG_20240903_095439_568-scaled.jpg","type":"image\/jpeg"}],"author":"Issouf Tapsoba","twitter_misc":{"\u00c9crit par":"Issouf Tapsoba","Dur\u00e9e de lecture estim\u00e9e":"3 minutes"},"schema":{"@context":"https:\/\/schema.org","@graph":[{"@type":"Article","@id":"https:\/\/www.latribunedufaso.net\/?p=15595#article","isPartOf":{"@id":"https:\/\/www.latribunedufaso.net\/?p=15595"},"author":{"name":"Issouf Tapsoba","@id":"https:\/\/www.latribunedufaso.net\/#\/schema\/person\/e54e64c5778a7e72cf80a318b7a622b0"},"headline":"Fourniture local de mine : Les acteurs de la r\u00e9gion du Sahel discutent des opportunit\u00e9s et exigences de Essakane","datePublished":"2024-09-03T15:00:42+00:00","mainEntityOfPage":{"@id":"https:\/\/www.latribunedufaso.net\/?p=15595"},"wordCount":714,"commentCount":0,"publisher":{"@id":"https:\/\/www.latribunedufaso.net\/#organization"},"image":{"@id":"https:\/\/www.latribunedufaso.net\/?p=15595#primaryimage"},"thumbnailUrl":"https:\/\/www.latribunedufaso.net\/wp-content\/uploads\/2024\/09\/IMG_20240903_095439_568-scaled.jpg","keywords":["contenu local dans le secteur minier","Essakane SA","fournisseur local de mine","latribunedufaso.net","r\u00e9gion du Sahel"],"articleSection":["A la une","Actualit\u00e9","Mines et Carri\u00e8res"],"inLanguage":"fr-FR","potentialAction":[{"@type":"CommentAction","name":"Comment","target":["https:\/\/www.latribunedufaso.net\/?p=15595#respond"]}]},{"@type":"WebPage","@id":"https:\/\/www.latribunedufaso.net\/?p=15595","url":"https:\/\/www.latribunedufaso.net\/?p=15595","name":"Fourniture local de mine : Les acteurs de la r\u00e9gion du Sahel discutent des opportunit\u00e9s et exigences de Essakane - La Tribune du Faso","isPartOf":{"@id":"https:\/\/www.latribunedufaso.net\/#website"},"primaryImageOfPage":{"@id":"https:\/\/www.latribunedufaso.net\/?p=15595#primaryimage"},"image":{"@id":"https:\/\/www.latribunedufaso.net\/?p=15595#primaryimage"},"thumbnailUrl":"https:\/\/www.latribunedufaso.net\/wp-content\/uploads\/2024\/09\/IMG_20240903_095439_568-scaled.jpg","datePublished":"2024-09-03T15:00:42+00:00","breadcrumb":{"@id":"https:\/\/www.latribunedufaso.net\/?p=15595#breadcrumb"},"inLanguage":"fr-FR","potentialAction":[{"@type":"ReadAction","target":["https:\/\/www.latribunedufaso.net\/?p=15595"]}]},{"@type":"ImageObject","inLanguage":"fr-FR","@id":"https:\/\/www.latribunedufaso.net\/?p=15595#primaryimage","url":"https:\/\/www.latribunedufaso.net\/wp-content\/uploads\/2024\/09\/IMG_20240903_095439_568-scaled.jpg","contentUrl":"https:\/\/www.latribunedufaso.net\/wp-content\/uploads\/2024\/09\/IMG_20240903_095439_568-scaled.jpg","width":2560,"height":1920,"caption":"Le presidium de la 3e JPO sur les fournisseurs locaux de la r\u00e9gion du Sahel, 3 septembre 2024"},{"@type":"BreadcrumbList","@id":"https:\/\/www.latribunedufaso.net\/?p=15595#breadcrumb","itemListElement":[{"@type":"ListItem","position":1,"name":"Accueil","item":"https:\/\/www.latribunedufaso.net\/"},{"@type":"ListItem","position":2,"name":"Fourniture local de mine : Les acteurs de la r\u00e9gion du Sahel discutent des opportunit\u00e9s et exigences de Essakane"}]},{"@type":"WebSite","@id":"https:\/\/www.latribunedufaso.net\/#website","url":"https:\/\/www.latribunedufaso.net\/","name":"La Tribune du Faso","description":"L&#039;information du monde rural en un clic","publisher":{"@id":"https:\/\/www.latribunedufaso.net\/#organization"},"potentialAction":[{"@type":"SearchAction","target":{"@type":"EntryPoint","urlTemplate":"https:\/\/www.latribunedufaso.net\/?s={search_term_string}"},"query-input":{"@type":"PropertyValueSpecification","valueRequired":true,"valueName":"search_term_string"}}],"inLanguage":"fr-FR"},{"@type":"Organization","@id":"https:\/\/www.latribunedufaso.net\/#organization","name":"La Tribune du Faso","url":"https:\/\/www.latribunedufaso.net\/","logo":{"@type":"ImageObject","inLanguage":"fr-FR","@id":"https:\/\/www.latribunedufaso.net\/#\/schema\/logo\/image\/","url":"https:\/\/www.latribunedufaso.net\/wp-content\/uploads\/2020\/08\/Logo-Tribune-du-Faso-final-scaled.jpg","contentUrl":"https:\/\/www.latribunedufaso.net\/wp-content\/uploads\/2020\/08\/Logo-Tribune-du-Faso-final-scaled.jpg","width":2560,"height":1856,"caption":"La Tribune du Faso"},"image":{"@id":"https:\/\/www.latribunedufaso.net\/#\/schema\/logo\/image\/"},"sameAs":["https:\/\/www.facebook.com\/LatribuneduFaso\/"]},{"@type":"Person","@id":"https:\/\/www.latribunedufaso.net\/#\/schema\/person\/e54e64c5778a7e72cf80a318b7a622b0","name":"Issouf Tapsoba","image":{"@type":"ImageObject","inLanguage":"fr-FR","@id":"https:\/\/secure.gravatar.com\/avatar\/5e6c05150ce3230247d167f5b94d678eb05936197436d69b7921e3a95c9107ac?s=96&d=mm&r=g","url":"https:\/\/secure.gravatar.com\/avatar\/5e6c05150ce3230247d167f5b94d678eb05936197436d69b7921e3a95c9107ac?s=96&d=mm&r=g","contentUrl":"https:\/\/secure.gravatar.com\/avatar\/5e6c05150ce3230247d167f5b94d678eb05936197436d69b7921e3a95c9107ac?s=96&d=mm&r=g","caption":"Issouf Tapsoba"},"url":"https:\/\/www.latribunedufaso.net\/?author=5"}]}},"_links":{"self":[{"href":"https:\/\/www.latribunedufaso.net\/index.php?rest_route=\/wp\/v2\/posts\/15595","targetHints":{"allow":["GET"]}}],"collection":[{"href":"https:\/\/www.latribunedufaso.net\/index.php?rest_route=\/wp\/v2\/posts"}],"about":[{"href":"https:\/\/www.latribunedufaso.net\/index.php?rest_route=\/wp\/v2\/types\/post"}],"author":[{"embeddable":true,"href":"https:\/\/www.latribunedufaso.net\/index.php?rest_route=\/wp\/v2\/users\/5"}],"replies":[{"embeddable":true,"href":"https:\/\/www.latribunedufaso.net\/index.php?rest_route=%2Fwp%2Fv2%2Fcomments&post=15595"}],"version-history":[{"count":1,"href":"https:\/\/www.latribunedufaso.net\/index.php?rest_route=\/wp\/v2\/posts\/15595\/revisions"}],"predecessor-version":[{"id":15601,"href":"https:\/\/www.latribunedufaso.net\/index.php?rest_route=\/wp\/v2\/posts\/15595\/revisions\/15601"}],"wp:featuredmedia":[{"embeddable":true,"href":"https:\/\/www.latribunedufaso.net\/index.php?rest_route=\/wp\/v2\/media\/15598"}],"wp:attachment":[{"href":"https:\/\/www.latribunedufaso.net\/index.php?rest_route=%2Fwp%2Fv2%2Fmedia&parent=15595"}],"wp:term":[{"taxonomy":"category","embeddable":true,"href":"https:\/\/www.latribunedufaso.net\/index.php?rest_route=%2Fwp%2Fv2%2Fcategories&post=15595"},{"taxonomy":"post_tag","embeddable":true,"href":"https:\/\/www.latribunedufaso.net\/index.php?rest_route=%2Fwp%2Fv2%2Ftags&post=15595"}],"curies":[{"name":"wp","href":"https:\/\/api.w.org\/{rel}","templated":true}]}}