{"id":15571,"date":"2024-09-02T18:18:08","date_gmt":"2024-09-02T18:18:08","guid":{"rendered":"https:\/\/www.latribunedufaso.net\/?p=15571"},"modified":"2024-09-02T18:18:08","modified_gmt":"2024-09-02T18:18:08","slug":"attaque-de-barsalgho-les-chefs-de-laes-temoignent-leur-solidarite-envers-le-burkina-faso","status":"publish","type":"post","link":"https:\/\/www.latribunedufaso.net\/?p=15571","title":{"rendered":"Attaque de Barsalgho : Les chefs de l\u2019AES t\u00e9moignent leur solidarit\u00e9 envers le Burkina Faso\u00a0"},"content":{"rendered":"<p><strong style=\"font-size: 1.0625rem;\">Le Pr\u00e9sident du Faso, le Capitaine Ibrahim TRAORE, a accueilli ce 2 septembre 2024 \u00e0 Ouagadougou, une d\u00e9l\u00e9gation envoy\u00e9e par le Pr\u00e9sident du Niger, G\u00e9n\u00e9ral Abdourahamane TIANI, et son homologue malien, Colonel Assimi GO\u00cfTA, Pr\u00e9sident en exercice de la Conf\u00e9d\u00e9ration \u00ab Alliance des Etats du Sahel \u00bb.\u00a0<\/strong><\/p>\n<p><!--more--><\/p>\n<p>La d\u00e9l\u00e9gation \u00e9tait conduite par le ministre d\u2019\u00c9tat, Ministre de l\u2019Administration territoriale et de la D\u00e9centralisation du Mali, Colonel Abdoulaye MA\u00cfGA, et le ministre de l\u2019Int\u00e9rieur du Niger, G\u00e9n\u00e9ral Mohamed TOUMBA. Elle a exprim\u00e9 la compassion et la solidarit\u00e9 des pr\u00e9sidents de l\u2019AES et de leurs peuples envers le Pr\u00e9sident du Faso et le Burkina Faso, suite \u00e0 l\u2019attaque terroriste du 24 ao\u00fbt 2024 \u00e0 Barsalgho.<\/p>\n<figure id=\"attachment_15575\" aria-describedby=\"caption-attachment-15575\" style=\"width: 300px\" class=\"wp-caption aligncenter\"><a href=\"https:\/\/www.latribunedufaso.net\/wp-content\/uploads\/2024\/09\/IMG-20240902-WA0099.jpg\"><img loading=\"lazy\" decoding=\"async\" class=\"size-medium wp-image-15575\" src=\"https:\/\/www.latribunedufaso.net\/wp-content\/uploads\/2024\/09\/IMG-20240902-WA0099-300x200.jpg\" alt=\"Colonel Abdoulaye MA\u00cfGA lors de la visite des \u00e9missaires de l'AES pour t\u00e9moigner leur solidarit\u00e9 suites \u00e0 l'attaque terroriste de Barsalogho, 2 septembre 2024\" width=\"300\" height=\"200\" srcset=\"https:\/\/www.latribunedufaso.net\/wp-content\/uploads\/2024\/09\/IMG-20240902-WA0099-300x200.jpg 300w, https:\/\/www.latribunedufaso.net\/wp-content\/uploads\/2024\/09\/IMG-20240902-WA0099-1024x683.jpg 1024w, https:\/\/www.latribunedufaso.net\/wp-content\/uploads\/2024\/09\/IMG-20240902-WA0099-768x512.jpg 768w, https:\/\/www.latribunedufaso.net\/wp-content\/uploads\/2024\/09\/IMG-20240902-WA0099-1536x1024.jpg 1536w, https:\/\/www.latribunedufaso.net\/wp-content\/uploads\/2024\/09\/IMG-20240902-WA0099-840x560.jpg 840w, https:\/\/www.latribunedufaso.net\/wp-content\/uploads\/2024\/09\/IMG-20240902-WA0099-120x80.jpg 120w, https:\/\/www.latribunedufaso.net\/wp-content\/uploads\/2024\/09\/IMG-20240902-WA0099-360x240.jpg 360w, https:\/\/www.latribunedufaso.net\/wp-content\/uploads\/2024\/09\/IMG-20240902-WA0099-600x400.jpg 600w, https:\/\/www.latribunedufaso.net\/wp-content\/uploads\/2024\/09\/IMG-20240902-WA0099.jpg 1600w\" sizes=\"auto, (max-width: 300px) 100vw, 300px\" \/><\/a><figcaption id=\"caption-attachment-15575\" class=\"wp-caption-text\">Le ministre d\u2019\u00c9tat en charge de l\u2019Administration territoriale du Mali, porte-parole de la d\u00e9l\u00e9gation, le Colonel Abdoulaye MA\u00cfGA &#8211; Ph. PREFASO<\/figcaption><\/figure>\n<p><em><strong>\u00ab Nous avons appris avec une grande tristesse et affliction les \u00e9v\u00e9nements malheureux, l\u2019attaque terroriste l\u00e2che ayant vis\u00e9 des populations paisibles de Barsalgho. Il n\u2019y a pas que le Burkina qui est \u00e9plor\u00e9, c\u2019est toute la Conf\u00e9d\u00e9ration Alliance des \u00c9tats du Sahel qui est endeuill\u00e9e \u00bb<\/strong><\/em>, a d\u00e9clar\u00e9 le ministre d\u2019\u00c9tat en charge de l\u2019Administration territoriale du Mali, porte-parole de la d\u00e9l\u00e9gation, le Colonel Abdoulaye MA\u00cfGA.<\/p>\n<blockquote>\n<p>Lire aussi &gt;&gt; <a href=\"https:\/\/www.latribunedufaso.net\/?p=15520\">Attaque terroriste de Barsalogho : Les OPM expriment leur compassion\u00a0<\/a><\/p>\n<\/blockquote>\n<p>Le ministre MA\u00cfGA a \u00e9galement rappel\u00e9 la d\u00e9termination des trois Chefs d\u2019\u00c9tat de l\u2019AES \u00e0 lutter pour l\u2019\u00e9radication du terrorisme dans l\u2019espace. <em><strong>\u00ab Tout ce qui est fait comme effort va dans ce sens. L\u2019\u00e9radication totale du terrorisme dans l\u2019espace AES est un objectif qui sera atteint gr\u00e2ce au leadership de nos Chefs d\u2019\u00c9tat \u00bb<\/strong><\/em>, a-t-il indiqu\u00e9.<\/p>\n<p>La pression militaire engrange des r\u00e9sultats sur le terrain, selon le ministre Ma\u00efga. Ainsi, il a rappel\u00e9 que les groupes terroristes \u00e9vitent de plus en plus les cibles militaires pour s\u2019attaquer \u00e0 des populations paisibles. L\u2019objectif qui est sans doute <em><strong>\u00ab atteindre le moral des populations ne sera jamais atteint \u00bb<\/strong><\/em>, a-t-il laiss\u00e9 entendre.<\/p>\n<figure id=\"attachment_15573\" aria-describedby=\"caption-attachment-15573\" style=\"width: 300px\" class=\"wp-caption aligncenter\"><a href=\"https:\/\/www.latribunedufaso.net\/wp-content\/uploads\/2024\/09\/IMG-20240902-WA0101-1.jpg\"><img loading=\"lazy\" decoding=\"async\" class=\"size-medium wp-image-15573\" src=\"https:\/\/www.latribunedufaso.net\/wp-content\/uploads\/2024\/09\/IMG-20240902-WA0101-1-300x227.jpg\" alt=\"Le pr\u00e9sident du Faso lors de la visite des \u00e9missaires de l'AES pour t\u00e9moigner leur solidarit\u00e9 suites \u00e0 l'attaque terroriste de Barsalogho, 2 septembre 2024\" width=\"300\" height=\"227\" srcset=\"https:\/\/www.latribunedufaso.net\/wp-content\/uploads\/2024\/09\/IMG-20240902-WA0101-1-300x227.jpg 300w, https:\/\/www.latribunedufaso.net\/wp-content\/uploads\/2024\/09\/IMG-20240902-WA0101-1-1024x774.jpg 1024w, https:\/\/www.latribunedufaso.net\/wp-content\/uploads\/2024\/09\/IMG-20240902-WA0101-1-768x581.jpg 768w, https:\/\/www.latribunedufaso.net\/wp-content\/uploads\/2024\/09\/IMG-20240902-WA0101-1-1536x1162.jpg 1536w, https:\/\/www.latribunedufaso.net\/wp-content\/uploads\/2024\/09\/IMG-20240902-WA0101-1.jpg 1600w\" sizes=\"auto, (max-width: 300px) 100vw, 300px\" \/><\/a><figcaption id=\"caption-attachment-15573\" class=\"wp-caption-text\">Le Pr\u00e9sident du Faso, le capitaine Ibrahim Traor\u00e9 &#8211; Ph. PREFASO<\/figcaption><\/figure>\n<p>A l\u2019\u00e9couter, les attaques contre les populations civiles ne pourront pas entamer le moral et la d\u00e9termination des Chefs d\u2019\u00c9tats \u00e0 atteindre tous les objectifs qu\u2019ils se sont assign\u00e9s en mettant en place la Conf\u00e9d\u00e9ration <em><strong>\u00ab Alliance des \u00c9tats du Sahel \u00bb.<\/strong><\/em><\/p>\n<p><strong>Latribunedufaso.net\u00a0<\/strong><\/p>\n<p><strong>Source : Direction de la Communication de la Pr\u00e9sid<span style=\"font-size: 1.0625rem;\">ence du Faso<\/span><\/strong><\/p>\n","protected":false},"excerpt":{"rendered":"<p>Le Pr\u00e9sident du Faso, le Capitaine Ibrahim TRAORE, a accueilli ce 2 septembre 2024 \u00e0 Ouagadougou, une d\u00e9l\u00e9gation envoy\u00e9e par le Pr\u00e9sident du Niger, G\u00e9n\u00e9ral Abdourahamane TIANI, et son homologue malien, Colonel Assimi GO\u00cfTA, Pr\u00e9sident en exercice de la Conf\u00e9d\u00e9ration \u00ab Alliance des Etats du Sahel \u00bb.\u00a0<\/p>\n","protected":false},"author":5,"featured_media":15574,"comment_status":"open","ping_status":"open","sticky":false,"template":"","format":"standard","meta":{"footnotes":""},"categories":[13,1,8],"tags":[160,147,39],"class_list":["post-15571","post","type-post","status-publish","format-standard","has-post-thumbnail","hentry","category-une","category-actu","category-societe","tag-aes","tag-attaque-terroriste-de-barsalogho","tag-latribunedufaso-net"],"yoast_head":"<!-- This site is optimized with the Yoast SEO plugin v27.4 - https:\/\/yoast.com\/product\/yoast-seo-wordpress\/ -->\n<title>Attaque de Barsalgho : Les chefs de l\u2019AES t\u00e9moignent leur solidarit\u00e9 envers le Burkina Faso\u00a0 - La Tribune du Faso<\/title>\n<meta name=\"robots\" content=\"index, follow, max-snippet:-1, max-image-preview:large, max-video-preview:-1\" \/>\n<link rel=\"canonical\" href=\"https:\/\/www.latribunedufaso.net\/?p=15571\" \/>\n<meta property=\"og:locale\" content=\"fr_FR\" \/>\n<meta property=\"og:type\" content=\"article\" \/>\n<meta property=\"og:title\" content=\"Attaque de Barsalgho : Les chefs de l\u2019AES t\u00e9moignent leur solidarit\u00e9 envers le Burkina Faso\u00a0 - La Tribune du Faso\" \/>\n<meta property=\"og:description\" content=\"Le Pr\u00e9sident du Faso, le Capitaine Ibrahim TRAORE, a accueilli ce 2 septembre 2024 \u00e0 Ouagadougou, une d\u00e9l\u00e9gation envoy\u00e9e par le Pr\u00e9sident du Niger, G\u00e9n\u00e9ral Abdourahamane TIANI, et son homologue malien, Colonel Assimi GO\u00cfTA, Pr\u00e9sident en exercice de la Conf\u00e9d\u00e9ration \u00ab Alliance des Etats du Sahel \u00bb.\u00a0\" \/>\n<meta property=\"og:url\" content=\"https:\/\/www.latribunedufaso.net\/?p=15571\" \/>\n<meta property=\"og:site_name\" content=\"La Tribune du Faso\" \/>\n<meta property=\"article:publisher\" content=\"https:\/\/www.facebook.com\/LatribuneduFaso\/\" \/>\n<meta property=\"article:published_time\" content=\"2024-09-02T18:18:08+00:00\" \/>\n<meta property=\"og:image\" content=\"https:\/\/www.latribunedufaso.net\/wp-content\/uploads\/2024\/09\/IMG-20240902-WA0100.jpg\" \/>\n\t<meta property=\"og:image:width\" content=\"1600\" \/>\n\t<meta property=\"og:image:height\" content=\"1067\" \/>\n\t<meta property=\"og:image:type\" content=\"image\/jpeg\" \/>\n<meta name=\"author\" content=\"Issouf Tapsoba\" \/>\n<meta name=\"twitter:label1\" content=\"\u00c9crit par\" \/>\n\t<meta name=\"twitter:data1\" content=\"Issouf Tapsoba\" \/>\n\t<meta name=\"twitter:label2\" content=\"Dur\u00e9e de lecture estim\u00e9e\" \/>\n\t<meta name=\"twitter:data2\" content=\"2 minutes\" \/>\n<script type=\"application\/ld+json\" class=\"yoast-schema-graph\">{\"@context\":\"https:\\\/\\\/schema.org\",\"@graph\":[{\"@type\":\"Article\",\"@id\":\"https:\\\/\\\/www.latribunedufaso.net\\\/?p=15571#article\",\"isPartOf\":{\"@id\":\"https:\\\/\\\/www.latribunedufaso.net\\\/?p=15571\"},\"author\":{\"name\":\"Issouf Tapsoba\",\"@id\":\"https:\\\/\\\/www.latribunedufaso.net\\\/#\\\/schema\\\/person\\\/e54e64c5778a7e72cf80a318b7a622b0\"},\"headline\":\"Attaque de Barsalgho : Les chefs de l\u2019AES t\u00e9moignent leur solidarit\u00e9 envers le Burkina Faso\u00a0\",\"datePublished\":\"2024-09-02T18:18:08+00:00\",\"mainEntityOfPage\":{\"@id\":\"https:\\\/\\\/www.latribunedufaso.net\\\/?p=15571\"},\"wordCount\":467,\"commentCount\":0,\"publisher\":{\"@id\":\"https:\\\/\\\/www.latribunedufaso.net\\\/#organization\"},\"image\":{\"@id\":\"https:\\\/\\\/www.latribunedufaso.net\\\/?p=15571#primaryimage\"},\"thumbnailUrl\":\"https:\\\/\\\/www.latribunedufaso.net\\\/wp-content\\\/uploads\\\/2024\\\/09\\\/IMG-20240902-WA0100.jpg\",\"keywords\":[\"AES\",\"attaque terroriste de Barsalogho\",\"latribunedufaso.net\"],\"articleSection\":[\"A la une\",\"Actualit\u00e9\",\"Soci\u00e9t\u00e9\"],\"inLanguage\":\"fr-FR\",\"potentialAction\":[{\"@type\":\"CommentAction\",\"name\":\"Comment\",\"target\":[\"https:\\\/\\\/www.latribunedufaso.net\\\/?p=15571#respond\"]}]},{\"@type\":\"WebPage\",\"@id\":\"https:\\\/\\\/www.latribunedufaso.net\\\/?p=15571\",\"url\":\"https:\\\/\\\/www.latribunedufaso.net\\\/?p=15571\",\"name\":\"Attaque de Barsalgho : Les chefs de l\u2019AES t\u00e9moignent leur solidarit\u00e9 envers le Burkina Faso\u00a0 - La Tribune du Faso\",\"isPartOf\":{\"@id\":\"https:\\\/\\\/www.latribunedufaso.net\\\/#website\"},\"primaryImageOfPage\":{\"@id\":\"https:\\\/\\\/www.latribunedufaso.net\\\/?p=15571#primaryimage\"},\"image\":{\"@id\":\"https:\\\/\\\/www.latribunedufaso.net\\\/?p=15571#primaryimage\"},\"thumbnailUrl\":\"https:\\\/\\\/www.latribunedufaso.net\\\/wp-content\\\/uploads\\\/2024\\\/09\\\/IMG-20240902-WA0100.jpg\",\"datePublished\":\"2024-09-02T18:18:08+00:00\",\"breadcrumb\":{\"@id\":\"https:\\\/\\\/www.latribunedufaso.net\\\/?p=15571#breadcrumb\"},\"inLanguage\":\"fr-FR\",\"potentialAction\":[{\"@type\":\"ReadAction\",\"target\":[\"https:\\\/\\\/www.latribunedufaso.net\\\/?p=15571\"]}]},{\"@type\":\"ImageObject\",\"inLanguage\":\"fr-FR\",\"@id\":\"https:\\\/\\\/www.latribunedufaso.net\\\/?p=15571#primaryimage\",\"url\":\"https:\\\/\\\/www.latribunedufaso.net\\\/wp-content\\\/uploads\\\/2024\\\/09\\\/IMG-20240902-WA0100.jpg\",\"contentUrl\":\"https:\\\/\\\/www.latribunedufaso.net\\\/wp-content\\\/uploads\\\/2024\\\/09\\\/IMG-20240902-WA0100.jpg\",\"width\":1600,\"height\":1067,\"caption\":\"Les \u00e9missaires de l'AES t\u00e9moignent leur solidarit\u00e9 suite \u00e0 l'attaque terroriste de Barsalogho - Ph. PREFASO\"},{\"@type\":\"BreadcrumbList\",\"@id\":\"https:\\\/\\\/www.latribunedufaso.net\\\/?p=15571#breadcrumb\",\"itemListElement\":[{\"@type\":\"ListItem\",\"position\":1,\"name\":\"Accueil\",\"item\":\"https:\\\/\\\/www.latribunedufaso.net\\\/\"},{\"@type\":\"ListItem\",\"position\":2,\"name\":\"Attaque de Barsalgho : Les chefs de l\u2019AES t\u00e9moignent leur solidarit\u00e9 envers le Burkina Faso\u00a0\"}]},{\"@type\":\"WebSite\",\"@id\":\"https:\\\/\\\/www.latribunedufaso.net\\\/#website\",\"url\":\"https:\\\/\\\/www.latribunedufaso.net\\\/\",\"name\":\"La Tribune du Faso\",\"description\":\"L&#039;information du monde rural en un clic\",\"publisher\":{\"@id\":\"https:\\\/\\\/www.latribunedufaso.net\\\/#organization\"},\"potentialAction\":[{\"@type\":\"SearchAction\",\"target\":{\"@type\":\"EntryPoint\",\"urlTemplate\":\"https:\\\/\\\/www.latribunedufaso.net\\\/?s={search_term_string}\"},\"query-input\":{\"@type\":\"PropertyValueSpecification\",\"valueRequired\":true,\"valueName\":\"search_term_string\"}}],\"inLanguage\":\"fr-FR\"},{\"@type\":\"Organization\",\"@id\":\"https:\\\/\\\/www.latribunedufaso.net\\\/#organization\",\"name\":\"La Tribune du Faso\",\"url\":\"https:\\\/\\\/www.latribunedufaso.net\\\/\",\"logo\":{\"@type\":\"ImageObject\",\"inLanguage\":\"fr-FR\",\"@id\":\"https:\\\/\\\/www.latribunedufaso.net\\\/#\\\/schema\\\/logo\\\/image\\\/\",\"url\":\"https:\\\/\\\/www.latribunedufaso.net\\\/wp-content\\\/uploads\\\/2020\\\/08\\\/Logo-Tribune-du-Faso-final-scaled.jpg\",\"contentUrl\":\"https:\\\/\\\/www.latribunedufaso.net\\\/wp-content\\\/uploads\\\/2020\\\/08\\\/Logo-Tribune-du-Faso-final-scaled.jpg\",\"width\":2560,\"height\":1856,\"caption\":\"La Tribune du Faso\"},\"image\":{\"@id\":\"https:\\\/\\\/www.latribunedufaso.net\\\/#\\\/schema\\\/logo\\\/image\\\/\"},\"sameAs\":[\"https:\\\/\\\/www.facebook.com\\\/LatribuneduFaso\\\/\"]},{\"@type\":\"Person\",\"@id\":\"https:\\\/\\\/www.latribunedufaso.net\\\/#\\\/schema\\\/person\\\/e54e64c5778a7e72cf80a318b7a622b0\",\"name\":\"Issouf Tapsoba\",\"image\":{\"@type\":\"ImageObject\",\"inLanguage\":\"fr-FR\",\"@id\":\"https:\\\/\\\/secure.gravatar.com\\\/avatar\\\/5e6c05150ce3230247d167f5b94d678eb05936197436d69b7921e3a95c9107ac?s=96&d=mm&r=g\",\"url\":\"https:\\\/\\\/secure.gravatar.com\\\/avatar\\\/5e6c05150ce3230247d167f5b94d678eb05936197436d69b7921e3a95c9107ac?s=96&d=mm&r=g\",\"contentUrl\":\"https:\\\/\\\/secure.gravatar.com\\\/avatar\\\/5e6c05150ce3230247d167f5b94d678eb05936197436d69b7921e3a95c9107ac?s=96&d=mm&r=g\",\"caption\":\"Issouf Tapsoba\"},\"url\":\"https:\\\/\\\/www.latribunedufaso.net\\\/?author=5\"}]}<\/script>\n<!-- \/ Yoast SEO plugin. -->","yoast_head_json":{"title":"Attaque de Barsalgho : Les chefs de l\u2019AES t\u00e9moignent leur solidarit\u00e9 envers le Burkina Faso\u00a0 - La Tribune du Faso","robots":{"index":"index","follow":"follow","max-snippet":"max-snippet:-1","max-image-preview":"max-image-preview:large","max-video-preview":"max-video-preview:-1"},"canonical":"https:\/\/www.latribunedufaso.net\/?p=15571","og_locale":"fr_FR","og_type":"article","og_title":"Attaque de Barsalgho : Les chefs de l\u2019AES t\u00e9moignent leur solidarit\u00e9 envers le Burkina Faso\u00a0 - La Tribune du Faso","og_description":"Le Pr\u00e9sident du Faso, le Capitaine Ibrahim TRAORE, a accueilli ce 2 septembre 2024 \u00e0 Ouagadougou, une d\u00e9l\u00e9gation envoy\u00e9e par le Pr\u00e9sident du Niger, G\u00e9n\u00e9ral Abdourahamane TIANI, et son homologue malien, Colonel Assimi GO\u00cfTA, Pr\u00e9sident en exercice de la Conf\u00e9d\u00e9ration \u00ab Alliance des Etats du Sahel \u00bb.\u00a0","og_url":"https:\/\/www.latribunedufaso.net\/?p=15571","og_site_name":"La Tribune du Faso","article_publisher":"https:\/\/www.facebook.com\/LatribuneduFaso\/","article_published_time":"2024-09-02T18:18:08+00:00","og_image":[{"width":1600,"height":1067,"url":"https:\/\/www.latribunedufaso.net\/wp-content\/uploads\/2024\/09\/IMG-20240902-WA0100.jpg","type":"image\/jpeg"}],"author":"Issouf Tapsoba","twitter_misc":{"\u00c9crit par":"Issouf Tapsoba","Dur\u00e9e de lecture estim\u00e9e":"2 minutes"},"schema":{"@context":"https:\/\/schema.org","@graph":[{"@type":"Article","@id":"https:\/\/www.latribunedufaso.net\/?p=15571#article","isPartOf":{"@id":"https:\/\/www.latribunedufaso.net\/?p=15571"},"author":{"name":"Issouf Tapsoba","@id":"https:\/\/www.latribunedufaso.net\/#\/schema\/person\/e54e64c5778a7e72cf80a318b7a622b0"},"headline":"Attaque de Barsalgho : Les chefs de l\u2019AES t\u00e9moignent leur solidarit\u00e9 envers le Burkina Faso\u00a0","datePublished":"2024-09-02T18:18:08+00:00","mainEntityOfPage":{"@id":"https:\/\/www.latribunedufaso.net\/?p=15571"},"wordCount":467,"commentCount":0,"publisher":{"@id":"https:\/\/www.latribunedufaso.net\/#organization"},"image":{"@id":"https:\/\/www.latribunedufaso.net\/?p=15571#primaryimage"},"thumbnailUrl":"https:\/\/www.latribunedufaso.net\/wp-content\/uploads\/2024\/09\/IMG-20240902-WA0100.jpg","keywords":["AES","attaque terroriste de Barsalogho","latribunedufaso.net"],"articleSection":["A la une","Actualit\u00e9","Soci\u00e9t\u00e9"],"inLanguage":"fr-FR","potentialAction":[{"@type":"CommentAction","name":"Comment","target":["https:\/\/www.latribunedufaso.net\/?p=15571#respond"]}]},{"@type":"WebPage","@id":"https:\/\/www.latribunedufaso.net\/?p=15571","url":"https:\/\/www.latribunedufaso.net\/?p=15571","name":"Attaque de Barsalgho : Les chefs de l\u2019AES t\u00e9moignent leur solidarit\u00e9 envers le Burkina Faso\u00a0 - La Tribune du Faso","isPartOf":{"@id":"https:\/\/www.latribunedufaso.net\/#website"},"primaryImageOfPage":{"@id":"https:\/\/www.latribunedufaso.net\/?p=15571#primaryimage"},"image":{"@id":"https:\/\/www.latribunedufaso.net\/?p=15571#primaryimage"},"thumbnailUrl":"https:\/\/www.latribunedufaso.net\/wp-content\/uploads\/2024\/09\/IMG-20240902-WA0100.jpg","datePublished":"2024-09-02T18:18:08+00:00","breadcrumb":{"@id":"https:\/\/www.latribunedufaso.net\/?p=15571#breadcrumb"},"inLanguage":"fr-FR","potentialAction":[{"@type":"ReadAction","target":["https:\/\/www.latribunedufaso.net\/?p=15571"]}]},{"@type":"ImageObject","inLanguage":"fr-FR","@id":"https:\/\/www.latribunedufaso.net\/?p=15571#primaryimage","url":"https:\/\/www.latribunedufaso.net\/wp-content\/uploads\/2024\/09\/IMG-20240902-WA0100.jpg","contentUrl":"https:\/\/www.latribunedufaso.net\/wp-content\/uploads\/2024\/09\/IMG-20240902-WA0100.jpg","width":1600,"height":1067,"caption":"Les \u00e9missaires de l'AES t\u00e9moignent leur solidarit\u00e9 suite \u00e0 l'attaque terroriste de Barsalogho - Ph. PREFASO"},{"@type":"BreadcrumbList","@id":"https:\/\/www.latribunedufaso.net\/?p=15571#breadcrumb","itemListElement":[{"@type":"ListItem","position":1,"name":"Accueil","item":"https:\/\/www.latribunedufaso.net\/"},{"@type":"ListItem","position":2,"name":"Attaque de Barsalgho : Les chefs de l\u2019AES t\u00e9moignent leur solidarit\u00e9 envers le Burkina Faso\u00a0"}]},{"@type":"WebSite","@id":"https:\/\/www.latribunedufaso.net\/#website","url":"https:\/\/www.latribunedufaso.net\/","name":"La Tribune du Faso","description":"L&#039;information du monde rural en un clic","publisher":{"@id":"https:\/\/www.latribunedufaso.net\/#organization"},"potentialAction":[{"@type":"SearchAction","target":{"@type":"EntryPoint","urlTemplate":"https:\/\/www.latribunedufaso.net\/?s={search_term_string}"},"query-input":{"@type":"PropertyValueSpecification","valueRequired":true,"valueName":"search_term_string"}}],"inLanguage":"fr-FR"},{"@type":"Organization","@id":"https:\/\/www.latribunedufaso.net\/#organization","name":"La Tribune du Faso","url":"https:\/\/www.latribunedufaso.net\/","logo":{"@type":"ImageObject","inLanguage":"fr-FR","@id":"https:\/\/www.latribunedufaso.net\/#\/schema\/logo\/image\/","url":"https:\/\/www.latribunedufaso.net\/wp-content\/uploads\/2020\/08\/Logo-Tribune-du-Faso-final-scaled.jpg","contentUrl":"https:\/\/www.latribunedufaso.net\/wp-content\/uploads\/2020\/08\/Logo-Tribune-du-Faso-final-scaled.jpg","width":2560,"height":1856,"caption":"La Tribune du Faso"},"image":{"@id":"https:\/\/www.latribunedufaso.net\/#\/schema\/logo\/image\/"},"sameAs":["https:\/\/www.facebook.com\/LatribuneduFaso\/"]},{"@type":"Person","@id":"https:\/\/www.latribunedufaso.net\/#\/schema\/person\/e54e64c5778a7e72cf80a318b7a622b0","name":"Issouf Tapsoba","image":{"@type":"ImageObject","inLanguage":"fr-FR","@id":"https:\/\/secure.gravatar.com\/avatar\/5e6c05150ce3230247d167f5b94d678eb05936197436d69b7921e3a95c9107ac?s=96&d=mm&r=g","url":"https:\/\/secure.gravatar.com\/avatar\/5e6c05150ce3230247d167f5b94d678eb05936197436d69b7921e3a95c9107ac?s=96&d=mm&r=g","contentUrl":"https:\/\/secure.gravatar.com\/avatar\/5e6c05150ce3230247d167f5b94d678eb05936197436d69b7921e3a95c9107ac?s=96&d=mm&r=g","caption":"Issouf Tapsoba"},"url":"https:\/\/www.latribunedufaso.net\/?author=5"}]}},"_links":{"self":[{"href":"https:\/\/www.latribunedufaso.net\/index.php?rest_route=\/wp\/v2\/posts\/15571","targetHints":{"allow":["GET"]}}],"collection":[{"href":"https:\/\/www.latribunedufaso.net\/index.php?rest_route=\/wp\/v2\/posts"}],"about":[{"href":"https:\/\/www.latribunedufaso.net\/index.php?rest_route=\/wp\/v2\/types\/post"}],"author":[{"embeddable":true,"href":"https:\/\/www.latribunedufaso.net\/index.php?rest_route=\/wp\/v2\/users\/5"}],"replies":[{"embeddable":true,"href":"https:\/\/www.latribunedufaso.net\/index.php?rest_route=%2Fwp%2Fv2%2Fcomments&post=15571"}],"version-history":[{"count":1,"href":"https:\/\/www.latribunedufaso.net\/index.php?rest_route=\/wp\/v2\/posts\/15571\/revisions"}],"predecessor-version":[{"id":15576,"href":"https:\/\/www.latribunedufaso.net\/index.php?rest_route=\/wp\/v2\/posts\/15571\/revisions\/15576"}],"wp:featuredmedia":[{"embeddable":true,"href":"https:\/\/www.latribunedufaso.net\/index.php?rest_route=\/wp\/v2\/media\/15574"}],"wp:attachment":[{"href":"https:\/\/www.latribunedufaso.net\/index.php?rest_route=%2Fwp%2Fv2%2Fmedia&parent=15571"}],"wp:term":[{"taxonomy":"category","embeddable":true,"href":"https:\/\/www.latribunedufaso.net\/index.php?rest_route=%2Fwp%2Fv2%2Fcategories&post=15571"},{"taxonomy":"post_tag","embeddable":true,"href":"https:\/\/www.latribunedufaso.net\/index.php?rest_route=%2Fwp%2Fv2%2Ftags&post=15571"}],"curies":[{"name":"wp","href":"https:\/\/api.w.org\/{rel}","templated":true}]}}